{"id":214515,"date":"2024-04-15T08:06:40","date_gmt":"2024-04-15T12:06:40","guid":{"rendered":"https:\/\/www.eldiario.net\/portal\/?p=214515"},"modified":"2024-04-15T08:06:40","modified_gmt":"2024-04-15T12:06:40","slug":"byd-anuncia-nueva-generacion-de-baterias-de-litio","status":"publish","type":"post","link":"https:\/\/www.eldiario.net\/portal\/2024\/04\/15\/byd-anuncia-nueva-generacion-de-baterias-de-litio\/","title":{"rendered":"BYD anuncia nueva generaci\u00f3n de bater\u00edas de litio"},"content":{"rendered":"<p>El gigante asi\u00e1tico\u00a0BYD est\u00e1 preparando el lanzamiento\u00a0de la segunda generaci\u00f3n de sus renombradas\u00a0bater\u00edas de litio ferrofosfato (LFP), previsto entre \u00a0junio y septiembre de 2024. Estas bater\u00edas, conocidas por su rendimiento y costos reducidos, han sido clave en el \u00e9xito de la compa\u00f1\u00eda en el mercado de la movilidad el\u00e9ctrica.<\/p>\n<p>La\u00a0tecnolog\u00eda de bater\u00edas LFP de BYD\u00a0ha sido un factor determinante en su ascenso al segundo puesto a escala global, superado solamente por CATL. De este modo,\u00a0utilizando litio ferrofosfato, la empresa asi\u00e1tica ha logrado ofrecer soluciones m\u00e1s econ\u00f3micas. De tal modo que ha contribuido a su \u00e9xito en la industria automotriz el\u00e9ctrica.<\/p>\n<p>Recordemos \u00a0que en 2020, la filial de bater\u00edas de BYD, FinDreams, present\u00f3 las\u00a0bater\u00edas tipo Blade, que se han convertido en una opci\u00f3n popular\u00a0para fabricantes de veh\u00edculos como Tesla, Ford, KIA, Hyundai y Toyota. As\u00ed las bater\u00edas de BYD se han convertido en su principal fuente de \u00e9xito, lo que le ha servido para desarrollar\u00a0diferentes gamas de carros el\u00e9ctricos\u00a0que han sido bien recibidos en el mercado.<\/p>\n<p><strong>Nueva generaci\u00f3n de bater\u00edas de BYD<\/strong><\/p>\n<p>A esto se suma que la\u00a0nueva generaci\u00f3n de bater\u00edas LFP de BYD\u00a0promete mejoras significativas en autonom\u00eda y costos. Actualmente, las tipo Blade ofrecen una\u00a0densidad energ\u00e9tica de hasta 150 Wh\/Kg.\u00a0Se espera que la segunda generaci\u00f3n aumente esta cifra a 190 Wh\/Kg, lo que tambi\u00e9n se traducir\u00eda en una mayor eficiencia y autonom\u00eda.<\/p>\n<p>Seg\u00fan informaci\u00f3n que se ha filtrado proveniente de China, se estima que estas bater\u00edas podr\u00edan proporcionar\u00a0autonom\u00edas de m\u00e1s de 1.000 kil\u00f3metros en ciclo CLTC.\u00a0Adem\u00e1s, alrededor de 850 kil\u00f3metros en el proceso de homologaci\u00f3n WLTP utilizado en Europa.<\/p>\n<p>Esto quiere decir que, a parte de mejorar la autonom\u00eda,\u00a0BYD tambi\u00e9n est\u00e1 trabajando en reducir los costos de producci\u00f3n de sus bater\u00edas. La nueva generaci\u00f3n de bater\u00edas tipo Blade podr\u00eda ofrecer una soluci\u00f3n a este problema, aunque a\u00fan se desconocen muchos detalles al respecto.<\/p>\n<p>Las bater\u00edas LFP de BYD son conocidas por ser m\u00e1s resistentes que las bater\u00edas de litio convencionales, lo que reduce el riesgo de deterioro, perforaci\u00f3n o incendio. Esta caracter\u00edstica les permite soportar un trato m\u00e1s exigente y proporcionar una mayor seguridad.<\/p>\n<p>Dado que no se han revelado todos los detalles sobre la nueva generaci\u00f3n de bater\u00edas de la compa\u00f1\u00eda china, su presentaci\u00f3n promete\u00a0revolucionar el mercado de la movilidad el\u00e9ctrica\u00a0con mejoras significativas en autonom\u00eda y costos.<\/p>\n<p>&nbsp;<\/p>\n","protected":false},"excerpt":{"rendered":"<p>El gigante asi\u00e1tico\u00a0BYD est\u00e1 preparando el lanzamiento\u00a0de la segunda generaci\u00f3n de sus renombradas\u00a0bater\u00edas de litio ferrofosfato (LFP), previsto entre \u00a0junio y septiembre de 2024. Estas bater\u00edas, conocidas por su rendimiento y costos reducidos, han sido clave en el \u00e9xito de la compa\u00f1\u00eda en el mercado de la movilidad el\u00e9ctrica. La\u00a0tecnolog\u00eda de bater\u00edas LFP de BYD\u00a0ha [&hellip;]<\/p>\n","protected":false},"author":1,"featured_media":214516,"comment_status":"open","ping_status":"open","sticky":false,"template":"","format":"standard","meta":{"_acf_changed":false,"footnotes":""},"categories":[46],"tags":[],"class_list":["post-214515","post","type-post","status-publish","format-standard","has-post-thumbnail","category-ciencia-computacion"],"acf":{"antetitulo":""},"yoast_head":"<!-- This site is optimized with the Yoast SEO plugin v28.4 - https:\/\/yoast.com\/product\/yoast-seo-wordpress\/ -->\n<title>BYD anuncia nueva generaci\u00f3n de bater\u00edas de litio - El Diario - Bolivia<\/title>\n<meta name=\"robots\" content=\"index, follow, max-snippet:-1, max-image-preview:large, max-video-preview:-1\" \/>\n<link rel=\"canonical\" href=\"https:\/\/www.eldiario.net\/portal\/2024\/04\/15\/byd-anuncia-nueva-generacion-de-baterias-de-litio\/\" \/>\n<meta property=\"og:locale\" content=\"es_ES\" \/>\n<meta property=\"og:type\" content=\"article\" \/>\n<meta property=\"og:title\" content=\"BYD anuncia nueva generaci\u00f3n de bater\u00edas de litio - El Diario - Bolivia\" \/>\n<meta property=\"og:description\" content=\"El gigante asi\u00e1tico\u00a0BYD est\u00e1 preparando el lanzamiento\u00a0de la segunda generaci\u00f3n de sus renombradas\u00a0bater\u00edas de litio ferrofosfato (LFP), previsto entre \u00a0junio y septiembre de 2024. Estas bater\u00edas, conocidas por su rendimiento y costos reducidos, han sido clave en el \u00e9xito de la compa\u00f1\u00eda en el mercado de la movilidad el\u00e9ctrica. La\u00a0tecnolog\u00eda de bater\u00edas LFP de BYD\u00a0ha [&hellip;]\" \/>\n<meta property=\"og:url\" content=\"https:\/\/www.eldiario.net\/portal\/2024\/04\/15\/byd-anuncia-nueva-generacion-de-baterias-de-litio\/\" \/>\n<meta property=\"og:site_name\" content=\"El Diario - Bolivia\" \/>\n<meta property=\"article:publisher\" content=\"https:\/\/www.facebook.com\/eldiario.bolivia\/\" \/>\n<meta property=\"article:published_time\" content=\"2024-04-15T12:06:40+00:00\" \/>\n<meta property=\"og:image\" content=\"https:\/\/www.eldiario.net\/portal\/wp-content\/uploads\/2024\/04\/2-C-2-scaled.jpg\" \/>\n\t<meta property=\"og:image:width\" content=\"2560\" \/>\n\t<meta property=\"og:image:height\" content=\"1412\" \/>\n\t<meta property=\"og:image:type\" content=\"image\/jpeg\" \/>\n<meta name=\"author\" content=\"Jeanette\" \/>\n<meta name=\"twitter:card\" content=\"summary_large_image\" \/>\n<meta name=\"twitter:creator\" content=\"@eldiario_net\" \/>\n<meta name=\"twitter:site\" content=\"@eldiario_net\" \/>\n<meta name=\"twitter:label1\" content=\"Escrito por\" \/>\n\t<meta name=\"twitter:data1\" content=\"Jeanette\" \/>\n\t<meta name=\"twitter:label2\" content=\"Tiempo de lectura\" \/>\n\t<meta name=\"twitter:data2\" content=\"3 minutos\" \/>\n<script type=\"application\/ld+json\" class=\"yoast-schema-graph\">{\"@context\":\"https:\\\/\\\/schema.org\",\"@graph\":[{\"@type\":\"Article\",\"@id\":\"https:\\\/\\\/www.eldiario.net\\\/portal\\\/2024\\\/04\\\/15\\\/byd-anuncia-nueva-generacion-de-baterias-de-litio\\\/#article\",\"isPartOf\":{\"@id\":\"https:\\\/\\\/www.eldiario.net\\\/portal\\\/2024\\\/04\\\/15\\\/byd-anuncia-nueva-generacion-de-baterias-de-litio\\\/\"},\"author\":{\"name\":\"Jeanette\",\"@id\":\"https:\\\/\\\/www.eldiario.net\\\/portal\\\/#\\\/schema\\\/person\\\/2c57cf2b7a7ae032e449e4c9b1019eac\"},\"headline\":\"BYD anuncia nueva generaci\u00f3n de bater\u00edas de litio\",\"datePublished\":\"2024-04-15T12:06:40+00:00\",\"mainEntityOfPage\":{\"@id\":\"https:\\\/\\\/www.eldiario.net\\\/portal\\\/2024\\\/04\\\/15\\\/byd-anuncia-nueva-generacion-de-baterias-de-litio\\\/\"},\"wordCount\":463,\"commentCount\":0,\"publisher\":{\"@id\":\"https:\\\/\\\/www.eldiario.net\\\/portal\\\/#organization\"},\"image\":{\"@id\":\"https:\\\/\\\/www.eldiario.net\\\/portal\\\/2024\\\/04\\\/15\\\/byd-anuncia-nueva-generacion-de-baterias-de-litio\\\/#primaryimage\"},\"thumbnailUrl\":\"https:\\\/\\\/www.eldiario.net\\\/portal\\\/wp-content\\\/uploads\\\/2024\\\/04\\\/2-C-2-scaled.jpg\",\"articleSection\":[\"Ciencia y Computaci\u00f3n\"],\"inLanguage\":\"es\",\"potentialAction\":[{\"@type\":\"CommentAction\",\"name\":\"Comment\",\"target\":[\"https:\\\/\\\/www.eldiario.net\\\/portal\\\/2024\\\/04\\\/15\\\/byd-anuncia-nueva-generacion-de-baterias-de-litio\\\/#respond\"]}]},{\"@type\":\"WebPage\",\"@id\":\"https:\\\/\\\/www.eldiario.net\\\/portal\\\/2024\\\/04\\\/15\\\/byd-anuncia-nueva-generacion-de-baterias-de-litio\\\/\",\"url\":\"https:\\\/\\\/www.eldiario.net\\\/portal\\\/2024\\\/04\\\/15\\\/byd-anuncia-nueva-generacion-de-baterias-de-litio\\\/\",\"name\":\"BYD anuncia nueva generaci\u00f3n de bater\u00edas de litio - El Diario - Bolivia\",\"isPartOf\":{\"@id\":\"https:\\\/\\\/www.eldiario.net\\\/portal\\\/#website\"},\"primaryImageOfPage\":{\"@id\":\"https:\\\/\\\/www.eldiario.net\\\/portal\\\/2024\\\/04\\\/15\\\/byd-anuncia-nueva-generacion-de-baterias-de-litio\\\/#primaryimage\"},\"image\":{\"@id\":\"https:\\\/\\\/www.eldiario.net\\\/portal\\\/2024\\\/04\\\/15\\\/byd-anuncia-nueva-generacion-de-baterias-de-litio\\\/#primaryimage\"},\"thumbnailUrl\":\"https:\\\/\\\/www.eldiario.net\\\/portal\\\/wp-content\\\/uploads\\\/2024\\\/04\\\/2-C-2-scaled.jpg\",\"datePublished\":\"2024-04-15T12:06:40+00:00\",\"breadcrumb\":{\"@id\":\"https:\\\/\\\/www.eldiario.net\\\/portal\\\/2024\\\/04\\\/15\\\/byd-anuncia-nueva-generacion-de-baterias-de-litio\\\/#breadcrumb\"},\"inLanguage\":\"es\",\"potentialAction\":[{\"@type\":\"ReadAction\",\"target\":[\"https:\\\/\\\/www.eldiario.net\\\/portal\\\/2024\\\/04\\\/15\\\/byd-anuncia-nueva-generacion-de-baterias-de-litio\\\/\"]}]},{\"@type\":\"ImageObject\",\"inLanguage\":\"es\",\"@id\":\"https:\\\/\\\/www.eldiario.net\\\/portal\\\/2024\\\/04\\\/15\\\/byd-anuncia-nueva-generacion-de-baterias-de-litio\\\/#primaryimage\",\"url\":\"https:\\\/\\\/www.eldiario.net\\\/portal\\\/wp-content\\\/uploads\\\/2024\\\/04\\\/2-C-2-scaled.jpg\",\"contentUrl\":\"https:\\\/\\\/www.eldiario.net\\\/portal\\\/wp-content\\\/uploads\\\/2024\\\/04\\\/2-C-2-scaled.jpg\",\"width\":2560,\"height\":1412},{\"@type\":\"BreadcrumbList\",\"@id\":\"https:\\\/\\\/www.eldiario.net\\\/portal\\\/2024\\\/04\\\/15\\\/byd-anuncia-nueva-generacion-de-baterias-de-litio\\\/#breadcrumb\",\"itemListElement\":[{\"@type\":\"ListItem\",\"position\":1,\"name\":\"Portada\",\"item\":\"https:\\\/\\\/www.eldiario.net\\\/portal\\\/\"},{\"@type\":\"ListItem\",\"position\":2,\"name\":\"BYD anuncia nueva generaci\u00f3n de bater\u00edas de litio\"}]},{\"@type\":\"WebSite\",\"@id\":\"https:\\\/\\\/www.eldiario.net\\\/portal\\\/#website\",\"url\":\"https:\\\/\\\/www.eldiario.net\\\/portal\\\/\",\"name\":\"El Diario - Decano de la prensa nacional\",\"description\":\"El Diario - Decano de la prensa nacional\",\"publisher\":{\"@id\":\"https:\\\/\\\/www.eldiario.net\\\/portal\\\/#organization\"},\"potentialAction\":[{\"@type\":\"SearchAction\",\"target\":{\"@type\":\"EntryPoint\",\"urlTemplate\":\"https:\\\/\\\/www.eldiario.net\\\/portal\\\/?s={search_term_string}\"},\"query-input\":{\"@type\":\"PropertyValueSpecification\",\"valueRequired\":true,\"valueName\":\"search_term_string\"}}],\"inLanguage\":\"es\"},{\"@type\":\"Organization\",\"@id\":\"https:\\\/\\\/www.eldiario.net\\\/portal\\\/#organization\",\"name\":\"El Diario - Decano de la prensa nacional\",\"url\":\"https:\\\/\\\/www.eldiario.net\\\/portal\\\/\",\"logo\":{\"@type\":\"ImageObject\",\"inLanguage\":\"es\",\"@id\":\"https:\\\/\\\/www.eldiario.net\\\/portal\\\/#\\\/schema\\\/logo\\\/image\\\/\",\"url\":\"https:\\\/\\\/www.eldiario.net\\\/portal\\\/wp-content\\\/uploads\\\/2023\\\/07\\\/logo_ED.jpg\",\"contentUrl\":\"https:\\\/\\\/www.eldiario.net\\\/portal\\\/wp-content\\\/uploads\\\/2023\\\/07\\\/logo_ED.jpg\",\"width\":272,\"height\":52,\"caption\":\"El Diario - Decano de la prensa nacional\"},\"image\":{\"@id\":\"https:\\\/\\\/www.eldiario.net\\\/portal\\\/#\\\/schema\\\/logo\\\/image\\\/\"},\"sameAs\":[\"https:\\\/\\\/www.facebook.com\\\/eldiario.bolivia\\\/\",\"https:\\\/\\\/x.com\\\/eldiario_net\"]},{\"@type\":\"Person\",\"@id\":\"https:\\\/\\\/www.eldiario.net\\\/portal\\\/#\\\/schema\\\/person\\\/2c57cf2b7a7ae032e449e4c9b1019eac\",\"name\":\"Jeanette\",\"image\":{\"@type\":\"ImageObject\",\"inLanguage\":\"es\",\"@id\":\"https:\\\/\\\/secure.gravatar.com\\\/avatar\\\/3ea2118a5f7dad2b7138b1187a6b7ee55f160b9968b66013c3a3ef39dd7e5798?s=96&d=mm&r=g\",\"url\":\"https:\\\/\\\/secure.gravatar.com\\\/avatar\\\/3ea2118a5f7dad2b7138b1187a6b7ee55f160b9968b66013c3a3ef39dd7e5798?s=96&d=mm&r=g\",\"contentUrl\":\"https:\\\/\\\/secure.gravatar.com\\\/avatar\\\/3ea2118a5f7dad2b7138b1187a6b7ee55f160b9968b66013c3a3ef39dd7e5798?s=96&d=mm&r=g\",\"caption\":\"Jeanette\"},\"sameAs\":[\"https:\\\/\\\/www.eldiario.net\\\/portal\"],\"url\":\"https:\\\/\\\/www.eldiario.net\\\/portal\\\/author\\\/jeanette\\\/\"}]}<\/script>\n<!-- \/ Yoast SEO plugin. -->","yoast_head_json":{"title":"BYD anuncia nueva generaci\u00f3n de bater\u00edas de litio - El Diario - Bolivia","robots":{"index":"index","follow":"follow","max-snippet":"max-snippet:-1","max-image-preview":"max-image-preview:large","max-video-preview":"max-video-preview:-1"},"canonical":"https:\/\/www.eldiario.net\/portal\/2024\/04\/15\/byd-anuncia-nueva-generacion-de-baterias-de-litio\/","og_locale":"es_ES","og_type":"article","og_title":"BYD anuncia nueva generaci\u00f3n de bater\u00edas de litio - El Diario - Bolivia","og_description":"El gigante asi\u00e1tico\u00a0BYD est\u00e1 preparando el lanzamiento\u00a0de la segunda generaci\u00f3n de sus renombradas\u00a0bater\u00edas de litio ferrofosfato (LFP), previsto entre \u00a0junio y septiembre de 2024. Estas bater\u00edas, conocidas por su rendimiento y costos reducidos, han sido clave en el \u00e9xito de la compa\u00f1\u00eda en el mercado de la movilidad el\u00e9ctrica. La\u00a0tecnolog\u00eda de bater\u00edas LFP de BYD\u00a0ha [&hellip;]","og_url":"https:\/\/www.eldiario.net\/portal\/2024\/04\/15\/byd-anuncia-nueva-generacion-de-baterias-de-litio\/","og_site_name":"El Diario - Bolivia","article_publisher":"https:\/\/www.facebook.com\/eldiario.bolivia\/","article_published_time":"2024-04-15T12:06:40+00:00","og_image":[{"width":2560,"height":1412,"url":"https:\/\/www.eldiario.net\/portal\/wp-content\/uploads\/2024\/04\/2-C-2-scaled.jpg","type":"image\/jpeg"}],"author":"Jeanette","twitter_card":"summary_large_image","twitter_creator":"@eldiario_net","twitter_site":"@eldiario_net","twitter_misc":{"Escrito por":"Jeanette","Tiempo de lectura":"3 minutos"},"schema":{"@context":"https:\/\/schema.org","@graph":[{"@type":"Article","@id":"https:\/\/www.eldiario.net\/portal\/2024\/04\/15\/byd-anuncia-nueva-generacion-de-baterias-de-litio\/#article","isPartOf":{"@id":"https:\/\/www.eldiario.net\/portal\/2024\/04\/15\/byd-anuncia-nueva-generacion-de-baterias-de-litio\/"},"author":{"name":"Jeanette","@id":"https:\/\/www.eldiario.net\/portal\/#\/schema\/person\/2c57cf2b7a7ae032e449e4c9b1019eac"},"headline":"BYD anuncia nueva generaci\u00f3n de bater\u00edas de litio","datePublished":"2024-04-15T12:06:40+00:00","mainEntityOfPage":{"@id":"https:\/\/www.eldiario.net\/portal\/2024\/04\/15\/byd-anuncia-nueva-generacion-de-baterias-de-litio\/"},"wordCount":463,"commentCount":0,"publisher":{"@id":"https:\/\/www.eldiario.net\/portal\/#organization"},"image":{"@id":"https:\/\/www.eldiario.net\/portal\/2024\/04\/15\/byd-anuncia-nueva-generacion-de-baterias-de-litio\/#primaryimage"},"thumbnailUrl":"https:\/\/www.eldiario.net\/portal\/wp-content\/uploads\/2024\/04\/2-C-2-scaled.jpg","articleSection":["Ciencia y Computaci\u00f3n"],"inLanguage":"es","potentialAction":[{"@type":"CommentAction","name":"Comment","target":["https:\/\/www.eldiario.net\/portal\/2024\/04\/15\/byd-anuncia-nueva-generacion-de-baterias-de-litio\/#respond"]}]},{"@type":"WebPage","@id":"https:\/\/www.eldiario.net\/portal\/2024\/04\/15\/byd-anuncia-nueva-generacion-de-baterias-de-litio\/","url":"https:\/\/www.eldiario.net\/portal\/2024\/04\/15\/byd-anuncia-nueva-generacion-de-baterias-de-litio\/","name":"BYD anuncia nueva generaci\u00f3n de bater\u00edas de litio - El Diario - Bolivia","isPartOf":{"@id":"https:\/\/www.eldiario.net\/portal\/#website"},"primaryImageOfPage":{"@id":"https:\/\/www.eldiario.net\/portal\/2024\/04\/15\/byd-anuncia-nueva-generacion-de-baterias-de-litio\/#primaryimage"},"image":{"@id":"https:\/\/www.eldiario.net\/portal\/2024\/04\/15\/byd-anuncia-nueva-generacion-de-baterias-de-litio\/#primaryimage"},"thumbnailUrl":"https:\/\/www.eldiario.net\/portal\/wp-content\/uploads\/2024\/04\/2-C-2-scaled.jpg","datePublished":"2024-04-15T12:06:40+00:00","breadcrumb":{"@id":"https:\/\/www.eldiario.net\/portal\/2024\/04\/15\/byd-anuncia-nueva-generacion-de-baterias-de-litio\/#breadcrumb"},"inLanguage":"es","potentialAction":[{"@type":"ReadAction","target":["https:\/\/www.eldiario.net\/portal\/2024\/04\/15\/byd-anuncia-nueva-generacion-de-baterias-de-litio\/"]}]},{"@type":"ImageObject","inLanguage":"es","@id":"https:\/\/www.eldiario.net\/portal\/2024\/04\/15\/byd-anuncia-nueva-generacion-de-baterias-de-litio\/#primaryimage","url":"https:\/\/www.eldiario.net\/portal\/wp-content\/uploads\/2024\/04\/2-C-2-scaled.jpg","contentUrl":"https:\/\/www.eldiario.net\/portal\/wp-content\/uploads\/2024\/04\/2-C-2-scaled.jpg","width":2560,"height":1412},{"@type":"BreadcrumbList","@id":"https:\/\/www.eldiario.net\/portal\/2024\/04\/15\/byd-anuncia-nueva-generacion-de-baterias-de-litio\/#breadcrumb","itemListElement":[{"@type":"ListItem","position":1,"name":"Portada","item":"https:\/\/www.eldiario.net\/portal\/"},{"@type":"ListItem","position":2,"name":"BYD anuncia nueva generaci\u00f3n de bater\u00edas de litio"}]},{"@type":"WebSite","@id":"https:\/\/www.eldiario.net\/portal\/#website","url":"https:\/\/www.eldiario.net\/portal\/","name":"El Diario - Decano de la prensa nacional","description":"El Diario - Decano de la prensa nacional","publisher":{"@id":"https:\/\/www.eldiario.net\/portal\/#organization"},"potentialAction":[{"@type":"SearchAction","target":{"@type":"EntryPoint","urlTemplate":"https:\/\/www.eldiario.net\/portal\/?s={search_term_string}"},"query-input":{"@type":"PropertyValueSpecification","valueRequired":true,"valueName":"search_term_string"}}],"inLanguage":"es"},{"@type":"Organization","@id":"https:\/\/www.eldiario.net\/portal\/#organization","name":"El Diario - Decano de la prensa nacional","url":"https:\/\/www.eldiario.net\/portal\/","logo":{"@type":"ImageObject","inLanguage":"es","@id":"https:\/\/www.eldiario.net\/portal\/#\/schema\/logo\/image\/","url":"https:\/\/www.eldiario.net\/portal\/wp-content\/uploads\/2023\/07\/logo_ED.jpg","contentUrl":"https:\/\/www.eldiario.net\/portal\/wp-content\/uploads\/2023\/07\/logo_ED.jpg","width":272,"height":52,"caption":"El Diario - Decano de la prensa nacional"},"image":{"@id":"https:\/\/www.eldiario.net\/portal\/#\/schema\/logo\/image\/"},"sameAs":["https:\/\/www.facebook.com\/eldiario.bolivia\/","https:\/\/x.com\/eldiario_net"]},{"@type":"Person","@id":"https:\/\/www.eldiario.net\/portal\/#\/schema\/person\/2c57cf2b7a7ae032e449e4c9b1019eac","name":"Jeanette","image":{"@type":"ImageObject","inLanguage":"es","@id":"https:\/\/secure.gravatar.com\/avatar\/3ea2118a5f7dad2b7138b1187a6b7ee55f160b9968b66013c3a3ef39dd7e5798?s=96&d=mm&r=g","url":"https:\/\/secure.gravatar.com\/avatar\/3ea2118a5f7dad2b7138b1187a6b7ee55f160b9968b66013c3a3ef39dd7e5798?s=96&d=mm&r=g","contentUrl":"https:\/\/secure.gravatar.com\/avatar\/3ea2118a5f7dad2b7138b1187a6b7ee55f160b9968b66013c3a3ef39dd7e5798?s=96&d=mm&r=g","caption":"Jeanette"},"sameAs":["https:\/\/www.eldiario.net\/portal"],"url":"https:\/\/www.eldiario.net\/portal\/author\/jeanette\/"}]}},"_links":{"self":[{"href":"https:\/\/www.eldiario.net\/portal\/wp-json\/wp\/v2\/posts\/214515","targetHints":{"allow":["GET"]}}],"collection":[{"href":"https:\/\/www.eldiario.net\/portal\/wp-json\/wp\/v2\/posts"}],"about":[{"href":"https:\/\/www.eldiario.net\/portal\/wp-json\/wp\/v2\/types\/post"}],"author":[{"embeddable":true,"href":"https:\/\/www.eldiario.net\/portal\/wp-json\/wp\/v2\/users\/1"}],"replies":[{"embeddable":true,"href":"https:\/\/www.eldiario.net\/portal\/wp-json\/wp\/v2\/comments?post=214515"}],"version-history":[{"count":1,"href":"https:\/\/www.eldiario.net\/portal\/wp-json\/wp\/v2\/posts\/214515\/revisions"}],"predecessor-version":[{"id":214517,"href":"https:\/\/www.eldiario.net\/portal\/wp-json\/wp\/v2\/posts\/214515\/revisions\/214517"}],"wp:featuredmedia":[{"embeddable":true,"href":"https:\/\/www.eldiario.net\/portal\/wp-json\/wp\/v2\/media\/214516"}],"wp:attachment":[{"href":"https:\/\/www.eldiario.net\/portal\/wp-json\/wp\/v2\/media?parent=214515"}],"wp:term":[{"taxonomy":"category","embeddable":true,"href":"https:\/\/www.eldiario.net\/portal\/wp-json\/wp\/v2\/categories?post=214515"},{"taxonomy":"post_tag","embeddable":true,"href":"https:\/\/www.eldiario.net\/portal\/wp-json\/wp\/v2\/tags?post=214515"}],"curies":[{"name":"wp","href":"https:\/\/api.w.org\/{rel}","templated":true}]}}