{"id":214512,"date":"2024-04-15T08:06:02","date_gmt":"2024-04-15T12:06:02","guid":{"rendered":"https:\/\/www.eldiario.net\/portal\/?p=214512"},"modified":"2024-04-15T08:06:02","modified_gmt":"2024-04-15T12:06:02","slug":"como-puedo-recuperar-mi-contrasena-de-outlook","status":"publish","type":"post","link":"https:\/\/www.eldiario.net\/portal\/2024\/04\/15\/como-puedo-recuperar-mi-contrasena-de-outlook\/","title":{"rendered":"\u00bfC\u00f3mo puedo recuperar mi contrase\u00f1a de Outlook?"},"content":{"rendered":"<p>\u00bfOlvidaste la contrase\u00f1a de Outlook? No te preocupes te explicaremos qu\u00e9 hacer para recuperar el acceso a tu correo.<\/p>\n<p>Olvidar la contrase\u00f1a de una cuenta de correo electr\u00f3nico como Outlook puede ser una situaci\u00f3n frustrante, estresante y m\u00e1s com\u00fan de lo que parece. Outlook, anteriormente conocido como Hotmail, es una plataforma de correo electr\u00f3nico popular y ampliamente utilizada por millones de usuarios en todo el mundo. Es una herramienta importante para la comunicaci\u00f3n personal y profesional.<\/p>\n<p>Outlook cuenta con una variedad de caracter\u00edsticas y beneficios que lo convierten en una opci\u00f3n popular para el correo electr\u00f3nico. Adem\u00e1s de la capacidad de enviar y recibir correos electr\u00f3nicos, Outlook tambi\u00e9n ofrece una agenda digital, una funci\u00f3n de calendario, una libreta de direcciones y la capacidad de almacenar y compartir archivos. Es\u00a0una herramienta integral para la gesti\u00f3n de la comunicaci\u00f3n\u00a0y la organizaci\u00f3n personal y profesional.<\/p>\n<p>El primer paso para recuperar tu contrase\u00f1a de Outlook es visitar la p\u00e1gina de\u00a0inicio de sesi\u00f3n de Outlook\u00a0y hacer clic en el enlace\u00a0\u00ab\u00bfHa olvidado su contrase\u00f1a?\u00bb. Esto te llevar\u00e1 a la p\u00e1gina de recuperaci\u00f3n de contrase\u00f1a, donde podr\u00e1s comenzar el proceso de recuperaci\u00f3n.<\/p>\n<p>Outlook te pedir\u00e1 que verifiques tu identidad\u00a0envi\u00e1ndote un mensaje de texto al n\u00famero que tienes registrado en la cuenta. Te mandar\u00e1 un c\u00f3digo con el cual puedes crear una nueva contrase\u00f1a y recuperar tu cuenta. En caso de que no tengas acceso al mismo, tendr\u00e1s que proporcionar informaci\u00f3n adicional, como el nombre de usuario o alguna direcci\u00f3n de correo electr\u00f3nico diferente a la que est\u00e1s tratando de ingresar.<\/p>\n<p>Una vez que hayas verificado tu identidad, Outlook te permitir\u00e1 restablecer tu contrase\u00f1a. Es importante\u00a0crear una contrase\u00f1a segura y f\u00e1cil de recordar para evitar problemas futuros. Se recomienda utilizar una combinaci\u00f3n de letras, n\u00fameros y s\u00edmbolos, y evitar utilizar informaci\u00f3n personal o f\u00e1cil de adivinar.<\/p>\n<p>Si llegas a tener problemas para recuperar tu contrase\u00f1a de Outlook, tambi\u00e9n puedes comunicarte con el servicio de atenci\u00f3n al cliente de Microsoft para obtener asistencia adicional. Ellos\u00a0te guiar\u00e1n a trav\u00e9s del proceso de recuperaci\u00f3n\u00a0y te ayudar\u00e1n a restablecer tu contrase\u00f1a.<\/p>\n<p>Al verificar tu identidad y seguir los pasos de recuperaci\u00f3n de contrase\u00f1a de Outlook, puedes restablecer tu contrase\u00f1a y\u00a0seguir utilizando tu cuenta de correo electr\u00f3nico de manera segura y eficiente.<\/p>\n<p>&nbsp;<\/p>\n","protected":false},"excerpt":{"rendered":"<p>\u00bfOlvidaste la contrase\u00f1a de Outlook? No te preocupes te explicaremos qu\u00e9 hacer para recuperar el acceso a tu correo. Olvidar la contrase\u00f1a de una cuenta de correo electr\u00f3nico como Outlook puede ser una situaci\u00f3n frustrante, estresante y m\u00e1s com\u00fan de lo que parece. Outlook, anteriormente conocido como Hotmail, es una plataforma de correo electr\u00f3nico popular [&hellip;]<\/p>\n","protected":false},"author":1,"featured_media":214513,"comment_status":"open","ping_status":"open","sticky":false,"template":"","format":"standard","meta":{"_acf_changed":false,"footnotes":""},"categories":[46],"tags":[],"class_list":["post-214512","post","type-post","status-publish","format-standard","has-post-thumbnail","category-ciencia-computacion"],"acf":{"antetitulo":"Ciencia y Computaci\u00f3n responde"},"yoast_head":"<!-- This site is optimized with the Yoast SEO plugin v28.4 - https:\/\/yoast.com\/product\/yoast-seo-wordpress\/ -->\n<title>\u00bfC\u00f3mo puedo recuperar mi contrase\u00f1a de Outlook? - El Diario - Bolivia<\/title>\n<meta name=\"robots\" content=\"index, follow, max-snippet:-1, max-image-preview:large, max-video-preview:-1\" \/>\n<link rel=\"canonical\" href=\"https:\/\/www.eldiario.net\/portal\/2024\/04\/15\/como-puedo-recuperar-mi-contrasena-de-outlook\/\" \/>\n<meta property=\"og:locale\" content=\"es_ES\" \/>\n<meta property=\"og:type\" content=\"article\" \/>\n<meta property=\"og:title\" content=\"\u00bfC\u00f3mo puedo recuperar mi contrase\u00f1a de Outlook? - El Diario - Bolivia\" \/>\n<meta property=\"og:description\" content=\"\u00bfOlvidaste la contrase\u00f1a de Outlook? No te preocupes te explicaremos qu\u00e9 hacer para recuperar el acceso a tu correo. Olvidar la contrase\u00f1a de una cuenta de correo electr\u00f3nico como Outlook puede ser una situaci\u00f3n frustrante, estresante y m\u00e1s com\u00fan de lo que parece. Outlook, anteriormente conocido como Hotmail, es una plataforma de correo electr\u00f3nico popular [&hellip;]\" \/>\n<meta property=\"og:url\" content=\"https:\/\/www.eldiario.net\/portal\/2024\/04\/15\/como-puedo-recuperar-mi-contrasena-de-outlook\/\" \/>\n<meta property=\"og:site_name\" content=\"El Diario - Bolivia\" \/>\n<meta property=\"article:publisher\" content=\"https:\/\/www.facebook.com\/eldiario.bolivia\/\" \/>\n<meta property=\"article:published_time\" content=\"2024-04-15T12:06:02+00:00\" \/>\n<meta property=\"og:image\" content=\"https:\/\/www.eldiario.net\/portal\/wp-content\/uploads\/2024\/04\/3-A-2-scaled.jpg\" \/>\n\t<meta property=\"og:image:width\" content=\"2560\" \/>\n\t<meta property=\"og:image:height\" content=\"1440\" \/>\n\t<meta property=\"og:image:type\" content=\"image\/jpeg\" \/>\n<meta name=\"author\" content=\"Jeanette\" \/>\n<meta name=\"twitter:card\" content=\"summary_large_image\" \/>\n<meta name=\"twitter:creator\" content=\"@eldiario_net\" \/>\n<meta name=\"twitter:site\" content=\"@eldiario_net\" \/>\n<meta name=\"twitter:label1\" content=\"Escrito por\" \/>\n\t<meta name=\"twitter:data1\" content=\"Jeanette\" \/>\n\t<meta name=\"twitter:label2\" content=\"Tiempo de lectura\" \/>\n\t<meta name=\"twitter:data2\" content=\"2 minutos\" \/>\n<script type=\"application\/ld+json\" class=\"yoast-schema-graph\">{\"@context\":\"https:\\\/\\\/schema.org\",\"@graph\":[{\"@type\":\"Article\",\"@id\":\"https:\\\/\\\/www.eldiario.net\\\/portal\\\/2024\\\/04\\\/15\\\/como-puedo-recuperar-mi-contrasena-de-outlook\\\/#article\",\"isPartOf\":{\"@id\":\"https:\\\/\\\/www.eldiario.net\\\/portal\\\/2024\\\/04\\\/15\\\/como-puedo-recuperar-mi-contrasena-de-outlook\\\/\"},\"author\":{\"name\":\"Jeanette\",\"@id\":\"https:\\\/\\\/www.eldiario.net\\\/portal\\\/#\\\/schema\\\/person\\\/2c57cf2b7a7ae032e449e4c9b1019eac\"},\"headline\":\"\u00bfC\u00f3mo puedo recuperar mi contrase\u00f1a de Outlook?\",\"datePublished\":\"2024-04-15T12:06:02+00:00\",\"mainEntityOfPage\":{\"@id\":\"https:\\\/\\\/www.eldiario.net\\\/portal\\\/2024\\\/04\\\/15\\\/como-puedo-recuperar-mi-contrasena-de-outlook\\\/\"},\"wordCount\":445,\"commentCount\":0,\"publisher\":{\"@id\":\"https:\\\/\\\/www.eldiario.net\\\/portal\\\/#organization\"},\"image\":{\"@id\":\"https:\\\/\\\/www.eldiario.net\\\/portal\\\/2024\\\/04\\\/15\\\/como-puedo-recuperar-mi-contrasena-de-outlook\\\/#primaryimage\"},\"thumbnailUrl\":\"https:\\\/\\\/www.eldiario.net\\\/portal\\\/wp-content\\\/uploads\\\/2024\\\/04\\\/3-A-2-scaled.jpg\",\"articleSection\":[\"Ciencia y Computaci\u00f3n\"],\"inLanguage\":\"es\",\"potentialAction\":[{\"@type\":\"CommentAction\",\"name\":\"Comment\",\"target\":[\"https:\\\/\\\/www.eldiario.net\\\/portal\\\/2024\\\/04\\\/15\\\/como-puedo-recuperar-mi-contrasena-de-outlook\\\/#respond\"]}]},{\"@type\":\"WebPage\",\"@id\":\"https:\\\/\\\/www.eldiario.net\\\/portal\\\/2024\\\/04\\\/15\\\/como-puedo-recuperar-mi-contrasena-de-outlook\\\/\",\"url\":\"https:\\\/\\\/www.eldiario.net\\\/portal\\\/2024\\\/04\\\/15\\\/como-puedo-recuperar-mi-contrasena-de-outlook\\\/\",\"name\":\"\u00bfC\u00f3mo puedo recuperar mi contrase\u00f1a de Outlook? - El Diario - Bolivia\",\"isPartOf\":{\"@id\":\"https:\\\/\\\/www.eldiario.net\\\/portal\\\/#website\"},\"primaryImageOfPage\":{\"@id\":\"https:\\\/\\\/www.eldiario.net\\\/portal\\\/2024\\\/04\\\/15\\\/como-puedo-recuperar-mi-contrasena-de-outlook\\\/#primaryimage\"},\"image\":{\"@id\":\"https:\\\/\\\/www.eldiario.net\\\/portal\\\/2024\\\/04\\\/15\\\/como-puedo-recuperar-mi-contrasena-de-outlook\\\/#primaryimage\"},\"thumbnailUrl\":\"https:\\\/\\\/www.eldiario.net\\\/portal\\\/wp-content\\\/uploads\\\/2024\\\/04\\\/3-A-2-scaled.jpg\",\"datePublished\":\"2024-04-15T12:06:02+00:00\",\"breadcrumb\":{\"@id\":\"https:\\\/\\\/www.eldiario.net\\\/portal\\\/2024\\\/04\\\/15\\\/como-puedo-recuperar-mi-contrasena-de-outlook\\\/#breadcrumb\"},\"inLanguage\":\"es\",\"potentialAction\":[{\"@type\":\"ReadAction\",\"target\":[\"https:\\\/\\\/www.eldiario.net\\\/portal\\\/2024\\\/04\\\/15\\\/como-puedo-recuperar-mi-contrasena-de-outlook\\\/\"]}]},{\"@type\":\"ImageObject\",\"inLanguage\":\"es\",\"@id\":\"https:\\\/\\\/www.eldiario.net\\\/portal\\\/2024\\\/04\\\/15\\\/como-puedo-recuperar-mi-contrasena-de-outlook\\\/#primaryimage\",\"url\":\"https:\\\/\\\/www.eldiario.net\\\/portal\\\/wp-content\\\/uploads\\\/2024\\\/04\\\/3-A-2-scaled.jpg\",\"contentUrl\":\"https:\\\/\\\/www.eldiario.net\\\/portal\\\/wp-content\\\/uploads\\\/2024\\\/04\\\/3-A-2-scaled.jpg\",\"width\":2560,\"height\":1440},{\"@type\":\"BreadcrumbList\",\"@id\":\"https:\\\/\\\/www.eldiario.net\\\/portal\\\/2024\\\/04\\\/15\\\/como-puedo-recuperar-mi-contrasena-de-outlook\\\/#breadcrumb\",\"itemListElement\":[{\"@type\":\"ListItem\",\"position\":1,\"name\":\"Portada\",\"item\":\"https:\\\/\\\/www.eldiario.net\\\/portal\\\/\"},{\"@type\":\"ListItem\",\"position\":2,\"name\":\"\u00bfC\u00f3mo puedo recuperar mi contrase\u00f1a de Outlook?\"}]},{\"@type\":\"WebSite\",\"@id\":\"https:\\\/\\\/www.eldiario.net\\\/portal\\\/#website\",\"url\":\"https:\\\/\\\/www.eldiario.net\\\/portal\\\/\",\"name\":\"El Diario - Decano de la prensa nacional\",\"description\":\"El Diario - Decano de la prensa nacional\",\"publisher\":{\"@id\":\"https:\\\/\\\/www.eldiario.net\\\/portal\\\/#organization\"},\"potentialAction\":[{\"@type\":\"SearchAction\",\"target\":{\"@type\":\"EntryPoint\",\"urlTemplate\":\"https:\\\/\\\/www.eldiario.net\\\/portal\\\/?s={search_term_string}\"},\"query-input\":{\"@type\":\"PropertyValueSpecification\",\"valueRequired\":true,\"valueName\":\"search_term_string\"}}],\"inLanguage\":\"es\"},{\"@type\":\"Organization\",\"@id\":\"https:\\\/\\\/www.eldiario.net\\\/portal\\\/#organization\",\"name\":\"El Diario - Decano de la prensa nacional\",\"url\":\"https:\\\/\\\/www.eldiario.net\\\/portal\\\/\",\"logo\":{\"@type\":\"ImageObject\",\"inLanguage\":\"es\",\"@id\":\"https:\\\/\\\/www.eldiario.net\\\/portal\\\/#\\\/schema\\\/logo\\\/image\\\/\",\"url\":\"https:\\\/\\\/www.eldiario.net\\\/portal\\\/wp-content\\\/uploads\\\/2023\\\/07\\\/logo_ED.jpg\",\"contentUrl\":\"https:\\\/\\\/www.eldiario.net\\\/portal\\\/wp-content\\\/uploads\\\/2023\\\/07\\\/logo_ED.jpg\",\"width\":272,\"height\":52,\"caption\":\"El Diario - Decano de la prensa nacional\"},\"image\":{\"@id\":\"https:\\\/\\\/www.eldiario.net\\\/portal\\\/#\\\/schema\\\/logo\\\/image\\\/\"},\"sameAs\":[\"https:\\\/\\\/www.facebook.com\\\/eldiario.bolivia\\\/\",\"https:\\\/\\\/x.com\\\/eldiario_net\"]},{\"@type\":\"Person\",\"@id\":\"https:\\\/\\\/www.eldiario.net\\\/portal\\\/#\\\/schema\\\/person\\\/2c57cf2b7a7ae032e449e4c9b1019eac\",\"name\":\"Jeanette\",\"image\":{\"@type\":\"ImageObject\",\"inLanguage\":\"es\",\"@id\":\"https:\\\/\\\/secure.gravatar.com\\\/avatar\\\/3ea2118a5f7dad2b7138b1187a6b7ee55f160b9968b66013c3a3ef39dd7e5798?s=96&d=mm&r=g\",\"url\":\"https:\\\/\\\/secure.gravatar.com\\\/avatar\\\/3ea2118a5f7dad2b7138b1187a6b7ee55f160b9968b66013c3a3ef39dd7e5798?s=96&d=mm&r=g\",\"contentUrl\":\"https:\\\/\\\/secure.gravatar.com\\\/avatar\\\/3ea2118a5f7dad2b7138b1187a6b7ee55f160b9968b66013c3a3ef39dd7e5798?s=96&d=mm&r=g\",\"caption\":\"Jeanette\"},\"sameAs\":[\"https:\\\/\\\/www.eldiario.net\\\/portal\"],\"url\":\"https:\\\/\\\/www.eldiario.net\\\/portal\\\/author\\\/jeanette\\\/\"}]}<\/script>\n<!-- \/ Yoast SEO plugin. -->","yoast_head_json":{"title":"\u00bfC\u00f3mo puedo recuperar mi contrase\u00f1a de Outlook? - El Diario - Bolivia","robots":{"index":"index","follow":"follow","max-snippet":"max-snippet:-1","max-image-preview":"max-image-preview:large","max-video-preview":"max-video-preview:-1"},"canonical":"https:\/\/www.eldiario.net\/portal\/2024\/04\/15\/como-puedo-recuperar-mi-contrasena-de-outlook\/","og_locale":"es_ES","og_type":"article","og_title":"\u00bfC\u00f3mo puedo recuperar mi contrase\u00f1a de Outlook? - El Diario - Bolivia","og_description":"\u00bfOlvidaste la contrase\u00f1a de Outlook? No te preocupes te explicaremos qu\u00e9 hacer para recuperar el acceso a tu correo. Olvidar la contrase\u00f1a de una cuenta de correo electr\u00f3nico como Outlook puede ser una situaci\u00f3n frustrante, estresante y m\u00e1s com\u00fan de lo que parece. Outlook, anteriormente conocido como Hotmail, es una plataforma de correo electr\u00f3nico popular [&hellip;]","og_url":"https:\/\/www.eldiario.net\/portal\/2024\/04\/15\/como-puedo-recuperar-mi-contrasena-de-outlook\/","og_site_name":"El Diario - Bolivia","article_publisher":"https:\/\/www.facebook.com\/eldiario.bolivia\/","article_published_time":"2024-04-15T12:06:02+00:00","og_image":[{"width":2560,"height":1440,"url":"https:\/\/www.eldiario.net\/portal\/wp-content\/uploads\/2024\/04\/3-A-2-scaled.jpg","type":"image\/jpeg"}],"author":"Jeanette","twitter_card":"summary_large_image","twitter_creator":"@eldiario_net","twitter_site":"@eldiario_net","twitter_misc":{"Escrito por":"Jeanette","Tiempo de lectura":"2 minutos"},"schema":{"@context":"https:\/\/schema.org","@graph":[{"@type":"Article","@id":"https:\/\/www.eldiario.net\/portal\/2024\/04\/15\/como-puedo-recuperar-mi-contrasena-de-outlook\/#article","isPartOf":{"@id":"https:\/\/www.eldiario.net\/portal\/2024\/04\/15\/como-puedo-recuperar-mi-contrasena-de-outlook\/"},"author":{"name":"Jeanette","@id":"https:\/\/www.eldiario.net\/portal\/#\/schema\/person\/2c57cf2b7a7ae032e449e4c9b1019eac"},"headline":"\u00bfC\u00f3mo puedo recuperar mi contrase\u00f1a de Outlook?","datePublished":"2024-04-15T12:06:02+00:00","mainEntityOfPage":{"@id":"https:\/\/www.eldiario.net\/portal\/2024\/04\/15\/como-puedo-recuperar-mi-contrasena-de-outlook\/"},"wordCount":445,"commentCount":0,"publisher":{"@id":"https:\/\/www.eldiario.net\/portal\/#organization"},"image":{"@id":"https:\/\/www.eldiario.net\/portal\/2024\/04\/15\/como-puedo-recuperar-mi-contrasena-de-outlook\/#primaryimage"},"thumbnailUrl":"https:\/\/www.eldiario.net\/portal\/wp-content\/uploads\/2024\/04\/3-A-2-scaled.jpg","articleSection":["Ciencia y Computaci\u00f3n"],"inLanguage":"es","potentialAction":[{"@type":"CommentAction","name":"Comment","target":["https:\/\/www.eldiario.net\/portal\/2024\/04\/15\/como-puedo-recuperar-mi-contrasena-de-outlook\/#respond"]}]},{"@type":"WebPage","@id":"https:\/\/www.eldiario.net\/portal\/2024\/04\/15\/como-puedo-recuperar-mi-contrasena-de-outlook\/","url":"https:\/\/www.eldiario.net\/portal\/2024\/04\/15\/como-puedo-recuperar-mi-contrasena-de-outlook\/","name":"\u00bfC\u00f3mo puedo recuperar mi contrase\u00f1a de Outlook? - El Diario - Bolivia","isPartOf":{"@id":"https:\/\/www.eldiario.net\/portal\/#website"},"primaryImageOfPage":{"@id":"https:\/\/www.eldiario.net\/portal\/2024\/04\/15\/como-puedo-recuperar-mi-contrasena-de-outlook\/#primaryimage"},"image":{"@id":"https:\/\/www.eldiario.net\/portal\/2024\/04\/15\/como-puedo-recuperar-mi-contrasena-de-outlook\/#primaryimage"},"thumbnailUrl":"https:\/\/www.eldiario.net\/portal\/wp-content\/uploads\/2024\/04\/3-A-2-scaled.jpg","datePublished":"2024-04-15T12:06:02+00:00","breadcrumb":{"@id":"https:\/\/www.eldiario.net\/portal\/2024\/04\/15\/como-puedo-recuperar-mi-contrasena-de-outlook\/#breadcrumb"},"inLanguage":"es","potentialAction":[{"@type":"ReadAction","target":["https:\/\/www.eldiario.net\/portal\/2024\/04\/15\/como-puedo-recuperar-mi-contrasena-de-outlook\/"]}]},{"@type":"ImageObject","inLanguage":"es","@id":"https:\/\/www.eldiario.net\/portal\/2024\/04\/15\/como-puedo-recuperar-mi-contrasena-de-outlook\/#primaryimage","url":"https:\/\/www.eldiario.net\/portal\/wp-content\/uploads\/2024\/04\/3-A-2-scaled.jpg","contentUrl":"https:\/\/www.eldiario.net\/portal\/wp-content\/uploads\/2024\/04\/3-A-2-scaled.jpg","width":2560,"height":1440},{"@type":"BreadcrumbList","@id":"https:\/\/www.eldiario.net\/portal\/2024\/04\/15\/como-puedo-recuperar-mi-contrasena-de-outlook\/#breadcrumb","itemListElement":[{"@type":"ListItem","position":1,"name":"Portada","item":"https:\/\/www.eldiario.net\/portal\/"},{"@type":"ListItem","position":2,"name":"\u00bfC\u00f3mo puedo recuperar mi contrase\u00f1a de Outlook?"}]},{"@type":"WebSite","@id":"https:\/\/www.eldiario.net\/portal\/#website","url":"https:\/\/www.eldiario.net\/portal\/","name":"El Diario - Decano de la prensa nacional","description":"El Diario - Decano de la prensa nacional","publisher":{"@id":"https:\/\/www.eldiario.net\/portal\/#organization"},"potentialAction":[{"@type":"SearchAction","target":{"@type":"EntryPoint","urlTemplate":"https:\/\/www.eldiario.net\/portal\/?s={search_term_string}"},"query-input":{"@type":"PropertyValueSpecification","valueRequired":true,"valueName":"search_term_string"}}],"inLanguage":"es"},{"@type":"Organization","@id":"https:\/\/www.eldiario.net\/portal\/#organization","name":"El Diario - Decano de la prensa nacional","url":"https:\/\/www.eldiario.net\/portal\/","logo":{"@type":"ImageObject","inLanguage":"es","@id":"https:\/\/www.eldiario.net\/portal\/#\/schema\/logo\/image\/","url":"https:\/\/www.eldiario.net\/portal\/wp-content\/uploads\/2023\/07\/logo_ED.jpg","contentUrl":"https:\/\/www.eldiario.net\/portal\/wp-content\/uploads\/2023\/07\/logo_ED.jpg","width":272,"height":52,"caption":"El Diario - Decano de la prensa nacional"},"image":{"@id":"https:\/\/www.eldiario.net\/portal\/#\/schema\/logo\/image\/"},"sameAs":["https:\/\/www.facebook.com\/eldiario.bolivia\/","https:\/\/x.com\/eldiario_net"]},{"@type":"Person","@id":"https:\/\/www.eldiario.net\/portal\/#\/schema\/person\/2c57cf2b7a7ae032e449e4c9b1019eac","name":"Jeanette","image":{"@type":"ImageObject","inLanguage":"es","@id":"https:\/\/secure.gravatar.com\/avatar\/3ea2118a5f7dad2b7138b1187a6b7ee55f160b9968b66013c3a3ef39dd7e5798?s=96&d=mm&r=g","url":"https:\/\/secure.gravatar.com\/avatar\/3ea2118a5f7dad2b7138b1187a6b7ee55f160b9968b66013c3a3ef39dd7e5798?s=96&d=mm&r=g","contentUrl":"https:\/\/secure.gravatar.com\/avatar\/3ea2118a5f7dad2b7138b1187a6b7ee55f160b9968b66013c3a3ef39dd7e5798?s=96&d=mm&r=g","caption":"Jeanette"},"sameAs":["https:\/\/www.eldiario.net\/portal"],"url":"https:\/\/www.eldiario.net\/portal\/author\/jeanette\/"}]}},"_links":{"self":[{"href":"https:\/\/www.eldiario.net\/portal\/wp-json\/wp\/v2\/posts\/214512","targetHints":{"allow":["GET"]}}],"collection":[{"href":"https:\/\/www.eldiario.net\/portal\/wp-json\/wp\/v2\/posts"}],"about":[{"href":"https:\/\/www.eldiario.net\/portal\/wp-json\/wp\/v2\/types\/post"}],"author":[{"embeddable":true,"href":"https:\/\/www.eldiario.net\/portal\/wp-json\/wp\/v2\/users\/1"}],"replies":[{"embeddable":true,"href":"https:\/\/www.eldiario.net\/portal\/wp-json\/wp\/v2\/comments?post=214512"}],"version-history":[{"count":1,"href":"https:\/\/www.eldiario.net\/portal\/wp-json\/wp\/v2\/posts\/214512\/revisions"}],"predecessor-version":[{"id":214514,"href":"https:\/\/www.eldiario.net\/portal\/wp-json\/wp\/v2\/posts\/214512\/revisions\/214514"}],"wp:featuredmedia":[{"embeddable":true,"href":"https:\/\/www.eldiario.net\/portal\/wp-json\/wp\/v2\/media\/214513"}],"wp:attachment":[{"href":"https:\/\/www.eldiario.net\/portal\/wp-json\/wp\/v2\/media?parent=214512"}],"wp:term":[{"taxonomy":"category","embeddable":true,"href":"https:\/\/www.eldiario.net\/portal\/wp-json\/wp\/v2\/categories?post=214512"},{"taxonomy":"post_tag","embeddable":true,"href":"https:\/\/www.eldiario.net\/portal\/wp-json\/wp\/v2\/tags?post=214512"}],"curies":[{"name":"wp","href":"https:\/\/api.w.org\/{rel}","templated":true}]}}