{"id":214503,"date":"2024-04-15T08:03:18","date_gmt":"2024-04-15T12:03:18","guid":{"rendered":"https:\/\/www.eldiario.net\/portal\/?p=214503"},"modified":"2024-04-15T08:03:18","modified_gmt":"2024-04-15T12:03:18","slug":"la-upb-presenta-emprendella","status":"publish","type":"post","link":"https:\/\/www.eldiario.net\/portal\/2024\/04\/15\/la-upb-presenta-emprendella\/","title":{"rendered":"La UPB presenta EmprendElla"},"content":{"rendered":"<p><strong><em>La Paz, Bolivia.<\/em><\/strong> La UPB alberg\u00f3 la presentaci\u00f3n oficial de EmprendElla, la primera plataforma electr\u00f3nica de venta con alto impacto social para uso exclusivo de las mujeres emprendedoras. La ceremonia de lanzamiento se llev\u00f3 a cabo el pasado 02 de abril, en el Auditorio del Edificio de Postgrado de la UPB, ubicado en la Av. Hernando Siles esquina Calle 5.<\/p>\n<p>El proyecto fue gestado en colaboraci\u00f3n con TecnoBolivia, la Agencia de Cooperaci\u00f3n Internacional del Jap\u00f3n (JICA) y la Sociedad de Becarios Bolivianos en el Jap\u00f3n, y tiene como objetivo central proporcionar talleres virtuales y presenciales sobre empoderamiento femenino, fortalecimiento emocional, conocimientos t\u00e9cnicos, tecnol\u00f3gicos y financieros, a mujeres productoras y microempresarias que tengan a su cargo a ni\u00f1as, ni\u00f1os y adolescentes con capacidades diferentes.<\/p>\n<p>\u201cEn este d\u00eda celebramos la uni\u00f3n de innovadores, emprendedores y visionarios que han decidido dar un paso audaz hacia el futuro. EmpredElla es el puente que conecta a los creadores con los consumidores, a los productos con los mercados, y a las pasiones con el \u00e9xito\u201d, indic\u00f3 el Mgr. Iv\u00e1n Montellano Irazoque, jefe de la carrera de Marketing y Log\u00edstica.<\/p>\n<p>La finalidad ulterior del proyecto es que las mujeres productoras puedan reinsertarse en el mercado comercial con sus respectivos emprendimientos, generando una mayor independencia econ\u00f3mica para la familia.<\/p>\n<p>\u201cEste proyecto naci\u00f3 el a\u00f1o 2022 bajo un enfoque japon\u00e9s, que tiene como objetivo el desarrollo local. La consigna principal de este enfoque es la de trabajar juntos para conseguir un objetivo com\u00fan alrededor de un producto propio de la zona permitiendo consolidar herramientas para un empoderamiento de g\u00e9nero real y tangible\u201d, rescat\u00f3 por su parte la Lic. Komiyama Sachiko, subdirectora de la Cooperaci\u00f3n Japonesa.<\/p>\n<p>Al ser operable con el sistema WhatsApp, EmprendElla permite que las mujeres puedan vender sus productos y controlar las cantidades y los ingresos de sus ventas a trav\u00e9s de un detalle mensual que les enviar\u00e1 el sistema. El cliente tendr\u00e1 la posibilidad de elegir y adquirir el producto de su preferencia de manera sencilla.<\/p>\n<p>\u201cQuiero resaltar la importancia de las alianzas entre instituciones; poder vincular mentes creativas e innovadoras como son los j\u00f3venes. En este caso, la UPB nos dio el privilegio de trabajar con estos estudiantes, y el resultado es contar con una l\u00ednea gr\u00e1fica completa, con todos los elementos que tiene que tener una plataforma electr\u00f3nica\u201d, expres\u00f3 Lizeth Tapia, Directora ejecutiva de TecnoBolivia,<\/p>\n<p><strong>Antecedentes<\/strong><\/p>\n<p>El a\u00f1o 2022, la organizaci\u00f3n TecnoBolivia, en coordinaci\u00f3n con la Agencia de Cooperaci\u00f3n Internacional del Jap\u00f3n (JICA), implement\u00f3 a nivel nacional el proyecto <em>Mi primera empresa<\/em>, dise\u00f1ado para trabajar con mujeres que tienen alg\u00fan tipo de discapacidad o est\u00e1n a cargo de personas con discapacidad, con el fin de proporcionarles habilidades blandas, t\u00e9cnicas y tecnol\u00f3gicas para emprender bajo un enfoque japon\u00e9s.<\/p>\n<p>Dentro del marco operativo de este proyecto, el a\u00f1o 2023 se desarroll\u00f3 la primera plataforma electr\u00f3nica de venta con alto impacto social denominada <em>EmprendElla <\/em>para uso de las mujeres emprendedoras que tengan a su cargo personas con capacidades diferentes.<\/p>\n<p>El enfoque de <em>Mi primera empresa<\/em> genera nuevos emprendimientos con una mirada japonesa (enfoque OVOP) en zonas periurbanas y rurales del pa\u00eds permitiendo consolidar herramientas adecuadas para un empoderamiento de g\u00e9nero tangible. A partir de esto, se ampliar\u00e1 el acceso de las mujeres a emprendimientos que les permitan generar una mayor independencia econ\u00f3mica y acceder a recursos digitales de comercio electr\u00f3nico para reducir la brecha digital de g\u00e9nero en Bolivia.<\/p>\n","protected":false},"excerpt":{"rendered":"<p>La Paz, Bolivia. La UPB alberg\u00f3 la presentaci\u00f3n oficial de EmprendElla, la primera plataforma electr\u00f3nica de venta con alto impacto social para uso exclusivo de las mujeres emprendedoras. La ceremonia de lanzamiento se llev\u00f3 a cabo el pasado 02 de abril, en el Auditorio del Edificio de Postgrado de la UPB, ubicado en la Av. [&hellip;]<\/p>\n","protected":false},"author":1,"featured_media":214504,"comment_status":"open","ping_status":"open","sticky":false,"template":"","format":"standard","meta":{"_acf_changed":false,"footnotes":""},"categories":[46],"tags":[],"class_list":["post-214503","post","type-post","status-publish","format-standard","has-post-thumbnail","category-ciencia-computacion"],"acf":{"antetitulo":""},"yoast_head":"<!-- This site is optimized with the Yoast SEO plugin v28.4 - https:\/\/yoast.com\/product\/yoast-seo-wordpress\/ -->\n<title>La UPB presenta EmprendElla - El Diario - Bolivia<\/title>\n<meta name=\"robots\" content=\"index, follow, max-snippet:-1, max-image-preview:large, max-video-preview:-1\" \/>\n<link rel=\"canonical\" href=\"https:\/\/www.eldiario.net\/portal\/2024\/04\/15\/la-upb-presenta-emprendella\/\" \/>\n<meta property=\"og:locale\" content=\"es_ES\" \/>\n<meta property=\"og:type\" content=\"article\" \/>\n<meta property=\"og:title\" content=\"La UPB presenta EmprendElla - El Diario - Bolivia\" \/>\n<meta property=\"og:description\" content=\"La Paz, Bolivia. La UPB alberg\u00f3 la presentaci\u00f3n oficial de EmprendElla, la primera plataforma electr\u00f3nica de venta con alto impacto social para uso exclusivo de las mujeres emprendedoras. La ceremonia de lanzamiento se llev\u00f3 a cabo el pasado 02 de abril, en el Auditorio del Edificio de Postgrado de la UPB, ubicado en la Av. [&hellip;]\" \/>\n<meta property=\"og:url\" content=\"https:\/\/www.eldiario.net\/portal\/2024\/04\/15\/la-upb-presenta-emprendella\/\" \/>\n<meta property=\"og:site_name\" content=\"El Diario - Bolivia\" \/>\n<meta property=\"article:publisher\" content=\"https:\/\/www.facebook.com\/eldiario.bolivia\/\" \/>\n<meta property=\"article:published_time\" content=\"2024-04-15T12:03:18+00:00\" \/>\n<meta property=\"og:image\" content=\"https:\/\/www.eldiario.net\/portal\/wp-content\/uploads\/2024\/04\/5-A-2-scaled.jpg\" \/>\n\t<meta property=\"og:image:width\" content=\"2560\" \/>\n\t<meta property=\"og:image:height\" content=\"1920\" \/>\n\t<meta property=\"og:image:type\" content=\"image\/jpeg\" \/>\n<meta name=\"author\" content=\"Jeanette\" \/>\n<meta name=\"twitter:card\" content=\"summary_large_image\" \/>\n<meta name=\"twitter:creator\" content=\"@eldiario_net\" \/>\n<meta name=\"twitter:site\" content=\"@eldiario_net\" \/>\n<meta name=\"twitter:label1\" content=\"Escrito por\" \/>\n\t<meta name=\"twitter:data1\" content=\"Jeanette\" \/>\n\t<meta name=\"twitter:label2\" content=\"Tiempo de lectura\" \/>\n\t<meta name=\"twitter:data2\" content=\"3 minutos\" \/>\n<script type=\"application\/ld+json\" class=\"yoast-schema-graph\">{\"@context\":\"https:\\\/\\\/schema.org\",\"@graph\":[{\"@type\":\"Article\",\"@id\":\"https:\\\/\\\/www.eldiario.net\\\/portal\\\/2024\\\/04\\\/15\\\/la-upb-presenta-emprendella\\\/#article\",\"isPartOf\":{\"@id\":\"https:\\\/\\\/www.eldiario.net\\\/portal\\\/2024\\\/04\\\/15\\\/la-upb-presenta-emprendella\\\/\"},\"author\":{\"name\":\"Jeanette\",\"@id\":\"https:\\\/\\\/www.eldiario.net\\\/portal\\\/#\\\/schema\\\/person\\\/2c57cf2b7a7ae032e449e4c9b1019eac\"},\"headline\":\"La UPB presenta EmprendElla\",\"datePublished\":\"2024-04-15T12:03:18+00:00\",\"mainEntityOfPage\":{\"@id\":\"https:\\\/\\\/www.eldiario.net\\\/portal\\\/2024\\\/04\\\/15\\\/la-upb-presenta-emprendella\\\/\"},\"wordCount\":604,\"commentCount\":0,\"publisher\":{\"@id\":\"https:\\\/\\\/www.eldiario.net\\\/portal\\\/#organization\"},\"image\":{\"@id\":\"https:\\\/\\\/www.eldiario.net\\\/portal\\\/2024\\\/04\\\/15\\\/la-upb-presenta-emprendella\\\/#primaryimage\"},\"thumbnailUrl\":\"https:\\\/\\\/www.eldiario.net\\\/portal\\\/wp-content\\\/uploads\\\/2024\\\/04\\\/5-A-2-scaled.jpg\",\"articleSection\":[\"Ciencia y Computaci\u00f3n\"],\"inLanguage\":\"es\",\"potentialAction\":[{\"@type\":\"CommentAction\",\"name\":\"Comment\",\"target\":[\"https:\\\/\\\/www.eldiario.net\\\/portal\\\/2024\\\/04\\\/15\\\/la-upb-presenta-emprendella\\\/#respond\"]}]},{\"@type\":\"WebPage\",\"@id\":\"https:\\\/\\\/www.eldiario.net\\\/portal\\\/2024\\\/04\\\/15\\\/la-upb-presenta-emprendella\\\/\",\"url\":\"https:\\\/\\\/www.eldiario.net\\\/portal\\\/2024\\\/04\\\/15\\\/la-upb-presenta-emprendella\\\/\",\"name\":\"La UPB presenta EmprendElla - El Diario - Bolivia\",\"isPartOf\":{\"@id\":\"https:\\\/\\\/www.eldiario.net\\\/portal\\\/#website\"},\"primaryImageOfPage\":{\"@id\":\"https:\\\/\\\/www.eldiario.net\\\/portal\\\/2024\\\/04\\\/15\\\/la-upb-presenta-emprendella\\\/#primaryimage\"},\"image\":{\"@id\":\"https:\\\/\\\/www.eldiario.net\\\/portal\\\/2024\\\/04\\\/15\\\/la-upb-presenta-emprendella\\\/#primaryimage\"},\"thumbnailUrl\":\"https:\\\/\\\/www.eldiario.net\\\/portal\\\/wp-content\\\/uploads\\\/2024\\\/04\\\/5-A-2-scaled.jpg\",\"datePublished\":\"2024-04-15T12:03:18+00:00\",\"breadcrumb\":{\"@id\":\"https:\\\/\\\/www.eldiario.net\\\/portal\\\/2024\\\/04\\\/15\\\/la-upb-presenta-emprendella\\\/#breadcrumb\"},\"inLanguage\":\"es\",\"potentialAction\":[{\"@type\":\"ReadAction\",\"target\":[\"https:\\\/\\\/www.eldiario.net\\\/portal\\\/2024\\\/04\\\/15\\\/la-upb-presenta-emprendella\\\/\"]}]},{\"@type\":\"ImageObject\",\"inLanguage\":\"es\",\"@id\":\"https:\\\/\\\/www.eldiario.net\\\/portal\\\/2024\\\/04\\\/15\\\/la-upb-presenta-emprendella\\\/#primaryimage\",\"url\":\"https:\\\/\\\/www.eldiario.net\\\/portal\\\/wp-content\\\/uploads\\\/2024\\\/04\\\/5-A-2-scaled.jpg\",\"contentUrl\":\"https:\\\/\\\/www.eldiario.net\\\/portal\\\/wp-content\\\/uploads\\\/2024\\\/04\\\/5-A-2-scaled.jpg\",\"width\":2560,\"height\":1920},{\"@type\":\"BreadcrumbList\",\"@id\":\"https:\\\/\\\/www.eldiario.net\\\/portal\\\/2024\\\/04\\\/15\\\/la-upb-presenta-emprendella\\\/#breadcrumb\",\"itemListElement\":[{\"@type\":\"ListItem\",\"position\":1,\"name\":\"Portada\",\"item\":\"https:\\\/\\\/www.eldiario.net\\\/portal\\\/\"},{\"@type\":\"ListItem\",\"position\":2,\"name\":\"La UPB presenta EmprendElla\"}]},{\"@type\":\"WebSite\",\"@id\":\"https:\\\/\\\/www.eldiario.net\\\/portal\\\/#website\",\"url\":\"https:\\\/\\\/www.eldiario.net\\\/portal\\\/\",\"name\":\"El Diario - Decano de la prensa nacional\",\"description\":\"El Diario - Decano de la prensa nacional\",\"publisher\":{\"@id\":\"https:\\\/\\\/www.eldiario.net\\\/portal\\\/#organization\"},\"potentialAction\":[{\"@type\":\"SearchAction\",\"target\":{\"@type\":\"EntryPoint\",\"urlTemplate\":\"https:\\\/\\\/www.eldiario.net\\\/portal\\\/?s={search_term_string}\"},\"query-input\":{\"@type\":\"PropertyValueSpecification\",\"valueRequired\":true,\"valueName\":\"search_term_string\"}}],\"inLanguage\":\"es\"},{\"@type\":\"Organization\",\"@id\":\"https:\\\/\\\/www.eldiario.net\\\/portal\\\/#organization\",\"name\":\"El Diario - Decano de la prensa nacional\",\"url\":\"https:\\\/\\\/www.eldiario.net\\\/portal\\\/\",\"logo\":{\"@type\":\"ImageObject\",\"inLanguage\":\"es\",\"@id\":\"https:\\\/\\\/www.eldiario.net\\\/portal\\\/#\\\/schema\\\/logo\\\/image\\\/\",\"url\":\"https:\\\/\\\/www.eldiario.net\\\/portal\\\/wp-content\\\/uploads\\\/2023\\\/07\\\/logo_ED.jpg\",\"contentUrl\":\"https:\\\/\\\/www.eldiario.net\\\/portal\\\/wp-content\\\/uploads\\\/2023\\\/07\\\/logo_ED.jpg\",\"width\":272,\"height\":52,\"caption\":\"El Diario - Decano de la prensa nacional\"},\"image\":{\"@id\":\"https:\\\/\\\/www.eldiario.net\\\/portal\\\/#\\\/schema\\\/logo\\\/image\\\/\"},\"sameAs\":[\"https:\\\/\\\/www.facebook.com\\\/eldiario.bolivia\\\/\",\"https:\\\/\\\/x.com\\\/eldiario_net\"]},{\"@type\":\"Person\",\"@id\":\"https:\\\/\\\/www.eldiario.net\\\/portal\\\/#\\\/schema\\\/person\\\/2c57cf2b7a7ae032e449e4c9b1019eac\",\"name\":\"Jeanette\",\"image\":{\"@type\":\"ImageObject\",\"inLanguage\":\"es\",\"@id\":\"https:\\\/\\\/secure.gravatar.com\\\/avatar\\\/3ea2118a5f7dad2b7138b1187a6b7ee55f160b9968b66013c3a3ef39dd7e5798?s=96&d=mm&r=g\",\"url\":\"https:\\\/\\\/secure.gravatar.com\\\/avatar\\\/3ea2118a5f7dad2b7138b1187a6b7ee55f160b9968b66013c3a3ef39dd7e5798?s=96&d=mm&r=g\",\"contentUrl\":\"https:\\\/\\\/secure.gravatar.com\\\/avatar\\\/3ea2118a5f7dad2b7138b1187a6b7ee55f160b9968b66013c3a3ef39dd7e5798?s=96&d=mm&r=g\",\"caption\":\"Jeanette\"},\"sameAs\":[\"https:\\\/\\\/www.eldiario.net\\\/portal\"],\"url\":\"https:\\\/\\\/www.eldiario.net\\\/portal\\\/author\\\/jeanette\\\/\"}]}<\/script>\n<!-- \/ Yoast SEO plugin. -->","yoast_head_json":{"title":"La UPB presenta EmprendElla - El Diario - Bolivia","robots":{"index":"index","follow":"follow","max-snippet":"max-snippet:-1","max-image-preview":"max-image-preview:large","max-video-preview":"max-video-preview:-1"},"canonical":"https:\/\/www.eldiario.net\/portal\/2024\/04\/15\/la-upb-presenta-emprendella\/","og_locale":"es_ES","og_type":"article","og_title":"La UPB presenta EmprendElla - El Diario - Bolivia","og_description":"La Paz, Bolivia. La UPB alberg\u00f3 la presentaci\u00f3n oficial de EmprendElla, la primera plataforma electr\u00f3nica de venta con alto impacto social para uso exclusivo de las mujeres emprendedoras. La ceremonia de lanzamiento se llev\u00f3 a cabo el pasado 02 de abril, en el Auditorio del Edificio de Postgrado de la UPB, ubicado en la Av. [&hellip;]","og_url":"https:\/\/www.eldiario.net\/portal\/2024\/04\/15\/la-upb-presenta-emprendella\/","og_site_name":"El Diario - Bolivia","article_publisher":"https:\/\/www.facebook.com\/eldiario.bolivia\/","article_published_time":"2024-04-15T12:03:18+00:00","og_image":[{"width":2560,"height":1920,"url":"https:\/\/www.eldiario.net\/portal\/wp-content\/uploads\/2024\/04\/5-A-2-scaled.jpg","type":"image\/jpeg"}],"author":"Jeanette","twitter_card":"summary_large_image","twitter_creator":"@eldiario_net","twitter_site":"@eldiario_net","twitter_misc":{"Escrito por":"Jeanette","Tiempo de lectura":"3 minutos"},"schema":{"@context":"https:\/\/schema.org","@graph":[{"@type":"Article","@id":"https:\/\/www.eldiario.net\/portal\/2024\/04\/15\/la-upb-presenta-emprendella\/#article","isPartOf":{"@id":"https:\/\/www.eldiario.net\/portal\/2024\/04\/15\/la-upb-presenta-emprendella\/"},"author":{"name":"Jeanette","@id":"https:\/\/www.eldiario.net\/portal\/#\/schema\/person\/2c57cf2b7a7ae032e449e4c9b1019eac"},"headline":"La UPB presenta EmprendElla","datePublished":"2024-04-15T12:03:18+00:00","mainEntityOfPage":{"@id":"https:\/\/www.eldiario.net\/portal\/2024\/04\/15\/la-upb-presenta-emprendella\/"},"wordCount":604,"commentCount":0,"publisher":{"@id":"https:\/\/www.eldiario.net\/portal\/#organization"},"image":{"@id":"https:\/\/www.eldiario.net\/portal\/2024\/04\/15\/la-upb-presenta-emprendella\/#primaryimage"},"thumbnailUrl":"https:\/\/www.eldiario.net\/portal\/wp-content\/uploads\/2024\/04\/5-A-2-scaled.jpg","articleSection":["Ciencia y Computaci\u00f3n"],"inLanguage":"es","potentialAction":[{"@type":"CommentAction","name":"Comment","target":["https:\/\/www.eldiario.net\/portal\/2024\/04\/15\/la-upb-presenta-emprendella\/#respond"]}]},{"@type":"WebPage","@id":"https:\/\/www.eldiario.net\/portal\/2024\/04\/15\/la-upb-presenta-emprendella\/","url":"https:\/\/www.eldiario.net\/portal\/2024\/04\/15\/la-upb-presenta-emprendella\/","name":"La UPB presenta EmprendElla - El Diario - Bolivia","isPartOf":{"@id":"https:\/\/www.eldiario.net\/portal\/#website"},"primaryImageOfPage":{"@id":"https:\/\/www.eldiario.net\/portal\/2024\/04\/15\/la-upb-presenta-emprendella\/#primaryimage"},"image":{"@id":"https:\/\/www.eldiario.net\/portal\/2024\/04\/15\/la-upb-presenta-emprendella\/#primaryimage"},"thumbnailUrl":"https:\/\/www.eldiario.net\/portal\/wp-content\/uploads\/2024\/04\/5-A-2-scaled.jpg","datePublished":"2024-04-15T12:03:18+00:00","breadcrumb":{"@id":"https:\/\/www.eldiario.net\/portal\/2024\/04\/15\/la-upb-presenta-emprendella\/#breadcrumb"},"inLanguage":"es","potentialAction":[{"@type":"ReadAction","target":["https:\/\/www.eldiario.net\/portal\/2024\/04\/15\/la-upb-presenta-emprendella\/"]}]},{"@type":"ImageObject","inLanguage":"es","@id":"https:\/\/www.eldiario.net\/portal\/2024\/04\/15\/la-upb-presenta-emprendella\/#primaryimage","url":"https:\/\/www.eldiario.net\/portal\/wp-content\/uploads\/2024\/04\/5-A-2-scaled.jpg","contentUrl":"https:\/\/www.eldiario.net\/portal\/wp-content\/uploads\/2024\/04\/5-A-2-scaled.jpg","width":2560,"height":1920},{"@type":"BreadcrumbList","@id":"https:\/\/www.eldiario.net\/portal\/2024\/04\/15\/la-upb-presenta-emprendella\/#breadcrumb","itemListElement":[{"@type":"ListItem","position":1,"name":"Portada","item":"https:\/\/www.eldiario.net\/portal\/"},{"@type":"ListItem","position":2,"name":"La UPB presenta EmprendElla"}]},{"@type":"WebSite","@id":"https:\/\/www.eldiario.net\/portal\/#website","url":"https:\/\/www.eldiario.net\/portal\/","name":"El Diario - Decano de la prensa nacional","description":"El Diario - Decano de la prensa nacional","publisher":{"@id":"https:\/\/www.eldiario.net\/portal\/#organization"},"potentialAction":[{"@type":"SearchAction","target":{"@type":"EntryPoint","urlTemplate":"https:\/\/www.eldiario.net\/portal\/?s={search_term_string}"},"query-input":{"@type":"PropertyValueSpecification","valueRequired":true,"valueName":"search_term_string"}}],"inLanguage":"es"},{"@type":"Organization","@id":"https:\/\/www.eldiario.net\/portal\/#organization","name":"El Diario - Decano de la prensa nacional","url":"https:\/\/www.eldiario.net\/portal\/","logo":{"@type":"ImageObject","inLanguage":"es","@id":"https:\/\/www.eldiario.net\/portal\/#\/schema\/logo\/image\/","url":"https:\/\/www.eldiario.net\/portal\/wp-content\/uploads\/2023\/07\/logo_ED.jpg","contentUrl":"https:\/\/www.eldiario.net\/portal\/wp-content\/uploads\/2023\/07\/logo_ED.jpg","width":272,"height":52,"caption":"El Diario - Decano de la prensa nacional"},"image":{"@id":"https:\/\/www.eldiario.net\/portal\/#\/schema\/logo\/image\/"},"sameAs":["https:\/\/www.facebook.com\/eldiario.bolivia\/","https:\/\/x.com\/eldiario_net"]},{"@type":"Person","@id":"https:\/\/www.eldiario.net\/portal\/#\/schema\/person\/2c57cf2b7a7ae032e449e4c9b1019eac","name":"Jeanette","image":{"@type":"ImageObject","inLanguage":"es","@id":"https:\/\/secure.gravatar.com\/avatar\/3ea2118a5f7dad2b7138b1187a6b7ee55f160b9968b66013c3a3ef39dd7e5798?s=96&d=mm&r=g","url":"https:\/\/secure.gravatar.com\/avatar\/3ea2118a5f7dad2b7138b1187a6b7ee55f160b9968b66013c3a3ef39dd7e5798?s=96&d=mm&r=g","contentUrl":"https:\/\/secure.gravatar.com\/avatar\/3ea2118a5f7dad2b7138b1187a6b7ee55f160b9968b66013c3a3ef39dd7e5798?s=96&d=mm&r=g","caption":"Jeanette"},"sameAs":["https:\/\/www.eldiario.net\/portal"],"url":"https:\/\/www.eldiario.net\/portal\/author\/jeanette\/"}]}},"_links":{"self":[{"href":"https:\/\/www.eldiario.net\/portal\/wp-json\/wp\/v2\/posts\/214503","targetHints":{"allow":["GET"]}}],"collection":[{"href":"https:\/\/www.eldiario.net\/portal\/wp-json\/wp\/v2\/posts"}],"about":[{"href":"https:\/\/www.eldiario.net\/portal\/wp-json\/wp\/v2\/types\/post"}],"author":[{"embeddable":true,"href":"https:\/\/www.eldiario.net\/portal\/wp-json\/wp\/v2\/users\/1"}],"replies":[{"embeddable":true,"href":"https:\/\/www.eldiario.net\/portal\/wp-json\/wp\/v2\/comments?post=214503"}],"version-history":[{"count":1,"href":"https:\/\/www.eldiario.net\/portal\/wp-json\/wp\/v2\/posts\/214503\/revisions"}],"predecessor-version":[{"id":214505,"href":"https:\/\/www.eldiario.net\/portal\/wp-json\/wp\/v2\/posts\/214503\/revisions\/214505"}],"wp:featuredmedia":[{"embeddable":true,"href":"https:\/\/www.eldiario.net\/portal\/wp-json\/wp\/v2\/media\/214504"}],"wp:attachment":[{"href":"https:\/\/www.eldiario.net\/portal\/wp-json\/wp\/v2\/media?parent=214503"}],"wp:term":[{"taxonomy":"category","embeddable":true,"href":"https:\/\/www.eldiario.net\/portal\/wp-json\/wp\/v2\/categories?post=214503"},{"taxonomy":"post_tag","embeddable":true,"href":"https:\/\/www.eldiario.net\/portal\/wp-json\/wp\/v2\/tags?post=214503"}],"curies":[{"name":"wp","href":"https:\/\/api.w.org\/{rel}","templated":true}]}}