{"id":21448,"date":"2021-08-05T06:08:03","date_gmt":"2021-08-05T10:08:03","guid":{"rendered":"https:\/\/www.eldiario.net\/portal\/?p=21448"},"modified":"2021-08-05T06:08:03","modified_gmt":"2021-08-05T10:08:03","slug":"rivera-y-bastidas-hacen-el-uno-dos-en-fomento-deportivo","status":"publish","type":"post","link":"https:\/\/www.eldiario.net\/portal\/2021\/08\/05\/rivera-y-bastidas-hacen-el-uno-dos-en-fomento-deportivo\/","title":{"rendered":"Rivera y Bastidas hacen el uno dos en Fomento Deportivo"},"content":{"rendered":"<p>Las amazonas pace\u00f1as Sophie Rivera y Anabella Bastidas se impusieron con sus equinos en la categor\u00eda Fomento Deportivo, rompiendo el avasallante predominio que logr\u00f3 la delegaci\u00f3n de Sata Cruz en la segunda jornada del FEI internacional que se llev\u00f3 adelante este mi\u00e9rcoles en el Country Club de Cochabamba.<\/p>\n<p>Rivera y su caballo \u201cCharlie Brown\u201d y Bastidas con \u201cFant\u00e1stico\u201d lograron una magn\u00edfica performance en en Fomento Deportivo donde sacaron el primer y segundo lugar, dejando en tercer puesto al jinete cruce\u00f1o Erik Mor\u00f3n junto a Emili\u00f3n.<\/p>\n<p>La jornada de ayer, tuvo como jinete destacado a Fernando Bedoya y \u201cMago\u201d quienes ganaron en la categor\u00eda Bronze, mientras Marian Cortez y \u201cBacardi\u201d se impusieron en la categor\u00eda Silver, al igual que Matilde De Paola y \u201cBruce Wayne\u201d que vencieron en la categor\u00eda Gold.<\/p>\n<p>Este jueves por la ma\u00f1ana se desarrollar\u00e1 una nueva jornada del FEI internacional, que se desarrolla con \u00e9xito en Cochabamba.<\/p>\n","protected":false},"excerpt":{"rendered":"<p>Las amazonas pace\u00f1as Sophie Rivera y Anabella Bastidas se impusieron con sus equinos en la categor\u00eda Fomento Deportivo, rompiendo el avasallante predominio que logr\u00f3 la delegaci\u00f3n de Sata Cruz en la segunda jornada del FEI internacional que se llev\u00f3 adelante este mi\u00e9rcoles en el Country Club de Cochabamba. Rivera y su caballo \u201cCharlie Brown\u201d y [&hellip;]<\/p>\n","protected":false},"author":1,"featured_media":21449,"comment_status":"closed","ping_status":"closed","sticky":false,"template":"","format":"standard","meta":{"_acf_changed":false,"footnotes":""},"categories":[6],"tags":[],"class_list":["post-21448","post","type-post","status-publish","format-standard","has-post-thumbnail","category-deportes"],"acf":{"antetitulo":""},"yoast_head":"<!-- This site is optimized with the Yoast SEO plugin v28.4 - https:\/\/yoast.com\/product\/yoast-seo-wordpress\/ -->\n<title>Rivera y Bastidas hacen el uno dos en Fomento Deportivo - El Diario - Bolivia<\/title>\n<meta name=\"robots\" content=\"index, follow, max-snippet:-1, max-image-preview:large, max-video-preview:-1\" \/>\n<link rel=\"canonical\" href=\"https:\/\/www.eldiario.net\/portal\/2021\/08\/05\/rivera-y-bastidas-hacen-el-uno-dos-en-fomento-deportivo\/\" \/>\n<meta property=\"og:locale\" content=\"es_ES\" \/>\n<meta property=\"og:type\" content=\"article\" \/>\n<meta property=\"og:title\" content=\"Rivera y Bastidas hacen el uno dos en Fomento Deportivo - El Diario - Bolivia\" \/>\n<meta property=\"og:description\" content=\"Las amazonas pace\u00f1as Sophie Rivera y Anabella Bastidas se impusieron con sus equinos en la categor\u00eda Fomento Deportivo, rompiendo el avasallante predominio que logr\u00f3 la delegaci\u00f3n de Sata Cruz en la segunda jornada del FEI internacional que se llev\u00f3 adelante este mi\u00e9rcoles en el Country Club de Cochabamba. Rivera y su caballo \u201cCharlie Brown\u201d y [&hellip;]\" \/>\n<meta property=\"og:url\" content=\"https:\/\/www.eldiario.net\/portal\/2021\/08\/05\/rivera-y-bastidas-hacen-el-uno-dos-en-fomento-deportivo\/\" \/>\n<meta property=\"og:site_name\" content=\"El Diario - Bolivia\" \/>\n<meta property=\"article:publisher\" content=\"https:\/\/www.facebook.com\/eldiario.bolivia\/\" \/>\n<meta property=\"article:published_time\" content=\"2021-08-05T10:08:03+00:00\" \/>\n<meta name=\"author\" content=\"Jeanette\" \/>\n<meta name=\"twitter:card\" content=\"summary_large_image\" \/>\n<meta name=\"twitter:creator\" content=\"@eldiario_net\" \/>\n<meta name=\"twitter:site\" content=\"@eldiario_net\" \/>\n<meta name=\"twitter:label1\" content=\"Escrito por\" \/>\n\t<meta name=\"twitter:data1\" content=\"Jeanette\" \/>\n\t<meta name=\"twitter:label2\" content=\"Tiempo de lectura\" \/>\n\t<meta name=\"twitter:data2\" content=\"1 minuto\" \/>\n<script type=\"application\/ld+json\" class=\"yoast-schema-graph\">{\"@context\":\"https:\\\/\\\/schema.org\",\"@graph\":[{\"@type\":\"Article\",\"@id\":\"https:\\\/\\\/www.eldiario.net\\\/portal\\\/2021\\\/08\\\/05\\\/rivera-y-bastidas-hacen-el-uno-dos-en-fomento-deportivo\\\/#article\",\"isPartOf\":{\"@id\":\"https:\\\/\\\/www.eldiario.net\\\/portal\\\/2021\\\/08\\\/05\\\/rivera-y-bastidas-hacen-el-uno-dos-en-fomento-deportivo\\\/\"},\"author\":{\"name\":\"Jeanette\",\"@id\":\"https:\\\/\\\/www.eldiario.net\\\/portal\\\/#\\\/schema\\\/person\\\/2c57cf2b7a7ae032e449e4c9b1019eac\"},\"headline\":\"Rivera y Bastidas hacen el uno dos en Fomento Deportivo\",\"datePublished\":\"2021-08-05T10:08:03+00:00\",\"mainEntityOfPage\":{\"@id\":\"https:\\\/\\\/www.eldiario.net\\\/portal\\\/2021\\\/08\\\/05\\\/rivera-y-bastidas-hacen-el-uno-dos-en-fomento-deportivo\\\/\"},\"wordCount\":173,\"publisher\":{\"@id\":\"https:\\\/\\\/www.eldiario.net\\\/portal\\\/#organization\"},\"image\":{\"@id\":\"https:\\\/\\\/www.eldiario.net\\\/portal\\\/2021\\\/08\\\/05\\\/rivera-y-bastidas-hacen-el-uno-dos-en-fomento-deportivo\\\/#primaryimage\"},\"thumbnailUrl\":\"\",\"articleSection\":[\"Deportes\"],\"inLanguage\":\"es\"},{\"@type\":\"WebPage\",\"@id\":\"https:\\\/\\\/www.eldiario.net\\\/portal\\\/2021\\\/08\\\/05\\\/rivera-y-bastidas-hacen-el-uno-dos-en-fomento-deportivo\\\/\",\"url\":\"https:\\\/\\\/www.eldiario.net\\\/portal\\\/2021\\\/08\\\/05\\\/rivera-y-bastidas-hacen-el-uno-dos-en-fomento-deportivo\\\/\",\"name\":\"Rivera y Bastidas hacen el uno dos en Fomento Deportivo - El Diario - Bolivia\",\"isPartOf\":{\"@id\":\"https:\\\/\\\/www.eldiario.net\\\/portal\\\/#website\"},\"primaryImageOfPage\":{\"@id\":\"https:\\\/\\\/www.eldiario.net\\\/portal\\\/2021\\\/08\\\/05\\\/rivera-y-bastidas-hacen-el-uno-dos-en-fomento-deportivo\\\/#primaryimage\"},\"image\":{\"@id\":\"https:\\\/\\\/www.eldiario.net\\\/portal\\\/2021\\\/08\\\/05\\\/rivera-y-bastidas-hacen-el-uno-dos-en-fomento-deportivo\\\/#primaryimage\"},\"thumbnailUrl\":\"\",\"datePublished\":\"2021-08-05T10:08:03+00:00\",\"breadcrumb\":{\"@id\":\"https:\\\/\\\/www.eldiario.net\\\/portal\\\/2021\\\/08\\\/05\\\/rivera-y-bastidas-hacen-el-uno-dos-en-fomento-deportivo\\\/#breadcrumb\"},\"inLanguage\":\"es\",\"potentialAction\":[{\"@type\":\"ReadAction\",\"target\":[\"https:\\\/\\\/www.eldiario.net\\\/portal\\\/2021\\\/08\\\/05\\\/rivera-y-bastidas-hacen-el-uno-dos-en-fomento-deportivo\\\/\"]}]},{\"@type\":\"ImageObject\",\"inLanguage\":\"es\",\"@id\":\"https:\\\/\\\/www.eldiario.net\\\/portal\\\/2021\\\/08\\\/05\\\/rivera-y-bastidas-hacen-el-uno-dos-en-fomento-deportivo\\\/#primaryimage\",\"url\":\"\",\"contentUrl\":\"\"},{\"@type\":\"BreadcrumbList\",\"@id\":\"https:\\\/\\\/www.eldiario.net\\\/portal\\\/2021\\\/08\\\/05\\\/rivera-y-bastidas-hacen-el-uno-dos-en-fomento-deportivo\\\/#breadcrumb\",\"itemListElement\":[{\"@type\":\"ListItem\",\"position\":1,\"name\":\"Portada\",\"item\":\"https:\\\/\\\/www.eldiario.net\\\/portal\\\/\"},{\"@type\":\"ListItem\",\"position\":2,\"name\":\"Rivera y Bastidas hacen el uno dos en Fomento Deportivo\"}]},{\"@type\":\"WebSite\",\"@id\":\"https:\\\/\\\/www.eldiario.net\\\/portal\\\/#website\",\"url\":\"https:\\\/\\\/www.eldiario.net\\\/portal\\\/\",\"name\":\"El Diario - Decano de la prensa nacional\",\"description\":\"El Diario - Decano de la prensa nacional\",\"publisher\":{\"@id\":\"https:\\\/\\\/www.eldiario.net\\\/portal\\\/#organization\"},\"potentialAction\":[{\"@type\":\"SearchAction\",\"target\":{\"@type\":\"EntryPoint\",\"urlTemplate\":\"https:\\\/\\\/www.eldiario.net\\\/portal\\\/?s={search_term_string}\"},\"query-input\":{\"@type\":\"PropertyValueSpecification\",\"valueRequired\":true,\"valueName\":\"search_term_string\"}}],\"inLanguage\":\"es\"},{\"@type\":\"Organization\",\"@id\":\"https:\\\/\\\/www.eldiario.net\\\/portal\\\/#organization\",\"name\":\"El Diario - Decano de la prensa nacional\",\"url\":\"https:\\\/\\\/www.eldiario.net\\\/portal\\\/\",\"logo\":{\"@type\":\"ImageObject\",\"inLanguage\":\"es\",\"@id\":\"https:\\\/\\\/www.eldiario.net\\\/portal\\\/#\\\/schema\\\/logo\\\/image\\\/\",\"url\":\"https:\\\/\\\/www.eldiario.net\\\/portal\\\/wp-content\\\/uploads\\\/2023\\\/07\\\/logo_ED.jpg\",\"contentUrl\":\"https:\\\/\\\/www.eldiario.net\\\/portal\\\/wp-content\\\/uploads\\\/2023\\\/07\\\/logo_ED.jpg\",\"width\":272,\"height\":52,\"caption\":\"El Diario - Decano de la prensa nacional\"},\"image\":{\"@id\":\"https:\\\/\\\/www.eldiario.net\\\/portal\\\/#\\\/schema\\\/logo\\\/image\\\/\"},\"sameAs\":[\"https:\\\/\\\/www.facebook.com\\\/eldiario.bolivia\\\/\",\"https:\\\/\\\/x.com\\\/eldiario_net\"]},{\"@type\":\"Person\",\"@id\":\"https:\\\/\\\/www.eldiario.net\\\/portal\\\/#\\\/schema\\\/person\\\/2c57cf2b7a7ae032e449e4c9b1019eac\",\"name\":\"Jeanette\",\"image\":{\"@type\":\"ImageObject\",\"inLanguage\":\"es\",\"@id\":\"https:\\\/\\\/secure.gravatar.com\\\/avatar\\\/3ea2118a5f7dad2b7138b1187a6b7ee55f160b9968b66013c3a3ef39dd7e5798?s=96&d=mm&r=g\",\"url\":\"https:\\\/\\\/secure.gravatar.com\\\/avatar\\\/3ea2118a5f7dad2b7138b1187a6b7ee55f160b9968b66013c3a3ef39dd7e5798?s=96&d=mm&r=g\",\"contentUrl\":\"https:\\\/\\\/secure.gravatar.com\\\/avatar\\\/3ea2118a5f7dad2b7138b1187a6b7ee55f160b9968b66013c3a3ef39dd7e5798?s=96&d=mm&r=g\",\"caption\":\"Jeanette\"},\"sameAs\":[\"https:\\\/\\\/www.eldiario.net\\\/portal\"],\"url\":\"https:\\\/\\\/www.eldiario.net\\\/portal\\\/author\\\/jeanette\\\/\"}]}<\/script>\n<!-- \/ Yoast SEO plugin. -->","yoast_head_json":{"title":"Rivera y Bastidas hacen el uno dos en Fomento Deportivo - El Diario - Bolivia","robots":{"index":"index","follow":"follow","max-snippet":"max-snippet:-1","max-image-preview":"max-image-preview:large","max-video-preview":"max-video-preview:-1"},"canonical":"https:\/\/www.eldiario.net\/portal\/2021\/08\/05\/rivera-y-bastidas-hacen-el-uno-dos-en-fomento-deportivo\/","og_locale":"es_ES","og_type":"article","og_title":"Rivera y Bastidas hacen el uno dos en Fomento Deportivo - El Diario - Bolivia","og_description":"Las amazonas pace\u00f1as Sophie Rivera y Anabella Bastidas se impusieron con sus equinos en la categor\u00eda Fomento Deportivo, rompiendo el avasallante predominio que logr\u00f3 la delegaci\u00f3n de Sata Cruz en la segunda jornada del FEI internacional que se llev\u00f3 adelante este mi\u00e9rcoles en el Country Club de Cochabamba. Rivera y su caballo \u201cCharlie Brown\u201d y [&hellip;]","og_url":"https:\/\/www.eldiario.net\/portal\/2021\/08\/05\/rivera-y-bastidas-hacen-el-uno-dos-en-fomento-deportivo\/","og_site_name":"El Diario - Bolivia","article_publisher":"https:\/\/www.facebook.com\/eldiario.bolivia\/","article_published_time":"2021-08-05T10:08:03+00:00","author":"Jeanette","twitter_card":"summary_large_image","twitter_creator":"@eldiario_net","twitter_site":"@eldiario_net","twitter_misc":{"Escrito por":"Jeanette","Tiempo de lectura":"1 minuto"},"schema":{"@context":"https:\/\/schema.org","@graph":[{"@type":"Article","@id":"https:\/\/www.eldiario.net\/portal\/2021\/08\/05\/rivera-y-bastidas-hacen-el-uno-dos-en-fomento-deportivo\/#article","isPartOf":{"@id":"https:\/\/www.eldiario.net\/portal\/2021\/08\/05\/rivera-y-bastidas-hacen-el-uno-dos-en-fomento-deportivo\/"},"author":{"name":"Jeanette","@id":"https:\/\/www.eldiario.net\/portal\/#\/schema\/person\/2c57cf2b7a7ae032e449e4c9b1019eac"},"headline":"Rivera y Bastidas hacen el uno dos en Fomento Deportivo","datePublished":"2021-08-05T10:08:03+00:00","mainEntityOfPage":{"@id":"https:\/\/www.eldiario.net\/portal\/2021\/08\/05\/rivera-y-bastidas-hacen-el-uno-dos-en-fomento-deportivo\/"},"wordCount":173,"publisher":{"@id":"https:\/\/www.eldiario.net\/portal\/#organization"},"image":{"@id":"https:\/\/www.eldiario.net\/portal\/2021\/08\/05\/rivera-y-bastidas-hacen-el-uno-dos-en-fomento-deportivo\/#primaryimage"},"thumbnailUrl":"","articleSection":["Deportes"],"inLanguage":"es"},{"@type":"WebPage","@id":"https:\/\/www.eldiario.net\/portal\/2021\/08\/05\/rivera-y-bastidas-hacen-el-uno-dos-en-fomento-deportivo\/","url":"https:\/\/www.eldiario.net\/portal\/2021\/08\/05\/rivera-y-bastidas-hacen-el-uno-dos-en-fomento-deportivo\/","name":"Rivera y Bastidas hacen el uno dos en Fomento Deportivo - El Diario - Bolivia","isPartOf":{"@id":"https:\/\/www.eldiario.net\/portal\/#website"},"primaryImageOfPage":{"@id":"https:\/\/www.eldiario.net\/portal\/2021\/08\/05\/rivera-y-bastidas-hacen-el-uno-dos-en-fomento-deportivo\/#primaryimage"},"image":{"@id":"https:\/\/www.eldiario.net\/portal\/2021\/08\/05\/rivera-y-bastidas-hacen-el-uno-dos-en-fomento-deportivo\/#primaryimage"},"thumbnailUrl":"","datePublished":"2021-08-05T10:08:03+00:00","breadcrumb":{"@id":"https:\/\/www.eldiario.net\/portal\/2021\/08\/05\/rivera-y-bastidas-hacen-el-uno-dos-en-fomento-deportivo\/#breadcrumb"},"inLanguage":"es","potentialAction":[{"@type":"ReadAction","target":["https:\/\/www.eldiario.net\/portal\/2021\/08\/05\/rivera-y-bastidas-hacen-el-uno-dos-en-fomento-deportivo\/"]}]},{"@type":"ImageObject","inLanguage":"es","@id":"https:\/\/www.eldiario.net\/portal\/2021\/08\/05\/rivera-y-bastidas-hacen-el-uno-dos-en-fomento-deportivo\/#primaryimage","url":"","contentUrl":""},{"@type":"BreadcrumbList","@id":"https:\/\/www.eldiario.net\/portal\/2021\/08\/05\/rivera-y-bastidas-hacen-el-uno-dos-en-fomento-deportivo\/#breadcrumb","itemListElement":[{"@type":"ListItem","position":1,"name":"Portada","item":"https:\/\/www.eldiario.net\/portal\/"},{"@type":"ListItem","position":2,"name":"Rivera y Bastidas hacen el uno dos en Fomento Deportivo"}]},{"@type":"WebSite","@id":"https:\/\/www.eldiario.net\/portal\/#website","url":"https:\/\/www.eldiario.net\/portal\/","name":"El Diario - Decano de la prensa nacional","description":"El Diario - Decano de la prensa nacional","publisher":{"@id":"https:\/\/www.eldiario.net\/portal\/#organization"},"potentialAction":[{"@type":"SearchAction","target":{"@type":"EntryPoint","urlTemplate":"https:\/\/www.eldiario.net\/portal\/?s={search_term_string}"},"query-input":{"@type":"PropertyValueSpecification","valueRequired":true,"valueName":"search_term_string"}}],"inLanguage":"es"},{"@type":"Organization","@id":"https:\/\/www.eldiario.net\/portal\/#organization","name":"El Diario - Decano de la prensa nacional","url":"https:\/\/www.eldiario.net\/portal\/","logo":{"@type":"ImageObject","inLanguage":"es","@id":"https:\/\/www.eldiario.net\/portal\/#\/schema\/logo\/image\/","url":"https:\/\/www.eldiario.net\/portal\/wp-content\/uploads\/2023\/07\/logo_ED.jpg","contentUrl":"https:\/\/www.eldiario.net\/portal\/wp-content\/uploads\/2023\/07\/logo_ED.jpg","width":272,"height":52,"caption":"El Diario - Decano de la prensa nacional"},"image":{"@id":"https:\/\/www.eldiario.net\/portal\/#\/schema\/logo\/image\/"},"sameAs":["https:\/\/www.facebook.com\/eldiario.bolivia\/","https:\/\/x.com\/eldiario_net"]},{"@type":"Person","@id":"https:\/\/www.eldiario.net\/portal\/#\/schema\/person\/2c57cf2b7a7ae032e449e4c9b1019eac","name":"Jeanette","image":{"@type":"ImageObject","inLanguage":"es","@id":"https:\/\/secure.gravatar.com\/avatar\/3ea2118a5f7dad2b7138b1187a6b7ee55f160b9968b66013c3a3ef39dd7e5798?s=96&d=mm&r=g","url":"https:\/\/secure.gravatar.com\/avatar\/3ea2118a5f7dad2b7138b1187a6b7ee55f160b9968b66013c3a3ef39dd7e5798?s=96&d=mm&r=g","contentUrl":"https:\/\/secure.gravatar.com\/avatar\/3ea2118a5f7dad2b7138b1187a6b7ee55f160b9968b66013c3a3ef39dd7e5798?s=96&d=mm&r=g","caption":"Jeanette"},"sameAs":["https:\/\/www.eldiario.net\/portal"],"url":"https:\/\/www.eldiario.net\/portal\/author\/jeanette\/"}]}},"_links":{"self":[{"href":"https:\/\/www.eldiario.net\/portal\/wp-json\/wp\/v2\/posts\/21448","targetHints":{"allow":["GET"]}}],"collection":[{"href":"https:\/\/www.eldiario.net\/portal\/wp-json\/wp\/v2\/posts"}],"about":[{"href":"https:\/\/www.eldiario.net\/portal\/wp-json\/wp\/v2\/types\/post"}],"author":[{"embeddable":true,"href":"https:\/\/www.eldiario.net\/portal\/wp-json\/wp\/v2\/users\/1"}],"replies":[{"embeddable":true,"href":"https:\/\/www.eldiario.net\/portal\/wp-json\/wp\/v2\/comments?post=21448"}],"version-history":[{"count":0,"href":"https:\/\/www.eldiario.net\/portal\/wp-json\/wp\/v2\/posts\/21448\/revisions"}],"wp:attachment":[{"href":"https:\/\/www.eldiario.net\/portal\/wp-json\/wp\/v2\/media?parent=21448"}],"wp:term":[{"taxonomy":"category","embeddable":true,"href":"https:\/\/www.eldiario.net\/portal\/wp-json\/wp\/v2\/categories?post=21448"},{"taxonomy":"post_tag","embeddable":true,"href":"https:\/\/www.eldiario.net\/portal\/wp-json\/wp\/v2\/tags?post=21448"}],"curies":[{"name":"wp","href":"https:\/\/api.w.org\/{rel}","templated":true}]}}