{"id":214279,"date":"2024-04-14T07:07:13","date_gmt":"2024-04-14T11:07:13","guid":{"rendered":"https:\/\/www.eldiario.net\/portal\/?p=214279"},"modified":"2024-04-14T07:11:44","modified_gmt":"2024-04-14T11:11:44","slug":"la-fisioterapia-una-rama-de-la-medicina","status":"publish","type":"post","link":"https:\/\/www.eldiario.net\/portal\/2024\/04\/14\/la-fisioterapia-una-rama-de-la-medicina\/","title":{"rendered":"La Fisioterapia, una rama de la medicina"},"content":{"rendered":"<p><strong>Lic. Anthony R. Torrez Aramayo \u2013 Fisioterapeuta y Kinesi\u00f3logo<\/strong><\/p>\n<p>La fisioterapia es una rama de la medicina, que no utiliza f\u00e1rmacos, sino medios f\u00edsicos, como la electroterapia, el calor, frio, etc., con el fin de recuperar, readaptar y potenciar la vida de los pacientes.<\/p>\n<p><strong>Aporte social de la fisioterapia<\/strong><\/p>\n<p>La tarea del fisioterapeuta se caracteriza por un incansable trabajo para lograr prevenir, curar y mejorar las patolog\u00edas relacionadas con el sistema musculoesqul\u00e9tico, as\u00ed como tambi\u00e9n la correcci\u00f3n de las posturas.<\/p>\n<p><strong>\u00c1reas de trabajo de los fisioterapeutas<\/strong><\/p>\n<p>El desarrollo profesional de los fisioterapeutas es muy amplio, si se parte de la base de que se trata de una profesi\u00f3n de apoyo a los m\u00e9dicos en todas sus especialidades. En este sentido, el \u00e1mbito laboral por excelencia en el que se podr\u00e1 desarrollar como tal ser\u00e1:<\/p>\n<p>1) Colegios integradores:<\/p>\n<p>Se trata de instituciones educativas que prestan servicios educativos a ni\u00f1os con capacidades diferentes. De esta manera se colabora para que puedan insertarse en la sociedad que los rodea, desarrollar sus estudios y llegar a obtener un puesto de trabajo acorde a sus posibilidades.<\/p>\n<p>2) Colegios especiales:<\/p>\n<p>Son aquellas instituciones educativas que se dedican a prestar sus servicios a j\u00f3venes que a pesar de su capacidad, necesitan de asistencia especial.<\/p>\n<p>3) Clubes, campos de deportes, gimnasios:<\/p>\n<p>La funci\u00f3n del fisioterapeuta en este caso es la de contribuir a la mejora en los rendimientos f\u00edsicos, correcci\u00f3n de posturas y de metodolog\u00edas de la pr\u00e1ctica deportiva para proteger los m\u00fasculos y el resto del cuerpo.<\/p>\n<p>4) Centros de salud:<\/p>\n<p>En ellos se desarrollan tareas preventivas, capacitaci\u00f3n a la comunidad, tratamiento de patolog\u00edas de sencilla soluci\u00f3n, seguimiento de pacientes cr\u00f3nicos, etc.<\/p>\n<p>5) Hospitales:<\/p>\n<p>Seg\u00fan la complejidad de la que disponen se encontrar\u00e1n departamentos especializados en Fisioterapia que desarrollar\u00e1n sus labores en equipo con especialidades m\u00e9dicas como la neurolog\u00eda, traumatolog\u00eda, neumonologia, pediatr\u00eda, medicina ocupacional, etc.)<\/p>\n<p>6) Hospitales especializados:<\/p>\n<p>En este caso se trata de nosocomios que desarrollan con mayor amplitud algunos de los campos de estudio de la medicina. Algunos de los ejemplos en los que pueden desarrollarse son paraplejias, enfermedades neurol\u00f3gicas, card\u00edacas, respiratorias, entre otras).<\/p>\n<p>7) Nosocomios psiqui\u00e1tricos:<\/p>\n<p>Las labores en este caso consisten en contribuir a la mejora en la calidad de vida de los pacientes internados, para que puedan insertarse en la sociedad.<\/p>\n<p>8) Residencias de adultos mayores:<\/p>\n<p>Se desarrollan tareas de tipo preventivo, as\u00ed como tambi\u00e9n tratamientos en los domicilios, a fin de velar por el bienestar de los pacientes que all\u00ed residen.<\/p>\n<p>9) Empresas:<\/p>\n<p>En este caso se desarrolla a la par de la medicina ocupacional, corrigiendo problemas posturales, realizando tratamiento de recuperaci\u00f3n luego de la ocurrencia de enfermedades profesionales y accidentes producidos en hecho y ocasi\u00f3n del trabajo.<\/p>\n<p>10) Administraci\u00f3n y gesti\u00f3n:<\/p>\n<p>Las especializaciones, como gestores en empresas de salud, tambi\u00e9n constituye un \u00e1rea en la que pueden desempe\u00f1arse exitosamente los fisioterapeutas. Para ello, se requiere una formaci\u00f3n adicional en temas espec\u00edficos de administraci\u00f3n de empresas de salud a fin de poder realizar la tarea exitosamente.<\/p>\n<p>11) Balnearios y centros de est\u00e9tica:<\/p>\n<p>Contribuye a mejorar el estilo de vida de aquellos que eligen dar un cambio en su apariencia est\u00e9tica o que buscan la relajaci\u00f3n en balnearios.<\/p>\n<p>12) Asociaciones de autoayuda:<\/p>\n<p>El aporte del fisioterapeuta va desde la capacitaci\u00f3n a quienes asisten hasta el tratamiento de patolog\u00edas de diversa naturaleza, su seguimiento y control peri\u00f3dico.<\/p>\n<p>13) Centros educativos:<\/p>\n<p>En las instituciones de ense\u00f1anza se puede desempe\u00f1ar en la capacitaci\u00f3n de colegas, estudiantes, profesionales de especialidades conexas, p\u00fablico en general que se encuentre interesado, profesores de educaci\u00f3n f\u00edsica, etc.<\/p>\n","protected":false},"excerpt":{"rendered":"<p>Lic. Anthony R. Torrez Aramayo \u2013 Fisioterapeuta y Kinesi\u00f3logo La fisioterapia es una rama de la medicina, que no utiliza f\u00e1rmacos, sino medios f\u00edsicos, como la electroterapia, el calor, frio, etc., con el fin de recuperar, readaptar y potenciar la vida de los pacientes. Aporte social de la fisioterapia La tarea del fisioterapeuta se caracteriza [&hellip;]<\/p>\n","protected":false},"author":1,"featured_media":214280,"comment_status":"open","ping_status":"open","sticky":false,"template":"","format":"standard","meta":{"_acf_changed":false,"footnotes":""},"categories":[52],"tags":[],"class_list":["post-214279","post","type-post","status-publish","format-standard","has-post-thumbnail","category-de-salud-mas-vida"],"acf":{"antetitulo":""},"yoast_head":"<!-- This site is optimized with the Yoast SEO plugin v28.4 - https:\/\/yoast.com\/product\/yoast-seo-wordpress\/ -->\n<title>La Fisioterapia, una rama de la medicina - El Diario - Bolivia<\/title>\n<meta name=\"robots\" content=\"index, follow, max-snippet:-1, max-image-preview:large, max-video-preview:-1\" \/>\n<link rel=\"canonical\" href=\"https:\/\/www.eldiario.net\/portal\/2024\/04\/14\/la-fisioterapia-una-rama-de-la-medicina\/\" \/>\n<meta property=\"og:locale\" content=\"es_ES\" \/>\n<meta property=\"og:type\" content=\"article\" \/>\n<meta property=\"og:title\" content=\"La Fisioterapia, una rama de la medicina - El Diario - Bolivia\" \/>\n<meta property=\"og:description\" content=\"Lic. Anthony R. Torrez Aramayo \u2013 Fisioterapeuta y Kinesi\u00f3logo La fisioterapia es una rama de la medicina, que no utiliza f\u00e1rmacos, sino medios f\u00edsicos, como la electroterapia, el calor, frio, etc., con el fin de recuperar, readaptar y potenciar la vida de los pacientes. Aporte social de la fisioterapia La tarea del fisioterapeuta se caracteriza [&hellip;]\" \/>\n<meta property=\"og:url\" content=\"https:\/\/www.eldiario.net\/portal\/2024\/04\/14\/la-fisioterapia-una-rama-de-la-medicina\/\" \/>\n<meta property=\"og:site_name\" content=\"El Diario - Bolivia\" \/>\n<meta property=\"article:publisher\" content=\"https:\/\/www.facebook.com\/eldiario.bolivia\/\" \/>\n<meta property=\"article:published_time\" content=\"2024-04-14T11:07:13+00:00\" \/>\n<meta property=\"article:modified_time\" content=\"2024-04-14T11:11:44+00:00\" \/>\n<meta property=\"og:image\" content=\"https:\/\/www.eldiario.net\/portal\/wp-content\/uploads\/2024\/04\/La-Fisioterapia-una-rama-de-la-medicina.jpg\" \/>\n\t<meta property=\"og:image:width\" content=\"2500\" \/>\n\t<meta property=\"og:image:height\" content=\"1500\" \/>\n\t<meta property=\"og:image:type\" content=\"image\/jpeg\" \/>\n<meta name=\"author\" content=\"Jeanette\" \/>\n<meta name=\"twitter:card\" content=\"summary_large_image\" \/>\n<meta name=\"twitter:creator\" content=\"@eldiario_net\" \/>\n<meta name=\"twitter:site\" content=\"@eldiario_net\" \/>\n<meta name=\"twitter:label1\" content=\"Escrito por\" \/>\n\t<meta name=\"twitter:data1\" content=\"Jeanette\" \/>\n\t<meta name=\"twitter:label2\" content=\"Tiempo de lectura\" \/>\n\t<meta name=\"twitter:data2\" content=\"3 minutos\" \/>\n<script type=\"application\/ld+json\" class=\"yoast-schema-graph\">{\"@context\":\"https:\\\/\\\/schema.org\",\"@graph\":[{\"@type\":\"Article\",\"@id\":\"https:\\\/\\\/www.eldiario.net\\\/portal\\\/2024\\\/04\\\/14\\\/la-fisioterapia-una-rama-de-la-medicina\\\/#article\",\"isPartOf\":{\"@id\":\"https:\\\/\\\/www.eldiario.net\\\/portal\\\/2024\\\/04\\\/14\\\/la-fisioterapia-una-rama-de-la-medicina\\\/\"},\"author\":{\"name\":\"Jeanette\",\"@id\":\"https:\\\/\\\/www.eldiario.net\\\/portal\\\/#\\\/schema\\\/person\\\/2c57cf2b7a7ae032e449e4c9b1019eac\"},\"headline\":\"La Fisioterapia, una rama de la medicina\",\"datePublished\":\"2024-04-14T11:07:13+00:00\",\"dateModified\":\"2024-04-14T11:11:44+00:00\",\"mainEntityOfPage\":{\"@id\":\"https:\\\/\\\/www.eldiario.net\\\/portal\\\/2024\\\/04\\\/14\\\/la-fisioterapia-una-rama-de-la-medicina\\\/\"},\"wordCount\":633,\"commentCount\":0,\"publisher\":{\"@id\":\"https:\\\/\\\/www.eldiario.net\\\/portal\\\/#organization\"},\"image\":{\"@id\":\"https:\\\/\\\/www.eldiario.net\\\/portal\\\/2024\\\/04\\\/14\\\/la-fisioterapia-una-rama-de-la-medicina\\\/#primaryimage\"},\"thumbnailUrl\":\"https:\\\/\\\/www.eldiario.net\\\/portal\\\/wp-content\\\/uploads\\\/2024\\\/04\\\/La-Fisioterapia-una-rama-de-la-medicina.jpg\",\"articleSection\":[\"De Salud + vida\"],\"inLanguage\":\"es\",\"potentialAction\":[{\"@type\":\"CommentAction\",\"name\":\"Comment\",\"target\":[\"https:\\\/\\\/www.eldiario.net\\\/portal\\\/2024\\\/04\\\/14\\\/la-fisioterapia-una-rama-de-la-medicina\\\/#respond\"]}]},{\"@type\":\"WebPage\",\"@id\":\"https:\\\/\\\/www.eldiario.net\\\/portal\\\/2024\\\/04\\\/14\\\/la-fisioterapia-una-rama-de-la-medicina\\\/\",\"url\":\"https:\\\/\\\/www.eldiario.net\\\/portal\\\/2024\\\/04\\\/14\\\/la-fisioterapia-una-rama-de-la-medicina\\\/\",\"name\":\"La Fisioterapia, una rama de la medicina - El Diario - Bolivia\",\"isPartOf\":{\"@id\":\"https:\\\/\\\/www.eldiario.net\\\/portal\\\/#website\"},\"primaryImageOfPage\":{\"@id\":\"https:\\\/\\\/www.eldiario.net\\\/portal\\\/2024\\\/04\\\/14\\\/la-fisioterapia-una-rama-de-la-medicina\\\/#primaryimage\"},\"image\":{\"@id\":\"https:\\\/\\\/www.eldiario.net\\\/portal\\\/2024\\\/04\\\/14\\\/la-fisioterapia-una-rama-de-la-medicina\\\/#primaryimage\"},\"thumbnailUrl\":\"https:\\\/\\\/www.eldiario.net\\\/portal\\\/wp-content\\\/uploads\\\/2024\\\/04\\\/La-Fisioterapia-una-rama-de-la-medicina.jpg\",\"datePublished\":\"2024-04-14T11:07:13+00:00\",\"dateModified\":\"2024-04-14T11:11:44+00:00\",\"breadcrumb\":{\"@id\":\"https:\\\/\\\/www.eldiario.net\\\/portal\\\/2024\\\/04\\\/14\\\/la-fisioterapia-una-rama-de-la-medicina\\\/#breadcrumb\"},\"inLanguage\":\"es\",\"potentialAction\":[{\"@type\":\"ReadAction\",\"target\":[\"https:\\\/\\\/www.eldiario.net\\\/portal\\\/2024\\\/04\\\/14\\\/la-fisioterapia-una-rama-de-la-medicina\\\/\"]}]},{\"@type\":\"ImageObject\",\"inLanguage\":\"es\",\"@id\":\"https:\\\/\\\/www.eldiario.net\\\/portal\\\/2024\\\/04\\\/14\\\/la-fisioterapia-una-rama-de-la-medicina\\\/#primaryimage\",\"url\":\"https:\\\/\\\/www.eldiario.net\\\/portal\\\/wp-content\\\/uploads\\\/2024\\\/04\\\/La-Fisioterapia-una-rama-de-la-medicina.jpg\",\"contentUrl\":\"https:\\\/\\\/www.eldiario.net\\\/portal\\\/wp-content\\\/uploads\\\/2024\\\/04\\\/La-Fisioterapia-una-rama-de-la-medicina.jpg\",\"width\":2500,\"height\":1500},{\"@type\":\"BreadcrumbList\",\"@id\":\"https:\\\/\\\/www.eldiario.net\\\/portal\\\/2024\\\/04\\\/14\\\/la-fisioterapia-una-rama-de-la-medicina\\\/#breadcrumb\",\"itemListElement\":[{\"@type\":\"ListItem\",\"position\":1,\"name\":\"Portada\",\"item\":\"https:\\\/\\\/www.eldiario.net\\\/portal\\\/\"},{\"@type\":\"ListItem\",\"position\":2,\"name\":\"La Fisioterapia, una rama de la medicina\"}]},{\"@type\":\"WebSite\",\"@id\":\"https:\\\/\\\/www.eldiario.net\\\/portal\\\/#website\",\"url\":\"https:\\\/\\\/www.eldiario.net\\\/portal\\\/\",\"name\":\"El Diario - Decano de la prensa nacional\",\"description\":\"El Diario - Decano de la prensa nacional\",\"publisher\":{\"@id\":\"https:\\\/\\\/www.eldiario.net\\\/portal\\\/#organization\"},\"potentialAction\":[{\"@type\":\"SearchAction\",\"target\":{\"@type\":\"EntryPoint\",\"urlTemplate\":\"https:\\\/\\\/www.eldiario.net\\\/portal\\\/?s={search_term_string}\"},\"query-input\":{\"@type\":\"PropertyValueSpecification\",\"valueRequired\":true,\"valueName\":\"search_term_string\"}}],\"inLanguage\":\"es\"},{\"@type\":\"Organization\",\"@id\":\"https:\\\/\\\/www.eldiario.net\\\/portal\\\/#organization\",\"name\":\"El Diario - Decano de la prensa nacional\",\"url\":\"https:\\\/\\\/www.eldiario.net\\\/portal\\\/\",\"logo\":{\"@type\":\"ImageObject\",\"inLanguage\":\"es\",\"@id\":\"https:\\\/\\\/www.eldiario.net\\\/portal\\\/#\\\/schema\\\/logo\\\/image\\\/\",\"url\":\"https:\\\/\\\/www.eldiario.net\\\/portal\\\/wp-content\\\/uploads\\\/2023\\\/07\\\/logo_ED.jpg\",\"contentUrl\":\"https:\\\/\\\/www.eldiario.net\\\/portal\\\/wp-content\\\/uploads\\\/2023\\\/07\\\/logo_ED.jpg\",\"width\":272,\"height\":52,\"caption\":\"El Diario - Decano de la prensa nacional\"},\"image\":{\"@id\":\"https:\\\/\\\/www.eldiario.net\\\/portal\\\/#\\\/schema\\\/logo\\\/image\\\/\"},\"sameAs\":[\"https:\\\/\\\/www.facebook.com\\\/eldiario.bolivia\\\/\",\"https:\\\/\\\/x.com\\\/eldiario_net\"]},{\"@type\":\"Person\",\"@id\":\"https:\\\/\\\/www.eldiario.net\\\/portal\\\/#\\\/schema\\\/person\\\/2c57cf2b7a7ae032e449e4c9b1019eac\",\"name\":\"Jeanette\",\"image\":{\"@type\":\"ImageObject\",\"inLanguage\":\"es\",\"@id\":\"https:\\\/\\\/secure.gravatar.com\\\/avatar\\\/3ea2118a5f7dad2b7138b1187a6b7ee55f160b9968b66013c3a3ef39dd7e5798?s=96&d=mm&r=g\",\"url\":\"https:\\\/\\\/secure.gravatar.com\\\/avatar\\\/3ea2118a5f7dad2b7138b1187a6b7ee55f160b9968b66013c3a3ef39dd7e5798?s=96&d=mm&r=g\",\"contentUrl\":\"https:\\\/\\\/secure.gravatar.com\\\/avatar\\\/3ea2118a5f7dad2b7138b1187a6b7ee55f160b9968b66013c3a3ef39dd7e5798?s=96&d=mm&r=g\",\"caption\":\"Jeanette\"},\"sameAs\":[\"https:\\\/\\\/www.eldiario.net\\\/portal\"],\"url\":\"https:\\\/\\\/www.eldiario.net\\\/portal\\\/author\\\/jeanette\\\/\"}]}<\/script>\n<!-- \/ Yoast SEO plugin. -->","yoast_head_json":{"title":"La Fisioterapia, una rama de la medicina - El Diario - Bolivia","robots":{"index":"index","follow":"follow","max-snippet":"max-snippet:-1","max-image-preview":"max-image-preview:large","max-video-preview":"max-video-preview:-1"},"canonical":"https:\/\/www.eldiario.net\/portal\/2024\/04\/14\/la-fisioterapia-una-rama-de-la-medicina\/","og_locale":"es_ES","og_type":"article","og_title":"La Fisioterapia, una rama de la medicina - El Diario - Bolivia","og_description":"Lic. Anthony R. Torrez Aramayo \u2013 Fisioterapeuta y Kinesi\u00f3logo La fisioterapia es una rama de la medicina, que no utiliza f\u00e1rmacos, sino medios f\u00edsicos, como la electroterapia, el calor, frio, etc., con el fin de recuperar, readaptar y potenciar la vida de los pacientes. Aporte social de la fisioterapia La tarea del fisioterapeuta se caracteriza [&hellip;]","og_url":"https:\/\/www.eldiario.net\/portal\/2024\/04\/14\/la-fisioterapia-una-rama-de-la-medicina\/","og_site_name":"El Diario - Bolivia","article_publisher":"https:\/\/www.facebook.com\/eldiario.bolivia\/","article_published_time":"2024-04-14T11:07:13+00:00","article_modified_time":"2024-04-14T11:11:44+00:00","og_image":[{"width":2500,"height":1500,"url":"https:\/\/www.eldiario.net\/portal\/wp-content\/uploads\/2024\/04\/La-Fisioterapia-una-rama-de-la-medicina.jpg","type":"image\/jpeg"}],"author":"Jeanette","twitter_card":"summary_large_image","twitter_creator":"@eldiario_net","twitter_site":"@eldiario_net","twitter_misc":{"Escrito por":"Jeanette","Tiempo de lectura":"3 minutos"},"schema":{"@context":"https:\/\/schema.org","@graph":[{"@type":"Article","@id":"https:\/\/www.eldiario.net\/portal\/2024\/04\/14\/la-fisioterapia-una-rama-de-la-medicina\/#article","isPartOf":{"@id":"https:\/\/www.eldiario.net\/portal\/2024\/04\/14\/la-fisioterapia-una-rama-de-la-medicina\/"},"author":{"name":"Jeanette","@id":"https:\/\/www.eldiario.net\/portal\/#\/schema\/person\/2c57cf2b7a7ae032e449e4c9b1019eac"},"headline":"La Fisioterapia, una rama de la medicina","datePublished":"2024-04-14T11:07:13+00:00","dateModified":"2024-04-14T11:11:44+00:00","mainEntityOfPage":{"@id":"https:\/\/www.eldiario.net\/portal\/2024\/04\/14\/la-fisioterapia-una-rama-de-la-medicina\/"},"wordCount":633,"commentCount":0,"publisher":{"@id":"https:\/\/www.eldiario.net\/portal\/#organization"},"image":{"@id":"https:\/\/www.eldiario.net\/portal\/2024\/04\/14\/la-fisioterapia-una-rama-de-la-medicina\/#primaryimage"},"thumbnailUrl":"https:\/\/www.eldiario.net\/portal\/wp-content\/uploads\/2024\/04\/La-Fisioterapia-una-rama-de-la-medicina.jpg","articleSection":["De Salud + vida"],"inLanguage":"es","potentialAction":[{"@type":"CommentAction","name":"Comment","target":["https:\/\/www.eldiario.net\/portal\/2024\/04\/14\/la-fisioterapia-una-rama-de-la-medicina\/#respond"]}]},{"@type":"WebPage","@id":"https:\/\/www.eldiario.net\/portal\/2024\/04\/14\/la-fisioterapia-una-rama-de-la-medicina\/","url":"https:\/\/www.eldiario.net\/portal\/2024\/04\/14\/la-fisioterapia-una-rama-de-la-medicina\/","name":"La Fisioterapia, una rama de la medicina - El Diario - Bolivia","isPartOf":{"@id":"https:\/\/www.eldiario.net\/portal\/#website"},"primaryImageOfPage":{"@id":"https:\/\/www.eldiario.net\/portal\/2024\/04\/14\/la-fisioterapia-una-rama-de-la-medicina\/#primaryimage"},"image":{"@id":"https:\/\/www.eldiario.net\/portal\/2024\/04\/14\/la-fisioterapia-una-rama-de-la-medicina\/#primaryimage"},"thumbnailUrl":"https:\/\/www.eldiario.net\/portal\/wp-content\/uploads\/2024\/04\/La-Fisioterapia-una-rama-de-la-medicina.jpg","datePublished":"2024-04-14T11:07:13+00:00","dateModified":"2024-04-14T11:11:44+00:00","breadcrumb":{"@id":"https:\/\/www.eldiario.net\/portal\/2024\/04\/14\/la-fisioterapia-una-rama-de-la-medicina\/#breadcrumb"},"inLanguage":"es","potentialAction":[{"@type":"ReadAction","target":["https:\/\/www.eldiario.net\/portal\/2024\/04\/14\/la-fisioterapia-una-rama-de-la-medicina\/"]}]},{"@type":"ImageObject","inLanguage":"es","@id":"https:\/\/www.eldiario.net\/portal\/2024\/04\/14\/la-fisioterapia-una-rama-de-la-medicina\/#primaryimage","url":"https:\/\/www.eldiario.net\/portal\/wp-content\/uploads\/2024\/04\/La-Fisioterapia-una-rama-de-la-medicina.jpg","contentUrl":"https:\/\/www.eldiario.net\/portal\/wp-content\/uploads\/2024\/04\/La-Fisioterapia-una-rama-de-la-medicina.jpg","width":2500,"height":1500},{"@type":"BreadcrumbList","@id":"https:\/\/www.eldiario.net\/portal\/2024\/04\/14\/la-fisioterapia-una-rama-de-la-medicina\/#breadcrumb","itemListElement":[{"@type":"ListItem","position":1,"name":"Portada","item":"https:\/\/www.eldiario.net\/portal\/"},{"@type":"ListItem","position":2,"name":"La Fisioterapia, una rama de la medicina"}]},{"@type":"WebSite","@id":"https:\/\/www.eldiario.net\/portal\/#website","url":"https:\/\/www.eldiario.net\/portal\/","name":"El Diario - Decano de la prensa nacional","description":"El Diario - Decano de la prensa nacional","publisher":{"@id":"https:\/\/www.eldiario.net\/portal\/#organization"},"potentialAction":[{"@type":"SearchAction","target":{"@type":"EntryPoint","urlTemplate":"https:\/\/www.eldiario.net\/portal\/?s={search_term_string}"},"query-input":{"@type":"PropertyValueSpecification","valueRequired":true,"valueName":"search_term_string"}}],"inLanguage":"es"},{"@type":"Organization","@id":"https:\/\/www.eldiario.net\/portal\/#organization","name":"El Diario - Decano de la prensa nacional","url":"https:\/\/www.eldiario.net\/portal\/","logo":{"@type":"ImageObject","inLanguage":"es","@id":"https:\/\/www.eldiario.net\/portal\/#\/schema\/logo\/image\/","url":"https:\/\/www.eldiario.net\/portal\/wp-content\/uploads\/2023\/07\/logo_ED.jpg","contentUrl":"https:\/\/www.eldiario.net\/portal\/wp-content\/uploads\/2023\/07\/logo_ED.jpg","width":272,"height":52,"caption":"El Diario - Decano de la prensa nacional"},"image":{"@id":"https:\/\/www.eldiario.net\/portal\/#\/schema\/logo\/image\/"},"sameAs":["https:\/\/www.facebook.com\/eldiario.bolivia\/","https:\/\/x.com\/eldiario_net"]},{"@type":"Person","@id":"https:\/\/www.eldiario.net\/portal\/#\/schema\/person\/2c57cf2b7a7ae032e449e4c9b1019eac","name":"Jeanette","image":{"@type":"ImageObject","inLanguage":"es","@id":"https:\/\/secure.gravatar.com\/avatar\/3ea2118a5f7dad2b7138b1187a6b7ee55f160b9968b66013c3a3ef39dd7e5798?s=96&d=mm&r=g","url":"https:\/\/secure.gravatar.com\/avatar\/3ea2118a5f7dad2b7138b1187a6b7ee55f160b9968b66013c3a3ef39dd7e5798?s=96&d=mm&r=g","contentUrl":"https:\/\/secure.gravatar.com\/avatar\/3ea2118a5f7dad2b7138b1187a6b7ee55f160b9968b66013c3a3ef39dd7e5798?s=96&d=mm&r=g","caption":"Jeanette"},"sameAs":["https:\/\/www.eldiario.net\/portal"],"url":"https:\/\/www.eldiario.net\/portal\/author\/jeanette\/"}]}},"_links":{"self":[{"href":"https:\/\/www.eldiario.net\/portal\/wp-json\/wp\/v2\/posts\/214279","targetHints":{"allow":["GET"]}}],"collection":[{"href":"https:\/\/www.eldiario.net\/portal\/wp-json\/wp\/v2\/posts"}],"about":[{"href":"https:\/\/www.eldiario.net\/portal\/wp-json\/wp\/v2\/types\/post"}],"author":[{"embeddable":true,"href":"https:\/\/www.eldiario.net\/portal\/wp-json\/wp\/v2\/users\/1"}],"replies":[{"embeddable":true,"href":"https:\/\/www.eldiario.net\/portal\/wp-json\/wp\/v2\/comments?post=214279"}],"version-history":[{"count":1,"href":"https:\/\/www.eldiario.net\/portal\/wp-json\/wp\/v2\/posts\/214279\/revisions"}],"predecessor-version":[{"id":214281,"href":"https:\/\/www.eldiario.net\/portal\/wp-json\/wp\/v2\/posts\/214279\/revisions\/214281"}],"wp:featuredmedia":[{"embeddable":true,"href":"https:\/\/www.eldiario.net\/portal\/wp-json\/wp\/v2\/media\/214280"}],"wp:attachment":[{"href":"https:\/\/www.eldiario.net\/portal\/wp-json\/wp\/v2\/media?parent=214279"}],"wp:term":[{"taxonomy":"category","embeddable":true,"href":"https:\/\/www.eldiario.net\/portal\/wp-json\/wp\/v2\/categories?post=214279"},{"taxonomy":"post_tag","embeddable":true,"href":"https:\/\/www.eldiario.net\/portal\/wp-json\/wp\/v2\/tags?post=214279"}],"curies":[{"name":"wp","href":"https:\/\/api.w.org\/{rel}","templated":true}]}}