{"id":214276,"date":"2024-04-14T07:06:32","date_gmt":"2024-04-14T11:06:32","guid":{"rendered":"https:\/\/www.eldiario.net\/portal\/?p=214276"},"modified":"2024-04-14T07:11:51","modified_gmt":"2024-04-14T11:11:51","slug":"la-hernia-de-hiato","status":"publish","type":"post","link":"https:\/\/www.eldiario.net\/portal\/2024\/04\/14\/la-hernia-de-hiato\/","title":{"rendered":"LA HERNIA DE HIATO"},"content":{"rendered":"<p>Dra. Carla Ruby Beyl\u00e1n V\u00e1zquez &#8211; Cirug\u00eda General y Laparoscopia<\/p>\n<p>La hernia de hiato se produce cuando la porci\u00f3n superior del est\u00f3mago asciende hacia el t\u00f3rax a trav\u00e9s de una peque\u00f1a abertura que existe en el diafragma (hiato diafragm\u00e1tico).<\/p>\n<p>El diafragma es el m\u00fasculo que separa el t\u00f3rax del abdomen. El hiato diafragm\u00e1tico es parte de la barrera anat\u00f3mica que separa el es\u00f3fago del est\u00f3mago.<\/p>\n<p>Si se desplaza el est\u00f3mago hacia el t\u00f3rax, esta barrera no es efectiva y el contenido g\u00e1strico puede pasar con facilidad al es\u00f3fago. Por lo tanto, la existencia de una hernia de hiato favorece el reflujo gastro-esof\u00e1gico, pero no es su \u00fanica causa. Aunque es m\u00e1s frecuente a partir de los 50 a\u00f1os, existen muchas personas de todas las edades, por lo dem\u00e1s sanas, que presentan hernia de hiato.<\/p>\n<p>Los s\u00edntomas m\u00e1s habituales son:<\/p>\n<ul>\n<li>Ardor o quemaz\u00f3n.<\/li>\n<li>Carraspera.<\/li>\n<li>Asma bronquial.<\/li>\n<li>Dificultad respiratoria.<\/li>\n<\/ul>\n<p>Generalmente hay s\u00edntomas que empeoran tras las comidas, especialmente con los alimentos que favorecen la relajaci\u00f3n del esf\u00ednter o con excesos diet\u00e9ticos.<\/p>\n<p>En muchos casos tambi\u00e9n empeora durante el descanso nocturno o cuando se flexiona el tronco.<\/p>\n<p>Existen diversas complicaciones derivadas del reflujo gastro-esof\u00e1gico, aunque \u00e9stas no ocurren en la mayor\u00eda de los casos. Dependen de la severidad del reflujo en cada sujeto.<\/p>\n<p>La m\u00e1s frecuente es la esofagitis, que es la inflamaci\u00f3n de la mucosa del es\u00f3fago que est\u00e1 expuesta al \u00e1cido. Existen distintos grados, la esofagitis grave pueden ulcerarse y sangrar; cicatrizar de forma irregular, reduciendo el di\u00e1metro de la luz esof\u00e1gica y dificultando el paso de los alimentos.<\/p>\n<p>El diagn\u00f3stico inicial de la hernia de hiato se basa en los s\u00edntomas; sin embargo, si estos son diarios o es necesario mantener tratamiento farmacol\u00f3gico durante m\u00e1s de 2-3 semanas, es conveniente realizar exploraciones m\u00e1s espec\u00edficas.<\/p>\n<p>La hernia de hiato es relativamente frecuente, y afecta hasta un 20 por ciento de la poblaci\u00f3n, acude con tu especialista de confianza.<\/p>\n","protected":false},"excerpt":{"rendered":"<p>Dra. Carla Ruby Beyl\u00e1n V\u00e1zquez &#8211; Cirug\u00eda General y Laparoscopia La hernia de hiato se produce cuando la porci\u00f3n superior del est\u00f3mago asciende hacia el t\u00f3rax a trav\u00e9s de una peque\u00f1a abertura que existe en el diafragma (hiato diafragm\u00e1tico). El diafragma es el m\u00fasculo que separa el t\u00f3rax del abdomen. El hiato diafragm\u00e1tico es parte [&hellip;]<\/p>\n","protected":false},"author":1,"featured_media":214277,"comment_status":"open","ping_status":"open","sticky":false,"template":"","format":"standard","meta":{"_acf_changed":false,"footnotes":""},"categories":[52],"tags":[],"class_list":["post-214276","post","type-post","status-publish","format-standard","has-post-thumbnail","category-de-salud-mas-vida"],"acf":{"antetitulo":""},"yoast_head":"<!-- This site is optimized with the Yoast SEO plugin v28.4 - https:\/\/yoast.com\/product\/yoast-seo-wordpress\/ -->\n<title>LA HERNIA DE HIATO - El Diario - Bolivia<\/title>\n<meta name=\"robots\" content=\"index, follow, max-snippet:-1, max-image-preview:large, max-video-preview:-1\" \/>\n<link rel=\"canonical\" href=\"https:\/\/www.eldiario.net\/portal\/2024\/04\/14\/la-hernia-de-hiato\/\" \/>\n<meta property=\"og:locale\" content=\"es_ES\" \/>\n<meta property=\"og:type\" content=\"article\" \/>\n<meta property=\"og:title\" content=\"LA HERNIA DE HIATO - El Diario - Bolivia\" \/>\n<meta property=\"og:description\" content=\"Dra. Carla Ruby Beyl\u00e1n V\u00e1zquez &#8211; Cirug\u00eda General y Laparoscopia La hernia de hiato se produce cuando la porci\u00f3n superior del est\u00f3mago asciende hacia el t\u00f3rax a trav\u00e9s de una peque\u00f1a abertura que existe en el diafragma (hiato diafragm\u00e1tico). El diafragma es el m\u00fasculo que separa el t\u00f3rax del abdomen. El hiato diafragm\u00e1tico es parte [&hellip;]\" \/>\n<meta property=\"og:url\" content=\"https:\/\/www.eldiario.net\/portal\/2024\/04\/14\/la-hernia-de-hiato\/\" \/>\n<meta property=\"og:site_name\" content=\"El Diario - Bolivia\" \/>\n<meta property=\"article:publisher\" content=\"https:\/\/www.facebook.com\/eldiario.bolivia\/\" \/>\n<meta property=\"article:published_time\" content=\"2024-04-14T11:06:32+00:00\" \/>\n<meta property=\"article:modified_time\" content=\"2024-04-14T11:11:51+00:00\" \/>\n<meta property=\"og:image\" content=\"https:\/\/www.eldiario.net\/portal\/wp-content\/uploads\/2024\/04\/LA-HERNIA-DE-HIATO.jpg\" \/>\n\t<meta property=\"og:image:width\" content=\"710\" \/>\n\t<meta property=\"og:image:height\" content=\"463\" \/>\n\t<meta property=\"og:image:type\" content=\"image\/jpeg\" \/>\n<meta name=\"author\" content=\"Jeanette\" \/>\n<meta name=\"twitter:card\" content=\"summary_large_image\" \/>\n<meta name=\"twitter:creator\" content=\"@eldiario_net\" \/>\n<meta name=\"twitter:site\" content=\"@eldiario_net\" \/>\n<meta name=\"twitter:label1\" content=\"Escrito por\" \/>\n\t<meta name=\"twitter:data1\" content=\"Jeanette\" \/>\n\t<meta name=\"twitter:label2\" content=\"Tiempo de lectura\" \/>\n\t<meta name=\"twitter:data2\" content=\"2 minutos\" \/>\n<script type=\"application\/ld+json\" class=\"yoast-schema-graph\">{\"@context\":\"https:\\\/\\\/schema.org\",\"@graph\":[{\"@type\":\"Article\",\"@id\":\"https:\\\/\\\/www.eldiario.net\\\/portal\\\/2024\\\/04\\\/14\\\/la-hernia-de-hiato\\\/#article\",\"isPartOf\":{\"@id\":\"https:\\\/\\\/www.eldiario.net\\\/portal\\\/2024\\\/04\\\/14\\\/la-hernia-de-hiato\\\/\"},\"author\":{\"name\":\"Jeanette\",\"@id\":\"https:\\\/\\\/www.eldiario.net\\\/portal\\\/#\\\/schema\\\/person\\\/2c57cf2b7a7ae032e449e4c9b1019eac\"},\"headline\":\"LA HERNIA DE HIATO\",\"datePublished\":\"2024-04-14T11:06:32+00:00\",\"dateModified\":\"2024-04-14T11:11:51+00:00\",\"mainEntityOfPage\":{\"@id\":\"https:\\\/\\\/www.eldiario.net\\\/portal\\\/2024\\\/04\\\/14\\\/la-hernia-de-hiato\\\/\"},\"wordCount\":364,\"commentCount\":0,\"publisher\":{\"@id\":\"https:\\\/\\\/www.eldiario.net\\\/portal\\\/#organization\"},\"image\":{\"@id\":\"https:\\\/\\\/www.eldiario.net\\\/portal\\\/2024\\\/04\\\/14\\\/la-hernia-de-hiato\\\/#primaryimage\"},\"thumbnailUrl\":\"https:\\\/\\\/www.eldiario.net\\\/portal\\\/wp-content\\\/uploads\\\/2024\\\/04\\\/LA-HERNIA-DE-HIATO.jpg\",\"articleSection\":[\"De Salud + vida\"],\"inLanguage\":\"es\",\"potentialAction\":[{\"@type\":\"CommentAction\",\"name\":\"Comment\",\"target\":[\"https:\\\/\\\/www.eldiario.net\\\/portal\\\/2024\\\/04\\\/14\\\/la-hernia-de-hiato\\\/#respond\"]}]},{\"@type\":\"WebPage\",\"@id\":\"https:\\\/\\\/www.eldiario.net\\\/portal\\\/2024\\\/04\\\/14\\\/la-hernia-de-hiato\\\/\",\"url\":\"https:\\\/\\\/www.eldiario.net\\\/portal\\\/2024\\\/04\\\/14\\\/la-hernia-de-hiato\\\/\",\"name\":\"LA HERNIA DE HIATO - El Diario - Bolivia\",\"isPartOf\":{\"@id\":\"https:\\\/\\\/www.eldiario.net\\\/portal\\\/#website\"},\"primaryImageOfPage\":{\"@id\":\"https:\\\/\\\/www.eldiario.net\\\/portal\\\/2024\\\/04\\\/14\\\/la-hernia-de-hiato\\\/#primaryimage\"},\"image\":{\"@id\":\"https:\\\/\\\/www.eldiario.net\\\/portal\\\/2024\\\/04\\\/14\\\/la-hernia-de-hiato\\\/#primaryimage\"},\"thumbnailUrl\":\"https:\\\/\\\/www.eldiario.net\\\/portal\\\/wp-content\\\/uploads\\\/2024\\\/04\\\/LA-HERNIA-DE-HIATO.jpg\",\"datePublished\":\"2024-04-14T11:06:32+00:00\",\"dateModified\":\"2024-04-14T11:11:51+00:00\",\"breadcrumb\":{\"@id\":\"https:\\\/\\\/www.eldiario.net\\\/portal\\\/2024\\\/04\\\/14\\\/la-hernia-de-hiato\\\/#breadcrumb\"},\"inLanguage\":\"es\",\"potentialAction\":[{\"@type\":\"ReadAction\",\"target\":[\"https:\\\/\\\/www.eldiario.net\\\/portal\\\/2024\\\/04\\\/14\\\/la-hernia-de-hiato\\\/\"]}]},{\"@type\":\"ImageObject\",\"inLanguage\":\"es\",\"@id\":\"https:\\\/\\\/www.eldiario.net\\\/portal\\\/2024\\\/04\\\/14\\\/la-hernia-de-hiato\\\/#primaryimage\",\"url\":\"https:\\\/\\\/www.eldiario.net\\\/portal\\\/wp-content\\\/uploads\\\/2024\\\/04\\\/LA-HERNIA-DE-HIATO.jpg\",\"contentUrl\":\"https:\\\/\\\/www.eldiario.net\\\/portal\\\/wp-content\\\/uploads\\\/2024\\\/04\\\/LA-HERNIA-DE-HIATO.jpg\",\"width\":710,\"height\":463},{\"@type\":\"BreadcrumbList\",\"@id\":\"https:\\\/\\\/www.eldiario.net\\\/portal\\\/2024\\\/04\\\/14\\\/la-hernia-de-hiato\\\/#breadcrumb\",\"itemListElement\":[{\"@type\":\"ListItem\",\"position\":1,\"name\":\"Portada\",\"item\":\"https:\\\/\\\/www.eldiario.net\\\/portal\\\/\"},{\"@type\":\"ListItem\",\"position\":2,\"name\":\"LA HERNIA DE HIATO\"}]},{\"@type\":\"WebSite\",\"@id\":\"https:\\\/\\\/www.eldiario.net\\\/portal\\\/#website\",\"url\":\"https:\\\/\\\/www.eldiario.net\\\/portal\\\/\",\"name\":\"El Diario - Decano de la prensa nacional\",\"description\":\"El Diario - Decano de la prensa nacional\",\"publisher\":{\"@id\":\"https:\\\/\\\/www.eldiario.net\\\/portal\\\/#organization\"},\"potentialAction\":[{\"@type\":\"SearchAction\",\"target\":{\"@type\":\"EntryPoint\",\"urlTemplate\":\"https:\\\/\\\/www.eldiario.net\\\/portal\\\/?s={search_term_string}\"},\"query-input\":{\"@type\":\"PropertyValueSpecification\",\"valueRequired\":true,\"valueName\":\"search_term_string\"}}],\"inLanguage\":\"es\"},{\"@type\":\"Organization\",\"@id\":\"https:\\\/\\\/www.eldiario.net\\\/portal\\\/#organization\",\"name\":\"El Diario - Decano de la prensa nacional\",\"url\":\"https:\\\/\\\/www.eldiario.net\\\/portal\\\/\",\"logo\":{\"@type\":\"ImageObject\",\"inLanguage\":\"es\",\"@id\":\"https:\\\/\\\/www.eldiario.net\\\/portal\\\/#\\\/schema\\\/logo\\\/image\\\/\",\"url\":\"https:\\\/\\\/www.eldiario.net\\\/portal\\\/wp-content\\\/uploads\\\/2023\\\/07\\\/logo_ED.jpg\",\"contentUrl\":\"https:\\\/\\\/www.eldiario.net\\\/portal\\\/wp-content\\\/uploads\\\/2023\\\/07\\\/logo_ED.jpg\",\"width\":272,\"height\":52,\"caption\":\"El Diario - Decano de la prensa nacional\"},\"image\":{\"@id\":\"https:\\\/\\\/www.eldiario.net\\\/portal\\\/#\\\/schema\\\/logo\\\/image\\\/\"},\"sameAs\":[\"https:\\\/\\\/www.facebook.com\\\/eldiario.bolivia\\\/\",\"https:\\\/\\\/x.com\\\/eldiario_net\"]},{\"@type\":\"Person\",\"@id\":\"https:\\\/\\\/www.eldiario.net\\\/portal\\\/#\\\/schema\\\/person\\\/2c57cf2b7a7ae032e449e4c9b1019eac\",\"name\":\"Jeanette\",\"image\":{\"@type\":\"ImageObject\",\"inLanguage\":\"es\",\"@id\":\"https:\\\/\\\/secure.gravatar.com\\\/avatar\\\/3ea2118a5f7dad2b7138b1187a6b7ee55f160b9968b66013c3a3ef39dd7e5798?s=96&d=mm&r=g\",\"url\":\"https:\\\/\\\/secure.gravatar.com\\\/avatar\\\/3ea2118a5f7dad2b7138b1187a6b7ee55f160b9968b66013c3a3ef39dd7e5798?s=96&d=mm&r=g\",\"contentUrl\":\"https:\\\/\\\/secure.gravatar.com\\\/avatar\\\/3ea2118a5f7dad2b7138b1187a6b7ee55f160b9968b66013c3a3ef39dd7e5798?s=96&d=mm&r=g\",\"caption\":\"Jeanette\"},\"sameAs\":[\"https:\\\/\\\/www.eldiario.net\\\/portal\"],\"url\":\"https:\\\/\\\/www.eldiario.net\\\/portal\\\/author\\\/jeanette\\\/\"}]}<\/script>\n<!-- \/ Yoast SEO plugin. -->","yoast_head_json":{"title":"LA HERNIA DE HIATO - El Diario - Bolivia","robots":{"index":"index","follow":"follow","max-snippet":"max-snippet:-1","max-image-preview":"max-image-preview:large","max-video-preview":"max-video-preview:-1"},"canonical":"https:\/\/www.eldiario.net\/portal\/2024\/04\/14\/la-hernia-de-hiato\/","og_locale":"es_ES","og_type":"article","og_title":"LA HERNIA DE HIATO - El Diario - Bolivia","og_description":"Dra. Carla Ruby Beyl\u00e1n V\u00e1zquez &#8211; Cirug\u00eda General y Laparoscopia La hernia de hiato se produce cuando la porci\u00f3n superior del est\u00f3mago asciende hacia el t\u00f3rax a trav\u00e9s de una peque\u00f1a abertura que existe en el diafragma (hiato diafragm\u00e1tico). El diafragma es el m\u00fasculo que separa el t\u00f3rax del abdomen. El hiato diafragm\u00e1tico es parte [&hellip;]","og_url":"https:\/\/www.eldiario.net\/portal\/2024\/04\/14\/la-hernia-de-hiato\/","og_site_name":"El Diario - Bolivia","article_publisher":"https:\/\/www.facebook.com\/eldiario.bolivia\/","article_published_time":"2024-04-14T11:06:32+00:00","article_modified_time":"2024-04-14T11:11:51+00:00","og_image":[{"width":710,"height":463,"url":"https:\/\/www.eldiario.net\/portal\/wp-content\/uploads\/2024\/04\/LA-HERNIA-DE-HIATO.jpg","type":"image\/jpeg"}],"author":"Jeanette","twitter_card":"summary_large_image","twitter_creator":"@eldiario_net","twitter_site":"@eldiario_net","twitter_misc":{"Escrito por":"Jeanette","Tiempo de lectura":"2 minutos"},"schema":{"@context":"https:\/\/schema.org","@graph":[{"@type":"Article","@id":"https:\/\/www.eldiario.net\/portal\/2024\/04\/14\/la-hernia-de-hiato\/#article","isPartOf":{"@id":"https:\/\/www.eldiario.net\/portal\/2024\/04\/14\/la-hernia-de-hiato\/"},"author":{"name":"Jeanette","@id":"https:\/\/www.eldiario.net\/portal\/#\/schema\/person\/2c57cf2b7a7ae032e449e4c9b1019eac"},"headline":"LA HERNIA DE HIATO","datePublished":"2024-04-14T11:06:32+00:00","dateModified":"2024-04-14T11:11:51+00:00","mainEntityOfPage":{"@id":"https:\/\/www.eldiario.net\/portal\/2024\/04\/14\/la-hernia-de-hiato\/"},"wordCount":364,"commentCount":0,"publisher":{"@id":"https:\/\/www.eldiario.net\/portal\/#organization"},"image":{"@id":"https:\/\/www.eldiario.net\/portal\/2024\/04\/14\/la-hernia-de-hiato\/#primaryimage"},"thumbnailUrl":"https:\/\/www.eldiario.net\/portal\/wp-content\/uploads\/2024\/04\/LA-HERNIA-DE-HIATO.jpg","articleSection":["De Salud + vida"],"inLanguage":"es","potentialAction":[{"@type":"CommentAction","name":"Comment","target":["https:\/\/www.eldiario.net\/portal\/2024\/04\/14\/la-hernia-de-hiato\/#respond"]}]},{"@type":"WebPage","@id":"https:\/\/www.eldiario.net\/portal\/2024\/04\/14\/la-hernia-de-hiato\/","url":"https:\/\/www.eldiario.net\/portal\/2024\/04\/14\/la-hernia-de-hiato\/","name":"LA HERNIA DE HIATO - El Diario - Bolivia","isPartOf":{"@id":"https:\/\/www.eldiario.net\/portal\/#website"},"primaryImageOfPage":{"@id":"https:\/\/www.eldiario.net\/portal\/2024\/04\/14\/la-hernia-de-hiato\/#primaryimage"},"image":{"@id":"https:\/\/www.eldiario.net\/portal\/2024\/04\/14\/la-hernia-de-hiato\/#primaryimage"},"thumbnailUrl":"https:\/\/www.eldiario.net\/portal\/wp-content\/uploads\/2024\/04\/LA-HERNIA-DE-HIATO.jpg","datePublished":"2024-04-14T11:06:32+00:00","dateModified":"2024-04-14T11:11:51+00:00","breadcrumb":{"@id":"https:\/\/www.eldiario.net\/portal\/2024\/04\/14\/la-hernia-de-hiato\/#breadcrumb"},"inLanguage":"es","potentialAction":[{"@type":"ReadAction","target":["https:\/\/www.eldiario.net\/portal\/2024\/04\/14\/la-hernia-de-hiato\/"]}]},{"@type":"ImageObject","inLanguage":"es","@id":"https:\/\/www.eldiario.net\/portal\/2024\/04\/14\/la-hernia-de-hiato\/#primaryimage","url":"https:\/\/www.eldiario.net\/portal\/wp-content\/uploads\/2024\/04\/LA-HERNIA-DE-HIATO.jpg","contentUrl":"https:\/\/www.eldiario.net\/portal\/wp-content\/uploads\/2024\/04\/LA-HERNIA-DE-HIATO.jpg","width":710,"height":463},{"@type":"BreadcrumbList","@id":"https:\/\/www.eldiario.net\/portal\/2024\/04\/14\/la-hernia-de-hiato\/#breadcrumb","itemListElement":[{"@type":"ListItem","position":1,"name":"Portada","item":"https:\/\/www.eldiario.net\/portal\/"},{"@type":"ListItem","position":2,"name":"LA HERNIA DE HIATO"}]},{"@type":"WebSite","@id":"https:\/\/www.eldiario.net\/portal\/#website","url":"https:\/\/www.eldiario.net\/portal\/","name":"El Diario - Decano de la prensa nacional","description":"El Diario - Decano de la prensa nacional","publisher":{"@id":"https:\/\/www.eldiario.net\/portal\/#organization"},"potentialAction":[{"@type":"SearchAction","target":{"@type":"EntryPoint","urlTemplate":"https:\/\/www.eldiario.net\/portal\/?s={search_term_string}"},"query-input":{"@type":"PropertyValueSpecification","valueRequired":true,"valueName":"search_term_string"}}],"inLanguage":"es"},{"@type":"Organization","@id":"https:\/\/www.eldiario.net\/portal\/#organization","name":"El Diario - Decano de la prensa nacional","url":"https:\/\/www.eldiario.net\/portal\/","logo":{"@type":"ImageObject","inLanguage":"es","@id":"https:\/\/www.eldiario.net\/portal\/#\/schema\/logo\/image\/","url":"https:\/\/www.eldiario.net\/portal\/wp-content\/uploads\/2023\/07\/logo_ED.jpg","contentUrl":"https:\/\/www.eldiario.net\/portal\/wp-content\/uploads\/2023\/07\/logo_ED.jpg","width":272,"height":52,"caption":"El Diario - Decano de la prensa nacional"},"image":{"@id":"https:\/\/www.eldiario.net\/portal\/#\/schema\/logo\/image\/"},"sameAs":["https:\/\/www.facebook.com\/eldiario.bolivia\/","https:\/\/x.com\/eldiario_net"]},{"@type":"Person","@id":"https:\/\/www.eldiario.net\/portal\/#\/schema\/person\/2c57cf2b7a7ae032e449e4c9b1019eac","name":"Jeanette","image":{"@type":"ImageObject","inLanguage":"es","@id":"https:\/\/secure.gravatar.com\/avatar\/3ea2118a5f7dad2b7138b1187a6b7ee55f160b9968b66013c3a3ef39dd7e5798?s=96&d=mm&r=g","url":"https:\/\/secure.gravatar.com\/avatar\/3ea2118a5f7dad2b7138b1187a6b7ee55f160b9968b66013c3a3ef39dd7e5798?s=96&d=mm&r=g","contentUrl":"https:\/\/secure.gravatar.com\/avatar\/3ea2118a5f7dad2b7138b1187a6b7ee55f160b9968b66013c3a3ef39dd7e5798?s=96&d=mm&r=g","caption":"Jeanette"},"sameAs":["https:\/\/www.eldiario.net\/portal"],"url":"https:\/\/www.eldiario.net\/portal\/author\/jeanette\/"}]}},"_links":{"self":[{"href":"https:\/\/www.eldiario.net\/portal\/wp-json\/wp\/v2\/posts\/214276","targetHints":{"allow":["GET"]}}],"collection":[{"href":"https:\/\/www.eldiario.net\/portal\/wp-json\/wp\/v2\/posts"}],"about":[{"href":"https:\/\/www.eldiario.net\/portal\/wp-json\/wp\/v2\/types\/post"}],"author":[{"embeddable":true,"href":"https:\/\/www.eldiario.net\/portal\/wp-json\/wp\/v2\/users\/1"}],"replies":[{"embeddable":true,"href":"https:\/\/www.eldiario.net\/portal\/wp-json\/wp\/v2\/comments?post=214276"}],"version-history":[{"count":1,"href":"https:\/\/www.eldiario.net\/portal\/wp-json\/wp\/v2\/posts\/214276\/revisions"}],"predecessor-version":[{"id":214278,"href":"https:\/\/www.eldiario.net\/portal\/wp-json\/wp\/v2\/posts\/214276\/revisions\/214278"}],"wp:featuredmedia":[{"embeddable":true,"href":"https:\/\/www.eldiario.net\/portal\/wp-json\/wp\/v2\/media\/214277"}],"wp:attachment":[{"href":"https:\/\/www.eldiario.net\/portal\/wp-json\/wp\/v2\/media?parent=214276"}],"wp:term":[{"taxonomy":"category","embeddable":true,"href":"https:\/\/www.eldiario.net\/portal\/wp-json\/wp\/v2\/categories?post=214276"},{"taxonomy":"post_tag","embeddable":true,"href":"https:\/\/www.eldiario.net\/portal\/wp-json\/wp\/v2\/tags?post=214276"}],"curies":[{"name":"wp","href":"https:\/\/api.w.org\/{rel}","templated":true}]}}