{"id":214273,"date":"2024-04-14T07:06:00","date_gmt":"2024-04-14T11:06:00","guid":{"rendered":"https:\/\/www.eldiario.net\/portal\/?p=214273"},"modified":"2024-04-14T07:06:00","modified_gmt":"2024-04-14T11:06:00","slug":"que-es-la-enfermedad-renal","status":"publish","type":"post","link":"https:\/\/www.eldiario.net\/portal\/2024\/04\/14\/que-es-la-enfermedad-renal\/","title":{"rendered":"\u00bfQu\u00e9 es la enfermedad renal?"},"content":{"rendered":"<p>La enfermedad renal cr\u00f3nica significa que sus ri\u00f1ones est\u00e1n da\u00f1ados y no pueden filtrar la sangre como deber\u00edan. Este da\u00f1o puede ocasionar que los desechos se acumulen en su cuerpo y causen otros problemas que podr\u00edan perjudicar su salud.<\/p>\n<p>\u00bfQu\u00e9 causa la enfermedad renal?<\/p>\n<p>La diabetes y la presi\u00f3n arterial alta son las causas m\u00e1s comunes de la enfermedad de los ri\u00f1ones. Su m\u00e9dico buscar\u00e1 en su historia m\u00e9dica y es posible que desee realizar pruebas para indagar por qu\u00e9 tiene la enfermedad de los ri\u00f1ones.<\/p>\n<p>\u00bfCu\u00e1les son los s\u00edntomas de la insuficiencia renal?<\/p>\n<p>S\u00edntomas<\/p>\n<ul>\n<li>Disminuci\u00f3n del volumen de orina excretado (diuresis), aunque a veces se mantiene estable.<\/li>\n<li>Retenci\u00f3n de l\u00edquido, que causa hinchaz\u00f3n en las piernas, los tobillos o los pies.<\/li>\n<li>Falta de aire.<\/li>\n<li>Fatiga.<\/li>\n<li>Desorientaci\u00f3n.<\/li>\n<li>N\u00e1useas.<\/li>\n<li>Debilidad.<\/li>\n<li>Ritmo card\u00edaco irregular.<\/li>\n<\/ul>\n<p>\u00bfC\u00f3mo prevenir la enfermedad de los ri\u00f1ones?<\/p>\n<p>&nbsp;<\/p>\n<p>Coma comidas saludables y disminuya la sal y az\u00facar a\u00f1adidos. Ingiera menos de 2300 miligramos de sodio diarios. Trate de que menos del 10 por ciento de sus calor\u00edas diarias provengan de az\u00facares a\u00f1adidos. Escoja alimentos saludables para su cuerpo.<\/p>\n<p>&nbsp;<\/p>\n<p>\u00bfQu\u00e9 es lo m\u00e1s da\u00f1ino para los ri\u00f1ones?<\/p>\n<p>&nbsp;<\/p>\n<p>Si padeces de enfermedad renal cr\u00f3nica es importante evitar consumir sodio y f\u00f3sforo en exceso, limitar los alimentos ricos en grasa y colesterol, y controlar la ingesta de az\u00facar. Mantener la presi\u00f3n arterial bajo control, as\u00ed como los niveles de colesterol ayudar\u00e1 a retrasar el da\u00f1o en los ri\u00f1ones.<\/p>\n<p>&nbsp;<\/p>\n<p>\u00bfD\u00f3nde te duele cuando tienes infecci\u00f3n en los ri\u00f1ones?<\/p>\n<p>&nbsp;<\/p>\n<p>Los s\u00edntomas de una infecci\u00f3n de los ri\u00f1ones pueden incluir: Fiebre. Escalofr\u00edos. Dolor en la parte baja de la espalda o en el costado.<\/p>\n<p>&nbsp;<\/p>\n<p>\u00bfCu\u00e1l es la fruta que limpia los ri\u00f1ones?<\/p>\n<p>&nbsp;<\/p>\n<p>As\u00ed el consumo de frutas como la sand\u00eda, el mel\u00f3n, la pi\u00f1a, la manzana y los ar\u00e1ndanos, brinda grandes beneficios a la salud de ri\u00f1ones e h\u00edgado, que es uno de los \u00f3rganos m\u00e1s importantes que tenemos, ya que es el encargado de ayudar al organismo a digerir los alimentos, almacenar energ\u00eda y eliminar toxinas.<\/p>\n<p>&nbsp;<\/p>\n<p>\u00bfQu\u00e9 es bueno para sanar los ri\u00f1ones?<\/p>\n<p>&nbsp;<\/p>\n<p>Tomar prote\u00ednas alternando pescado, huevos y legumbres. Tener precauci\u00f3n con el uso de determinados medicamentos que pueden da\u00f1ar la funci\u00f3n renal, como los antiinflamatorios. Evitar el tabaco. No tomar suplementos diet\u00e9ticos y plantas medicinales diur\u00e9ticas sin ser indicados por un profesional.<\/p>\n<p>&nbsp;<\/p>\n<p>&nbsp;<\/p>\n","protected":false},"excerpt":{"rendered":"<p>La enfermedad renal cr\u00f3nica significa que sus ri\u00f1ones est\u00e1n da\u00f1ados y no pueden filtrar la sangre como deber\u00edan. Este da\u00f1o puede ocasionar que los desechos se acumulen en su cuerpo y causen otros problemas que podr\u00edan perjudicar su salud. \u00bfQu\u00e9 causa la enfermedad renal? La diabetes y la presi\u00f3n arterial alta son las causas m\u00e1s [&hellip;]<\/p>\n","protected":false},"author":1,"featured_media":214274,"comment_status":"open","ping_status":"open","sticky":false,"template":"","format":"standard","meta":{"_acf_changed":false,"footnotes":""},"categories":[52],"tags":[],"class_list":["post-214273","post","type-post","status-publish","format-standard","has-post-thumbnail","category-de-salud-mas-vida"],"acf":{"antetitulo":""},"yoast_head":"<!-- This site is optimized with the Yoast SEO plugin v28.4 - https:\/\/yoast.com\/product\/yoast-seo-wordpress\/ -->\n<title>\u00bfQu\u00e9 es la enfermedad renal? - El Diario - Bolivia<\/title>\n<meta name=\"robots\" content=\"index, follow, max-snippet:-1, max-image-preview:large, max-video-preview:-1\" \/>\n<link rel=\"canonical\" href=\"https:\/\/www.eldiario.net\/portal\/2024\/04\/14\/que-es-la-enfermedad-renal\/\" \/>\n<meta property=\"og:locale\" content=\"es_ES\" \/>\n<meta property=\"og:type\" content=\"article\" \/>\n<meta property=\"og:title\" content=\"\u00bfQu\u00e9 es la enfermedad renal? - El Diario - Bolivia\" \/>\n<meta property=\"og:description\" content=\"La enfermedad renal cr\u00f3nica significa que sus ri\u00f1ones est\u00e1n da\u00f1ados y no pueden filtrar la sangre como deber\u00edan. Este da\u00f1o puede ocasionar que los desechos se acumulen en su cuerpo y causen otros problemas que podr\u00edan perjudicar su salud. \u00bfQu\u00e9 causa la enfermedad renal? La diabetes y la presi\u00f3n arterial alta son las causas m\u00e1s [&hellip;]\" \/>\n<meta property=\"og:url\" content=\"https:\/\/www.eldiario.net\/portal\/2024\/04\/14\/que-es-la-enfermedad-renal\/\" \/>\n<meta property=\"og:site_name\" content=\"El Diario - Bolivia\" \/>\n<meta property=\"article:publisher\" content=\"https:\/\/www.facebook.com\/eldiario.bolivia\/\" \/>\n<meta property=\"article:published_time\" content=\"2024-04-14T11:06:00+00:00\" \/>\n<meta property=\"og:image\" content=\"https:\/\/www.eldiario.net\/portal\/wp-content\/uploads\/2024\/04\/Que-es-la-enfermedad-renal.jpg\" \/>\n\t<meta property=\"og:image:width\" content=\"1146\" \/>\n\t<meta property=\"og:image:height\" content=\"849\" \/>\n\t<meta property=\"og:image:type\" content=\"image\/jpeg\" \/>\n<meta name=\"author\" content=\"Jeanette\" \/>\n<meta name=\"twitter:card\" content=\"summary_large_image\" \/>\n<meta name=\"twitter:creator\" content=\"@eldiario_net\" \/>\n<meta name=\"twitter:site\" content=\"@eldiario_net\" \/>\n<meta name=\"twitter:label1\" content=\"Escrito por\" \/>\n\t<meta name=\"twitter:data1\" content=\"Jeanette\" \/>\n\t<meta name=\"twitter:label2\" content=\"Tiempo de lectura\" \/>\n\t<meta name=\"twitter:data2\" content=\"2 minutos\" \/>\n<script type=\"application\/ld+json\" class=\"yoast-schema-graph\">{\"@context\":\"https:\\\/\\\/schema.org\",\"@graph\":[{\"@type\":\"Article\",\"@id\":\"https:\\\/\\\/www.eldiario.net\\\/portal\\\/2024\\\/04\\\/14\\\/que-es-la-enfermedad-renal\\\/#article\",\"isPartOf\":{\"@id\":\"https:\\\/\\\/www.eldiario.net\\\/portal\\\/2024\\\/04\\\/14\\\/que-es-la-enfermedad-renal\\\/\"},\"author\":{\"name\":\"Jeanette\",\"@id\":\"https:\\\/\\\/www.eldiario.net\\\/portal\\\/#\\\/schema\\\/person\\\/2c57cf2b7a7ae032e449e4c9b1019eac\"},\"headline\":\"\u00bfQu\u00e9 es la enfermedad renal?\",\"datePublished\":\"2024-04-14T11:06:00+00:00\",\"mainEntityOfPage\":{\"@id\":\"https:\\\/\\\/www.eldiario.net\\\/portal\\\/2024\\\/04\\\/14\\\/que-es-la-enfermedad-renal\\\/\"},\"wordCount\":457,\"commentCount\":0,\"publisher\":{\"@id\":\"https:\\\/\\\/www.eldiario.net\\\/portal\\\/#organization\"},\"image\":{\"@id\":\"https:\\\/\\\/www.eldiario.net\\\/portal\\\/2024\\\/04\\\/14\\\/que-es-la-enfermedad-renal\\\/#primaryimage\"},\"thumbnailUrl\":\"https:\\\/\\\/www.eldiario.net\\\/portal\\\/wp-content\\\/uploads\\\/2024\\\/04\\\/Que-es-la-enfermedad-renal.jpg\",\"articleSection\":[\"De Salud + vida\"],\"inLanguage\":\"es\",\"potentialAction\":[{\"@type\":\"CommentAction\",\"name\":\"Comment\",\"target\":[\"https:\\\/\\\/www.eldiario.net\\\/portal\\\/2024\\\/04\\\/14\\\/que-es-la-enfermedad-renal\\\/#respond\"]}]},{\"@type\":\"WebPage\",\"@id\":\"https:\\\/\\\/www.eldiario.net\\\/portal\\\/2024\\\/04\\\/14\\\/que-es-la-enfermedad-renal\\\/\",\"url\":\"https:\\\/\\\/www.eldiario.net\\\/portal\\\/2024\\\/04\\\/14\\\/que-es-la-enfermedad-renal\\\/\",\"name\":\"\u00bfQu\u00e9 es la enfermedad renal? - El Diario - Bolivia\",\"isPartOf\":{\"@id\":\"https:\\\/\\\/www.eldiario.net\\\/portal\\\/#website\"},\"primaryImageOfPage\":{\"@id\":\"https:\\\/\\\/www.eldiario.net\\\/portal\\\/2024\\\/04\\\/14\\\/que-es-la-enfermedad-renal\\\/#primaryimage\"},\"image\":{\"@id\":\"https:\\\/\\\/www.eldiario.net\\\/portal\\\/2024\\\/04\\\/14\\\/que-es-la-enfermedad-renal\\\/#primaryimage\"},\"thumbnailUrl\":\"https:\\\/\\\/www.eldiario.net\\\/portal\\\/wp-content\\\/uploads\\\/2024\\\/04\\\/Que-es-la-enfermedad-renal.jpg\",\"datePublished\":\"2024-04-14T11:06:00+00:00\",\"breadcrumb\":{\"@id\":\"https:\\\/\\\/www.eldiario.net\\\/portal\\\/2024\\\/04\\\/14\\\/que-es-la-enfermedad-renal\\\/#breadcrumb\"},\"inLanguage\":\"es\",\"potentialAction\":[{\"@type\":\"ReadAction\",\"target\":[\"https:\\\/\\\/www.eldiario.net\\\/portal\\\/2024\\\/04\\\/14\\\/que-es-la-enfermedad-renal\\\/\"]}]},{\"@type\":\"ImageObject\",\"inLanguage\":\"es\",\"@id\":\"https:\\\/\\\/www.eldiario.net\\\/portal\\\/2024\\\/04\\\/14\\\/que-es-la-enfermedad-renal\\\/#primaryimage\",\"url\":\"https:\\\/\\\/www.eldiario.net\\\/portal\\\/wp-content\\\/uploads\\\/2024\\\/04\\\/Que-es-la-enfermedad-renal.jpg\",\"contentUrl\":\"https:\\\/\\\/www.eldiario.net\\\/portal\\\/wp-content\\\/uploads\\\/2024\\\/04\\\/Que-es-la-enfermedad-renal.jpg\",\"width\":1146,\"height\":849},{\"@type\":\"BreadcrumbList\",\"@id\":\"https:\\\/\\\/www.eldiario.net\\\/portal\\\/2024\\\/04\\\/14\\\/que-es-la-enfermedad-renal\\\/#breadcrumb\",\"itemListElement\":[{\"@type\":\"ListItem\",\"position\":1,\"name\":\"Portada\",\"item\":\"https:\\\/\\\/www.eldiario.net\\\/portal\\\/\"},{\"@type\":\"ListItem\",\"position\":2,\"name\":\"\u00bfQu\u00e9 es la enfermedad renal?\"}]},{\"@type\":\"WebSite\",\"@id\":\"https:\\\/\\\/www.eldiario.net\\\/portal\\\/#website\",\"url\":\"https:\\\/\\\/www.eldiario.net\\\/portal\\\/\",\"name\":\"El Diario - Decano de la prensa nacional\",\"description\":\"El Diario - Decano de la prensa nacional\",\"publisher\":{\"@id\":\"https:\\\/\\\/www.eldiario.net\\\/portal\\\/#organization\"},\"potentialAction\":[{\"@type\":\"SearchAction\",\"target\":{\"@type\":\"EntryPoint\",\"urlTemplate\":\"https:\\\/\\\/www.eldiario.net\\\/portal\\\/?s={search_term_string}\"},\"query-input\":{\"@type\":\"PropertyValueSpecification\",\"valueRequired\":true,\"valueName\":\"search_term_string\"}}],\"inLanguage\":\"es\"},{\"@type\":\"Organization\",\"@id\":\"https:\\\/\\\/www.eldiario.net\\\/portal\\\/#organization\",\"name\":\"El Diario - Decano de la prensa nacional\",\"url\":\"https:\\\/\\\/www.eldiario.net\\\/portal\\\/\",\"logo\":{\"@type\":\"ImageObject\",\"inLanguage\":\"es\",\"@id\":\"https:\\\/\\\/www.eldiario.net\\\/portal\\\/#\\\/schema\\\/logo\\\/image\\\/\",\"url\":\"https:\\\/\\\/www.eldiario.net\\\/portal\\\/wp-content\\\/uploads\\\/2023\\\/07\\\/logo_ED.jpg\",\"contentUrl\":\"https:\\\/\\\/www.eldiario.net\\\/portal\\\/wp-content\\\/uploads\\\/2023\\\/07\\\/logo_ED.jpg\",\"width\":272,\"height\":52,\"caption\":\"El Diario - Decano de la prensa nacional\"},\"image\":{\"@id\":\"https:\\\/\\\/www.eldiario.net\\\/portal\\\/#\\\/schema\\\/logo\\\/image\\\/\"},\"sameAs\":[\"https:\\\/\\\/www.facebook.com\\\/eldiario.bolivia\\\/\",\"https:\\\/\\\/x.com\\\/eldiario_net\"]},{\"@type\":\"Person\",\"@id\":\"https:\\\/\\\/www.eldiario.net\\\/portal\\\/#\\\/schema\\\/person\\\/2c57cf2b7a7ae032e449e4c9b1019eac\",\"name\":\"Jeanette\",\"image\":{\"@type\":\"ImageObject\",\"inLanguage\":\"es\",\"@id\":\"https:\\\/\\\/secure.gravatar.com\\\/avatar\\\/3ea2118a5f7dad2b7138b1187a6b7ee55f160b9968b66013c3a3ef39dd7e5798?s=96&d=mm&r=g\",\"url\":\"https:\\\/\\\/secure.gravatar.com\\\/avatar\\\/3ea2118a5f7dad2b7138b1187a6b7ee55f160b9968b66013c3a3ef39dd7e5798?s=96&d=mm&r=g\",\"contentUrl\":\"https:\\\/\\\/secure.gravatar.com\\\/avatar\\\/3ea2118a5f7dad2b7138b1187a6b7ee55f160b9968b66013c3a3ef39dd7e5798?s=96&d=mm&r=g\",\"caption\":\"Jeanette\"},\"sameAs\":[\"https:\\\/\\\/www.eldiario.net\\\/portal\"],\"url\":\"https:\\\/\\\/www.eldiario.net\\\/portal\\\/author\\\/jeanette\\\/\"}]}<\/script>\n<!-- \/ Yoast SEO plugin. -->","yoast_head_json":{"title":"\u00bfQu\u00e9 es la enfermedad renal? - El Diario - Bolivia","robots":{"index":"index","follow":"follow","max-snippet":"max-snippet:-1","max-image-preview":"max-image-preview:large","max-video-preview":"max-video-preview:-1"},"canonical":"https:\/\/www.eldiario.net\/portal\/2024\/04\/14\/que-es-la-enfermedad-renal\/","og_locale":"es_ES","og_type":"article","og_title":"\u00bfQu\u00e9 es la enfermedad renal? - El Diario - Bolivia","og_description":"La enfermedad renal cr\u00f3nica significa que sus ri\u00f1ones est\u00e1n da\u00f1ados y no pueden filtrar la sangre como deber\u00edan. Este da\u00f1o puede ocasionar que los desechos se acumulen en su cuerpo y causen otros problemas que podr\u00edan perjudicar su salud. \u00bfQu\u00e9 causa la enfermedad renal? La diabetes y la presi\u00f3n arterial alta son las causas m\u00e1s [&hellip;]","og_url":"https:\/\/www.eldiario.net\/portal\/2024\/04\/14\/que-es-la-enfermedad-renal\/","og_site_name":"El Diario - Bolivia","article_publisher":"https:\/\/www.facebook.com\/eldiario.bolivia\/","article_published_time":"2024-04-14T11:06:00+00:00","og_image":[{"width":1146,"height":849,"url":"https:\/\/www.eldiario.net\/portal\/wp-content\/uploads\/2024\/04\/Que-es-la-enfermedad-renal.jpg","type":"image\/jpeg"}],"author":"Jeanette","twitter_card":"summary_large_image","twitter_creator":"@eldiario_net","twitter_site":"@eldiario_net","twitter_misc":{"Escrito por":"Jeanette","Tiempo de lectura":"2 minutos"},"schema":{"@context":"https:\/\/schema.org","@graph":[{"@type":"Article","@id":"https:\/\/www.eldiario.net\/portal\/2024\/04\/14\/que-es-la-enfermedad-renal\/#article","isPartOf":{"@id":"https:\/\/www.eldiario.net\/portal\/2024\/04\/14\/que-es-la-enfermedad-renal\/"},"author":{"name":"Jeanette","@id":"https:\/\/www.eldiario.net\/portal\/#\/schema\/person\/2c57cf2b7a7ae032e449e4c9b1019eac"},"headline":"\u00bfQu\u00e9 es la enfermedad renal?","datePublished":"2024-04-14T11:06:00+00:00","mainEntityOfPage":{"@id":"https:\/\/www.eldiario.net\/portal\/2024\/04\/14\/que-es-la-enfermedad-renal\/"},"wordCount":457,"commentCount":0,"publisher":{"@id":"https:\/\/www.eldiario.net\/portal\/#organization"},"image":{"@id":"https:\/\/www.eldiario.net\/portal\/2024\/04\/14\/que-es-la-enfermedad-renal\/#primaryimage"},"thumbnailUrl":"https:\/\/www.eldiario.net\/portal\/wp-content\/uploads\/2024\/04\/Que-es-la-enfermedad-renal.jpg","articleSection":["De Salud + vida"],"inLanguage":"es","potentialAction":[{"@type":"CommentAction","name":"Comment","target":["https:\/\/www.eldiario.net\/portal\/2024\/04\/14\/que-es-la-enfermedad-renal\/#respond"]}]},{"@type":"WebPage","@id":"https:\/\/www.eldiario.net\/portal\/2024\/04\/14\/que-es-la-enfermedad-renal\/","url":"https:\/\/www.eldiario.net\/portal\/2024\/04\/14\/que-es-la-enfermedad-renal\/","name":"\u00bfQu\u00e9 es la enfermedad renal? - El Diario - Bolivia","isPartOf":{"@id":"https:\/\/www.eldiario.net\/portal\/#website"},"primaryImageOfPage":{"@id":"https:\/\/www.eldiario.net\/portal\/2024\/04\/14\/que-es-la-enfermedad-renal\/#primaryimage"},"image":{"@id":"https:\/\/www.eldiario.net\/portal\/2024\/04\/14\/que-es-la-enfermedad-renal\/#primaryimage"},"thumbnailUrl":"https:\/\/www.eldiario.net\/portal\/wp-content\/uploads\/2024\/04\/Que-es-la-enfermedad-renal.jpg","datePublished":"2024-04-14T11:06:00+00:00","breadcrumb":{"@id":"https:\/\/www.eldiario.net\/portal\/2024\/04\/14\/que-es-la-enfermedad-renal\/#breadcrumb"},"inLanguage":"es","potentialAction":[{"@type":"ReadAction","target":["https:\/\/www.eldiario.net\/portal\/2024\/04\/14\/que-es-la-enfermedad-renal\/"]}]},{"@type":"ImageObject","inLanguage":"es","@id":"https:\/\/www.eldiario.net\/portal\/2024\/04\/14\/que-es-la-enfermedad-renal\/#primaryimage","url":"https:\/\/www.eldiario.net\/portal\/wp-content\/uploads\/2024\/04\/Que-es-la-enfermedad-renal.jpg","contentUrl":"https:\/\/www.eldiario.net\/portal\/wp-content\/uploads\/2024\/04\/Que-es-la-enfermedad-renal.jpg","width":1146,"height":849},{"@type":"BreadcrumbList","@id":"https:\/\/www.eldiario.net\/portal\/2024\/04\/14\/que-es-la-enfermedad-renal\/#breadcrumb","itemListElement":[{"@type":"ListItem","position":1,"name":"Portada","item":"https:\/\/www.eldiario.net\/portal\/"},{"@type":"ListItem","position":2,"name":"\u00bfQu\u00e9 es la enfermedad renal?"}]},{"@type":"WebSite","@id":"https:\/\/www.eldiario.net\/portal\/#website","url":"https:\/\/www.eldiario.net\/portal\/","name":"El Diario - Decano de la prensa nacional","description":"El Diario - Decano de la prensa nacional","publisher":{"@id":"https:\/\/www.eldiario.net\/portal\/#organization"},"potentialAction":[{"@type":"SearchAction","target":{"@type":"EntryPoint","urlTemplate":"https:\/\/www.eldiario.net\/portal\/?s={search_term_string}"},"query-input":{"@type":"PropertyValueSpecification","valueRequired":true,"valueName":"search_term_string"}}],"inLanguage":"es"},{"@type":"Organization","@id":"https:\/\/www.eldiario.net\/portal\/#organization","name":"El Diario - Decano de la prensa nacional","url":"https:\/\/www.eldiario.net\/portal\/","logo":{"@type":"ImageObject","inLanguage":"es","@id":"https:\/\/www.eldiario.net\/portal\/#\/schema\/logo\/image\/","url":"https:\/\/www.eldiario.net\/portal\/wp-content\/uploads\/2023\/07\/logo_ED.jpg","contentUrl":"https:\/\/www.eldiario.net\/portal\/wp-content\/uploads\/2023\/07\/logo_ED.jpg","width":272,"height":52,"caption":"El Diario - Decano de la prensa nacional"},"image":{"@id":"https:\/\/www.eldiario.net\/portal\/#\/schema\/logo\/image\/"},"sameAs":["https:\/\/www.facebook.com\/eldiario.bolivia\/","https:\/\/x.com\/eldiario_net"]},{"@type":"Person","@id":"https:\/\/www.eldiario.net\/portal\/#\/schema\/person\/2c57cf2b7a7ae032e449e4c9b1019eac","name":"Jeanette","image":{"@type":"ImageObject","inLanguage":"es","@id":"https:\/\/secure.gravatar.com\/avatar\/3ea2118a5f7dad2b7138b1187a6b7ee55f160b9968b66013c3a3ef39dd7e5798?s=96&d=mm&r=g","url":"https:\/\/secure.gravatar.com\/avatar\/3ea2118a5f7dad2b7138b1187a6b7ee55f160b9968b66013c3a3ef39dd7e5798?s=96&d=mm&r=g","contentUrl":"https:\/\/secure.gravatar.com\/avatar\/3ea2118a5f7dad2b7138b1187a6b7ee55f160b9968b66013c3a3ef39dd7e5798?s=96&d=mm&r=g","caption":"Jeanette"},"sameAs":["https:\/\/www.eldiario.net\/portal"],"url":"https:\/\/www.eldiario.net\/portal\/author\/jeanette\/"}]}},"_links":{"self":[{"href":"https:\/\/www.eldiario.net\/portal\/wp-json\/wp\/v2\/posts\/214273","targetHints":{"allow":["GET"]}}],"collection":[{"href":"https:\/\/www.eldiario.net\/portal\/wp-json\/wp\/v2\/posts"}],"about":[{"href":"https:\/\/www.eldiario.net\/portal\/wp-json\/wp\/v2\/types\/post"}],"author":[{"embeddable":true,"href":"https:\/\/www.eldiario.net\/portal\/wp-json\/wp\/v2\/users\/1"}],"replies":[{"embeddable":true,"href":"https:\/\/www.eldiario.net\/portal\/wp-json\/wp\/v2\/comments?post=214273"}],"version-history":[{"count":1,"href":"https:\/\/www.eldiario.net\/portal\/wp-json\/wp\/v2\/posts\/214273\/revisions"}],"predecessor-version":[{"id":214275,"href":"https:\/\/www.eldiario.net\/portal\/wp-json\/wp\/v2\/posts\/214273\/revisions\/214275"}],"wp:featuredmedia":[{"embeddable":true,"href":"https:\/\/www.eldiario.net\/portal\/wp-json\/wp\/v2\/media\/214274"}],"wp:attachment":[{"href":"https:\/\/www.eldiario.net\/portal\/wp-json\/wp\/v2\/media?parent=214273"}],"wp:term":[{"taxonomy":"category","embeddable":true,"href":"https:\/\/www.eldiario.net\/portal\/wp-json\/wp\/v2\/categories?post=214273"},{"taxonomy":"post_tag","embeddable":true,"href":"https:\/\/www.eldiario.net\/portal\/wp-json\/wp\/v2\/tags?post=214273"}],"curies":[{"name":"wp","href":"https:\/\/api.w.org\/{rel}","templated":true}]}}