{"id":214270,"date":"2024-04-14T07:05:15","date_gmt":"2024-04-14T11:05:15","guid":{"rendered":"https:\/\/www.eldiario.net\/portal\/?p=214270"},"modified":"2024-04-14T07:13:28","modified_gmt":"2024-04-14T11:13:28","slug":"tratamiento-de-hipoplasia-maxilar-en-ortodoncia","status":"publish","type":"post","link":"https:\/\/www.eldiario.net\/portal\/2024\/04\/14\/tratamiento-de-hipoplasia-maxilar-en-ortodoncia\/","title":{"rendered":"TRATAMIENTO DE HIPOPLASIA MAXILAR EN ORTODONCIA"},"content":{"rendered":"<p><strong>Dr. Franklin Novoa Flores \u2013 Especialista en Ortodoncia ortopedia &#8211; 72022459<\/strong><\/p>\n<p>Los pacientes con hipoplasia de maxilar superior (disminuci\u00f3n o deficiencia del crecimiento \u00f3seo del maxilar) deben ser detectados durante la atenci\u00f3n odontol\u00f3gica temprana, es decir cuando est\u00e1n todav\u00eda en crecimiento con la finalidad de poder inducir cambios de tipo esquel\u00e9tico y est\u00e9ticos.<\/p>\n<p>Estos pacientes presentan en su rostro una apariencia de tener una \u201cmand\u00edbula saliente \u201cpor el poco desarrollo del hueso maxilar superior en sentido anteroposterior y transversal.<\/p>\n<p>Esta anomal\u00eda se caracteriza por poco desarrollo en sentido vertical anteroposterior y transversal del maxilar superior dando una apariencia del rostro del paciente como una mand\u00edbula saliente, esto puede llevar a una anomal\u00eda est\u00e9tica facial con perfil marcado c\u00f3ncavo o recto provocando un efecto deformante y la afecci\u00f3n psicol\u00f3gica del paciente, dificultad para morder y masticar correctamente con mal oclusi\u00f3n mordida cruzada anterior y posterior bilateral con o sin api\u00f1amiento dental.<\/p>\n<p>Para llegar a un correcto diagnostico se debe evaluar todos los aspectos cl\u00ednicos aspectos morfol\u00f3gicos est\u00e9ticos y funcionales necesarios para hacer un diagn\u00f3stico diferencial exacto y enfocar bien el plan del tratamiento.<\/p>\n<p>Caso cl\u00ednico<\/p>\n<p>Paciente de 9 a\u00f1os de edad cuyo motivo de consulta es \u201cTiene mordida al rev\u00e9s\u201d posterior evaluaci\u00f3n fue diagnosticado con Hipoplasia maxilar y potencial de crecimiento con edad suficiente para realizar la tracci\u00f3n del maxilar superior con la m\u00e1scara de Henry petit.( Aparato extraoral para ortopedia).<\/p>\n<p>&nbsp;<\/p>\n<p>Se coloc\u00f3 un aparato disyuntor (separador de la l\u00ednea media palatina \u00f3sea) utilizando tornillos de expansi\u00f3n tipo Hyrax con la finalidad de realizar una discreta separaci\u00f3n con ganchos en la zona anterior que sirve para colocar unos el\u00e1sticos espec\u00edficos que se conectan a la m\u00e1scara facial ortop\u00e9dica realizando de esta manera la protracci\u00f3n (desplazamiento del hueso hacia adelante).<\/p>\n<p>&nbsp;<\/p>\n<p>Donde estimula y orienta el crecimiento del maxilar, es una alternativa de gran efectividad se usa 14 horas continuas de uso diario por la tarde y noche ya que el crecimiento y el metabolismo de los ni\u00f1os se produce m\u00e1s en horas de la noche.<\/p>\n<p>En un periodo de seis meses se logr\u00f3 un resalte favorable, posterior se indic\u00f3 el uso de la m\u00e1scara en d\u00edas alternos con fines de contenci\u00f3n.<\/p>\n<p>&nbsp;<\/p>\n<p>Si todav\u00eda hay crecimiento y desarrollo del ni\u00f1o se hace la retenci\u00f3n con aparatos funcionales. El tratamiento depende de la gravedad del caso y puede involucrar enfoques multidisciplinarios en la protracci\u00f3n ortop\u00e9dica se tiene mejores resultados en edades tempranas para ni\u00f1os de 8, 9 y 10 a\u00f1os de edad con dentici\u00f3n decidua o mixta y la edad esquel\u00e9tica un indicador biol\u00f3gico importante. La mayor\u00eda de las veces se necesita una segunda fase de tratamientos con aparatos fijos o brackets.<\/p>\n<p>Es muy importarte prevenir los problemas esquel\u00e9ticos del ni\u00f1o, los aparatos de ortopedia ayudan a guiar el crecimiento y evitar que llegue a un posible tratamiento quir\u00fargico.<\/p>\n\r\n                <style type=\"text\/css\">\r\n                    \r\n                    #tdi_1  .td-doubleSlider-2 .td-item1 {\r\n                        background: url(https:\/\/www.eldiario.net\/portal\/wp-content\/uploads\/2024\/04\/Aparato-disyuntor-tipo-Hyrax-80x60.jpg) 0 0 no-repeat;\r\n                    }\r\n                    #tdi_1  .td-doubleSlider-2 .td-item2 {\r\n                        background: url(https:\/\/www.eldiario.net\/portal\/wp-content\/uploads\/2024\/04\/Imagen-despues-del-tratamiento-2-80x60.jpg) 0 0 no-repeat;\r\n                    }\r\n                    #tdi_1  .td-doubleSlider-2 .td-item3 {\r\n                        background: url(https:\/\/www.eldiario.net\/portal\/wp-content\/uploads\/2024\/04\/Imagen-despues-del-tratamiento-1-80x60.jpg) 0 0 no-repeat;\r\n                    }\r\n                    #tdi_1  .td-doubleSlider-2 .td-item4 {\r\n                        background: url(https:\/\/www.eldiario.net\/portal\/wp-content\/uploads\/2024\/04\/Imagen-antes-del-tratamiento-80x60.jpg) 0 0 no-repeat;\r\n                    }\r\n                    #tdi_1  .td-doubleSlider-2 .td-item5 {\r\n                        background: url(https:\/\/www.eldiario.net\/portal\/wp-content\/uploads\/2024\/04\/Mascara-de-Petit-1-80x60.jpg) 0 0 no-repeat;\r\n                    }\r\n                    #tdi_1  .td-doubleSlider-2 .td-item6 {\r\n                        background: url(https:\/\/www.eldiario.net\/portal\/wp-content\/uploads\/2024\/04\/Mascara-de-Petit-80x60.jpg) 0 0 no-repeat;\r\n                    }\r\n                    #tdi_1  .td-doubleSlider-2 .td-item7 {\r\n                        background: url(https:\/\/www.eldiario.net\/portal\/wp-content\/uploads\/2024\/04\/Mordida-invertida-anterior-80x60.png) 0 0 no-repeat;\r\n                    }\r\n                    #tdi_1  .td-doubleSlider-2 .td-item8 {\r\n                        background: url(https:\/\/www.eldiario.net\/portal\/wp-content\/uploads\/2024\/04\/TRATAMIENTO-DE-HIPOPLASIA-MAXILAR-EN-ORTODONCIA-80x60.jpg) 0 0 no-repeat;\r\n                    }\r\n                <\/style>\r\n\r\n                <div id=\"tdi_1\" class=\"td-gallery td-slide-on-2-columns\">\r\n                    <div class=\"post_td_gallery\">\r\n                        <div class=\"td-gallery-slide-top\">\r\n                           <div class=\"td-gallery-title\"><\/div>\r\n\r\n                            <div class=\"td-gallery-controls-wrapper\">\r\n                                <div class=\"td-gallery-slide-count\"><span class=\"td-gallery-slide-item-focus\">1<\/span> de 8<\/div>\r\n                                <div class=\"td-gallery-slide-prev-next-but\">\r\n                                    <i class = \"td-icon-left doubleSliderPrevButton\"><\/i>\r\n                                    <i class = \"td-icon-right doubleSliderNextButton\"><\/i>\r\n                                <\/div>\r\n                            <\/div>\r\n                        <\/div>\r\n\r\n                        <div class = \"td-doubleSlider-1 \">\r\n                            <div class = \"td-slider\">\r\n                                \r\n                    <div class = \"td-slide-item td-item1\">\r\n                        <figure class=\"td-slide-galery-figure td-slide-popup-gallery\">\r\n                            <a class=\"slide-gallery-image-link\" href=\"https:\/\/www.eldiario.net\/portal\/wp-content\/uploads\/2024\/04\/Aparato-disyuntor-tipo-Hyrax.jpg\" title=\"Aparato disyuntor tipo Hyrax\"  data-caption=\"\"  data-description=\"\">\r\n                                <img decoding=\"async\" src=\"https:\/\/www.eldiario.net\/portal\/wp-content\/uploads\/2024\/04\/Aparato-disyuntor-tipo-Hyrax.jpg\" srcset=\"https:\/\/www.eldiario.net\/portal\/wp-content\/uploads\/2024\/04\/Aparato-disyuntor-tipo-Hyrax.jpg 550w, https:\/\/www.eldiario.net\/portal\/wp-content\/uploads\/2024\/04\/Aparato-disyuntor-tipo-Hyrax-300x197.jpg 300w\" sizes=\"(max-width: 550px) 100vw, 550px\" alt=\"\">\r\n                            <\/a>\r\n                            \r\n                        <\/figure>\r\n                    <\/div>\r\n                    <div class = \"td-slide-item td-item2\">\r\n                        <figure class=\"td-slide-galery-figure td-slide-popup-gallery\">\r\n                            <a class=\"slide-gallery-image-link\" href=\"https:\/\/www.eldiario.net\/portal\/wp-content\/uploads\/2024\/04\/Imagen-despues-del-tratamiento-2.jpg\" title=\"Imagen despu\u00e9s del tratamiento (2)\"  data-caption=\"\"  data-description=\"\">\r\n                                <img decoding=\"async\" src=\"https:\/\/www.eldiario.net\/portal\/wp-content\/uploads\/2024\/04\/Imagen-despues-del-tratamiento-2-766x420.jpg\" srcset=\"https:\/\/www.eldiario.net\/portal\/wp-content\/uploads\/2024\/04\/Imagen-despues-del-tratamiento-2-766x420.jpg 766w, https:\/\/www.eldiario.net\/portal\/wp-content\/uploads\/2024\/04\/Imagen-despues-del-tratamiento-2-300x165.jpg 300w, https:\/\/www.eldiario.net\/portal\/wp-content\/uploads\/2024\/04\/Imagen-despues-del-tratamiento-2-768x421.jpg 768w, https:\/\/www.eldiario.net\/portal\/wp-content\/uploads\/2024\/04\/Imagen-despues-del-tratamiento-2-696x382.jpg 696w, https:\/\/www.eldiario.net\/portal\/wp-content\/uploads\/2024\/04\/Imagen-despues-del-tratamiento-2.jpg 895w\" sizes=\"(max-width: 766px) 100vw, 766px\" alt=\"\">\r\n                            <\/a>\r\n                            \r\n                        <\/figure>\r\n                    <\/div>\r\n                    <div class = \"td-slide-item td-item3\">\r\n                        <figure class=\"td-slide-galery-figure td-slide-popup-gallery\">\r\n                            <a class=\"slide-gallery-image-link\" href=\"https:\/\/www.eldiario.net\/portal\/wp-content\/uploads\/2024\/04\/Imagen-despues-del-tratamiento-1-scaled.jpg\" title=\"Imagen despu\u00e9s del tratamiento 1\"  data-caption=\"\"  data-description=\"\">\r\n                                <img decoding=\"async\" src=\"https:\/\/www.eldiario.net\/portal\/wp-content\/uploads\/2024\/04\/Imagen-despues-del-tratamiento-1-760x420.jpg\" srcset=\"https:\/\/www.eldiario.net\/portal\/wp-content\/uploads\/2024\/04\/Imagen-despues-del-tratamiento-1-760x420.jpg 760w, https:\/\/www.eldiario.net\/portal\/wp-content\/uploads\/2024\/04\/Imagen-despues-del-tratamiento-1-300x166.jpg 300w, https:\/\/www.eldiario.net\/portal\/wp-content\/uploads\/2024\/04\/Imagen-despues-del-tratamiento-1-1024x566.jpg 1024w, https:\/\/www.eldiario.net\/portal\/wp-content\/uploads\/2024\/04\/Imagen-despues-del-tratamiento-1-768x424.jpg 768w, https:\/\/www.eldiario.net\/portal\/wp-content\/uploads\/2024\/04\/Imagen-despues-del-tratamiento-1-1536x849.jpg 1536w, https:\/\/www.eldiario.net\/portal\/wp-content\/uploads\/2024\/04\/Imagen-despues-del-tratamiento-1-2048x1132.jpg 2048w, https:\/\/www.eldiario.net\/portal\/wp-content\/uploads\/2024\/04\/Imagen-despues-del-tratamiento-1-696x385.jpg 696w, https:\/\/www.eldiario.net\/portal\/wp-content\/uploads\/2024\/04\/Imagen-despues-del-tratamiento-1-1068x590.jpg 1068w, https:\/\/www.eldiario.net\/portal\/wp-content\/uploads\/2024\/04\/Imagen-despues-del-tratamiento-1-1920x1061.jpg 1920w\" sizes=\"(max-width: 760px) 100vw, 760px\" alt=\"\">\r\n                            <\/a>\r\n                            \r\n                        <\/figure>\r\n                    <\/div>\r\n                    <div class = \"td-slide-item td-item4\">\r\n                        <figure class=\"td-slide-galery-figure td-slide-popup-gallery\">\r\n                            <a class=\"slide-gallery-image-link\" href=\"https:\/\/www.eldiario.net\/portal\/wp-content\/uploads\/2024\/04\/Imagen-antes-del-tratamiento.jpg\" title=\"Imagen-antes-del-tratamiento\"  data-caption=\"\"  data-description=\"\">\r\n                                <img decoding=\"async\" src=\"https:\/\/www.eldiario.net\/portal\/wp-content\/uploads\/2024\/04\/Imagen-antes-del-tratamiento.jpg\" srcset=\"https:\/\/www.eldiario.net\/portal\/wp-content\/uploads\/2024\/04\/Imagen-antes-del-tratamiento.jpg 758w, https:\/\/www.eldiario.net\/portal\/wp-content\/uploads\/2024\/04\/Imagen-antes-del-tratamiento-300x165.jpg 300w, https:\/\/www.eldiario.net\/portal\/wp-content\/uploads\/2024\/04\/Imagen-antes-del-tratamiento-696x384.jpg 696w\" sizes=\"(max-width: 758px) 100vw, 758px\" alt=\"\">\r\n                            <\/a>\r\n                            \r\n                        <\/figure>\r\n                    <\/div>\r\n                    <div class = \"td-slide-item td-item5\">\r\n                        <figure class=\"td-slide-galery-figure td-slide-popup-gallery\">\r\n                            <a class=\"slide-gallery-image-link\" href=\"https:\/\/www.eldiario.net\/portal\/wp-content\/uploads\/2024\/04\/Mascara-de-Petit-1.jpg\" title=\"Mascara de Petit 1\"  data-caption=\"\"  data-description=\"\">\r\n                                <img decoding=\"async\" src=\"https:\/\/www.eldiario.net\/portal\/wp-content\/uploads\/2024\/04\/Mascara-de-Petit-1-317x420.jpg\" srcset=\"https:\/\/www.eldiario.net\/portal\/wp-content\/uploads\/2024\/04\/Mascara-de-Petit-1-317x420.jpg 317w, https:\/\/www.eldiario.net\/portal\/wp-content\/uploads\/2024\/04\/Mascara-de-Petit-1-227x300.jpg 227w, https:\/\/www.eldiario.net\/portal\/wp-content\/uploads\/2024\/04\/Mascara-de-Petit-1.jpg 626w\" sizes=\"(max-width: 317px) 100vw, 317px\" alt=\"\">\r\n                            <\/a>\r\n                            \r\n                        <\/figure>\r\n                    <\/div>\r\n                    <div class = \"td-slide-item td-item6\">\r\n                        <figure class=\"td-slide-galery-figure td-slide-popup-gallery\">\r\n                            <a class=\"slide-gallery-image-link\" href=\"https:\/\/www.eldiario.net\/portal\/wp-content\/uploads\/2024\/04\/Mascara-de-Petit.jpg\" title=\"Mascara de Petit\"  data-caption=\"\"  data-description=\"\">\r\n                                <img decoding=\"async\" src=\"https:\/\/www.eldiario.net\/portal\/wp-content\/uploads\/2024\/04\/Mascara-de-Petit-308x420.jpg\" srcset=\"https:\/\/www.eldiario.net\/portal\/wp-content\/uploads\/2024\/04\/Mascara-de-Petit-308x420.jpg 308w, https:\/\/www.eldiario.net\/portal\/wp-content\/uploads\/2024\/04\/Mascara-de-Petit-220x300.jpg 220w, https:\/\/www.eldiario.net\/portal\/wp-content\/uploads\/2024\/04\/Mascara-de-Petit.jpg 600w\" sizes=\"(max-width: 308px) 100vw, 308px\" alt=\"\">\r\n                            <\/a>\r\n                            \r\n                        <\/figure>\r\n                    <\/div>\r\n                    <div class = \"td-slide-item td-item7\">\r\n                        <figure class=\"td-slide-galery-figure td-slide-popup-gallery\">\r\n                            <a class=\"slide-gallery-image-link\" href=\"https:\/\/www.eldiario.net\/portal\/wp-content\/uploads\/2024\/04\/Mordida-invertida-anterior.png\" title=\"Mordida invertida anterior\"  data-caption=\"\"  data-description=\"\">\r\n                                <img decoding=\"async\" src=\"https:\/\/www.eldiario.net\/portal\/wp-content\/uploads\/2024\/04\/Mordida-invertida-anterior.png\" srcset=\"https:\/\/www.eldiario.net\/portal\/wp-content\/uploads\/2024\/04\/Mordida-invertida-anterior.png 372w, https:\/\/www.eldiario.net\/portal\/wp-content\/uploads\/2024\/04\/Mordida-invertida-anterior-300x167.png 300w\" sizes=\"(max-width: 372px) 100vw, 372px\" alt=\"\">\r\n                            <\/a>\r\n                            \r\n                        <\/figure>\r\n                    <\/div>\r\n                    <div class = \"td-slide-item td-item8\">\r\n                        <figure class=\"td-slide-galery-figure td-slide-popup-gallery\">\r\n                            <a class=\"slide-gallery-image-link\" href=\"https:\/\/www.eldiario.net\/portal\/wp-content\/uploads\/2024\/04\/TRATAMIENTO-DE-HIPOPLASIA-MAXILAR-EN-ORTODONCIA.jpg\" title=\"TRATAMIENTO DE HIPOPLASIA MAXILAR EN ORTODONCIA\"  data-caption=\"\"  data-description=\"\">\r\n                                <img decoding=\"async\" src=\"https:\/\/www.eldiario.net\/portal\/wp-content\/uploads\/2024\/04\/TRATAMIENTO-DE-HIPOPLASIA-MAXILAR-EN-ORTODONCIA.jpg\" alt=\"\">\r\n                            <\/a>\r\n                            \r\n                        <\/figure>\r\n                    <\/div>\r\n                            <\/div>\r\n                        <\/div>\r\n\r\n                        <div class = \"td-doubleSlider-2\">\r\n                            <div class = \"td-slider\">\r\n                                \r\n                    <div class = \"td-button td-item1\">\r\n                        <div class = \"td-border\"><\/div>\r\n                    <\/div>\r\n                    <div class = \"td-button td-item2\">\r\n                        <div class = \"td-border\"><\/div>\r\n                    <\/div>\r\n                    <div class = \"td-button td-item3\">\r\n                        <div class = \"td-border\"><\/div>\r\n                    <\/div>\r\n                    <div class = \"td-button td-item4\">\r\n                        <div class = \"td-border\"><\/div>\r\n                    <\/div>\r\n                    <div class = \"td-button td-item5\">\r\n                        <div class = \"td-border\"><\/div>\r\n                    <\/div>\r\n                    <div class = \"td-button td-item6\">\r\n                        <div class = \"td-border\"><\/div>\r\n                    <\/div>\r\n                    <div class = \"td-button td-item7\">\r\n                        <div class = \"td-border\"><\/div>\r\n                    <\/div>\r\n                    <div class = \"td-button td-item8\">\r\n                        <div class = \"td-border\"><\/div>\r\n                    <\/div>\r\n                            <\/div>\r\n                        <\/div>\r\n\r\n                    <\/div>\r\n\r\n                <\/div>\r\n                \n","protected":false},"excerpt":{"rendered":"<p>Dr. Franklin Novoa Flores \u2013 Especialista en Ortodoncia ortopedia &#8211; 72022459 Los pacientes con hipoplasia de maxilar superior (disminuci\u00f3n o deficiencia del crecimiento \u00f3seo del maxilar) deben ser detectados durante la atenci\u00f3n odontol\u00f3gica temprana, es decir cuando est\u00e1n todav\u00eda en crecimiento con la finalidad de poder inducir cambios de tipo esquel\u00e9tico y est\u00e9ticos. Estos pacientes [&hellip;]<\/p>\n","protected":false},"author":1,"featured_media":214297,"comment_status":"open","ping_status":"open","sticky":false,"template":"","format":"standard","meta":{"_acf_changed":false,"footnotes":""},"categories":[52],"tags":[],"class_list":["post-214270","post","type-post","status-publish","format-standard","has-post-thumbnail","category-de-salud-mas-vida"],"acf":{"antetitulo":""},"yoast_head":"<!-- This site is optimized with the Yoast SEO plugin v28.4 - https:\/\/yoast.com\/product\/yoast-seo-wordpress\/ -->\n<title>TRATAMIENTO DE HIPOPLASIA MAXILAR EN ORTODONCIA - El Diario - Bolivia<\/title>\n<meta name=\"robots\" content=\"index, follow, max-snippet:-1, max-image-preview:large, max-video-preview:-1\" \/>\n<link rel=\"canonical\" href=\"https:\/\/www.eldiario.net\/portal\/2024\/04\/14\/tratamiento-de-hipoplasia-maxilar-en-ortodoncia\/\" \/>\n<meta property=\"og:locale\" content=\"es_ES\" \/>\n<meta property=\"og:type\" content=\"article\" \/>\n<meta property=\"og:title\" content=\"TRATAMIENTO DE HIPOPLASIA MAXILAR EN ORTODONCIA - El Diario - Bolivia\" \/>\n<meta property=\"og:description\" content=\"Dr. Franklin Novoa Flores \u2013 Especialista en Ortodoncia ortopedia &#8211; 72022459 Los pacientes con hipoplasia de maxilar superior (disminuci\u00f3n o deficiencia del crecimiento \u00f3seo del maxilar) deben ser detectados durante la atenci\u00f3n odontol\u00f3gica temprana, es decir cuando est\u00e1n todav\u00eda en crecimiento con la finalidad de poder inducir cambios de tipo esquel\u00e9tico y est\u00e9ticos. Estos pacientes [&hellip;]\" \/>\n<meta property=\"og:url\" content=\"https:\/\/www.eldiario.net\/portal\/2024\/04\/14\/tratamiento-de-hipoplasia-maxilar-en-ortodoncia\/\" \/>\n<meta property=\"og:site_name\" content=\"El Diario - Bolivia\" \/>\n<meta property=\"article:publisher\" content=\"https:\/\/www.facebook.com\/eldiario.bolivia\/\" \/>\n<meta property=\"article:published_time\" content=\"2024-04-14T11:05:15+00:00\" \/>\n<meta property=\"article:modified_time\" content=\"2024-04-14T11:13:28+00:00\" \/>\n<meta property=\"og:image\" content=\"https:\/\/www.eldiario.net\/portal\/wp-content\/uploads\/2024\/04\/Mascara-de-Petit.jpg\" \/>\n\t<meta property=\"og:image:width\" content=\"600\" \/>\n\t<meta property=\"og:image:height\" content=\"817\" \/>\n\t<meta property=\"og:image:type\" content=\"image\/jpeg\" \/>\n<meta name=\"author\" content=\"Jeanette\" \/>\n<meta name=\"twitter:card\" content=\"summary_large_image\" \/>\n<meta name=\"twitter:creator\" content=\"@eldiario_net\" \/>\n<meta name=\"twitter:site\" content=\"@eldiario_net\" \/>\n<meta name=\"twitter:label1\" content=\"Escrito por\" \/>\n\t<meta name=\"twitter:data1\" content=\"Jeanette\" \/>\n\t<meta name=\"twitter:label2\" content=\"Tiempo de lectura\" \/>\n\t<meta name=\"twitter:data2\" content=\"3 minutos\" \/>\n<script type=\"application\/ld+json\" class=\"yoast-schema-graph\">{\"@context\":\"https:\\\/\\\/schema.org\",\"@graph\":[{\"@type\":\"Article\",\"@id\":\"https:\\\/\\\/www.eldiario.net\\\/portal\\\/2024\\\/04\\\/14\\\/tratamiento-de-hipoplasia-maxilar-en-ortodoncia\\\/#article\",\"isPartOf\":{\"@id\":\"https:\\\/\\\/www.eldiario.net\\\/portal\\\/2024\\\/04\\\/14\\\/tratamiento-de-hipoplasia-maxilar-en-ortodoncia\\\/\"},\"author\":{\"name\":\"Jeanette\",\"@id\":\"https:\\\/\\\/www.eldiario.net\\\/portal\\\/#\\\/schema\\\/person\\\/2c57cf2b7a7ae032e449e4c9b1019eac\"},\"headline\":\"TRATAMIENTO DE HIPOPLASIA MAXILAR EN ORTODONCIA\",\"datePublished\":\"2024-04-14T11:05:15+00:00\",\"dateModified\":\"2024-04-14T11:13:28+00:00\",\"mainEntityOfPage\":{\"@id\":\"https:\\\/\\\/www.eldiario.net\\\/portal\\\/2024\\\/04\\\/14\\\/tratamiento-de-hipoplasia-maxilar-en-ortodoncia\\\/\"},\"wordCount\":530,\"commentCount\":0,\"publisher\":{\"@id\":\"https:\\\/\\\/www.eldiario.net\\\/portal\\\/#organization\"},\"image\":{\"@id\":\"https:\\\/\\\/www.eldiario.net\\\/portal\\\/2024\\\/04\\\/14\\\/tratamiento-de-hipoplasia-maxilar-en-ortodoncia\\\/#primaryimage\"},\"thumbnailUrl\":\"https:\\\/\\\/www.eldiario.net\\\/portal\\\/wp-content\\\/uploads\\\/2024\\\/04\\\/Mascara-de-Petit.jpg\",\"articleSection\":[\"De Salud + vida\"],\"inLanguage\":\"es\",\"potentialAction\":[{\"@type\":\"CommentAction\",\"name\":\"Comment\",\"target\":[\"https:\\\/\\\/www.eldiario.net\\\/portal\\\/2024\\\/04\\\/14\\\/tratamiento-de-hipoplasia-maxilar-en-ortodoncia\\\/#respond\"]}]},{\"@type\":\"WebPage\",\"@id\":\"https:\\\/\\\/www.eldiario.net\\\/portal\\\/2024\\\/04\\\/14\\\/tratamiento-de-hipoplasia-maxilar-en-ortodoncia\\\/\",\"url\":\"https:\\\/\\\/www.eldiario.net\\\/portal\\\/2024\\\/04\\\/14\\\/tratamiento-de-hipoplasia-maxilar-en-ortodoncia\\\/\",\"name\":\"TRATAMIENTO DE HIPOPLASIA MAXILAR EN ORTODONCIA - El Diario - Bolivia\",\"isPartOf\":{\"@id\":\"https:\\\/\\\/www.eldiario.net\\\/portal\\\/#website\"},\"primaryImageOfPage\":{\"@id\":\"https:\\\/\\\/www.eldiario.net\\\/portal\\\/2024\\\/04\\\/14\\\/tratamiento-de-hipoplasia-maxilar-en-ortodoncia\\\/#primaryimage\"},\"image\":{\"@id\":\"https:\\\/\\\/www.eldiario.net\\\/portal\\\/2024\\\/04\\\/14\\\/tratamiento-de-hipoplasia-maxilar-en-ortodoncia\\\/#primaryimage\"},\"thumbnailUrl\":\"https:\\\/\\\/www.eldiario.net\\\/portal\\\/wp-content\\\/uploads\\\/2024\\\/04\\\/Mascara-de-Petit.jpg\",\"datePublished\":\"2024-04-14T11:05:15+00:00\",\"dateModified\":\"2024-04-14T11:13:28+00:00\",\"breadcrumb\":{\"@id\":\"https:\\\/\\\/www.eldiario.net\\\/portal\\\/2024\\\/04\\\/14\\\/tratamiento-de-hipoplasia-maxilar-en-ortodoncia\\\/#breadcrumb\"},\"inLanguage\":\"es\",\"potentialAction\":[{\"@type\":\"ReadAction\",\"target\":[\"https:\\\/\\\/www.eldiario.net\\\/portal\\\/2024\\\/04\\\/14\\\/tratamiento-de-hipoplasia-maxilar-en-ortodoncia\\\/\"]}]},{\"@type\":\"ImageObject\",\"inLanguage\":\"es\",\"@id\":\"https:\\\/\\\/www.eldiario.net\\\/portal\\\/2024\\\/04\\\/14\\\/tratamiento-de-hipoplasia-maxilar-en-ortodoncia\\\/#primaryimage\",\"url\":\"https:\\\/\\\/www.eldiario.net\\\/portal\\\/wp-content\\\/uploads\\\/2024\\\/04\\\/Mascara-de-Petit.jpg\",\"contentUrl\":\"https:\\\/\\\/www.eldiario.net\\\/portal\\\/wp-content\\\/uploads\\\/2024\\\/04\\\/Mascara-de-Petit.jpg\",\"width\":600,\"height\":817},{\"@type\":\"BreadcrumbList\",\"@id\":\"https:\\\/\\\/www.eldiario.net\\\/portal\\\/2024\\\/04\\\/14\\\/tratamiento-de-hipoplasia-maxilar-en-ortodoncia\\\/#breadcrumb\",\"itemListElement\":[{\"@type\":\"ListItem\",\"position\":1,\"name\":\"Portada\",\"item\":\"https:\\\/\\\/www.eldiario.net\\\/portal\\\/\"},{\"@type\":\"ListItem\",\"position\":2,\"name\":\"TRATAMIENTO DE HIPOPLASIA MAXILAR EN ORTODONCIA\"}]},{\"@type\":\"WebSite\",\"@id\":\"https:\\\/\\\/www.eldiario.net\\\/portal\\\/#website\",\"url\":\"https:\\\/\\\/www.eldiario.net\\\/portal\\\/\",\"name\":\"El Diario - Decano de la prensa nacional\",\"description\":\"El Diario - Decano de la prensa nacional\",\"publisher\":{\"@id\":\"https:\\\/\\\/www.eldiario.net\\\/portal\\\/#organization\"},\"potentialAction\":[{\"@type\":\"SearchAction\",\"target\":{\"@type\":\"EntryPoint\",\"urlTemplate\":\"https:\\\/\\\/www.eldiario.net\\\/portal\\\/?s={search_term_string}\"},\"query-input\":{\"@type\":\"PropertyValueSpecification\",\"valueRequired\":true,\"valueName\":\"search_term_string\"}}],\"inLanguage\":\"es\"},{\"@type\":\"Organization\",\"@id\":\"https:\\\/\\\/www.eldiario.net\\\/portal\\\/#organization\",\"name\":\"El Diario - Decano de la prensa nacional\",\"url\":\"https:\\\/\\\/www.eldiario.net\\\/portal\\\/\",\"logo\":{\"@type\":\"ImageObject\",\"inLanguage\":\"es\",\"@id\":\"https:\\\/\\\/www.eldiario.net\\\/portal\\\/#\\\/schema\\\/logo\\\/image\\\/\",\"url\":\"https:\\\/\\\/www.eldiario.net\\\/portal\\\/wp-content\\\/uploads\\\/2023\\\/07\\\/logo_ED.jpg\",\"contentUrl\":\"https:\\\/\\\/www.eldiario.net\\\/portal\\\/wp-content\\\/uploads\\\/2023\\\/07\\\/logo_ED.jpg\",\"width\":272,\"height\":52,\"caption\":\"El Diario - Decano de la prensa nacional\"},\"image\":{\"@id\":\"https:\\\/\\\/www.eldiario.net\\\/portal\\\/#\\\/schema\\\/logo\\\/image\\\/\"},\"sameAs\":[\"https:\\\/\\\/www.facebook.com\\\/eldiario.bolivia\\\/\",\"https:\\\/\\\/x.com\\\/eldiario_net\"]},{\"@type\":\"Person\",\"@id\":\"https:\\\/\\\/www.eldiario.net\\\/portal\\\/#\\\/schema\\\/person\\\/2c57cf2b7a7ae032e449e4c9b1019eac\",\"name\":\"Jeanette\",\"image\":{\"@type\":\"ImageObject\",\"inLanguage\":\"es\",\"@id\":\"https:\\\/\\\/secure.gravatar.com\\\/avatar\\\/3ea2118a5f7dad2b7138b1187a6b7ee55f160b9968b66013c3a3ef39dd7e5798?s=96&d=mm&r=g\",\"url\":\"https:\\\/\\\/secure.gravatar.com\\\/avatar\\\/3ea2118a5f7dad2b7138b1187a6b7ee55f160b9968b66013c3a3ef39dd7e5798?s=96&d=mm&r=g\",\"contentUrl\":\"https:\\\/\\\/secure.gravatar.com\\\/avatar\\\/3ea2118a5f7dad2b7138b1187a6b7ee55f160b9968b66013c3a3ef39dd7e5798?s=96&d=mm&r=g\",\"caption\":\"Jeanette\"},\"sameAs\":[\"https:\\\/\\\/www.eldiario.net\\\/portal\"],\"url\":\"https:\\\/\\\/www.eldiario.net\\\/portal\\\/author\\\/jeanette\\\/\"}]}<\/script>\n<!-- \/ Yoast SEO plugin. -->","yoast_head_json":{"title":"TRATAMIENTO DE HIPOPLASIA MAXILAR EN ORTODONCIA - El Diario - Bolivia","robots":{"index":"index","follow":"follow","max-snippet":"max-snippet:-1","max-image-preview":"max-image-preview:large","max-video-preview":"max-video-preview:-1"},"canonical":"https:\/\/www.eldiario.net\/portal\/2024\/04\/14\/tratamiento-de-hipoplasia-maxilar-en-ortodoncia\/","og_locale":"es_ES","og_type":"article","og_title":"TRATAMIENTO DE HIPOPLASIA MAXILAR EN ORTODONCIA - El Diario - Bolivia","og_description":"Dr. Franklin Novoa Flores \u2013 Especialista en Ortodoncia ortopedia &#8211; 72022459 Los pacientes con hipoplasia de maxilar superior (disminuci\u00f3n o deficiencia del crecimiento \u00f3seo del maxilar) deben ser detectados durante la atenci\u00f3n odontol\u00f3gica temprana, es decir cuando est\u00e1n todav\u00eda en crecimiento con la finalidad de poder inducir cambios de tipo esquel\u00e9tico y est\u00e9ticos. Estos pacientes [&hellip;]","og_url":"https:\/\/www.eldiario.net\/portal\/2024\/04\/14\/tratamiento-de-hipoplasia-maxilar-en-ortodoncia\/","og_site_name":"El Diario - Bolivia","article_publisher":"https:\/\/www.facebook.com\/eldiario.bolivia\/","article_published_time":"2024-04-14T11:05:15+00:00","article_modified_time":"2024-04-14T11:13:28+00:00","og_image":[{"width":600,"height":817,"url":"https:\/\/www.eldiario.net\/portal\/wp-content\/uploads\/2024\/04\/Mascara-de-Petit.jpg","type":"image\/jpeg"}],"author":"Jeanette","twitter_card":"summary_large_image","twitter_creator":"@eldiario_net","twitter_site":"@eldiario_net","twitter_misc":{"Escrito por":"Jeanette","Tiempo de lectura":"3 minutos"},"schema":{"@context":"https:\/\/schema.org","@graph":[{"@type":"Article","@id":"https:\/\/www.eldiario.net\/portal\/2024\/04\/14\/tratamiento-de-hipoplasia-maxilar-en-ortodoncia\/#article","isPartOf":{"@id":"https:\/\/www.eldiario.net\/portal\/2024\/04\/14\/tratamiento-de-hipoplasia-maxilar-en-ortodoncia\/"},"author":{"name":"Jeanette","@id":"https:\/\/www.eldiario.net\/portal\/#\/schema\/person\/2c57cf2b7a7ae032e449e4c9b1019eac"},"headline":"TRATAMIENTO DE HIPOPLASIA MAXILAR EN ORTODONCIA","datePublished":"2024-04-14T11:05:15+00:00","dateModified":"2024-04-14T11:13:28+00:00","mainEntityOfPage":{"@id":"https:\/\/www.eldiario.net\/portal\/2024\/04\/14\/tratamiento-de-hipoplasia-maxilar-en-ortodoncia\/"},"wordCount":530,"commentCount":0,"publisher":{"@id":"https:\/\/www.eldiario.net\/portal\/#organization"},"image":{"@id":"https:\/\/www.eldiario.net\/portal\/2024\/04\/14\/tratamiento-de-hipoplasia-maxilar-en-ortodoncia\/#primaryimage"},"thumbnailUrl":"https:\/\/www.eldiario.net\/portal\/wp-content\/uploads\/2024\/04\/Mascara-de-Petit.jpg","articleSection":["De Salud + vida"],"inLanguage":"es","potentialAction":[{"@type":"CommentAction","name":"Comment","target":["https:\/\/www.eldiario.net\/portal\/2024\/04\/14\/tratamiento-de-hipoplasia-maxilar-en-ortodoncia\/#respond"]}]},{"@type":"WebPage","@id":"https:\/\/www.eldiario.net\/portal\/2024\/04\/14\/tratamiento-de-hipoplasia-maxilar-en-ortodoncia\/","url":"https:\/\/www.eldiario.net\/portal\/2024\/04\/14\/tratamiento-de-hipoplasia-maxilar-en-ortodoncia\/","name":"TRATAMIENTO DE HIPOPLASIA MAXILAR EN ORTODONCIA - El Diario - Bolivia","isPartOf":{"@id":"https:\/\/www.eldiario.net\/portal\/#website"},"primaryImageOfPage":{"@id":"https:\/\/www.eldiario.net\/portal\/2024\/04\/14\/tratamiento-de-hipoplasia-maxilar-en-ortodoncia\/#primaryimage"},"image":{"@id":"https:\/\/www.eldiario.net\/portal\/2024\/04\/14\/tratamiento-de-hipoplasia-maxilar-en-ortodoncia\/#primaryimage"},"thumbnailUrl":"https:\/\/www.eldiario.net\/portal\/wp-content\/uploads\/2024\/04\/Mascara-de-Petit.jpg","datePublished":"2024-04-14T11:05:15+00:00","dateModified":"2024-04-14T11:13:28+00:00","breadcrumb":{"@id":"https:\/\/www.eldiario.net\/portal\/2024\/04\/14\/tratamiento-de-hipoplasia-maxilar-en-ortodoncia\/#breadcrumb"},"inLanguage":"es","potentialAction":[{"@type":"ReadAction","target":["https:\/\/www.eldiario.net\/portal\/2024\/04\/14\/tratamiento-de-hipoplasia-maxilar-en-ortodoncia\/"]}]},{"@type":"ImageObject","inLanguage":"es","@id":"https:\/\/www.eldiario.net\/portal\/2024\/04\/14\/tratamiento-de-hipoplasia-maxilar-en-ortodoncia\/#primaryimage","url":"https:\/\/www.eldiario.net\/portal\/wp-content\/uploads\/2024\/04\/Mascara-de-Petit.jpg","contentUrl":"https:\/\/www.eldiario.net\/portal\/wp-content\/uploads\/2024\/04\/Mascara-de-Petit.jpg","width":600,"height":817},{"@type":"BreadcrumbList","@id":"https:\/\/www.eldiario.net\/portal\/2024\/04\/14\/tratamiento-de-hipoplasia-maxilar-en-ortodoncia\/#breadcrumb","itemListElement":[{"@type":"ListItem","position":1,"name":"Portada","item":"https:\/\/www.eldiario.net\/portal\/"},{"@type":"ListItem","position":2,"name":"TRATAMIENTO DE HIPOPLASIA MAXILAR EN ORTODONCIA"}]},{"@type":"WebSite","@id":"https:\/\/www.eldiario.net\/portal\/#website","url":"https:\/\/www.eldiario.net\/portal\/","name":"El Diario - Decano de la prensa nacional","description":"El Diario - Decano de la prensa nacional","publisher":{"@id":"https:\/\/www.eldiario.net\/portal\/#organization"},"potentialAction":[{"@type":"SearchAction","target":{"@type":"EntryPoint","urlTemplate":"https:\/\/www.eldiario.net\/portal\/?s={search_term_string}"},"query-input":{"@type":"PropertyValueSpecification","valueRequired":true,"valueName":"search_term_string"}}],"inLanguage":"es"},{"@type":"Organization","@id":"https:\/\/www.eldiario.net\/portal\/#organization","name":"El Diario - Decano de la prensa nacional","url":"https:\/\/www.eldiario.net\/portal\/","logo":{"@type":"ImageObject","inLanguage":"es","@id":"https:\/\/www.eldiario.net\/portal\/#\/schema\/logo\/image\/","url":"https:\/\/www.eldiario.net\/portal\/wp-content\/uploads\/2023\/07\/logo_ED.jpg","contentUrl":"https:\/\/www.eldiario.net\/portal\/wp-content\/uploads\/2023\/07\/logo_ED.jpg","width":272,"height":52,"caption":"El Diario - Decano de la prensa nacional"},"image":{"@id":"https:\/\/www.eldiario.net\/portal\/#\/schema\/logo\/image\/"},"sameAs":["https:\/\/www.facebook.com\/eldiario.bolivia\/","https:\/\/x.com\/eldiario_net"]},{"@type":"Person","@id":"https:\/\/www.eldiario.net\/portal\/#\/schema\/person\/2c57cf2b7a7ae032e449e4c9b1019eac","name":"Jeanette","image":{"@type":"ImageObject","inLanguage":"es","@id":"https:\/\/secure.gravatar.com\/avatar\/3ea2118a5f7dad2b7138b1187a6b7ee55f160b9968b66013c3a3ef39dd7e5798?s=96&d=mm&r=g","url":"https:\/\/secure.gravatar.com\/avatar\/3ea2118a5f7dad2b7138b1187a6b7ee55f160b9968b66013c3a3ef39dd7e5798?s=96&d=mm&r=g","contentUrl":"https:\/\/secure.gravatar.com\/avatar\/3ea2118a5f7dad2b7138b1187a6b7ee55f160b9968b66013c3a3ef39dd7e5798?s=96&d=mm&r=g","caption":"Jeanette"},"sameAs":["https:\/\/www.eldiario.net\/portal"],"url":"https:\/\/www.eldiario.net\/portal\/author\/jeanette\/"}]}},"_links":{"self":[{"href":"https:\/\/www.eldiario.net\/portal\/wp-json\/wp\/v2\/posts\/214270","targetHints":{"allow":["GET"]}}],"collection":[{"href":"https:\/\/www.eldiario.net\/portal\/wp-json\/wp\/v2\/posts"}],"about":[{"href":"https:\/\/www.eldiario.net\/portal\/wp-json\/wp\/v2\/types\/post"}],"author":[{"embeddable":true,"href":"https:\/\/www.eldiario.net\/portal\/wp-json\/wp\/v2\/users\/1"}],"replies":[{"embeddable":true,"href":"https:\/\/www.eldiario.net\/portal\/wp-json\/wp\/v2\/comments?post=214270"}],"version-history":[{"count":3,"href":"https:\/\/www.eldiario.net\/portal\/wp-json\/wp\/v2\/posts\/214270\/revisions"}],"predecessor-version":[{"id":214300,"href":"https:\/\/www.eldiario.net\/portal\/wp-json\/wp\/v2\/posts\/214270\/revisions\/214300"}],"wp:featuredmedia":[{"embeddable":true,"href":"https:\/\/www.eldiario.net\/portal\/wp-json\/wp\/v2\/media\/214297"}],"wp:attachment":[{"href":"https:\/\/www.eldiario.net\/portal\/wp-json\/wp\/v2\/media?parent=214270"}],"wp:term":[{"taxonomy":"category","embeddable":true,"href":"https:\/\/www.eldiario.net\/portal\/wp-json\/wp\/v2\/categories?post=214270"},{"taxonomy":"post_tag","embeddable":true,"href":"https:\/\/www.eldiario.net\/portal\/wp-json\/wp\/v2\/tags?post=214270"}],"curies":[{"name":"wp","href":"https:\/\/api.w.org\/{rel}","templated":true}]}}