{"id":214264,"date":"2024-04-14T07:03:02","date_gmt":"2024-04-14T11:03:02","guid":{"rendered":"https:\/\/www.eldiario.net\/portal\/?p=214264"},"modified":"2024-04-14T07:03:02","modified_gmt":"2024-04-14T11:03:02","slug":"disney-revela-el-trailer-y-poster-de-star-wars-historias-del-imperio","status":"publish","type":"post","link":"https:\/\/www.eldiario.net\/portal\/2024\/04\/14\/disney-revela-el-trailer-y-poster-de-star-wars-historias-del-imperio\/","title":{"rendered":"Disney+ revela el tr\u00e1iler y p\u00f3ster de Star Wars: Historias del Imperio"},"content":{"rendered":"<p>Los seis episodios de la continuaci\u00f3n de Star Wars: Historias de los Jedi de Lucasfilm se estrenan el 4 de mayo en exclusiva en Disney+<br \/>\nDisney+ presenta el tr\u00e1iler, p\u00f3ster y primeras im\u00e1genes de la pr\u00f3xima serie de animaci\u00f3n original de Lucasfilm Star Wars: Historias del Imperio.  La nueva serie, que es la segunda entrega de la serie Historias, sigue el estilo de la aclamada Star Wars: Historias de los Jedi de 2022.<br \/>\nHistorias del Imperio estrena sus seis episodios en exclusiva en Disney+ durante #STARWARSDAY el 4 de mayo.<br \/>\nStar Wars: Historias del Imperio es un viaje de seis episodios al temible Imperio Gal\u00e1ctico a trav\u00e9s de los ojos de dos guerreros con caminos divergentes, ambientados en \u00e9pocas diferentes. Tras perderlo todo, la joven Morgan Elsbeth navega por el mundo imperial en expansi\u00f3n hacia un camino de venganza, mientras que la antigua Jedi Barriss Offee hace lo que debe para sobrevivir a una galaxia en r\u00e1pida transformaci\u00f3n. Las decisiones que tomen definir\u00e1n sus destinos.<br \/>\nEl talentoso reparto de voces incluye a Diana Lee Inosanto (Morgan Elsbeth), Meredith Salenger (Barriss Offee), Rya Kihlstedt (Lyn\/Cuarta Hermana), Wing T. Chao (Wing), Lars Mikkelsen (Thrawn), Jason Isaacs (Gran Inquisidor) y Matthew Wood (General Grievous).<br \/>\nDave Filoni cre\u00f3 la serie y es el director supervisor. Tambi\u00e9n es productor ejecutivo junto con Athena Yvette Portillo y Carrie Beck. Josh Rimes es coproductor ejecutivo y Alex Spotswood es el productor principal.          <\/p>\n","protected":false},"excerpt":{"rendered":"<p>Los seis episodios de la continuaci\u00f3n de Star Wars: Historias de los Jedi de Lucasfilm se estrenan el 4 de mayo en exclusiva en Disney+ Disney+ presenta el tr\u00e1iler, p\u00f3ster y primeras im\u00e1genes de la pr\u00f3xima serie de animaci\u00f3n original de Lucasfilm Star Wars: Historias del Imperio. La nueva serie, que es la segunda entrega [&hellip;]<\/p>\n","protected":false},"author":1,"featured_media":214265,"comment_status":"open","ping_status":"open","sticky":false,"template":"","format":"standard","meta":{"_acf_changed":false,"footnotes":""},"categories":[45],"tags":[],"class_list":["post-214264","post","type-post","status-publish","format-standard","has-post-thumbnail","category-cine-mundo"],"acf":{"antetitulo":""},"yoast_head":"<!-- This site is optimized with the Yoast SEO plugin v28.4 - https:\/\/yoast.com\/product\/yoast-seo-wordpress\/ -->\n<title>Disney+ revela el tr\u00e1iler y p\u00f3ster de Star Wars: Historias del Imperio - El Diario - Bolivia<\/title>\n<meta name=\"robots\" content=\"index, follow, max-snippet:-1, max-image-preview:large, max-video-preview:-1\" \/>\n<link rel=\"canonical\" href=\"https:\/\/www.eldiario.net\/portal\/2024\/04\/14\/disney-revela-el-trailer-y-poster-de-star-wars-historias-del-imperio\/\" \/>\n<meta property=\"og:locale\" content=\"es_ES\" \/>\n<meta property=\"og:type\" content=\"article\" \/>\n<meta property=\"og:title\" content=\"Disney+ revela el tr\u00e1iler y p\u00f3ster de Star Wars: Historias del Imperio - El Diario - Bolivia\" \/>\n<meta property=\"og:description\" content=\"Los seis episodios de la continuaci\u00f3n de Star Wars: Historias de los Jedi de Lucasfilm se estrenan el 4 de mayo en exclusiva en Disney+ Disney+ presenta el tr\u00e1iler, p\u00f3ster y primeras im\u00e1genes de la pr\u00f3xima serie de animaci\u00f3n original de Lucasfilm Star Wars: Historias del Imperio. La nueva serie, que es la segunda entrega [&hellip;]\" \/>\n<meta property=\"og:url\" content=\"https:\/\/www.eldiario.net\/portal\/2024\/04\/14\/disney-revela-el-trailer-y-poster-de-star-wars-historias-del-imperio\/\" \/>\n<meta property=\"og:site_name\" content=\"El Diario - Bolivia\" \/>\n<meta property=\"article:publisher\" content=\"https:\/\/www.facebook.com\/eldiario.bolivia\/\" \/>\n<meta property=\"article:published_time\" content=\"2024-04-14T11:03:02+00:00\" \/>\n<meta property=\"og:image\" content=\"https:\/\/www.eldiario.net\/portal\/wp-content\/uploads\/2024\/04\/Disney-revela-el-trailer-y-poster-de-Star-Wars-Historias-del-Imperio.jpg\" \/>\n\t<meta property=\"og:image:width\" content=\"800\" \/>\n\t<meta property=\"og:image:height\" content=\"1000\" \/>\n\t<meta property=\"og:image:type\" content=\"image\/jpeg\" \/>\n<meta name=\"author\" content=\"Jeanette\" \/>\n<meta name=\"twitter:card\" content=\"summary_large_image\" \/>\n<meta name=\"twitter:creator\" content=\"@eldiario_net\" \/>\n<meta name=\"twitter:site\" content=\"@eldiario_net\" \/>\n<meta name=\"twitter:label1\" content=\"Escrito por\" \/>\n\t<meta name=\"twitter:data1\" content=\"Jeanette\" \/>\n\t<meta name=\"twitter:label2\" content=\"Tiempo de lectura\" \/>\n\t<meta name=\"twitter:data2\" content=\"1 minuto\" \/>\n<script type=\"application\/ld+json\" class=\"yoast-schema-graph\">{\"@context\":\"https:\\\/\\\/schema.org\",\"@graph\":[{\"@type\":\"Article\",\"@id\":\"https:\\\/\\\/www.eldiario.net\\\/portal\\\/2024\\\/04\\\/14\\\/disney-revela-el-trailer-y-poster-de-star-wars-historias-del-imperio\\\/#article\",\"isPartOf\":{\"@id\":\"https:\\\/\\\/www.eldiario.net\\\/portal\\\/2024\\\/04\\\/14\\\/disney-revela-el-trailer-y-poster-de-star-wars-historias-del-imperio\\\/\"},\"author\":{\"name\":\"Jeanette\",\"@id\":\"https:\\\/\\\/www.eldiario.net\\\/portal\\\/#\\\/schema\\\/person\\\/2c57cf2b7a7ae032e449e4c9b1019eac\"},\"headline\":\"Disney+ revela el tr\u00e1iler y p\u00f3ster de Star Wars: Historias del Imperio\",\"datePublished\":\"2024-04-14T11:03:02+00:00\",\"mainEntityOfPage\":{\"@id\":\"https:\\\/\\\/www.eldiario.net\\\/portal\\\/2024\\\/04\\\/14\\\/disney-revela-el-trailer-y-poster-de-star-wars-historias-del-imperio\\\/\"},\"wordCount\":260,\"commentCount\":0,\"publisher\":{\"@id\":\"https:\\\/\\\/www.eldiario.net\\\/portal\\\/#organization\"},\"image\":{\"@id\":\"https:\\\/\\\/www.eldiario.net\\\/portal\\\/2024\\\/04\\\/14\\\/disney-revela-el-trailer-y-poster-de-star-wars-historias-del-imperio\\\/#primaryimage\"},\"thumbnailUrl\":\"https:\\\/\\\/www.eldiario.net\\\/portal\\\/wp-content\\\/uploads\\\/2024\\\/04\\\/Disney-revela-el-trailer-y-poster-de-Star-Wars-Historias-del-Imperio.jpg\",\"articleSection\":[\"Cine Mundo\"],\"inLanguage\":\"es\",\"potentialAction\":[{\"@type\":\"CommentAction\",\"name\":\"Comment\",\"target\":[\"https:\\\/\\\/www.eldiario.net\\\/portal\\\/2024\\\/04\\\/14\\\/disney-revela-el-trailer-y-poster-de-star-wars-historias-del-imperio\\\/#respond\"]}]},{\"@type\":\"WebPage\",\"@id\":\"https:\\\/\\\/www.eldiario.net\\\/portal\\\/2024\\\/04\\\/14\\\/disney-revela-el-trailer-y-poster-de-star-wars-historias-del-imperio\\\/\",\"url\":\"https:\\\/\\\/www.eldiario.net\\\/portal\\\/2024\\\/04\\\/14\\\/disney-revela-el-trailer-y-poster-de-star-wars-historias-del-imperio\\\/\",\"name\":\"Disney+ revela el tr\u00e1iler y p\u00f3ster de Star Wars: Historias del Imperio - El Diario - Bolivia\",\"isPartOf\":{\"@id\":\"https:\\\/\\\/www.eldiario.net\\\/portal\\\/#website\"},\"primaryImageOfPage\":{\"@id\":\"https:\\\/\\\/www.eldiario.net\\\/portal\\\/2024\\\/04\\\/14\\\/disney-revela-el-trailer-y-poster-de-star-wars-historias-del-imperio\\\/#primaryimage\"},\"image\":{\"@id\":\"https:\\\/\\\/www.eldiario.net\\\/portal\\\/2024\\\/04\\\/14\\\/disney-revela-el-trailer-y-poster-de-star-wars-historias-del-imperio\\\/#primaryimage\"},\"thumbnailUrl\":\"https:\\\/\\\/www.eldiario.net\\\/portal\\\/wp-content\\\/uploads\\\/2024\\\/04\\\/Disney-revela-el-trailer-y-poster-de-Star-Wars-Historias-del-Imperio.jpg\",\"datePublished\":\"2024-04-14T11:03:02+00:00\",\"breadcrumb\":{\"@id\":\"https:\\\/\\\/www.eldiario.net\\\/portal\\\/2024\\\/04\\\/14\\\/disney-revela-el-trailer-y-poster-de-star-wars-historias-del-imperio\\\/#breadcrumb\"},\"inLanguage\":\"es\",\"potentialAction\":[{\"@type\":\"ReadAction\",\"target\":[\"https:\\\/\\\/www.eldiario.net\\\/portal\\\/2024\\\/04\\\/14\\\/disney-revela-el-trailer-y-poster-de-star-wars-historias-del-imperio\\\/\"]}]},{\"@type\":\"ImageObject\",\"inLanguage\":\"es\",\"@id\":\"https:\\\/\\\/www.eldiario.net\\\/portal\\\/2024\\\/04\\\/14\\\/disney-revela-el-trailer-y-poster-de-star-wars-historias-del-imperio\\\/#primaryimage\",\"url\":\"https:\\\/\\\/www.eldiario.net\\\/portal\\\/wp-content\\\/uploads\\\/2024\\\/04\\\/Disney-revela-el-trailer-y-poster-de-Star-Wars-Historias-del-Imperio.jpg\",\"contentUrl\":\"https:\\\/\\\/www.eldiario.net\\\/portal\\\/wp-content\\\/uploads\\\/2024\\\/04\\\/Disney-revela-el-trailer-y-poster-de-Star-Wars-Historias-del-Imperio.jpg\",\"width\":800,\"height\":1000},{\"@type\":\"BreadcrumbList\",\"@id\":\"https:\\\/\\\/www.eldiario.net\\\/portal\\\/2024\\\/04\\\/14\\\/disney-revela-el-trailer-y-poster-de-star-wars-historias-del-imperio\\\/#breadcrumb\",\"itemListElement\":[{\"@type\":\"ListItem\",\"position\":1,\"name\":\"Portada\",\"item\":\"https:\\\/\\\/www.eldiario.net\\\/portal\\\/\"},{\"@type\":\"ListItem\",\"position\":2,\"name\":\"Disney+ revela el tr\u00e1iler y p\u00f3ster de Star Wars: Historias del Imperio\"}]},{\"@type\":\"WebSite\",\"@id\":\"https:\\\/\\\/www.eldiario.net\\\/portal\\\/#website\",\"url\":\"https:\\\/\\\/www.eldiario.net\\\/portal\\\/\",\"name\":\"El Diario - Decano de la prensa nacional\",\"description\":\"El Diario - Decano de la prensa nacional\",\"publisher\":{\"@id\":\"https:\\\/\\\/www.eldiario.net\\\/portal\\\/#organization\"},\"potentialAction\":[{\"@type\":\"SearchAction\",\"target\":{\"@type\":\"EntryPoint\",\"urlTemplate\":\"https:\\\/\\\/www.eldiario.net\\\/portal\\\/?s={search_term_string}\"},\"query-input\":{\"@type\":\"PropertyValueSpecification\",\"valueRequired\":true,\"valueName\":\"search_term_string\"}}],\"inLanguage\":\"es\"},{\"@type\":\"Organization\",\"@id\":\"https:\\\/\\\/www.eldiario.net\\\/portal\\\/#organization\",\"name\":\"El Diario - Decano de la prensa nacional\",\"url\":\"https:\\\/\\\/www.eldiario.net\\\/portal\\\/\",\"logo\":{\"@type\":\"ImageObject\",\"inLanguage\":\"es\",\"@id\":\"https:\\\/\\\/www.eldiario.net\\\/portal\\\/#\\\/schema\\\/logo\\\/image\\\/\",\"url\":\"https:\\\/\\\/www.eldiario.net\\\/portal\\\/wp-content\\\/uploads\\\/2023\\\/07\\\/logo_ED.jpg\",\"contentUrl\":\"https:\\\/\\\/www.eldiario.net\\\/portal\\\/wp-content\\\/uploads\\\/2023\\\/07\\\/logo_ED.jpg\",\"width\":272,\"height\":52,\"caption\":\"El Diario - Decano de la prensa nacional\"},\"image\":{\"@id\":\"https:\\\/\\\/www.eldiario.net\\\/portal\\\/#\\\/schema\\\/logo\\\/image\\\/\"},\"sameAs\":[\"https:\\\/\\\/www.facebook.com\\\/eldiario.bolivia\\\/\",\"https:\\\/\\\/x.com\\\/eldiario_net\"]},{\"@type\":\"Person\",\"@id\":\"https:\\\/\\\/www.eldiario.net\\\/portal\\\/#\\\/schema\\\/person\\\/2c57cf2b7a7ae032e449e4c9b1019eac\",\"name\":\"Jeanette\",\"image\":{\"@type\":\"ImageObject\",\"inLanguage\":\"es\",\"@id\":\"https:\\\/\\\/secure.gravatar.com\\\/avatar\\\/3ea2118a5f7dad2b7138b1187a6b7ee55f160b9968b66013c3a3ef39dd7e5798?s=96&d=mm&r=g\",\"url\":\"https:\\\/\\\/secure.gravatar.com\\\/avatar\\\/3ea2118a5f7dad2b7138b1187a6b7ee55f160b9968b66013c3a3ef39dd7e5798?s=96&d=mm&r=g\",\"contentUrl\":\"https:\\\/\\\/secure.gravatar.com\\\/avatar\\\/3ea2118a5f7dad2b7138b1187a6b7ee55f160b9968b66013c3a3ef39dd7e5798?s=96&d=mm&r=g\",\"caption\":\"Jeanette\"},\"sameAs\":[\"https:\\\/\\\/www.eldiario.net\\\/portal\"],\"url\":\"https:\\\/\\\/www.eldiario.net\\\/portal\\\/author\\\/jeanette\\\/\"}]}<\/script>\n<!-- \/ Yoast SEO plugin. -->","yoast_head_json":{"title":"Disney+ revela el tr\u00e1iler y p\u00f3ster de Star Wars: Historias del Imperio - El Diario - Bolivia","robots":{"index":"index","follow":"follow","max-snippet":"max-snippet:-1","max-image-preview":"max-image-preview:large","max-video-preview":"max-video-preview:-1"},"canonical":"https:\/\/www.eldiario.net\/portal\/2024\/04\/14\/disney-revela-el-trailer-y-poster-de-star-wars-historias-del-imperio\/","og_locale":"es_ES","og_type":"article","og_title":"Disney+ revela el tr\u00e1iler y p\u00f3ster de Star Wars: Historias del Imperio - El Diario - Bolivia","og_description":"Los seis episodios de la continuaci\u00f3n de Star Wars: Historias de los Jedi de Lucasfilm se estrenan el 4 de mayo en exclusiva en Disney+ Disney+ presenta el tr\u00e1iler, p\u00f3ster y primeras im\u00e1genes de la pr\u00f3xima serie de animaci\u00f3n original de Lucasfilm Star Wars: Historias del Imperio. La nueva serie, que es la segunda entrega [&hellip;]","og_url":"https:\/\/www.eldiario.net\/portal\/2024\/04\/14\/disney-revela-el-trailer-y-poster-de-star-wars-historias-del-imperio\/","og_site_name":"El Diario - Bolivia","article_publisher":"https:\/\/www.facebook.com\/eldiario.bolivia\/","article_published_time":"2024-04-14T11:03:02+00:00","og_image":[{"width":800,"height":1000,"url":"https:\/\/www.eldiario.net\/portal\/wp-content\/uploads\/2024\/04\/Disney-revela-el-trailer-y-poster-de-Star-Wars-Historias-del-Imperio.jpg","type":"image\/jpeg"}],"author":"Jeanette","twitter_card":"summary_large_image","twitter_creator":"@eldiario_net","twitter_site":"@eldiario_net","twitter_misc":{"Escrito por":"Jeanette","Tiempo de lectura":"1 minuto"},"schema":{"@context":"https:\/\/schema.org","@graph":[{"@type":"Article","@id":"https:\/\/www.eldiario.net\/portal\/2024\/04\/14\/disney-revela-el-trailer-y-poster-de-star-wars-historias-del-imperio\/#article","isPartOf":{"@id":"https:\/\/www.eldiario.net\/portal\/2024\/04\/14\/disney-revela-el-trailer-y-poster-de-star-wars-historias-del-imperio\/"},"author":{"name":"Jeanette","@id":"https:\/\/www.eldiario.net\/portal\/#\/schema\/person\/2c57cf2b7a7ae032e449e4c9b1019eac"},"headline":"Disney+ revela el tr\u00e1iler y p\u00f3ster de Star Wars: Historias del Imperio","datePublished":"2024-04-14T11:03:02+00:00","mainEntityOfPage":{"@id":"https:\/\/www.eldiario.net\/portal\/2024\/04\/14\/disney-revela-el-trailer-y-poster-de-star-wars-historias-del-imperio\/"},"wordCount":260,"commentCount":0,"publisher":{"@id":"https:\/\/www.eldiario.net\/portal\/#organization"},"image":{"@id":"https:\/\/www.eldiario.net\/portal\/2024\/04\/14\/disney-revela-el-trailer-y-poster-de-star-wars-historias-del-imperio\/#primaryimage"},"thumbnailUrl":"https:\/\/www.eldiario.net\/portal\/wp-content\/uploads\/2024\/04\/Disney-revela-el-trailer-y-poster-de-Star-Wars-Historias-del-Imperio.jpg","articleSection":["Cine Mundo"],"inLanguage":"es","potentialAction":[{"@type":"CommentAction","name":"Comment","target":["https:\/\/www.eldiario.net\/portal\/2024\/04\/14\/disney-revela-el-trailer-y-poster-de-star-wars-historias-del-imperio\/#respond"]}]},{"@type":"WebPage","@id":"https:\/\/www.eldiario.net\/portal\/2024\/04\/14\/disney-revela-el-trailer-y-poster-de-star-wars-historias-del-imperio\/","url":"https:\/\/www.eldiario.net\/portal\/2024\/04\/14\/disney-revela-el-trailer-y-poster-de-star-wars-historias-del-imperio\/","name":"Disney+ revela el tr\u00e1iler y p\u00f3ster de Star Wars: Historias del Imperio - El Diario - Bolivia","isPartOf":{"@id":"https:\/\/www.eldiario.net\/portal\/#website"},"primaryImageOfPage":{"@id":"https:\/\/www.eldiario.net\/portal\/2024\/04\/14\/disney-revela-el-trailer-y-poster-de-star-wars-historias-del-imperio\/#primaryimage"},"image":{"@id":"https:\/\/www.eldiario.net\/portal\/2024\/04\/14\/disney-revela-el-trailer-y-poster-de-star-wars-historias-del-imperio\/#primaryimage"},"thumbnailUrl":"https:\/\/www.eldiario.net\/portal\/wp-content\/uploads\/2024\/04\/Disney-revela-el-trailer-y-poster-de-Star-Wars-Historias-del-Imperio.jpg","datePublished":"2024-04-14T11:03:02+00:00","breadcrumb":{"@id":"https:\/\/www.eldiario.net\/portal\/2024\/04\/14\/disney-revela-el-trailer-y-poster-de-star-wars-historias-del-imperio\/#breadcrumb"},"inLanguage":"es","potentialAction":[{"@type":"ReadAction","target":["https:\/\/www.eldiario.net\/portal\/2024\/04\/14\/disney-revela-el-trailer-y-poster-de-star-wars-historias-del-imperio\/"]}]},{"@type":"ImageObject","inLanguage":"es","@id":"https:\/\/www.eldiario.net\/portal\/2024\/04\/14\/disney-revela-el-trailer-y-poster-de-star-wars-historias-del-imperio\/#primaryimage","url":"https:\/\/www.eldiario.net\/portal\/wp-content\/uploads\/2024\/04\/Disney-revela-el-trailer-y-poster-de-Star-Wars-Historias-del-Imperio.jpg","contentUrl":"https:\/\/www.eldiario.net\/portal\/wp-content\/uploads\/2024\/04\/Disney-revela-el-trailer-y-poster-de-Star-Wars-Historias-del-Imperio.jpg","width":800,"height":1000},{"@type":"BreadcrumbList","@id":"https:\/\/www.eldiario.net\/portal\/2024\/04\/14\/disney-revela-el-trailer-y-poster-de-star-wars-historias-del-imperio\/#breadcrumb","itemListElement":[{"@type":"ListItem","position":1,"name":"Portada","item":"https:\/\/www.eldiario.net\/portal\/"},{"@type":"ListItem","position":2,"name":"Disney+ revela el tr\u00e1iler y p\u00f3ster de Star Wars: Historias del Imperio"}]},{"@type":"WebSite","@id":"https:\/\/www.eldiario.net\/portal\/#website","url":"https:\/\/www.eldiario.net\/portal\/","name":"El Diario - Decano de la prensa nacional","description":"El Diario - Decano de la prensa nacional","publisher":{"@id":"https:\/\/www.eldiario.net\/portal\/#organization"},"potentialAction":[{"@type":"SearchAction","target":{"@type":"EntryPoint","urlTemplate":"https:\/\/www.eldiario.net\/portal\/?s={search_term_string}"},"query-input":{"@type":"PropertyValueSpecification","valueRequired":true,"valueName":"search_term_string"}}],"inLanguage":"es"},{"@type":"Organization","@id":"https:\/\/www.eldiario.net\/portal\/#organization","name":"El Diario - Decano de la prensa nacional","url":"https:\/\/www.eldiario.net\/portal\/","logo":{"@type":"ImageObject","inLanguage":"es","@id":"https:\/\/www.eldiario.net\/portal\/#\/schema\/logo\/image\/","url":"https:\/\/www.eldiario.net\/portal\/wp-content\/uploads\/2023\/07\/logo_ED.jpg","contentUrl":"https:\/\/www.eldiario.net\/portal\/wp-content\/uploads\/2023\/07\/logo_ED.jpg","width":272,"height":52,"caption":"El Diario - Decano de la prensa nacional"},"image":{"@id":"https:\/\/www.eldiario.net\/portal\/#\/schema\/logo\/image\/"},"sameAs":["https:\/\/www.facebook.com\/eldiario.bolivia\/","https:\/\/x.com\/eldiario_net"]},{"@type":"Person","@id":"https:\/\/www.eldiario.net\/portal\/#\/schema\/person\/2c57cf2b7a7ae032e449e4c9b1019eac","name":"Jeanette","image":{"@type":"ImageObject","inLanguage":"es","@id":"https:\/\/secure.gravatar.com\/avatar\/3ea2118a5f7dad2b7138b1187a6b7ee55f160b9968b66013c3a3ef39dd7e5798?s=96&d=mm&r=g","url":"https:\/\/secure.gravatar.com\/avatar\/3ea2118a5f7dad2b7138b1187a6b7ee55f160b9968b66013c3a3ef39dd7e5798?s=96&d=mm&r=g","contentUrl":"https:\/\/secure.gravatar.com\/avatar\/3ea2118a5f7dad2b7138b1187a6b7ee55f160b9968b66013c3a3ef39dd7e5798?s=96&d=mm&r=g","caption":"Jeanette"},"sameAs":["https:\/\/www.eldiario.net\/portal"],"url":"https:\/\/www.eldiario.net\/portal\/author\/jeanette\/"}]}},"_links":{"self":[{"href":"https:\/\/www.eldiario.net\/portal\/wp-json\/wp\/v2\/posts\/214264","targetHints":{"allow":["GET"]}}],"collection":[{"href":"https:\/\/www.eldiario.net\/portal\/wp-json\/wp\/v2\/posts"}],"about":[{"href":"https:\/\/www.eldiario.net\/portal\/wp-json\/wp\/v2\/types\/post"}],"author":[{"embeddable":true,"href":"https:\/\/www.eldiario.net\/portal\/wp-json\/wp\/v2\/users\/1"}],"replies":[{"embeddable":true,"href":"https:\/\/www.eldiario.net\/portal\/wp-json\/wp\/v2\/comments?post=214264"}],"version-history":[{"count":1,"href":"https:\/\/www.eldiario.net\/portal\/wp-json\/wp\/v2\/posts\/214264\/revisions"}],"predecessor-version":[{"id":214266,"href":"https:\/\/www.eldiario.net\/portal\/wp-json\/wp\/v2\/posts\/214264\/revisions\/214266"}],"wp:featuredmedia":[{"embeddable":true,"href":"https:\/\/www.eldiario.net\/portal\/wp-json\/wp\/v2\/media\/214265"}],"wp:attachment":[{"href":"https:\/\/www.eldiario.net\/portal\/wp-json\/wp\/v2\/media?parent=214264"}],"wp:term":[{"taxonomy":"category","embeddable":true,"href":"https:\/\/www.eldiario.net\/portal\/wp-json\/wp\/v2\/categories?post=214264"},{"taxonomy":"post_tag","embeddable":true,"href":"https:\/\/www.eldiario.net\/portal\/wp-json\/wp\/v2\/tags?post=214264"}],"curies":[{"name":"wp","href":"https:\/\/api.w.org\/{rel}","templated":true}]}}