{"id":21418,"date":"2021-08-05T05:58:43","date_gmt":"2021-08-05T09:58:43","guid":{"rendered":"https:\/\/www.eldiario.net\/portal\/?p=21418"},"modified":"2021-08-05T05:58:43","modified_gmt":"2021-08-05T09:58:43","slug":"rusia-asegura-que-este-mes-se-resolvera-retraso-de-vacunas","status":"publish","type":"post","link":"https:\/\/www.eldiario.net\/portal\/2021\/08\/05\/rusia-asegura-que-este-mes-se-resolvera-retraso-de-vacunas\/","title":{"rendered":"Rusia asegura que este mes se  resolver\u00e1 retraso de vacunas"},"content":{"rendered":"<p>Durante este mes se resolver\u00e1 \u00abpor completo\u00bb los retrasos en la entrega de la segunda dosis de la vacuna contra el Covid-19 Sputnik-V. Un lote de 200 mil inyecciones deb\u00eda llegar el 23 de julio a Bolivia.<\/p>\n<p>En medio de la escasez de segundas dosis de Suptink V, Rusia asegur\u00f3 ayer que gracias a un aumento en la capacidad de producci\u00f3n de los inoculantes resolver\u00e1 por completo las demoras de las vacunas este mes de agosto.<\/p>\n<p>\u201cEl equipo de Sputnik V confirma que en el mes de agosto se resolver\u00e1n por completo todos los retrasos temporales en la entrega del segundo componente de la vacuna. Esto se debe al gran incremento en la capacidad de producci\u00f3n de las vacunas\u201d, se lee en un comunicado difundido.<\/p>\n<p>El fabricante a\u00f1ade que se han establecido acuerdos de producci\u00f3n con fabricantes de 14 pa\u00edses y duplicar\u00e1 su capacidad en septiembre gracias a la asociaci\u00f3n con grandes firmas como el Serum Institute of India, el mayor productor de vacunas del mundo.<\/p>\n<p>La empresa afirma que la demanda mundial de Sputnik V \u201csigue siendo muy alta debido a su eficacia y seguridad excepcionales, as\u00ed como a la ausencia de efectos secundarios graves que se han relacionado con el uso de algunas otras vacunas\u201d.<\/p>\n<p>En el documento remarca que Sputnik V seguir\u00e1 desempe\u00f1ando un papel de liderazgo en las combinaciones de vacunas. La vacuna fue pionera en el enfoque de refuerzo heterog\u00e9neo (\u00abc\u00f3ctel de vacunas\u00bb) mediante el uso de dos vectores adenovirales diferentes (Ad5 y Ad26) para dos inyecciones diferentes. Y fue la primera en ofrecer una prueba conjunta de mezcla y combinaci\u00f3n a otro productor cuando le hizo una oferta a AstraZeneca el 23 de noviembre de 2020.<\/p>\n","protected":false},"excerpt":{"rendered":"<p>Durante este mes se resolver\u00e1 \u00abpor completo\u00bb los retrasos en la entrega de la segunda dosis de la vacuna contra el Covid-19 Sputnik-V. Un lote de 200 mil inyecciones deb\u00eda llegar el 23 de julio a Bolivia. En medio de la escasez de segundas dosis de Suptink V, Rusia asegur\u00f3 ayer que gracias a un [&hellip;]<\/p>\n","protected":false},"author":1,"featured_media":21419,"comment_status":"closed","ping_status":"closed","sticky":false,"template":"","format":"standard","meta":{"_acf_changed":false,"footnotes":""},"categories":[39],"tags":[],"class_list":["post-21418","post","type-post","status-publish","format-standard","has-post-thumbnail","category-sociedad"],"acf":{"antetitulo":""},"yoast_head":"<!-- This site is optimized with the Yoast SEO plugin v28.4 - https:\/\/yoast.com\/product\/yoast-seo-wordpress\/ -->\n<title>Rusia asegura que este mes se resolver\u00e1 retraso de vacunas - El Diario - Bolivia<\/title>\n<meta name=\"robots\" content=\"index, follow, max-snippet:-1, max-image-preview:large, max-video-preview:-1\" \/>\n<link rel=\"canonical\" href=\"https:\/\/www.eldiario.net\/portal\/2021\/08\/05\/rusia-asegura-que-este-mes-se-resolvera-retraso-de-vacunas\/\" \/>\n<meta property=\"og:locale\" content=\"es_ES\" \/>\n<meta property=\"og:type\" content=\"article\" \/>\n<meta property=\"og:title\" content=\"Rusia asegura que este mes se resolver\u00e1 retraso de vacunas - El Diario - Bolivia\" \/>\n<meta property=\"og:description\" content=\"Durante este mes se resolver\u00e1 \u00abpor completo\u00bb los retrasos en la entrega de la segunda dosis de la vacuna contra el Covid-19 Sputnik-V. Un lote de 200 mil inyecciones deb\u00eda llegar el 23 de julio a Bolivia. En medio de la escasez de segundas dosis de Suptink V, Rusia asegur\u00f3 ayer que gracias a un [&hellip;]\" \/>\n<meta property=\"og:url\" content=\"https:\/\/www.eldiario.net\/portal\/2021\/08\/05\/rusia-asegura-que-este-mes-se-resolvera-retraso-de-vacunas\/\" \/>\n<meta property=\"og:site_name\" content=\"El Diario - Bolivia\" \/>\n<meta property=\"article:publisher\" content=\"https:\/\/www.facebook.com\/eldiario.bolivia\/\" \/>\n<meta property=\"article:published_time\" content=\"2021-08-05T09:58:43+00:00\" \/>\n<meta name=\"author\" content=\"Jeanette\" \/>\n<meta name=\"twitter:card\" content=\"summary_large_image\" \/>\n<meta name=\"twitter:creator\" content=\"@eldiario_net\" \/>\n<meta name=\"twitter:site\" content=\"@eldiario_net\" \/>\n<meta name=\"twitter:label1\" content=\"Escrito por\" \/>\n\t<meta name=\"twitter:data1\" content=\"Jeanette\" \/>\n\t<meta name=\"twitter:label2\" content=\"Tiempo de lectura\" \/>\n\t<meta name=\"twitter:data2\" content=\"2 minutos\" \/>\n<script type=\"application\/ld+json\" class=\"yoast-schema-graph\">{\"@context\":\"https:\\\/\\\/schema.org\",\"@graph\":[{\"@type\":\"Article\",\"@id\":\"https:\\\/\\\/www.eldiario.net\\\/portal\\\/2021\\\/08\\\/05\\\/rusia-asegura-que-este-mes-se-resolvera-retraso-de-vacunas\\\/#article\",\"isPartOf\":{\"@id\":\"https:\\\/\\\/www.eldiario.net\\\/portal\\\/2021\\\/08\\\/05\\\/rusia-asegura-que-este-mes-se-resolvera-retraso-de-vacunas\\\/\"},\"author\":{\"name\":\"Jeanette\",\"@id\":\"https:\\\/\\\/www.eldiario.net\\\/portal\\\/#\\\/schema\\\/person\\\/f46445640444750d7d753ccd04ae01b7\"},\"headline\":\"Rusia asegura que este mes se resolver\u00e1 retraso de vacunas\",\"datePublished\":\"2021-08-05T09:58:43+00:00\",\"mainEntityOfPage\":{\"@id\":\"https:\\\/\\\/www.eldiario.net\\\/portal\\\/2021\\\/08\\\/05\\\/rusia-asegura-que-este-mes-se-resolvera-retraso-de-vacunas\\\/\"},\"wordCount\":299,\"publisher\":{\"@id\":\"https:\\\/\\\/www.eldiario.net\\\/portal\\\/#organization\"},\"image\":{\"@id\":\"https:\\\/\\\/www.eldiario.net\\\/portal\\\/2021\\\/08\\\/05\\\/rusia-asegura-que-este-mes-se-resolvera-retraso-de-vacunas\\\/#primaryimage\"},\"thumbnailUrl\":\"\",\"articleSection\":[\"Sociedad - Seguridad\"],\"inLanguage\":\"es\"},{\"@type\":\"WebPage\",\"@id\":\"https:\\\/\\\/www.eldiario.net\\\/portal\\\/2021\\\/08\\\/05\\\/rusia-asegura-que-este-mes-se-resolvera-retraso-de-vacunas\\\/\",\"url\":\"https:\\\/\\\/www.eldiario.net\\\/portal\\\/2021\\\/08\\\/05\\\/rusia-asegura-que-este-mes-se-resolvera-retraso-de-vacunas\\\/\",\"name\":\"Rusia asegura que este mes se resolver\u00e1 retraso de vacunas - El Diario - Bolivia\",\"isPartOf\":{\"@id\":\"https:\\\/\\\/www.eldiario.net\\\/portal\\\/#website\"},\"primaryImageOfPage\":{\"@id\":\"https:\\\/\\\/www.eldiario.net\\\/portal\\\/2021\\\/08\\\/05\\\/rusia-asegura-que-este-mes-se-resolvera-retraso-de-vacunas\\\/#primaryimage\"},\"image\":{\"@id\":\"https:\\\/\\\/www.eldiario.net\\\/portal\\\/2021\\\/08\\\/05\\\/rusia-asegura-que-este-mes-se-resolvera-retraso-de-vacunas\\\/#primaryimage\"},\"thumbnailUrl\":\"\",\"datePublished\":\"2021-08-05T09:58:43+00:00\",\"breadcrumb\":{\"@id\":\"https:\\\/\\\/www.eldiario.net\\\/portal\\\/2021\\\/08\\\/05\\\/rusia-asegura-que-este-mes-se-resolvera-retraso-de-vacunas\\\/#breadcrumb\"},\"inLanguage\":\"es\",\"potentialAction\":[{\"@type\":\"ReadAction\",\"target\":[\"https:\\\/\\\/www.eldiario.net\\\/portal\\\/2021\\\/08\\\/05\\\/rusia-asegura-que-este-mes-se-resolvera-retraso-de-vacunas\\\/\"]}]},{\"@type\":\"ImageObject\",\"inLanguage\":\"es\",\"@id\":\"https:\\\/\\\/www.eldiario.net\\\/portal\\\/2021\\\/08\\\/05\\\/rusia-asegura-que-este-mes-se-resolvera-retraso-de-vacunas\\\/#primaryimage\",\"url\":\"\",\"contentUrl\":\"\"},{\"@type\":\"BreadcrumbList\",\"@id\":\"https:\\\/\\\/www.eldiario.net\\\/portal\\\/2021\\\/08\\\/05\\\/rusia-asegura-que-este-mes-se-resolvera-retraso-de-vacunas\\\/#breadcrumb\",\"itemListElement\":[{\"@type\":\"ListItem\",\"position\":1,\"name\":\"Portada\",\"item\":\"https:\\\/\\\/www.eldiario.net\\\/portal\\\/\"},{\"@type\":\"ListItem\",\"position\":2,\"name\":\"Rusia asegura que este mes se resolver\u00e1 retraso de vacunas\"}]},{\"@type\":\"WebSite\",\"@id\":\"https:\\\/\\\/www.eldiario.net\\\/portal\\\/#website\",\"url\":\"https:\\\/\\\/www.eldiario.net\\\/portal\\\/\",\"name\":\"El Diario - Decano de la prensa nacional\",\"description\":\"El Diario - Decano de la prensa nacional\",\"publisher\":{\"@id\":\"https:\\\/\\\/www.eldiario.net\\\/portal\\\/#organization\"},\"potentialAction\":[{\"@type\":\"SearchAction\",\"target\":{\"@type\":\"EntryPoint\",\"urlTemplate\":\"https:\\\/\\\/www.eldiario.net\\\/portal\\\/?s={search_term_string}\"},\"query-input\":{\"@type\":\"PropertyValueSpecification\",\"valueRequired\":true,\"valueName\":\"search_term_string\"}}],\"inLanguage\":\"es\"},{\"@type\":\"Organization\",\"@id\":\"https:\\\/\\\/www.eldiario.net\\\/portal\\\/#organization\",\"name\":\"El Diario - Decano de la prensa nacional\",\"url\":\"https:\\\/\\\/www.eldiario.net\\\/portal\\\/\",\"logo\":{\"@type\":\"ImageObject\",\"inLanguage\":\"es\",\"@id\":\"https:\\\/\\\/www.eldiario.net\\\/portal\\\/#\\\/schema\\\/logo\\\/image\\\/\",\"url\":\"https:\\\/\\\/www.eldiario.net\\\/portal\\\/wp-content\\\/uploads\\\/2023\\\/07\\\/logo_ED.jpg\",\"contentUrl\":\"https:\\\/\\\/www.eldiario.net\\\/portal\\\/wp-content\\\/uploads\\\/2023\\\/07\\\/logo_ED.jpg\",\"width\":272,\"height\":52,\"caption\":\"El Diario - Decano de la prensa nacional\"},\"image\":{\"@id\":\"https:\\\/\\\/www.eldiario.net\\\/portal\\\/#\\\/schema\\\/logo\\\/image\\\/\"},\"sameAs\":[\"https:\\\/\\\/www.facebook.com\\\/eldiario.bolivia\\\/\",\"https:\\\/\\\/x.com\\\/eldiario_net\"]},{\"@type\":\"Person\",\"@id\":\"https:\\\/\\\/www.eldiario.net\\\/portal\\\/#\\\/schema\\\/person\\\/f46445640444750d7d753ccd04ae01b7\",\"name\":\"Jeanette\",\"image\":{\"@type\":\"ImageObject\",\"inLanguage\":\"es\",\"@id\":\"https:\\\/\\\/secure.gravatar.com\\\/avatar\\\/3ea2118a5f7dad2b7138b1187a6b7ee55f160b9968b66013c3a3ef39dd7e5798?s=96&d=mm&r=g\",\"url\":\"https:\\\/\\\/secure.gravatar.com\\\/avatar\\\/3ea2118a5f7dad2b7138b1187a6b7ee55f160b9968b66013c3a3ef39dd7e5798?s=96&d=mm&r=g\",\"contentUrl\":\"https:\\\/\\\/secure.gravatar.com\\\/avatar\\\/3ea2118a5f7dad2b7138b1187a6b7ee55f160b9968b66013c3a3ef39dd7e5798?s=96&d=mm&r=g\",\"caption\":\"Jeanette\"},\"sameAs\":[\"https:\\\/\\\/www.eldiario.net\\\/portal\"],\"url\":\"https:\\\/\\\/www.eldiario.net\\\/portal\\\/author\\\/jeanette\\\/\"}]}<\/script>\n<!-- \/ Yoast SEO plugin. -->","yoast_head_json":{"title":"Rusia asegura que este mes se resolver\u00e1 retraso de vacunas - El Diario - Bolivia","robots":{"index":"index","follow":"follow","max-snippet":"max-snippet:-1","max-image-preview":"max-image-preview:large","max-video-preview":"max-video-preview:-1"},"canonical":"https:\/\/www.eldiario.net\/portal\/2021\/08\/05\/rusia-asegura-que-este-mes-se-resolvera-retraso-de-vacunas\/","og_locale":"es_ES","og_type":"article","og_title":"Rusia asegura que este mes se resolver\u00e1 retraso de vacunas - El Diario - Bolivia","og_description":"Durante este mes se resolver\u00e1 \u00abpor completo\u00bb los retrasos en la entrega de la segunda dosis de la vacuna contra el Covid-19 Sputnik-V. Un lote de 200 mil inyecciones deb\u00eda llegar el 23 de julio a Bolivia. En medio de la escasez de segundas dosis de Suptink V, Rusia asegur\u00f3 ayer que gracias a un [&hellip;]","og_url":"https:\/\/www.eldiario.net\/portal\/2021\/08\/05\/rusia-asegura-que-este-mes-se-resolvera-retraso-de-vacunas\/","og_site_name":"El Diario - Bolivia","article_publisher":"https:\/\/www.facebook.com\/eldiario.bolivia\/","article_published_time":"2021-08-05T09:58:43+00:00","author":"Jeanette","twitter_card":"summary_large_image","twitter_creator":"@eldiario_net","twitter_site":"@eldiario_net","twitter_misc":{"Escrito por":"Jeanette","Tiempo de lectura":"2 minutos"},"schema":{"@context":"https:\/\/schema.org","@graph":[{"@type":"Article","@id":"https:\/\/www.eldiario.net\/portal\/2021\/08\/05\/rusia-asegura-que-este-mes-se-resolvera-retraso-de-vacunas\/#article","isPartOf":{"@id":"https:\/\/www.eldiario.net\/portal\/2021\/08\/05\/rusia-asegura-que-este-mes-se-resolvera-retraso-de-vacunas\/"},"author":{"name":"Jeanette","@id":"https:\/\/www.eldiario.net\/portal\/#\/schema\/person\/f46445640444750d7d753ccd04ae01b7"},"headline":"Rusia asegura que este mes se resolver\u00e1 retraso de vacunas","datePublished":"2021-08-05T09:58:43+00:00","mainEntityOfPage":{"@id":"https:\/\/www.eldiario.net\/portal\/2021\/08\/05\/rusia-asegura-que-este-mes-se-resolvera-retraso-de-vacunas\/"},"wordCount":299,"publisher":{"@id":"https:\/\/www.eldiario.net\/portal\/#organization"},"image":{"@id":"https:\/\/www.eldiario.net\/portal\/2021\/08\/05\/rusia-asegura-que-este-mes-se-resolvera-retraso-de-vacunas\/#primaryimage"},"thumbnailUrl":"","articleSection":["Sociedad - Seguridad"],"inLanguage":"es"},{"@type":"WebPage","@id":"https:\/\/www.eldiario.net\/portal\/2021\/08\/05\/rusia-asegura-que-este-mes-se-resolvera-retraso-de-vacunas\/","url":"https:\/\/www.eldiario.net\/portal\/2021\/08\/05\/rusia-asegura-que-este-mes-se-resolvera-retraso-de-vacunas\/","name":"Rusia asegura que este mes se resolver\u00e1 retraso de vacunas - El Diario - Bolivia","isPartOf":{"@id":"https:\/\/www.eldiario.net\/portal\/#website"},"primaryImageOfPage":{"@id":"https:\/\/www.eldiario.net\/portal\/2021\/08\/05\/rusia-asegura-que-este-mes-se-resolvera-retraso-de-vacunas\/#primaryimage"},"image":{"@id":"https:\/\/www.eldiario.net\/portal\/2021\/08\/05\/rusia-asegura-que-este-mes-se-resolvera-retraso-de-vacunas\/#primaryimage"},"thumbnailUrl":"","datePublished":"2021-08-05T09:58:43+00:00","breadcrumb":{"@id":"https:\/\/www.eldiario.net\/portal\/2021\/08\/05\/rusia-asegura-que-este-mes-se-resolvera-retraso-de-vacunas\/#breadcrumb"},"inLanguage":"es","potentialAction":[{"@type":"ReadAction","target":["https:\/\/www.eldiario.net\/portal\/2021\/08\/05\/rusia-asegura-que-este-mes-se-resolvera-retraso-de-vacunas\/"]}]},{"@type":"ImageObject","inLanguage":"es","@id":"https:\/\/www.eldiario.net\/portal\/2021\/08\/05\/rusia-asegura-que-este-mes-se-resolvera-retraso-de-vacunas\/#primaryimage","url":"","contentUrl":""},{"@type":"BreadcrumbList","@id":"https:\/\/www.eldiario.net\/portal\/2021\/08\/05\/rusia-asegura-que-este-mes-se-resolvera-retraso-de-vacunas\/#breadcrumb","itemListElement":[{"@type":"ListItem","position":1,"name":"Portada","item":"https:\/\/www.eldiario.net\/portal\/"},{"@type":"ListItem","position":2,"name":"Rusia asegura que este mes se resolver\u00e1 retraso de vacunas"}]},{"@type":"WebSite","@id":"https:\/\/www.eldiario.net\/portal\/#website","url":"https:\/\/www.eldiario.net\/portal\/","name":"El Diario - Decano de la prensa nacional","description":"El Diario - Decano de la prensa nacional","publisher":{"@id":"https:\/\/www.eldiario.net\/portal\/#organization"},"potentialAction":[{"@type":"SearchAction","target":{"@type":"EntryPoint","urlTemplate":"https:\/\/www.eldiario.net\/portal\/?s={search_term_string}"},"query-input":{"@type":"PropertyValueSpecification","valueRequired":true,"valueName":"search_term_string"}}],"inLanguage":"es"},{"@type":"Organization","@id":"https:\/\/www.eldiario.net\/portal\/#organization","name":"El Diario - Decano de la prensa nacional","url":"https:\/\/www.eldiario.net\/portal\/","logo":{"@type":"ImageObject","inLanguage":"es","@id":"https:\/\/www.eldiario.net\/portal\/#\/schema\/logo\/image\/","url":"https:\/\/www.eldiario.net\/portal\/wp-content\/uploads\/2023\/07\/logo_ED.jpg","contentUrl":"https:\/\/www.eldiario.net\/portal\/wp-content\/uploads\/2023\/07\/logo_ED.jpg","width":272,"height":52,"caption":"El Diario - Decano de la prensa nacional"},"image":{"@id":"https:\/\/www.eldiario.net\/portal\/#\/schema\/logo\/image\/"},"sameAs":["https:\/\/www.facebook.com\/eldiario.bolivia\/","https:\/\/x.com\/eldiario_net"]},{"@type":"Person","@id":"https:\/\/www.eldiario.net\/portal\/#\/schema\/person\/f46445640444750d7d753ccd04ae01b7","name":"Jeanette","image":{"@type":"ImageObject","inLanguage":"es","@id":"https:\/\/secure.gravatar.com\/avatar\/3ea2118a5f7dad2b7138b1187a6b7ee55f160b9968b66013c3a3ef39dd7e5798?s=96&d=mm&r=g","url":"https:\/\/secure.gravatar.com\/avatar\/3ea2118a5f7dad2b7138b1187a6b7ee55f160b9968b66013c3a3ef39dd7e5798?s=96&d=mm&r=g","contentUrl":"https:\/\/secure.gravatar.com\/avatar\/3ea2118a5f7dad2b7138b1187a6b7ee55f160b9968b66013c3a3ef39dd7e5798?s=96&d=mm&r=g","caption":"Jeanette"},"sameAs":["https:\/\/www.eldiario.net\/portal"],"url":"https:\/\/www.eldiario.net\/portal\/author\/jeanette\/"}]}},"_links":{"self":[{"href":"https:\/\/www.eldiario.net\/portal\/wp-json\/wp\/v2\/posts\/21418","targetHints":{"allow":["GET"]}}],"collection":[{"href":"https:\/\/www.eldiario.net\/portal\/wp-json\/wp\/v2\/posts"}],"about":[{"href":"https:\/\/www.eldiario.net\/portal\/wp-json\/wp\/v2\/types\/post"}],"author":[{"embeddable":true,"href":"https:\/\/www.eldiario.net\/portal\/wp-json\/wp\/v2\/users\/1"}],"replies":[{"embeddable":true,"href":"https:\/\/www.eldiario.net\/portal\/wp-json\/wp\/v2\/comments?post=21418"}],"version-history":[{"count":0,"href":"https:\/\/www.eldiario.net\/portal\/wp-json\/wp\/v2\/posts\/21418\/revisions"}],"wp:attachment":[{"href":"https:\/\/www.eldiario.net\/portal\/wp-json\/wp\/v2\/media?parent=21418"}],"wp:term":[{"taxonomy":"category","embeddable":true,"href":"https:\/\/www.eldiario.net\/portal\/wp-json\/wp\/v2\/categories?post=21418"},{"taxonomy":"post_tag","embeddable":true,"href":"https:\/\/www.eldiario.net\/portal\/wp-json\/wp\/v2\/tags?post=21418"}],"curies":[{"name":"wp","href":"https:\/\/api.w.org\/{rel}","templated":true}]}}