{"id":214166,"date":"2024-04-14T06:31:45","date_gmt":"2024-04-14T10:31:45","guid":{"rendered":"https:\/\/www.eldiario.net\/portal\/?p=214166"},"modified":"2024-04-14T06:31:45","modified_gmt":"2024-04-14T10:31:45","slug":"iran-se-apropia-de-un-carguero-vinculado-a-una-compania-israeli","status":"publish","type":"post","link":"https:\/\/www.eldiario.net\/portal\/2024\/04\/14\/iran-se-apropia-de-un-carguero-vinculado-a-una-compania-israeli\/","title":{"rendered":"Ir\u00e1n se apropia de un carguero  vinculado a una compa\u00f1\u00eda israel\u00ed"},"content":{"rendered":"<p>La Marina de la Guardia Revolucionaria iran\u00ed se apropi\u00f3 de un carguero vinculado a Israel que navegaba por el estrecho de Ormuz, seg\u00fan informa la agencia semioficial de noticias iran\u00ed Tasnim.<br \/>\n\u201cFuentes informaron que el buque es el \u2018MSC ARies\u2019, de bandera portuguesa, un carguero de contenedores vinculado a la empresa Zodiac Maritime con sede en Londres. El grupo Zodiac Group del billonario israel\u00ed, Eyal Ofer, tiene parte de la propiedad de Zodiac Maritime\u201d, inform\u00f3 Tasnim, considerada la agencia de noticias de la Guardia Revolucionaria, cuerpo militar e ideol\u00f3gico de \u00e9lite de las Fuerzas Armadas iran\u00edes.<br \/>\nEsta informaci\u00f3n se public\u00f3 luego de que la agencia de operaciones de comercio mar\u00edtimo de Reino Unido (Ukmto) confirmara que autoridades regionales se hab\u00edan incautado de un carguero que navegaba entre las costas de Ir\u00e1n y Emiratos \u00c1rabes Unidos.<br \/>\nLa naviera italo-suiza MSC, confirm\u00f3 que el buque fue abordado por las autoridades iran\u00edes y que hab\u00eda 25 tripulantes a bordo. \u00abLamentamos confirmar que el \u2039MSC Aries\u203a (&#8230;) fue abordado por las autoridades iran\u00edes con un helic\u00f3ptero cuando cruzaba el estrecho de Ormuz\u00bb, indic\u00f3 en un comunicado.<br \/>\nEl ministro de Exteriores israel\u00ed, Israel Katz, ya asumieron que Ir\u00e1n tiene el barco en su poder en lo que describi\u00f3 como un acto de pirater\u00eda y exigi\u00f3 a la comunidad internacional que declare a la Guardia Revolucionaria como entidad terrorista.<br \/>\n\u00abLos cuerpos de la Guardia Revolucionaria de Ir\u00e1n se apropiaron de un carguero civil, perteneciente a un miembro de la Uni\u00f3n Europea, del que dicen es propiedad de Israel\u00bb, manifest\u00f3 Katz.<br \/>\n\u00abEl r\u00e9gimen del ayatol\u00e1 Jamenei es un r\u00e9gimen criminal que primero respalda a Ham\u00e1s y ahora se dedica a efectuar operaciones piratas en violaci\u00f3n del derecho Internacional. Pido a la Uni\u00f3n Europea y al mundo libre que declaren inmediatamente a la Guardia Revolucionaria como una organizaci\u00f3n terrorista y que sancionen a Ir\u00e1n ahora mismo\u00bb, hizo saber en su cuenta de la red social X. (Europa Press)<\/p>\n","protected":false},"excerpt":{"rendered":"<p>La Marina de la Guardia Revolucionaria iran\u00ed se apropi\u00f3 de un carguero vinculado a Israel que navegaba por el estrecho de Ormuz, seg\u00fan informa la agencia semioficial de noticias iran\u00ed Tasnim. \u201cFuentes informaron que el buque es el \u2018MSC ARies\u2019, de bandera portuguesa, un carguero de contenedores vinculado a la empresa Zodiac Maritime con sede [&hellip;]<\/p>\n","protected":false},"author":1,"featured_media":214167,"comment_status":"open","ping_status":"open","sticky":false,"template":"","format":"standard","meta":{"_acf_changed":false,"footnotes":""},"categories":[3],"tags":[],"class_list":["post-214166","post","type-post","status-publish","format-standard","has-post-thumbnail","category-internacional"],"acf":{"antetitulo":"En el estrecho de Ormuz"},"yoast_head":"<!-- This site is optimized with the Yoast SEO plugin v28.4 - https:\/\/yoast.com\/product\/yoast-seo-wordpress\/ -->\n<title>Ir\u00e1n se apropia de un carguero vinculado a una compa\u00f1\u00eda israel\u00ed - El Diario - Bolivia<\/title>\n<meta name=\"robots\" content=\"index, follow, max-snippet:-1, max-image-preview:large, max-video-preview:-1\" \/>\n<link rel=\"canonical\" href=\"https:\/\/www.eldiario.net\/portal\/2024\/04\/14\/iran-se-apropia-de-un-carguero-vinculado-a-una-compania-israeli\/\" \/>\n<meta property=\"og:locale\" content=\"es_ES\" \/>\n<meta property=\"og:type\" content=\"article\" \/>\n<meta property=\"og:title\" content=\"Ir\u00e1n se apropia de un carguero vinculado a una compa\u00f1\u00eda israel\u00ed - El Diario - Bolivia\" \/>\n<meta property=\"og:description\" content=\"La Marina de la Guardia Revolucionaria iran\u00ed se apropi\u00f3 de un carguero vinculado a Israel que navegaba por el estrecho de Ormuz, seg\u00fan informa la agencia semioficial de noticias iran\u00ed Tasnim. \u201cFuentes informaron que el buque es el \u2018MSC ARies\u2019, de bandera portuguesa, un carguero de contenedores vinculado a la empresa Zodiac Maritime con sede [&hellip;]\" \/>\n<meta property=\"og:url\" content=\"https:\/\/www.eldiario.net\/portal\/2024\/04\/14\/iran-se-apropia-de-un-carguero-vinculado-a-una-compania-israeli\/\" \/>\n<meta property=\"og:site_name\" content=\"El Diario - Bolivia\" \/>\n<meta property=\"article:publisher\" content=\"https:\/\/www.facebook.com\/eldiario.bolivia\/\" \/>\n<meta property=\"article:published_time\" content=\"2024-04-14T10:31:45+00:00\" \/>\n<meta property=\"og:image\" content=\"https:\/\/www.eldiario.net\/portal\/wp-content\/uploads\/2024\/04\/BARCO.jpg\" \/>\n\t<meta property=\"og:image:width\" content=\"1200\" \/>\n\t<meta property=\"og:image:height\" content=\"675\" \/>\n\t<meta property=\"og:image:type\" content=\"image\/jpeg\" \/>\n<meta name=\"author\" content=\"Jeanette\" \/>\n<meta name=\"twitter:card\" content=\"summary_large_image\" \/>\n<meta name=\"twitter:creator\" content=\"@eldiario_net\" \/>\n<meta name=\"twitter:site\" content=\"@eldiario_net\" \/>\n<meta name=\"twitter:label1\" content=\"Escrito por\" \/>\n\t<meta name=\"twitter:data1\" content=\"Jeanette\" \/>\n\t<meta name=\"twitter:label2\" content=\"Tiempo de lectura\" \/>\n\t<meta name=\"twitter:data2\" content=\"2 minutos\" \/>\n<script type=\"application\/ld+json\" class=\"yoast-schema-graph\">{\"@context\":\"https:\\\/\\\/schema.org\",\"@graph\":[{\"@type\":\"Article\",\"@id\":\"https:\\\/\\\/www.eldiario.net\\\/portal\\\/2024\\\/04\\\/14\\\/iran-se-apropia-de-un-carguero-vinculado-a-una-compania-israeli\\\/#article\",\"isPartOf\":{\"@id\":\"https:\\\/\\\/www.eldiario.net\\\/portal\\\/2024\\\/04\\\/14\\\/iran-se-apropia-de-un-carguero-vinculado-a-una-compania-israeli\\\/\"},\"author\":{\"name\":\"Jeanette\",\"@id\":\"https:\\\/\\\/www.eldiario.net\\\/portal\\\/#\\\/schema\\\/person\\\/2c57cf2b7a7ae032e449e4c9b1019eac\"},\"headline\":\"Ir\u00e1n se apropia de un carguero vinculado a una compa\u00f1\u00eda israel\u00ed\",\"datePublished\":\"2024-04-14T10:31:45+00:00\",\"mainEntityOfPage\":{\"@id\":\"https:\\\/\\\/www.eldiario.net\\\/portal\\\/2024\\\/04\\\/14\\\/iran-se-apropia-de-un-carguero-vinculado-a-una-compania-israeli\\\/\"},\"wordCount\":353,\"commentCount\":0,\"publisher\":{\"@id\":\"https:\\\/\\\/www.eldiario.net\\\/portal\\\/#organization\"},\"image\":{\"@id\":\"https:\\\/\\\/www.eldiario.net\\\/portal\\\/2024\\\/04\\\/14\\\/iran-se-apropia-de-un-carguero-vinculado-a-una-compania-israeli\\\/#primaryimage\"},\"thumbnailUrl\":\"https:\\\/\\\/www.eldiario.net\\\/portal\\\/wp-content\\\/uploads\\\/2024\\\/04\\\/BARCO.jpg\",\"articleSection\":[\"Internacional\"],\"inLanguage\":\"es\",\"potentialAction\":[{\"@type\":\"CommentAction\",\"name\":\"Comment\",\"target\":[\"https:\\\/\\\/www.eldiario.net\\\/portal\\\/2024\\\/04\\\/14\\\/iran-se-apropia-de-un-carguero-vinculado-a-una-compania-israeli\\\/#respond\"]}]},{\"@type\":\"WebPage\",\"@id\":\"https:\\\/\\\/www.eldiario.net\\\/portal\\\/2024\\\/04\\\/14\\\/iran-se-apropia-de-un-carguero-vinculado-a-una-compania-israeli\\\/\",\"url\":\"https:\\\/\\\/www.eldiario.net\\\/portal\\\/2024\\\/04\\\/14\\\/iran-se-apropia-de-un-carguero-vinculado-a-una-compania-israeli\\\/\",\"name\":\"Ir\u00e1n se apropia de un carguero vinculado a una compa\u00f1\u00eda israel\u00ed - El Diario - Bolivia\",\"isPartOf\":{\"@id\":\"https:\\\/\\\/www.eldiario.net\\\/portal\\\/#website\"},\"primaryImageOfPage\":{\"@id\":\"https:\\\/\\\/www.eldiario.net\\\/portal\\\/2024\\\/04\\\/14\\\/iran-se-apropia-de-un-carguero-vinculado-a-una-compania-israeli\\\/#primaryimage\"},\"image\":{\"@id\":\"https:\\\/\\\/www.eldiario.net\\\/portal\\\/2024\\\/04\\\/14\\\/iran-se-apropia-de-un-carguero-vinculado-a-una-compania-israeli\\\/#primaryimage\"},\"thumbnailUrl\":\"https:\\\/\\\/www.eldiario.net\\\/portal\\\/wp-content\\\/uploads\\\/2024\\\/04\\\/BARCO.jpg\",\"datePublished\":\"2024-04-14T10:31:45+00:00\",\"breadcrumb\":{\"@id\":\"https:\\\/\\\/www.eldiario.net\\\/portal\\\/2024\\\/04\\\/14\\\/iran-se-apropia-de-un-carguero-vinculado-a-una-compania-israeli\\\/#breadcrumb\"},\"inLanguage\":\"es\",\"potentialAction\":[{\"@type\":\"ReadAction\",\"target\":[\"https:\\\/\\\/www.eldiario.net\\\/portal\\\/2024\\\/04\\\/14\\\/iran-se-apropia-de-un-carguero-vinculado-a-una-compania-israeli\\\/\"]}]},{\"@type\":\"ImageObject\",\"inLanguage\":\"es\",\"@id\":\"https:\\\/\\\/www.eldiario.net\\\/portal\\\/2024\\\/04\\\/14\\\/iran-se-apropia-de-un-carguero-vinculado-a-una-compania-israeli\\\/#primaryimage\",\"url\":\"https:\\\/\\\/www.eldiario.net\\\/portal\\\/wp-content\\\/uploads\\\/2024\\\/04\\\/BARCO.jpg\",\"contentUrl\":\"https:\\\/\\\/www.eldiario.net\\\/portal\\\/wp-content\\\/uploads\\\/2024\\\/04\\\/BARCO.jpg\",\"width\":1200,\"height\":675,\"caption\":\"EN EL BUQUE HAB\u00cdAN 25 TRIPULANTES A BORDO. Estrella Digital\"},{\"@type\":\"BreadcrumbList\",\"@id\":\"https:\\\/\\\/www.eldiario.net\\\/portal\\\/2024\\\/04\\\/14\\\/iran-se-apropia-de-un-carguero-vinculado-a-una-compania-israeli\\\/#breadcrumb\",\"itemListElement\":[{\"@type\":\"ListItem\",\"position\":1,\"name\":\"Portada\",\"item\":\"https:\\\/\\\/www.eldiario.net\\\/portal\\\/\"},{\"@type\":\"ListItem\",\"position\":2,\"name\":\"Ir\u00e1n se apropia de un carguero vinculado a una compa\u00f1\u00eda israel\u00ed\"}]},{\"@type\":\"WebSite\",\"@id\":\"https:\\\/\\\/www.eldiario.net\\\/portal\\\/#website\",\"url\":\"https:\\\/\\\/www.eldiario.net\\\/portal\\\/\",\"name\":\"El Diario - Decano de la prensa nacional\",\"description\":\"El Diario - Decano de la prensa nacional\",\"publisher\":{\"@id\":\"https:\\\/\\\/www.eldiario.net\\\/portal\\\/#organization\"},\"potentialAction\":[{\"@type\":\"SearchAction\",\"target\":{\"@type\":\"EntryPoint\",\"urlTemplate\":\"https:\\\/\\\/www.eldiario.net\\\/portal\\\/?s={search_term_string}\"},\"query-input\":{\"@type\":\"PropertyValueSpecification\",\"valueRequired\":true,\"valueName\":\"search_term_string\"}}],\"inLanguage\":\"es\"},{\"@type\":\"Organization\",\"@id\":\"https:\\\/\\\/www.eldiario.net\\\/portal\\\/#organization\",\"name\":\"El Diario - Decano de la prensa nacional\",\"url\":\"https:\\\/\\\/www.eldiario.net\\\/portal\\\/\",\"logo\":{\"@type\":\"ImageObject\",\"inLanguage\":\"es\",\"@id\":\"https:\\\/\\\/www.eldiario.net\\\/portal\\\/#\\\/schema\\\/logo\\\/image\\\/\",\"url\":\"https:\\\/\\\/www.eldiario.net\\\/portal\\\/wp-content\\\/uploads\\\/2023\\\/07\\\/logo_ED.jpg\",\"contentUrl\":\"https:\\\/\\\/www.eldiario.net\\\/portal\\\/wp-content\\\/uploads\\\/2023\\\/07\\\/logo_ED.jpg\",\"width\":272,\"height\":52,\"caption\":\"El Diario - Decano de la prensa nacional\"},\"image\":{\"@id\":\"https:\\\/\\\/www.eldiario.net\\\/portal\\\/#\\\/schema\\\/logo\\\/image\\\/\"},\"sameAs\":[\"https:\\\/\\\/www.facebook.com\\\/eldiario.bolivia\\\/\",\"https:\\\/\\\/x.com\\\/eldiario_net\"]},{\"@type\":\"Person\",\"@id\":\"https:\\\/\\\/www.eldiario.net\\\/portal\\\/#\\\/schema\\\/person\\\/2c57cf2b7a7ae032e449e4c9b1019eac\",\"name\":\"Jeanette\",\"image\":{\"@type\":\"ImageObject\",\"inLanguage\":\"es\",\"@id\":\"https:\\\/\\\/secure.gravatar.com\\\/avatar\\\/3ea2118a5f7dad2b7138b1187a6b7ee55f160b9968b66013c3a3ef39dd7e5798?s=96&d=mm&r=g\",\"url\":\"https:\\\/\\\/secure.gravatar.com\\\/avatar\\\/3ea2118a5f7dad2b7138b1187a6b7ee55f160b9968b66013c3a3ef39dd7e5798?s=96&d=mm&r=g\",\"contentUrl\":\"https:\\\/\\\/secure.gravatar.com\\\/avatar\\\/3ea2118a5f7dad2b7138b1187a6b7ee55f160b9968b66013c3a3ef39dd7e5798?s=96&d=mm&r=g\",\"caption\":\"Jeanette\"},\"sameAs\":[\"https:\\\/\\\/www.eldiario.net\\\/portal\"],\"url\":\"https:\\\/\\\/www.eldiario.net\\\/portal\\\/author\\\/jeanette\\\/\"}]}<\/script>\n<!-- \/ Yoast SEO plugin. -->","yoast_head_json":{"title":"Ir\u00e1n se apropia de un carguero vinculado a una compa\u00f1\u00eda israel\u00ed - El Diario - Bolivia","robots":{"index":"index","follow":"follow","max-snippet":"max-snippet:-1","max-image-preview":"max-image-preview:large","max-video-preview":"max-video-preview:-1"},"canonical":"https:\/\/www.eldiario.net\/portal\/2024\/04\/14\/iran-se-apropia-de-un-carguero-vinculado-a-una-compania-israeli\/","og_locale":"es_ES","og_type":"article","og_title":"Ir\u00e1n se apropia de un carguero vinculado a una compa\u00f1\u00eda israel\u00ed - El Diario - Bolivia","og_description":"La Marina de la Guardia Revolucionaria iran\u00ed se apropi\u00f3 de un carguero vinculado a Israel que navegaba por el estrecho de Ormuz, seg\u00fan informa la agencia semioficial de noticias iran\u00ed Tasnim. \u201cFuentes informaron que el buque es el \u2018MSC ARies\u2019, de bandera portuguesa, un carguero de contenedores vinculado a la empresa Zodiac Maritime con sede [&hellip;]","og_url":"https:\/\/www.eldiario.net\/portal\/2024\/04\/14\/iran-se-apropia-de-un-carguero-vinculado-a-una-compania-israeli\/","og_site_name":"El Diario - Bolivia","article_publisher":"https:\/\/www.facebook.com\/eldiario.bolivia\/","article_published_time":"2024-04-14T10:31:45+00:00","og_image":[{"width":1200,"height":675,"url":"https:\/\/www.eldiario.net\/portal\/wp-content\/uploads\/2024\/04\/BARCO.jpg","type":"image\/jpeg"}],"author":"Jeanette","twitter_card":"summary_large_image","twitter_creator":"@eldiario_net","twitter_site":"@eldiario_net","twitter_misc":{"Escrito por":"Jeanette","Tiempo de lectura":"2 minutos"},"schema":{"@context":"https:\/\/schema.org","@graph":[{"@type":"Article","@id":"https:\/\/www.eldiario.net\/portal\/2024\/04\/14\/iran-se-apropia-de-un-carguero-vinculado-a-una-compania-israeli\/#article","isPartOf":{"@id":"https:\/\/www.eldiario.net\/portal\/2024\/04\/14\/iran-se-apropia-de-un-carguero-vinculado-a-una-compania-israeli\/"},"author":{"name":"Jeanette","@id":"https:\/\/www.eldiario.net\/portal\/#\/schema\/person\/2c57cf2b7a7ae032e449e4c9b1019eac"},"headline":"Ir\u00e1n se apropia de un carguero vinculado a una compa\u00f1\u00eda israel\u00ed","datePublished":"2024-04-14T10:31:45+00:00","mainEntityOfPage":{"@id":"https:\/\/www.eldiario.net\/portal\/2024\/04\/14\/iran-se-apropia-de-un-carguero-vinculado-a-una-compania-israeli\/"},"wordCount":353,"commentCount":0,"publisher":{"@id":"https:\/\/www.eldiario.net\/portal\/#organization"},"image":{"@id":"https:\/\/www.eldiario.net\/portal\/2024\/04\/14\/iran-se-apropia-de-un-carguero-vinculado-a-una-compania-israeli\/#primaryimage"},"thumbnailUrl":"https:\/\/www.eldiario.net\/portal\/wp-content\/uploads\/2024\/04\/BARCO.jpg","articleSection":["Internacional"],"inLanguage":"es","potentialAction":[{"@type":"CommentAction","name":"Comment","target":["https:\/\/www.eldiario.net\/portal\/2024\/04\/14\/iran-se-apropia-de-un-carguero-vinculado-a-una-compania-israeli\/#respond"]}]},{"@type":"WebPage","@id":"https:\/\/www.eldiario.net\/portal\/2024\/04\/14\/iran-se-apropia-de-un-carguero-vinculado-a-una-compania-israeli\/","url":"https:\/\/www.eldiario.net\/portal\/2024\/04\/14\/iran-se-apropia-de-un-carguero-vinculado-a-una-compania-israeli\/","name":"Ir\u00e1n se apropia de un carguero vinculado a una compa\u00f1\u00eda israel\u00ed - El Diario - Bolivia","isPartOf":{"@id":"https:\/\/www.eldiario.net\/portal\/#website"},"primaryImageOfPage":{"@id":"https:\/\/www.eldiario.net\/portal\/2024\/04\/14\/iran-se-apropia-de-un-carguero-vinculado-a-una-compania-israeli\/#primaryimage"},"image":{"@id":"https:\/\/www.eldiario.net\/portal\/2024\/04\/14\/iran-se-apropia-de-un-carguero-vinculado-a-una-compania-israeli\/#primaryimage"},"thumbnailUrl":"https:\/\/www.eldiario.net\/portal\/wp-content\/uploads\/2024\/04\/BARCO.jpg","datePublished":"2024-04-14T10:31:45+00:00","breadcrumb":{"@id":"https:\/\/www.eldiario.net\/portal\/2024\/04\/14\/iran-se-apropia-de-un-carguero-vinculado-a-una-compania-israeli\/#breadcrumb"},"inLanguage":"es","potentialAction":[{"@type":"ReadAction","target":["https:\/\/www.eldiario.net\/portal\/2024\/04\/14\/iran-se-apropia-de-un-carguero-vinculado-a-una-compania-israeli\/"]}]},{"@type":"ImageObject","inLanguage":"es","@id":"https:\/\/www.eldiario.net\/portal\/2024\/04\/14\/iran-se-apropia-de-un-carguero-vinculado-a-una-compania-israeli\/#primaryimage","url":"https:\/\/www.eldiario.net\/portal\/wp-content\/uploads\/2024\/04\/BARCO.jpg","contentUrl":"https:\/\/www.eldiario.net\/portal\/wp-content\/uploads\/2024\/04\/BARCO.jpg","width":1200,"height":675,"caption":"EN EL BUQUE HAB\u00cdAN 25 TRIPULANTES A BORDO. Estrella Digital"},{"@type":"BreadcrumbList","@id":"https:\/\/www.eldiario.net\/portal\/2024\/04\/14\/iran-se-apropia-de-un-carguero-vinculado-a-una-compania-israeli\/#breadcrumb","itemListElement":[{"@type":"ListItem","position":1,"name":"Portada","item":"https:\/\/www.eldiario.net\/portal\/"},{"@type":"ListItem","position":2,"name":"Ir\u00e1n se apropia de un carguero vinculado a una compa\u00f1\u00eda israel\u00ed"}]},{"@type":"WebSite","@id":"https:\/\/www.eldiario.net\/portal\/#website","url":"https:\/\/www.eldiario.net\/portal\/","name":"El Diario - Decano de la prensa nacional","description":"El Diario - Decano de la prensa nacional","publisher":{"@id":"https:\/\/www.eldiario.net\/portal\/#organization"},"potentialAction":[{"@type":"SearchAction","target":{"@type":"EntryPoint","urlTemplate":"https:\/\/www.eldiario.net\/portal\/?s={search_term_string}"},"query-input":{"@type":"PropertyValueSpecification","valueRequired":true,"valueName":"search_term_string"}}],"inLanguage":"es"},{"@type":"Organization","@id":"https:\/\/www.eldiario.net\/portal\/#organization","name":"El Diario - Decano de la prensa nacional","url":"https:\/\/www.eldiario.net\/portal\/","logo":{"@type":"ImageObject","inLanguage":"es","@id":"https:\/\/www.eldiario.net\/portal\/#\/schema\/logo\/image\/","url":"https:\/\/www.eldiario.net\/portal\/wp-content\/uploads\/2023\/07\/logo_ED.jpg","contentUrl":"https:\/\/www.eldiario.net\/portal\/wp-content\/uploads\/2023\/07\/logo_ED.jpg","width":272,"height":52,"caption":"El Diario - Decano de la prensa nacional"},"image":{"@id":"https:\/\/www.eldiario.net\/portal\/#\/schema\/logo\/image\/"},"sameAs":["https:\/\/www.facebook.com\/eldiario.bolivia\/","https:\/\/x.com\/eldiario_net"]},{"@type":"Person","@id":"https:\/\/www.eldiario.net\/portal\/#\/schema\/person\/2c57cf2b7a7ae032e449e4c9b1019eac","name":"Jeanette","image":{"@type":"ImageObject","inLanguage":"es","@id":"https:\/\/secure.gravatar.com\/avatar\/3ea2118a5f7dad2b7138b1187a6b7ee55f160b9968b66013c3a3ef39dd7e5798?s=96&d=mm&r=g","url":"https:\/\/secure.gravatar.com\/avatar\/3ea2118a5f7dad2b7138b1187a6b7ee55f160b9968b66013c3a3ef39dd7e5798?s=96&d=mm&r=g","contentUrl":"https:\/\/secure.gravatar.com\/avatar\/3ea2118a5f7dad2b7138b1187a6b7ee55f160b9968b66013c3a3ef39dd7e5798?s=96&d=mm&r=g","caption":"Jeanette"},"sameAs":["https:\/\/www.eldiario.net\/portal"],"url":"https:\/\/www.eldiario.net\/portal\/author\/jeanette\/"}]}},"_links":{"self":[{"href":"https:\/\/www.eldiario.net\/portal\/wp-json\/wp\/v2\/posts\/214166","targetHints":{"allow":["GET"]}}],"collection":[{"href":"https:\/\/www.eldiario.net\/portal\/wp-json\/wp\/v2\/posts"}],"about":[{"href":"https:\/\/www.eldiario.net\/portal\/wp-json\/wp\/v2\/types\/post"}],"author":[{"embeddable":true,"href":"https:\/\/www.eldiario.net\/portal\/wp-json\/wp\/v2\/users\/1"}],"replies":[{"embeddable":true,"href":"https:\/\/www.eldiario.net\/portal\/wp-json\/wp\/v2\/comments?post=214166"}],"version-history":[{"count":1,"href":"https:\/\/www.eldiario.net\/portal\/wp-json\/wp\/v2\/posts\/214166\/revisions"}],"predecessor-version":[{"id":214168,"href":"https:\/\/www.eldiario.net\/portal\/wp-json\/wp\/v2\/posts\/214166\/revisions\/214168"}],"wp:featuredmedia":[{"embeddable":true,"href":"https:\/\/www.eldiario.net\/portal\/wp-json\/wp\/v2\/media\/214167"}],"wp:attachment":[{"href":"https:\/\/www.eldiario.net\/portal\/wp-json\/wp\/v2\/media?parent=214166"}],"wp:term":[{"taxonomy":"category","embeddable":true,"href":"https:\/\/www.eldiario.net\/portal\/wp-json\/wp\/v2\/categories?post=214166"},{"taxonomy":"post_tag","embeddable":true,"href":"https:\/\/www.eldiario.net\/portal\/wp-json\/wp\/v2\/tags?post=214166"}],"curies":[{"name":"wp","href":"https:\/\/api.w.org\/{rel}","templated":true}]}}