{"id":214161,"date":"2024-04-14T06:30:10","date_gmt":"2024-04-14T10:30:10","guid":{"rendered":"https:\/\/www.eldiario.net\/portal\/?p=214161"},"modified":"2024-04-14T06:30:10","modified_gmt":"2024-04-14T10:30:10","slug":"moron-ve-complicidad-de-la-actual-administracion-en-favor-de-morales","status":"publish","type":"post","link":"https:\/\/www.eldiario.net\/portal\/2024\/04\/14\/moron-ve-complicidad-de-la-actual-administracion-en-favor-de-morales\/","title":{"rendered":"Mor\u00f3n ve complicidad de la actual  administraci\u00f3n en favor de Morales"},"content":{"rendered":"<p>Luego que el Ministro de Obras P\u00fablicas, Edgar Monta\u00f1o, denunciara que un grupo af\u00edn a Evo Morales amenaz\u00f3 contra su integridad personal y la de su familia, el senador por la agrupaci\u00f3n Creemos, Erik Mor\u00f3n, pidi\u00f3 a la autoridad no temer por las acciones de un personaje acostumbrado al amedrentamiento; sin embargo, advirti\u00f3 complicidad de la actual administraci\u00f3n con el l\u00edder cocalero para mantener sus delitos en la impunidad.<br \/>\nEl viernes, Monta\u00f1o revel\u00f3 que desde el a\u00f1o pasado, tanto \u00e9l como su familia, vienen siendo blanco de amedrentamiento y amenazas al extremo de hablar de atentados contra su vida, por lo que present\u00f3 una denuncia cuya investigaci\u00f3n identific\u00f3 a exfuncionarios, exautoridades del gobierno de Morales e incluso reclusos del penal de El Palmar involucrados en estos actos.<br \/>\nAl respecto, el senador Mor\u00f3n pidi\u00f3 a Monta\u00f1o no temer por las amenazas que surjan del l\u00edder cocalero y su entorno, pues se trata de una persona que, a lo largo de su carrera pol\u00edtica, recurri\u00f3 al amedrentamiento y otras medidas de fuerza, como principal arma para conseguir sus objetivos.<br \/>\n\u201cSe\u00f1or Edgar Monta\u00f1o, no le tenga miedo a las amenazas de Evo Morales, perro que ladra no muerde, no le tema, no le tenga miedo, el siempre amenaza, siempre quiere bloquear y amedrentar\u201d, sostuvo el asamble\u00edsta de oposici\u00f3n a trav\u00e9s de un video difundido en sus redes sociales.<br \/>\nPese a la gravedad de las acusaciones emitidas por la autoridad de Gobierno, Mor\u00f3n cuestion\u00f3 que no se hayan tomado en cuenta todas las pruebas que demuestran la responsabilidad de Morales en diferentes delitos durante su mandato y tras dejar el poder.<br \/>\nEn ese sentido, reproch\u00f3 la ausencia de las gestiones necesarias para procesar debidamente a Morales y sus colaboradores en los tiempos y las instancias pertinentes.<br \/>\n\u201cUstedes son c\u00f3mplices porque no lo investigan ni lo detienen, el deber\u00eda de estar preso desde mucho tiempo atr\u00e1s. Bloque\u00f3 los tanques de ox\u00edgeno y no hicieron nada, est\u00e1 investigado en el caso Zapata y no hacen nada, ahora no tengan miedo de sus amenazas\u201d, expres\u00f3 Mor\u00f3n.<br \/>\nAyer, el ministro Monta\u00f1o, present\u00f3 un esquema de la supuesta \u201corganizaci\u00f3n criminal\u201d, dirigida desde el ala \u201cevista\u201d del Movimiento al Socialismo (MAS) para amedrentar y amenazar a altas autoridades de Estado, y dirigentes contrarios al caudillismo y las ambiciones pol\u00edticas de Morales en el partido azul.<br \/>\nEn conferencia de prensa, la autoridad indic\u00f3 que la investigaci\u00f3n llevada a cabo por el Ministerio P\u00fablico y la Polic\u00eda Boliviana, concluy\u00f3 en que Evo Morales lidera esta organizaci\u00f3n y es un exmiembro de su equipo de seguridad (River Covarrubias Garc\u00eda), el presunto autor de las amenazas de muerte en su contra.<br \/>\n\u201cEs importante destacar que este se\u00f1or Covarrubias fue quien ayud\u00f3 a la fuga hacia Argentina de una persona, Noem\u00ed, que, supuestamente, es concubina o expareja del exmandatario Evo Morales Aima\u201d, dijo.<br \/>\nEn el esquema presentado por Monta\u00f1o tambi\u00e9n figuran los nombres de, Nelson Cox, el exministro de la Presidencia, Juan Ram\u00f3n Quintana, el exdiputado Julio Guaraya y la dirigenta de las Bartolinas, Emilia Herrera Rueda.<br \/>\n\u201cCompa\u00f1ero Evo, despu\u00e9s de haber arriesgado mi vida en el golpe de Estado, de arriesgar a mi familia y despu\u00e9s haber hecho quemar mi casa con la derecha. \u00bfDe esta manera me est\u00e1s pagando? Quiero pedir que dejes de amenazar a los miembros del MAS que no comparten con tus opiniones y mentiras. Deja de amenazar a nuestros dirigentes, eso no est\u00e1 bien\u201d, afirm\u00f3.<br \/>\nSe\u00f1alando que es objeto de estas amenazas por tener diferencias de opini\u00f3n con la facci\u00f3n radical del partido azul, Monta\u00f1o justific\u00f3 la decisi\u00f3n de revelar estos datos en la necesidad de que la poblaci\u00f3n conozca la verdadera faceta autoritaria de Evo Morales y la angurria de poder de la exautoridad para retornar a la presidencia, pese a determinaciones judiciales que rechazan la figura de la reelecci\u00f3n indefinida.<\/p>\n","protected":false},"excerpt":{"rendered":"<p>Luego que el Ministro de Obras P\u00fablicas, Edgar Monta\u00f1o, denunciara que un grupo af\u00edn a Evo Morales amenaz\u00f3 contra su integridad personal y la de su familia, el senador por la agrupaci\u00f3n Creemos, Erik Mor\u00f3n, pidi\u00f3 a la autoridad no temer por las acciones de un personaje acostumbrado al amedrentamiento; sin embargo, advirti\u00f3 complicidad de [&hellip;]<\/p>\n","protected":false},"author":1,"featured_media":214162,"comment_status":"open","ping_status":"open","sticky":false,"template":"","format":"standard","meta":{"_acf_changed":false,"footnotes":""},"categories":[14],"tags":[],"class_list":["post-214161","post","type-post","status-publish","format-standard","has-post-thumbnail","category-politica"],"acf":{"antetitulo":"Para mantener impunidad"},"yoast_head":"<!-- This site is optimized with the Yoast SEO plugin v28.4 - https:\/\/yoast.com\/product\/yoast-seo-wordpress\/ -->\n<title>Mor\u00f3n ve complicidad de la actual administraci\u00f3n en favor de Morales - El Diario - Bolivia<\/title>\n<meta name=\"robots\" content=\"index, follow, max-snippet:-1, max-image-preview:large, max-video-preview:-1\" \/>\n<link rel=\"canonical\" href=\"https:\/\/www.eldiario.net\/portal\/2024\/04\/14\/moron-ve-complicidad-de-la-actual-administracion-en-favor-de-morales\/\" \/>\n<meta property=\"og:locale\" content=\"es_ES\" \/>\n<meta property=\"og:type\" content=\"article\" \/>\n<meta property=\"og:title\" content=\"Mor\u00f3n ve complicidad de la actual administraci\u00f3n en favor de Morales - El Diario - Bolivia\" \/>\n<meta property=\"og:description\" content=\"Luego que el Ministro de Obras P\u00fablicas, Edgar Monta\u00f1o, denunciara que un grupo af\u00edn a Evo Morales amenaz\u00f3 contra su integridad personal y la de su familia, el senador por la agrupaci\u00f3n Creemos, Erik Mor\u00f3n, pidi\u00f3 a la autoridad no temer por las acciones de un personaje acostumbrado al amedrentamiento; sin embargo, advirti\u00f3 complicidad de [&hellip;]\" \/>\n<meta property=\"og:url\" content=\"https:\/\/www.eldiario.net\/portal\/2024\/04\/14\/moron-ve-complicidad-de-la-actual-administracion-en-favor-de-morales\/\" \/>\n<meta property=\"og:site_name\" content=\"El Diario - Bolivia\" \/>\n<meta property=\"article:publisher\" content=\"https:\/\/www.facebook.com\/eldiario.bolivia\/\" \/>\n<meta property=\"article:published_time\" content=\"2024-04-14T10:30:10+00:00\" \/>\n<meta property=\"og:image\" content=\"https:\/\/www.eldiario.net\/portal\/wp-content\/uploads\/2024\/04\/40-POL-6.jpg\" \/>\n\t<meta property=\"og:image:width\" content=\"1160\" \/>\n\t<meta property=\"og:image:height\" content=\"868\" \/>\n\t<meta property=\"og:image:type\" content=\"image\/jpeg\" \/>\n<meta name=\"author\" content=\"Jeanette\" \/>\n<meta name=\"twitter:card\" content=\"summary_large_image\" \/>\n<meta name=\"twitter:creator\" content=\"@eldiario_net\" \/>\n<meta name=\"twitter:site\" content=\"@eldiario_net\" \/>\n<meta name=\"twitter:label1\" content=\"Escrito por\" \/>\n\t<meta name=\"twitter:data1\" content=\"Jeanette\" \/>\n\t<meta name=\"twitter:label2\" content=\"Tiempo de lectura\" \/>\n\t<meta name=\"twitter:data2\" content=\"4 minutos\" \/>\n<script type=\"application\/ld+json\" class=\"yoast-schema-graph\">{\"@context\":\"https:\\\/\\\/schema.org\",\"@graph\":[{\"@type\":\"Article\",\"@id\":\"https:\\\/\\\/www.eldiario.net\\\/portal\\\/2024\\\/04\\\/14\\\/moron-ve-complicidad-de-la-actual-administracion-en-favor-de-morales\\\/#article\",\"isPartOf\":{\"@id\":\"https:\\\/\\\/www.eldiario.net\\\/portal\\\/2024\\\/04\\\/14\\\/moron-ve-complicidad-de-la-actual-administracion-en-favor-de-morales\\\/\"},\"author\":{\"name\":\"Jeanette\",\"@id\":\"https:\\\/\\\/www.eldiario.net\\\/portal\\\/#\\\/schema\\\/person\\\/f46445640444750d7d753ccd04ae01b7\"},\"headline\":\"Mor\u00f3n ve complicidad de la actual administraci\u00f3n en favor de Morales\",\"datePublished\":\"2024-04-14T10:30:10+00:00\",\"mainEntityOfPage\":{\"@id\":\"https:\\\/\\\/www.eldiario.net\\\/portal\\\/2024\\\/04\\\/14\\\/moron-ve-complicidad-de-la-actual-administracion-en-favor-de-morales\\\/\"},\"wordCount\":694,\"commentCount\":0,\"publisher\":{\"@id\":\"https:\\\/\\\/www.eldiario.net\\\/portal\\\/#organization\"},\"image\":{\"@id\":\"https:\\\/\\\/www.eldiario.net\\\/portal\\\/2024\\\/04\\\/14\\\/moron-ve-complicidad-de-la-actual-administracion-en-favor-de-morales\\\/#primaryimage\"},\"thumbnailUrl\":\"https:\\\/\\\/www.eldiario.net\\\/portal\\\/wp-content\\\/uploads\\\/2024\\\/04\\\/40-POL-6.jpg\",\"articleSection\":[\"Pol\u00edtica\"],\"inLanguage\":\"es\",\"potentialAction\":[{\"@type\":\"CommentAction\",\"name\":\"Comment\",\"target\":[\"https:\\\/\\\/www.eldiario.net\\\/portal\\\/2024\\\/04\\\/14\\\/moron-ve-complicidad-de-la-actual-administracion-en-favor-de-morales\\\/#respond\"]}]},{\"@type\":\"WebPage\",\"@id\":\"https:\\\/\\\/www.eldiario.net\\\/portal\\\/2024\\\/04\\\/14\\\/moron-ve-complicidad-de-la-actual-administracion-en-favor-de-morales\\\/\",\"url\":\"https:\\\/\\\/www.eldiario.net\\\/portal\\\/2024\\\/04\\\/14\\\/moron-ve-complicidad-de-la-actual-administracion-en-favor-de-morales\\\/\",\"name\":\"Mor\u00f3n ve complicidad de la actual administraci\u00f3n en favor de Morales - El Diario - Bolivia\",\"isPartOf\":{\"@id\":\"https:\\\/\\\/www.eldiario.net\\\/portal\\\/#website\"},\"primaryImageOfPage\":{\"@id\":\"https:\\\/\\\/www.eldiario.net\\\/portal\\\/2024\\\/04\\\/14\\\/moron-ve-complicidad-de-la-actual-administracion-en-favor-de-morales\\\/#primaryimage\"},\"image\":{\"@id\":\"https:\\\/\\\/www.eldiario.net\\\/portal\\\/2024\\\/04\\\/14\\\/moron-ve-complicidad-de-la-actual-administracion-en-favor-de-morales\\\/#primaryimage\"},\"thumbnailUrl\":\"https:\\\/\\\/www.eldiario.net\\\/portal\\\/wp-content\\\/uploads\\\/2024\\\/04\\\/40-POL-6.jpg\",\"datePublished\":\"2024-04-14T10:30:10+00:00\",\"breadcrumb\":{\"@id\":\"https:\\\/\\\/www.eldiario.net\\\/portal\\\/2024\\\/04\\\/14\\\/moron-ve-complicidad-de-la-actual-administracion-en-favor-de-morales\\\/#breadcrumb\"},\"inLanguage\":\"es\",\"potentialAction\":[{\"@type\":\"ReadAction\",\"target\":[\"https:\\\/\\\/www.eldiario.net\\\/portal\\\/2024\\\/04\\\/14\\\/moron-ve-complicidad-de-la-actual-administracion-en-favor-de-morales\\\/\"]}]},{\"@type\":\"ImageObject\",\"inLanguage\":\"es\",\"@id\":\"https:\\\/\\\/www.eldiario.net\\\/portal\\\/2024\\\/04\\\/14\\\/moron-ve-complicidad-de-la-actual-administracion-en-favor-de-morales\\\/#primaryimage\",\"url\":\"https:\\\/\\\/www.eldiario.net\\\/portal\\\/wp-content\\\/uploads\\\/2024\\\/04\\\/40-POL-6.jpg\",\"contentUrl\":\"https:\\\/\\\/www.eldiario.net\\\/portal\\\/wp-content\\\/uploads\\\/2024\\\/04\\\/40-POL-6.jpg\",\"width\":1160,\"height\":868,\"caption\":\"Senador Erik Mor\u00f3n (Creemos).\"},{\"@type\":\"BreadcrumbList\",\"@id\":\"https:\\\/\\\/www.eldiario.net\\\/portal\\\/2024\\\/04\\\/14\\\/moron-ve-complicidad-de-la-actual-administracion-en-favor-de-morales\\\/#breadcrumb\",\"itemListElement\":[{\"@type\":\"ListItem\",\"position\":1,\"name\":\"Portada\",\"item\":\"https:\\\/\\\/www.eldiario.net\\\/portal\\\/\"},{\"@type\":\"ListItem\",\"position\":2,\"name\":\"Mor\u00f3n ve complicidad de la actual administraci\u00f3n en favor de Morales\"}]},{\"@type\":\"WebSite\",\"@id\":\"https:\\\/\\\/www.eldiario.net\\\/portal\\\/#website\",\"url\":\"https:\\\/\\\/www.eldiario.net\\\/portal\\\/\",\"name\":\"El Diario - Decano de la prensa nacional\",\"description\":\"El Diario - Decano de la prensa nacional\",\"publisher\":{\"@id\":\"https:\\\/\\\/www.eldiario.net\\\/portal\\\/#organization\"},\"potentialAction\":[{\"@type\":\"SearchAction\",\"target\":{\"@type\":\"EntryPoint\",\"urlTemplate\":\"https:\\\/\\\/www.eldiario.net\\\/portal\\\/?s={search_term_string}\"},\"query-input\":{\"@type\":\"PropertyValueSpecification\",\"valueRequired\":true,\"valueName\":\"search_term_string\"}}],\"inLanguage\":\"es\"},{\"@type\":\"Organization\",\"@id\":\"https:\\\/\\\/www.eldiario.net\\\/portal\\\/#organization\",\"name\":\"El Diario - Decano de la prensa nacional\",\"url\":\"https:\\\/\\\/www.eldiario.net\\\/portal\\\/\",\"logo\":{\"@type\":\"ImageObject\",\"inLanguage\":\"es\",\"@id\":\"https:\\\/\\\/www.eldiario.net\\\/portal\\\/#\\\/schema\\\/logo\\\/image\\\/\",\"url\":\"https:\\\/\\\/www.eldiario.net\\\/portal\\\/wp-content\\\/uploads\\\/2023\\\/07\\\/logo_ED.jpg\",\"contentUrl\":\"https:\\\/\\\/www.eldiario.net\\\/portal\\\/wp-content\\\/uploads\\\/2023\\\/07\\\/logo_ED.jpg\",\"width\":272,\"height\":52,\"caption\":\"El Diario - Decano de la prensa nacional\"},\"image\":{\"@id\":\"https:\\\/\\\/www.eldiario.net\\\/portal\\\/#\\\/schema\\\/logo\\\/image\\\/\"},\"sameAs\":[\"https:\\\/\\\/www.facebook.com\\\/eldiario.bolivia\\\/\",\"https:\\\/\\\/x.com\\\/eldiario_net\"]},{\"@type\":\"Person\",\"@id\":\"https:\\\/\\\/www.eldiario.net\\\/portal\\\/#\\\/schema\\\/person\\\/f46445640444750d7d753ccd04ae01b7\",\"name\":\"Jeanette\",\"image\":{\"@type\":\"ImageObject\",\"inLanguage\":\"es\",\"@id\":\"https:\\\/\\\/secure.gravatar.com\\\/avatar\\\/3ea2118a5f7dad2b7138b1187a6b7ee55f160b9968b66013c3a3ef39dd7e5798?s=96&d=mm&r=g\",\"url\":\"https:\\\/\\\/secure.gravatar.com\\\/avatar\\\/3ea2118a5f7dad2b7138b1187a6b7ee55f160b9968b66013c3a3ef39dd7e5798?s=96&d=mm&r=g\",\"contentUrl\":\"https:\\\/\\\/secure.gravatar.com\\\/avatar\\\/3ea2118a5f7dad2b7138b1187a6b7ee55f160b9968b66013c3a3ef39dd7e5798?s=96&d=mm&r=g\",\"caption\":\"Jeanette\"},\"sameAs\":[\"https:\\\/\\\/www.eldiario.net\\\/portal\"],\"url\":\"https:\\\/\\\/www.eldiario.net\\\/portal\\\/author\\\/jeanette\\\/\"}]}<\/script>\n<!-- \/ Yoast SEO plugin. -->","yoast_head_json":{"title":"Mor\u00f3n ve complicidad de la actual administraci\u00f3n en favor de Morales - El Diario - Bolivia","robots":{"index":"index","follow":"follow","max-snippet":"max-snippet:-1","max-image-preview":"max-image-preview:large","max-video-preview":"max-video-preview:-1"},"canonical":"https:\/\/www.eldiario.net\/portal\/2024\/04\/14\/moron-ve-complicidad-de-la-actual-administracion-en-favor-de-morales\/","og_locale":"es_ES","og_type":"article","og_title":"Mor\u00f3n ve complicidad de la actual administraci\u00f3n en favor de Morales - El Diario - Bolivia","og_description":"Luego que el Ministro de Obras P\u00fablicas, Edgar Monta\u00f1o, denunciara que un grupo af\u00edn a Evo Morales amenaz\u00f3 contra su integridad personal y la de su familia, el senador por la agrupaci\u00f3n Creemos, Erik Mor\u00f3n, pidi\u00f3 a la autoridad no temer por las acciones de un personaje acostumbrado al amedrentamiento; sin embargo, advirti\u00f3 complicidad de [&hellip;]","og_url":"https:\/\/www.eldiario.net\/portal\/2024\/04\/14\/moron-ve-complicidad-de-la-actual-administracion-en-favor-de-morales\/","og_site_name":"El Diario - Bolivia","article_publisher":"https:\/\/www.facebook.com\/eldiario.bolivia\/","article_published_time":"2024-04-14T10:30:10+00:00","og_image":[{"width":1160,"height":868,"url":"https:\/\/www.eldiario.net\/portal\/wp-content\/uploads\/2024\/04\/40-POL-6.jpg","type":"image\/jpeg"}],"author":"Jeanette","twitter_card":"summary_large_image","twitter_creator":"@eldiario_net","twitter_site":"@eldiario_net","twitter_misc":{"Escrito por":"Jeanette","Tiempo de lectura":"4 minutos"},"schema":{"@context":"https:\/\/schema.org","@graph":[{"@type":"Article","@id":"https:\/\/www.eldiario.net\/portal\/2024\/04\/14\/moron-ve-complicidad-de-la-actual-administracion-en-favor-de-morales\/#article","isPartOf":{"@id":"https:\/\/www.eldiario.net\/portal\/2024\/04\/14\/moron-ve-complicidad-de-la-actual-administracion-en-favor-de-morales\/"},"author":{"name":"Jeanette","@id":"https:\/\/www.eldiario.net\/portal\/#\/schema\/person\/f46445640444750d7d753ccd04ae01b7"},"headline":"Mor\u00f3n ve complicidad de la actual administraci\u00f3n en favor de Morales","datePublished":"2024-04-14T10:30:10+00:00","mainEntityOfPage":{"@id":"https:\/\/www.eldiario.net\/portal\/2024\/04\/14\/moron-ve-complicidad-de-la-actual-administracion-en-favor-de-morales\/"},"wordCount":694,"commentCount":0,"publisher":{"@id":"https:\/\/www.eldiario.net\/portal\/#organization"},"image":{"@id":"https:\/\/www.eldiario.net\/portal\/2024\/04\/14\/moron-ve-complicidad-de-la-actual-administracion-en-favor-de-morales\/#primaryimage"},"thumbnailUrl":"https:\/\/www.eldiario.net\/portal\/wp-content\/uploads\/2024\/04\/40-POL-6.jpg","articleSection":["Pol\u00edtica"],"inLanguage":"es","potentialAction":[{"@type":"CommentAction","name":"Comment","target":["https:\/\/www.eldiario.net\/portal\/2024\/04\/14\/moron-ve-complicidad-de-la-actual-administracion-en-favor-de-morales\/#respond"]}]},{"@type":"WebPage","@id":"https:\/\/www.eldiario.net\/portal\/2024\/04\/14\/moron-ve-complicidad-de-la-actual-administracion-en-favor-de-morales\/","url":"https:\/\/www.eldiario.net\/portal\/2024\/04\/14\/moron-ve-complicidad-de-la-actual-administracion-en-favor-de-morales\/","name":"Mor\u00f3n ve complicidad de la actual administraci\u00f3n en favor de Morales - El Diario - Bolivia","isPartOf":{"@id":"https:\/\/www.eldiario.net\/portal\/#website"},"primaryImageOfPage":{"@id":"https:\/\/www.eldiario.net\/portal\/2024\/04\/14\/moron-ve-complicidad-de-la-actual-administracion-en-favor-de-morales\/#primaryimage"},"image":{"@id":"https:\/\/www.eldiario.net\/portal\/2024\/04\/14\/moron-ve-complicidad-de-la-actual-administracion-en-favor-de-morales\/#primaryimage"},"thumbnailUrl":"https:\/\/www.eldiario.net\/portal\/wp-content\/uploads\/2024\/04\/40-POL-6.jpg","datePublished":"2024-04-14T10:30:10+00:00","breadcrumb":{"@id":"https:\/\/www.eldiario.net\/portal\/2024\/04\/14\/moron-ve-complicidad-de-la-actual-administracion-en-favor-de-morales\/#breadcrumb"},"inLanguage":"es","potentialAction":[{"@type":"ReadAction","target":["https:\/\/www.eldiario.net\/portal\/2024\/04\/14\/moron-ve-complicidad-de-la-actual-administracion-en-favor-de-morales\/"]}]},{"@type":"ImageObject","inLanguage":"es","@id":"https:\/\/www.eldiario.net\/portal\/2024\/04\/14\/moron-ve-complicidad-de-la-actual-administracion-en-favor-de-morales\/#primaryimage","url":"https:\/\/www.eldiario.net\/portal\/wp-content\/uploads\/2024\/04\/40-POL-6.jpg","contentUrl":"https:\/\/www.eldiario.net\/portal\/wp-content\/uploads\/2024\/04\/40-POL-6.jpg","width":1160,"height":868,"caption":"Senador Erik Mor\u00f3n (Creemos)."},{"@type":"BreadcrumbList","@id":"https:\/\/www.eldiario.net\/portal\/2024\/04\/14\/moron-ve-complicidad-de-la-actual-administracion-en-favor-de-morales\/#breadcrumb","itemListElement":[{"@type":"ListItem","position":1,"name":"Portada","item":"https:\/\/www.eldiario.net\/portal\/"},{"@type":"ListItem","position":2,"name":"Mor\u00f3n ve complicidad de la actual administraci\u00f3n en favor de Morales"}]},{"@type":"WebSite","@id":"https:\/\/www.eldiario.net\/portal\/#website","url":"https:\/\/www.eldiario.net\/portal\/","name":"El Diario - Decano de la prensa nacional","description":"El Diario - Decano de la prensa nacional","publisher":{"@id":"https:\/\/www.eldiario.net\/portal\/#organization"},"potentialAction":[{"@type":"SearchAction","target":{"@type":"EntryPoint","urlTemplate":"https:\/\/www.eldiario.net\/portal\/?s={search_term_string}"},"query-input":{"@type":"PropertyValueSpecification","valueRequired":true,"valueName":"search_term_string"}}],"inLanguage":"es"},{"@type":"Organization","@id":"https:\/\/www.eldiario.net\/portal\/#organization","name":"El Diario - Decano de la prensa nacional","url":"https:\/\/www.eldiario.net\/portal\/","logo":{"@type":"ImageObject","inLanguage":"es","@id":"https:\/\/www.eldiario.net\/portal\/#\/schema\/logo\/image\/","url":"https:\/\/www.eldiario.net\/portal\/wp-content\/uploads\/2023\/07\/logo_ED.jpg","contentUrl":"https:\/\/www.eldiario.net\/portal\/wp-content\/uploads\/2023\/07\/logo_ED.jpg","width":272,"height":52,"caption":"El Diario - Decano de la prensa nacional"},"image":{"@id":"https:\/\/www.eldiario.net\/portal\/#\/schema\/logo\/image\/"},"sameAs":["https:\/\/www.facebook.com\/eldiario.bolivia\/","https:\/\/x.com\/eldiario_net"]},{"@type":"Person","@id":"https:\/\/www.eldiario.net\/portal\/#\/schema\/person\/f46445640444750d7d753ccd04ae01b7","name":"Jeanette","image":{"@type":"ImageObject","inLanguage":"es","@id":"https:\/\/secure.gravatar.com\/avatar\/3ea2118a5f7dad2b7138b1187a6b7ee55f160b9968b66013c3a3ef39dd7e5798?s=96&d=mm&r=g","url":"https:\/\/secure.gravatar.com\/avatar\/3ea2118a5f7dad2b7138b1187a6b7ee55f160b9968b66013c3a3ef39dd7e5798?s=96&d=mm&r=g","contentUrl":"https:\/\/secure.gravatar.com\/avatar\/3ea2118a5f7dad2b7138b1187a6b7ee55f160b9968b66013c3a3ef39dd7e5798?s=96&d=mm&r=g","caption":"Jeanette"},"sameAs":["https:\/\/www.eldiario.net\/portal"],"url":"https:\/\/www.eldiario.net\/portal\/author\/jeanette\/"}]}},"_links":{"self":[{"href":"https:\/\/www.eldiario.net\/portal\/wp-json\/wp\/v2\/posts\/214161","targetHints":{"allow":["GET"]}}],"collection":[{"href":"https:\/\/www.eldiario.net\/portal\/wp-json\/wp\/v2\/posts"}],"about":[{"href":"https:\/\/www.eldiario.net\/portal\/wp-json\/wp\/v2\/types\/post"}],"author":[{"embeddable":true,"href":"https:\/\/www.eldiario.net\/portal\/wp-json\/wp\/v2\/users\/1"}],"replies":[{"embeddable":true,"href":"https:\/\/www.eldiario.net\/portal\/wp-json\/wp\/v2\/comments?post=214161"}],"version-history":[{"count":1,"href":"https:\/\/www.eldiario.net\/portal\/wp-json\/wp\/v2\/posts\/214161\/revisions"}],"predecessor-version":[{"id":214163,"href":"https:\/\/www.eldiario.net\/portal\/wp-json\/wp\/v2\/posts\/214161\/revisions\/214163"}],"wp:featuredmedia":[{"embeddable":true,"href":"https:\/\/www.eldiario.net\/portal\/wp-json\/wp\/v2\/media\/214162"}],"wp:attachment":[{"href":"https:\/\/www.eldiario.net\/portal\/wp-json\/wp\/v2\/media?parent=214161"}],"wp:term":[{"taxonomy":"category","embeddable":true,"href":"https:\/\/www.eldiario.net\/portal\/wp-json\/wp\/v2\/categories?post=214161"},{"taxonomy":"post_tag","embeddable":true,"href":"https:\/\/www.eldiario.net\/portal\/wp-json\/wp\/v2\/tags?post=214161"}],"curies":[{"name":"wp","href":"https:\/\/api.w.org\/{rel}","templated":true}]}}