{"id":214159,"date":"2024-04-14T06:29:30","date_gmt":"2024-04-14T10:29:30","guid":{"rendered":"https:\/\/www.eldiario.net\/portal\/?p=214159"},"modified":"2024-04-14T06:29:30","modified_gmt":"2024-04-14T10:29:30","slug":"piden-acciones-en-favor-de-choferes-fallecidos-en-paraguay-y-sus-familias","status":"publish","type":"post","link":"https:\/\/www.eldiario.net\/portal\/2024\/04\/14\/piden-acciones-en-favor-de-choferes-fallecidos-en-paraguay-y-sus-familias\/","title":{"rendered":"Piden acciones en favor de choferes  fallecidos en Paraguay y sus familias"},"content":{"rendered":"<p>Responsabilizando al Gobierno por la muerte de cinco conductores de cisternas en Paraguay, como consecuencia de la crisis econ\u00f3mica y la falta de previsi\u00f3n en la log\u00edstica para la provisi\u00f3n de hidrocarburos en el pa\u00eds, asamble\u00edstas de la bancada de Creemos pidieron concretar todas las acciones necesarias en favor de los choferes fallecidos en el vecino pa\u00eds en la prestaci\u00f3n de un servicio tercerizado a la estatal Yacimientos Petrol\u00edferos Fiscales Bolivianos (YPFB).<br \/>\nMediante una carta remitida al presidente Luis Arce, se record\u00f3 al primer mandatario que el Estado boliviano a trav\u00e9s de su gobierno, est\u00e1 llamado por ley a ser garante de la vida y de la salud de los ciudadanos bolivianos, as\u00ed como de las condiciones laborales de las personas, con particular atenci\u00f3n en los casos de \u201ctercerizaci\u00f3n\u201d que se producen.<br \/>\nAsimismo, se puntualiz\u00f3 que las muertes provocadas por un actuar negligente de la petrolera estatal YPFB, da cuenta de omisiones que redundan en situaciones que pueden ser definidas como \u201cinhumanas\u201d, todo por un mal e irresponsable manejo de la econom\u00eda y una vulneraci\u00f3n absoluta a los derechos humanos.<br \/>\n\u201cEn efecto, transportistas bolivianos denunciaron que hay m\u00e1s de 500 cisternas nacionales varadas en Paraguay. Los conductores se quejan de las condiciones precarias en las que se encuentran y piden que se les cargue combustible de una vez, para poder regresar al territorio nacional\u201d, se\u00f1ala parte de la nota.<br \/>\nAl respecto, la senadora Centa Rek, consider\u00f3 que la falta de hidrocarburos en el pa\u00eds es un tema de la crisis estructural por la inexistente de exploraci\u00f3n petrolera en 17 a\u00f1os de gobierno del MAS, el agotamiento de las reservas de gas y la falta divisas, motivo por el cual no existen empresas proveedoras en el exterior que est\u00e9 dispuesta a entregar hidrocarburos sin un pago por adelantado porque el pa\u00eds dej\u00f3 de ser un sujeto de cr\u00e9dito, mostr\u00e1ndose esc\u00e9ptica sobre el futuro en este tema.<br \/>\nEn ese marco, se pide al primer mandatario tomar real conocimiento de una cr\u00edtica situaci\u00f3n, toda vez que, \u201cen el estacionamiento, \u2018El Avisp\u00f3n\u2019 en la poblaci\u00f3n de San Antonio, pr\u00f3xima a Asunci\u00f3n del Paraguay, no hay un lugar donde poder descansar, y tampoco donde refugiarse de las altas temperaturas que alcanza los 45\u00b0 cent\u00edgrados, pues alrededor solo es tierra y barro. No pueden ba\u00f1arse pues hay d\u00edas en que las 4 duchas no abastecen para todos. Tampoco cuentan con lavabos, solo con un turril, que es utilizado para lavar la ropa y tambi\u00e9n para saciar la sed, aunque algunos de los choferes ya no quieren utilizar esa agua pues aseguran que est\u00e1 contaminada\u201d.<br \/>\n\u201cComo ciudadanos bolivianos, solicitamos a su despacho instruir generar todas las acciones necesarias en favor de los choferes fallecidos en la Republica de Paraguay en el cumplimiento de la prestaci\u00f3n de un servicio tercerizado en favor de nuestro pa\u00eds, acciones que deben alcanzar a sus familias; no podemos ser indolentes ante la precaria situaci\u00f3n de nuestros compatriotas bolivianos\u201d, finaliza la carta.<\/p>\n","protected":false},"excerpt":{"rendered":"<p>Responsabilizando al Gobierno por la muerte de cinco conductores de cisternas en Paraguay, como consecuencia de la crisis econ\u00f3mica y la falta de previsi\u00f3n en la log\u00edstica para la provisi\u00f3n de hidrocarburos en el pa\u00eds, asamble\u00edstas de la bancada de Creemos pidieron concretar todas las acciones necesarias en favor de los choferes fallecidos en el [&hellip;]<\/p>\n","protected":false},"author":1,"featured_media":194754,"comment_status":"open","ping_status":"open","sticky":false,"template":"","format":"standard","meta":{"_acf_changed":false,"footnotes":""},"categories":[14],"tags":[],"class_list":["post-214159","post","type-post","status-publish","format-standard","has-post-thumbnail","category-politica"],"acf":{"antetitulo":"Advierten negligencia y omisiones  "},"yoast_head":"<!-- This site is optimized with the Yoast SEO plugin v28.4 - https:\/\/yoast.com\/product\/yoast-seo-wordpress\/ -->\n<title>Piden acciones en favor de choferes fallecidos en Paraguay y sus familias - El Diario - Bolivia<\/title>\n<meta name=\"robots\" content=\"index, follow, max-snippet:-1, max-image-preview:large, max-video-preview:-1\" \/>\n<link rel=\"canonical\" href=\"https:\/\/www.eldiario.net\/portal\/2024\/04\/14\/piden-acciones-en-favor-de-choferes-fallecidos-en-paraguay-y-sus-familias\/\" \/>\n<meta property=\"og:locale\" content=\"es_ES\" \/>\n<meta property=\"og:type\" content=\"article\" \/>\n<meta property=\"og:title\" content=\"Piden acciones en favor de choferes fallecidos en Paraguay y sus familias - El Diario - Bolivia\" \/>\n<meta property=\"og:description\" content=\"Responsabilizando al Gobierno por la muerte de cinco conductores de cisternas en Paraguay, como consecuencia de la crisis econ\u00f3mica y la falta de previsi\u00f3n en la log\u00edstica para la provisi\u00f3n de hidrocarburos en el pa\u00eds, asamble\u00edstas de la bancada de Creemos pidieron concretar todas las acciones necesarias en favor de los choferes fallecidos en el [&hellip;]\" \/>\n<meta property=\"og:url\" content=\"https:\/\/www.eldiario.net\/portal\/2024\/04\/14\/piden-acciones-en-favor-de-choferes-fallecidos-en-paraguay-y-sus-familias\/\" \/>\n<meta property=\"og:site_name\" content=\"El Diario - Bolivia\" \/>\n<meta property=\"article:publisher\" content=\"https:\/\/www.facebook.com\/eldiario.bolivia\/\" \/>\n<meta property=\"article:published_time\" content=\"2024-04-14T10:29:30+00:00\" \/>\n<meta property=\"og:image\" content=\"https:\/\/www.eldiario.net\/portal\/wp-content\/uploads\/2023\/12\/Politica.jpg\" \/>\n\t<meta property=\"og:image:width\" content=\"800\" \/>\n\t<meta property=\"og:image:height\" content=\"500\" \/>\n\t<meta property=\"og:image:type\" content=\"image\/jpeg\" \/>\n<meta name=\"author\" content=\"Jeanette\" \/>\n<meta name=\"twitter:card\" content=\"summary_large_image\" \/>\n<meta name=\"twitter:creator\" content=\"@eldiario_net\" \/>\n<meta name=\"twitter:site\" content=\"@eldiario_net\" \/>\n<meta name=\"twitter:label1\" content=\"Escrito por\" \/>\n\t<meta name=\"twitter:data1\" content=\"Jeanette\" \/>\n\t<meta name=\"twitter:label2\" content=\"Tiempo de lectura\" \/>\n\t<meta name=\"twitter:data2\" content=\"3 minutos\" \/>\n<script type=\"application\/ld+json\" class=\"yoast-schema-graph\">{\"@context\":\"https:\\\/\\\/schema.org\",\"@graph\":[{\"@type\":\"Article\",\"@id\":\"https:\\\/\\\/www.eldiario.net\\\/portal\\\/2024\\\/04\\\/14\\\/piden-acciones-en-favor-de-choferes-fallecidos-en-paraguay-y-sus-familias\\\/#article\",\"isPartOf\":{\"@id\":\"https:\\\/\\\/www.eldiario.net\\\/portal\\\/2024\\\/04\\\/14\\\/piden-acciones-en-favor-de-choferes-fallecidos-en-paraguay-y-sus-familias\\\/\"},\"author\":{\"name\":\"Jeanette\",\"@id\":\"https:\\\/\\\/www.eldiario.net\\\/portal\\\/#\\\/schema\\\/person\\\/f46445640444750d7d753ccd04ae01b7\"},\"headline\":\"Piden acciones en favor de choferes fallecidos en Paraguay y sus familias\",\"datePublished\":\"2024-04-14T10:29:30+00:00\",\"mainEntityOfPage\":{\"@id\":\"https:\\\/\\\/www.eldiario.net\\\/portal\\\/2024\\\/04\\\/14\\\/piden-acciones-en-favor-de-choferes-fallecidos-en-paraguay-y-sus-familias\\\/\"},\"wordCount\":533,\"commentCount\":0,\"publisher\":{\"@id\":\"https:\\\/\\\/www.eldiario.net\\\/portal\\\/#organization\"},\"image\":{\"@id\":\"https:\\\/\\\/www.eldiario.net\\\/portal\\\/2024\\\/04\\\/14\\\/piden-acciones-en-favor-de-choferes-fallecidos-en-paraguay-y-sus-familias\\\/#primaryimage\"},\"thumbnailUrl\":\"https:\\\/\\\/www.eldiario.net\\\/portal\\\/wp-content\\\/uploads\\\/2023\\\/12\\\/Politica.jpg\",\"articleSection\":[\"Pol\u00edtica\"],\"inLanguage\":\"es\",\"potentialAction\":[{\"@type\":\"CommentAction\",\"name\":\"Comment\",\"target\":[\"https:\\\/\\\/www.eldiario.net\\\/portal\\\/2024\\\/04\\\/14\\\/piden-acciones-en-favor-de-choferes-fallecidos-en-paraguay-y-sus-familias\\\/#respond\"]}]},{\"@type\":\"WebPage\",\"@id\":\"https:\\\/\\\/www.eldiario.net\\\/portal\\\/2024\\\/04\\\/14\\\/piden-acciones-en-favor-de-choferes-fallecidos-en-paraguay-y-sus-familias\\\/\",\"url\":\"https:\\\/\\\/www.eldiario.net\\\/portal\\\/2024\\\/04\\\/14\\\/piden-acciones-en-favor-de-choferes-fallecidos-en-paraguay-y-sus-familias\\\/\",\"name\":\"Piden acciones en favor de choferes fallecidos en Paraguay y sus familias - El Diario - Bolivia\",\"isPartOf\":{\"@id\":\"https:\\\/\\\/www.eldiario.net\\\/portal\\\/#website\"},\"primaryImageOfPage\":{\"@id\":\"https:\\\/\\\/www.eldiario.net\\\/portal\\\/2024\\\/04\\\/14\\\/piden-acciones-en-favor-de-choferes-fallecidos-en-paraguay-y-sus-familias\\\/#primaryimage\"},\"image\":{\"@id\":\"https:\\\/\\\/www.eldiario.net\\\/portal\\\/2024\\\/04\\\/14\\\/piden-acciones-en-favor-de-choferes-fallecidos-en-paraguay-y-sus-familias\\\/#primaryimage\"},\"thumbnailUrl\":\"https:\\\/\\\/www.eldiario.net\\\/portal\\\/wp-content\\\/uploads\\\/2023\\\/12\\\/Politica.jpg\",\"datePublished\":\"2024-04-14T10:29:30+00:00\",\"breadcrumb\":{\"@id\":\"https:\\\/\\\/www.eldiario.net\\\/portal\\\/2024\\\/04\\\/14\\\/piden-acciones-en-favor-de-choferes-fallecidos-en-paraguay-y-sus-familias\\\/#breadcrumb\"},\"inLanguage\":\"es\",\"potentialAction\":[{\"@type\":\"ReadAction\",\"target\":[\"https:\\\/\\\/www.eldiario.net\\\/portal\\\/2024\\\/04\\\/14\\\/piden-acciones-en-favor-de-choferes-fallecidos-en-paraguay-y-sus-familias\\\/\"]}]},{\"@type\":\"ImageObject\",\"inLanguage\":\"es\",\"@id\":\"https:\\\/\\\/www.eldiario.net\\\/portal\\\/2024\\\/04\\\/14\\\/piden-acciones-en-favor-de-choferes-fallecidos-en-paraguay-y-sus-familias\\\/#primaryimage\",\"url\":\"https:\\\/\\\/www.eldiario.net\\\/portal\\\/wp-content\\\/uploads\\\/2023\\\/12\\\/Politica.jpg\",\"contentUrl\":\"https:\\\/\\\/www.eldiario.net\\\/portal\\\/wp-content\\\/uploads\\\/2023\\\/12\\\/Politica.jpg\",\"width\":800,\"height\":500},{\"@type\":\"BreadcrumbList\",\"@id\":\"https:\\\/\\\/www.eldiario.net\\\/portal\\\/2024\\\/04\\\/14\\\/piden-acciones-en-favor-de-choferes-fallecidos-en-paraguay-y-sus-familias\\\/#breadcrumb\",\"itemListElement\":[{\"@type\":\"ListItem\",\"position\":1,\"name\":\"Portada\",\"item\":\"https:\\\/\\\/www.eldiario.net\\\/portal\\\/\"},{\"@type\":\"ListItem\",\"position\":2,\"name\":\"Piden acciones en favor de choferes fallecidos en Paraguay y sus familias\"}]},{\"@type\":\"WebSite\",\"@id\":\"https:\\\/\\\/www.eldiario.net\\\/portal\\\/#website\",\"url\":\"https:\\\/\\\/www.eldiario.net\\\/portal\\\/\",\"name\":\"El Diario - Decano de la prensa nacional\",\"description\":\"El Diario - Decano de la prensa nacional\",\"publisher\":{\"@id\":\"https:\\\/\\\/www.eldiario.net\\\/portal\\\/#organization\"},\"potentialAction\":[{\"@type\":\"SearchAction\",\"target\":{\"@type\":\"EntryPoint\",\"urlTemplate\":\"https:\\\/\\\/www.eldiario.net\\\/portal\\\/?s={search_term_string}\"},\"query-input\":{\"@type\":\"PropertyValueSpecification\",\"valueRequired\":true,\"valueName\":\"search_term_string\"}}],\"inLanguage\":\"es\"},{\"@type\":\"Organization\",\"@id\":\"https:\\\/\\\/www.eldiario.net\\\/portal\\\/#organization\",\"name\":\"El Diario - Decano de la prensa nacional\",\"url\":\"https:\\\/\\\/www.eldiario.net\\\/portal\\\/\",\"logo\":{\"@type\":\"ImageObject\",\"inLanguage\":\"es\",\"@id\":\"https:\\\/\\\/www.eldiario.net\\\/portal\\\/#\\\/schema\\\/logo\\\/image\\\/\",\"url\":\"https:\\\/\\\/www.eldiario.net\\\/portal\\\/wp-content\\\/uploads\\\/2023\\\/07\\\/logo_ED.jpg\",\"contentUrl\":\"https:\\\/\\\/www.eldiario.net\\\/portal\\\/wp-content\\\/uploads\\\/2023\\\/07\\\/logo_ED.jpg\",\"width\":272,\"height\":52,\"caption\":\"El Diario - Decano de la prensa nacional\"},\"image\":{\"@id\":\"https:\\\/\\\/www.eldiario.net\\\/portal\\\/#\\\/schema\\\/logo\\\/image\\\/\"},\"sameAs\":[\"https:\\\/\\\/www.facebook.com\\\/eldiario.bolivia\\\/\",\"https:\\\/\\\/x.com\\\/eldiario_net\"]},{\"@type\":\"Person\",\"@id\":\"https:\\\/\\\/www.eldiario.net\\\/portal\\\/#\\\/schema\\\/person\\\/f46445640444750d7d753ccd04ae01b7\",\"name\":\"Jeanette\",\"image\":{\"@type\":\"ImageObject\",\"inLanguage\":\"es\",\"@id\":\"https:\\\/\\\/secure.gravatar.com\\\/avatar\\\/3ea2118a5f7dad2b7138b1187a6b7ee55f160b9968b66013c3a3ef39dd7e5798?s=96&d=mm&r=g\",\"url\":\"https:\\\/\\\/secure.gravatar.com\\\/avatar\\\/3ea2118a5f7dad2b7138b1187a6b7ee55f160b9968b66013c3a3ef39dd7e5798?s=96&d=mm&r=g\",\"contentUrl\":\"https:\\\/\\\/secure.gravatar.com\\\/avatar\\\/3ea2118a5f7dad2b7138b1187a6b7ee55f160b9968b66013c3a3ef39dd7e5798?s=96&d=mm&r=g\",\"caption\":\"Jeanette\"},\"sameAs\":[\"https:\\\/\\\/www.eldiario.net\\\/portal\"],\"url\":\"https:\\\/\\\/www.eldiario.net\\\/portal\\\/author\\\/jeanette\\\/\"}]}<\/script>\n<!-- \/ Yoast SEO plugin. -->","yoast_head_json":{"title":"Piden acciones en favor de choferes fallecidos en Paraguay y sus familias - El Diario - Bolivia","robots":{"index":"index","follow":"follow","max-snippet":"max-snippet:-1","max-image-preview":"max-image-preview:large","max-video-preview":"max-video-preview:-1"},"canonical":"https:\/\/www.eldiario.net\/portal\/2024\/04\/14\/piden-acciones-en-favor-de-choferes-fallecidos-en-paraguay-y-sus-familias\/","og_locale":"es_ES","og_type":"article","og_title":"Piden acciones en favor de choferes fallecidos en Paraguay y sus familias - El Diario - Bolivia","og_description":"Responsabilizando al Gobierno por la muerte de cinco conductores de cisternas en Paraguay, como consecuencia de la crisis econ\u00f3mica y la falta de previsi\u00f3n en la log\u00edstica para la provisi\u00f3n de hidrocarburos en el pa\u00eds, asamble\u00edstas de la bancada de Creemos pidieron concretar todas las acciones necesarias en favor de los choferes fallecidos en el [&hellip;]","og_url":"https:\/\/www.eldiario.net\/portal\/2024\/04\/14\/piden-acciones-en-favor-de-choferes-fallecidos-en-paraguay-y-sus-familias\/","og_site_name":"El Diario - Bolivia","article_publisher":"https:\/\/www.facebook.com\/eldiario.bolivia\/","article_published_time":"2024-04-14T10:29:30+00:00","og_image":[{"width":800,"height":500,"url":"https:\/\/www.eldiario.net\/portal\/wp-content\/uploads\/2023\/12\/Politica.jpg","type":"image\/jpeg"}],"author":"Jeanette","twitter_card":"summary_large_image","twitter_creator":"@eldiario_net","twitter_site":"@eldiario_net","twitter_misc":{"Escrito por":"Jeanette","Tiempo de lectura":"3 minutos"},"schema":{"@context":"https:\/\/schema.org","@graph":[{"@type":"Article","@id":"https:\/\/www.eldiario.net\/portal\/2024\/04\/14\/piden-acciones-en-favor-de-choferes-fallecidos-en-paraguay-y-sus-familias\/#article","isPartOf":{"@id":"https:\/\/www.eldiario.net\/portal\/2024\/04\/14\/piden-acciones-en-favor-de-choferes-fallecidos-en-paraguay-y-sus-familias\/"},"author":{"name":"Jeanette","@id":"https:\/\/www.eldiario.net\/portal\/#\/schema\/person\/f46445640444750d7d753ccd04ae01b7"},"headline":"Piden acciones en favor de choferes fallecidos en Paraguay y sus familias","datePublished":"2024-04-14T10:29:30+00:00","mainEntityOfPage":{"@id":"https:\/\/www.eldiario.net\/portal\/2024\/04\/14\/piden-acciones-en-favor-de-choferes-fallecidos-en-paraguay-y-sus-familias\/"},"wordCount":533,"commentCount":0,"publisher":{"@id":"https:\/\/www.eldiario.net\/portal\/#organization"},"image":{"@id":"https:\/\/www.eldiario.net\/portal\/2024\/04\/14\/piden-acciones-en-favor-de-choferes-fallecidos-en-paraguay-y-sus-familias\/#primaryimage"},"thumbnailUrl":"https:\/\/www.eldiario.net\/portal\/wp-content\/uploads\/2023\/12\/Politica.jpg","articleSection":["Pol\u00edtica"],"inLanguage":"es","potentialAction":[{"@type":"CommentAction","name":"Comment","target":["https:\/\/www.eldiario.net\/portal\/2024\/04\/14\/piden-acciones-en-favor-de-choferes-fallecidos-en-paraguay-y-sus-familias\/#respond"]}]},{"@type":"WebPage","@id":"https:\/\/www.eldiario.net\/portal\/2024\/04\/14\/piden-acciones-en-favor-de-choferes-fallecidos-en-paraguay-y-sus-familias\/","url":"https:\/\/www.eldiario.net\/portal\/2024\/04\/14\/piden-acciones-en-favor-de-choferes-fallecidos-en-paraguay-y-sus-familias\/","name":"Piden acciones en favor de choferes fallecidos en Paraguay y sus familias - El Diario - Bolivia","isPartOf":{"@id":"https:\/\/www.eldiario.net\/portal\/#website"},"primaryImageOfPage":{"@id":"https:\/\/www.eldiario.net\/portal\/2024\/04\/14\/piden-acciones-en-favor-de-choferes-fallecidos-en-paraguay-y-sus-familias\/#primaryimage"},"image":{"@id":"https:\/\/www.eldiario.net\/portal\/2024\/04\/14\/piden-acciones-en-favor-de-choferes-fallecidos-en-paraguay-y-sus-familias\/#primaryimage"},"thumbnailUrl":"https:\/\/www.eldiario.net\/portal\/wp-content\/uploads\/2023\/12\/Politica.jpg","datePublished":"2024-04-14T10:29:30+00:00","breadcrumb":{"@id":"https:\/\/www.eldiario.net\/portal\/2024\/04\/14\/piden-acciones-en-favor-de-choferes-fallecidos-en-paraguay-y-sus-familias\/#breadcrumb"},"inLanguage":"es","potentialAction":[{"@type":"ReadAction","target":["https:\/\/www.eldiario.net\/portal\/2024\/04\/14\/piden-acciones-en-favor-de-choferes-fallecidos-en-paraguay-y-sus-familias\/"]}]},{"@type":"ImageObject","inLanguage":"es","@id":"https:\/\/www.eldiario.net\/portal\/2024\/04\/14\/piden-acciones-en-favor-de-choferes-fallecidos-en-paraguay-y-sus-familias\/#primaryimage","url":"https:\/\/www.eldiario.net\/portal\/wp-content\/uploads\/2023\/12\/Politica.jpg","contentUrl":"https:\/\/www.eldiario.net\/portal\/wp-content\/uploads\/2023\/12\/Politica.jpg","width":800,"height":500},{"@type":"BreadcrumbList","@id":"https:\/\/www.eldiario.net\/portal\/2024\/04\/14\/piden-acciones-en-favor-de-choferes-fallecidos-en-paraguay-y-sus-familias\/#breadcrumb","itemListElement":[{"@type":"ListItem","position":1,"name":"Portada","item":"https:\/\/www.eldiario.net\/portal\/"},{"@type":"ListItem","position":2,"name":"Piden acciones en favor de choferes fallecidos en Paraguay y sus familias"}]},{"@type":"WebSite","@id":"https:\/\/www.eldiario.net\/portal\/#website","url":"https:\/\/www.eldiario.net\/portal\/","name":"El Diario - Decano de la prensa nacional","description":"El Diario - Decano de la prensa nacional","publisher":{"@id":"https:\/\/www.eldiario.net\/portal\/#organization"},"potentialAction":[{"@type":"SearchAction","target":{"@type":"EntryPoint","urlTemplate":"https:\/\/www.eldiario.net\/portal\/?s={search_term_string}"},"query-input":{"@type":"PropertyValueSpecification","valueRequired":true,"valueName":"search_term_string"}}],"inLanguage":"es"},{"@type":"Organization","@id":"https:\/\/www.eldiario.net\/portal\/#organization","name":"El Diario - Decano de la prensa nacional","url":"https:\/\/www.eldiario.net\/portal\/","logo":{"@type":"ImageObject","inLanguage":"es","@id":"https:\/\/www.eldiario.net\/portal\/#\/schema\/logo\/image\/","url":"https:\/\/www.eldiario.net\/portal\/wp-content\/uploads\/2023\/07\/logo_ED.jpg","contentUrl":"https:\/\/www.eldiario.net\/portal\/wp-content\/uploads\/2023\/07\/logo_ED.jpg","width":272,"height":52,"caption":"El Diario - Decano de la prensa nacional"},"image":{"@id":"https:\/\/www.eldiario.net\/portal\/#\/schema\/logo\/image\/"},"sameAs":["https:\/\/www.facebook.com\/eldiario.bolivia\/","https:\/\/x.com\/eldiario_net"]},{"@type":"Person","@id":"https:\/\/www.eldiario.net\/portal\/#\/schema\/person\/f46445640444750d7d753ccd04ae01b7","name":"Jeanette","image":{"@type":"ImageObject","inLanguage":"es","@id":"https:\/\/secure.gravatar.com\/avatar\/3ea2118a5f7dad2b7138b1187a6b7ee55f160b9968b66013c3a3ef39dd7e5798?s=96&d=mm&r=g","url":"https:\/\/secure.gravatar.com\/avatar\/3ea2118a5f7dad2b7138b1187a6b7ee55f160b9968b66013c3a3ef39dd7e5798?s=96&d=mm&r=g","contentUrl":"https:\/\/secure.gravatar.com\/avatar\/3ea2118a5f7dad2b7138b1187a6b7ee55f160b9968b66013c3a3ef39dd7e5798?s=96&d=mm&r=g","caption":"Jeanette"},"sameAs":["https:\/\/www.eldiario.net\/portal"],"url":"https:\/\/www.eldiario.net\/portal\/author\/jeanette\/"}]}},"_links":{"self":[{"href":"https:\/\/www.eldiario.net\/portal\/wp-json\/wp\/v2\/posts\/214159","targetHints":{"allow":["GET"]}}],"collection":[{"href":"https:\/\/www.eldiario.net\/portal\/wp-json\/wp\/v2\/posts"}],"about":[{"href":"https:\/\/www.eldiario.net\/portal\/wp-json\/wp\/v2\/types\/post"}],"author":[{"embeddable":true,"href":"https:\/\/www.eldiario.net\/portal\/wp-json\/wp\/v2\/users\/1"}],"replies":[{"embeddable":true,"href":"https:\/\/www.eldiario.net\/portal\/wp-json\/wp\/v2\/comments?post=214159"}],"version-history":[{"count":1,"href":"https:\/\/www.eldiario.net\/portal\/wp-json\/wp\/v2\/posts\/214159\/revisions"}],"predecessor-version":[{"id":214160,"href":"https:\/\/www.eldiario.net\/portal\/wp-json\/wp\/v2\/posts\/214159\/revisions\/214160"}],"wp:featuredmedia":[{"embeddable":true,"href":"https:\/\/www.eldiario.net\/portal\/wp-json\/wp\/v2\/media\/194754"}],"wp:attachment":[{"href":"https:\/\/www.eldiario.net\/portal\/wp-json\/wp\/v2\/media?parent=214159"}],"wp:term":[{"taxonomy":"category","embeddable":true,"href":"https:\/\/www.eldiario.net\/portal\/wp-json\/wp\/v2\/categories?post=214159"},{"taxonomy":"post_tag","embeddable":true,"href":"https:\/\/www.eldiario.net\/portal\/wp-json\/wp\/v2\/tags?post=214159"}],"curies":[{"name":"wp","href":"https:\/\/api.w.org\/{rel}","templated":true}]}}