{"id":214157,"date":"2024-04-14T06:29:00","date_gmt":"2024-04-14T10:29:00","guid":{"rendered":"https:\/\/www.eldiario.net\/portal\/?p=214157"},"modified":"2024-04-14T06:29:00","modified_gmt":"2024-04-14T10:29:00","slug":"se-debe-respetar-la-diplomacia-pero-sentenciados-no-pueden-recibir-asilo","status":"publish","type":"post","link":"https:\/\/www.eldiario.net\/portal\/2024\/04\/14\/se-debe-respetar-la-diplomacia-pero-sentenciados-no-pueden-recibir-asilo\/","title":{"rendered":"Se debe respetar la diplomacia pero  sentenciados no pueden recibir asilo"},"content":{"rendered":"<p>Luego de una semana marcada a nivel internacional por el conflicto provocado por la invasi\u00f3n de la fuerza p\u00fablica ecuatoriana en la embajada de M\u00e9xico en Quito, el senador por la agrupaci\u00f3n Creemos, Henry Montero, sostuvo que debe haber respeto la inviolabilidad territorial de las legaciones diplom\u00e1ticas, sin embargo, Estados no pueden brindar asilo a sentenciados por hechos de corrupci\u00f3n.<br \/>\nPrecisando que su organizaci\u00f3n pol\u00edtica es respetuosa de la normativa vigente relacionada a convenios internacionales y tratados de los que el Estado boliviano es signatario, Montero expres\u00f3 su preocupaci\u00f3n por los hechos ocurridos, d\u00edas atr\u00e1s, en la legaci\u00f3n diplom\u00e1tica mexicana en Ecuador.<br \/>\nEn ese sentido, destac\u00f3 la acci\u00f3n asumida desde el Senado boliviano en rechazo a este abuso y en demanda de respeto a los acuerdos y tratados en lo referido a la inviolabilidad de las legaciones diplom\u00e1ticas en cada pa\u00eds.<br \/>\n\u201cEn este caso la Resoluci\u00f3n Camaral del Senado exhorta a respetar lo que son las embajadas, la diplomacia y sobre todo el territorio, lo sucedido en Ecuador es alarmante\u201d, afirm\u00f3.<br \/>\nPese a ello, el legislador de oposici\u00f3n tambi\u00e9n cuestion\u00f3 que Estados, mediante sus embajadas, traten de proteger y otorgar asilo a personas que cuentan con sentencias condenatorias como en el caso del exvicepresidente de Ecuador, Jorge Glas, procesado en su pa\u00eds por hechos de corrupci\u00f3n.<br \/>\n\u201cTambi\u00e9n nosotros hemos hecho observaciones, de que habr\u00eda que hacer investigaciones y seguimientos a estas organizaciones internacionales que dan asilo, que muchas embajadas dan a muchas personas, porque el Convenio Sobre Asilo Diplom\u00e1tico es muy claro, en su art\u00edculo III, que establece que no se puede dar asilo a estas personas procesadas o que ya tienen sentencia como el caso de este ciudadano ecuatoriano\u201d, subray\u00f3 Montero.<br \/>\nLa noche del pasado viernes 5 de abril, la Polic\u00eda ecuatoriana irrumpi\u00f3 en la embajada de M\u00e9xico en Quito para proceder con el arresto de Jorge Glas, exvicepresidente de Ecuador, anteriormente declarado culpable de soborno y corrupci\u00f3n, adem\u00e1s de otros delitos que contin\u00faan bajo investigaci\u00f3n. El hecho desat\u00f3 el repudio generalizado de l\u00edderes continental y mundial, quienes expresaron su indignaci\u00f3n por el incidente.<br \/>\nEsta semana, la C\u00e1mara de Senadores de Bolivia aprob\u00f3 una Resoluci\u00f3n Camaral en la que rechaza la intervenci\u00f3n de la Polic\u00eda ecuatoriana en la embajada de M\u00e9xico en Quito. Los legisladores argumentaron que esta acci\u00f3n vulnera los tratados internacionales.<br \/>\nAdem\u00e1s, se remiti\u00f3 una Minuta de Comunicaci\u00f3n a la Canciller\u00eda del Estado para que seg\u00fan las leyes y los tratados respaldados en Bolivia, se solicite ante organizaciones internacionales la imposici\u00f3n de sanciones al gobierno de Ecuador y se respeten los acuerdos internacionales firmados por varios pa\u00edses en el siglo pasado.<\/p>\n<p>&nbsp;<\/p>\n","protected":false},"excerpt":{"rendered":"<p>Luego de una semana marcada a nivel internacional por el conflicto provocado por la invasi\u00f3n de la fuerza p\u00fablica ecuatoriana en la embajada de M\u00e9xico en Quito, el senador por la agrupaci\u00f3n Creemos, Henry Montero, sostuvo que debe haber respeto la inviolabilidad territorial de las legaciones diplom\u00e1ticas, sin embargo, Estados no pueden brindar asilo a [&hellip;]<\/p>\n","protected":false},"author":1,"featured_media":194754,"comment_status":"open","ping_status":"open","sticky":false,"template":"","format":"standard","meta":{"_acf_changed":false,"footnotes":""},"categories":[14],"tags":[],"class_list":["post-214157","post","type-post","status-publish","format-standard","has-post-thumbnail","category-politica"],"acf":{"antetitulo":"Normativas lo impiden"},"yoast_head":"<!-- This site is optimized with the Yoast SEO plugin v28.3 - https:\/\/yoast.com\/product\/yoast-seo-wordpress\/ -->\n<title>Se debe respetar la diplomacia pero sentenciados no pueden recibir asilo - El Diario - Bolivia<\/title>\n<meta name=\"robots\" content=\"index, follow, max-snippet:-1, max-image-preview:large, max-video-preview:-1\" \/>\n<link rel=\"canonical\" href=\"https:\/\/www.eldiario.net\/portal\/2024\/04\/14\/se-debe-respetar-la-diplomacia-pero-sentenciados-no-pueden-recibir-asilo\/\" \/>\n<meta property=\"og:locale\" content=\"es_ES\" \/>\n<meta property=\"og:type\" content=\"article\" \/>\n<meta property=\"og:title\" content=\"Se debe respetar la diplomacia pero sentenciados no pueden recibir asilo - El Diario - Bolivia\" \/>\n<meta property=\"og:description\" content=\"Luego de una semana marcada a nivel internacional por el conflicto provocado por la invasi\u00f3n de la fuerza p\u00fablica ecuatoriana en la embajada de M\u00e9xico en Quito, el senador por la agrupaci\u00f3n Creemos, Henry Montero, sostuvo que debe haber respeto la inviolabilidad territorial de las legaciones diplom\u00e1ticas, sin embargo, Estados no pueden brindar asilo a [&hellip;]\" \/>\n<meta property=\"og:url\" content=\"https:\/\/www.eldiario.net\/portal\/2024\/04\/14\/se-debe-respetar-la-diplomacia-pero-sentenciados-no-pueden-recibir-asilo\/\" \/>\n<meta property=\"og:site_name\" content=\"El Diario - Bolivia\" \/>\n<meta property=\"article:publisher\" content=\"https:\/\/www.facebook.com\/eldiario.bolivia\/\" \/>\n<meta property=\"article:published_time\" content=\"2024-04-14T10:29:00+00:00\" \/>\n<meta property=\"og:image\" content=\"https:\/\/www.eldiario.net\/portal\/wp-content\/uploads\/2023\/12\/Politica.jpg\" \/>\n\t<meta property=\"og:image:width\" content=\"800\" \/>\n\t<meta property=\"og:image:height\" content=\"500\" \/>\n\t<meta property=\"og:image:type\" content=\"image\/jpeg\" \/>\n<meta name=\"author\" content=\"Jeanette\" \/>\n<meta name=\"twitter:card\" content=\"summary_large_image\" \/>\n<meta name=\"twitter:creator\" content=\"@eldiario_net\" \/>\n<meta name=\"twitter:site\" content=\"@eldiario_net\" \/>\n<meta name=\"twitter:label1\" content=\"Escrito por\" \/>\n\t<meta name=\"twitter:data1\" content=\"Jeanette\" \/>\n\t<meta name=\"twitter:label2\" content=\"Tiempo de lectura\" \/>\n\t<meta name=\"twitter:data2\" content=\"2 minutos\" \/>\n<script type=\"application\/ld+json\" class=\"yoast-schema-graph\">{\"@context\":\"https:\\\/\\\/schema.org\",\"@graph\":[{\"@type\":\"Article\",\"@id\":\"https:\\\/\\\/www.eldiario.net\\\/portal\\\/2024\\\/04\\\/14\\\/se-debe-respetar-la-diplomacia-pero-sentenciados-no-pueden-recibir-asilo\\\/#article\",\"isPartOf\":{\"@id\":\"https:\\\/\\\/www.eldiario.net\\\/portal\\\/2024\\\/04\\\/14\\\/se-debe-respetar-la-diplomacia-pero-sentenciados-no-pueden-recibir-asilo\\\/\"},\"author\":{\"name\":\"Jeanette\",\"@id\":\"https:\\\/\\\/www.eldiario.net\\\/portal\\\/#\\\/schema\\\/person\\\/f46445640444750d7d753ccd04ae01b7\"},\"headline\":\"Se debe respetar la diplomacia pero sentenciados no pueden recibir asilo\",\"datePublished\":\"2024-04-14T10:29:00+00:00\",\"mainEntityOfPage\":{\"@id\":\"https:\\\/\\\/www.eldiario.net\\\/portal\\\/2024\\\/04\\\/14\\\/se-debe-respetar-la-diplomacia-pero-sentenciados-no-pueden-recibir-asilo\\\/\"},\"wordCount\":490,\"commentCount\":0,\"publisher\":{\"@id\":\"https:\\\/\\\/www.eldiario.net\\\/portal\\\/#organization\"},\"image\":{\"@id\":\"https:\\\/\\\/www.eldiario.net\\\/portal\\\/2024\\\/04\\\/14\\\/se-debe-respetar-la-diplomacia-pero-sentenciados-no-pueden-recibir-asilo\\\/#primaryimage\"},\"thumbnailUrl\":\"https:\\\/\\\/www.eldiario.net\\\/portal\\\/wp-content\\\/uploads\\\/2023\\\/12\\\/Politica.jpg\",\"articleSection\":[\"Pol\u00edtica\"],\"inLanguage\":\"es\",\"potentialAction\":[{\"@type\":\"CommentAction\",\"name\":\"Comment\",\"target\":[\"https:\\\/\\\/www.eldiario.net\\\/portal\\\/2024\\\/04\\\/14\\\/se-debe-respetar-la-diplomacia-pero-sentenciados-no-pueden-recibir-asilo\\\/#respond\"]}]},{\"@type\":\"WebPage\",\"@id\":\"https:\\\/\\\/www.eldiario.net\\\/portal\\\/2024\\\/04\\\/14\\\/se-debe-respetar-la-diplomacia-pero-sentenciados-no-pueden-recibir-asilo\\\/\",\"url\":\"https:\\\/\\\/www.eldiario.net\\\/portal\\\/2024\\\/04\\\/14\\\/se-debe-respetar-la-diplomacia-pero-sentenciados-no-pueden-recibir-asilo\\\/\",\"name\":\"Se debe respetar la diplomacia pero sentenciados no pueden recibir asilo - El Diario - Bolivia\",\"isPartOf\":{\"@id\":\"https:\\\/\\\/www.eldiario.net\\\/portal\\\/#website\"},\"primaryImageOfPage\":{\"@id\":\"https:\\\/\\\/www.eldiario.net\\\/portal\\\/2024\\\/04\\\/14\\\/se-debe-respetar-la-diplomacia-pero-sentenciados-no-pueden-recibir-asilo\\\/#primaryimage\"},\"image\":{\"@id\":\"https:\\\/\\\/www.eldiario.net\\\/portal\\\/2024\\\/04\\\/14\\\/se-debe-respetar-la-diplomacia-pero-sentenciados-no-pueden-recibir-asilo\\\/#primaryimage\"},\"thumbnailUrl\":\"https:\\\/\\\/www.eldiario.net\\\/portal\\\/wp-content\\\/uploads\\\/2023\\\/12\\\/Politica.jpg\",\"datePublished\":\"2024-04-14T10:29:00+00:00\",\"breadcrumb\":{\"@id\":\"https:\\\/\\\/www.eldiario.net\\\/portal\\\/2024\\\/04\\\/14\\\/se-debe-respetar-la-diplomacia-pero-sentenciados-no-pueden-recibir-asilo\\\/#breadcrumb\"},\"inLanguage\":\"es\",\"potentialAction\":[{\"@type\":\"ReadAction\",\"target\":[\"https:\\\/\\\/www.eldiario.net\\\/portal\\\/2024\\\/04\\\/14\\\/se-debe-respetar-la-diplomacia-pero-sentenciados-no-pueden-recibir-asilo\\\/\"]}]},{\"@type\":\"ImageObject\",\"inLanguage\":\"es\",\"@id\":\"https:\\\/\\\/www.eldiario.net\\\/portal\\\/2024\\\/04\\\/14\\\/se-debe-respetar-la-diplomacia-pero-sentenciados-no-pueden-recibir-asilo\\\/#primaryimage\",\"url\":\"https:\\\/\\\/www.eldiario.net\\\/portal\\\/wp-content\\\/uploads\\\/2023\\\/12\\\/Politica.jpg\",\"contentUrl\":\"https:\\\/\\\/www.eldiario.net\\\/portal\\\/wp-content\\\/uploads\\\/2023\\\/12\\\/Politica.jpg\",\"width\":800,\"height\":500},{\"@type\":\"BreadcrumbList\",\"@id\":\"https:\\\/\\\/www.eldiario.net\\\/portal\\\/2024\\\/04\\\/14\\\/se-debe-respetar-la-diplomacia-pero-sentenciados-no-pueden-recibir-asilo\\\/#breadcrumb\",\"itemListElement\":[{\"@type\":\"ListItem\",\"position\":1,\"name\":\"Portada\",\"item\":\"https:\\\/\\\/www.eldiario.net\\\/portal\\\/\"},{\"@type\":\"ListItem\",\"position\":2,\"name\":\"Se debe respetar la diplomacia pero sentenciados no pueden recibir asilo\"}]},{\"@type\":\"WebSite\",\"@id\":\"https:\\\/\\\/www.eldiario.net\\\/portal\\\/#website\",\"url\":\"https:\\\/\\\/www.eldiario.net\\\/portal\\\/\",\"name\":\"El Diario - Decano de la prensa nacional\",\"description\":\"El Diario - Decano de la prensa nacional\",\"publisher\":{\"@id\":\"https:\\\/\\\/www.eldiario.net\\\/portal\\\/#organization\"},\"potentialAction\":[{\"@type\":\"SearchAction\",\"target\":{\"@type\":\"EntryPoint\",\"urlTemplate\":\"https:\\\/\\\/www.eldiario.net\\\/portal\\\/?s={search_term_string}\"},\"query-input\":{\"@type\":\"PropertyValueSpecification\",\"valueRequired\":true,\"valueName\":\"search_term_string\"}}],\"inLanguage\":\"es\"},{\"@type\":\"Organization\",\"@id\":\"https:\\\/\\\/www.eldiario.net\\\/portal\\\/#organization\",\"name\":\"El Diario - Decano de la prensa nacional\",\"url\":\"https:\\\/\\\/www.eldiario.net\\\/portal\\\/\",\"logo\":{\"@type\":\"ImageObject\",\"inLanguage\":\"es\",\"@id\":\"https:\\\/\\\/www.eldiario.net\\\/portal\\\/#\\\/schema\\\/logo\\\/image\\\/\",\"url\":\"https:\\\/\\\/www.eldiario.net\\\/portal\\\/wp-content\\\/uploads\\\/2023\\\/07\\\/logo_ED.jpg\",\"contentUrl\":\"https:\\\/\\\/www.eldiario.net\\\/portal\\\/wp-content\\\/uploads\\\/2023\\\/07\\\/logo_ED.jpg\",\"width\":272,\"height\":52,\"caption\":\"El Diario - Decano de la prensa nacional\"},\"image\":{\"@id\":\"https:\\\/\\\/www.eldiario.net\\\/portal\\\/#\\\/schema\\\/logo\\\/image\\\/\"},\"sameAs\":[\"https:\\\/\\\/www.facebook.com\\\/eldiario.bolivia\\\/\",\"https:\\\/\\\/x.com\\\/eldiario_net\"]},{\"@type\":\"Person\",\"@id\":\"https:\\\/\\\/www.eldiario.net\\\/portal\\\/#\\\/schema\\\/person\\\/f46445640444750d7d753ccd04ae01b7\",\"name\":\"Jeanette\",\"image\":{\"@type\":\"ImageObject\",\"inLanguage\":\"es\",\"@id\":\"https:\\\/\\\/secure.gravatar.com\\\/avatar\\\/3ea2118a5f7dad2b7138b1187a6b7ee55f160b9968b66013c3a3ef39dd7e5798?s=96&d=mm&r=g\",\"url\":\"https:\\\/\\\/secure.gravatar.com\\\/avatar\\\/3ea2118a5f7dad2b7138b1187a6b7ee55f160b9968b66013c3a3ef39dd7e5798?s=96&d=mm&r=g\",\"contentUrl\":\"https:\\\/\\\/secure.gravatar.com\\\/avatar\\\/3ea2118a5f7dad2b7138b1187a6b7ee55f160b9968b66013c3a3ef39dd7e5798?s=96&d=mm&r=g\",\"caption\":\"Jeanette\"},\"sameAs\":[\"https:\\\/\\\/www.eldiario.net\\\/portal\"],\"url\":\"https:\\\/\\\/www.eldiario.net\\\/portal\\\/author\\\/jeanette\\\/\"}]}<\/script>\n<!-- \/ Yoast SEO plugin. -->","yoast_head_json":{"title":"Se debe respetar la diplomacia pero sentenciados no pueden recibir asilo - El Diario - Bolivia","robots":{"index":"index","follow":"follow","max-snippet":"max-snippet:-1","max-image-preview":"max-image-preview:large","max-video-preview":"max-video-preview:-1"},"canonical":"https:\/\/www.eldiario.net\/portal\/2024\/04\/14\/se-debe-respetar-la-diplomacia-pero-sentenciados-no-pueden-recibir-asilo\/","og_locale":"es_ES","og_type":"article","og_title":"Se debe respetar la diplomacia pero sentenciados no pueden recibir asilo - El Diario - Bolivia","og_description":"Luego de una semana marcada a nivel internacional por el conflicto provocado por la invasi\u00f3n de la fuerza p\u00fablica ecuatoriana en la embajada de M\u00e9xico en Quito, el senador por la agrupaci\u00f3n Creemos, Henry Montero, sostuvo que debe haber respeto la inviolabilidad territorial de las legaciones diplom\u00e1ticas, sin embargo, Estados no pueden brindar asilo a [&hellip;]","og_url":"https:\/\/www.eldiario.net\/portal\/2024\/04\/14\/se-debe-respetar-la-diplomacia-pero-sentenciados-no-pueden-recibir-asilo\/","og_site_name":"El Diario - Bolivia","article_publisher":"https:\/\/www.facebook.com\/eldiario.bolivia\/","article_published_time":"2024-04-14T10:29:00+00:00","og_image":[{"width":800,"height":500,"url":"https:\/\/www.eldiario.net\/portal\/wp-content\/uploads\/2023\/12\/Politica.jpg","type":"image\/jpeg"}],"author":"Jeanette","twitter_card":"summary_large_image","twitter_creator":"@eldiario_net","twitter_site":"@eldiario_net","twitter_misc":{"Escrito por":"Jeanette","Tiempo de lectura":"2 minutos"},"schema":{"@context":"https:\/\/schema.org","@graph":[{"@type":"Article","@id":"https:\/\/www.eldiario.net\/portal\/2024\/04\/14\/se-debe-respetar-la-diplomacia-pero-sentenciados-no-pueden-recibir-asilo\/#article","isPartOf":{"@id":"https:\/\/www.eldiario.net\/portal\/2024\/04\/14\/se-debe-respetar-la-diplomacia-pero-sentenciados-no-pueden-recibir-asilo\/"},"author":{"name":"Jeanette","@id":"https:\/\/www.eldiario.net\/portal\/#\/schema\/person\/f46445640444750d7d753ccd04ae01b7"},"headline":"Se debe respetar la diplomacia pero sentenciados no pueden recibir asilo","datePublished":"2024-04-14T10:29:00+00:00","mainEntityOfPage":{"@id":"https:\/\/www.eldiario.net\/portal\/2024\/04\/14\/se-debe-respetar-la-diplomacia-pero-sentenciados-no-pueden-recibir-asilo\/"},"wordCount":490,"commentCount":0,"publisher":{"@id":"https:\/\/www.eldiario.net\/portal\/#organization"},"image":{"@id":"https:\/\/www.eldiario.net\/portal\/2024\/04\/14\/se-debe-respetar-la-diplomacia-pero-sentenciados-no-pueden-recibir-asilo\/#primaryimage"},"thumbnailUrl":"https:\/\/www.eldiario.net\/portal\/wp-content\/uploads\/2023\/12\/Politica.jpg","articleSection":["Pol\u00edtica"],"inLanguage":"es","potentialAction":[{"@type":"CommentAction","name":"Comment","target":["https:\/\/www.eldiario.net\/portal\/2024\/04\/14\/se-debe-respetar-la-diplomacia-pero-sentenciados-no-pueden-recibir-asilo\/#respond"]}]},{"@type":"WebPage","@id":"https:\/\/www.eldiario.net\/portal\/2024\/04\/14\/se-debe-respetar-la-diplomacia-pero-sentenciados-no-pueden-recibir-asilo\/","url":"https:\/\/www.eldiario.net\/portal\/2024\/04\/14\/se-debe-respetar-la-diplomacia-pero-sentenciados-no-pueden-recibir-asilo\/","name":"Se debe respetar la diplomacia pero sentenciados no pueden recibir asilo - El Diario - Bolivia","isPartOf":{"@id":"https:\/\/www.eldiario.net\/portal\/#website"},"primaryImageOfPage":{"@id":"https:\/\/www.eldiario.net\/portal\/2024\/04\/14\/se-debe-respetar-la-diplomacia-pero-sentenciados-no-pueden-recibir-asilo\/#primaryimage"},"image":{"@id":"https:\/\/www.eldiario.net\/portal\/2024\/04\/14\/se-debe-respetar-la-diplomacia-pero-sentenciados-no-pueden-recibir-asilo\/#primaryimage"},"thumbnailUrl":"https:\/\/www.eldiario.net\/portal\/wp-content\/uploads\/2023\/12\/Politica.jpg","datePublished":"2024-04-14T10:29:00+00:00","breadcrumb":{"@id":"https:\/\/www.eldiario.net\/portal\/2024\/04\/14\/se-debe-respetar-la-diplomacia-pero-sentenciados-no-pueden-recibir-asilo\/#breadcrumb"},"inLanguage":"es","potentialAction":[{"@type":"ReadAction","target":["https:\/\/www.eldiario.net\/portal\/2024\/04\/14\/se-debe-respetar-la-diplomacia-pero-sentenciados-no-pueden-recibir-asilo\/"]}]},{"@type":"ImageObject","inLanguage":"es","@id":"https:\/\/www.eldiario.net\/portal\/2024\/04\/14\/se-debe-respetar-la-diplomacia-pero-sentenciados-no-pueden-recibir-asilo\/#primaryimage","url":"https:\/\/www.eldiario.net\/portal\/wp-content\/uploads\/2023\/12\/Politica.jpg","contentUrl":"https:\/\/www.eldiario.net\/portal\/wp-content\/uploads\/2023\/12\/Politica.jpg","width":800,"height":500},{"@type":"BreadcrumbList","@id":"https:\/\/www.eldiario.net\/portal\/2024\/04\/14\/se-debe-respetar-la-diplomacia-pero-sentenciados-no-pueden-recibir-asilo\/#breadcrumb","itemListElement":[{"@type":"ListItem","position":1,"name":"Portada","item":"https:\/\/www.eldiario.net\/portal\/"},{"@type":"ListItem","position":2,"name":"Se debe respetar la diplomacia pero sentenciados no pueden recibir asilo"}]},{"@type":"WebSite","@id":"https:\/\/www.eldiario.net\/portal\/#website","url":"https:\/\/www.eldiario.net\/portal\/","name":"El Diario - Decano de la prensa nacional","description":"El Diario - Decano de la prensa nacional","publisher":{"@id":"https:\/\/www.eldiario.net\/portal\/#organization"},"potentialAction":[{"@type":"SearchAction","target":{"@type":"EntryPoint","urlTemplate":"https:\/\/www.eldiario.net\/portal\/?s={search_term_string}"},"query-input":{"@type":"PropertyValueSpecification","valueRequired":true,"valueName":"search_term_string"}}],"inLanguage":"es"},{"@type":"Organization","@id":"https:\/\/www.eldiario.net\/portal\/#organization","name":"El Diario - Decano de la prensa nacional","url":"https:\/\/www.eldiario.net\/portal\/","logo":{"@type":"ImageObject","inLanguage":"es","@id":"https:\/\/www.eldiario.net\/portal\/#\/schema\/logo\/image\/","url":"https:\/\/www.eldiario.net\/portal\/wp-content\/uploads\/2023\/07\/logo_ED.jpg","contentUrl":"https:\/\/www.eldiario.net\/portal\/wp-content\/uploads\/2023\/07\/logo_ED.jpg","width":272,"height":52,"caption":"El Diario - Decano de la prensa nacional"},"image":{"@id":"https:\/\/www.eldiario.net\/portal\/#\/schema\/logo\/image\/"},"sameAs":["https:\/\/www.facebook.com\/eldiario.bolivia\/","https:\/\/x.com\/eldiario_net"]},{"@type":"Person","@id":"https:\/\/www.eldiario.net\/portal\/#\/schema\/person\/f46445640444750d7d753ccd04ae01b7","name":"Jeanette","image":{"@type":"ImageObject","inLanguage":"es","@id":"https:\/\/secure.gravatar.com\/avatar\/3ea2118a5f7dad2b7138b1187a6b7ee55f160b9968b66013c3a3ef39dd7e5798?s=96&d=mm&r=g","url":"https:\/\/secure.gravatar.com\/avatar\/3ea2118a5f7dad2b7138b1187a6b7ee55f160b9968b66013c3a3ef39dd7e5798?s=96&d=mm&r=g","contentUrl":"https:\/\/secure.gravatar.com\/avatar\/3ea2118a5f7dad2b7138b1187a6b7ee55f160b9968b66013c3a3ef39dd7e5798?s=96&d=mm&r=g","caption":"Jeanette"},"sameAs":["https:\/\/www.eldiario.net\/portal"],"url":"https:\/\/www.eldiario.net\/portal\/author\/jeanette\/"}]}},"_links":{"self":[{"href":"https:\/\/www.eldiario.net\/portal\/wp-json\/wp\/v2\/posts\/214157","targetHints":{"allow":["GET"]}}],"collection":[{"href":"https:\/\/www.eldiario.net\/portal\/wp-json\/wp\/v2\/posts"}],"about":[{"href":"https:\/\/www.eldiario.net\/portal\/wp-json\/wp\/v2\/types\/post"}],"author":[{"embeddable":true,"href":"https:\/\/www.eldiario.net\/portal\/wp-json\/wp\/v2\/users\/1"}],"replies":[{"embeddable":true,"href":"https:\/\/www.eldiario.net\/portal\/wp-json\/wp\/v2\/comments?post=214157"}],"version-history":[{"count":1,"href":"https:\/\/www.eldiario.net\/portal\/wp-json\/wp\/v2\/posts\/214157\/revisions"}],"predecessor-version":[{"id":214158,"href":"https:\/\/www.eldiario.net\/portal\/wp-json\/wp\/v2\/posts\/214157\/revisions\/214158"}],"wp:featuredmedia":[{"embeddable":true,"href":"https:\/\/www.eldiario.net\/portal\/wp-json\/wp\/v2\/media\/194754"}],"wp:attachment":[{"href":"https:\/\/www.eldiario.net\/portal\/wp-json\/wp\/v2\/media?parent=214157"}],"wp:term":[{"taxonomy":"category","embeddable":true,"href":"https:\/\/www.eldiario.net\/portal\/wp-json\/wp\/v2\/categories?post=214157"},{"taxonomy":"post_tag","embeddable":true,"href":"https:\/\/www.eldiario.net\/portal\/wp-json\/wp\/v2\/tags?post=214157"}],"curies":[{"name":"wp","href":"https:\/\/api.w.org\/{rel}","templated":true}]}}