{"id":214154,"date":"2024-04-14T06:28:34","date_gmt":"2024-04-14T10:28:34","guid":{"rendered":"https:\/\/www.eldiario.net\/portal\/?p=214154"},"modified":"2024-04-14T06:28:34","modified_gmt":"2024-04-14T10:28:34","slug":"proponen-que-calificaciones-orales-se-realicen-el-siguiente-fin-de-semana","status":"publish","type":"post","link":"https:\/\/www.eldiario.net\/portal\/2024\/04\/14\/proponen-que-calificaciones-orales-se-realicen-el-siguiente-fin-de-semana\/","title":{"rendered":"Proponen que calificaciones orales  se realicen el siguiente fin de semana"},"content":{"rendered":"<p>Este martes comenzar\u00e1n las pruebas orales a los 405 candidatos habilitados a los altos cargos judiciales y la senadora, Andrea Barrientos de Comunidad Ciudadana (CC), propuso que las calificaciones se realicen el s\u00e1bado (20) y domingo (21) para hacer conocer los resultados en cada jornada.<br \/>\n\u201c(La calificaci\u00f3n) se tendr\u00eda que hacer al final. Lo ideal ser\u00eda que la gente venga, d\u00e9 su examen, anotemos las respuestas y se califiquen (las pruebas) abriendo el sobre en un solo d\u00eda. De esta forma, el s\u00e1bado (20) y domingo (21) dedicarnos a revisar los ex\u00e1menes. No habr\u00e1 problemas en los tiempos puesto que s\u00f3lo hay que verificar, con la respuesta al lado, y en eso no hay dificultad\u201d, declar\u00f3 Barrientos a Br\u00fajula Digital.<br \/>\nLa Comisi\u00f3n Mixta de Constituci\u00f3n lleva adelante la calificaci\u00f3n de m\u00e9ritos a los postulantes al Tribunal Supremo de Justicia (TSJ), pues el viernes concluy\u00f3 la evaluaci\u00f3n a los candidatos al Tribunal Constitucional Plurinacional (TCP). En esta etapa se revisan los documentos relacionados al nivel acad\u00e9mico, desempe\u00f1o laboral y calificaci\u00f3n de textos publicados.<br \/>\nEste proceso ingres\u00f3 en cuarto intermedio a medianoche de este viernes y Barrientos anunci\u00f3 que continuar\u00e1 este s\u00e1bado alrededor de las 14:00. Dijo que a\u00fan resta la fase de evaluaci\u00f3n escrita y oral, la misma que debe concluir hasta este 21 de abril.<br \/>\nEl presidente de la Comisi\u00f3n Mixta de Constituci\u00f3n, el senador evista Miguel Rejas, anunci\u00f3 que el martes comenzar\u00e1 la evaluaci\u00f3n a los candidatos a los diferentes tribunales, una vez que se reciba la bater\u00eda de preguntas de las facultades de Derecho y los colegios de abogados.<br \/>\n\u201cHay susceptibilidad en todo el tiempo. Sin embargo, nosotros hemos dicho que desde un inicio actuamos con transparencia y vamos a seguir trabajando de la misma forma. Las leyes establecen que las preguntas vienen en sobre cerrado y se las abre el d\u00eda en que iniciamos con las pruebas\u201d, dijo Rejas.<br \/>\nEl legislador explic\u00f3 que la comisi\u00f3n \u201cno tiene ninguna pregunta\u201d y menos que las entidades acad\u00e9micas y colegios de profesionales hayan mandado con anticipaci\u00f3n. Los postulantes elegir\u00e1n las preguntas a trav\u00e9s de un sorteo. Sostuvo que sacar\u00e1n del \u00e1nfora cinco bolitos y cada una de las respuestas tendr\u00e1 un valor de 20 puntos para hacer los 100 de esta fase.<br \/>\nEl viernes, la Comisi\u00f3n Mixta de Justicia Plural de la Asamblea Legislativa concluy\u00f3 la primera fase de la evaluaci\u00f3n de m\u00e9ritos a los postulantes al Consejo de la Magistratura y al Tribunal Agroambiental. Hasta este domingo, la Comisi\u00f3n de Constituci\u00f3n concluir\u00e1 la calificaci\u00f3n de m\u00e9ritos a los postulantes al Tribunal Constitucional y Tribunal Supremo de Justicia.<\/p>\n<p>&nbsp;<\/p>\n","protected":false},"excerpt":{"rendered":"<p>Este martes comenzar\u00e1n las pruebas orales a los 405 candidatos habilitados a los altos cargos judiciales y la senadora, Andrea Barrientos de Comunidad Ciudadana (CC), propuso que las calificaciones se realicen el s\u00e1bado (20) y domingo (21) para hacer conocer los resultados en cada jornada. \u201c(La calificaci\u00f3n) se tendr\u00eda que hacer al final. Lo ideal [&hellip;]<\/p>\n","protected":false},"author":1,"featured_media":214155,"comment_status":"open","ping_status":"open","sticky":false,"template":"","format":"standard","meta":{"_acf_changed":false,"footnotes":""},"categories":[14],"tags":[],"class_list":["post-214154","post","type-post","status-publish","format-standard","has-post-thumbnail","category-politica"],"acf":{"antetitulo":"Elecciones judiciales"},"yoast_head":"<!-- This site is optimized with the Yoast SEO plugin v28.3 - https:\/\/yoast.com\/product\/yoast-seo-wordpress\/ -->\n<title>Proponen que calificaciones orales se realicen el siguiente fin de semana - El Diario - Bolivia<\/title>\n<meta name=\"robots\" content=\"index, follow, max-snippet:-1, max-image-preview:large, max-video-preview:-1\" \/>\n<link rel=\"canonical\" href=\"https:\/\/www.eldiario.net\/portal\/2024\/04\/14\/proponen-que-calificaciones-orales-se-realicen-el-siguiente-fin-de-semana\/\" \/>\n<meta property=\"og:locale\" content=\"es_ES\" \/>\n<meta property=\"og:type\" content=\"article\" \/>\n<meta property=\"og:title\" content=\"Proponen que calificaciones orales se realicen el siguiente fin de semana - El Diario - Bolivia\" \/>\n<meta property=\"og:description\" content=\"Este martes comenzar\u00e1n las pruebas orales a los 405 candidatos habilitados a los altos cargos judiciales y la senadora, Andrea Barrientos de Comunidad Ciudadana (CC), propuso que las calificaciones se realicen el s\u00e1bado (20) y domingo (21) para hacer conocer los resultados en cada jornada. \u201c(La calificaci\u00f3n) se tendr\u00eda que hacer al final. Lo ideal [&hellip;]\" \/>\n<meta property=\"og:url\" content=\"https:\/\/www.eldiario.net\/portal\/2024\/04\/14\/proponen-que-calificaciones-orales-se-realicen-el-siguiente-fin-de-semana\/\" \/>\n<meta property=\"og:site_name\" content=\"El Diario - Bolivia\" \/>\n<meta property=\"article:publisher\" content=\"https:\/\/www.facebook.com\/eldiario.bolivia\/\" \/>\n<meta property=\"article:published_time\" content=\"2024-04-14T10:28:34+00:00\" \/>\n<meta property=\"og:image\" content=\"https:\/\/www.eldiario.net\/portal\/wp-content\/uploads\/2024\/04\/43-POL.jpeg\" \/>\n\t<meta property=\"og:image:width\" content=\"720\" \/>\n\t<meta property=\"og:image:height\" content=\"399\" \/>\n\t<meta property=\"og:image:type\" content=\"image\/jpeg\" \/>\n<meta name=\"author\" content=\"Jeanette\" \/>\n<meta name=\"twitter:card\" content=\"summary_large_image\" \/>\n<meta name=\"twitter:creator\" content=\"@eldiario_net\" \/>\n<meta name=\"twitter:site\" content=\"@eldiario_net\" \/>\n<meta name=\"twitter:label1\" content=\"Escrito por\" \/>\n\t<meta name=\"twitter:data1\" content=\"Jeanette\" \/>\n\t<meta name=\"twitter:label2\" content=\"Tiempo de lectura\" \/>\n\t<meta name=\"twitter:data2\" content=\"3 minutos\" \/>\n<script type=\"application\/ld+json\" class=\"yoast-schema-graph\">{\"@context\":\"https:\\\/\\\/schema.org\",\"@graph\":[{\"@type\":\"Article\",\"@id\":\"https:\\\/\\\/www.eldiario.net\\\/portal\\\/2024\\\/04\\\/14\\\/proponen-que-calificaciones-orales-se-realicen-el-siguiente-fin-de-semana\\\/#article\",\"isPartOf\":{\"@id\":\"https:\\\/\\\/www.eldiario.net\\\/portal\\\/2024\\\/04\\\/14\\\/proponen-que-calificaciones-orales-se-realicen-el-siguiente-fin-de-semana\\\/\"},\"author\":{\"name\":\"Jeanette\",\"@id\":\"https:\\\/\\\/www.eldiario.net\\\/portal\\\/#\\\/schema\\\/person\\\/f46445640444750d7d753ccd04ae01b7\"},\"headline\":\"Proponen que calificaciones orales se realicen el siguiente fin de semana\",\"datePublished\":\"2024-04-14T10:28:34+00:00\",\"mainEntityOfPage\":{\"@id\":\"https:\\\/\\\/www.eldiario.net\\\/portal\\\/2024\\\/04\\\/14\\\/proponen-que-calificaciones-orales-se-realicen-el-siguiente-fin-de-semana\\\/\"},\"wordCount\":470,\"commentCount\":0,\"publisher\":{\"@id\":\"https:\\\/\\\/www.eldiario.net\\\/portal\\\/#organization\"},\"image\":{\"@id\":\"https:\\\/\\\/www.eldiario.net\\\/portal\\\/2024\\\/04\\\/14\\\/proponen-que-calificaciones-orales-se-realicen-el-siguiente-fin-de-semana\\\/#primaryimage\"},\"thumbnailUrl\":\"https:\\\/\\\/www.eldiario.net\\\/portal\\\/wp-content\\\/uploads\\\/2024\\\/04\\\/43-POL.jpeg\",\"articleSection\":[\"Pol\u00edtica\"],\"inLanguage\":\"es\",\"potentialAction\":[{\"@type\":\"CommentAction\",\"name\":\"Comment\",\"target\":[\"https:\\\/\\\/www.eldiario.net\\\/portal\\\/2024\\\/04\\\/14\\\/proponen-que-calificaciones-orales-se-realicen-el-siguiente-fin-de-semana\\\/#respond\"]}]},{\"@type\":\"WebPage\",\"@id\":\"https:\\\/\\\/www.eldiario.net\\\/portal\\\/2024\\\/04\\\/14\\\/proponen-que-calificaciones-orales-se-realicen-el-siguiente-fin-de-semana\\\/\",\"url\":\"https:\\\/\\\/www.eldiario.net\\\/portal\\\/2024\\\/04\\\/14\\\/proponen-que-calificaciones-orales-se-realicen-el-siguiente-fin-de-semana\\\/\",\"name\":\"Proponen que calificaciones orales se realicen el siguiente fin de semana - El Diario - Bolivia\",\"isPartOf\":{\"@id\":\"https:\\\/\\\/www.eldiario.net\\\/portal\\\/#website\"},\"primaryImageOfPage\":{\"@id\":\"https:\\\/\\\/www.eldiario.net\\\/portal\\\/2024\\\/04\\\/14\\\/proponen-que-calificaciones-orales-se-realicen-el-siguiente-fin-de-semana\\\/#primaryimage\"},\"image\":{\"@id\":\"https:\\\/\\\/www.eldiario.net\\\/portal\\\/2024\\\/04\\\/14\\\/proponen-que-calificaciones-orales-se-realicen-el-siguiente-fin-de-semana\\\/#primaryimage\"},\"thumbnailUrl\":\"https:\\\/\\\/www.eldiario.net\\\/portal\\\/wp-content\\\/uploads\\\/2024\\\/04\\\/43-POL.jpeg\",\"datePublished\":\"2024-04-14T10:28:34+00:00\",\"breadcrumb\":{\"@id\":\"https:\\\/\\\/www.eldiario.net\\\/portal\\\/2024\\\/04\\\/14\\\/proponen-que-calificaciones-orales-se-realicen-el-siguiente-fin-de-semana\\\/#breadcrumb\"},\"inLanguage\":\"es\",\"potentialAction\":[{\"@type\":\"ReadAction\",\"target\":[\"https:\\\/\\\/www.eldiario.net\\\/portal\\\/2024\\\/04\\\/14\\\/proponen-que-calificaciones-orales-se-realicen-el-siguiente-fin-de-semana\\\/\"]}]},{\"@type\":\"ImageObject\",\"inLanguage\":\"es\",\"@id\":\"https:\\\/\\\/www.eldiario.net\\\/portal\\\/2024\\\/04\\\/14\\\/proponen-que-calificaciones-orales-se-realicen-el-siguiente-fin-de-semana\\\/#primaryimage\",\"url\":\"https:\\\/\\\/www.eldiario.net\\\/portal\\\/wp-content\\\/uploads\\\/2024\\\/04\\\/43-POL.jpeg\",\"contentUrl\":\"https:\\\/\\\/www.eldiario.net\\\/portal\\\/wp-content\\\/uploads\\\/2024\\\/04\\\/43-POL.jpeg\",\"width\":720,\"height\":399,\"caption\":\"La senadora Andrea Barrientos de CC.\"},{\"@type\":\"BreadcrumbList\",\"@id\":\"https:\\\/\\\/www.eldiario.net\\\/portal\\\/2024\\\/04\\\/14\\\/proponen-que-calificaciones-orales-se-realicen-el-siguiente-fin-de-semana\\\/#breadcrumb\",\"itemListElement\":[{\"@type\":\"ListItem\",\"position\":1,\"name\":\"Portada\",\"item\":\"https:\\\/\\\/www.eldiario.net\\\/portal\\\/\"},{\"@type\":\"ListItem\",\"position\":2,\"name\":\"Proponen que calificaciones orales se realicen el siguiente fin de semana\"}]},{\"@type\":\"WebSite\",\"@id\":\"https:\\\/\\\/www.eldiario.net\\\/portal\\\/#website\",\"url\":\"https:\\\/\\\/www.eldiario.net\\\/portal\\\/\",\"name\":\"El Diario - Decano de la prensa nacional\",\"description\":\"El Diario - Decano de la prensa nacional\",\"publisher\":{\"@id\":\"https:\\\/\\\/www.eldiario.net\\\/portal\\\/#organization\"},\"potentialAction\":[{\"@type\":\"SearchAction\",\"target\":{\"@type\":\"EntryPoint\",\"urlTemplate\":\"https:\\\/\\\/www.eldiario.net\\\/portal\\\/?s={search_term_string}\"},\"query-input\":{\"@type\":\"PropertyValueSpecification\",\"valueRequired\":true,\"valueName\":\"search_term_string\"}}],\"inLanguage\":\"es\"},{\"@type\":\"Organization\",\"@id\":\"https:\\\/\\\/www.eldiario.net\\\/portal\\\/#organization\",\"name\":\"El Diario - Decano de la prensa nacional\",\"url\":\"https:\\\/\\\/www.eldiario.net\\\/portal\\\/\",\"logo\":{\"@type\":\"ImageObject\",\"inLanguage\":\"es\",\"@id\":\"https:\\\/\\\/www.eldiario.net\\\/portal\\\/#\\\/schema\\\/logo\\\/image\\\/\",\"url\":\"https:\\\/\\\/www.eldiario.net\\\/portal\\\/wp-content\\\/uploads\\\/2023\\\/07\\\/logo_ED.jpg\",\"contentUrl\":\"https:\\\/\\\/www.eldiario.net\\\/portal\\\/wp-content\\\/uploads\\\/2023\\\/07\\\/logo_ED.jpg\",\"width\":272,\"height\":52,\"caption\":\"El Diario - Decano de la prensa nacional\"},\"image\":{\"@id\":\"https:\\\/\\\/www.eldiario.net\\\/portal\\\/#\\\/schema\\\/logo\\\/image\\\/\"},\"sameAs\":[\"https:\\\/\\\/www.facebook.com\\\/eldiario.bolivia\\\/\",\"https:\\\/\\\/x.com\\\/eldiario_net\"]},{\"@type\":\"Person\",\"@id\":\"https:\\\/\\\/www.eldiario.net\\\/portal\\\/#\\\/schema\\\/person\\\/f46445640444750d7d753ccd04ae01b7\",\"name\":\"Jeanette\",\"image\":{\"@type\":\"ImageObject\",\"inLanguage\":\"es\",\"@id\":\"https:\\\/\\\/secure.gravatar.com\\\/avatar\\\/3ea2118a5f7dad2b7138b1187a6b7ee55f160b9968b66013c3a3ef39dd7e5798?s=96&d=mm&r=g\",\"url\":\"https:\\\/\\\/secure.gravatar.com\\\/avatar\\\/3ea2118a5f7dad2b7138b1187a6b7ee55f160b9968b66013c3a3ef39dd7e5798?s=96&d=mm&r=g\",\"contentUrl\":\"https:\\\/\\\/secure.gravatar.com\\\/avatar\\\/3ea2118a5f7dad2b7138b1187a6b7ee55f160b9968b66013c3a3ef39dd7e5798?s=96&d=mm&r=g\",\"caption\":\"Jeanette\"},\"sameAs\":[\"https:\\\/\\\/www.eldiario.net\\\/portal\"],\"url\":\"https:\\\/\\\/www.eldiario.net\\\/portal\\\/author\\\/jeanette\\\/\"}]}<\/script>\n<!-- \/ Yoast SEO plugin. -->","yoast_head_json":{"title":"Proponen que calificaciones orales se realicen el siguiente fin de semana - El Diario - Bolivia","robots":{"index":"index","follow":"follow","max-snippet":"max-snippet:-1","max-image-preview":"max-image-preview:large","max-video-preview":"max-video-preview:-1"},"canonical":"https:\/\/www.eldiario.net\/portal\/2024\/04\/14\/proponen-que-calificaciones-orales-se-realicen-el-siguiente-fin-de-semana\/","og_locale":"es_ES","og_type":"article","og_title":"Proponen que calificaciones orales se realicen el siguiente fin de semana - El Diario - Bolivia","og_description":"Este martes comenzar\u00e1n las pruebas orales a los 405 candidatos habilitados a los altos cargos judiciales y la senadora, Andrea Barrientos de Comunidad Ciudadana (CC), propuso que las calificaciones se realicen el s\u00e1bado (20) y domingo (21) para hacer conocer los resultados en cada jornada. \u201c(La calificaci\u00f3n) se tendr\u00eda que hacer al final. Lo ideal [&hellip;]","og_url":"https:\/\/www.eldiario.net\/portal\/2024\/04\/14\/proponen-que-calificaciones-orales-se-realicen-el-siguiente-fin-de-semana\/","og_site_name":"El Diario - Bolivia","article_publisher":"https:\/\/www.facebook.com\/eldiario.bolivia\/","article_published_time":"2024-04-14T10:28:34+00:00","og_image":[{"width":720,"height":399,"url":"https:\/\/www.eldiario.net\/portal\/wp-content\/uploads\/2024\/04\/43-POL.jpeg","type":"image\/jpeg"}],"author":"Jeanette","twitter_card":"summary_large_image","twitter_creator":"@eldiario_net","twitter_site":"@eldiario_net","twitter_misc":{"Escrito por":"Jeanette","Tiempo de lectura":"3 minutos"},"schema":{"@context":"https:\/\/schema.org","@graph":[{"@type":"Article","@id":"https:\/\/www.eldiario.net\/portal\/2024\/04\/14\/proponen-que-calificaciones-orales-se-realicen-el-siguiente-fin-de-semana\/#article","isPartOf":{"@id":"https:\/\/www.eldiario.net\/portal\/2024\/04\/14\/proponen-que-calificaciones-orales-se-realicen-el-siguiente-fin-de-semana\/"},"author":{"name":"Jeanette","@id":"https:\/\/www.eldiario.net\/portal\/#\/schema\/person\/f46445640444750d7d753ccd04ae01b7"},"headline":"Proponen que calificaciones orales se realicen el siguiente fin de semana","datePublished":"2024-04-14T10:28:34+00:00","mainEntityOfPage":{"@id":"https:\/\/www.eldiario.net\/portal\/2024\/04\/14\/proponen-que-calificaciones-orales-se-realicen-el-siguiente-fin-de-semana\/"},"wordCount":470,"commentCount":0,"publisher":{"@id":"https:\/\/www.eldiario.net\/portal\/#organization"},"image":{"@id":"https:\/\/www.eldiario.net\/portal\/2024\/04\/14\/proponen-que-calificaciones-orales-se-realicen-el-siguiente-fin-de-semana\/#primaryimage"},"thumbnailUrl":"https:\/\/www.eldiario.net\/portal\/wp-content\/uploads\/2024\/04\/43-POL.jpeg","articleSection":["Pol\u00edtica"],"inLanguage":"es","potentialAction":[{"@type":"CommentAction","name":"Comment","target":["https:\/\/www.eldiario.net\/portal\/2024\/04\/14\/proponen-que-calificaciones-orales-se-realicen-el-siguiente-fin-de-semana\/#respond"]}]},{"@type":"WebPage","@id":"https:\/\/www.eldiario.net\/portal\/2024\/04\/14\/proponen-que-calificaciones-orales-se-realicen-el-siguiente-fin-de-semana\/","url":"https:\/\/www.eldiario.net\/portal\/2024\/04\/14\/proponen-que-calificaciones-orales-se-realicen-el-siguiente-fin-de-semana\/","name":"Proponen que calificaciones orales se realicen el siguiente fin de semana - El Diario - Bolivia","isPartOf":{"@id":"https:\/\/www.eldiario.net\/portal\/#website"},"primaryImageOfPage":{"@id":"https:\/\/www.eldiario.net\/portal\/2024\/04\/14\/proponen-que-calificaciones-orales-se-realicen-el-siguiente-fin-de-semana\/#primaryimage"},"image":{"@id":"https:\/\/www.eldiario.net\/portal\/2024\/04\/14\/proponen-que-calificaciones-orales-se-realicen-el-siguiente-fin-de-semana\/#primaryimage"},"thumbnailUrl":"https:\/\/www.eldiario.net\/portal\/wp-content\/uploads\/2024\/04\/43-POL.jpeg","datePublished":"2024-04-14T10:28:34+00:00","breadcrumb":{"@id":"https:\/\/www.eldiario.net\/portal\/2024\/04\/14\/proponen-que-calificaciones-orales-se-realicen-el-siguiente-fin-de-semana\/#breadcrumb"},"inLanguage":"es","potentialAction":[{"@type":"ReadAction","target":["https:\/\/www.eldiario.net\/portal\/2024\/04\/14\/proponen-que-calificaciones-orales-se-realicen-el-siguiente-fin-de-semana\/"]}]},{"@type":"ImageObject","inLanguage":"es","@id":"https:\/\/www.eldiario.net\/portal\/2024\/04\/14\/proponen-que-calificaciones-orales-se-realicen-el-siguiente-fin-de-semana\/#primaryimage","url":"https:\/\/www.eldiario.net\/portal\/wp-content\/uploads\/2024\/04\/43-POL.jpeg","contentUrl":"https:\/\/www.eldiario.net\/portal\/wp-content\/uploads\/2024\/04\/43-POL.jpeg","width":720,"height":399,"caption":"La senadora Andrea Barrientos de CC."},{"@type":"BreadcrumbList","@id":"https:\/\/www.eldiario.net\/portal\/2024\/04\/14\/proponen-que-calificaciones-orales-se-realicen-el-siguiente-fin-de-semana\/#breadcrumb","itemListElement":[{"@type":"ListItem","position":1,"name":"Portada","item":"https:\/\/www.eldiario.net\/portal\/"},{"@type":"ListItem","position":2,"name":"Proponen que calificaciones orales se realicen el siguiente fin de semana"}]},{"@type":"WebSite","@id":"https:\/\/www.eldiario.net\/portal\/#website","url":"https:\/\/www.eldiario.net\/portal\/","name":"El Diario - Decano de la prensa nacional","description":"El Diario - Decano de la prensa nacional","publisher":{"@id":"https:\/\/www.eldiario.net\/portal\/#organization"},"potentialAction":[{"@type":"SearchAction","target":{"@type":"EntryPoint","urlTemplate":"https:\/\/www.eldiario.net\/portal\/?s={search_term_string}"},"query-input":{"@type":"PropertyValueSpecification","valueRequired":true,"valueName":"search_term_string"}}],"inLanguage":"es"},{"@type":"Organization","@id":"https:\/\/www.eldiario.net\/portal\/#organization","name":"El Diario - Decano de la prensa nacional","url":"https:\/\/www.eldiario.net\/portal\/","logo":{"@type":"ImageObject","inLanguage":"es","@id":"https:\/\/www.eldiario.net\/portal\/#\/schema\/logo\/image\/","url":"https:\/\/www.eldiario.net\/portal\/wp-content\/uploads\/2023\/07\/logo_ED.jpg","contentUrl":"https:\/\/www.eldiario.net\/portal\/wp-content\/uploads\/2023\/07\/logo_ED.jpg","width":272,"height":52,"caption":"El Diario - Decano de la prensa nacional"},"image":{"@id":"https:\/\/www.eldiario.net\/portal\/#\/schema\/logo\/image\/"},"sameAs":["https:\/\/www.facebook.com\/eldiario.bolivia\/","https:\/\/x.com\/eldiario_net"]},{"@type":"Person","@id":"https:\/\/www.eldiario.net\/portal\/#\/schema\/person\/f46445640444750d7d753ccd04ae01b7","name":"Jeanette","image":{"@type":"ImageObject","inLanguage":"es","@id":"https:\/\/secure.gravatar.com\/avatar\/3ea2118a5f7dad2b7138b1187a6b7ee55f160b9968b66013c3a3ef39dd7e5798?s=96&d=mm&r=g","url":"https:\/\/secure.gravatar.com\/avatar\/3ea2118a5f7dad2b7138b1187a6b7ee55f160b9968b66013c3a3ef39dd7e5798?s=96&d=mm&r=g","contentUrl":"https:\/\/secure.gravatar.com\/avatar\/3ea2118a5f7dad2b7138b1187a6b7ee55f160b9968b66013c3a3ef39dd7e5798?s=96&d=mm&r=g","caption":"Jeanette"},"sameAs":["https:\/\/www.eldiario.net\/portal"],"url":"https:\/\/www.eldiario.net\/portal\/author\/jeanette\/"}]}},"_links":{"self":[{"href":"https:\/\/www.eldiario.net\/portal\/wp-json\/wp\/v2\/posts\/214154","targetHints":{"allow":["GET"]}}],"collection":[{"href":"https:\/\/www.eldiario.net\/portal\/wp-json\/wp\/v2\/posts"}],"about":[{"href":"https:\/\/www.eldiario.net\/portal\/wp-json\/wp\/v2\/types\/post"}],"author":[{"embeddable":true,"href":"https:\/\/www.eldiario.net\/portal\/wp-json\/wp\/v2\/users\/1"}],"replies":[{"embeddable":true,"href":"https:\/\/www.eldiario.net\/portal\/wp-json\/wp\/v2\/comments?post=214154"}],"version-history":[{"count":1,"href":"https:\/\/www.eldiario.net\/portal\/wp-json\/wp\/v2\/posts\/214154\/revisions"}],"predecessor-version":[{"id":214156,"href":"https:\/\/www.eldiario.net\/portal\/wp-json\/wp\/v2\/posts\/214154\/revisions\/214156"}],"wp:featuredmedia":[{"embeddable":true,"href":"https:\/\/www.eldiario.net\/portal\/wp-json\/wp\/v2\/media\/214155"}],"wp:attachment":[{"href":"https:\/\/www.eldiario.net\/portal\/wp-json\/wp\/v2\/media?parent=214154"}],"wp:term":[{"taxonomy":"category","embeddable":true,"href":"https:\/\/www.eldiario.net\/portal\/wp-json\/wp\/v2\/categories?post=214154"},{"taxonomy":"post_tag","embeddable":true,"href":"https:\/\/www.eldiario.net\/portal\/wp-json\/wp\/v2\/tags?post=214154"}],"curies":[{"name":"wp","href":"https:\/\/api.w.org\/{rel}","templated":true}]}}