{"id":214146,"date":"2024-04-14T06:25:23","date_gmt":"2024-04-14T10:25:23","guid":{"rendered":"https:\/\/www.eldiario.net\/portal\/?p=214146"},"modified":"2024-04-14T06:25:23","modified_gmt":"2024-04-14T10:25:23","slug":"se-cumplen-63-anos-desde-que-gagarin-viajo-al-espacio","status":"publish","type":"post","link":"https:\/\/www.eldiario.net\/portal\/2024\/04\/14\/se-cumplen-63-anos-desde-que-gagarin-viajo-al-espacio\/","title":{"rendered":"Se cumplen 63 a\u00f1os desde que Gagarin viaj\u00f3 al espacio"},"content":{"rendered":"<p>Se cumpli\u00f3 63 a\u00f1os desde que el cosmonauta sovi\u00e9tico Yuri Gagarin se convirtiese, en 1961, en el primer humano que viaj\u00f3 al espacio, uno de los hitos de la carrera espacial.<br \/>\nEn conmemoraci\u00f3n de los 108 minutos de sobrevuelo orbital de Gagarin a bordo de la nave Vostok 1, que cambiaron el mundo, se celebra el D\u00eda Mundial de la Aviaci\u00f3n y la Cosmon\u00e1utica.<br \/>\nGagarin fue elegido para esta proeza por el responsable del programa espacial sovi\u00e9tico, Sergu\u00e9i Koroliov, por su experiencia como piloto de caza a reacci\u00f3n. Teniendo en cuenta las caracter\u00edsticas y capacidades de la tecnolog\u00eda espacial, era necesario candidatos espec\u00edficos, profesionales absolutamente sanos y disciplinados, que tuvieran unos 30 a\u00f1os, midieran no m\u00e1s de 1\u201970 metros y pesaran entre 68-70 kilos.<br \/>\nSeg\u00fan RIA Novosti, nueve meses antes del legendario vuelo, los seis mejores pilotos sovi\u00e9ticos se reunieron con Koroliov que les mostr\u00f3 la primera nave espacial y pregunt\u00f3 qui\u00e9n quer\u00eda conocer la cabina, un ofrecimiento al que respondi\u00f3 Gagarin, quit\u00e1ndose los zapatos y subiendo la escotilla.<br \/>\nGagarin era el candidato ideal que finalmente fue aprobado para realizar el primer vuelo del hombre al espacio y cambiar la historia universal. Poco antes del viaje, Gagarin escribi\u00f3 una carta a su mujer, Valentina, sobre su esperado vuelo.<br \/>\nEl primer vuelo se realiz\u00f3 en modo autom\u00e1tico, supon\u00eda que el cosmonauta era pasajero de una nave espacial. Sin embargo, en cualquier momento, pod\u00eda tomar el control manual de la misma.<br \/>\nLos psic\u00f3logos sovi\u00e9ticos no sab\u00edan muy bien c\u00f3mo se comportar\u00eda una persona sometida a una prolongada ingravidez y admit\u00edan que el cosmonauta pod\u00eda perder el control de s\u00ed mismo, pod\u00eda querer conducir la nave de forma manual, por lo que el c\u00f3digo num\u00e9rico para desactivar el modo autom\u00e1tico estaba guardado en un sobre cerrado.<br \/>\nEL CAMINO HACIA EL COHETE Y EL DESPEGUE<br \/>\nEn el camino del cosmonauta hasta el cohete, la gente le ped\u00eda aut\u00f3grafos. Ya sobre la plataforma met\u00e1lica junto a la entrada de la nave, Gagarin levant\u00f3 las dos manos despidi\u00e9ndose de los que se quedaban en la Tierra.<br \/>\nAh\u00ed comenz\u00f3 la aventura sovi\u00e9tica en el espacio. La primera nave espacial tripulada Vostok-1 fue lanzada a las 09.07 horas (hora de Mosc\u00fa) desde el Cosm\u00f3dromo de Baikonur (Kazjst\u00e1n). Los registros de la agencia espacial rusa Roscosmos, aseguran que al oir el ruido de los motores, Gagar\u00edn grit\u00f3: \u201c\u00a1V\u00e1monos!\u201d.<br \/>\nLa nave dio una vuelta a la Tierra y aterriz\u00f3 una hora y 48 minutos m\u00e1s tarde en un pueblo en la regi\u00f3n de Sar\u00e1tov, en el sureste de Rusia. Las se\u00f1ales de radio de la nave espacial sovi\u00e9tica fueron capturadas por los observadores de la estaci\u00f3n radar estadounidense Shemya, situada en las islas Aleutianas.<br \/>\nCinco minutos m\u00e1s tarde, al Pent\u00e1gono se le envi\u00f3 un mensaje cifrado. Al recibirlo, el empleado de turno de noche llam\u00f3 a casa del doctor Jerome Wiesner, asesor de ciencia superior del presidente John F. Kennedy, para informarle de que los rusos hab\u00edan adelantado a los estadounidenses.<br \/>\nEL DESCENSO<br \/>\nDurante el descenso, Gagarin se someti\u00f3 a una sobrecarga entre 8 y 10 veces mayor de la normal, pero estaba preparado para superarla. Lo m\u00e1s complicado fue combatir el estr\u00e9s psicol\u00f3gico ya que la temperatura exterior durante el descenso puede alcanzar los 5.000\u00baC y la cabina empez\u00f3 a crepitar.<br \/>\nA una altitud de 7 kil\u00f3metros, seg\u00fan el plan de vuelo establecido, Gagarin se catapult\u00f3. Yuri corri\u00f3 el peligro de caer con su paraca\u00eddas en el agua helada del r\u00edo Volga. Pero gracias a un buen entrenamiento previo al vuelo, pudo realizar unas maniobras y aterriz\u00f3 a dos kil\u00f3metros del r\u00edo. (Europa Press)<\/p>\n","protected":false},"excerpt":{"rendered":"<p>Se cumpli\u00f3 63 a\u00f1os desde que el cosmonauta sovi\u00e9tico Yuri Gagarin se convirtiese, en 1961, en el primer humano que viaj\u00f3 al espacio, uno de los hitos de la carrera espacial. En conmemoraci\u00f3n de los 108 minutos de sobrevuelo orbital de Gagarin a bordo de la nave Vostok 1, que cambiaron el mundo, se celebra [&hellip;]<\/p>\n","protected":false},"author":1,"featured_media":214147,"comment_status":"open","ping_status":"open","sticky":false,"template":"","format":"standard","meta":{"_acf_changed":false,"footnotes":""},"categories":[3],"tags":[],"class_list":["post-214146","post","type-post","status-publish","format-standard","has-post-thumbnail","category-internacional"],"acf":{"antetitulo":"Fue elegido por el programa espacial sovi\u00e9tico"},"yoast_head":"<!-- This site is optimized with the Yoast SEO plugin v28.3 - https:\/\/yoast.com\/product\/yoast-seo-wordpress\/ -->\n<title>Se cumplen 63 a\u00f1os desde que Gagarin viaj\u00f3 al espacio - El Diario - Bolivia<\/title>\n<meta name=\"robots\" content=\"index, follow, max-snippet:-1, max-image-preview:large, max-video-preview:-1\" \/>\n<link rel=\"canonical\" href=\"https:\/\/www.eldiario.net\/portal\/2024\/04\/14\/se-cumplen-63-anos-desde-que-gagarin-viajo-al-espacio\/\" \/>\n<meta property=\"og:locale\" content=\"es_ES\" \/>\n<meta property=\"og:type\" content=\"article\" \/>\n<meta property=\"og:title\" content=\"Se cumplen 63 a\u00f1os desde que Gagarin viaj\u00f3 al espacio - El Diario - Bolivia\" \/>\n<meta property=\"og:description\" content=\"Se cumpli\u00f3 63 a\u00f1os desde que el cosmonauta sovi\u00e9tico Yuri Gagarin se convirtiese, en 1961, en el primer humano que viaj\u00f3 al espacio, uno de los hitos de la carrera espacial. En conmemoraci\u00f3n de los 108 minutos de sobrevuelo orbital de Gagarin a bordo de la nave Vostok 1, que cambiaron el mundo, se celebra [&hellip;]\" \/>\n<meta property=\"og:url\" content=\"https:\/\/www.eldiario.net\/portal\/2024\/04\/14\/se-cumplen-63-anos-desde-que-gagarin-viajo-al-espacio\/\" \/>\n<meta property=\"og:site_name\" content=\"El Diario - Bolivia\" \/>\n<meta property=\"article:publisher\" content=\"https:\/\/www.facebook.com\/eldiario.bolivia\/\" \/>\n<meta property=\"article:published_time\" content=\"2024-04-14T10:25:23+00:00\" \/>\n<meta property=\"og:image\" content=\"https:\/\/www.eldiario.net\/portal\/wp-content\/uploads\/2024\/04\/YURI.jpg\" \/>\n\t<meta property=\"og:image:width\" content=\"1280\" \/>\n\t<meta property=\"og:image:height\" content=\"720\" \/>\n\t<meta property=\"og:image:type\" content=\"image\/jpeg\" \/>\n<meta name=\"author\" content=\"Jeanette\" \/>\n<meta name=\"twitter:card\" content=\"summary_large_image\" \/>\n<meta name=\"twitter:creator\" content=\"@eldiario_net\" \/>\n<meta name=\"twitter:site\" content=\"@eldiario_net\" \/>\n<meta name=\"twitter:label1\" content=\"Escrito por\" \/>\n\t<meta name=\"twitter:data1\" content=\"Jeanette\" \/>\n\t<meta name=\"twitter:label2\" content=\"Tiempo de lectura\" \/>\n\t<meta name=\"twitter:data2\" content=\"3 minutos\" \/>\n<script type=\"application\/ld+json\" class=\"yoast-schema-graph\">{\"@context\":\"https:\\\/\\\/schema.org\",\"@graph\":[{\"@type\":\"Article\",\"@id\":\"https:\\\/\\\/www.eldiario.net\\\/portal\\\/2024\\\/04\\\/14\\\/se-cumplen-63-anos-desde-que-gagarin-viajo-al-espacio\\\/#article\",\"isPartOf\":{\"@id\":\"https:\\\/\\\/www.eldiario.net\\\/portal\\\/2024\\\/04\\\/14\\\/se-cumplen-63-anos-desde-que-gagarin-viajo-al-espacio\\\/\"},\"author\":{\"name\":\"Jeanette\",\"@id\":\"https:\\\/\\\/www.eldiario.net\\\/portal\\\/#\\\/schema\\\/person\\\/f46445640444750d7d753ccd04ae01b7\"},\"headline\":\"Se cumplen 63 a\u00f1os desde que Gagarin viaj\u00f3 al espacio\",\"datePublished\":\"2024-04-14T10:25:23+00:00\",\"mainEntityOfPage\":{\"@id\":\"https:\\\/\\\/www.eldiario.net\\\/portal\\\/2024\\\/04\\\/14\\\/se-cumplen-63-anos-desde-que-gagarin-viajo-al-espacio\\\/\"},\"wordCount\":654,\"commentCount\":0,\"publisher\":{\"@id\":\"https:\\\/\\\/www.eldiario.net\\\/portal\\\/#organization\"},\"image\":{\"@id\":\"https:\\\/\\\/www.eldiario.net\\\/portal\\\/2024\\\/04\\\/14\\\/se-cumplen-63-anos-desde-que-gagarin-viajo-al-espacio\\\/#primaryimage\"},\"thumbnailUrl\":\"https:\\\/\\\/www.eldiario.net\\\/portal\\\/wp-content\\\/uploads\\\/2024\\\/04\\\/YURI.jpg\",\"articleSection\":[\"Internacional\"],\"inLanguage\":\"es\",\"potentialAction\":[{\"@type\":\"CommentAction\",\"name\":\"Comment\",\"target\":[\"https:\\\/\\\/www.eldiario.net\\\/portal\\\/2024\\\/04\\\/14\\\/se-cumplen-63-anos-desde-que-gagarin-viajo-al-espacio\\\/#respond\"]}]},{\"@type\":\"WebPage\",\"@id\":\"https:\\\/\\\/www.eldiario.net\\\/portal\\\/2024\\\/04\\\/14\\\/se-cumplen-63-anos-desde-que-gagarin-viajo-al-espacio\\\/\",\"url\":\"https:\\\/\\\/www.eldiario.net\\\/portal\\\/2024\\\/04\\\/14\\\/se-cumplen-63-anos-desde-que-gagarin-viajo-al-espacio\\\/\",\"name\":\"Se cumplen 63 a\u00f1os desde que Gagarin viaj\u00f3 al espacio - El Diario - Bolivia\",\"isPartOf\":{\"@id\":\"https:\\\/\\\/www.eldiario.net\\\/portal\\\/#website\"},\"primaryImageOfPage\":{\"@id\":\"https:\\\/\\\/www.eldiario.net\\\/portal\\\/2024\\\/04\\\/14\\\/se-cumplen-63-anos-desde-que-gagarin-viajo-al-espacio\\\/#primaryimage\"},\"image\":{\"@id\":\"https:\\\/\\\/www.eldiario.net\\\/portal\\\/2024\\\/04\\\/14\\\/se-cumplen-63-anos-desde-que-gagarin-viajo-al-espacio\\\/#primaryimage\"},\"thumbnailUrl\":\"https:\\\/\\\/www.eldiario.net\\\/portal\\\/wp-content\\\/uploads\\\/2024\\\/04\\\/YURI.jpg\",\"datePublished\":\"2024-04-14T10:25:23+00:00\",\"breadcrumb\":{\"@id\":\"https:\\\/\\\/www.eldiario.net\\\/portal\\\/2024\\\/04\\\/14\\\/se-cumplen-63-anos-desde-que-gagarin-viajo-al-espacio\\\/#breadcrumb\"},\"inLanguage\":\"es\",\"potentialAction\":[{\"@type\":\"ReadAction\",\"target\":[\"https:\\\/\\\/www.eldiario.net\\\/portal\\\/2024\\\/04\\\/14\\\/se-cumplen-63-anos-desde-que-gagarin-viajo-al-espacio\\\/\"]}]},{\"@type\":\"ImageObject\",\"inLanguage\":\"es\",\"@id\":\"https:\\\/\\\/www.eldiario.net\\\/portal\\\/2024\\\/04\\\/14\\\/se-cumplen-63-anos-desde-que-gagarin-viajo-al-espacio\\\/#primaryimage\",\"url\":\"https:\\\/\\\/www.eldiario.net\\\/portal\\\/wp-content\\\/uploads\\\/2024\\\/04\\\/YURI.jpg\",\"contentUrl\":\"https:\\\/\\\/www.eldiario.net\\\/portal\\\/wp-content\\\/uploads\\\/2024\\\/04\\\/YURI.jpg\",\"width\":1280,\"height\":720,\"caption\":\"YURI GAGARIN FUE EL CANDIDATO IDEAL APROBADO PARA EL PRIMER VUELO. Antena 3\"},{\"@type\":\"BreadcrumbList\",\"@id\":\"https:\\\/\\\/www.eldiario.net\\\/portal\\\/2024\\\/04\\\/14\\\/se-cumplen-63-anos-desde-que-gagarin-viajo-al-espacio\\\/#breadcrumb\",\"itemListElement\":[{\"@type\":\"ListItem\",\"position\":1,\"name\":\"Portada\",\"item\":\"https:\\\/\\\/www.eldiario.net\\\/portal\\\/\"},{\"@type\":\"ListItem\",\"position\":2,\"name\":\"Se cumplen 63 a\u00f1os desde que Gagarin viaj\u00f3 al espacio\"}]},{\"@type\":\"WebSite\",\"@id\":\"https:\\\/\\\/www.eldiario.net\\\/portal\\\/#website\",\"url\":\"https:\\\/\\\/www.eldiario.net\\\/portal\\\/\",\"name\":\"El Diario - Decano de la prensa nacional\",\"description\":\"El Diario - Decano de la prensa nacional\",\"publisher\":{\"@id\":\"https:\\\/\\\/www.eldiario.net\\\/portal\\\/#organization\"},\"potentialAction\":[{\"@type\":\"SearchAction\",\"target\":{\"@type\":\"EntryPoint\",\"urlTemplate\":\"https:\\\/\\\/www.eldiario.net\\\/portal\\\/?s={search_term_string}\"},\"query-input\":{\"@type\":\"PropertyValueSpecification\",\"valueRequired\":true,\"valueName\":\"search_term_string\"}}],\"inLanguage\":\"es\"},{\"@type\":\"Organization\",\"@id\":\"https:\\\/\\\/www.eldiario.net\\\/portal\\\/#organization\",\"name\":\"El Diario - Decano de la prensa nacional\",\"url\":\"https:\\\/\\\/www.eldiario.net\\\/portal\\\/\",\"logo\":{\"@type\":\"ImageObject\",\"inLanguage\":\"es\",\"@id\":\"https:\\\/\\\/www.eldiario.net\\\/portal\\\/#\\\/schema\\\/logo\\\/image\\\/\",\"url\":\"https:\\\/\\\/www.eldiario.net\\\/portal\\\/wp-content\\\/uploads\\\/2023\\\/07\\\/logo_ED.jpg\",\"contentUrl\":\"https:\\\/\\\/www.eldiario.net\\\/portal\\\/wp-content\\\/uploads\\\/2023\\\/07\\\/logo_ED.jpg\",\"width\":272,\"height\":52,\"caption\":\"El Diario - Decano de la prensa nacional\"},\"image\":{\"@id\":\"https:\\\/\\\/www.eldiario.net\\\/portal\\\/#\\\/schema\\\/logo\\\/image\\\/\"},\"sameAs\":[\"https:\\\/\\\/www.facebook.com\\\/eldiario.bolivia\\\/\",\"https:\\\/\\\/x.com\\\/eldiario_net\"]},{\"@type\":\"Person\",\"@id\":\"https:\\\/\\\/www.eldiario.net\\\/portal\\\/#\\\/schema\\\/person\\\/f46445640444750d7d753ccd04ae01b7\",\"name\":\"Jeanette\",\"image\":{\"@type\":\"ImageObject\",\"inLanguage\":\"es\",\"@id\":\"https:\\\/\\\/secure.gravatar.com\\\/avatar\\\/3ea2118a5f7dad2b7138b1187a6b7ee55f160b9968b66013c3a3ef39dd7e5798?s=96&d=mm&r=g\",\"url\":\"https:\\\/\\\/secure.gravatar.com\\\/avatar\\\/3ea2118a5f7dad2b7138b1187a6b7ee55f160b9968b66013c3a3ef39dd7e5798?s=96&d=mm&r=g\",\"contentUrl\":\"https:\\\/\\\/secure.gravatar.com\\\/avatar\\\/3ea2118a5f7dad2b7138b1187a6b7ee55f160b9968b66013c3a3ef39dd7e5798?s=96&d=mm&r=g\",\"caption\":\"Jeanette\"},\"sameAs\":[\"https:\\\/\\\/www.eldiario.net\\\/portal\"],\"url\":\"https:\\\/\\\/www.eldiario.net\\\/portal\\\/author\\\/jeanette\\\/\"}]}<\/script>\n<!-- \/ Yoast SEO plugin. -->","yoast_head_json":{"title":"Se cumplen 63 a\u00f1os desde que Gagarin viaj\u00f3 al espacio - El Diario - Bolivia","robots":{"index":"index","follow":"follow","max-snippet":"max-snippet:-1","max-image-preview":"max-image-preview:large","max-video-preview":"max-video-preview:-1"},"canonical":"https:\/\/www.eldiario.net\/portal\/2024\/04\/14\/se-cumplen-63-anos-desde-que-gagarin-viajo-al-espacio\/","og_locale":"es_ES","og_type":"article","og_title":"Se cumplen 63 a\u00f1os desde que Gagarin viaj\u00f3 al espacio - El Diario - Bolivia","og_description":"Se cumpli\u00f3 63 a\u00f1os desde que el cosmonauta sovi\u00e9tico Yuri Gagarin se convirtiese, en 1961, en el primer humano que viaj\u00f3 al espacio, uno de los hitos de la carrera espacial. En conmemoraci\u00f3n de los 108 minutos de sobrevuelo orbital de Gagarin a bordo de la nave Vostok 1, que cambiaron el mundo, se celebra [&hellip;]","og_url":"https:\/\/www.eldiario.net\/portal\/2024\/04\/14\/se-cumplen-63-anos-desde-que-gagarin-viajo-al-espacio\/","og_site_name":"El Diario - Bolivia","article_publisher":"https:\/\/www.facebook.com\/eldiario.bolivia\/","article_published_time":"2024-04-14T10:25:23+00:00","og_image":[{"width":1280,"height":720,"url":"https:\/\/www.eldiario.net\/portal\/wp-content\/uploads\/2024\/04\/YURI.jpg","type":"image\/jpeg"}],"author":"Jeanette","twitter_card":"summary_large_image","twitter_creator":"@eldiario_net","twitter_site":"@eldiario_net","twitter_misc":{"Escrito por":"Jeanette","Tiempo de lectura":"3 minutos"},"schema":{"@context":"https:\/\/schema.org","@graph":[{"@type":"Article","@id":"https:\/\/www.eldiario.net\/portal\/2024\/04\/14\/se-cumplen-63-anos-desde-que-gagarin-viajo-al-espacio\/#article","isPartOf":{"@id":"https:\/\/www.eldiario.net\/portal\/2024\/04\/14\/se-cumplen-63-anos-desde-que-gagarin-viajo-al-espacio\/"},"author":{"name":"Jeanette","@id":"https:\/\/www.eldiario.net\/portal\/#\/schema\/person\/f46445640444750d7d753ccd04ae01b7"},"headline":"Se cumplen 63 a\u00f1os desde que Gagarin viaj\u00f3 al espacio","datePublished":"2024-04-14T10:25:23+00:00","mainEntityOfPage":{"@id":"https:\/\/www.eldiario.net\/portal\/2024\/04\/14\/se-cumplen-63-anos-desde-que-gagarin-viajo-al-espacio\/"},"wordCount":654,"commentCount":0,"publisher":{"@id":"https:\/\/www.eldiario.net\/portal\/#organization"},"image":{"@id":"https:\/\/www.eldiario.net\/portal\/2024\/04\/14\/se-cumplen-63-anos-desde-que-gagarin-viajo-al-espacio\/#primaryimage"},"thumbnailUrl":"https:\/\/www.eldiario.net\/portal\/wp-content\/uploads\/2024\/04\/YURI.jpg","articleSection":["Internacional"],"inLanguage":"es","potentialAction":[{"@type":"CommentAction","name":"Comment","target":["https:\/\/www.eldiario.net\/portal\/2024\/04\/14\/se-cumplen-63-anos-desde-que-gagarin-viajo-al-espacio\/#respond"]}]},{"@type":"WebPage","@id":"https:\/\/www.eldiario.net\/portal\/2024\/04\/14\/se-cumplen-63-anos-desde-que-gagarin-viajo-al-espacio\/","url":"https:\/\/www.eldiario.net\/portal\/2024\/04\/14\/se-cumplen-63-anos-desde-que-gagarin-viajo-al-espacio\/","name":"Se cumplen 63 a\u00f1os desde que Gagarin viaj\u00f3 al espacio - El Diario - Bolivia","isPartOf":{"@id":"https:\/\/www.eldiario.net\/portal\/#website"},"primaryImageOfPage":{"@id":"https:\/\/www.eldiario.net\/portal\/2024\/04\/14\/se-cumplen-63-anos-desde-que-gagarin-viajo-al-espacio\/#primaryimage"},"image":{"@id":"https:\/\/www.eldiario.net\/portal\/2024\/04\/14\/se-cumplen-63-anos-desde-que-gagarin-viajo-al-espacio\/#primaryimage"},"thumbnailUrl":"https:\/\/www.eldiario.net\/portal\/wp-content\/uploads\/2024\/04\/YURI.jpg","datePublished":"2024-04-14T10:25:23+00:00","breadcrumb":{"@id":"https:\/\/www.eldiario.net\/portal\/2024\/04\/14\/se-cumplen-63-anos-desde-que-gagarin-viajo-al-espacio\/#breadcrumb"},"inLanguage":"es","potentialAction":[{"@type":"ReadAction","target":["https:\/\/www.eldiario.net\/portal\/2024\/04\/14\/se-cumplen-63-anos-desde-que-gagarin-viajo-al-espacio\/"]}]},{"@type":"ImageObject","inLanguage":"es","@id":"https:\/\/www.eldiario.net\/portal\/2024\/04\/14\/se-cumplen-63-anos-desde-que-gagarin-viajo-al-espacio\/#primaryimage","url":"https:\/\/www.eldiario.net\/portal\/wp-content\/uploads\/2024\/04\/YURI.jpg","contentUrl":"https:\/\/www.eldiario.net\/portal\/wp-content\/uploads\/2024\/04\/YURI.jpg","width":1280,"height":720,"caption":"YURI GAGARIN FUE EL CANDIDATO IDEAL APROBADO PARA EL PRIMER VUELO. Antena 3"},{"@type":"BreadcrumbList","@id":"https:\/\/www.eldiario.net\/portal\/2024\/04\/14\/se-cumplen-63-anos-desde-que-gagarin-viajo-al-espacio\/#breadcrumb","itemListElement":[{"@type":"ListItem","position":1,"name":"Portada","item":"https:\/\/www.eldiario.net\/portal\/"},{"@type":"ListItem","position":2,"name":"Se cumplen 63 a\u00f1os desde que Gagarin viaj\u00f3 al espacio"}]},{"@type":"WebSite","@id":"https:\/\/www.eldiario.net\/portal\/#website","url":"https:\/\/www.eldiario.net\/portal\/","name":"El Diario - Decano de la prensa nacional","description":"El Diario - Decano de la prensa nacional","publisher":{"@id":"https:\/\/www.eldiario.net\/portal\/#organization"},"potentialAction":[{"@type":"SearchAction","target":{"@type":"EntryPoint","urlTemplate":"https:\/\/www.eldiario.net\/portal\/?s={search_term_string}"},"query-input":{"@type":"PropertyValueSpecification","valueRequired":true,"valueName":"search_term_string"}}],"inLanguage":"es"},{"@type":"Organization","@id":"https:\/\/www.eldiario.net\/portal\/#organization","name":"El Diario - Decano de la prensa nacional","url":"https:\/\/www.eldiario.net\/portal\/","logo":{"@type":"ImageObject","inLanguage":"es","@id":"https:\/\/www.eldiario.net\/portal\/#\/schema\/logo\/image\/","url":"https:\/\/www.eldiario.net\/portal\/wp-content\/uploads\/2023\/07\/logo_ED.jpg","contentUrl":"https:\/\/www.eldiario.net\/portal\/wp-content\/uploads\/2023\/07\/logo_ED.jpg","width":272,"height":52,"caption":"El Diario - Decano de la prensa nacional"},"image":{"@id":"https:\/\/www.eldiario.net\/portal\/#\/schema\/logo\/image\/"},"sameAs":["https:\/\/www.facebook.com\/eldiario.bolivia\/","https:\/\/x.com\/eldiario_net"]},{"@type":"Person","@id":"https:\/\/www.eldiario.net\/portal\/#\/schema\/person\/f46445640444750d7d753ccd04ae01b7","name":"Jeanette","image":{"@type":"ImageObject","inLanguage":"es","@id":"https:\/\/secure.gravatar.com\/avatar\/3ea2118a5f7dad2b7138b1187a6b7ee55f160b9968b66013c3a3ef39dd7e5798?s=96&d=mm&r=g","url":"https:\/\/secure.gravatar.com\/avatar\/3ea2118a5f7dad2b7138b1187a6b7ee55f160b9968b66013c3a3ef39dd7e5798?s=96&d=mm&r=g","contentUrl":"https:\/\/secure.gravatar.com\/avatar\/3ea2118a5f7dad2b7138b1187a6b7ee55f160b9968b66013c3a3ef39dd7e5798?s=96&d=mm&r=g","caption":"Jeanette"},"sameAs":["https:\/\/www.eldiario.net\/portal"],"url":"https:\/\/www.eldiario.net\/portal\/author\/jeanette\/"}]}},"_links":{"self":[{"href":"https:\/\/www.eldiario.net\/portal\/wp-json\/wp\/v2\/posts\/214146","targetHints":{"allow":["GET"]}}],"collection":[{"href":"https:\/\/www.eldiario.net\/portal\/wp-json\/wp\/v2\/posts"}],"about":[{"href":"https:\/\/www.eldiario.net\/portal\/wp-json\/wp\/v2\/types\/post"}],"author":[{"embeddable":true,"href":"https:\/\/www.eldiario.net\/portal\/wp-json\/wp\/v2\/users\/1"}],"replies":[{"embeddable":true,"href":"https:\/\/www.eldiario.net\/portal\/wp-json\/wp\/v2\/comments?post=214146"}],"version-history":[{"count":1,"href":"https:\/\/www.eldiario.net\/portal\/wp-json\/wp\/v2\/posts\/214146\/revisions"}],"predecessor-version":[{"id":214148,"href":"https:\/\/www.eldiario.net\/portal\/wp-json\/wp\/v2\/posts\/214146\/revisions\/214148"}],"wp:featuredmedia":[{"embeddable":true,"href":"https:\/\/www.eldiario.net\/portal\/wp-json\/wp\/v2\/media\/214147"}],"wp:attachment":[{"href":"https:\/\/www.eldiario.net\/portal\/wp-json\/wp\/v2\/media?parent=214146"}],"wp:term":[{"taxonomy":"category","embeddable":true,"href":"https:\/\/www.eldiario.net\/portal\/wp-json\/wp\/v2\/categories?post=214146"},{"taxonomy":"post_tag","embeddable":true,"href":"https:\/\/www.eldiario.net\/portal\/wp-json\/wp\/v2\/tags?post=214146"}],"curies":[{"name":"wp","href":"https:\/\/api.w.org\/{rel}","templated":true}]}}