{"id":214144,"date":"2024-04-14T06:24:32","date_gmt":"2024-04-14T10:24:32","guid":{"rendered":"https:\/\/www.eldiario.net\/portal\/?p=214144"},"modified":"2024-04-14T06:24:32","modified_gmt":"2024-04-14T10:24:32","slug":"descubren-por-primera-vez-vientos-de-tres-estrellas-similares-al-sol","status":"publish","type":"post","link":"https:\/\/www.eldiario.net\/portal\/2024\/04\/14\/descubren-por-primera-vez-vientos-de-tres-estrellas-similares-al-sol\/","title":{"rendered":"Descubren por primera vez vientos  de tres estrellas similares al Sol"},"content":{"rendered":"<p>Un equipo internacional dirigido por un investigador de la Universidad de Viena detect\u00f3 por primera vez directamente vientos estelares de tres estrellas similares al Sol.<br \/>\nLa observaci\u00f3n se produjo mediante el registro de la emisi\u00f3n de rayos X de sus astrosferas e impuso restricciones a la tasa de p\u00e9rdida de masa de las estrellas a trav\u00e9s de sus vientos estelares.<br \/>\nLas astrosferas, an\u00e1logas estelares de la heliosfera que rodea nuestro sistema solar, son burbujas de plasma muy calientes impulsadas por vientos estelares hacia el medio interestelar, un espacio lleno de gas y polvo.<br \/>\nEl estudio de los vientos estelares de estrellas de baja masa similares al Sol nos permite comprender la evoluci\u00f3n estelar y planetaria y, en \u00faltima instancia, la historia y el futuro de nuestra propia estrella y sistema solar. Los vientos estelares impulsan muchos procesos que evaporan las atm\u00f3sferas planetarias hacia el espacio y, por tanto, conducen a la p\u00e9rdida de masa atmosf\u00e9rica.<br \/>\nAunque las tasas de escape de los planetas durante una hora o incluso un a\u00f1o son peque\u00f1as, operan durante largos per\u00edodos geol\u00f3gicos. Las p\u00e9rdidas se acumulan y pueden ser un factor decisivo para que un planeta evolucione hacia un mundo habitable o una roca sin aire.<br \/>\nA pesar de su importancia para la evoluci\u00f3n tanto de las estrellas como de los planetas, los vientos de las estrellas similares al Sol son muy dif\u00edciles de limitar. Compuestos principalmente de protones y electrones, tambi\u00e9n contienen una peque\u00f1a cantidad de iones m\u00e1s pesados y altamente cargados (por ejemplo, ox\u00edgeno, carbono). Son estos iones los que, al capturar electrones de los neutros del medio interestelar alrededor de la estrella, emiten rayos X.<br \/>\nEl equipo dirigido por Kristina Kislyakova, cient\u00edfica principal del Departamento de Astrof\u00edsica de la Universidad de Viena, detect\u00f3 por primera vez la emisi\u00f3n de rayos X de las astrosferas alrededor de tres estrellas similares al Sol, las llamadas estrellas de secuencia principal, que son estrellas en el mejor momento de su vida y, por lo tanto, registr\u00f3 estos vientos directamente por primera vez, lo que les permite imponer restricciones a la tasa de p\u00e9rdida de masa de las estrellas a trav\u00e9s de sus vientos estelares.<br \/>\nEstos resultados, basados en observaciones realizadas con el telescopio espacial XMM-Newton, se publican actualmente en Nature Astronomy. Los investigadores observaron las huellas espectrales (las llamadas l\u00edneas espectrales) de los iones de ox\u00edgeno con XMM-Newton y pudieron determinar la cantidad de ox\u00edgeno y, en \u00faltima instancia, la masa total del viento estelar emitido por las estrellas. (Europa Press)<\/p>\n<p>Para las tres estrellas con astrosferas detectadas, denominadas 70 Ophiuchi, \u00e9psilon Eridani y 61 Cygni, los investigadores estimaron que sus tasas de p\u00e9rdida de masa eran 66,5 +\/- 11,1, 15,6 +\/- 4,4 y 9,6 +\/- 4,1 veces la tasa de p\u00e9rdida de masa solar, respectivamente. Esto significa<br \/>\nque los vientos de estas estrellas son mucho m\u00e1s fuertes que el viento solar, lo que podr\u00eda explicarse por la mayor actividad magn\u00e9tica de estas estrellas.<br \/>\n\u201cEn el sistema solar, la emisi\u00f3n de intercambio de carga del viento solar se observ\u00f3 desde planetas, cometas y la heliosfera y proporciona un laboratorio natural para estudiar la composici\u00f3n del viento solar\u201d, explica la autora principal del estudio, Kislyakova.<br \/>\n\u201cObservar esta emisi\u00f3n de estrellas distantes es mucho m\u00e1s complicado debido a la debilidad de la se\u00f1al. Adem\u00e1s, la distancia a las estrellas hace que sea muy dif\u00edcil diferenciar la se\u00f1al emitida por la astrosfera de la emisi\u00f3n de rayos X real de la estrella\u201d. propia estrella, parte de la cual se \u201cesparce\u201d sobre el campo de visi\u00f3n del telescopio debido a efectos instrumentales.XXXXXXXXXXXXXX<br \/>\nPIE DE FOTO: FOTO: )<\/p>\n","protected":false},"excerpt":{"rendered":"<p>Un equipo internacional dirigido por un investigador de la Universidad de Viena detect\u00f3 por primera vez directamente vientos estelares de tres estrellas similares al Sol. La observaci\u00f3n se produjo mediante el registro de la emisi\u00f3n de rayos X de sus astrosferas e impuso restricciones a la tasa de p\u00e9rdida de masa de las estrellas a [&hellip;]<\/p>\n","protected":false},"author":1,"featured_media":194703,"comment_status":"open","ping_status":"open","sticky":false,"template":"","format":"standard","meta":{"_acf_changed":false,"footnotes":""},"categories":[3],"tags":[],"class_list":["post-214144","post","type-post","status-publish","format-standard","has-post-thumbnail","category-internacional"],"acf":{"antetitulo":"A trav\u00e9s de la emisi\u00f3n de rayos x"},"yoast_head":"<!-- This site is optimized with the Yoast SEO plugin v28.3 - https:\/\/yoast.com\/product\/yoast-seo-wordpress\/ -->\n<title>Descubren por primera vez vientos de tres estrellas similares al Sol - El Diario - Bolivia<\/title>\n<meta name=\"robots\" content=\"index, follow, max-snippet:-1, max-image-preview:large, max-video-preview:-1\" \/>\n<link rel=\"canonical\" href=\"https:\/\/www.eldiario.net\/portal\/2024\/04\/14\/descubren-por-primera-vez-vientos-de-tres-estrellas-similares-al-sol\/\" \/>\n<meta property=\"og:locale\" content=\"es_ES\" \/>\n<meta property=\"og:type\" content=\"article\" \/>\n<meta property=\"og:title\" content=\"Descubren por primera vez vientos de tres estrellas similares al Sol - El Diario - Bolivia\" \/>\n<meta property=\"og:description\" content=\"Un equipo internacional dirigido por un investigador de la Universidad de Viena detect\u00f3 por primera vez directamente vientos estelares de tres estrellas similares al Sol. La observaci\u00f3n se produjo mediante el registro de la emisi\u00f3n de rayos X de sus astrosferas e impuso restricciones a la tasa de p\u00e9rdida de masa de las estrellas a [&hellip;]\" \/>\n<meta property=\"og:url\" content=\"https:\/\/www.eldiario.net\/portal\/2024\/04\/14\/descubren-por-primera-vez-vientos-de-tres-estrellas-similares-al-sol\/\" \/>\n<meta property=\"og:site_name\" content=\"El Diario - Bolivia\" \/>\n<meta property=\"article:publisher\" content=\"https:\/\/www.facebook.com\/eldiario.bolivia\/\" \/>\n<meta property=\"article:published_time\" content=\"2024-04-14T10:24:32+00:00\" \/>\n<meta property=\"og:image\" content=\"https:\/\/www.eldiario.net\/portal\/wp-content\/uploads\/2023\/12\/Internacional.jpg\" \/>\n\t<meta property=\"og:image:width\" content=\"800\" \/>\n\t<meta property=\"og:image:height\" content=\"500\" \/>\n\t<meta property=\"og:image:type\" content=\"image\/jpeg\" \/>\n<meta name=\"author\" content=\"Jeanette\" \/>\n<meta name=\"twitter:card\" content=\"summary_large_image\" \/>\n<meta name=\"twitter:creator\" content=\"@eldiario_net\" \/>\n<meta name=\"twitter:site\" content=\"@eldiario_net\" \/>\n<meta name=\"twitter:label1\" content=\"Escrito por\" \/>\n\t<meta name=\"twitter:data1\" content=\"Jeanette\" \/>\n\t<meta name=\"twitter:label2\" content=\"Tiempo de lectura\" \/>\n\t<meta name=\"twitter:data2\" content=\"3 minutos\" \/>\n<script type=\"application\/ld+json\" class=\"yoast-schema-graph\">{\"@context\":\"https:\\\/\\\/schema.org\",\"@graph\":[{\"@type\":\"Article\",\"@id\":\"https:\\\/\\\/www.eldiario.net\\\/portal\\\/2024\\\/04\\\/14\\\/descubren-por-primera-vez-vientos-de-tres-estrellas-similares-al-sol\\\/#article\",\"isPartOf\":{\"@id\":\"https:\\\/\\\/www.eldiario.net\\\/portal\\\/2024\\\/04\\\/14\\\/descubren-por-primera-vez-vientos-de-tres-estrellas-similares-al-sol\\\/\"},\"author\":{\"name\":\"Jeanette\",\"@id\":\"https:\\\/\\\/www.eldiario.net\\\/portal\\\/#\\\/schema\\\/person\\\/f46445640444750d7d753ccd04ae01b7\"},\"headline\":\"Descubren por primera vez vientos de tres estrellas similares al Sol\",\"datePublished\":\"2024-04-14T10:24:32+00:00\",\"mainEntityOfPage\":{\"@id\":\"https:\\\/\\\/www.eldiario.net\\\/portal\\\/2024\\\/04\\\/14\\\/descubren-por-primera-vez-vientos-de-tres-estrellas-similares-al-sol\\\/\"},\"wordCount\":643,\"commentCount\":0,\"publisher\":{\"@id\":\"https:\\\/\\\/www.eldiario.net\\\/portal\\\/#organization\"},\"image\":{\"@id\":\"https:\\\/\\\/www.eldiario.net\\\/portal\\\/2024\\\/04\\\/14\\\/descubren-por-primera-vez-vientos-de-tres-estrellas-similares-al-sol\\\/#primaryimage\"},\"thumbnailUrl\":\"https:\\\/\\\/www.eldiario.net\\\/portal\\\/wp-content\\\/uploads\\\/2023\\\/12\\\/Internacional.jpg\",\"articleSection\":[\"Internacional\"],\"inLanguage\":\"es\",\"potentialAction\":[{\"@type\":\"CommentAction\",\"name\":\"Comment\",\"target\":[\"https:\\\/\\\/www.eldiario.net\\\/portal\\\/2024\\\/04\\\/14\\\/descubren-por-primera-vez-vientos-de-tres-estrellas-similares-al-sol\\\/#respond\"]}]},{\"@type\":\"WebPage\",\"@id\":\"https:\\\/\\\/www.eldiario.net\\\/portal\\\/2024\\\/04\\\/14\\\/descubren-por-primera-vez-vientos-de-tres-estrellas-similares-al-sol\\\/\",\"url\":\"https:\\\/\\\/www.eldiario.net\\\/portal\\\/2024\\\/04\\\/14\\\/descubren-por-primera-vez-vientos-de-tres-estrellas-similares-al-sol\\\/\",\"name\":\"Descubren por primera vez vientos de tres estrellas similares al Sol - El Diario - Bolivia\",\"isPartOf\":{\"@id\":\"https:\\\/\\\/www.eldiario.net\\\/portal\\\/#website\"},\"primaryImageOfPage\":{\"@id\":\"https:\\\/\\\/www.eldiario.net\\\/portal\\\/2024\\\/04\\\/14\\\/descubren-por-primera-vez-vientos-de-tres-estrellas-similares-al-sol\\\/#primaryimage\"},\"image\":{\"@id\":\"https:\\\/\\\/www.eldiario.net\\\/portal\\\/2024\\\/04\\\/14\\\/descubren-por-primera-vez-vientos-de-tres-estrellas-similares-al-sol\\\/#primaryimage\"},\"thumbnailUrl\":\"https:\\\/\\\/www.eldiario.net\\\/portal\\\/wp-content\\\/uploads\\\/2023\\\/12\\\/Internacional.jpg\",\"datePublished\":\"2024-04-14T10:24:32+00:00\",\"breadcrumb\":{\"@id\":\"https:\\\/\\\/www.eldiario.net\\\/portal\\\/2024\\\/04\\\/14\\\/descubren-por-primera-vez-vientos-de-tres-estrellas-similares-al-sol\\\/#breadcrumb\"},\"inLanguage\":\"es\",\"potentialAction\":[{\"@type\":\"ReadAction\",\"target\":[\"https:\\\/\\\/www.eldiario.net\\\/portal\\\/2024\\\/04\\\/14\\\/descubren-por-primera-vez-vientos-de-tres-estrellas-similares-al-sol\\\/\"]}]},{\"@type\":\"ImageObject\",\"inLanguage\":\"es\",\"@id\":\"https:\\\/\\\/www.eldiario.net\\\/portal\\\/2024\\\/04\\\/14\\\/descubren-por-primera-vez-vientos-de-tres-estrellas-similares-al-sol\\\/#primaryimage\",\"url\":\"https:\\\/\\\/www.eldiario.net\\\/portal\\\/wp-content\\\/uploads\\\/2023\\\/12\\\/Internacional.jpg\",\"contentUrl\":\"https:\\\/\\\/www.eldiario.net\\\/portal\\\/wp-content\\\/uploads\\\/2023\\\/12\\\/Internacional.jpg\",\"width\":800,\"height\":500},{\"@type\":\"BreadcrumbList\",\"@id\":\"https:\\\/\\\/www.eldiario.net\\\/portal\\\/2024\\\/04\\\/14\\\/descubren-por-primera-vez-vientos-de-tres-estrellas-similares-al-sol\\\/#breadcrumb\",\"itemListElement\":[{\"@type\":\"ListItem\",\"position\":1,\"name\":\"Portada\",\"item\":\"https:\\\/\\\/www.eldiario.net\\\/portal\\\/\"},{\"@type\":\"ListItem\",\"position\":2,\"name\":\"Descubren por primera vez vientos de tres estrellas similares al Sol\"}]},{\"@type\":\"WebSite\",\"@id\":\"https:\\\/\\\/www.eldiario.net\\\/portal\\\/#website\",\"url\":\"https:\\\/\\\/www.eldiario.net\\\/portal\\\/\",\"name\":\"El Diario - Decano de la prensa nacional\",\"description\":\"El Diario - Decano de la prensa nacional\",\"publisher\":{\"@id\":\"https:\\\/\\\/www.eldiario.net\\\/portal\\\/#organization\"},\"potentialAction\":[{\"@type\":\"SearchAction\",\"target\":{\"@type\":\"EntryPoint\",\"urlTemplate\":\"https:\\\/\\\/www.eldiario.net\\\/portal\\\/?s={search_term_string}\"},\"query-input\":{\"@type\":\"PropertyValueSpecification\",\"valueRequired\":true,\"valueName\":\"search_term_string\"}}],\"inLanguage\":\"es\"},{\"@type\":\"Organization\",\"@id\":\"https:\\\/\\\/www.eldiario.net\\\/portal\\\/#organization\",\"name\":\"El Diario - Decano de la prensa nacional\",\"url\":\"https:\\\/\\\/www.eldiario.net\\\/portal\\\/\",\"logo\":{\"@type\":\"ImageObject\",\"inLanguage\":\"es\",\"@id\":\"https:\\\/\\\/www.eldiario.net\\\/portal\\\/#\\\/schema\\\/logo\\\/image\\\/\",\"url\":\"https:\\\/\\\/www.eldiario.net\\\/portal\\\/wp-content\\\/uploads\\\/2023\\\/07\\\/logo_ED.jpg\",\"contentUrl\":\"https:\\\/\\\/www.eldiario.net\\\/portal\\\/wp-content\\\/uploads\\\/2023\\\/07\\\/logo_ED.jpg\",\"width\":272,\"height\":52,\"caption\":\"El Diario - Decano de la prensa nacional\"},\"image\":{\"@id\":\"https:\\\/\\\/www.eldiario.net\\\/portal\\\/#\\\/schema\\\/logo\\\/image\\\/\"},\"sameAs\":[\"https:\\\/\\\/www.facebook.com\\\/eldiario.bolivia\\\/\",\"https:\\\/\\\/x.com\\\/eldiario_net\"]},{\"@type\":\"Person\",\"@id\":\"https:\\\/\\\/www.eldiario.net\\\/portal\\\/#\\\/schema\\\/person\\\/f46445640444750d7d753ccd04ae01b7\",\"name\":\"Jeanette\",\"image\":{\"@type\":\"ImageObject\",\"inLanguage\":\"es\",\"@id\":\"https:\\\/\\\/secure.gravatar.com\\\/avatar\\\/3ea2118a5f7dad2b7138b1187a6b7ee55f160b9968b66013c3a3ef39dd7e5798?s=96&d=mm&r=g\",\"url\":\"https:\\\/\\\/secure.gravatar.com\\\/avatar\\\/3ea2118a5f7dad2b7138b1187a6b7ee55f160b9968b66013c3a3ef39dd7e5798?s=96&d=mm&r=g\",\"contentUrl\":\"https:\\\/\\\/secure.gravatar.com\\\/avatar\\\/3ea2118a5f7dad2b7138b1187a6b7ee55f160b9968b66013c3a3ef39dd7e5798?s=96&d=mm&r=g\",\"caption\":\"Jeanette\"},\"sameAs\":[\"https:\\\/\\\/www.eldiario.net\\\/portal\"],\"url\":\"https:\\\/\\\/www.eldiario.net\\\/portal\\\/author\\\/jeanette\\\/\"}]}<\/script>\n<!-- \/ Yoast SEO plugin. -->","yoast_head_json":{"title":"Descubren por primera vez vientos de tres estrellas similares al Sol - El Diario - Bolivia","robots":{"index":"index","follow":"follow","max-snippet":"max-snippet:-1","max-image-preview":"max-image-preview:large","max-video-preview":"max-video-preview:-1"},"canonical":"https:\/\/www.eldiario.net\/portal\/2024\/04\/14\/descubren-por-primera-vez-vientos-de-tres-estrellas-similares-al-sol\/","og_locale":"es_ES","og_type":"article","og_title":"Descubren por primera vez vientos de tres estrellas similares al Sol - El Diario - Bolivia","og_description":"Un equipo internacional dirigido por un investigador de la Universidad de Viena detect\u00f3 por primera vez directamente vientos estelares de tres estrellas similares al Sol. La observaci\u00f3n se produjo mediante el registro de la emisi\u00f3n de rayos X de sus astrosferas e impuso restricciones a la tasa de p\u00e9rdida de masa de las estrellas a [&hellip;]","og_url":"https:\/\/www.eldiario.net\/portal\/2024\/04\/14\/descubren-por-primera-vez-vientos-de-tres-estrellas-similares-al-sol\/","og_site_name":"El Diario - Bolivia","article_publisher":"https:\/\/www.facebook.com\/eldiario.bolivia\/","article_published_time":"2024-04-14T10:24:32+00:00","og_image":[{"width":800,"height":500,"url":"https:\/\/www.eldiario.net\/portal\/wp-content\/uploads\/2023\/12\/Internacional.jpg","type":"image\/jpeg"}],"author":"Jeanette","twitter_card":"summary_large_image","twitter_creator":"@eldiario_net","twitter_site":"@eldiario_net","twitter_misc":{"Escrito por":"Jeanette","Tiempo de lectura":"3 minutos"},"schema":{"@context":"https:\/\/schema.org","@graph":[{"@type":"Article","@id":"https:\/\/www.eldiario.net\/portal\/2024\/04\/14\/descubren-por-primera-vez-vientos-de-tres-estrellas-similares-al-sol\/#article","isPartOf":{"@id":"https:\/\/www.eldiario.net\/portal\/2024\/04\/14\/descubren-por-primera-vez-vientos-de-tres-estrellas-similares-al-sol\/"},"author":{"name":"Jeanette","@id":"https:\/\/www.eldiario.net\/portal\/#\/schema\/person\/f46445640444750d7d753ccd04ae01b7"},"headline":"Descubren por primera vez vientos de tres estrellas similares al Sol","datePublished":"2024-04-14T10:24:32+00:00","mainEntityOfPage":{"@id":"https:\/\/www.eldiario.net\/portal\/2024\/04\/14\/descubren-por-primera-vez-vientos-de-tres-estrellas-similares-al-sol\/"},"wordCount":643,"commentCount":0,"publisher":{"@id":"https:\/\/www.eldiario.net\/portal\/#organization"},"image":{"@id":"https:\/\/www.eldiario.net\/portal\/2024\/04\/14\/descubren-por-primera-vez-vientos-de-tres-estrellas-similares-al-sol\/#primaryimage"},"thumbnailUrl":"https:\/\/www.eldiario.net\/portal\/wp-content\/uploads\/2023\/12\/Internacional.jpg","articleSection":["Internacional"],"inLanguage":"es","potentialAction":[{"@type":"CommentAction","name":"Comment","target":["https:\/\/www.eldiario.net\/portal\/2024\/04\/14\/descubren-por-primera-vez-vientos-de-tres-estrellas-similares-al-sol\/#respond"]}]},{"@type":"WebPage","@id":"https:\/\/www.eldiario.net\/portal\/2024\/04\/14\/descubren-por-primera-vez-vientos-de-tres-estrellas-similares-al-sol\/","url":"https:\/\/www.eldiario.net\/portal\/2024\/04\/14\/descubren-por-primera-vez-vientos-de-tres-estrellas-similares-al-sol\/","name":"Descubren por primera vez vientos de tres estrellas similares al Sol - El Diario - Bolivia","isPartOf":{"@id":"https:\/\/www.eldiario.net\/portal\/#website"},"primaryImageOfPage":{"@id":"https:\/\/www.eldiario.net\/portal\/2024\/04\/14\/descubren-por-primera-vez-vientos-de-tres-estrellas-similares-al-sol\/#primaryimage"},"image":{"@id":"https:\/\/www.eldiario.net\/portal\/2024\/04\/14\/descubren-por-primera-vez-vientos-de-tres-estrellas-similares-al-sol\/#primaryimage"},"thumbnailUrl":"https:\/\/www.eldiario.net\/portal\/wp-content\/uploads\/2023\/12\/Internacional.jpg","datePublished":"2024-04-14T10:24:32+00:00","breadcrumb":{"@id":"https:\/\/www.eldiario.net\/portal\/2024\/04\/14\/descubren-por-primera-vez-vientos-de-tres-estrellas-similares-al-sol\/#breadcrumb"},"inLanguage":"es","potentialAction":[{"@type":"ReadAction","target":["https:\/\/www.eldiario.net\/portal\/2024\/04\/14\/descubren-por-primera-vez-vientos-de-tres-estrellas-similares-al-sol\/"]}]},{"@type":"ImageObject","inLanguage":"es","@id":"https:\/\/www.eldiario.net\/portal\/2024\/04\/14\/descubren-por-primera-vez-vientos-de-tres-estrellas-similares-al-sol\/#primaryimage","url":"https:\/\/www.eldiario.net\/portal\/wp-content\/uploads\/2023\/12\/Internacional.jpg","contentUrl":"https:\/\/www.eldiario.net\/portal\/wp-content\/uploads\/2023\/12\/Internacional.jpg","width":800,"height":500},{"@type":"BreadcrumbList","@id":"https:\/\/www.eldiario.net\/portal\/2024\/04\/14\/descubren-por-primera-vez-vientos-de-tres-estrellas-similares-al-sol\/#breadcrumb","itemListElement":[{"@type":"ListItem","position":1,"name":"Portada","item":"https:\/\/www.eldiario.net\/portal\/"},{"@type":"ListItem","position":2,"name":"Descubren por primera vez vientos de tres estrellas similares al Sol"}]},{"@type":"WebSite","@id":"https:\/\/www.eldiario.net\/portal\/#website","url":"https:\/\/www.eldiario.net\/portal\/","name":"El Diario - Decano de la prensa nacional","description":"El Diario - Decano de la prensa nacional","publisher":{"@id":"https:\/\/www.eldiario.net\/portal\/#organization"},"potentialAction":[{"@type":"SearchAction","target":{"@type":"EntryPoint","urlTemplate":"https:\/\/www.eldiario.net\/portal\/?s={search_term_string}"},"query-input":{"@type":"PropertyValueSpecification","valueRequired":true,"valueName":"search_term_string"}}],"inLanguage":"es"},{"@type":"Organization","@id":"https:\/\/www.eldiario.net\/portal\/#organization","name":"El Diario - Decano de la prensa nacional","url":"https:\/\/www.eldiario.net\/portal\/","logo":{"@type":"ImageObject","inLanguage":"es","@id":"https:\/\/www.eldiario.net\/portal\/#\/schema\/logo\/image\/","url":"https:\/\/www.eldiario.net\/portal\/wp-content\/uploads\/2023\/07\/logo_ED.jpg","contentUrl":"https:\/\/www.eldiario.net\/portal\/wp-content\/uploads\/2023\/07\/logo_ED.jpg","width":272,"height":52,"caption":"El Diario - Decano de la prensa nacional"},"image":{"@id":"https:\/\/www.eldiario.net\/portal\/#\/schema\/logo\/image\/"},"sameAs":["https:\/\/www.facebook.com\/eldiario.bolivia\/","https:\/\/x.com\/eldiario_net"]},{"@type":"Person","@id":"https:\/\/www.eldiario.net\/portal\/#\/schema\/person\/f46445640444750d7d753ccd04ae01b7","name":"Jeanette","image":{"@type":"ImageObject","inLanguage":"es","@id":"https:\/\/secure.gravatar.com\/avatar\/3ea2118a5f7dad2b7138b1187a6b7ee55f160b9968b66013c3a3ef39dd7e5798?s=96&d=mm&r=g","url":"https:\/\/secure.gravatar.com\/avatar\/3ea2118a5f7dad2b7138b1187a6b7ee55f160b9968b66013c3a3ef39dd7e5798?s=96&d=mm&r=g","contentUrl":"https:\/\/secure.gravatar.com\/avatar\/3ea2118a5f7dad2b7138b1187a6b7ee55f160b9968b66013c3a3ef39dd7e5798?s=96&d=mm&r=g","caption":"Jeanette"},"sameAs":["https:\/\/www.eldiario.net\/portal"],"url":"https:\/\/www.eldiario.net\/portal\/author\/jeanette\/"}]}},"_links":{"self":[{"href":"https:\/\/www.eldiario.net\/portal\/wp-json\/wp\/v2\/posts\/214144","targetHints":{"allow":["GET"]}}],"collection":[{"href":"https:\/\/www.eldiario.net\/portal\/wp-json\/wp\/v2\/posts"}],"about":[{"href":"https:\/\/www.eldiario.net\/portal\/wp-json\/wp\/v2\/types\/post"}],"author":[{"embeddable":true,"href":"https:\/\/www.eldiario.net\/portal\/wp-json\/wp\/v2\/users\/1"}],"replies":[{"embeddable":true,"href":"https:\/\/www.eldiario.net\/portal\/wp-json\/wp\/v2\/comments?post=214144"}],"version-history":[{"count":1,"href":"https:\/\/www.eldiario.net\/portal\/wp-json\/wp\/v2\/posts\/214144\/revisions"}],"predecessor-version":[{"id":214145,"href":"https:\/\/www.eldiario.net\/portal\/wp-json\/wp\/v2\/posts\/214144\/revisions\/214145"}],"wp:featuredmedia":[{"embeddable":true,"href":"https:\/\/www.eldiario.net\/portal\/wp-json\/wp\/v2\/media\/194703"}],"wp:attachment":[{"href":"https:\/\/www.eldiario.net\/portal\/wp-json\/wp\/v2\/media?parent=214144"}],"wp:term":[{"taxonomy":"category","embeddable":true,"href":"https:\/\/www.eldiario.net\/portal\/wp-json\/wp\/v2\/categories?post=214144"},{"taxonomy":"post_tag","embeddable":true,"href":"https:\/\/www.eldiario.net\/portal\/wp-json\/wp\/v2\/tags?post=214144"}],"curies":[{"name":"wp","href":"https:\/\/api.w.org\/{rel}","templated":true}]}}