{"id":214141,"date":"2024-04-14T06:23:17","date_gmt":"2024-04-14T10:23:17","guid":{"rendered":"https:\/\/www.eldiario.net\/portal\/?p=214141"},"modified":"2024-04-14T06:23:17","modified_gmt":"2024-04-14T10:23:17","slug":"aplicaran-mas-de-un-millon-de-vacunas-contra-la-poliomielitis","status":"publish","type":"post","link":"https:\/\/www.eldiario.net\/portal\/2024\/04\/14\/aplicaran-mas-de-un-millon-de-vacunas-contra-la-poliomielitis\/","title":{"rendered":"Aplicar\u00e1n m\u00e1s de un mill\u00f3n de  vacunas contra la poliomielitis"},"content":{"rendered":"<p>Con el objetivo de consolidar la erradicaci\u00f3n de la poliomielitis en Bolivia, el Ministerio de Salud y Deportes y los Servicios Departamentales de Salud (Sedes) aplicar\u00e1n 1.173.255 vacunas, entre primeras y segundas dosis, en la Semana de la Vacunaci\u00f3n de las Am\u00e9ricas (SVA) que se realizar\u00e1 del 23 de abril al 12 de mayo en todo el territorio nacional.<br \/>\n\u201cTenemos ahora como objetivo general en esta campa\u00f1a consolidar la erradicaci\u00f3n de la poliomielitis en Bolivia, por lo cual vamos a priorizar la vacunaci\u00f3n en ni\u00f1os y ni\u00f1as de cinco a ocho a\u00f1os de edad con la vacuna antipoliomiel\u00edtica IPV que tenemos en todos los establecimientos de salud\u201d, inform\u00f3 la ministra del \u00e1rea.<br \/>\nDe acuerdo con la autoridad gubernamental, entre abril y mayo, la meta es proteger a ni\u00f1as y ni\u00f1os de la poliomielitis, aplicando 1.173.255 vacunas, entre primeras y segundas dosis, a los que no hubieran recibido la primera dosis o no hayan completado el esquema de vacunaci\u00f3n entre el 2016 y el 2019.<br \/>\nDebido al alcance de la campa\u00f1a y para conseguir el objetivo, se fortalecer\u00e1 con 394 enfermeras del sistema de salud, que tienen experiencia en el proceso de la vacunaci\u00f3n. Mientras que las dosis estar\u00e1n disponibles en todos los centros de salud del pa\u00eds, los entes gestores, con brigadas en las unidades educativas.<br \/>\nTambi\u00e9n se prev\u00e9 articular acciones con el Ministerio de Educaci\u00f3n, Direcciones Departamentales de Educaci\u00f3n y Direcciones Distritales de Educaci\u00f3n, en el \u00e1mbito p\u00fablico y privado del Sistema de Educaci\u00f3n Regular, Alternativa y de Convenio.<br \/>\nAsimismo, los padres de familia y las juntas escolares tendr\u00e1n un rol primordial para la vacunaci\u00f3n en las unidades educativas con informaci\u00f3n oportuna.<br \/>\n\u201cEl Registro \u00danico de Estudiantes se contrastar\u00e1 con el Registro Nominal de Vacunaci\u00f3n Electr\u00f3nica ( RNVe) como un mecanismo actualizado para poder obtener el carnet de vacunaci\u00f3n digital en todo el territorio nacional\u201d, detall\u00f3 Castro.<br \/>\nEn tanto, con los entes gestores a corto plazo, a trav\u00e9s de la Autoridad de Supervisi\u00f3n de la Seguridad Social de Corto Plazo (Asuss), se actualizar\u00e1n datos para incorporar y trabajar con la poblaci\u00f3n asegurada y no asegurada, y que la vacuna est\u00e9 disponible para todos los bolivianos.<br \/>\nAdem\u00e1s, los programas estatales como el Bono Juana Azurduy, Safci Misalud, Salud Oral y la Unidad de Promoci\u00f3n de Salud, entre otros a nivel nacional, impulsar\u00e1n la vacunaci\u00f3n mediante diferentes estrategias y socializaci\u00f3n de la importancia de la inmunizaci\u00f3n contra la poliomielitis.<br \/>\nDATOS<br \/>\nPara lograr el cometido de la campa\u00f1a, el Gobierno nacional asign\u00f3 un presupuesto de m\u00e1s de Bs 35 millones.<br \/>\nLa Semana de la Vacunaci\u00f3n de las Am\u00e9ricas es una iniciativa regional que cada a\u00f1o promueve la equidad y el acceso a la vacunaci\u00f3n en todos los pa\u00edses de la regi\u00f3n de las Am\u00e9ricas.<br \/>\nM\u00e1s de 40 pa\u00edses y territorios en las Am\u00e9ricas se juntan para crear conciencia sobre la importancia de la inmunizaci\u00f3n para proteger a la ni\u00f1ez contra enfermedades graves prevenibles por vacuna.<br \/>\nMAL<br \/>\nLa poliomielitis o com\u00fanmente llamada polio, es una enfermedad altamente contagiosa, incapacitante y potencialmente mortal causada por el poliovirus, lo que puede infectar la m\u00e9dula \u00f3sea de una persona, causando par\u00e1lisis.<br \/>\nSin embargo, la mayor\u00eda de las personas infectadas no presentan s\u00edntomas y muchas se recuperan sin complicaciones. Algunas experimentan dolor de garganta, fiebre, cansancio, n\u00e1useas, dolor de cabeza o dolor de est\u00f3mago.<br \/>\nEntre cinco a 10 de cada 100 personas infectadas con poliovirus pueden presentar algunos s\u00edntomas similares a los de la gripe y en uno, de cada 200 casos, el virus destruye partes del sistema nervioso, ocasionando la par\u00e1lisis permanente en piernas o brazos.<br \/>\nResulta muy raro que el virus logre da\u00f1ar partes del cerebro que ayudan a respirar, hecho que puede causar la muerte.<br \/>\nDe acuerdo con datos de la Organizaci\u00f3n Panamericana de la Salud (OPS), el \u00faltimo caso positivo de poliomielitis en Bolivia fue registrado en 1989 en el departamento de La Paz. La mejor manera de protegerse y de mantener una regi\u00f3n libre de polio es la protecci\u00f3n contra esta enfermedad mediante la vacuna.<\/p>\n","protected":false},"excerpt":{"rendered":"<p>Con el objetivo de consolidar la erradicaci\u00f3n de la poliomielitis en Bolivia, el Ministerio de Salud y Deportes y los Servicios Departamentales de Salud (Sedes) aplicar\u00e1n 1.173.255 vacunas, entre primeras y segundas dosis, en la Semana de la Vacunaci\u00f3n de las Am\u00e9ricas (SVA) que se realizar\u00e1 del 23 de abril al 12 de mayo en [&hellip;]<\/p>\n","protected":false},"author":1,"featured_media":214142,"comment_status":"open","ping_status":"open","sticky":false,"template":"","format":"standard","meta":{"_acf_changed":false,"footnotes":""},"categories":[12],"tags":[],"class_list":["post-214141","post","type-post","status-publish","format-standard","has-post-thumbnail","category-nacional"],"acf":{"antetitulo":"Semana de la Vacunaci\u00f3n de las Am\u00e9ricas"},"yoast_head":"<!-- This site is optimized with the Yoast SEO plugin v28.3 - https:\/\/yoast.com\/product\/yoast-seo-wordpress\/ -->\n<title>Aplicar\u00e1n m\u00e1s de un mill\u00f3n de vacunas contra la poliomielitis - El Diario - Bolivia<\/title>\n<meta name=\"robots\" content=\"index, follow, max-snippet:-1, max-image-preview:large, max-video-preview:-1\" \/>\n<link rel=\"canonical\" href=\"https:\/\/www.eldiario.net\/portal\/2024\/04\/14\/aplicaran-mas-de-un-millon-de-vacunas-contra-la-poliomielitis\/\" \/>\n<meta property=\"og:locale\" content=\"es_ES\" \/>\n<meta property=\"og:type\" content=\"article\" \/>\n<meta property=\"og:title\" content=\"Aplicar\u00e1n m\u00e1s de un mill\u00f3n de vacunas contra la poliomielitis - El Diario - Bolivia\" \/>\n<meta property=\"og:description\" content=\"Con el objetivo de consolidar la erradicaci\u00f3n de la poliomielitis en Bolivia, el Ministerio de Salud y Deportes y los Servicios Departamentales de Salud (Sedes) aplicar\u00e1n 1.173.255 vacunas, entre primeras y segundas dosis, en la Semana de la Vacunaci\u00f3n de las Am\u00e9ricas (SVA) que se realizar\u00e1 del 23 de abril al 12 de mayo en [&hellip;]\" \/>\n<meta property=\"og:url\" content=\"https:\/\/www.eldiario.net\/portal\/2024\/04\/14\/aplicaran-mas-de-un-millon-de-vacunas-contra-la-poliomielitis\/\" \/>\n<meta property=\"og:site_name\" content=\"El Diario - Bolivia\" \/>\n<meta property=\"article:publisher\" content=\"https:\/\/www.facebook.com\/eldiario.bolivia\/\" \/>\n<meta property=\"article:published_time\" content=\"2024-04-14T10:23:17+00:00\" \/>\n<meta property=\"og:image\" content=\"https:\/\/www.eldiario.net\/portal\/wp-content\/uploads\/2024\/04\/F-1-polio.jpg\" \/>\n\t<meta property=\"og:image:width\" content=\"1440\" \/>\n\t<meta property=\"og:image:height\" content=\"960\" \/>\n\t<meta property=\"og:image:type\" content=\"image\/jpeg\" \/>\n<meta name=\"author\" content=\"Jeanette\" \/>\n<meta name=\"twitter:card\" content=\"summary_large_image\" \/>\n<meta name=\"twitter:creator\" content=\"@eldiario_net\" \/>\n<meta name=\"twitter:site\" content=\"@eldiario_net\" \/>\n<meta name=\"twitter:label1\" content=\"Escrito por\" \/>\n\t<meta name=\"twitter:data1\" content=\"Jeanette\" \/>\n\t<meta name=\"twitter:label2\" content=\"Tiempo de lectura\" \/>\n\t<meta name=\"twitter:data2\" content=\"4 minutos\" \/>\n<script type=\"application\/ld+json\" class=\"yoast-schema-graph\">{\"@context\":\"https:\\\/\\\/schema.org\",\"@graph\":[{\"@type\":\"Article\",\"@id\":\"https:\\\/\\\/www.eldiario.net\\\/portal\\\/2024\\\/04\\\/14\\\/aplicaran-mas-de-un-millon-de-vacunas-contra-la-poliomielitis\\\/#article\",\"isPartOf\":{\"@id\":\"https:\\\/\\\/www.eldiario.net\\\/portal\\\/2024\\\/04\\\/14\\\/aplicaran-mas-de-un-millon-de-vacunas-contra-la-poliomielitis\\\/\"},\"author\":{\"name\":\"Jeanette\",\"@id\":\"https:\\\/\\\/www.eldiario.net\\\/portal\\\/#\\\/schema\\\/person\\\/f46445640444750d7d753ccd04ae01b7\"},\"headline\":\"Aplicar\u00e1n m\u00e1s de un mill\u00f3n de vacunas contra la poliomielitis\",\"datePublished\":\"2024-04-14T10:23:17+00:00\",\"mainEntityOfPage\":{\"@id\":\"https:\\\/\\\/www.eldiario.net\\\/portal\\\/2024\\\/04\\\/14\\\/aplicaran-mas-de-un-millon-de-vacunas-contra-la-poliomielitis\\\/\"},\"wordCount\":729,\"commentCount\":0,\"publisher\":{\"@id\":\"https:\\\/\\\/www.eldiario.net\\\/portal\\\/#organization\"},\"image\":{\"@id\":\"https:\\\/\\\/www.eldiario.net\\\/portal\\\/2024\\\/04\\\/14\\\/aplicaran-mas-de-un-millon-de-vacunas-contra-la-poliomielitis\\\/#primaryimage\"},\"thumbnailUrl\":\"https:\\\/\\\/www.eldiario.net\\\/portal\\\/wp-content\\\/uploads\\\/2024\\\/04\\\/F-1-polio.jpg\",\"articleSection\":[\"Nacional\"],\"inLanguage\":\"es\",\"potentialAction\":[{\"@type\":\"CommentAction\",\"name\":\"Comment\",\"target\":[\"https:\\\/\\\/www.eldiario.net\\\/portal\\\/2024\\\/04\\\/14\\\/aplicaran-mas-de-un-millon-de-vacunas-contra-la-poliomielitis\\\/#respond\"]}]},{\"@type\":\"WebPage\",\"@id\":\"https:\\\/\\\/www.eldiario.net\\\/portal\\\/2024\\\/04\\\/14\\\/aplicaran-mas-de-un-millon-de-vacunas-contra-la-poliomielitis\\\/\",\"url\":\"https:\\\/\\\/www.eldiario.net\\\/portal\\\/2024\\\/04\\\/14\\\/aplicaran-mas-de-un-millon-de-vacunas-contra-la-poliomielitis\\\/\",\"name\":\"Aplicar\u00e1n m\u00e1s de un mill\u00f3n de vacunas contra la poliomielitis - El Diario - Bolivia\",\"isPartOf\":{\"@id\":\"https:\\\/\\\/www.eldiario.net\\\/portal\\\/#website\"},\"primaryImageOfPage\":{\"@id\":\"https:\\\/\\\/www.eldiario.net\\\/portal\\\/2024\\\/04\\\/14\\\/aplicaran-mas-de-un-millon-de-vacunas-contra-la-poliomielitis\\\/#primaryimage\"},\"image\":{\"@id\":\"https:\\\/\\\/www.eldiario.net\\\/portal\\\/2024\\\/04\\\/14\\\/aplicaran-mas-de-un-millon-de-vacunas-contra-la-poliomielitis\\\/#primaryimage\"},\"thumbnailUrl\":\"https:\\\/\\\/www.eldiario.net\\\/portal\\\/wp-content\\\/uploads\\\/2024\\\/04\\\/F-1-polio.jpg\",\"datePublished\":\"2024-04-14T10:23:17+00:00\",\"breadcrumb\":{\"@id\":\"https:\\\/\\\/www.eldiario.net\\\/portal\\\/2024\\\/04\\\/14\\\/aplicaran-mas-de-un-millon-de-vacunas-contra-la-poliomielitis\\\/#breadcrumb\"},\"inLanguage\":\"es\",\"potentialAction\":[{\"@type\":\"ReadAction\",\"target\":[\"https:\\\/\\\/www.eldiario.net\\\/portal\\\/2024\\\/04\\\/14\\\/aplicaran-mas-de-un-millon-de-vacunas-contra-la-poliomielitis\\\/\"]}]},{\"@type\":\"ImageObject\",\"inLanguage\":\"es\",\"@id\":\"https:\\\/\\\/www.eldiario.net\\\/portal\\\/2024\\\/04\\\/14\\\/aplicaran-mas-de-un-millon-de-vacunas-contra-la-poliomielitis\\\/#primaryimage\",\"url\":\"https:\\\/\\\/www.eldiario.net\\\/portal\\\/wp-content\\\/uploads\\\/2024\\\/04\\\/F-1-polio.jpg\",\"contentUrl\":\"https:\\\/\\\/www.eldiario.net\\\/portal\\\/wp-content\\\/uploads\\\/2024\\\/04\\\/F-1-polio.jpg\",\"width\":1440,\"height\":960,\"caption\":\"Instan a participar de la campa\u00f1a que inicia a finales de este mes.\"},{\"@type\":\"BreadcrumbList\",\"@id\":\"https:\\\/\\\/www.eldiario.net\\\/portal\\\/2024\\\/04\\\/14\\\/aplicaran-mas-de-un-millon-de-vacunas-contra-la-poliomielitis\\\/#breadcrumb\",\"itemListElement\":[{\"@type\":\"ListItem\",\"position\":1,\"name\":\"Portada\",\"item\":\"https:\\\/\\\/www.eldiario.net\\\/portal\\\/\"},{\"@type\":\"ListItem\",\"position\":2,\"name\":\"Aplicar\u00e1n m\u00e1s de un mill\u00f3n de vacunas contra la poliomielitis\"}]},{\"@type\":\"WebSite\",\"@id\":\"https:\\\/\\\/www.eldiario.net\\\/portal\\\/#website\",\"url\":\"https:\\\/\\\/www.eldiario.net\\\/portal\\\/\",\"name\":\"El Diario - Decano de la prensa nacional\",\"description\":\"El Diario - Decano de la prensa nacional\",\"publisher\":{\"@id\":\"https:\\\/\\\/www.eldiario.net\\\/portal\\\/#organization\"},\"potentialAction\":[{\"@type\":\"SearchAction\",\"target\":{\"@type\":\"EntryPoint\",\"urlTemplate\":\"https:\\\/\\\/www.eldiario.net\\\/portal\\\/?s={search_term_string}\"},\"query-input\":{\"@type\":\"PropertyValueSpecification\",\"valueRequired\":true,\"valueName\":\"search_term_string\"}}],\"inLanguage\":\"es\"},{\"@type\":\"Organization\",\"@id\":\"https:\\\/\\\/www.eldiario.net\\\/portal\\\/#organization\",\"name\":\"El Diario - Decano de la prensa nacional\",\"url\":\"https:\\\/\\\/www.eldiario.net\\\/portal\\\/\",\"logo\":{\"@type\":\"ImageObject\",\"inLanguage\":\"es\",\"@id\":\"https:\\\/\\\/www.eldiario.net\\\/portal\\\/#\\\/schema\\\/logo\\\/image\\\/\",\"url\":\"https:\\\/\\\/www.eldiario.net\\\/portal\\\/wp-content\\\/uploads\\\/2023\\\/07\\\/logo_ED.jpg\",\"contentUrl\":\"https:\\\/\\\/www.eldiario.net\\\/portal\\\/wp-content\\\/uploads\\\/2023\\\/07\\\/logo_ED.jpg\",\"width\":272,\"height\":52,\"caption\":\"El Diario - Decano de la prensa nacional\"},\"image\":{\"@id\":\"https:\\\/\\\/www.eldiario.net\\\/portal\\\/#\\\/schema\\\/logo\\\/image\\\/\"},\"sameAs\":[\"https:\\\/\\\/www.facebook.com\\\/eldiario.bolivia\\\/\",\"https:\\\/\\\/x.com\\\/eldiario_net\"]},{\"@type\":\"Person\",\"@id\":\"https:\\\/\\\/www.eldiario.net\\\/portal\\\/#\\\/schema\\\/person\\\/f46445640444750d7d753ccd04ae01b7\",\"name\":\"Jeanette\",\"image\":{\"@type\":\"ImageObject\",\"inLanguage\":\"es\",\"@id\":\"https:\\\/\\\/secure.gravatar.com\\\/avatar\\\/3ea2118a5f7dad2b7138b1187a6b7ee55f160b9968b66013c3a3ef39dd7e5798?s=96&d=mm&r=g\",\"url\":\"https:\\\/\\\/secure.gravatar.com\\\/avatar\\\/3ea2118a5f7dad2b7138b1187a6b7ee55f160b9968b66013c3a3ef39dd7e5798?s=96&d=mm&r=g\",\"contentUrl\":\"https:\\\/\\\/secure.gravatar.com\\\/avatar\\\/3ea2118a5f7dad2b7138b1187a6b7ee55f160b9968b66013c3a3ef39dd7e5798?s=96&d=mm&r=g\",\"caption\":\"Jeanette\"},\"sameAs\":[\"https:\\\/\\\/www.eldiario.net\\\/portal\"],\"url\":\"https:\\\/\\\/www.eldiario.net\\\/portal\\\/author\\\/jeanette\\\/\"}]}<\/script>\n<!-- \/ Yoast SEO plugin. -->","yoast_head_json":{"title":"Aplicar\u00e1n m\u00e1s de un mill\u00f3n de vacunas contra la poliomielitis - El Diario - Bolivia","robots":{"index":"index","follow":"follow","max-snippet":"max-snippet:-1","max-image-preview":"max-image-preview:large","max-video-preview":"max-video-preview:-1"},"canonical":"https:\/\/www.eldiario.net\/portal\/2024\/04\/14\/aplicaran-mas-de-un-millon-de-vacunas-contra-la-poliomielitis\/","og_locale":"es_ES","og_type":"article","og_title":"Aplicar\u00e1n m\u00e1s de un mill\u00f3n de vacunas contra la poliomielitis - El Diario - Bolivia","og_description":"Con el objetivo de consolidar la erradicaci\u00f3n de la poliomielitis en Bolivia, el Ministerio de Salud y Deportes y los Servicios Departamentales de Salud (Sedes) aplicar\u00e1n 1.173.255 vacunas, entre primeras y segundas dosis, en la Semana de la Vacunaci\u00f3n de las Am\u00e9ricas (SVA) que se realizar\u00e1 del 23 de abril al 12 de mayo en [&hellip;]","og_url":"https:\/\/www.eldiario.net\/portal\/2024\/04\/14\/aplicaran-mas-de-un-millon-de-vacunas-contra-la-poliomielitis\/","og_site_name":"El Diario - Bolivia","article_publisher":"https:\/\/www.facebook.com\/eldiario.bolivia\/","article_published_time":"2024-04-14T10:23:17+00:00","og_image":[{"width":1440,"height":960,"url":"https:\/\/www.eldiario.net\/portal\/wp-content\/uploads\/2024\/04\/F-1-polio.jpg","type":"image\/jpeg"}],"author":"Jeanette","twitter_card":"summary_large_image","twitter_creator":"@eldiario_net","twitter_site":"@eldiario_net","twitter_misc":{"Escrito por":"Jeanette","Tiempo de lectura":"4 minutos"},"schema":{"@context":"https:\/\/schema.org","@graph":[{"@type":"Article","@id":"https:\/\/www.eldiario.net\/portal\/2024\/04\/14\/aplicaran-mas-de-un-millon-de-vacunas-contra-la-poliomielitis\/#article","isPartOf":{"@id":"https:\/\/www.eldiario.net\/portal\/2024\/04\/14\/aplicaran-mas-de-un-millon-de-vacunas-contra-la-poliomielitis\/"},"author":{"name":"Jeanette","@id":"https:\/\/www.eldiario.net\/portal\/#\/schema\/person\/f46445640444750d7d753ccd04ae01b7"},"headline":"Aplicar\u00e1n m\u00e1s de un mill\u00f3n de vacunas contra la poliomielitis","datePublished":"2024-04-14T10:23:17+00:00","mainEntityOfPage":{"@id":"https:\/\/www.eldiario.net\/portal\/2024\/04\/14\/aplicaran-mas-de-un-millon-de-vacunas-contra-la-poliomielitis\/"},"wordCount":729,"commentCount":0,"publisher":{"@id":"https:\/\/www.eldiario.net\/portal\/#organization"},"image":{"@id":"https:\/\/www.eldiario.net\/portal\/2024\/04\/14\/aplicaran-mas-de-un-millon-de-vacunas-contra-la-poliomielitis\/#primaryimage"},"thumbnailUrl":"https:\/\/www.eldiario.net\/portal\/wp-content\/uploads\/2024\/04\/F-1-polio.jpg","articleSection":["Nacional"],"inLanguage":"es","potentialAction":[{"@type":"CommentAction","name":"Comment","target":["https:\/\/www.eldiario.net\/portal\/2024\/04\/14\/aplicaran-mas-de-un-millon-de-vacunas-contra-la-poliomielitis\/#respond"]}]},{"@type":"WebPage","@id":"https:\/\/www.eldiario.net\/portal\/2024\/04\/14\/aplicaran-mas-de-un-millon-de-vacunas-contra-la-poliomielitis\/","url":"https:\/\/www.eldiario.net\/portal\/2024\/04\/14\/aplicaran-mas-de-un-millon-de-vacunas-contra-la-poliomielitis\/","name":"Aplicar\u00e1n m\u00e1s de un mill\u00f3n de vacunas contra la poliomielitis - El Diario - Bolivia","isPartOf":{"@id":"https:\/\/www.eldiario.net\/portal\/#website"},"primaryImageOfPage":{"@id":"https:\/\/www.eldiario.net\/portal\/2024\/04\/14\/aplicaran-mas-de-un-millon-de-vacunas-contra-la-poliomielitis\/#primaryimage"},"image":{"@id":"https:\/\/www.eldiario.net\/portal\/2024\/04\/14\/aplicaran-mas-de-un-millon-de-vacunas-contra-la-poliomielitis\/#primaryimage"},"thumbnailUrl":"https:\/\/www.eldiario.net\/portal\/wp-content\/uploads\/2024\/04\/F-1-polio.jpg","datePublished":"2024-04-14T10:23:17+00:00","breadcrumb":{"@id":"https:\/\/www.eldiario.net\/portal\/2024\/04\/14\/aplicaran-mas-de-un-millon-de-vacunas-contra-la-poliomielitis\/#breadcrumb"},"inLanguage":"es","potentialAction":[{"@type":"ReadAction","target":["https:\/\/www.eldiario.net\/portal\/2024\/04\/14\/aplicaran-mas-de-un-millon-de-vacunas-contra-la-poliomielitis\/"]}]},{"@type":"ImageObject","inLanguage":"es","@id":"https:\/\/www.eldiario.net\/portal\/2024\/04\/14\/aplicaran-mas-de-un-millon-de-vacunas-contra-la-poliomielitis\/#primaryimage","url":"https:\/\/www.eldiario.net\/portal\/wp-content\/uploads\/2024\/04\/F-1-polio.jpg","contentUrl":"https:\/\/www.eldiario.net\/portal\/wp-content\/uploads\/2024\/04\/F-1-polio.jpg","width":1440,"height":960,"caption":"Instan a participar de la campa\u00f1a que inicia a finales de este mes."},{"@type":"BreadcrumbList","@id":"https:\/\/www.eldiario.net\/portal\/2024\/04\/14\/aplicaran-mas-de-un-millon-de-vacunas-contra-la-poliomielitis\/#breadcrumb","itemListElement":[{"@type":"ListItem","position":1,"name":"Portada","item":"https:\/\/www.eldiario.net\/portal\/"},{"@type":"ListItem","position":2,"name":"Aplicar\u00e1n m\u00e1s de un mill\u00f3n de vacunas contra la poliomielitis"}]},{"@type":"WebSite","@id":"https:\/\/www.eldiario.net\/portal\/#website","url":"https:\/\/www.eldiario.net\/portal\/","name":"El Diario - Decano de la prensa nacional","description":"El Diario - Decano de la prensa nacional","publisher":{"@id":"https:\/\/www.eldiario.net\/portal\/#organization"},"potentialAction":[{"@type":"SearchAction","target":{"@type":"EntryPoint","urlTemplate":"https:\/\/www.eldiario.net\/portal\/?s={search_term_string}"},"query-input":{"@type":"PropertyValueSpecification","valueRequired":true,"valueName":"search_term_string"}}],"inLanguage":"es"},{"@type":"Organization","@id":"https:\/\/www.eldiario.net\/portal\/#organization","name":"El Diario - Decano de la prensa nacional","url":"https:\/\/www.eldiario.net\/portal\/","logo":{"@type":"ImageObject","inLanguage":"es","@id":"https:\/\/www.eldiario.net\/portal\/#\/schema\/logo\/image\/","url":"https:\/\/www.eldiario.net\/portal\/wp-content\/uploads\/2023\/07\/logo_ED.jpg","contentUrl":"https:\/\/www.eldiario.net\/portal\/wp-content\/uploads\/2023\/07\/logo_ED.jpg","width":272,"height":52,"caption":"El Diario - Decano de la prensa nacional"},"image":{"@id":"https:\/\/www.eldiario.net\/portal\/#\/schema\/logo\/image\/"},"sameAs":["https:\/\/www.facebook.com\/eldiario.bolivia\/","https:\/\/x.com\/eldiario_net"]},{"@type":"Person","@id":"https:\/\/www.eldiario.net\/portal\/#\/schema\/person\/f46445640444750d7d753ccd04ae01b7","name":"Jeanette","image":{"@type":"ImageObject","inLanguage":"es","@id":"https:\/\/secure.gravatar.com\/avatar\/3ea2118a5f7dad2b7138b1187a6b7ee55f160b9968b66013c3a3ef39dd7e5798?s=96&d=mm&r=g","url":"https:\/\/secure.gravatar.com\/avatar\/3ea2118a5f7dad2b7138b1187a6b7ee55f160b9968b66013c3a3ef39dd7e5798?s=96&d=mm&r=g","contentUrl":"https:\/\/secure.gravatar.com\/avatar\/3ea2118a5f7dad2b7138b1187a6b7ee55f160b9968b66013c3a3ef39dd7e5798?s=96&d=mm&r=g","caption":"Jeanette"},"sameAs":["https:\/\/www.eldiario.net\/portal"],"url":"https:\/\/www.eldiario.net\/portal\/author\/jeanette\/"}]}},"_links":{"self":[{"href":"https:\/\/www.eldiario.net\/portal\/wp-json\/wp\/v2\/posts\/214141","targetHints":{"allow":["GET"]}}],"collection":[{"href":"https:\/\/www.eldiario.net\/portal\/wp-json\/wp\/v2\/posts"}],"about":[{"href":"https:\/\/www.eldiario.net\/portal\/wp-json\/wp\/v2\/types\/post"}],"author":[{"embeddable":true,"href":"https:\/\/www.eldiario.net\/portal\/wp-json\/wp\/v2\/users\/1"}],"replies":[{"embeddable":true,"href":"https:\/\/www.eldiario.net\/portal\/wp-json\/wp\/v2\/comments?post=214141"}],"version-history":[{"count":1,"href":"https:\/\/www.eldiario.net\/portal\/wp-json\/wp\/v2\/posts\/214141\/revisions"}],"predecessor-version":[{"id":214143,"href":"https:\/\/www.eldiario.net\/portal\/wp-json\/wp\/v2\/posts\/214141\/revisions\/214143"}],"wp:featuredmedia":[{"embeddable":true,"href":"https:\/\/www.eldiario.net\/portal\/wp-json\/wp\/v2\/media\/214142"}],"wp:attachment":[{"href":"https:\/\/www.eldiario.net\/portal\/wp-json\/wp\/v2\/media?parent=214141"}],"wp:term":[{"taxonomy":"category","embeddable":true,"href":"https:\/\/www.eldiario.net\/portal\/wp-json\/wp\/v2\/categories?post=214141"},{"taxonomy":"post_tag","embeddable":true,"href":"https:\/\/www.eldiario.net\/portal\/wp-json\/wp\/v2\/tags?post=214141"}],"curies":[{"name":"wp","href":"https:\/\/api.w.org\/{rel}","templated":true}]}}