{"id":214138,"date":"2024-04-14T06:22:40","date_gmt":"2024-04-14T10:22:40","guid":{"rendered":"https:\/\/www.eldiario.net\/portal\/?p=214138"},"modified":"2024-04-14T06:22:40","modified_gmt":"2024-04-14T10:22:40","slug":"invitan-a-empresas-para-construccion-de-ciclovias","status":"publish","type":"post","link":"https:\/\/www.eldiario.net\/portal\/2024\/04\/14\/invitan-a-empresas-para-construccion-de-ciclovias\/","title":{"rendered":"Invitan a empresas para construcci\u00f3n de ciclov\u00edas"},"content":{"rendered":"<p>Mediante un comunicado, la Secretar\u00eda Municipal de Movilidad y Seguridad Ciudadana convoca a empresas de construcci\u00f3n de obras civiles a presentar sus propuestas para la construcci\u00f3n de la red de ciclov\u00edas en el macrodistrito Sur, proyecto que ser\u00e1 de gran utilidad para que la poblaci\u00f3n pueda contar con un espacio para el manejo de bicicletas, monopatines y patinetas, entre otros.<br \/>\n\u201cEstamos contentos de anunciar que este viernes se ha publicado la invitaci\u00f3n para que las empresas constructoras puedan presentar sus propuestas para la construcci\u00f3n de la ciclov\u00eda en la zona Sur. Esta es una red de ciclo-infraestructura que se va a emplazar en las v\u00edas principales de la zona Sur, como Calacoto, San Miguel y la conexi\u00f3n con el Telef\u00e9rico Verde\u201d, inform\u00f3 la directora de Planificaci\u00f3n Integral de Movilidad de la comuna pace\u00f1a, Tania Rodr\u00edguez.<br \/>\nLas empresas interesadas pueden recabar mayor informaci\u00f3n ingresando al sitio web del Sistema de Contrataciones Estatales (Sicoes) con CUCE Nro. 24-1201-001428726-1-1. El proyecto cuenta con financiamiento de la Uni\u00f3n Europea a trav\u00e9s de la Agencia Francesa de Desarrollo. Las propuestas pueden ser presentadas hasta el 9 de mayo.<br \/>\n\u201cEste es un proyecto innovador, es un hito en la ciudad. Es como una piedra fundamental de la ciclo-infraestructura en la ciudad, porque va a contar con se\u00f1alizaci\u00f3n ciclista horizontal y vertical y vamos a realizar un conjunto de actividades para socializar y capacitar a los usuarios, a los conductores y a la poblaci\u00f3n en general. Estamos hablando de una extensi\u00f3n de siete kil\u00f3metros de infraestructura para los usuarios de bicicletas, monopatines y patinetas, entre otros\u201d, detall\u00f3 Rodr\u00edguez.<br \/>\nDe acuerdo con la funcionaria edil, el proyecto pretende crear una red de ciclo-infraestructura en la ciudad para disminuir la contaminaci\u00f3n ambiental, propiciar espacios para la actividad f\u00edsica, contribuir al medioambiente y generar efectos positivos para la salud, priorizando el uso de estos medios de transporte en lugar de veh\u00edculos motorizados.<br \/>\n\u201cSe trata de construir esta red de ciclo-infraestructura para que los usuarios de bicicletas, monopatines y patinetas puedan hacer uso de la misma y circular de manera segura por las calles. Queremos que la poblaci\u00f3n tenga su lugar en las v\u00edas, en las calzadas y preservar la seguridad de los usuarios; circular tranquilamente porque van a tener un espacio seguro y se\u00f1alizado\u201d, puntualiz\u00f3 la directora.<br \/>\nAdelant\u00f3 que este lunes 15 de abril se realizar\u00e1 una inspecci\u00f3n al lugar para que los proponentes puedan tener un panorama completo del requerimiento y el jueves 18 de abril se realizar\u00e1 una reuni\u00f3n de aclaraci\u00f3n destinada a las empresas interesadas en participar de esta licitaci\u00f3n.<\/p>\n","protected":false},"excerpt":{"rendered":"<p>Mediante un comunicado, la Secretar\u00eda Municipal de Movilidad y Seguridad Ciudadana convoca a empresas de construcci\u00f3n de obras civiles a presentar sus propuestas para la construcci\u00f3n de la red de ciclov\u00edas en el macrodistrito Sur, proyecto que ser\u00e1 de gran utilidad para que la poblaci\u00f3n pueda contar con un espacio para el manejo de bicicletas, [&hellip;]<\/p>\n","protected":false},"author":1,"featured_media":214139,"comment_status":"open","ping_status":"open","sticky":false,"template":"","format":"standard","meta":{"_acf_changed":false,"footnotes":""},"categories":[12],"tags":[],"class_list":["post-214138","post","type-post","status-publish","format-standard","has-post-thumbnail","category-nacional"],"acf":{"antetitulo":""},"yoast_head":"<!-- This site is optimized with the Yoast SEO plugin v28.3 - https:\/\/yoast.com\/product\/yoast-seo-wordpress\/ -->\n<title>Invitan a empresas para construcci\u00f3n de ciclov\u00edas - El Diario - Bolivia<\/title>\n<meta name=\"robots\" content=\"index, follow, max-snippet:-1, max-image-preview:large, max-video-preview:-1\" \/>\n<link rel=\"canonical\" href=\"https:\/\/www.eldiario.net\/portal\/2024\/04\/14\/invitan-a-empresas-para-construccion-de-ciclovias\/\" \/>\n<meta property=\"og:locale\" content=\"es_ES\" \/>\n<meta property=\"og:type\" content=\"article\" \/>\n<meta property=\"og:title\" content=\"Invitan a empresas para construcci\u00f3n de ciclov\u00edas - El Diario - Bolivia\" \/>\n<meta property=\"og:description\" content=\"Mediante un comunicado, la Secretar\u00eda Municipal de Movilidad y Seguridad Ciudadana convoca a empresas de construcci\u00f3n de obras civiles a presentar sus propuestas para la construcci\u00f3n de la red de ciclov\u00edas en el macrodistrito Sur, proyecto que ser\u00e1 de gran utilidad para que la poblaci\u00f3n pueda contar con un espacio para el manejo de bicicletas, [&hellip;]\" \/>\n<meta property=\"og:url\" content=\"https:\/\/www.eldiario.net\/portal\/2024\/04\/14\/invitan-a-empresas-para-construccion-de-ciclovias\/\" \/>\n<meta property=\"og:site_name\" content=\"El Diario - Bolivia\" \/>\n<meta property=\"article:publisher\" content=\"https:\/\/www.facebook.com\/eldiario.bolivia\/\" \/>\n<meta property=\"article:published_time\" content=\"2024-04-14T10:22:40+00:00\" \/>\n<meta property=\"og:image\" content=\"https:\/\/www.eldiario.net\/portal\/wp-content\/uploads\/2024\/04\/F-2-ciclovias.png\" \/>\n\t<meta property=\"og:image:width\" content=\"696\" \/>\n\t<meta property=\"og:image:height\" content=\"464\" \/>\n\t<meta property=\"og:image:type\" content=\"image\/png\" \/>\n<meta name=\"author\" content=\"Jeanette\" \/>\n<meta name=\"twitter:card\" content=\"summary_large_image\" \/>\n<meta name=\"twitter:creator\" content=\"@eldiario_net\" \/>\n<meta name=\"twitter:site\" content=\"@eldiario_net\" \/>\n<meta name=\"twitter:label1\" content=\"Escrito por\" \/>\n\t<meta name=\"twitter:data1\" content=\"Jeanette\" \/>\n\t<meta name=\"twitter:label2\" content=\"Tiempo de lectura\" \/>\n\t<meta name=\"twitter:data2\" content=\"3 minutos\" \/>\n<script type=\"application\/ld+json\" class=\"yoast-schema-graph\">{\"@context\":\"https:\\\/\\\/schema.org\",\"@graph\":[{\"@type\":\"Article\",\"@id\":\"https:\\\/\\\/www.eldiario.net\\\/portal\\\/2024\\\/04\\\/14\\\/invitan-a-empresas-para-construccion-de-ciclovias\\\/#article\",\"isPartOf\":{\"@id\":\"https:\\\/\\\/www.eldiario.net\\\/portal\\\/2024\\\/04\\\/14\\\/invitan-a-empresas-para-construccion-de-ciclovias\\\/\"},\"author\":{\"name\":\"Jeanette\",\"@id\":\"https:\\\/\\\/www.eldiario.net\\\/portal\\\/#\\\/schema\\\/person\\\/f46445640444750d7d753ccd04ae01b7\"},\"headline\":\"Invitan a empresas para construcci\u00f3n de ciclov\u00edas\",\"datePublished\":\"2024-04-14T10:22:40+00:00\",\"mainEntityOfPage\":{\"@id\":\"https:\\\/\\\/www.eldiario.net\\\/portal\\\/2024\\\/04\\\/14\\\/invitan-a-empresas-para-construccion-de-ciclovias\\\/\"},\"wordCount\":465,\"commentCount\":0,\"publisher\":{\"@id\":\"https:\\\/\\\/www.eldiario.net\\\/portal\\\/#organization\"},\"image\":{\"@id\":\"https:\\\/\\\/www.eldiario.net\\\/portal\\\/2024\\\/04\\\/14\\\/invitan-a-empresas-para-construccion-de-ciclovias\\\/#primaryimage\"},\"thumbnailUrl\":\"https:\\\/\\\/www.eldiario.net\\\/portal\\\/wp-content\\\/uploads\\\/2024\\\/04\\\/F-2-ciclovias.png\",\"articleSection\":[\"Nacional\"],\"inLanguage\":\"es\",\"potentialAction\":[{\"@type\":\"CommentAction\",\"name\":\"Comment\",\"target\":[\"https:\\\/\\\/www.eldiario.net\\\/portal\\\/2024\\\/04\\\/14\\\/invitan-a-empresas-para-construccion-de-ciclovias\\\/#respond\"]}]},{\"@type\":\"WebPage\",\"@id\":\"https:\\\/\\\/www.eldiario.net\\\/portal\\\/2024\\\/04\\\/14\\\/invitan-a-empresas-para-construccion-de-ciclovias\\\/\",\"url\":\"https:\\\/\\\/www.eldiario.net\\\/portal\\\/2024\\\/04\\\/14\\\/invitan-a-empresas-para-construccion-de-ciclovias\\\/\",\"name\":\"Invitan a empresas para construcci\u00f3n de ciclov\u00edas - El Diario - Bolivia\",\"isPartOf\":{\"@id\":\"https:\\\/\\\/www.eldiario.net\\\/portal\\\/#website\"},\"primaryImageOfPage\":{\"@id\":\"https:\\\/\\\/www.eldiario.net\\\/portal\\\/2024\\\/04\\\/14\\\/invitan-a-empresas-para-construccion-de-ciclovias\\\/#primaryimage\"},\"image\":{\"@id\":\"https:\\\/\\\/www.eldiario.net\\\/portal\\\/2024\\\/04\\\/14\\\/invitan-a-empresas-para-construccion-de-ciclovias\\\/#primaryimage\"},\"thumbnailUrl\":\"https:\\\/\\\/www.eldiario.net\\\/portal\\\/wp-content\\\/uploads\\\/2024\\\/04\\\/F-2-ciclovias.png\",\"datePublished\":\"2024-04-14T10:22:40+00:00\",\"breadcrumb\":{\"@id\":\"https:\\\/\\\/www.eldiario.net\\\/portal\\\/2024\\\/04\\\/14\\\/invitan-a-empresas-para-construccion-de-ciclovias\\\/#breadcrumb\"},\"inLanguage\":\"es\",\"potentialAction\":[{\"@type\":\"ReadAction\",\"target\":[\"https:\\\/\\\/www.eldiario.net\\\/portal\\\/2024\\\/04\\\/14\\\/invitan-a-empresas-para-construccion-de-ciclovias\\\/\"]}]},{\"@type\":\"ImageObject\",\"inLanguage\":\"es\",\"@id\":\"https:\\\/\\\/www.eldiario.net\\\/portal\\\/2024\\\/04\\\/14\\\/invitan-a-empresas-para-construccion-de-ciclovias\\\/#primaryimage\",\"url\":\"https:\\\/\\\/www.eldiario.net\\\/portal\\\/wp-content\\\/uploads\\\/2024\\\/04\\\/F-2-ciclovias.png\",\"contentUrl\":\"https:\\\/\\\/www.eldiario.net\\\/portal\\\/wp-content\\\/uploads\\\/2024\\\/04\\\/F-2-ciclovias.png\",\"width\":696,\"height\":464,\"caption\":\"Los espacios permitir\u00e1n tener espacios seguros para el manejo de bicicleta.\"},{\"@type\":\"BreadcrumbList\",\"@id\":\"https:\\\/\\\/www.eldiario.net\\\/portal\\\/2024\\\/04\\\/14\\\/invitan-a-empresas-para-construccion-de-ciclovias\\\/#breadcrumb\",\"itemListElement\":[{\"@type\":\"ListItem\",\"position\":1,\"name\":\"Portada\",\"item\":\"https:\\\/\\\/www.eldiario.net\\\/portal\\\/\"},{\"@type\":\"ListItem\",\"position\":2,\"name\":\"Invitan a empresas para construcci\u00f3n de ciclov\u00edas\"}]},{\"@type\":\"WebSite\",\"@id\":\"https:\\\/\\\/www.eldiario.net\\\/portal\\\/#website\",\"url\":\"https:\\\/\\\/www.eldiario.net\\\/portal\\\/\",\"name\":\"El Diario - Decano de la prensa nacional\",\"description\":\"El Diario - Decano de la prensa nacional\",\"publisher\":{\"@id\":\"https:\\\/\\\/www.eldiario.net\\\/portal\\\/#organization\"},\"potentialAction\":[{\"@type\":\"SearchAction\",\"target\":{\"@type\":\"EntryPoint\",\"urlTemplate\":\"https:\\\/\\\/www.eldiario.net\\\/portal\\\/?s={search_term_string}\"},\"query-input\":{\"@type\":\"PropertyValueSpecification\",\"valueRequired\":true,\"valueName\":\"search_term_string\"}}],\"inLanguage\":\"es\"},{\"@type\":\"Organization\",\"@id\":\"https:\\\/\\\/www.eldiario.net\\\/portal\\\/#organization\",\"name\":\"El Diario - Decano de la prensa nacional\",\"url\":\"https:\\\/\\\/www.eldiario.net\\\/portal\\\/\",\"logo\":{\"@type\":\"ImageObject\",\"inLanguage\":\"es\",\"@id\":\"https:\\\/\\\/www.eldiario.net\\\/portal\\\/#\\\/schema\\\/logo\\\/image\\\/\",\"url\":\"https:\\\/\\\/www.eldiario.net\\\/portal\\\/wp-content\\\/uploads\\\/2023\\\/07\\\/logo_ED.jpg\",\"contentUrl\":\"https:\\\/\\\/www.eldiario.net\\\/portal\\\/wp-content\\\/uploads\\\/2023\\\/07\\\/logo_ED.jpg\",\"width\":272,\"height\":52,\"caption\":\"El Diario - Decano de la prensa nacional\"},\"image\":{\"@id\":\"https:\\\/\\\/www.eldiario.net\\\/portal\\\/#\\\/schema\\\/logo\\\/image\\\/\"},\"sameAs\":[\"https:\\\/\\\/www.facebook.com\\\/eldiario.bolivia\\\/\",\"https:\\\/\\\/x.com\\\/eldiario_net\"]},{\"@type\":\"Person\",\"@id\":\"https:\\\/\\\/www.eldiario.net\\\/portal\\\/#\\\/schema\\\/person\\\/f46445640444750d7d753ccd04ae01b7\",\"name\":\"Jeanette\",\"image\":{\"@type\":\"ImageObject\",\"inLanguage\":\"es\",\"@id\":\"https:\\\/\\\/secure.gravatar.com\\\/avatar\\\/3ea2118a5f7dad2b7138b1187a6b7ee55f160b9968b66013c3a3ef39dd7e5798?s=96&d=mm&r=g\",\"url\":\"https:\\\/\\\/secure.gravatar.com\\\/avatar\\\/3ea2118a5f7dad2b7138b1187a6b7ee55f160b9968b66013c3a3ef39dd7e5798?s=96&d=mm&r=g\",\"contentUrl\":\"https:\\\/\\\/secure.gravatar.com\\\/avatar\\\/3ea2118a5f7dad2b7138b1187a6b7ee55f160b9968b66013c3a3ef39dd7e5798?s=96&d=mm&r=g\",\"caption\":\"Jeanette\"},\"sameAs\":[\"https:\\\/\\\/www.eldiario.net\\\/portal\"],\"url\":\"https:\\\/\\\/www.eldiario.net\\\/portal\\\/author\\\/jeanette\\\/\"}]}<\/script>\n<!-- \/ Yoast SEO plugin. -->","yoast_head_json":{"title":"Invitan a empresas para construcci\u00f3n de ciclov\u00edas - El Diario - Bolivia","robots":{"index":"index","follow":"follow","max-snippet":"max-snippet:-1","max-image-preview":"max-image-preview:large","max-video-preview":"max-video-preview:-1"},"canonical":"https:\/\/www.eldiario.net\/portal\/2024\/04\/14\/invitan-a-empresas-para-construccion-de-ciclovias\/","og_locale":"es_ES","og_type":"article","og_title":"Invitan a empresas para construcci\u00f3n de ciclov\u00edas - El Diario - Bolivia","og_description":"Mediante un comunicado, la Secretar\u00eda Municipal de Movilidad y Seguridad Ciudadana convoca a empresas de construcci\u00f3n de obras civiles a presentar sus propuestas para la construcci\u00f3n de la red de ciclov\u00edas en el macrodistrito Sur, proyecto que ser\u00e1 de gran utilidad para que la poblaci\u00f3n pueda contar con un espacio para el manejo de bicicletas, [&hellip;]","og_url":"https:\/\/www.eldiario.net\/portal\/2024\/04\/14\/invitan-a-empresas-para-construccion-de-ciclovias\/","og_site_name":"El Diario - Bolivia","article_publisher":"https:\/\/www.facebook.com\/eldiario.bolivia\/","article_published_time":"2024-04-14T10:22:40+00:00","og_image":[{"width":696,"height":464,"url":"https:\/\/www.eldiario.net\/portal\/wp-content\/uploads\/2024\/04\/F-2-ciclovias.png","type":"image\/png"}],"author":"Jeanette","twitter_card":"summary_large_image","twitter_creator":"@eldiario_net","twitter_site":"@eldiario_net","twitter_misc":{"Escrito por":"Jeanette","Tiempo de lectura":"3 minutos"},"schema":{"@context":"https:\/\/schema.org","@graph":[{"@type":"Article","@id":"https:\/\/www.eldiario.net\/portal\/2024\/04\/14\/invitan-a-empresas-para-construccion-de-ciclovias\/#article","isPartOf":{"@id":"https:\/\/www.eldiario.net\/portal\/2024\/04\/14\/invitan-a-empresas-para-construccion-de-ciclovias\/"},"author":{"name":"Jeanette","@id":"https:\/\/www.eldiario.net\/portal\/#\/schema\/person\/f46445640444750d7d753ccd04ae01b7"},"headline":"Invitan a empresas para construcci\u00f3n de ciclov\u00edas","datePublished":"2024-04-14T10:22:40+00:00","mainEntityOfPage":{"@id":"https:\/\/www.eldiario.net\/portal\/2024\/04\/14\/invitan-a-empresas-para-construccion-de-ciclovias\/"},"wordCount":465,"commentCount":0,"publisher":{"@id":"https:\/\/www.eldiario.net\/portal\/#organization"},"image":{"@id":"https:\/\/www.eldiario.net\/portal\/2024\/04\/14\/invitan-a-empresas-para-construccion-de-ciclovias\/#primaryimage"},"thumbnailUrl":"https:\/\/www.eldiario.net\/portal\/wp-content\/uploads\/2024\/04\/F-2-ciclovias.png","articleSection":["Nacional"],"inLanguage":"es","potentialAction":[{"@type":"CommentAction","name":"Comment","target":["https:\/\/www.eldiario.net\/portal\/2024\/04\/14\/invitan-a-empresas-para-construccion-de-ciclovias\/#respond"]}]},{"@type":"WebPage","@id":"https:\/\/www.eldiario.net\/portal\/2024\/04\/14\/invitan-a-empresas-para-construccion-de-ciclovias\/","url":"https:\/\/www.eldiario.net\/portal\/2024\/04\/14\/invitan-a-empresas-para-construccion-de-ciclovias\/","name":"Invitan a empresas para construcci\u00f3n de ciclov\u00edas - El Diario - Bolivia","isPartOf":{"@id":"https:\/\/www.eldiario.net\/portal\/#website"},"primaryImageOfPage":{"@id":"https:\/\/www.eldiario.net\/portal\/2024\/04\/14\/invitan-a-empresas-para-construccion-de-ciclovias\/#primaryimage"},"image":{"@id":"https:\/\/www.eldiario.net\/portal\/2024\/04\/14\/invitan-a-empresas-para-construccion-de-ciclovias\/#primaryimage"},"thumbnailUrl":"https:\/\/www.eldiario.net\/portal\/wp-content\/uploads\/2024\/04\/F-2-ciclovias.png","datePublished":"2024-04-14T10:22:40+00:00","breadcrumb":{"@id":"https:\/\/www.eldiario.net\/portal\/2024\/04\/14\/invitan-a-empresas-para-construccion-de-ciclovias\/#breadcrumb"},"inLanguage":"es","potentialAction":[{"@type":"ReadAction","target":["https:\/\/www.eldiario.net\/portal\/2024\/04\/14\/invitan-a-empresas-para-construccion-de-ciclovias\/"]}]},{"@type":"ImageObject","inLanguage":"es","@id":"https:\/\/www.eldiario.net\/portal\/2024\/04\/14\/invitan-a-empresas-para-construccion-de-ciclovias\/#primaryimage","url":"https:\/\/www.eldiario.net\/portal\/wp-content\/uploads\/2024\/04\/F-2-ciclovias.png","contentUrl":"https:\/\/www.eldiario.net\/portal\/wp-content\/uploads\/2024\/04\/F-2-ciclovias.png","width":696,"height":464,"caption":"Los espacios permitir\u00e1n tener espacios seguros para el manejo de bicicleta."},{"@type":"BreadcrumbList","@id":"https:\/\/www.eldiario.net\/portal\/2024\/04\/14\/invitan-a-empresas-para-construccion-de-ciclovias\/#breadcrumb","itemListElement":[{"@type":"ListItem","position":1,"name":"Portada","item":"https:\/\/www.eldiario.net\/portal\/"},{"@type":"ListItem","position":2,"name":"Invitan a empresas para construcci\u00f3n de ciclov\u00edas"}]},{"@type":"WebSite","@id":"https:\/\/www.eldiario.net\/portal\/#website","url":"https:\/\/www.eldiario.net\/portal\/","name":"El Diario - Decano de la prensa nacional","description":"El Diario - Decano de la prensa nacional","publisher":{"@id":"https:\/\/www.eldiario.net\/portal\/#organization"},"potentialAction":[{"@type":"SearchAction","target":{"@type":"EntryPoint","urlTemplate":"https:\/\/www.eldiario.net\/portal\/?s={search_term_string}"},"query-input":{"@type":"PropertyValueSpecification","valueRequired":true,"valueName":"search_term_string"}}],"inLanguage":"es"},{"@type":"Organization","@id":"https:\/\/www.eldiario.net\/portal\/#organization","name":"El Diario - Decano de la prensa nacional","url":"https:\/\/www.eldiario.net\/portal\/","logo":{"@type":"ImageObject","inLanguage":"es","@id":"https:\/\/www.eldiario.net\/portal\/#\/schema\/logo\/image\/","url":"https:\/\/www.eldiario.net\/portal\/wp-content\/uploads\/2023\/07\/logo_ED.jpg","contentUrl":"https:\/\/www.eldiario.net\/portal\/wp-content\/uploads\/2023\/07\/logo_ED.jpg","width":272,"height":52,"caption":"El Diario - Decano de la prensa nacional"},"image":{"@id":"https:\/\/www.eldiario.net\/portal\/#\/schema\/logo\/image\/"},"sameAs":["https:\/\/www.facebook.com\/eldiario.bolivia\/","https:\/\/x.com\/eldiario_net"]},{"@type":"Person","@id":"https:\/\/www.eldiario.net\/portal\/#\/schema\/person\/f46445640444750d7d753ccd04ae01b7","name":"Jeanette","image":{"@type":"ImageObject","inLanguage":"es","@id":"https:\/\/secure.gravatar.com\/avatar\/3ea2118a5f7dad2b7138b1187a6b7ee55f160b9968b66013c3a3ef39dd7e5798?s=96&d=mm&r=g","url":"https:\/\/secure.gravatar.com\/avatar\/3ea2118a5f7dad2b7138b1187a6b7ee55f160b9968b66013c3a3ef39dd7e5798?s=96&d=mm&r=g","contentUrl":"https:\/\/secure.gravatar.com\/avatar\/3ea2118a5f7dad2b7138b1187a6b7ee55f160b9968b66013c3a3ef39dd7e5798?s=96&d=mm&r=g","caption":"Jeanette"},"sameAs":["https:\/\/www.eldiario.net\/portal"],"url":"https:\/\/www.eldiario.net\/portal\/author\/jeanette\/"}]}},"_links":{"self":[{"href":"https:\/\/www.eldiario.net\/portal\/wp-json\/wp\/v2\/posts\/214138","targetHints":{"allow":["GET"]}}],"collection":[{"href":"https:\/\/www.eldiario.net\/portal\/wp-json\/wp\/v2\/posts"}],"about":[{"href":"https:\/\/www.eldiario.net\/portal\/wp-json\/wp\/v2\/types\/post"}],"author":[{"embeddable":true,"href":"https:\/\/www.eldiario.net\/portal\/wp-json\/wp\/v2\/users\/1"}],"replies":[{"embeddable":true,"href":"https:\/\/www.eldiario.net\/portal\/wp-json\/wp\/v2\/comments?post=214138"}],"version-history":[{"count":1,"href":"https:\/\/www.eldiario.net\/portal\/wp-json\/wp\/v2\/posts\/214138\/revisions"}],"predecessor-version":[{"id":214140,"href":"https:\/\/www.eldiario.net\/portal\/wp-json\/wp\/v2\/posts\/214138\/revisions\/214140"}],"wp:featuredmedia":[{"embeddable":true,"href":"https:\/\/www.eldiario.net\/portal\/wp-json\/wp\/v2\/media\/214139"}],"wp:attachment":[{"href":"https:\/\/www.eldiario.net\/portal\/wp-json\/wp\/v2\/media?parent=214138"}],"wp:term":[{"taxonomy":"category","embeddable":true,"href":"https:\/\/www.eldiario.net\/portal\/wp-json\/wp\/v2\/categories?post=214138"},{"taxonomy":"post_tag","embeddable":true,"href":"https:\/\/www.eldiario.net\/portal\/wp-json\/wp\/v2\/tags?post=214138"}],"curies":[{"name":"wp","href":"https:\/\/api.w.org\/{rel}","templated":true}]}}