{"id":214132,"date":"2024-04-14T06:21:15","date_gmt":"2024-04-14T10:21:15","guid":{"rendered":"https:\/\/www.eldiario.net\/portal\/?p=214132"},"modified":"2024-04-14T06:21:15","modified_gmt":"2024-04-14T10:21:15","slug":"reforestan-espacios-en-sector-san-antonio","status":"publish","type":"post","link":"https:\/\/www.eldiario.net\/portal\/2024\/04\/14\/reforestan-espacios-en-sector-san-antonio\/","title":{"rendered":"Reforestan espacios  en sector San Antonio"},"content":{"rendered":"<p>Con la participaci\u00f3n de los \u201cVoluntarios por el Bien Com\u00fan\u201d y la Polic\u00eda Boliviana, ayer se realiz\u00f3 una jornada de reforestaci\u00f3n en la zona IV Centenario del macrodistrito San Antonio, no solo para cuidar el medioambiente, sino para estabilizar los suelos.<br \/>\nLa actividad tambi\u00e9n cont\u00f3 con el apoyo de integrantes del Sindicato de Colectiveros y Microbuses, Trufis y Taxis San Crist\u00f3bal, la Asociaci\u00f3n Municipal de Karate y la agrupaci\u00f3n musical Nueva Generaci\u00f3n, como parte de un programa festivo preparado por la Subalcald\u00eda San Antonio.<br \/>\n\u201cGracias voluntarios por poner \u00e1rboles, por plantar la ciudad, much\u00edsimas gracias compa\u00f1eros, y tambi\u00e9n la presencia en masivo del Sindicato de Colectiveros y Microbuses, Trufis y Taxis San Crist\u00f3bal, un aplauso para ellos que siempre nos est\u00e1n apoyando, que siempre est\u00e1n prestando un servicio. Tambi\u00e9n un aplauso para la Asociaci\u00f3n Municipal de Karate (\u2026) y aqu\u00ed hay el conjunto Nueva Generaci\u00f3n, que van a tocar m\u00fasica nacional, as\u00ed que a divertirnos\u201d, expres\u00f3 el alcalde pace\u00f1o, Iv\u00e1n Arias, durante el acto especial.<br \/>\nLa subalcaldesa de San Antonio, Gabriela Godoy, explic\u00f3 que esta actividad es realizada con el prop\u00f3sito de cuidar el medioambiente y tambi\u00e9n para conmemorar el D\u00eda de la Ni\u00f1ez Boliviana.<br \/>\n\u201cLes doy la bienvenida a esta ma\u00f1ana tan bonita, no solamente por la reforestaci\u00f3n de la zona de IV Centenario, sino tambi\u00e9n festejando el d\u00eda de nuestros peque\u00f1os, de nuestros queridos ni\u00f1os. Agradecer tambi\u00e9n a las diferentes secretar\u00edas que nos han coadyuvado para esta bonita actividad, lo propio a la Polic\u00eda Nacional, a trav\u00e9s de la EPI (Estaci\u00f3n Policial Integral) San Antonio y la Escuela de Canes\u201d, manifest\u00f3 la autoridad territorial.<\/p>\n","protected":false},"excerpt":{"rendered":"<p>Con la participaci\u00f3n de los \u201cVoluntarios por el Bien Com\u00fan\u201d y la Polic\u00eda Boliviana, ayer se realiz\u00f3 una jornada de reforestaci\u00f3n en la zona IV Centenario del macrodistrito San Antonio, no solo para cuidar el medioambiente, sino para estabilizar los suelos. La actividad tambi\u00e9n cont\u00f3 con el apoyo de integrantes del Sindicato de Colectiveros y [&hellip;]<\/p>\n","protected":false},"author":1,"featured_media":214133,"comment_status":"open","ping_status":"open","sticky":false,"template":"","format":"standard","meta":{"_acf_changed":false,"footnotes":""},"categories":[12],"tags":[],"class_list":["post-214132","post","type-post","status-publish","format-standard","has-post-thumbnail","category-nacional"],"acf":{"antetitulo":""},"yoast_head":"<!-- This site is optimized with the Yoast SEO plugin v28.3 - https:\/\/yoast.com\/product\/yoast-seo-wordpress\/ -->\n<title>Reforestan espacios en sector San Antonio - El Diario - Bolivia<\/title>\n<meta name=\"robots\" content=\"index, follow, max-snippet:-1, max-image-preview:large, max-video-preview:-1\" \/>\n<link rel=\"canonical\" href=\"https:\/\/www.eldiario.net\/portal\/2024\/04\/14\/reforestan-espacios-en-sector-san-antonio\/\" \/>\n<meta property=\"og:locale\" content=\"es_ES\" \/>\n<meta property=\"og:type\" content=\"article\" \/>\n<meta property=\"og:title\" content=\"Reforestan espacios en sector San Antonio - El Diario - Bolivia\" \/>\n<meta property=\"og:description\" content=\"Con la participaci\u00f3n de los \u201cVoluntarios por el Bien Com\u00fan\u201d y la Polic\u00eda Boliviana, ayer se realiz\u00f3 una jornada de reforestaci\u00f3n en la zona IV Centenario del macrodistrito San Antonio, no solo para cuidar el medioambiente, sino para estabilizar los suelos. La actividad tambi\u00e9n cont\u00f3 con el apoyo de integrantes del Sindicato de Colectiveros y [&hellip;]\" \/>\n<meta property=\"og:url\" content=\"https:\/\/www.eldiario.net\/portal\/2024\/04\/14\/reforestan-espacios-en-sector-san-antonio\/\" \/>\n<meta property=\"og:site_name\" content=\"El Diario - Bolivia\" \/>\n<meta property=\"article:publisher\" content=\"https:\/\/www.facebook.com\/eldiario.bolivia\/\" \/>\n<meta property=\"article:published_time\" content=\"2024-04-14T10:21:15+00:00\" \/>\n<meta property=\"og:image\" content=\"https:\/\/www.eldiario.net\/portal\/wp-content\/uploads\/2024\/04\/F-4-reforestacion.jpg\" \/>\n\t<meta property=\"og:image:width\" content=\"1124\" \/>\n\t<meta property=\"og:image:height\" content=\"750\" \/>\n\t<meta property=\"og:image:type\" content=\"image\/jpeg\" \/>\n<meta name=\"author\" content=\"Jeanette\" \/>\n<meta name=\"twitter:card\" content=\"summary_large_image\" \/>\n<meta name=\"twitter:creator\" content=\"@eldiario_net\" \/>\n<meta name=\"twitter:site\" content=\"@eldiario_net\" \/>\n<meta name=\"twitter:label1\" content=\"Escrito por\" \/>\n\t<meta name=\"twitter:data1\" content=\"Jeanette\" \/>\n\t<meta name=\"twitter:label2\" content=\"Tiempo de lectura\" \/>\n\t<meta name=\"twitter:data2\" content=\"2 minutos\" \/>\n<script type=\"application\/ld+json\" class=\"yoast-schema-graph\">{\"@context\":\"https:\\\/\\\/schema.org\",\"@graph\":[{\"@type\":\"Article\",\"@id\":\"https:\\\/\\\/www.eldiario.net\\\/portal\\\/2024\\\/04\\\/14\\\/reforestan-espacios-en-sector-san-antonio\\\/#article\",\"isPartOf\":{\"@id\":\"https:\\\/\\\/www.eldiario.net\\\/portal\\\/2024\\\/04\\\/14\\\/reforestan-espacios-en-sector-san-antonio\\\/\"},\"author\":{\"name\":\"Jeanette\",\"@id\":\"https:\\\/\\\/www.eldiario.net\\\/portal\\\/#\\\/schema\\\/person\\\/f46445640444750d7d753ccd04ae01b7\"},\"headline\":\"Reforestan espacios en sector San Antonio\",\"datePublished\":\"2024-04-14T10:21:15+00:00\",\"mainEntityOfPage\":{\"@id\":\"https:\\\/\\\/www.eldiario.net\\\/portal\\\/2024\\\/04\\\/14\\\/reforestan-espacios-en-sector-san-antonio\\\/\"},\"wordCount\":308,\"commentCount\":0,\"publisher\":{\"@id\":\"https:\\\/\\\/www.eldiario.net\\\/portal\\\/#organization\"},\"image\":{\"@id\":\"https:\\\/\\\/www.eldiario.net\\\/portal\\\/2024\\\/04\\\/14\\\/reforestan-espacios-en-sector-san-antonio\\\/#primaryimage\"},\"thumbnailUrl\":\"https:\\\/\\\/www.eldiario.net\\\/portal\\\/wp-content\\\/uploads\\\/2024\\\/04\\\/F-4-reforestacion.jpg\",\"articleSection\":[\"Nacional\"],\"inLanguage\":\"es\",\"potentialAction\":[{\"@type\":\"CommentAction\",\"name\":\"Comment\",\"target\":[\"https:\\\/\\\/www.eldiario.net\\\/portal\\\/2024\\\/04\\\/14\\\/reforestan-espacios-en-sector-san-antonio\\\/#respond\"]}]},{\"@type\":\"WebPage\",\"@id\":\"https:\\\/\\\/www.eldiario.net\\\/portal\\\/2024\\\/04\\\/14\\\/reforestan-espacios-en-sector-san-antonio\\\/\",\"url\":\"https:\\\/\\\/www.eldiario.net\\\/portal\\\/2024\\\/04\\\/14\\\/reforestan-espacios-en-sector-san-antonio\\\/\",\"name\":\"Reforestan espacios en sector San Antonio - El Diario - Bolivia\",\"isPartOf\":{\"@id\":\"https:\\\/\\\/www.eldiario.net\\\/portal\\\/#website\"},\"primaryImageOfPage\":{\"@id\":\"https:\\\/\\\/www.eldiario.net\\\/portal\\\/2024\\\/04\\\/14\\\/reforestan-espacios-en-sector-san-antonio\\\/#primaryimage\"},\"image\":{\"@id\":\"https:\\\/\\\/www.eldiario.net\\\/portal\\\/2024\\\/04\\\/14\\\/reforestan-espacios-en-sector-san-antonio\\\/#primaryimage\"},\"thumbnailUrl\":\"https:\\\/\\\/www.eldiario.net\\\/portal\\\/wp-content\\\/uploads\\\/2024\\\/04\\\/F-4-reforestacion.jpg\",\"datePublished\":\"2024-04-14T10:21:15+00:00\",\"breadcrumb\":{\"@id\":\"https:\\\/\\\/www.eldiario.net\\\/portal\\\/2024\\\/04\\\/14\\\/reforestan-espacios-en-sector-san-antonio\\\/#breadcrumb\"},\"inLanguage\":\"es\",\"potentialAction\":[{\"@type\":\"ReadAction\",\"target\":[\"https:\\\/\\\/www.eldiario.net\\\/portal\\\/2024\\\/04\\\/14\\\/reforestan-espacios-en-sector-san-antonio\\\/\"]}]},{\"@type\":\"ImageObject\",\"inLanguage\":\"es\",\"@id\":\"https:\\\/\\\/www.eldiario.net\\\/portal\\\/2024\\\/04\\\/14\\\/reforestan-espacios-en-sector-san-antonio\\\/#primaryimage\",\"url\":\"https:\\\/\\\/www.eldiario.net\\\/portal\\\/wp-content\\\/uploads\\\/2024\\\/04\\\/F-4-reforestacion.jpg\",\"contentUrl\":\"https:\\\/\\\/www.eldiario.net\\\/portal\\\/wp-content\\\/uploads\\\/2024\\\/04\\\/F-4-reforestacion.jpg\",\"width\":1124,\"height\":750},{\"@type\":\"BreadcrumbList\",\"@id\":\"https:\\\/\\\/www.eldiario.net\\\/portal\\\/2024\\\/04\\\/14\\\/reforestan-espacios-en-sector-san-antonio\\\/#breadcrumb\",\"itemListElement\":[{\"@type\":\"ListItem\",\"position\":1,\"name\":\"Portada\",\"item\":\"https:\\\/\\\/www.eldiario.net\\\/portal\\\/\"},{\"@type\":\"ListItem\",\"position\":2,\"name\":\"Reforestan espacios en sector San Antonio\"}]},{\"@type\":\"WebSite\",\"@id\":\"https:\\\/\\\/www.eldiario.net\\\/portal\\\/#website\",\"url\":\"https:\\\/\\\/www.eldiario.net\\\/portal\\\/\",\"name\":\"El Diario - Decano de la prensa nacional\",\"description\":\"El Diario - Decano de la prensa nacional\",\"publisher\":{\"@id\":\"https:\\\/\\\/www.eldiario.net\\\/portal\\\/#organization\"},\"potentialAction\":[{\"@type\":\"SearchAction\",\"target\":{\"@type\":\"EntryPoint\",\"urlTemplate\":\"https:\\\/\\\/www.eldiario.net\\\/portal\\\/?s={search_term_string}\"},\"query-input\":{\"@type\":\"PropertyValueSpecification\",\"valueRequired\":true,\"valueName\":\"search_term_string\"}}],\"inLanguage\":\"es\"},{\"@type\":\"Organization\",\"@id\":\"https:\\\/\\\/www.eldiario.net\\\/portal\\\/#organization\",\"name\":\"El Diario - Decano de la prensa nacional\",\"url\":\"https:\\\/\\\/www.eldiario.net\\\/portal\\\/\",\"logo\":{\"@type\":\"ImageObject\",\"inLanguage\":\"es\",\"@id\":\"https:\\\/\\\/www.eldiario.net\\\/portal\\\/#\\\/schema\\\/logo\\\/image\\\/\",\"url\":\"https:\\\/\\\/www.eldiario.net\\\/portal\\\/wp-content\\\/uploads\\\/2023\\\/07\\\/logo_ED.jpg\",\"contentUrl\":\"https:\\\/\\\/www.eldiario.net\\\/portal\\\/wp-content\\\/uploads\\\/2023\\\/07\\\/logo_ED.jpg\",\"width\":272,\"height\":52,\"caption\":\"El Diario - Decano de la prensa nacional\"},\"image\":{\"@id\":\"https:\\\/\\\/www.eldiario.net\\\/portal\\\/#\\\/schema\\\/logo\\\/image\\\/\"},\"sameAs\":[\"https:\\\/\\\/www.facebook.com\\\/eldiario.bolivia\\\/\",\"https:\\\/\\\/x.com\\\/eldiario_net\"]},{\"@type\":\"Person\",\"@id\":\"https:\\\/\\\/www.eldiario.net\\\/portal\\\/#\\\/schema\\\/person\\\/f46445640444750d7d753ccd04ae01b7\",\"name\":\"Jeanette\",\"image\":{\"@type\":\"ImageObject\",\"inLanguage\":\"es\",\"@id\":\"https:\\\/\\\/secure.gravatar.com\\\/avatar\\\/3ea2118a5f7dad2b7138b1187a6b7ee55f160b9968b66013c3a3ef39dd7e5798?s=96&d=mm&r=g\",\"url\":\"https:\\\/\\\/secure.gravatar.com\\\/avatar\\\/3ea2118a5f7dad2b7138b1187a6b7ee55f160b9968b66013c3a3ef39dd7e5798?s=96&d=mm&r=g\",\"contentUrl\":\"https:\\\/\\\/secure.gravatar.com\\\/avatar\\\/3ea2118a5f7dad2b7138b1187a6b7ee55f160b9968b66013c3a3ef39dd7e5798?s=96&d=mm&r=g\",\"caption\":\"Jeanette\"},\"sameAs\":[\"https:\\\/\\\/www.eldiario.net\\\/portal\"],\"url\":\"https:\\\/\\\/www.eldiario.net\\\/portal\\\/author\\\/jeanette\\\/\"}]}<\/script>\n<!-- \/ Yoast SEO plugin. -->","yoast_head_json":{"title":"Reforestan espacios en sector San Antonio - El Diario - Bolivia","robots":{"index":"index","follow":"follow","max-snippet":"max-snippet:-1","max-image-preview":"max-image-preview:large","max-video-preview":"max-video-preview:-1"},"canonical":"https:\/\/www.eldiario.net\/portal\/2024\/04\/14\/reforestan-espacios-en-sector-san-antonio\/","og_locale":"es_ES","og_type":"article","og_title":"Reforestan espacios en sector San Antonio - El Diario - Bolivia","og_description":"Con la participaci\u00f3n de los \u201cVoluntarios por el Bien Com\u00fan\u201d y la Polic\u00eda Boliviana, ayer se realiz\u00f3 una jornada de reforestaci\u00f3n en la zona IV Centenario del macrodistrito San Antonio, no solo para cuidar el medioambiente, sino para estabilizar los suelos. La actividad tambi\u00e9n cont\u00f3 con el apoyo de integrantes del Sindicato de Colectiveros y [&hellip;]","og_url":"https:\/\/www.eldiario.net\/portal\/2024\/04\/14\/reforestan-espacios-en-sector-san-antonio\/","og_site_name":"El Diario - Bolivia","article_publisher":"https:\/\/www.facebook.com\/eldiario.bolivia\/","article_published_time":"2024-04-14T10:21:15+00:00","og_image":[{"width":1124,"height":750,"url":"https:\/\/www.eldiario.net\/portal\/wp-content\/uploads\/2024\/04\/F-4-reforestacion.jpg","type":"image\/jpeg"}],"author":"Jeanette","twitter_card":"summary_large_image","twitter_creator":"@eldiario_net","twitter_site":"@eldiario_net","twitter_misc":{"Escrito por":"Jeanette","Tiempo de lectura":"2 minutos"},"schema":{"@context":"https:\/\/schema.org","@graph":[{"@type":"Article","@id":"https:\/\/www.eldiario.net\/portal\/2024\/04\/14\/reforestan-espacios-en-sector-san-antonio\/#article","isPartOf":{"@id":"https:\/\/www.eldiario.net\/portal\/2024\/04\/14\/reforestan-espacios-en-sector-san-antonio\/"},"author":{"name":"Jeanette","@id":"https:\/\/www.eldiario.net\/portal\/#\/schema\/person\/f46445640444750d7d753ccd04ae01b7"},"headline":"Reforestan espacios en sector San Antonio","datePublished":"2024-04-14T10:21:15+00:00","mainEntityOfPage":{"@id":"https:\/\/www.eldiario.net\/portal\/2024\/04\/14\/reforestan-espacios-en-sector-san-antonio\/"},"wordCount":308,"commentCount":0,"publisher":{"@id":"https:\/\/www.eldiario.net\/portal\/#organization"},"image":{"@id":"https:\/\/www.eldiario.net\/portal\/2024\/04\/14\/reforestan-espacios-en-sector-san-antonio\/#primaryimage"},"thumbnailUrl":"https:\/\/www.eldiario.net\/portal\/wp-content\/uploads\/2024\/04\/F-4-reforestacion.jpg","articleSection":["Nacional"],"inLanguage":"es","potentialAction":[{"@type":"CommentAction","name":"Comment","target":["https:\/\/www.eldiario.net\/portal\/2024\/04\/14\/reforestan-espacios-en-sector-san-antonio\/#respond"]}]},{"@type":"WebPage","@id":"https:\/\/www.eldiario.net\/portal\/2024\/04\/14\/reforestan-espacios-en-sector-san-antonio\/","url":"https:\/\/www.eldiario.net\/portal\/2024\/04\/14\/reforestan-espacios-en-sector-san-antonio\/","name":"Reforestan espacios en sector San Antonio - El Diario - Bolivia","isPartOf":{"@id":"https:\/\/www.eldiario.net\/portal\/#website"},"primaryImageOfPage":{"@id":"https:\/\/www.eldiario.net\/portal\/2024\/04\/14\/reforestan-espacios-en-sector-san-antonio\/#primaryimage"},"image":{"@id":"https:\/\/www.eldiario.net\/portal\/2024\/04\/14\/reforestan-espacios-en-sector-san-antonio\/#primaryimage"},"thumbnailUrl":"https:\/\/www.eldiario.net\/portal\/wp-content\/uploads\/2024\/04\/F-4-reforestacion.jpg","datePublished":"2024-04-14T10:21:15+00:00","breadcrumb":{"@id":"https:\/\/www.eldiario.net\/portal\/2024\/04\/14\/reforestan-espacios-en-sector-san-antonio\/#breadcrumb"},"inLanguage":"es","potentialAction":[{"@type":"ReadAction","target":["https:\/\/www.eldiario.net\/portal\/2024\/04\/14\/reforestan-espacios-en-sector-san-antonio\/"]}]},{"@type":"ImageObject","inLanguage":"es","@id":"https:\/\/www.eldiario.net\/portal\/2024\/04\/14\/reforestan-espacios-en-sector-san-antonio\/#primaryimage","url":"https:\/\/www.eldiario.net\/portal\/wp-content\/uploads\/2024\/04\/F-4-reforestacion.jpg","contentUrl":"https:\/\/www.eldiario.net\/portal\/wp-content\/uploads\/2024\/04\/F-4-reforestacion.jpg","width":1124,"height":750},{"@type":"BreadcrumbList","@id":"https:\/\/www.eldiario.net\/portal\/2024\/04\/14\/reforestan-espacios-en-sector-san-antonio\/#breadcrumb","itemListElement":[{"@type":"ListItem","position":1,"name":"Portada","item":"https:\/\/www.eldiario.net\/portal\/"},{"@type":"ListItem","position":2,"name":"Reforestan espacios en sector San Antonio"}]},{"@type":"WebSite","@id":"https:\/\/www.eldiario.net\/portal\/#website","url":"https:\/\/www.eldiario.net\/portal\/","name":"El Diario - Decano de la prensa nacional","description":"El Diario - Decano de la prensa nacional","publisher":{"@id":"https:\/\/www.eldiario.net\/portal\/#organization"},"potentialAction":[{"@type":"SearchAction","target":{"@type":"EntryPoint","urlTemplate":"https:\/\/www.eldiario.net\/portal\/?s={search_term_string}"},"query-input":{"@type":"PropertyValueSpecification","valueRequired":true,"valueName":"search_term_string"}}],"inLanguage":"es"},{"@type":"Organization","@id":"https:\/\/www.eldiario.net\/portal\/#organization","name":"El Diario - Decano de la prensa nacional","url":"https:\/\/www.eldiario.net\/portal\/","logo":{"@type":"ImageObject","inLanguage":"es","@id":"https:\/\/www.eldiario.net\/portal\/#\/schema\/logo\/image\/","url":"https:\/\/www.eldiario.net\/portal\/wp-content\/uploads\/2023\/07\/logo_ED.jpg","contentUrl":"https:\/\/www.eldiario.net\/portal\/wp-content\/uploads\/2023\/07\/logo_ED.jpg","width":272,"height":52,"caption":"El Diario - Decano de la prensa nacional"},"image":{"@id":"https:\/\/www.eldiario.net\/portal\/#\/schema\/logo\/image\/"},"sameAs":["https:\/\/www.facebook.com\/eldiario.bolivia\/","https:\/\/x.com\/eldiario_net"]},{"@type":"Person","@id":"https:\/\/www.eldiario.net\/portal\/#\/schema\/person\/f46445640444750d7d753ccd04ae01b7","name":"Jeanette","image":{"@type":"ImageObject","inLanguage":"es","@id":"https:\/\/secure.gravatar.com\/avatar\/3ea2118a5f7dad2b7138b1187a6b7ee55f160b9968b66013c3a3ef39dd7e5798?s=96&d=mm&r=g","url":"https:\/\/secure.gravatar.com\/avatar\/3ea2118a5f7dad2b7138b1187a6b7ee55f160b9968b66013c3a3ef39dd7e5798?s=96&d=mm&r=g","contentUrl":"https:\/\/secure.gravatar.com\/avatar\/3ea2118a5f7dad2b7138b1187a6b7ee55f160b9968b66013c3a3ef39dd7e5798?s=96&d=mm&r=g","caption":"Jeanette"},"sameAs":["https:\/\/www.eldiario.net\/portal"],"url":"https:\/\/www.eldiario.net\/portal\/author\/jeanette\/"}]}},"_links":{"self":[{"href":"https:\/\/www.eldiario.net\/portal\/wp-json\/wp\/v2\/posts\/214132","targetHints":{"allow":["GET"]}}],"collection":[{"href":"https:\/\/www.eldiario.net\/portal\/wp-json\/wp\/v2\/posts"}],"about":[{"href":"https:\/\/www.eldiario.net\/portal\/wp-json\/wp\/v2\/types\/post"}],"author":[{"embeddable":true,"href":"https:\/\/www.eldiario.net\/portal\/wp-json\/wp\/v2\/users\/1"}],"replies":[{"embeddable":true,"href":"https:\/\/www.eldiario.net\/portal\/wp-json\/wp\/v2\/comments?post=214132"}],"version-history":[{"count":1,"href":"https:\/\/www.eldiario.net\/portal\/wp-json\/wp\/v2\/posts\/214132\/revisions"}],"predecessor-version":[{"id":214134,"href":"https:\/\/www.eldiario.net\/portal\/wp-json\/wp\/v2\/posts\/214132\/revisions\/214134"}],"wp:featuredmedia":[{"embeddable":true,"href":"https:\/\/www.eldiario.net\/portal\/wp-json\/wp\/v2\/media\/214133"}],"wp:attachment":[{"href":"https:\/\/www.eldiario.net\/portal\/wp-json\/wp\/v2\/media?parent=214132"}],"wp:term":[{"taxonomy":"category","embeddable":true,"href":"https:\/\/www.eldiario.net\/portal\/wp-json\/wp\/v2\/categories?post=214132"},{"taxonomy":"post_tag","embeddable":true,"href":"https:\/\/www.eldiario.net\/portal\/wp-json\/wp\/v2\/tags?post=214132"}],"curies":[{"name":"wp","href":"https:\/\/api.w.org\/{rel}","templated":true}]}}