{"id":214130,"date":"2024-04-14T06:18:46","date_gmt":"2024-04-14T10:18:46","guid":{"rendered":"https:\/\/www.eldiario.net\/portal\/?p=214130"},"modified":"2024-04-14T06:18:46","modified_gmt":"2024-04-14T10:18:46","slug":"ofrecen-revision-medica-y-odontologica-gratuita","status":"publish","type":"post","link":"https:\/\/www.eldiario.net\/portal\/2024\/04\/14\/ofrecen-revision-medica-y-odontologica-gratuita\/","title":{"rendered":"Ofrecen revisi\u00f3n m\u00e9dica  y odontol\u00f3gica gratuita"},"content":{"rendered":"<p>Integrantes de la Parroquia Cristo Salvador de la Iglesia Anglicana organiza la feria denominada \u201cAmando y Protegiendo a Nuestros Ni\u00f1os y Ni\u00f1as\u201d actividad que se realizar\u00e1 hoy, domingo 14 de abril, desde las 10:00 hasta las 12:30 horas, con motivo de celebrar el D\u00eda del Ni\u00f1o en Bolivia.<br \/>\n\u201cMientras tanto, Jes\u00fas segu\u00eda creciendo en sabidur\u00eda y en estatura. Dios y toda la gente del pueblo estaban muy contentos con \u00e9l, y lo quer\u00edan mucho\u201d, describe el Evangelio de Lucas en su cap\u00edtulo dos, vers\u00edculo 51. Esta cita b\u00edblica del Nuevo Testamento es la cobertura bajo la cual los organizadores realizan la actividad.<br \/>\nLa jornada est\u00e1 organizada con seis actividades l\u00fadicas y pedag\u00f3gicas que feligreses de la parroquia Cristo Salvador prepararon para compartir con la ni\u00f1ez que se d\u00e9 cita. \u201cTendremos juegos, teatro, canciones, refrigerios, premios, m\u00fasica y mucha diversi\u00f3n\u201d, inform\u00f3 la di\u00e1cono en La Paz de la Iglesia Anglicana, Marcela Bueno.<br \/>\nAdem\u00e1s se sumar\u00e1n dos acciones en favor de la salud de la ni\u00f1ez que participe en esta feria, una es la revisi\u00f3n m\u00e9dica primaria y otra, una revisi\u00f3n odontol\u00f3gica gratuita, de esta forma los ni\u00f1os con alg\u00fan problema de salud o dental podr\u00e1n ser referidos a alguna atenci\u00f3n m\u00e9dica m\u00e1s profunda, pero ya con un diagn\u00f3stico previo.<br \/>\nLa representante inform\u00f3 que para ser part\u00edcipe de esta feria es necesario que los padres de familia inscriban y registren la asistencia de los ni\u00f1os, llamando a los n\u00fameros de celular 70517847 y 63086815. La Parroquia Cristo Salvador de la Iglesia Anglicana se encuentra ubicada en la calle Aspiazu esquina Ecuador de la zona Sopocahi, en la urbe pace\u00f1a.<br \/>\nLABOR<br \/>\nEsta Iglesia tambi\u00e9n ofrece a las familias el parvulario \u201cCentro Infantil Cristo Salvador\u201d que atiende a ni\u00f1os y ni\u00f1as de dos a cinco a\u00f1os, en horarios 8:00 a 12:30 y 14:00 a 18:30. Este espacio cuenta con: plan psicopedag\u00f3gico, educaci\u00f3n cristiana, principios y valores b\u00edblicos, desarrollo de estimulaci\u00f3n de talentos y creatividad y cuenta con aulas de apoyo escolar.<br \/>\nPara contactarse con el \u201cCentro Infantil Cristo Salvador\u201d puede llamar a los n\u00fameros de celular 65188781 y 71518455 o al tel\u00e9fono fijo 2421616. Este centro infantil se encuentra en el edificio California, segundo piso, ubicado sobre la avenida Ecuador n\u00famero 2069, esquina Aspiazu, zona de Sopocachi.<\/p>\n<p>&nbsp;<\/p>\n","protected":false},"excerpt":{"rendered":"<p>Integrantes de la Parroquia Cristo Salvador de la Iglesia Anglicana organiza la feria denominada \u201cAmando y Protegiendo a Nuestros Ni\u00f1os y Ni\u00f1as\u201d actividad que se realizar\u00e1 hoy, domingo 14 de abril, desde las 10:00 hasta las 12:30 horas, con motivo de celebrar el D\u00eda del Ni\u00f1o en Bolivia. \u201cMientras tanto, Jes\u00fas segu\u00eda creciendo en sabidur\u00eda [&hellip;]<\/p>\n","protected":false},"author":1,"featured_media":194726,"comment_status":"open","ping_status":"open","sticky":false,"template":"","format":"standard","meta":{"_acf_changed":false,"footnotes":""},"categories":[12],"tags":[],"class_list":["post-214130","post","type-post","status-publish","format-standard","has-post-thumbnail","category-nacional"],"acf":{"antetitulo":"Contin\u00faan festejo a ni\u00f1os"},"yoast_head":"<!-- This site is optimized with the Yoast SEO plugin v28.3 - https:\/\/yoast.com\/product\/yoast-seo-wordpress\/ -->\n<title>Ofrecen revisi\u00f3n m\u00e9dica y odontol\u00f3gica gratuita - El Diario - Bolivia<\/title>\n<meta name=\"robots\" content=\"index, follow, max-snippet:-1, max-image-preview:large, max-video-preview:-1\" \/>\n<link rel=\"canonical\" href=\"https:\/\/www.eldiario.net\/portal\/2024\/04\/14\/ofrecen-revision-medica-y-odontologica-gratuita\/\" \/>\n<meta property=\"og:locale\" content=\"es_ES\" \/>\n<meta property=\"og:type\" content=\"article\" \/>\n<meta property=\"og:title\" content=\"Ofrecen revisi\u00f3n m\u00e9dica y odontol\u00f3gica gratuita - El Diario - Bolivia\" \/>\n<meta property=\"og:description\" content=\"Integrantes de la Parroquia Cristo Salvador de la Iglesia Anglicana organiza la feria denominada \u201cAmando y Protegiendo a Nuestros Ni\u00f1os y Ni\u00f1as\u201d actividad que se realizar\u00e1 hoy, domingo 14 de abril, desde las 10:00 hasta las 12:30 horas, con motivo de celebrar el D\u00eda del Ni\u00f1o en Bolivia. \u201cMientras tanto, Jes\u00fas segu\u00eda creciendo en sabidur\u00eda [&hellip;]\" \/>\n<meta property=\"og:url\" content=\"https:\/\/www.eldiario.net\/portal\/2024\/04\/14\/ofrecen-revision-medica-y-odontologica-gratuita\/\" \/>\n<meta property=\"og:site_name\" content=\"El Diario - Bolivia\" \/>\n<meta property=\"article:publisher\" content=\"https:\/\/www.facebook.com\/eldiario.bolivia\/\" \/>\n<meta property=\"article:published_time\" content=\"2024-04-14T10:18:46+00:00\" \/>\n<meta property=\"og:image\" content=\"https:\/\/www.eldiario.net\/portal\/wp-content\/uploads\/2023\/12\/Nacional.jpg\" \/>\n\t<meta property=\"og:image:width\" content=\"800\" \/>\n\t<meta property=\"og:image:height\" content=\"500\" \/>\n\t<meta property=\"og:image:type\" content=\"image\/jpeg\" \/>\n<meta name=\"author\" content=\"Jeanette\" \/>\n<meta name=\"twitter:card\" content=\"summary_large_image\" \/>\n<meta name=\"twitter:creator\" content=\"@eldiario_net\" \/>\n<meta name=\"twitter:site\" content=\"@eldiario_net\" \/>\n<meta name=\"twitter:label1\" content=\"Escrito por\" \/>\n\t<meta name=\"twitter:data1\" content=\"Jeanette\" \/>\n\t<meta name=\"twitter:label2\" content=\"Tiempo de lectura\" \/>\n\t<meta name=\"twitter:data2\" content=\"2 minutos\" \/>\n<script type=\"application\/ld+json\" class=\"yoast-schema-graph\">{\"@context\":\"https:\\\/\\\/schema.org\",\"@graph\":[{\"@type\":\"Article\",\"@id\":\"https:\\\/\\\/www.eldiario.net\\\/portal\\\/2024\\\/04\\\/14\\\/ofrecen-revision-medica-y-odontologica-gratuita\\\/#article\",\"isPartOf\":{\"@id\":\"https:\\\/\\\/www.eldiario.net\\\/portal\\\/2024\\\/04\\\/14\\\/ofrecen-revision-medica-y-odontologica-gratuita\\\/\"},\"author\":{\"name\":\"Jeanette\",\"@id\":\"https:\\\/\\\/www.eldiario.net\\\/portal\\\/#\\\/schema\\\/person\\\/f46445640444750d7d753ccd04ae01b7\"},\"headline\":\"Ofrecen revisi\u00f3n m\u00e9dica y odontol\u00f3gica gratuita\",\"datePublished\":\"2024-04-14T10:18:46+00:00\",\"mainEntityOfPage\":{\"@id\":\"https:\\\/\\\/www.eldiario.net\\\/portal\\\/2024\\\/04\\\/14\\\/ofrecen-revision-medica-y-odontologica-gratuita\\\/\"},\"wordCount\":415,\"commentCount\":0,\"publisher\":{\"@id\":\"https:\\\/\\\/www.eldiario.net\\\/portal\\\/#organization\"},\"image\":{\"@id\":\"https:\\\/\\\/www.eldiario.net\\\/portal\\\/2024\\\/04\\\/14\\\/ofrecen-revision-medica-y-odontologica-gratuita\\\/#primaryimage\"},\"thumbnailUrl\":\"https:\\\/\\\/www.eldiario.net\\\/portal\\\/wp-content\\\/uploads\\\/2023\\\/12\\\/Nacional.jpg\",\"articleSection\":[\"Nacional\"],\"inLanguage\":\"es\",\"potentialAction\":[{\"@type\":\"CommentAction\",\"name\":\"Comment\",\"target\":[\"https:\\\/\\\/www.eldiario.net\\\/portal\\\/2024\\\/04\\\/14\\\/ofrecen-revision-medica-y-odontologica-gratuita\\\/#respond\"]}]},{\"@type\":\"WebPage\",\"@id\":\"https:\\\/\\\/www.eldiario.net\\\/portal\\\/2024\\\/04\\\/14\\\/ofrecen-revision-medica-y-odontologica-gratuita\\\/\",\"url\":\"https:\\\/\\\/www.eldiario.net\\\/portal\\\/2024\\\/04\\\/14\\\/ofrecen-revision-medica-y-odontologica-gratuita\\\/\",\"name\":\"Ofrecen revisi\u00f3n m\u00e9dica y odontol\u00f3gica gratuita - El Diario - Bolivia\",\"isPartOf\":{\"@id\":\"https:\\\/\\\/www.eldiario.net\\\/portal\\\/#website\"},\"primaryImageOfPage\":{\"@id\":\"https:\\\/\\\/www.eldiario.net\\\/portal\\\/2024\\\/04\\\/14\\\/ofrecen-revision-medica-y-odontologica-gratuita\\\/#primaryimage\"},\"image\":{\"@id\":\"https:\\\/\\\/www.eldiario.net\\\/portal\\\/2024\\\/04\\\/14\\\/ofrecen-revision-medica-y-odontologica-gratuita\\\/#primaryimage\"},\"thumbnailUrl\":\"https:\\\/\\\/www.eldiario.net\\\/portal\\\/wp-content\\\/uploads\\\/2023\\\/12\\\/Nacional.jpg\",\"datePublished\":\"2024-04-14T10:18:46+00:00\",\"breadcrumb\":{\"@id\":\"https:\\\/\\\/www.eldiario.net\\\/portal\\\/2024\\\/04\\\/14\\\/ofrecen-revision-medica-y-odontologica-gratuita\\\/#breadcrumb\"},\"inLanguage\":\"es\",\"potentialAction\":[{\"@type\":\"ReadAction\",\"target\":[\"https:\\\/\\\/www.eldiario.net\\\/portal\\\/2024\\\/04\\\/14\\\/ofrecen-revision-medica-y-odontologica-gratuita\\\/\"]}]},{\"@type\":\"ImageObject\",\"inLanguage\":\"es\",\"@id\":\"https:\\\/\\\/www.eldiario.net\\\/portal\\\/2024\\\/04\\\/14\\\/ofrecen-revision-medica-y-odontologica-gratuita\\\/#primaryimage\",\"url\":\"https:\\\/\\\/www.eldiario.net\\\/portal\\\/wp-content\\\/uploads\\\/2023\\\/12\\\/Nacional.jpg\",\"contentUrl\":\"https:\\\/\\\/www.eldiario.net\\\/portal\\\/wp-content\\\/uploads\\\/2023\\\/12\\\/Nacional.jpg\",\"width\":800,\"height\":500},{\"@type\":\"BreadcrumbList\",\"@id\":\"https:\\\/\\\/www.eldiario.net\\\/portal\\\/2024\\\/04\\\/14\\\/ofrecen-revision-medica-y-odontologica-gratuita\\\/#breadcrumb\",\"itemListElement\":[{\"@type\":\"ListItem\",\"position\":1,\"name\":\"Portada\",\"item\":\"https:\\\/\\\/www.eldiario.net\\\/portal\\\/\"},{\"@type\":\"ListItem\",\"position\":2,\"name\":\"Ofrecen revisi\u00f3n m\u00e9dica y odontol\u00f3gica gratuita\"}]},{\"@type\":\"WebSite\",\"@id\":\"https:\\\/\\\/www.eldiario.net\\\/portal\\\/#website\",\"url\":\"https:\\\/\\\/www.eldiario.net\\\/portal\\\/\",\"name\":\"El Diario - Decano de la prensa nacional\",\"description\":\"El Diario - Decano de la prensa nacional\",\"publisher\":{\"@id\":\"https:\\\/\\\/www.eldiario.net\\\/portal\\\/#organization\"},\"potentialAction\":[{\"@type\":\"SearchAction\",\"target\":{\"@type\":\"EntryPoint\",\"urlTemplate\":\"https:\\\/\\\/www.eldiario.net\\\/portal\\\/?s={search_term_string}\"},\"query-input\":{\"@type\":\"PropertyValueSpecification\",\"valueRequired\":true,\"valueName\":\"search_term_string\"}}],\"inLanguage\":\"es\"},{\"@type\":\"Organization\",\"@id\":\"https:\\\/\\\/www.eldiario.net\\\/portal\\\/#organization\",\"name\":\"El Diario - Decano de la prensa nacional\",\"url\":\"https:\\\/\\\/www.eldiario.net\\\/portal\\\/\",\"logo\":{\"@type\":\"ImageObject\",\"inLanguage\":\"es\",\"@id\":\"https:\\\/\\\/www.eldiario.net\\\/portal\\\/#\\\/schema\\\/logo\\\/image\\\/\",\"url\":\"https:\\\/\\\/www.eldiario.net\\\/portal\\\/wp-content\\\/uploads\\\/2023\\\/07\\\/logo_ED.jpg\",\"contentUrl\":\"https:\\\/\\\/www.eldiario.net\\\/portal\\\/wp-content\\\/uploads\\\/2023\\\/07\\\/logo_ED.jpg\",\"width\":272,\"height\":52,\"caption\":\"El Diario - Decano de la prensa nacional\"},\"image\":{\"@id\":\"https:\\\/\\\/www.eldiario.net\\\/portal\\\/#\\\/schema\\\/logo\\\/image\\\/\"},\"sameAs\":[\"https:\\\/\\\/www.facebook.com\\\/eldiario.bolivia\\\/\",\"https:\\\/\\\/x.com\\\/eldiario_net\"]},{\"@type\":\"Person\",\"@id\":\"https:\\\/\\\/www.eldiario.net\\\/portal\\\/#\\\/schema\\\/person\\\/f46445640444750d7d753ccd04ae01b7\",\"name\":\"Jeanette\",\"image\":{\"@type\":\"ImageObject\",\"inLanguage\":\"es\",\"@id\":\"https:\\\/\\\/secure.gravatar.com\\\/avatar\\\/3ea2118a5f7dad2b7138b1187a6b7ee55f160b9968b66013c3a3ef39dd7e5798?s=96&d=mm&r=g\",\"url\":\"https:\\\/\\\/secure.gravatar.com\\\/avatar\\\/3ea2118a5f7dad2b7138b1187a6b7ee55f160b9968b66013c3a3ef39dd7e5798?s=96&d=mm&r=g\",\"contentUrl\":\"https:\\\/\\\/secure.gravatar.com\\\/avatar\\\/3ea2118a5f7dad2b7138b1187a6b7ee55f160b9968b66013c3a3ef39dd7e5798?s=96&d=mm&r=g\",\"caption\":\"Jeanette\"},\"sameAs\":[\"https:\\\/\\\/www.eldiario.net\\\/portal\"],\"url\":\"https:\\\/\\\/www.eldiario.net\\\/portal\\\/author\\\/jeanette\\\/\"}]}<\/script>\n<!-- \/ Yoast SEO plugin. -->","yoast_head_json":{"title":"Ofrecen revisi\u00f3n m\u00e9dica y odontol\u00f3gica gratuita - El Diario - Bolivia","robots":{"index":"index","follow":"follow","max-snippet":"max-snippet:-1","max-image-preview":"max-image-preview:large","max-video-preview":"max-video-preview:-1"},"canonical":"https:\/\/www.eldiario.net\/portal\/2024\/04\/14\/ofrecen-revision-medica-y-odontologica-gratuita\/","og_locale":"es_ES","og_type":"article","og_title":"Ofrecen revisi\u00f3n m\u00e9dica y odontol\u00f3gica gratuita - El Diario - Bolivia","og_description":"Integrantes de la Parroquia Cristo Salvador de la Iglesia Anglicana organiza la feria denominada \u201cAmando y Protegiendo a Nuestros Ni\u00f1os y Ni\u00f1as\u201d actividad que se realizar\u00e1 hoy, domingo 14 de abril, desde las 10:00 hasta las 12:30 horas, con motivo de celebrar el D\u00eda del Ni\u00f1o en Bolivia. \u201cMientras tanto, Jes\u00fas segu\u00eda creciendo en sabidur\u00eda [&hellip;]","og_url":"https:\/\/www.eldiario.net\/portal\/2024\/04\/14\/ofrecen-revision-medica-y-odontologica-gratuita\/","og_site_name":"El Diario - Bolivia","article_publisher":"https:\/\/www.facebook.com\/eldiario.bolivia\/","article_published_time":"2024-04-14T10:18:46+00:00","og_image":[{"width":800,"height":500,"url":"https:\/\/www.eldiario.net\/portal\/wp-content\/uploads\/2023\/12\/Nacional.jpg","type":"image\/jpeg"}],"author":"Jeanette","twitter_card":"summary_large_image","twitter_creator":"@eldiario_net","twitter_site":"@eldiario_net","twitter_misc":{"Escrito por":"Jeanette","Tiempo de lectura":"2 minutos"},"schema":{"@context":"https:\/\/schema.org","@graph":[{"@type":"Article","@id":"https:\/\/www.eldiario.net\/portal\/2024\/04\/14\/ofrecen-revision-medica-y-odontologica-gratuita\/#article","isPartOf":{"@id":"https:\/\/www.eldiario.net\/portal\/2024\/04\/14\/ofrecen-revision-medica-y-odontologica-gratuita\/"},"author":{"name":"Jeanette","@id":"https:\/\/www.eldiario.net\/portal\/#\/schema\/person\/f46445640444750d7d753ccd04ae01b7"},"headline":"Ofrecen revisi\u00f3n m\u00e9dica y odontol\u00f3gica gratuita","datePublished":"2024-04-14T10:18:46+00:00","mainEntityOfPage":{"@id":"https:\/\/www.eldiario.net\/portal\/2024\/04\/14\/ofrecen-revision-medica-y-odontologica-gratuita\/"},"wordCount":415,"commentCount":0,"publisher":{"@id":"https:\/\/www.eldiario.net\/portal\/#organization"},"image":{"@id":"https:\/\/www.eldiario.net\/portal\/2024\/04\/14\/ofrecen-revision-medica-y-odontologica-gratuita\/#primaryimage"},"thumbnailUrl":"https:\/\/www.eldiario.net\/portal\/wp-content\/uploads\/2023\/12\/Nacional.jpg","articleSection":["Nacional"],"inLanguage":"es","potentialAction":[{"@type":"CommentAction","name":"Comment","target":["https:\/\/www.eldiario.net\/portal\/2024\/04\/14\/ofrecen-revision-medica-y-odontologica-gratuita\/#respond"]}]},{"@type":"WebPage","@id":"https:\/\/www.eldiario.net\/portal\/2024\/04\/14\/ofrecen-revision-medica-y-odontologica-gratuita\/","url":"https:\/\/www.eldiario.net\/portal\/2024\/04\/14\/ofrecen-revision-medica-y-odontologica-gratuita\/","name":"Ofrecen revisi\u00f3n m\u00e9dica y odontol\u00f3gica gratuita - El Diario - Bolivia","isPartOf":{"@id":"https:\/\/www.eldiario.net\/portal\/#website"},"primaryImageOfPage":{"@id":"https:\/\/www.eldiario.net\/portal\/2024\/04\/14\/ofrecen-revision-medica-y-odontologica-gratuita\/#primaryimage"},"image":{"@id":"https:\/\/www.eldiario.net\/portal\/2024\/04\/14\/ofrecen-revision-medica-y-odontologica-gratuita\/#primaryimage"},"thumbnailUrl":"https:\/\/www.eldiario.net\/portal\/wp-content\/uploads\/2023\/12\/Nacional.jpg","datePublished":"2024-04-14T10:18:46+00:00","breadcrumb":{"@id":"https:\/\/www.eldiario.net\/portal\/2024\/04\/14\/ofrecen-revision-medica-y-odontologica-gratuita\/#breadcrumb"},"inLanguage":"es","potentialAction":[{"@type":"ReadAction","target":["https:\/\/www.eldiario.net\/portal\/2024\/04\/14\/ofrecen-revision-medica-y-odontologica-gratuita\/"]}]},{"@type":"ImageObject","inLanguage":"es","@id":"https:\/\/www.eldiario.net\/portal\/2024\/04\/14\/ofrecen-revision-medica-y-odontologica-gratuita\/#primaryimage","url":"https:\/\/www.eldiario.net\/portal\/wp-content\/uploads\/2023\/12\/Nacional.jpg","contentUrl":"https:\/\/www.eldiario.net\/portal\/wp-content\/uploads\/2023\/12\/Nacional.jpg","width":800,"height":500},{"@type":"BreadcrumbList","@id":"https:\/\/www.eldiario.net\/portal\/2024\/04\/14\/ofrecen-revision-medica-y-odontologica-gratuita\/#breadcrumb","itemListElement":[{"@type":"ListItem","position":1,"name":"Portada","item":"https:\/\/www.eldiario.net\/portal\/"},{"@type":"ListItem","position":2,"name":"Ofrecen revisi\u00f3n m\u00e9dica y odontol\u00f3gica gratuita"}]},{"@type":"WebSite","@id":"https:\/\/www.eldiario.net\/portal\/#website","url":"https:\/\/www.eldiario.net\/portal\/","name":"El Diario - Decano de la prensa nacional","description":"El Diario - Decano de la prensa nacional","publisher":{"@id":"https:\/\/www.eldiario.net\/portal\/#organization"},"potentialAction":[{"@type":"SearchAction","target":{"@type":"EntryPoint","urlTemplate":"https:\/\/www.eldiario.net\/portal\/?s={search_term_string}"},"query-input":{"@type":"PropertyValueSpecification","valueRequired":true,"valueName":"search_term_string"}}],"inLanguage":"es"},{"@type":"Organization","@id":"https:\/\/www.eldiario.net\/portal\/#organization","name":"El Diario - Decano de la prensa nacional","url":"https:\/\/www.eldiario.net\/portal\/","logo":{"@type":"ImageObject","inLanguage":"es","@id":"https:\/\/www.eldiario.net\/portal\/#\/schema\/logo\/image\/","url":"https:\/\/www.eldiario.net\/portal\/wp-content\/uploads\/2023\/07\/logo_ED.jpg","contentUrl":"https:\/\/www.eldiario.net\/portal\/wp-content\/uploads\/2023\/07\/logo_ED.jpg","width":272,"height":52,"caption":"El Diario - Decano de la prensa nacional"},"image":{"@id":"https:\/\/www.eldiario.net\/portal\/#\/schema\/logo\/image\/"},"sameAs":["https:\/\/www.facebook.com\/eldiario.bolivia\/","https:\/\/x.com\/eldiario_net"]},{"@type":"Person","@id":"https:\/\/www.eldiario.net\/portal\/#\/schema\/person\/f46445640444750d7d753ccd04ae01b7","name":"Jeanette","image":{"@type":"ImageObject","inLanguage":"es","@id":"https:\/\/secure.gravatar.com\/avatar\/3ea2118a5f7dad2b7138b1187a6b7ee55f160b9968b66013c3a3ef39dd7e5798?s=96&d=mm&r=g","url":"https:\/\/secure.gravatar.com\/avatar\/3ea2118a5f7dad2b7138b1187a6b7ee55f160b9968b66013c3a3ef39dd7e5798?s=96&d=mm&r=g","contentUrl":"https:\/\/secure.gravatar.com\/avatar\/3ea2118a5f7dad2b7138b1187a6b7ee55f160b9968b66013c3a3ef39dd7e5798?s=96&d=mm&r=g","caption":"Jeanette"},"sameAs":["https:\/\/www.eldiario.net\/portal"],"url":"https:\/\/www.eldiario.net\/portal\/author\/jeanette\/"}]}},"_links":{"self":[{"href":"https:\/\/www.eldiario.net\/portal\/wp-json\/wp\/v2\/posts\/214130","targetHints":{"allow":["GET"]}}],"collection":[{"href":"https:\/\/www.eldiario.net\/portal\/wp-json\/wp\/v2\/posts"}],"about":[{"href":"https:\/\/www.eldiario.net\/portal\/wp-json\/wp\/v2\/types\/post"}],"author":[{"embeddable":true,"href":"https:\/\/www.eldiario.net\/portal\/wp-json\/wp\/v2\/users\/1"}],"replies":[{"embeddable":true,"href":"https:\/\/www.eldiario.net\/portal\/wp-json\/wp\/v2\/comments?post=214130"}],"version-history":[{"count":1,"href":"https:\/\/www.eldiario.net\/portal\/wp-json\/wp\/v2\/posts\/214130\/revisions"}],"predecessor-version":[{"id":214131,"href":"https:\/\/www.eldiario.net\/portal\/wp-json\/wp\/v2\/posts\/214130\/revisions\/214131"}],"wp:featuredmedia":[{"embeddable":true,"href":"https:\/\/www.eldiario.net\/portal\/wp-json\/wp\/v2\/media\/194726"}],"wp:attachment":[{"href":"https:\/\/www.eldiario.net\/portal\/wp-json\/wp\/v2\/media?parent=214130"}],"wp:term":[{"taxonomy":"category","embeddable":true,"href":"https:\/\/www.eldiario.net\/portal\/wp-json\/wp\/v2\/categories?post=214130"},{"taxonomy":"post_tag","embeddable":true,"href":"https:\/\/www.eldiario.net\/portal\/wp-json\/wp\/v2\/tags?post=214130"}],"curies":[{"name":"wp","href":"https:\/\/api.w.org\/{rel}","templated":true}]}}