{"id":214126,"date":"2024-04-14T06:17:57","date_gmt":"2024-04-14T10:17:57","guid":{"rendered":"https:\/\/www.eldiario.net\/portal\/?p=214126"},"modified":"2024-04-14T06:17:57","modified_gmt":"2024-04-14T10:17:57","slug":"el-estado-abre-proceso-por-ejecuciones-y-tortura-en-2009","status":"publish","type":"post","link":"https:\/\/www.eldiario.net\/portal\/2024\/04\/14\/el-estado-abre-proceso-por-ejecuciones-y-tortura-en-2009\/","title":{"rendered":"El Estado abre proceso por ejecuciones y tortura en 2009"},"content":{"rendered":"<p>Los dos sobrevivientes al operativo en el Hotel Las Am\u00e9ricas, Mario Tadic y Elod T\u00f3\u00e1s\u00f3, informaron ayer que el Estado boliviano inici\u00f3 un proceso en la ciudad de Santa Cruz para investigar las ejecuciones extrajudiciales de tres ciudadanos extranjeros, tortura a los sobrevivientes y otras violaciones a derechos humanos cometidos en abril de 2009.<br \/>\nLas v\u00edctimas ejecutadas fueron los boliviano-h\u00fangaros, Eduardo R\u00f3zsa y \u00c1rp\u00e1d Magyarosi, junto con el ciudadano irland\u00e9s, Michael Dwyer, cuya familia demand\u00f3 al Estado pidiendo una suma cercana a los dos millones de d\u00f3lares por resarcimiento de da\u00f1os.<br \/>\nMediante un comunicado difundido en redes sociales, los sobrevivientes extranjeros precisaron que tambi\u00e9n se investigar\u00e1n las denuncias de tortura a los sobrevivientes y otras violaciones a derechos humanos cometidas por fuerzas de \u00e9lite de la Polic\u00eda Boliviana durante el operativo que tuvo lugar en el Hotel Las Am\u00e9ricas, mismo que eventualmente deriv\u00f3 en el denominado caso \u201cterrorismo\u201d.<br \/>\nEl comunicado indica que el caso fue asignado al Juzgado Sexto de Instrucci\u00f3n Penal de la ciudad de Santa Cruz y est\u00e1 registrado con el c\u00f3digo de caso NUREJ 70264734. La investigaci\u00f3n est\u00e1 a cargo de la Fiscal de Materia, Marioly Torrez Jurado.<br \/>\nLos sobrevivientes, quienes ahora residen en Europa, solicitaron a la ciudadan\u00eda colaborar con las v\u00edctimas y con la investigaci\u00f3n aportando pruebas, (sean p\u00fablicas o no), declaraciones y testimonios, con el objetivo de \u201cllegar a la verdad sobre los autores intelectuales y materiales de estos hechos crueles y temerarios\u201d, seg\u00fan se lee en el pronunciamiento.<br \/>\nCASO \u201cTERRORISMO\u201d<br \/>\nElod T\u00f3\u00e1s\u00f3 y Mario Tadic tuvieron que negociar con la Fiscal\u00eda de La Paz para someterse a un proceso abreviado ante el Tribunal Primero de Sentencia de La Paz, con el cual fueron sentenciados a una condena de cinco a\u00f1os y diez meses de prisi\u00f3n por la supuesta comisi\u00f3n del delito de alzamiento armado contra la seguridad y soberan\u00eda del Estado en grado de complicidad.<br \/>\nPara entonces, ambos llevaban seis a\u00f1os recluidos en la c\u00e1rcel, pero recuperaron su libertad inmediatamente despu\u00e9s de cumplir sus penas. D\u00edas despu\u00e9s, ambos salieron legalmente de Bolivia a trav\u00e9s del paso fronterizo con Chile. El operativo fue dado a conocer a la opini\u00f3n p\u00fablica, a trav\u00e9s de fotograf\u00edas difundidas por ellos mismos en redes sociales.<br \/>\nEJECUCIONES EXTRAJUDICIALES<br \/>\nEn abril de 2009, la Polic\u00eda Boliviana intervino el Hotel Las Am\u00e9ricas y abati\u00f3 a los tres extranjeros entonces acusados de alzamiento armado, en medio de un escenario pol\u00edtico de conflicto, pues el Gobierno del expresidente, Evo Morales, se enfrentaba a una lucha pol\u00edtica de l\u00edderes c\u00edvicos cruce\u00f1os por la autonom\u00eda regional, a quienes acus\u00f3 de \u201cseparatistas\u201d.<br \/>\nTras estos eventos, Morales sostuvo que \u00e9l dio la orden de intervenir el edificio por considerar que exist\u00eda riesgo para la seguridad interna. El caso fue despu\u00e9s llevado a la Comisi\u00f3n Interamericana de Derechos Humanos (CIDH), organismo que recomend\u00f3 al Estado boliviano investigar las ejecuciones extrajudiciales y violaciones a los derechos humanos cometidos en el operativo policial.<\/p>\n<p>SIN CONCILIACI\u00d3N<br \/>\nLa CIDH posteriormente fall\u00f3 en contra del Estado, al considerar que las ejecuciones fueron cometidas por efectivos policiales con una cantidad de proyectiles disparados a la humanidad de las v\u00edctimas, quienes estaban en total indefensi\u00f3n durante el operativo.<br \/>\nEl mes pasado, el procurador general del Estado, C\u00e9sar Siles, mencion\u00f3 que la familia de Dwyer exigi\u00f3 \u201cmontos demasiado altos\u201d como resarcimiento econ\u00f3mico por la ejecuci\u00f3n del irland\u00e9s. Los Dwyer habr\u00edan pedido un monto cercano a los dos millones de d\u00f3lares.<br \/>\nAsimismo, Siles expres\u00f3 que es \u201cpoco probable\u201d que esta gesti\u00f3n el Estado pueda pagar sumas por laudos judiciales. Al no haber existido conciliaci\u00f3n con la parte querellante en este caso, la demanda pasar\u00e1 a la Corte Interamericana de Derechos Humanos (Corte IDH).<\/p>\n<figure id=\"attachment_214128\" aria-describedby=\"caption-attachment-214128\" style=\"width: 795px\" class=\"wp-caption aligncenter\"><img loading=\"lazy\" decoding=\"async\" class=\"size-full wp-image-214128\" src=\"https:\/\/www.eldiario.net\/portal\/wp-content\/uploads\/2024\/04\/14-HOTEL2.jpg\" alt=\"\" width=\"795\" height=\"446\" srcset=\"https:\/\/www.eldiario.net\/portal\/wp-content\/uploads\/2024\/04\/14-HOTEL2.jpg 795w, https:\/\/www.eldiario.net\/portal\/wp-content\/uploads\/2024\/04\/14-HOTEL2-300x168.jpg 300w, https:\/\/www.eldiario.net\/portal\/wp-content\/uploads\/2024\/04\/14-HOTEL2-768x431.jpg 768w, https:\/\/www.eldiario.net\/portal\/wp-content\/uploads\/2024\/04\/14-HOTEL2-749x420.jpg 749w, https:\/\/www.eldiario.net\/portal\/wp-content\/uploads\/2024\/04\/14-HOTEL2-696x390.jpg 696w\" sizes=\"auto, (max-width: 795px) 100vw, 795px\" \/><figcaption id=\"caption-attachment-214128\" class=\"wp-caption-text\">Hotel Las Am\u00e9ricas en la capital cruce\u00f1a.<\/figcaption><\/figure>\n","protected":false},"excerpt":{"rendered":"<p>Los dos sobrevivientes al operativo en el Hotel Las Am\u00e9ricas, Mario Tadic y Elod T\u00f3\u00e1s\u00f3, informaron ayer que el Estado boliviano inici\u00f3 un proceso en la ciudad de Santa Cruz para investigar las ejecuciones extrajudiciales de tres ciudadanos extranjeros, tortura a los sobrevivientes y otras violaciones a derechos humanos cometidos en abril de 2009. Las [&hellip;]<\/p>\n","protected":false},"author":1,"featured_media":214127,"comment_status":"open","ping_status":"open","sticky":false,"template":"","format":"standard","meta":{"_acf_changed":false,"footnotes":""},"categories":[39],"tags":[],"class_list":["post-214126","post","type-post","status-publish","format-standard","has-post-thumbnail","category-sociedad"],"acf":{"antetitulo":"Caso Hotel Las Am\u00e9ricas"},"yoast_head":"<!-- This site is optimized with the Yoast SEO plugin v28.3 - https:\/\/yoast.com\/product\/yoast-seo-wordpress\/ -->\n<title>El Estado abre proceso por ejecuciones y tortura en 2009 - El Diario - Bolivia<\/title>\n<meta name=\"robots\" content=\"index, follow, max-snippet:-1, max-image-preview:large, max-video-preview:-1\" \/>\n<link rel=\"canonical\" href=\"https:\/\/www.eldiario.net\/portal\/2024\/04\/14\/el-estado-abre-proceso-por-ejecuciones-y-tortura-en-2009\/\" \/>\n<meta property=\"og:locale\" content=\"es_ES\" \/>\n<meta property=\"og:type\" content=\"article\" \/>\n<meta property=\"og:title\" content=\"El Estado abre proceso por ejecuciones y tortura en 2009 - El Diario - Bolivia\" \/>\n<meta property=\"og:description\" content=\"Los dos sobrevivientes al operativo en el Hotel Las Am\u00e9ricas, Mario Tadic y Elod T\u00f3\u00e1s\u00f3, informaron ayer que el Estado boliviano inici\u00f3 un proceso en la ciudad de Santa Cruz para investigar las ejecuciones extrajudiciales de tres ciudadanos extranjeros, tortura a los sobrevivientes y otras violaciones a derechos humanos cometidos en abril de 2009. Las [&hellip;]\" \/>\n<meta property=\"og:url\" content=\"https:\/\/www.eldiario.net\/portal\/2024\/04\/14\/el-estado-abre-proceso-por-ejecuciones-y-tortura-en-2009\/\" \/>\n<meta property=\"og:site_name\" content=\"El Diario - Bolivia\" \/>\n<meta property=\"article:publisher\" content=\"https:\/\/www.facebook.com\/eldiario.bolivia\/\" \/>\n<meta property=\"article:published_time\" content=\"2024-04-14T10:17:57+00:00\" \/>\n<meta property=\"og:image\" content=\"https:\/\/www.eldiario.net\/portal\/wp-content\/uploads\/2024\/04\/14-HOTEL1.jpg\" \/>\n\t<meta property=\"og:image:width\" content=\"640\" \/>\n\t<meta property=\"og:image:height\" content=\"357\" \/>\n\t<meta property=\"og:image:type\" content=\"image\/jpeg\" \/>\n<meta name=\"author\" content=\"Jeanette\" \/>\n<meta name=\"twitter:card\" content=\"summary_large_image\" \/>\n<meta name=\"twitter:creator\" content=\"@eldiario_net\" \/>\n<meta name=\"twitter:site\" content=\"@eldiario_net\" \/>\n<meta name=\"twitter:label1\" content=\"Escrito por\" \/>\n\t<meta name=\"twitter:data1\" content=\"Jeanette\" \/>\n\t<meta name=\"twitter:label2\" content=\"Tiempo de lectura\" \/>\n\t<meta name=\"twitter:data2\" content=\"4 minutos\" \/>\n<script type=\"application\/ld+json\" class=\"yoast-schema-graph\">{\"@context\":\"https:\\\/\\\/schema.org\",\"@graph\":[{\"@type\":\"Article\",\"@id\":\"https:\\\/\\\/www.eldiario.net\\\/portal\\\/2024\\\/04\\\/14\\\/el-estado-abre-proceso-por-ejecuciones-y-tortura-en-2009\\\/#article\",\"isPartOf\":{\"@id\":\"https:\\\/\\\/www.eldiario.net\\\/portal\\\/2024\\\/04\\\/14\\\/el-estado-abre-proceso-por-ejecuciones-y-tortura-en-2009\\\/\"},\"author\":{\"name\":\"Jeanette\",\"@id\":\"https:\\\/\\\/www.eldiario.net\\\/portal\\\/#\\\/schema\\\/person\\\/f46445640444750d7d753ccd04ae01b7\"},\"headline\":\"El Estado abre proceso por ejecuciones y tortura en 2009\",\"datePublished\":\"2024-04-14T10:17:57+00:00\",\"mainEntityOfPage\":{\"@id\":\"https:\\\/\\\/www.eldiario.net\\\/portal\\\/2024\\\/04\\\/14\\\/el-estado-abre-proceso-por-ejecuciones-y-tortura-en-2009\\\/\"},\"wordCount\":687,\"commentCount\":0,\"publisher\":{\"@id\":\"https:\\\/\\\/www.eldiario.net\\\/portal\\\/#organization\"},\"image\":{\"@id\":\"https:\\\/\\\/www.eldiario.net\\\/portal\\\/2024\\\/04\\\/14\\\/el-estado-abre-proceso-por-ejecuciones-y-tortura-en-2009\\\/#primaryimage\"},\"thumbnailUrl\":\"https:\\\/\\\/www.eldiario.net\\\/portal\\\/wp-content\\\/uploads\\\/2024\\\/04\\\/14-HOTEL1.jpg\",\"articleSection\":[\"Sociedad - Seguridad\"],\"inLanguage\":\"es\",\"potentialAction\":[{\"@type\":\"CommentAction\",\"name\":\"Comment\",\"target\":[\"https:\\\/\\\/www.eldiario.net\\\/portal\\\/2024\\\/04\\\/14\\\/el-estado-abre-proceso-por-ejecuciones-y-tortura-en-2009\\\/#respond\"]}]},{\"@type\":\"WebPage\",\"@id\":\"https:\\\/\\\/www.eldiario.net\\\/portal\\\/2024\\\/04\\\/14\\\/el-estado-abre-proceso-por-ejecuciones-y-tortura-en-2009\\\/\",\"url\":\"https:\\\/\\\/www.eldiario.net\\\/portal\\\/2024\\\/04\\\/14\\\/el-estado-abre-proceso-por-ejecuciones-y-tortura-en-2009\\\/\",\"name\":\"El Estado abre proceso por ejecuciones y tortura en 2009 - El Diario - Bolivia\",\"isPartOf\":{\"@id\":\"https:\\\/\\\/www.eldiario.net\\\/portal\\\/#website\"},\"primaryImageOfPage\":{\"@id\":\"https:\\\/\\\/www.eldiario.net\\\/portal\\\/2024\\\/04\\\/14\\\/el-estado-abre-proceso-por-ejecuciones-y-tortura-en-2009\\\/#primaryimage\"},\"image\":{\"@id\":\"https:\\\/\\\/www.eldiario.net\\\/portal\\\/2024\\\/04\\\/14\\\/el-estado-abre-proceso-por-ejecuciones-y-tortura-en-2009\\\/#primaryimage\"},\"thumbnailUrl\":\"https:\\\/\\\/www.eldiario.net\\\/portal\\\/wp-content\\\/uploads\\\/2024\\\/04\\\/14-HOTEL1.jpg\",\"datePublished\":\"2024-04-14T10:17:57+00:00\",\"breadcrumb\":{\"@id\":\"https:\\\/\\\/www.eldiario.net\\\/portal\\\/2024\\\/04\\\/14\\\/el-estado-abre-proceso-por-ejecuciones-y-tortura-en-2009\\\/#breadcrumb\"},\"inLanguage\":\"es\",\"potentialAction\":[{\"@type\":\"ReadAction\",\"target\":[\"https:\\\/\\\/www.eldiario.net\\\/portal\\\/2024\\\/04\\\/14\\\/el-estado-abre-proceso-por-ejecuciones-y-tortura-en-2009\\\/\"]}]},{\"@type\":\"ImageObject\",\"inLanguage\":\"es\",\"@id\":\"https:\\\/\\\/www.eldiario.net\\\/portal\\\/2024\\\/04\\\/14\\\/el-estado-abre-proceso-por-ejecuciones-y-tortura-en-2009\\\/#primaryimage\",\"url\":\"https:\\\/\\\/www.eldiario.net\\\/portal\\\/wp-content\\\/uploads\\\/2024\\\/04\\\/14-HOTEL1.jpg\",\"contentUrl\":\"https:\\\/\\\/www.eldiario.net\\\/portal\\\/wp-content\\\/uploads\\\/2024\\\/04\\\/14-HOTEL1.jpg\",\"width\":640,\"height\":357,\"caption\":\"La Polic\u00eda retira un cuerpo, luego de los hechos de 2009.\"},{\"@type\":\"BreadcrumbList\",\"@id\":\"https:\\\/\\\/www.eldiario.net\\\/portal\\\/2024\\\/04\\\/14\\\/el-estado-abre-proceso-por-ejecuciones-y-tortura-en-2009\\\/#breadcrumb\",\"itemListElement\":[{\"@type\":\"ListItem\",\"position\":1,\"name\":\"Portada\",\"item\":\"https:\\\/\\\/www.eldiario.net\\\/portal\\\/\"},{\"@type\":\"ListItem\",\"position\":2,\"name\":\"El Estado abre proceso por ejecuciones y tortura en 2009\"}]},{\"@type\":\"WebSite\",\"@id\":\"https:\\\/\\\/www.eldiario.net\\\/portal\\\/#website\",\"url\":\"https:\\\/\\\/www.eldiario.net\\\/portal\\\/\",\"name\":\"El Diario - Decano de la prensa nacional\",\"description\":\"El Diario - Decano de la prensa nacional\",\"publisher\":{\"@id\":\"https:\\\/\\\/www.eldiario.net\\\/portal\\\/#organization\"},\"potentialAction\":[{\"@type\":\"SearchAction\",\"target\":{\"@type\":\"EntryPoint\",\"urlTemplate\":\"https:\\\/\\\/www.eldiario.net\\\/portal\\\/?s={search_term_string}\"},\"query-input\":{\"@type\":\"PropertyValueSpecification\",\"valueRequired\":true,\"valueName\":\"search_term_string\"}}],\"inLanguage\":\"es\"},{\"@type\":\"Organization\",\"@id\":\"https:\\\/\\\/www.eldiario.net\\\/portal\\\/#organization\",\"name\":\"El Diario - Decano de la prensa nacional\",\"url\":\"https:\\\/\\\/www.eldiario.net\\\/portal\\\/\",\"logo\":{\"@type\":\"ImageObject\",\"inLanguage\":\"es\",\"@id\":\"https:\\\/\\\/www.eldiario.net\\\/portal\\\/#\\\/schema\\\/logo\\\/image\\\/\",\"url\":\"https:\\\/\\\/www.eldiario.net\\\/portal\\\/wp-content\\\/uploads\\\/2023\\\/07\\\/logo_ED.jpg\",\"contentUrl\":\"https:\\\/\\\/www.eldiario.net\\\/portal\\\/wp-content\\\/uploads\\\/2023\\\/07\\\/logo_ED.jpg\",\"width\":272,\"height\":52,\"caption\":\"El Diario - Decano de la prensa nacional\"},\"image\":{\"@id\":\"https:\\\/\\\/www.eldiario.net\\\/portal\\\/#\\\/schema\\\/logo\\\/image\\\/\"},\"sameAs\":[\"https:\\\/\\\/www.facebook.com\\\/eldiario.bolivia\\\/\",\"https:\\\/\\\/x.com\\\/eldiario_net\"]},{\"@type\":\"Person\",\"@id\":\"https:\\\/\\\/www.eldiario.net\\\/portal\\\/#\\\/schema\\\/person\\\/f46445640444750d7d753ccd04ae01b7\",\"name\":\"Jeanette\",\"image\":{\"@type\":\"ImageObject\",\"inLanguage\":\"es\",\"@id\":\"https:\\\/\\\/secure.gravatar.com\\\/avatar\\\/3ea2118a5f7dad2b7138b1187a6b7ee55f160b9968b66013c3a3ef39dd7e5798?s=96&d=mm&r=g\",\"url\":\"https:\\\/\\\/secure.gravatar.com\\\/avatar\\\/3ea2118a5f7dad2b7138b1187a6b7ee55f160b9968b66013c3a3ef39dd7e5798?s=96&d=mm&r=g\",\"contentUrl\":\"https:\\\/\\\/secure.gravatar.com\\\/avatar\\\/3ea2118a5f7dad2b7138b1187a6b7ee55f160b9968b66013c3a3ef39dd7e5798?s=96&d=mm&r=g\",\"caption\":\"Jeanette\"},\"sameAs\":[\"https:\\\/\\\/www.eldiario.net\\\/portal\"],\"url\":\"https:\\\/\\\/www.eldiario.net\\\/portal\\\/author\\\/jeanette\\\/\"}]}<\/script>\n<!-- \/ Yoast SEO plugin. -->","yoast_head_json":{"title":"El Estado abre proceso por ejecuciones y tortura en 2009 - El Diario - Bolivia","robots":{"index":"index","follow":"follow","max-snippet":"max-snippet:-1","max-image-preview":"max-image-preview:large","max-video-preview":"max-video-preview:-1"},"canonical":"https:\/\/www.eldiario.net\/portal\/2024\/04\/14\/el-estado-abre-proceso-por-ejecuciones-y-tortura-en-2009\/","og_locale":"es_ES","og_type":"article","og_title":"El Estado abre proceso por ejecuciones y tortura en 2009 - El Diario - Bolivia","og_description":"Los dos sobrevivientes al operativo en el Hotel Las Am\u00e9ricas, Mario Tadic y Elod T\u00f3\u00e1s\u00f3, informaron ayer que el Estado boliviano inici\u00f3 un proceso en la ciudad de Santa Cruz para investigar las ejecuciones extrajudiciales de tres ciudadanos extranjeros, tortura a los sobrevivientes y otras violaciones a derechos humanos cometidos en abril de 2009. Las [&hellip;]","og_url":"https:\/\/www.eldiario.net\/portal\/2024\/04\/14\/el-estado-abre-proceso-por-ejecuciones-y-tortura-en-2009\/","og_site_name":"El Diario - Bolivia","article_publisher":"https:\/\/www.facebook.com\/eldiario.bolivia\/","article_published_time":"2024-04-14T10:17:57+00:00","og_image":[{"width":640,"height":357,"url":"https:\/\/www.eldiario.net\/portal\/wp-content\/uploads\/2024\/04\/14-HOTEL1.jpg","type":"image\/jpeg"}],"author":"Jeanette","twitter_card":"summary_large_image","twitter_creator":"@eldiario_net","twitter_site":"@eldiario_net","twitter_misc":{"Escrito por":"Jeanette","Tiempo de lectura":"4 minutos"},"schema":{"@context":"https:\/\/schema.org","@graph":[{"@type":"Article","@id":"https:\/\/www.eldiario.net\/portal\/2024\/04\/14\/el-estado-abre-proceso-por-ejecuciones-y-tortura-en-2009\/#article","isPartOf":{"@id":"https:\/\/www.eldiario.net\/portal\/2024\/04\/14\/el-estado-abre-proceso-por-ejecuciones-y-tortura-en-2009\/"},"author":{"name":"Jeanette","@id":"https:\/\/www.eldiario.net\/portal\/#\/schema\/person\/f46445640444750d7d753ccd04ae01b7"},"headline":"El Estado abre proceso por ejecuciones y tortura en 2009","datePublished":"2024-04-14T10:17:57+00:00","mainEntityOfPage":{"@id":"https:\/\/www.eldiario.net\/portal\/2024\/04\/14\/el-estado-abre-proceso-por-ejecuciones-y-tortura-en-2009\/"},"wordCount":687,"commentCount":0,"publisher":{"@id":"https:\/\/www.eldiario.net\/portal\/#organization"},"image":{"@id":"https:\/\/www.eldiario.net\/portal\/2024\/04\/14\/el-estado-abre-proceso-por-ejecuciones-y-tortura-en-2009\/#primaryimage"},"thumbnailUrl":"https:\/\/www.eldiario.net\/portal\/wp-content\/uploads\/2024\/04\/14-HOTEL1.jpg","articleSection":["Sociedad - Seguridad"],"inLanguage":"es","potentialAction":[{"@type":"CommentAction","name":"Comment","target":["https:\/\/www.eldiario.net\/portal\/2024\/04\/14\/el-estado-abre-proceso-por-ejecuciones-y-tortura-en-2009\/#respond"]}]},{"@type":"WebPage","@id":"https:\/\/www.eldiario.net\/portal\/2024\/04\/14\/el-estado-abre-proceso-por-ejecuciones-y-tortura-en-2009\/","url":"https:\/\/www.eldiario.net\/portal\/2024\/04\/14\/el-estado-abre-proceso-por-ejecuciones-y-tortura-en-2009\/","name":"El Estado abre proceso por ejecuciones y tortura en 2009 - El Diario - Bolivia","isPartOf":{"@id":"https:\/\/www.eldiario.net\/portal\/#website"},"primaryImageOfPage":{"@id":"https:\/\/www.eldiario.net\/portal\/2024\/04\/14\/el-estado-abre-proceso-por-ejecuciones-y-tortura-en-2009\/#primaryimage"},"image":{"@id":"https:\/\/www.eldiario.net\/portal\/2024\/04\/14\/el-estado-abre-proceso-por-ejecuciones-y-tortura-en-2009\/#primaryimage"},"thumbnailUrl":"https:\/\/www.eldiario.net\/portal\/wp-content\/uploads\/2024\/04\/14-HOTEL1.jpg","datePublished":"2024-04-14T10:17:57+00:00","breadcrumb":{"@id":"https:\/\/www.eldiario.net\/portal\/2024\/04\/14\/el-estado-abre-proceso-por-ejecuciones-y-tortura-en-2009\/#breadcrumb"},"inLanguage":"es","potentialAction":[{"@type":"ReadAction","target":["https:\/\/www.eldiario.net\/portal\/2024\/04\/14\/el-estado-abre-proceso-por-ejecuciones-y-tortura-en-2009\/"]}]},{"@type":"ImageObject","inLanguage":"es","@id":"https:\/\/www.eldiario.net\/portal\/2024\/04\/14\/el-estado-abre-proceso-por-ejecuciones-y-tortura-en-2009\/#primaryimage","url":"https:\/\/www.eldiario.net\/portal\/wp-content\/uploads\/2024\/04\/14-HOTEL1.jpg","contentUrl":"https:\/\/www.eldiario.net\/portal\/wp-content\/uploads\/2024\/04\/14-HOTEL1.jpg","width":640,"height":357,"caption":"La Polic\u00eda retira un cuerpo, luego de los hechos de 2009."},{"@type":"BreadcrumbList","@id":"https:\/\/www.eldiario.net\/portal\/2024\/04\/14\/el-estado-abre-proceso-por-ejecuciones-y-tortura-en-2009\/#breadcrumb","itemListElement":[{"@type":"ListItem","position":1,"name":"Portada","item":"https:\/\/www.eldiario.net\/portal\/"},{"@type":"ListItem","position":2,"name":"El Estado abre proceso por ejecuciones y tortura en 2009"}]},{"@type":"WebSite","@id":"https:\/\/www.eldiario.net\/portal\/#website","url":"https:\/\/www.eldiario.net\/portal\/","name":"El Diario - Decano de la prensa nacional","description":"El Diario - Decano de la prensa nacional","publisher":{"@id":"https:\/\/www.eldiario.net\/portal\/#organization"},"potentialAction":[{"@type":"SearchAction","target":{"@type":"EntryPoint","urlTemplate":"https:\/\/www.eldiario.net\/portal\/?s={search_term_string}"},"query-input":{"@type":"PropertyValueSpecification","valueRequired":true,"valueName":"search_term_string"}}],"inLanguage":"es"},{"@type":"Organization","@id":"https:\/\/www.eldiario.net\/portal\/#organization","name":"El Diario - Decano de la prensa nacional","url":"https:\/\/www.eldiario.net\/portal\/","logo":{"@type":"ImageObject","inLanguage":"es","@id":"https:\/\/www.eldiario.net\/portal\/#\/schema\/logo\/image\/","url":"https:\/\/www.eldiario.net\/portal\/wp-content\/uploads\/2023\/07\/logo_ED.jpg","contentUrl":"https:\/\/www.eldiario.net\/portal\/wp-content\/uploads\/2023\/07\/logo_ED.jpg","width":272,"height":52,"caption":"El Diario - Decano de la prensa nacional"},"image":{"@id":"https:\/\/www.eldiario.net\/portal\/#\/schema\/logo\/image\/"},"sameAs":["https:\/\/www.facebook.com\/eldiario.bolivia\/","https:\/\/x.com\/eldiario_net"]},{"@type":"Person","@id":"https:\/\/www.eldiario.net\/portal\/#\/schema\/person\/f46445640444750d7d753ccd04ae01b7","name":"Jeanette","image":{"@type":"ImageObject","inLanguage":"es","@id":"https:\/\/secure.gravatar.com\/avatar\/3ea2118a5f7dad2b7138b1187a6b7ee55f160b9968b66013c3a3ef39dd7e5798?s=96&d=mm&r=g","url":"https:\/\/secure.gravatar.com\/avatar\/3ea2118a5f7dad2b7138b1187a6b7ee55f160b9968b66013c3a3ef39dd7e5798?s=96&d=mm&r=g","contentUrl":"https:\/\/secure.gravatar.com\/avatar\/3ea2118a5f7dad2b7138b1187a6b7ee55f160b9968b66013c3a3ef39dd7e5798?s=96&d=mm&r=g","caption":"Jeanette"},"sameAs":["https:\/\/www.eldiario.net\/portal"],"url":"https:\/\/www.eldiario.net\/portal\/author\/jeanette\/"}]}},"_links":{"self":[{"href":"https:\/\/www.eldiario.net\/portal\/wp-json\/wp\/v2\/posts\/214126","targetHints":{"allow":["GET"]}}],"collection":[{"href":"https:\/\/www.eldiario.net\/portal\/wp-json\/wp\/v2\/posts"}],"about":[{"href":"https:\/\/www.eldiario.net\/portal\/wp-json\/wp\/v2\/types\/post"}],"author":[{"embeddable":true,"href":"https:\/\/www.eldiario.net\/portal\/wp-json\/wp\/v2\/users\/1"}],"replies":[{"embeddable":true,"href":"https:\/\/www.eldiario.net\/portal\/wp-json\/wp\/v2\/comments?post=214126"}],"version-history":[{"count":1,"href":"https:\/\/www.eldiario.net\/portal\/wp-json\/wp\/v2\/posts\/214126\/revisions"}],"predecessor-version":[{"id":214129,"href":"https:\/\/www.eldiario.net\/portal\/wp-json\/wp\/v2\/posts\/214126\/revisions\/214129"}],"wp:featuredmedia":[{"embeddable":true,"href":"https:\/\/www.eldiario.net\/portal\/wp-json\/wp\/v2\/media\/214127"}],"wp:attachment":[{"href":"https:\/\/www.eldiario.net\/portal\/wp-json\/wp\/v2\/media?parent=214126"}],"wp:term":[{"taxonomy":"category","embeddable":true,"href":"https:\/\/www.eldiario.net\/portal\/wp-json\/wp\/v2\/categories?post=214126"},{"taxonomy":"post_tag","embeddable":true,"href":"https:\/\/www.eldiario.net\/portal\/wp-json\/wp\/v2\/tags?post=214126"}],"curies":[{"name":"wp","href":"https:\/\/api.w.org\/{rel}","templated":true}]}}