{"id":214123,"date":"2024-04-14T06:16:54","date_gmt":"2024-04-14T10:16:54","guid":{"rendered":"https:\/\/www.eldiario.net\/portal\/?p=214123"},"modified":"2024-04-14T06:16:54","modified_gmt":"2024-04-14T10:16:54","slug":"policias-no-pudieron-desalojar-avasalladores-de-guarayos","status":"publish","type":"post","link":"https:\/\/www.eldiario.net\/portal\/2024\/04\/14\/policias-no-pudieron-desalojar-avasalladores-de-guarayos\/","title":{"rendered":"Polic\u00edas no pudieron desalojar avasalladores de Guarayos"},"content":{"rendered":"<p>Luego de que un grupo de polic\u00edas realiz\u00f3 una intervenci\u00f3n en los predios de El Encanto, tras una denuncia de cuarto avasallamiento a tierras privadas en Guarayos, \u00e9stos fueron sorprendidos por personas asentadas en el lugar quienes los emboscaron y apuntaron con armas equipadas con miras l\u00e1ser; las fuerzas del orden no lograron arrestar a nadie ni encontrar a los trabajadores desaparecidos, inform\u00f3 ayer el abogado de la familia denunciante, \u00c1lvaro La Torre.<br \/>\nDe acuerdo con nuevo material audiovisual difundido por El Deber, los supuestos avasalladores lanzaron petardos al aire tras percatarse que una patrulla policial ingresaba\u00a0a los predios de El Encanto en compa\u00f1\u00eda de integrantes de la familia Yucra, due\u00f1os de la propiedad.<br \/>\nLa Torre denunci\u00f3 al matutino cruce\u00f1o que los\u00a0avasalladores llevaban palos y escopetas con miras l\u00e1ser, con las que apuntaron a los propietarios que llegaron con la Polic\u00eda a inspeccionar la zona para\u00a0evitar que se graben im\u00e1genes.<br \/>\n\u201cLos avasalladores realizaron disparos al aire y salieron armados con palos a recibir a los polic\u00edas y a los propietarios en El Encanto. Por ese motivo fue que\u00a0no se pudo arrestar a nadie,\u00a0pues los polic\u00edas fueron amenazados y ahora no sabemos qu\u00e9 informe han elevado al Comando Policial de Guarayos, solo esperamos que hayan reflejado la realidad del caso\u201d, detall\u00f3 el jurista.<br \/>\nLos efectivos policiales tuvieron que abandonar el lugar al no poder efectuar un rastrillaje completo ni lograr encontrar a los dos trabajadores de la familia Yucra, desparecidos\u00a0desde el pasado jueves en horas de la tarde, momento en el que se registr\u00f3 el violento avasallamiento.<br \/>\nEse d\u00eda, m\u00e1s de 40 personas armadas tomaron el predio El Encanto, propiedad de Yucra, en la provincia Ascensi\u00f3n de Guarayos, departamento de Santa Cruz. Esta fue la cuarta vez que las tierras fueron invadidas. En las tres anteriores oportunidades, los avasalladores fueron desalojados.<br \/>\nPese a que el Gobierno se comprometi\u00f3 a enviar uniformados para detener la invasi\u00f3n de las tierras, ni siquiera las fuerzas del orden lograron contener, o siquiera hacer frente, al grupo armado ahora asentado.<\/p>\n<p>DENUNCIAS DE TORTURA<br \/>\nLa Torre agreg\u00f3 que uno de los propietarios, Samuel Yucra, se present\u00f3 ayer en las oficinas de la Fuerza Especial de Lucha Contra el Crimen (Felcc) para declarar en contra de\u00a0cuatro dirigentes de la comunidad Monteverde,\u00a0quienes ser\u00edan los presuntos cabecillas de esta ocupaci\u00f3n ilegal y abusiva.<br \/>\nAdem\u00e1s, un trabajador de la familia Yucra, quien tambi\u00e9n brind\u00f3 declaraciones en calidad de v\u00edctima, afirm\u00f3 haber sido\u00a0maniatado y torturado por los avasalladores\u00a0armados. \u201cMe agarraron y golpearon. Luego me torturaron para que yo hable, pero \u00bfqu\u00e9 pod\u00eda decir si soy un simple trabajador? Me dejaron con una herida en la cabeza y la mano fracturada, porque\u00a0me la golpearon con un arma de fuego\u201d, relat\u00f3.<br \/>\nA\u00fan existen dos trabajadores desaparecidos, quienes viv\u00edan con sus familias en campamentos instalados en El Encanto. El jurista de la familia Yucra reiter\u00f3 su solicitud de apoyo con la b\u00fasqueda, bajo temor de que sigan siendo retenidos por los usurpadores.<\/p>\n","protected":false},"excerpt":{"rendered":"<p>Luego de que un grupo de polic\u00edas realiz\u00f3 una intervenci\u00f3n en los predios de El Encanto, tras una denuncia de cuarto avasallamiento a tierras privadas en Guarayos, \u00e9stos fueron sorprendidos por personas asentadas en el lugar quienes los emboscaron y apuntaron con armas equipadas con miras l\u00e1ser; las fuerzas del orden no lograron arrestar a [&hellip;]<\/p>\n","protected":false},"author":1,"featured_media":214124,"comment_status":"open","ping_status":"open","sticky":false,"template":"","format":"standard","meta":{"_acf_changed":false,"footnotes":""},"categories":[39],"tags":[],"class_list":["post-214123","post","type-post","status-publish","format-standard","has-post-thumbnail","category-sociedad"],"acf":{"antetitulo":"Fueron amenazados"},"yoast_head":"<!-- This site is optimized with the Yoast SEO plugin v28.3 - https:\/\/yoast.com\/product\/yoast-seo-wordpress\/ -->\n<title>Polic\u00edas no pudieron desalojar avasalladores de Guarayos - El Diario - Bolivia<\/title>\n<meta name=\"robots\" content=\"index, follow, max-snippet:-1, max-image-preview:large, max-video-preview:-1\" \/>\n<link rel=\"canonical\" href=\"https:\/\/www.eldiario.net\/portal\/2024\/04\/14\/policias-no-pudieron-desalojar-avasalladores-de-guarayos\/\" \/>\n<meta property=\"og:locale\" content=\"es_ES\" \/>\n<meta property=\"og:type\" content=\"article\" \/>\n<meta property=\"og:title\" content=\"Polic\u00edas no pudieron desalojar avasalladores de Guarayos - El Diario - Bolivia\" \/>\n<meta property=\"og:description\" content=\"Luego de que un grupo de polic\u00edas realiz\u00f3 una intervenci\u00f3n en los predios de El Encanto, tras una denuncia de cuarto avasallamiento a tierras privadas en Guarayos, \u00e9stos fueron sorprendidos por personas asentadas en el lugar quienes los emboscaron y apuntaron con armas equipadas con miras l\u00e1ser; las fuerzas del orden no lograron arrestar a [&hellip;]\" \/>\n<meta property=\"og:url\" content=\"https:\/\/www.eldiario.net\/portal\/2024\/04\/14\/policias-no-pudieron-desalojar-avasalladores-de-guarayos\/\" \/>\n<meta property=\"og:site_name\" content=\"El Diario - Bolivia\" \/>\n<meta property=\"article:publisher\" content=\"https:\/\/www.facebook.com\/eldiario.bolivia\/\" \/>\n<meta property=\"article:published_time\" content=\"2024-04-14T10:16:54+00:00\" \/>\n<meta property=\"og:image\" content=\"https:\/\/www.eldiario.net\/portal\/wp-content\/uploads\/2024\/04\/14-AVAS.jpg\" \/>\n\t<meta property=\"og:image:width\" content=\"770\" \/>\n\t<meta property=\"og:image:height\" content=\"430\" \/>\n\t<meta property=\"og:image:type\" content=\"image\/jpeg\" \/>\n<meta name=\"author\" content=\"Jeanette\" \/>\n<meta name=\"twitter:card\" content=\"summary_large_image\" \/>\n<meta name=\"twitter:creator\" content=\"@eldiario_net\" \/>\n<meta name=\"twitter:site\" content=\"@eldiario_net\" \/>\n<meta name=\"twitter:label1\" content=\"Escrito por\" \/>\n\t<meta name=\"twitter:data1\" content=\"Jeanette\" \/>\n\t<meta name=\"twitter:label2\" content=\"Tiempo de lectura\" \/>\n\t<meta name=\"twitter:data2\" content=\"3 minutos\" \/>\n<script type=\"application\/ld+json\" class=\"yoast-schema-graph\">{\"@context\":\"https:\\\/\\\/schema.org\",\"@graph\":[{\"@type\":\"Article\",\"@id\":\"https:\\\/\\\/www.eldiario.net\\\/portal\\\/2024\\\/04\\\/14\\\/policias-no-pudieron-desalojar-avasalladores-de-guarayos\\\/#article\",\"isPartOf\":{\"@id\":\"https:\\\/\\\/www.eldiario.net\\\/portal\\\/2024\\\/04\\\/14\\\/policias-no-pudieron-desalojar-avasalladores-de-guarayos\\\/\"},\"author\":{\"name\":\"Jeanette\",\"@id\":\"https:\\\/\\\/www.eldiario.net\\\/portal\\\/#\\\/schema\\\/person\\\/f46445640444750d7d753ccd04ae01b7\"},\"headline\":\"Polic\u00edas no pudieron desalojar avasalladores de Guarayos\",\"datePublished\":\"2024-04-14T10:16:54+00:00\",\"mainEntityOfPage\":{\"@id\":\"https:\\\/\\\/www.eldiario.net\\\/portal\\\/2024\\\/04\\\/14\\\/policias-no-pudieron-desalojar-avasalladores-de-guarayos\\\/\"},\"wordCount\":529,\"commentCount\":0,\"publisher\":{\"@id\":\"https:\\\/\\\/www.eldiario.net\\\/portal\\\/#organization\"},\"image\":{\"@id\":\"https:\\\/\\\/www.eldiario.net\\\/portal\\\/2024\\\/04\\\/14\\\/policias-no-pudieron-desalojar-avasalladores-de-guarayos\\\/#primaryimage\"},\"thumbnailUrl\":\"https:\\\/\\\/www.eldiario.net\\\/portal\\\/wp-content\\\/uploads\\\/2024\\\/04\\\/14-AVAS.jpg\",\"articleSection\":[\"Sociedad - Seguridad\"],\"inLanguage\":\"es\",\"potentialAction\":[{\"@type\":\"CommentAction\",\"name\":\"Comment\",\"target\":[\"https:\\\/\\\/www.eldiario.net\\\/portal\\\/2024\\\/04\\\/14\\\/policias-no-pudieron-desalojar-avasalladores-de-guarayos\\\/#respond\"]}]},{\"@type\":\"WebPage\",\"@id\":\"https:\\\/\\\/www.eldiario.net\\\/portal\\\/2024\\\/04\\\/14\\\/policias-no-pudieron-desalojar-avasalladores-de-guarayos\\\/\",\"url\":\"https:\\\/\\\/www.eldiario.net\\\/portal\\\/2024\\\/04\\\/14\\\/policias-no-pudieron-desalojar-avasalladores-de-guarayos\\\/\",\"name\":\"Polic\u00edas no pudieron desalojar avasalladores de Guarayos - El Diario - Bolivia\",\"isPartOf\":{\"@id\":\"https:\\\/\\\/www.eldiario.net\\\/portal\\\/#website\"},\"primaryImageOfPage\":{\"@id\":\"https:\\\/\\\/www.eldiario.net\\\/portal\\\/2024\\\/04\\\/14\\\/policias-no-pudieron-desalojar-avasalladores-de-guarayos\\\/#primaryimage\"},\"image\":{\"@id\":\"https:\\\/\\\/www.eldiario.net\\\/portal\\\/2024\\\/04\\\/14\\\/policias-no-pudieron-desalojar-avasalladores-de-guarayos\\\/#primaryimage\"},\"thumbnailUrl\":\"https:\\\/\\\/www.eldiario.net\\\/portal\\\/wp-content\\\/uploads\\\/2024\\\/04\\\/14-AVAS.jpg\",\"datePublished\":\"2024-04-14T10:16:54+00:00\",\"breadcrumb\":{\"@id\":\"https:\\\/\\\/www.eldiario.net\\\/portal\\\/2024\\\/04\\\/14\\\/policias-no-pudieron-desalojar-avasalladores-de-guarayos\\\/#breadcrumb\"},\"inLanguage\":\"es\",\"potentialAction\":[{\"@type\":\"ReadAction\",\"target\":[\"https:\\\/\\\/www.eldiario.net\\\/portal\\\/2024\\\/04\\\/14\\\/policias-no-pudieron-desalojar-avasalladores-de-guarayos\\\/\"]}]},{\"@type\":\"ImageObject\",\"inLanguage\":\"es\",\"@id\":\"https:\\\/\\\/www.eldiario.net\\\/portal\\\/2024\\\/04\\\/14\\\/policias-no-pudieron-desalojar-avasalladores-de-guarayos\\\/#primaryimage\",\"url\":\"https:\\\/\\\/www.eldiario.net\\\/portal\\\/wp-content\\\/uploads\\\/2024\\\/04\\\/14-AVAS.jpg\",\"contentUrl\":\"https:\\\/\\\/www.eldiario.net\\\/portal\\\/wp-content\\\/uploads\\\/2024\\\/04\\\/14-AVAS.jpg\",\"width\":770,\"height\":430,\"caption\":\"Este es el cuarto caso de avasallamiento en Guarayos.\"},{\"@type\":\"BreadcrumbList\",\"@id\":\"https:\\\/\\\/www.eldiario.net\\\/portal\\\/2024\\\/04\\\/14\\\/policias-no-pudieron-desalojar-avasalladores-de-guarayos\\\/#breadcrumb\",\"itemListElement\":[{\"@type\":\"ListItem\",\"position\":1,\"name\":\"Portada\",\"item\":\"https:\\\/\\\/www.eldiario.net\\\/portal\\\/\"},{\"@type\":\"ListItem\",\"position\":2,\"name\":\"Polic\u00edas no pudieron desalojar avasalladores de Guarayos\"}]},{\"@type\":\"WebSite\",\"@id\":\"https:\\\/\\\/www.eldiario.net\\\/portal\\\/#website\",\"url\":\"https:\\\/\\\/www.eldiario.net\\\/portal\\\/\",\"name\":\"El Diario - Decano de la prensa nacional\",\"description\":\"El Diario - Decano de la prensa nacional\",\"publisher\":{\"@id\":\"https:\\\/\\\/www.eldiario.net\\\/portal\\\/#organization\"},\"potentialAction\":[{\"@type\":\"SearchAction\",\"target\":{\"@type\":\"EntryPoint\",\"urlTemplate\":\"https:\\\/\\\/www.eldiario.net\\\/portal\\\/?s={search_term_string}\"},\"query-input\":{\"@type\":\"PropertyValueSpecification\",\"valueRequired\":true,\"valueName\":\"search_term_string\"}}],\"inLanguage\":\"es\"},{\"@type\":\"Organization\",\"@id\":\"https:\\\/\\\/www.eldiario.net\\\/portal\\\/#organization\",\"name\":\"El Diario - Decano de la prensa nacional\",\"url\":\"https:\\\/\\\/www.eldiario.net\\\/portal\\\/\",\"logo\":{\"@type\":\"ImageObject\",\"inLanguage\":\"es\",\"@id\":\"https:\\\/\\\/www.eldiario.net\\\/portal\\\/#\\\/schema\\\/logo\\\/image\\\/\",\"url\":\"https:\\\/\\\/www.eldiario.net\\\/portal\\\/wp-content\\\/uploads\\\/2023\\\/07\\\/logo_ED.jpg\",\"contentUrl\":\"https:\\\/\\\/www.eldiario.net\\\/portal\\\/wp-content\\\/uploads\\\/2023\\\/07\\\/logo_ED.jpg\",\"width\":272,\"height\":52,\"caption\":\"El Diario - Decano de la prensa nacional\"},\"image\":{\"@id\":\"https:\\\/\\\/www.eldiario.net\\\/portal\\\/#\\\/schema\\\/logo\\\/image\\\/\"},\"sameAs\":[\"https:\\\/\\\/www.facebook.com\\\/eldiario.bolivia\\\/\",\"https:\\\/\\\/x.com\\\/eldiario_net\"]},{\"@type\":\"Person\",\"@id\":\"https:\\\/\\\/www.eldiario.net\\\/portal\\\/#\\\/schema\\\/person\\\/f46445640444750d7d753ccd04ae01b7\",\"name\":\"Jeanette\",\"image\":{\"@type\":\"ImageObject\",\"inLanguage\":\"es\",\"@id\":\"https:\\\/\\\/secure.gravatar.com\\\/avatar\\\/3ea2118a5f7dad2b7138b1187a6b7ee55f160b9968b66013c3a3ef39dd7e5798?s=96&d=mm&r=g\",\"url\":\"https:\\\/\\\/secure.gravatar.com\\\/avatar\\\/3ea2118a5f7dad2b7138b1187a6b7ee55f160b9968b66013c3a3ef39dd7e5798?s=96&d=mm&r=g\",\"contentUrl\":\"https:\\\/\\\/secure.gravatar.com\\\/avatar\\\/3ea2118a5f7dad2b7138b1187a6b7ee55f160b9968b66013c3a3ef39dd7e5798?s=96&d=mm&r=g\",\"caption\":\"Jeanette\"},\"sameAs\":[\"https:\\\/\\\/www.eldiario.net\\\/portal\"],\"url\":\"https:\\\/\\\/www.eldiario.net\\\/portal\\\/author\\\/jeanette\\\/\"}]}<\/script>\n<!-- \/ Yoast SEO plugin. -->","yoast_head_json":{"title":"Polic\u00edas no pudieron desalojar avasalladores de Guarayos - El Diario - Bolivia","robots":{"index":"index","follow":"follow","max-snippet":"max-snippet:-1","max-image-preview":"max-image-preview:large","max-video-preview":"max-video-preview:-1"},"canonical":"https:\/\/www.eldiario.net\/portal\/2024\/04\/14\/policias-no-pudieron-desalojar-avasalladores-de-guarayos\/","og_locale":"es_ES","og_type":"article","og_title":"Polic\u00edas no pudieron desalojar avasalladores de Guarayos - El Diario - Bolivia","og_description":"Luego de que un grupo de polic\u00edas realiz\u00f3 una intervenci\u00f3n en los predios de El Encanto, tras una denuncia de cuarto avasallamiento a tierras privadas en Guarayos, \u00e9stos fueron sorprendidos por personas asentadas en el lugar quienes los emboscaron y apuntaron con armas equipadas con miras l\u00e1ser; las fuerzas del orden no lograron arrestar a [&hellip;]","og_url":"https:\/\/www.eldiario.net\/portal\/2024\/04\/14\/policias-no-pudieron-desalojar-avasalladores-de-guarayos\/","og_site_name":"El Diario - Bolivia","article_publisher":"https:\/\/www.facebook.com\/eldiario.bolivia\/","article_published_time":"2024-04-14T10:16:54+00:00","og_image":[{"width":770,"height":430,"url":"https:\/\/www.eldiario.net\/portal\/wp-content\/uploads\/2024\/04\/14-AVAS.jpg","type":"image\/jpeg"}],"author":"Jeanette","twitter_card":"summary_large_image","twitter_creator":"@eldiario_net","twitter_site":"@eldiario_net","twitter_misc":{"Escrito por":"Jeanette","Tiempo de lectura":"3 minutos"},"schema":{"@context":"https:\/\/schema.org","@graph":[{"@type":"Article","@id":"https:\/\/www.eldiario.net\/portal\/2024\/04\/14\/policias-no-pudieron-desalojar-avasalladores-de-guarayos\/#article","isPartOf":{"@id":"https:\/\/www.eldiario.net\/portal\/2024\/04\/14\/policias-no-pudieron-desalojar-avasalladores-de-guarayos\/"},"author":{"name":"Jeanette","@id":"https:\/\/www.eldiario.net\/portal\/#\/schema\/person\/f46445640444750d7d753ccd04ae01b7"},"headline":"Polic\u00edas no pudieron desalojar avasalladores de Guarayos","datePublished":"2024-04-14T10:16:54+00:00","mainEntityOfPage":{"@id":"https:\/\/www.eldiario.net\/portal\/2024\/04\/14\/policias-no-pudieron-desalojar-avasalladores-de-guarayos\/"},"wordCount":529,"commentCount":0,"publisher":{"@id":"https:\/\/www.eldiario.net\/portal\/#organization"},"image":{"@id":"https:\/\/www.eldiario.net\/portal\/2024\/04\/14\/policias-no-pudieron-desalojar-avasalladores-de-guarayos\/#primaryimage"},"thumbnailUrl":"https:\/\/www.eldiario.net\/portal\/wp-content\/uploads\/2024\/04\/14-AVAS.jpg","articleSection":["Sociedad - Seguridad"],"inLanguage":"es","potentialAction":[{"@type":"CommentAction","name":"Comment","target":["https:\/\/www.eldiario.net\/portal\/2024\/04\/14\/policias-no-pudieron-desalojar-avasalladores-de-guarayos\/#respond"]}]},{"@type":"WebPage","@id":"https:\/\/www.eldiario.net\/portal\/2024\/04\/14\/policias-no-pudieron-desalojar-avasalladores-de-guarayos\/","url":"https:\/\/www.eldiario.net\/portal\/2024\/04\/14\/policias-no-pudieron-desalojar-avasalladores-de-guarayos\/","name":"Polic\u00edas no pudieron desalojar avasalladores de Guarayos - El Diario - Bolivia","isPartOf":{"@id":"https:\/\/www.eldiario.net\/portal\/#website"},"primaryImageOfPage":{"@id":"https:\/\/www.eldiario.net\/portal\/2024\/04\/14\/policias-no-pudieron-desalojar-avasalladores-de-guarayos\/#primaryimage"},"image":{"@id":"https:\/\/www.eldiario.net\/portal\/2024\/04\/14\/policias-no-pudieron-desalojar-avasalladores-de-guarayos\/#primaryimage"},"thumbnailUrl":"https:\/\/www.eldiario.net\/portal\/wp-content\/uploads\/2024\/04\/14-AVAS.jpg","datePublished":"2024-04-14T10:16:54+00:00","breadcrumb":{"@id":"https:\/\/www.eldiario.net\/portal\/2024\/04\/14\/policias-no-pudieron-desalojar-avasalladores-de-guarayos\/#breadcrumb"},"inLanguage":"es","potentialAction":[{"@type":"ReadAction","target":["https:\/\/www.eldiario.net\/portal\/2024\/04\/14\/policias-no-pudieron-desalojar-avasalladores-de-guarayos\/"]}]},{"@type":"ImageObject","inLanguage":"es","@id":"https:\/\/www.eldiario.net\/portal\/2024\/04\/14\/policias-no-pudieron-desalojar-avasalladores-de-guarayos\/#primaryimage","url":"https:\/\/www.eldiario.net\/portal\/wp-content\/uploads\/2024\/04\/14-AVAS.jpg","contentUrl":"https:\/\/www.eldiario.net\/portal\/wp-content\/uploads\/2024\/04\/14-AVAS.jpg","width":770,"height":430,"caption":"Este es el cuarto caso de avasallamiento en Guarayos."},{"@type":"BreadcrumbList","@id":"https:\/\/www.eldiario.net\/portal\/2024\/04\/14\/policias-no-pudieron-desalojar-avasalladores-de-guarayos\/#breadcrumb","itemListElement":[{"@type":"ListItem","position":1,"name":"Portada","item":"https:\/\/www.eldiario.net\/portal\/"},{"@type":"ListItem","position":2,"name":"Polic\u00edas no pudieron desalojar avasalladores de Guarayos"}]},{"@type":"WebSite","@id":"https:\/\/www.eldiario.net\/portal\/#website","url":"https:\/\/www.eldiario.net\/portal\/","name":"El Diario - Decano de la prensa nacional","description":"El Diario - Decano de la prensa nacional","publisher":{"@id":"https:\/\/www.eldiario.net\/portal\/#organization"},"potentialAction":[{"@type":"SearchAction","target":{"@type":"EntryPoint","urlTemplate":"https:\/\/www.eldiario.net\/portal\/?s={search_term_string}"},"query-input":{"@type":"PropertyValueSpecification","valueRequired":true,"valueName":"search_term_string"}}],"inLanguage":"es"},{"@type":"Organization","@id":"https:\/\/www.eldiario.net\/portal\/#organization","name":"El Diario - Decano de la prensa nacional","url":"https:\/\/www.eldiario.net\/portal\/","logo":{"@type":"ImageObject","inLanguage":"es","@id":"https:\/\/www.eldiario.net\/portal\/#\/schema\/logo\/image\/","url":"https:\/\/www.eldiario.net\/portal\/wp-content\/uploads\/2023\/07\/logo_ED.jpg","contentUrl":"https:\/\/www.eldiario.net\/portal\/wp-content\/uploads\/2023\/07\/logo_ED.jpg","width":272,"height":52,"caption":"El Diario - Decano de la prensa nacional"},"image":{"@id":"https:\/\/www.eldiario.net\/portal\/#\/schema\/logo\/image\/"},"sameAs":["https:\/\/www.facebook.com\/eldiario.bolivia\/","https:\/\/x.com\/eldiario_net"]},{"@type":"Person","@id":"https:\/\/www.eldiario.net\/portal\/#\/schema\/person\/f46445640444750d7d753ccd04ae01b7","name":"Jeanette","image":{"@type":"ImageObject","inLanguage":"es","@id":"https:\/\/secure.gravatar.com\/avatar\/3ea2118a5f7dad2b7138b1187a6b7ee55f160b9968b66013c3a3ef39dd7e5798?s=96&d=mm&r=g","url":"https:\/\/secure.gravatar.com\/avatar\/3ea2118a5f7dad2b7138b1187a6b7ee55f160b9968b66013c3a3ef39dd7e5798?s=96&d=mm&r=g","contentUrl":"https:\/\/secure.gravatar.com\/avatar\/3ea2118a5f7dad2b7138b1187a6b7ee55f160b9968b66013c3a3ef39dd7e5798?s=96&d=mm&r=g","caption":"Jeanette"},"sameAs":["https:\/\/www.eldiario.net\/portal"],"url":"https:\/\/www.eldiario.net\/portal\/author\/jeanette\/"}]}},"_links":{"self":[{"href":"https:\/\/www.eldiario.net\/portal\/wp-json\/wp\/v2\/posts\/214123","targetHints":{"allow":["GET"]}}],"collection":[{"href":"https:\/\/www.eldiario.net\/portal\/wp-json\/wp\/v2\/posts"}],"about":[{"href":"https:\/\/www.eldiario.net\/portal\/wp-json\/wp\/v2\/types\/post"}],"author":[{"embeddable":true,"href":"https:\/\/www.eldiario.net\/portal\/wp-json\/wp\/v2\/users\/1"}],"replies":[{"embeddable":true,"href":"https:\/\/www.eldiario.net\/portal\/wp-json\/wp\/v2\/comments?post=214123"}],"version-history":[{"count":1,"href":"https:\/\/www.eldiario.net\/portal\/wp-json\/wp\/v2\/posts\/214123\/revisions"}],"predecessor-version":[{"id":214125,"href":"https:\/\/www.eldiario.net\/portal\/wp-json\/wp\/v2\/posts\/214123\/revisions\/214125"}],"wp:featuredmedia":[{"embeddable":true,"href":"https:\/\/www.eldiario.net\/portal\/wp-json\/wp\/v2\/media\/214124"}],"wp:attachment":[{"href":"https:\/\/www.eldiario.net\/portal\/wp-json\/wp\/v2\/media?parent=214123"}],"wp:term":[{"taxonomy":"category","embeddable":true,"href":"https:\/\/www.eldiario.net\/portal\/wp-json\/wp\/v2\/categories?post=214123"},{"taxonomy":"post_tag","embeddable":true,"href":"https:\/\/www.eldiario.net\/portal\/wp-json\/wp\/v2\/tags?post=214123"}],"curies":[{"name":"wp","href":"https:\/\/api.w.org\/{rel}","templated":true}]}}