{"id":214014,"date":"2024-04-13T07:19:51","date_gmt":"2024-04-13T11:19:51","guid":{"rendered":"https:\/\/www.eldiario.net\/portal\/?p=214014"},"modified":"2024-04-13T07:19:51","modified_gmt":"2024-04-13T11:19:51","slug":"javvi-elias-lo-mejor-esta-por-suceder","status":"publish","type":"post","link":"https:\/\/www.eldiario.net\/portal\/2024\/04\/13\/javvi-elias-lo-mejor-esta-por-suceder\/","title":{"rendered":"JAVVI ELIAS \u201cLo mejor est\u00e1 por suceder\u201d"},"content":{"rendered":"<p>Dos pa\u00edses se enorgullecen al anunciar la graduaci\u00f3n de Javvi Elias como actor de la destacada Academia HAPA en Los \u00c1ngeles, EEUU.<\/p>\n<p>Nacido en la vibrante fusi\u00f3n cultural entre Bolivia y Chile, Javvi Elias ha demostrado un excepcional talento art\u00edstico que lo ha llevado a alcanzar este importante logro en su carrera.<\/p>\n<p>La Academia HAPA, reconocida por su excelencia en la formaci\u00f3n de actores y artistas de renombre mundial, ha sido la plataforma donde Javvi ha perfeccionado sus habilidades esc\u00e9nicas bajo la tutela de distinguidos mentores. Entre ellos, destacan figuras de la talla del aclamado actor boliviano de Hollywood Reynaldo Pacheco, cuyo legado en la industria cinematogr\u00e1fica es ampliamente reconocido. Pacheco, mentor de estrellas de la talla de Karol G, Kendall Jenner, Camila Marrone y Danny Lema, ha guiado a Javvi con su experiencia invaluable, ayud\u00e1ndolo a desarrollar un enfoque \u00fanico y una perspectiva art\u00edstica distintiva.<\/p>\n<p>Asimismo, Javvi Elias ha sido influenciado y asesorado por la reconocida actriz y directora de cine y casting boliviana Danny Lema, cuyo talento y dedicaci\u00f3n han marcado un impacto significativo en la industria del arte y el cine boliviano. Con su orientaci\u00f3n, Javvi ha explorado nuevos horizontes creativos y ha cultivado un profundo entendimiento del arte de la actuaci\u00f3n.<\/p>\n<p>\u00abLa graduaci\u00f3n de Javvi Elias es un hito clave en su carrera art\u00edstica. Ya es un actor certificado por Hollywood y est\u00e1 m\u00e1s listo que nunca para interpretar papeles protag\u00f3nicos en pel\u00edculas de primer nivel. Es un actor altamente vers\u00e1til y profundo\u00bb, coment\u00f3 Reynaldo Pacheco, fundador de la academia HAPA y actor de pel\u00edculas como \u2018Experta en Crisis\u2019 junto a Sandra Bullock.<\/p>\n<p>\u00abEstamos seguros de que Javvi continuar\u00e1 brillando en el escenario y en la pantalla, inspirando a audiencias de todo el mundo con su talento excepcional\u00bb, agreg\u00f3 Pacheco, seg\u00fan menciona la nota de prensa del equipo de relaciones p\u00fablicas del joven artista boliviano.<\/p>\n<p>Javvi Elias se embarca ahora en el siguiente cap\u00edtulo de su carrera, lleno de promesas y oportunidades ilimitadas. Alista su pr\u00f3ximo lanzamiento musical \u2018\u2019Merezco perderte\u2019\u2019, una canci\u00f3n pop rock que tendr\u00e1 un videoclip interpretado por la actriz de Amazon Prime Jesu Haran y el modelo y presentador de TVN Roon Antonio, bajo la direcci\u00f3n de I\u00f1aki Vel\u00e1squez, considerado como uno de los mejores directores de cine de Chile<\/p>\n<p>Como no pod\u00eda ser de otra manera, La Gu\u00eda convers\u00f3 con Javvi Elias y esto fue lo que nos cont\u00f3.<\/p>\n<p><strong>LG: \u00bfQu\u00e9 signific\u00f3 para ti haberte graduado como actor de la Academia HAPA?<\/strong><\/p>\n<p>J: Es un privilegio, pero al mismo tiempo es tan solo uno de muchos pasos que debo seguir dando para seguir aprendiendo y nutriendo mi actuaci\u00f3n. Estudi\u00e9 dos a\u00f1os, me gradu\u00e9 y ya soy un actor certificado en Hollywood. La meta es seguir estudiando y audicionar para papeles que yo pueda dignificar con mi trabajo.<\/p>\n<p><strong>LG: \u00bfC\u00f3mo va a influir este logro en tu carrera art\u00edstica?<\/strong><\/p>\n<p>J: Art\u00edsticamente va a llevarme a niveles estratosf\u00e9ricos. No se imaginan lo conectado que est\u00e1 el ser actor y cantante. De hecho, he visto c\u00f3mo fui evolucionando en mis presentaciones e interpretaciones musicales gracias a la actuaci\u00f3n y viceversa. Es lo \u00fanico que me importa, crecer art\u00edsticamente. Porque en el momento en el que crees que esto se trata de fama, simplemente est\u00e1s arruin\u00e1ndote.<\/p>\n<p><strong>LG: \u00bfQu\u00e9 nos puedes adelantar de tu pr\u00f3ximo lanzamiento \u201cMerezco perderte\u201d?<\/strong><\/p>\n<p>J: Primero: Es un lanzamiento demasiado evolutivo. Lo que logramos con la producci\u00f3n musical es exquisito y lo que logramos con el videoclip es impresionante. Las actuaciones, los escenarios, todo est\u00e1 en otro nivel. Tengo la bendici\u00f3n de haber contado con un equipo altamente profesional y capaz de todo. I\u00f1aki Vel\u00e1squez es el mejor director de Santiago de Chile, su equipo es el mismo con el que produce sus series y pel\u00edculas, y los actores Jesu Haran y Roon Antonio son actores de elite. Jesu acaba de grabar dos pel\u00edculas para Amazon Prime y Roon es la estrella joven m\u00e1s grande de la televisi\u00f3n chilena.<\/p>\n<p>La canci\u00f3n la escrib\u00ed y co-produje yo junto a mi productor Mauricio Alessio. La canci\u00f3n se trata de c\u00f3mo decir cu\u00e1nto lo sientes cuando lastimaste a alguien, en vez de justificarte.<\/p>\n<p><strong>LG: \u00bfCu\u00e1ndo lo lanzar\u00e1s?<\/strong><\/p>\n<p>J: Este 19 de abril es el estreno a nivel internacional.<\/p>\n<p><strong>LG: \u00bfCu\u00e1ntos a\u00f1os ya llevas en la m\u00fasica?<\/strong><\/p>\n<p>J: Como corredor de marat\u00f3n musical en esta carrera llevo ocho a\u00f1os. Como Javvi Elias llevo dos a\u00f1os.<\/p>\n<p><strong>LG: \u00bfQu\u00e9 fue lo mejor?<\/strong><\/p>\n<p>J: Todo fue bueno. Lo mejor est\u00e1 por suceder.<\/p>\n<p><strong>LG: \u00bfC\u00f3mo te defines como m\u00fasico?<\/strong><\/p>\n<p>J: No soy m\u00fasico, no me veo as\u00ed. Soy algo m\u00e1s que eso. Yo soy Javvi Elias, el artista que causar\u00e1 revoluciones en la m\u00fasica y el arte.<\/p>\n<p><strong>LG: \u00bfCu\u00e1l es tu mayor sue\u00f1o como artista?<\/strong><\/p>\n<p>J: Tener a mi familia cerca y unida para siempre, mientras yo sigo siendo un artista en todo el esplendor.<\/p>\n<p><strong>LG: \u00bfDeseas agregar algo?<\/strong><\/p>\n<p>J: Prefiero seguir demostrando las cosas con hechos. As\u00ed que hasta ac\u00e1 estoy bien.<\/p>\n<p><strong>EL ARTISTA<\/strong><\/p>\n<p>Javvi Elias es un cantante, compositor y productor boliviano de g\u00e9nero Pop, con una versatilidad ilimitada. Es ganador de tres Premios Maya (Bolivia) a \u00bbArtista Revelaci\u00f3n del A\u00f1o\u00bb, \u00bbArtista con Mayor Proyecci\u00f3n Internacional\u00bb y \u00bbArtista del A\u00f1o 2023\u00bb. Tambi\u00e9n fue ganador del Bolivia Music Award a \u00bbMejor Artista Pop del A\u00f1o\u2019\u2019 por dos a\u00f1os consecutivos (2022-2023).<\/p>\n<p>Debut\u00f3 con su proyecto solista el 17 de junio de 2022 con el sencillo \u00abDesconoci2&#8243;. Se coloc\u00f3 en el Puesto #1 del Top 50 Spotify Bolivia, permaneciendo en el Ranking por m\u00e1s de 35 d\u00edas junto a su segundo lanzamiento \u00bbEl Universo A Tu Favor\u00bb en el Puesto #7, convirti\u00e9ndose en el primer artista boliviano en obtener dos canciones virales en esta playlist. Como compositor e int\u00e9rprete, en 2023 lleg\u00f3 a la final del concurso de compositores m\u00e1s importante del mundo: &#8216;International Songwriting Competition\u00bb, con la canci\u00f3n \u00bbDesconoci2\u00bb, clasific\u00e1ndose entre m\u00e1s de 26.000 artistas de150 pa\u00edses. Fue calificado por los jurados Chayanne y Gloria Estefan. En 2024 lanz\u00f3 su primera colaboraci\u00f3n junto al artista boliviano Luis Vega, \u2018\u2019Voy A Desaparecer\u2019\u2019, sumando un mill\u00f3n de reproducciones en YouTube en tan solo dos semanas de estreno y medio mill\u00f3n en Spotify. Alcanz\u00f3 el puesto #9 en el Top 50 de Spotify Bolivia y el puesto #5 del Top 100 de Apple Music Bolivia.<\/p>\n\r\n                <style type=\"text\/css\">\r\n                    \r\n                    #tdi_1  .td-doubleSlider-2 .td-item1 {\r\n                        background: url(https:\/\/www.eldiario.net\/portal\/wp-content\/uploads\/2024\/04\/1PRINCIPAL-5-80x60.jpg) 0 0 no-repeat;\r\n                    }\r\n                    #tdi_1  .td-doubleSlider-2 .td-item2 {\r\n                        background: url(https:\/\/www.eldiario.net\/portal\/wp-content\/uploads\/2024\/04\/2-5-80x60.jpg) 0 0 no-repeat;\r\n                    }\r\n                    #tdi_1  .td-doubleSlider-2 .td-item3 {\r\n                        background: url(https:\/\/www.eldiario.net\/portal\/wp-content\/uploads\/2024\/04\/3-5-80x60.jpg) 0 0 no-repeat;\r\n                    }\r\n                    #tdi_1  .td-doubleSlider-2 .td-item4 {\r\n                        background: url(https:\/\/www.eldiario.net\/portal\/wp-content\/uploads\/2024\/04\/4-7-80x60.jpg) 0 0 no-repeat;\r\n                    }\r\n                    #tdi_1  .td-doubleSlider-2 .td-item5 {\r\n                        background: url(https:\/\/www.eldiario.net\/portal\/wp-content\/uploads\/2024\/04\/5-4-80x60.jpg) 0 0 no-repeat;\r\n                    }\r\n                    #tdi_1  .td-doubleSlider-2 .td-item6 {\r\n                        background: url(https:\/\/www.eldiario.net\/portal\/wp-content\/uploads\/2024\/04\/6-3-80x60.jpg) 0 0 no-repeat;\r\n                    }\r\n                <\/style>\r\n\r\n                <div id=\"tdi_1\" class=\"td-gallery td-slide-on-2-columns\">\r\n                    <div class=\"post_td_gallery\">\r\n                        <div class=\"td-gallery-slide-top\">\r\n                           <div class=\"td-gallery-title\"><\/div>\r\n\r\n                            <div class=\"td-gallery-controls-wrapper\">\r\n                                <div class=\"td-gallery-slide-count\"><span class=\"td-gallery-slide-item-focus\">1<\/span> de 6<\/div>\r\n                                <div class=\"td-gallery-slide-prev-next-but\">\r\n                                    <i class = \"td-icon-left doubleSliderPrevButton\"><\/i>\r\n                                    <i class = \"td-icon-right doubleSliderNextButton\"><\/i>\r\n                                <\/div>\r\n                            <\/div>\r\n                        <\/div>\r\n\r\n                        <div class = \"td-doubleSlider-1 \">\r\n                            <div class = \"td-slider\">\r\n                                \r\n                    <div class = \"td-slide-item td-item1\">\r\n                        <figure class=\"td-slide-galery-figure td-slide-popup-gallery\">\r\n                            <a class=\"slide-gallery-image-link\" href=\"https:\/\/www.eldiario.net\/portal\/wp-content\/uploads\/2024\/04\/1PRINCIPAL-5.jpg\" title=\"1PRINCIPAL\"  data-caption=\"\"  data-description=\"\">\r\n                                <img decoding=\"async\" src=\"https:\/\/www.eldiario.net\/portal\/wp-content\/uploads\/2024\/04\/1PRINCIPAL-5-690x420.jpg\" srcset=\"https:\/\/www.eldiario.net\/portal\/wp-content\/uploads\/2024\/04\/1PRINCIPAL-5-690x420.jpg 690w, https:\/\/www.eldiario.net\/portal\/wp-content\/uploads\/2024\/04\/1PRINCIPAL-5-300x183.jpg 300w, https:\/\/www.eldiario.net\/portal\/wp-content\/uploads\/2024\/04\/1PRINCIPAL-5-1024x623.jpg 1024w, https:\/\/www.eldiario.net\/portal\/wp-content\/uploads\/2024\/04\/1PRINCIPAL-5-768x467.jpg 768w, https:\/\/www.eldiario.net\/portal\/wp-content\/uploads\/2024\/04\/1PRINCIPAL-5-1536x935.jpg 1536w, https:\/\/www.eldiario.net\/portal\/wp-content\/uploads\/2024\/04\/1PRINCIPAL-5-2048x1247.jpg 2048w, https:\/\/www.eldiario.net\/portal\/wp-content\/uploads\/2024\/04\/1PRINCIPAL-5-696x424.jpg 696w, https:\/\/www.eldiario.net\/portal\/wp-content\/uploads\/2024\/04\/1PRINCIPAL-5-1068x650.jpg 1068w, https:\/\/www.eldiario.net\/portal\/wp-content\/uploads\/2024\/04\/1PRINCIPAL-5-1920x1169.jpg 1920w\" sizes=\"(max-width: 690px) 100vw, 690px\" alt=\"\">\r\n                            <\/a>\r\n                            \r\n                        <\/figure>\r\n                    <\/div>\r\n                    <div class = \"td-slide-item td-item2\">\r\n                        <figure class=\"td-slide-galery-figure td-slide-popup-gallery\">\r\n                            <a class=\"slide-gallery-image-link\" href=\"https:\/\/www.eldiario.net\/portal\/wp-content\/uploads\/2024\/04\/2-5-scaled.jpg\" title=\"2\"  data-caption=\"\"  data-description=\"\">\r\n                                <img decoding=\"async\" src=\"https:\/\/www.eldiario.net\/portal\/wp-content\/uploads\/2024\/04\/2-5-315x420.jpg\" srcset=\"https:\/\/www.eldiario.net\/portal\/wp-content\/uploads\/2024\/04\/2-5-315x420.jpg 315w, https:\/\/www.eldiario.net\/portal\/wp-content\/uploads\/2024\/04\/2-5-225x300.jpg 225w, https:\/\/www.eldiario.net\/portal\/wp-content\/uploads\/2024\/04\/2-5-768x1024.jpg 768w, https:\/\/www.eldiario.net\/portal\/wp-content\/uploads\/2024\/04\/2-5-1152x1536.jpg 1152w, https:\/\/www.eldiario.net\/portal\/wp-content\/uploads\/2024\/04\/2-5-1536x2048.jpg 1536w, https:\/\/www.eldiario.net\/portal\/wp-content\/uploads\/2024\/04\/2-5-696x928.jpg 696w, https:\/\/www.eldiario.net\/portal\/wp-content\/uploads\/2024\/04\/2-5-1068x1424.jpg 1068w, https:\/\/www.eldiario.net\/portal\/wp-content\/uploads\/2024\/04\/2-5-scaled.jpg 1920w\" sizes=\"(max-width: 315px) 100vw, 315px\" alt=\"\">\r\n                            <\/a>\r\n                            \r\n                        <\/figure>\r\n                    <\/div>\r\n                    <div class = \"td-slide-item td-item3\">\r\n                        <figure class=\"td-slide-galery-figure td-slide-popup-gallery\">\r\n                            <a class=\"slide-gallery-image-link\" href=\"https:\/\/www.eldiario.net\/portal\/wp-content\/uploads\/2024\/04\/3-5-scaled.jpg\" title=\"3\"  data-caption=\"\"  data-description=\"\">\r\n                                <img decoding=\"async\" src=\"https:\/\/www.eldiario.net\/portal\/wp-content\/uploads\/2024\/04\/3-5-525x420.jpg\" srcset=\"https:\/\/www.eldiario.net\/portal\/wp-content\/uploads\/2024\/04\/3-5-525x420.jpg 525w, https:\/\/www.eldiario.net\/portal\/wp-content\/uploads\/2024\/04\/3-5-300x240.jpg 300w, https:\/\/www.eldiario.net\/portal\/wp-content\/uploads\/2024\/04\/3-5-1024x819.jpg 1024w, https:\/\/www.eldiario.net\/portal\/wp-content\/uploads\/2024\/04\/3-5-768x614.jpg 768w, https:\/\/www.eldiario.net\/portal\/wp-content\/uploads\/2024\/04\/3-5-1536x1229.jpg 1536w, https:\/\/www.eldiario.net\/portal\/wp-content\/uploads\/2024\/04\/3-5-2048x1639.jpg 2048w, https:\/\/www.eldiario.net\/portal\/wp-content\/uploads\/2024\/04\/3-5-696x557.jpg 696w, https:\/\/www.eldiario.net\/portal\/wp-content\/uploads\/2024\/04\/3-5-1068x855.jpg 1068w, https:\/\/www.eldiario.net\/portal\/wp-content\/uploads\/2024\/04\/3-5-1920x1536.jpg 1920w\" sizes=\"(max-width: 525px) 100vw, 525px\" alt=\"\">\r\n                            <\/a>\r\n                            \r\n                        <\/figure>\r\n                    <\/div>\r\n                    <div class = \"td-slide-item td-item4\">\r\n                        <figure class=\"td-slide-galery-figure td-slide-popup-gallery\">\r\n                            <a class=\"slide-gallery-image-link\" href=\"https:\/\/www.eldiario.net\/portal\/wp-content\/uploads\/2024\/04\/4-7-scaled.jpg\" title=\"4-(7)\"  data-caption=\"\"  data-description=\"\">\r\n                                <img decoding=\"async\" src=\"https:\/\/www.eldiario.net\/portal\/wp-content\/uploads\/2024\/04\/4-7-420x420.jpg\" srcset=\"https:\/\/www.eldiario.net\/portal\/wp-content\/uploads\/2024\/04\/4-7-420x420.jpg 420w, https:\/\/www.eldiario.net\/portal\/wp-content\/uploads\/2024\/04\/4-7-300x300.jpg 300w, https:\/\/www.eldiario.net\/portal\/wp-content\/uploads\/2024\/04\/4-7-1024x1024.jpg 1024w, https:\/\/www.eldiario.net\/portal\/wp-content\/uploads\/2024\/04\/4-7-150x150.jpg 150w, https:\/\/www.eldiario.net\/portal\/wp-content\/uploads\/2024\/04\/4-7-768x768.jpg 768w, https:\/\/www.eldiario.net\/portal\/wp-content\/uploads\/2024\/04\/4-7-1536x1536.jpg 1536w, https:\/\/www.eldiario.net\/portal\/wp-content\/uploads\/2024\/04\/4-7-2048x2048.jpg 2048w, https:\/\/www.eldiario.net\/portal\/wp-content\/uploads\/2024\/04\/4-7-696x696.jpg 696w, https:\/\/www.eldiario.net\/portal\/wp-content\/uploads\/2024\/04\/4-7-1068x1068.jpg 1068w, https:\/\/www.eldiario.net\/portal\/wp-content\/uploads\/2024\/04\/4-7-1920x1920.jpg 1920w\" sizes=\"(max-width: 420px) 100vw, 420px\" alt=\"\">\r\n                            <\/a>\r\n                            \r\n                        <\/figure>\r\n                    <\/div>\r\n                    <div class = \"td-slide-item td-item5\">\r\n                        <figure class=\"td-slide-galery-figure td-slide-popup-gallery\">\r\n                            <a class=\"slide-gallery-image-link\" href=\"https:\/\/www.eldiario.net\/portal\/wp-content\/uploads\/2024\/04\/5-4-scaled.jpg\" title=\"5\"  data-caption=\"\"  data-description=\"\">\r\n                                <img decoding=\"async\" src=\"https:\/\/www.eldiario.net\/portal\/wp-content\/uploads\/2024\/04\/5-4-315x420.jpg\" srcset=\"https:\/\/www.eldiario.net\/portal\/wp-content\/uploads\/2024\/04\/5-4-315x420.jpg 315w, https:\/\/www.eldiario.net\/portal\/wp-content\/uploads\/2024\/04\/5-4-225x300.jpg 225w, https:\/\/www.eldiario.net\/portal\/wp-content\/uploads\/2024\/04\/5-4-768x1024.jpg 768w, https:\/\/www.eldiario.net\/portal\/wp-content\/uploads\/2024\/04\/5-4-1152x1536.jpg 1152w, https:\/\/www.eldiario.net\/portal\/wp-content\/uploads\/2024\/04\/5-4-1536x2048.jpg 1536w, https:\/\/www.eldiario.net\/portal\/wp-content\/uploads\/2024\/04\/5-4-696x928.jpg 696w, https:\/\/www.eldiario.net\/portal\/wp-content\/uploads\/2024\/04\/5-4-1068x1424.jpg 1068w, https:\/\/www.eldiario.net\/portal\/wp-content\/uploads\/2024\/04\/5-4-scaled.jpg 1920w\" sizes=\"(max-width: 315px) 100vw, 315px\" alt=\"\">\r\n                            <\/a>\r\n                            \r\n                        <\/figure>\r\n                    <\/div>\r\n                    <div class = \"td-slide-item td-item6\">\r\n                        <figure class=\"td-slide-galery-figure td-slide-popup-gallery\">\r\n                            <a class=\"slide-gallery-image-link\" href=\"https:\/\/www.eldiario.net\/portal\/wp-content\/uploads\/2024\/04\/6-3-scaled.jpg\" title=\"6\"  data-caption=\"\"  data-description=\"\">\r\n                                <img decoding=\"async\" src=\"https:\/\/www.eldiario.net\/portal\/wp-content\/uploads\/2024\/04\/6-3-315x420.jpg\" srcset=\"https:\/\/www.eldiario.net\/portal\/wp-content\/uploads\/2024\/04\/6-3-315x420.jpg 315w, https:\/\/www.eldiario.net\/portal\/wp-content\/uploads\/2024\/04\/6-3-225x300.jpg 225w, https:\/\/www.eldiario.net\/portal\/wp-content\/uploads\/2024\/04\/6-3-768x1024.jpg 768w, https:\/\/www.eldiario.net\/portal\/wp-content\/uploads\/2024\/04\/6-3-1152x1536.jpg 1152w, https:\/\/www.eldiario.net\/portal\/wp-content\/uploads\/2024\/04\/6-3-1536x2048.jpg 1536w, https:\/\/www.eldiario.net\/portal\/wp-content\/uploads\/2024\/04\/6-3-696x928.jpg 696w, https:\/\/www.eldiario.net\/portal\/wp-content\/uploads\/2024\/04\/6-3-1068x1424.jpg 1068w, https:\/\/www.eldiario.net\/portal\/wp-content\/uploads\/2024\/04\/6-3-scaled.jpg 1920w\" sizes=\"(max-width: 315px) 100vw, 315px\" alt=\"\">\r\n                            <\/a>\r\n                            \r\n                        <\/figure>\r\n                    <\/div>\r\n                            <\/div>\r\n                        <\/div>\r\n\r\n                        <div class = \"td-doubleSlider-2\">\r\n                            <div class = \"td-slider\">\r\n                                \r\n                    <div class = \"td-button td-item1\">\r\n                        <div class = \"td-border\"><\/div>\r\n                    <\/div>\r\n                    <div class = \"td-button td-item2\">\r\n                        <div class = \"td-border\"><\/div>\r\n                    <\/div>\r\n                    <div class = \"td-button td-item3\">\r\n                        <div class = \"td-border\"><\/div>\r\n                    <\/div>\r\n                    <div class = \"td-button td-item4\">\r\n                        <div class = \"td-border\"><\/div>\r\n                    <\/div>\r\n                    <div class = \"td-button td-item5\">\r\n                        <div class = \"td-border\"><\/div>\r\n                    <\/div>\r\n                    <div class = \"td-button td-item6\">\r\n                        <div class = \"td-border\"><\/div>\r\n                    <\/div>\r\n                            <\/div>\r\n                        <\/div>\r\n\r\n                    <\/div>\r\n\r\n                <\/div>\r\n                \n","protected":false},"excerpt":{"rendered":"<p>Dos pa\u00edses se enorgullecen al anunciar la graduaci\u00f3n de Javvi Elias como actor de la destacada Academia HAPA en Los \u00c1ngeles, EEUU. Nacido en la vibrante fusi\u00f3n cultural entre Bolivia y Chile, Javvi Elias ha demostrado un excepcional talento art\u00edstico que lo ha llevado a alcanzar este importante logro en su carrera. La Academia HAPA, [&hellip;]<\/p>\n","protected":false},"author":1,"featured_media":214015,"comment_status":"open","ping_status":"open","sticky":false,"template":"","format":"standard","meta":{"_acf_changed":false,"footnotes":""},"categories":[41],"tags":[],"class_list":["post-214014","post","type-post","status-publish","format-standard","has-post-thumbnail","category-la-guia"],"acf":{"antetitulo":""},"yoast_head":"<!-- This site is optimized with the Yoast SEO plugin v28.4 - https:\/\/yoast.com\/product\/yoast-seo-wordpress\/ -->\n<title>JAVVI ELIAS \u201cLo mejor est\u00e1 por suceder\u201d - El Diario - Bolivia<\/title>\n<meta name=\"robots\" content=\"index, follow, max-snippet:-1, max-image-preview:large, max-video-preview:-1\" \/>\n<link rel=\"canonical\" href=\"https:\/\/www.eldiario.net\/portal\/2024\/04\/13\/javvi-elias-lo-mejor-esta-por-suceder\/\" \/>\n<meta property=\"og:locale\" content=\"es_ES\" \/>\n<meta property=\"og:type\" content=\"article\" \/>\n<meta property=\"og:title\" content=\"JAVVI ELIAS \u201cLo mejor est\u00e1 por suceder\u201d - El Diario - Bolivia\" \/>\n<meta property=\"og:description\" content=\"Dos pa\u00edses se enorgullecen al anunciar la graduaci\u00f3n de Javvi Elias como actor de la destacada Academia HAPA en Los \u00c1ngeles, EEUU. Nacido en la vibrante fusi\u00f3n cultural entre Bolivia y Chile, Javvi Elias ha demostrado un excepcional talento art\u00edstico que lo ha llevado a alcanzar este importante logro en su carrera. La Academia HAPA, [&hellip;]\" \/>\n<meta property=\"og:url\" content=\"https:\/\/www.eldiario.net\/portal\/2024\/04\/13\/javvi-elias-lo-mejor-esta-por-suceder\/\" \/>\n<meta property=\"og:site_name\" content=\"El Diario - Bolivia\" \/>\n<meta property=\"article:publisher\" content=\"https:\/\/www.facebook.com\/eldiario.bolivia\/\" \/>\n<meta property=\"article:published_time\" content=\"2024-04-13T11:19:51+00:00\" \/>\n<meta property=\"og:image\" content=\"https:\/\/www.eldiario.net\/portal\/wp-content\/uploads\/2024\/04\/1PRINCIPAL-5.jpg\" \/>\n\t<meta property=\"og:image:width\" content=\"2484\" \/>\n\t<meta property=\"og:image:height\" content=\"1512\" \/>\n\t<meta property=\"og:image:type\" content=\"image\/jpeg\" \/>\n<meta name=\"author\" content=\"Jeanette\" \/>\n<meta name=\"twitter:card\" content=\"summary_large_image\" \/>\n<meta name=\"twitter:creator\" content=\"@eldiario_net\" \/>\n<meta name=\"twitter:site\" content=\"@eldiario_net\" \/>\n<meta name=\"twitter:label1\" content=\"Escrito por\" \/>\n\t<meta name=\"twitter:data1\" content=\"Jeanette\" \/>\n\t<meta name=\"twitter:label2\" content=\"Tiempo de lectura\" \/>\n\t<meta name=\"twitter:data2\" content=\"5 minutos\" \/>\n<script type=\"application\/ld+json\" class=\"yoast-schema-graph\">{\"@context\":\"https:\\\/\\\/schema.org\",\"@graph\":[{\"@type\":\"Article\",\"@id\":\"https:\\\/\\\/www.eldiario.net\\\/portal\\\/2024\\\/04\\\/13\\\/javvi-elias-lo-mejor-esta-por-suceder\\\/#article\",\"isPartOf\":{\"@id\":\"https:\\\/\\\/www.eldiario.net\\\/portal\\\/2024\\\/04\\\/13\\\/javvi-elias-lo-mejor-esta-por-suceder\\\/\"},\"author\":{\"name\":\"Jeanette\",\"@id\":\"https:\\\/\\\/www.eldiario.net\\\/portal\\\/#\\\/schema\\\/person\\\/f46445640444750d7d753ccd04ae01b7\"},\"headline\":\"JAVVI ELIAS \u201cLo mejor est\u00e1 por suceder\u201d\",\"datePublished\":\"2024-04-13T11:19:51+00:00\",\"mainEntityOfPage\":{\"@id\":\"https:\\\/\\\/www.eldiario.net\\\/portal\\\/2024\\\/04\\\/13\\\/javvi-elias-lo-mejor-esta-por-suceder\\\/\"},\"wordCount\":1130,\"commentCount\":0,\"publisher\":{\"@id\":\"https:\\\/\\\/www.eldiario.net\\\/portal\\\/#organization\"},\"image\":{\"@id\":\"https:\\\/\\\/www.eldiario.net\\\/portal\\\/2024\\\/04\\\/13\\\/javvi-elias-lo-mejor-esta-por-suceder\\\/#primaryimage\"},\"thumbnailUrl\":\"https:\\\/\\\/www.eldiario.net\\\/portal\\\/wp-content\\\/uploads\\\/2024\\\/04\\\/1PRINCIPAL-5.jpg\",\"articleSection\":[\"La Gu\u00eda\"],\"inLanguage\":\"es\",\"potentialAction\":[{\"@type\":\"CommentAction\",\"name\":\"Comment\",\"target\":[\"https:\\\/\\\/www.eldiario.net\\\/portal\\\/2024\\\/04\\\/13\\\/javvi-elias-lo-mejor-esta-por-suceder\\\/#respond\"]}]},{\"@type\":\"WebPage\",\"@id\":\"https:\\\/\\\/www.eldiario.net\\\/portal\\\/2024\\\/04\\\/13\\\/javvi-elias-lo-mejor-esta-por-suceder\\\/\",\"url\":\"https:\\\/\\\/www.eldiario.net\\\/portal\\\/2024\\\/04\\\/13\\\/javvi-elias-lo-mejor-esta-por-suceder\\\/\",\"name\":\"JAVVI ELIAS \u201cLo mejor est\u00e1 por suceder\u201d - El Diario - Bolivia\",\"isPartOf\":{\"@id\":\"https:\\\/\\\/www.eldiario.net\\\/portal\\\/#website\"},\"primaryImageOfPage\":{\"@id\":\"https:\\\/\\\/www.eldiario.net\\\/portal\\\/2024\\\/04\\\/13\\\/javvi-elias-lo-mejor-esta-por-suceder\\\/#primaryimage\"},\"image\":{\"@id\":\"https:\\\/\\\/www.eldiario.net\\\/portal\\\/2024\\\/04\\\/13\\\/javvi-elias-lo-mejor-esta-por-suceder\\\/#primaryimage\"},\"thumbnailUrl\":\"https:\\\/\\\/www.eldiario.net\\\/portal\\\/wp-content\\\/uploads\\\/2024\\\/04\\\/1PRINCIPAL-5.jpg\",\"datePublished\":\"2024-04-13T11:19:51+00:00\",\"breadcrumb\":{\"@id\":\"https:\\\/\\\/www.eldiario.net\\\/portal\\\/2024\\\/04\\\/13\\\/javvi-elias-lo-mejor-esta-por-suceder\\\/#breadcrumb\"},\"inLanguage\":\"es\",\"potentialAction\":[{\"@type\":\"ReadAction\",\"target\":[\"https:\\\/\\\/www.eldiario.net\\\/portal\\\/2024\\\/04\\\/13\\\/javvi-elias-lo-mejor-esta-por-suceder\\\/\"]}]},{\"@type\":\"ImageObject\",\"inLanguage\":\"es\",\"@id\":\"https:\\\/\\\/www.eldiario.net\\\/portal\\\/2024\\\/04\\\/13\\\/javvi-elias-lo-mejor-esta-por-suceder\\\/#primaryimage\",\"url\":\"https:\\\/\\\/www.eldiario.net\\\/portal\\\/wp-content\\\/uploads\\\/2024\\\/04\\\/1PRINCIPAL-5.jpg\",\"contentUrl\":\"https:\\\/\\\/www.eldiario.net\\\/portal\\\/wp-content\\\/uploads\\\/2024\\\/04\\\/1PRINCIPAL-5.jpg\",\"width\":2484,\"height\":1512},{\"@type\":\"BreadcrumbList\",\"@id\":\"https:\\\/\\\/www.eldiario.net\\\/portal\\\/2024\\\/04\\\/13\\\/javvi-elias-lo-mejor-esta-por-suceder\\\/#breadcrumb\",\"itemListElement\":[{\"@type\":\"ListItem\",\"position\":1,\"name\":\"Portada\",\"item\":\"https:\\\/\\\/www.eldiario.net\\\/portal\\\/\"},{\"@type\":\"ListItem\",\"position\":2,\"name\":\"JAVVI ELIAS \u201cLo mejor est\u00e1 por suceder\u201d\"}]},{\"@type\":\"WebSite\",\"@id\":\"https:\\\/\\\/www.eldiario.net\\\/portal\\\/#website\",\"url\":\"https:\\\/\\\/www.eldiario.net\\\/portal\\\/\",\"name\":\"El Diario - Decano de la prensa nacional\",\"description\":\"El Diario - Decano de la prensa nacional\",\"publisher\":{\"@id\":\"https:\\\/\\\/www.eldiario.net\\\/portal\\\/#organization\"},\"potentialAction\":[{\"@type\":\"SearchAction\",\"target\":{\"@type\":\"EntryPoint\",\"urlTemplate\":\"https:\\\/\\\/www.eldiario.net\\\/portal\\\/?s={search_term_string}\"},\"query-input\":{\"@type\":\"PropertyValueSpecification\",\"valueRequired\":true,\"valueName\":\"search_term_string\"}}],\"inLanguage\":\"es\"},{\"@type\":\"Organization\",\"@id\":\"https:\\\/\\\/www.eldiario.net\\\/portal\\\/#organization\",\"name\":\"El Diario - Decano de la prensa nacional\",\"url\":\"https:\\\/\\\/www.eldiario.net\\\/portal\\\/\",\"logo\":{\"@type\":\"ImageObject\",\"inLanguage\":\"es\",\"@id\":\"https:\\\/\\\/www.eldiario.net\\\/portal\\\/#\\\/schema\\\/logo\\\/image\\\/\",\"url\":\"https:\\\/\\\/www.eldiario.net\\\/portal\\\/wp-content\\\/uploads\\\/2023\\\/07\\\/logo_ED.jpg\",\"contentUrl\":\"https:\\\/\\\/www.eldiario.net\\\/portal\\\/wp-content\\\/uploads\\\/2023\\\/07\\\/logo_ED.jpg\",\"width\":272,\"height\":52,\"caption\":\"El Diario - Decano de la prensa nacional\"},\"image\":{\"@id\":\"https:\\\/\\\/www.eldiario.net\\\/portal\\\/#\\\/schema\\\/logo\\\/image\\\/\"},\"sameAs\":[\"https:\\\/\\\/www.facebook.com\\\/eldiario.bolivia\\\/\",\"https:\\\/\\\/x.com\\\/eldiario_net\"]},{\"@type\":\"Person\",\"@id\":\"https:\\\/\\\/www.eldiario.net\\\/portal\\\/#\\\/schema\\\/person\\\/f46445640444750d7d753ccd04ae01b7\",\"name\":\"Jeanette\",\"image\":{\"@type\":\"ImageObject\",\"inLanguage\":\"es\",\"@id\":\"https:\\\/\\\/secure.gravatar.com\\\/avatar\\\/3ea2118a5f7dad2b7138b1187a6b7ee55f160b9968b66013c3a3ef39dd7e5798?s=96&d=mm&r=g\",\"url\":\"https:\\\/\\\/secure.gravatar.com\\\/avatar\\\/3ea2118a5f7dad2b7138b1187a6b7ee55f160b9968b66013c3a3ef39dd7e5798?s=96&d=mm&r=g\",\"contentUrl\":\"https:\\\/\\\/secure.gravatar.com\\\/avatar\\\/3ea2118a5f7dad2b7138b1187a6b7ee55f160b9968b66013c3a3ef39dd7e5798?s=96&d=mm&r=g\",\"caption\":\"Jeanette\"},\"sameAs\":[\"https:\\\/\\\/www.eldiario.net\\\/portal\"],\"url\":\"https:\\\/\\\/www.eldiario.net\\\/portal\\\/author\\\/jeanette\\\/\"}]}<\/script>\n<!-- \/ Yoast SEO plugin. -->","yoast_head_json":{"title":"JAVVI ELIAS \u201cLo mejor est\u00e1 por suceder\u201d - El Diario - Bolivia","robots":{"index":"index","follow":"follow","max-snippet":"max-snippet:-1","max-image-preview":"max-image-preview:large","max-video-preview":"max-video-preview:-1"},"canonical":"https:\/\/www.eldiario.net\/portal\/2024\/04\/13\/javvi-elias-lo-mejor-esta-por-suceder\/","og_locale":"es_ES","og_type":"article","og_title":"JAVVI ELIAS \u201cLo mejor est\u00e1 por suceder\u201d - El Diario - Bolivia","og_description":"Dos pa\u00edses se enorgullecen al anunciar la graduaci\u00f3n de Javvi Elias como actor de la destacada Academia HAPA en Los \u00c1ngeles, EEUU. Nacido en la vibrante fusi\u00f3n cultural entre Bolivia y Chile, Javvi Elias ha demostrado un excepcional talento art\u00edstico que lo ha llevado a alcanzar este importante logro en su carrera. La Academia HAPA, [&hellip;]","og_url":"https:\/\/www.eldiario.net\/portal\/2024\/04\/13\/javvi-elias-lo-mejor-esta-por-suceder\/","og_site_name":"El Diario - Bolivia","article_publisher":"https:\/\/www.facebook.com\/eldiario.bolivia\/","article_published_time":"2024-04-13T11:19:51+00:00","og_image":[{"width":2484,"height":1512,"url":"https:\/\/www.eldiario.net\/portal\/wp-content\/uploads\/2024\/04\/1PRINCIPAL-5.jpg","type":"image\/jpeg"}],"author":"Jeanette","twitter_card":"summary_large_image","twitter_creator":"@eldiario_net","twitter_site":"@eldiario_net","twitter_misc":{"Escrito por":"Jeanette","Tiempo de lectura":"5 minutos"},"schema":{"@context":"https:\/\/schema.org","@graph":[{"@type":"Article","@id":"https:\/\/www.eldiario.net\/portal\/2024\/04\/13\/javvi-elias-lo-mejor-esta-por-suceder\/#article","isPartOf":{"@id":"https:\/\/www.eldiario.net\/portal\/2024\/04\/13\/javvi-elias-lo-mejor-esta-por-suceder\/"},"author":{"name":"Jeanette","@id":"https:\/\/www.eldiario.net\/portal\/#\/schema\/person\/f46445640444750d7d753ccd04ae01b7"},"headline":"JAVVI ELIAS \u201cLo mejor est\u00e1 por suceder\u201d","datePublished":"2024-04-13T11:19:51+00:00","mainEntityOfPage":{"@id":"https:\/\/www.eldiario.net\/portal\/2024\/04\/13\/javvi-elias-lo-mejor-esta-por-suceder\/"},"wordCount":1130,"commentCount":0,"publisher":{"@id":"https:\/\/www.eldiario.net\/portal\/#organization"},"image":{"@id":"https:\/\/www.eldiario.net\/portal\/2024\/04\/13\/javvi-elias-lo-mejor-esta-por-suceder\/#primaryimage"},"thumbnailUrl":"https:\/\/www.eldiario.net\/portal\/wp-content\/uploads\/2024\/04\/1PRINCIPAL-5.jpg","articleSection":["La Gu\u00eda"],"inLanguage":"es","potentialAction":[{"@type":"CommentAction","name":"Comment","target":["https:\/\/www.eldiario.net\/portal\/2024\/04\/13\/javvi-elias-lo-mejor-esta-por-suceder\/#respond"]}]},{"@type":"WebPage","@id":"https:\/\/www.eldiario.net\/portal\/2024\/04\/13\/javvi-elias-lo-mejor-esta-por-suceder\/","url":"https:\/\/www.eldiario.net\/portal\/2024\/04\/13\/javvi-elias-lo-mejor-esta-por-suceder\/","name":"JAVVI ELIAS \u201cLo mejor est\u00e1 por suceder\u201d - El Diario - Bolivia","isPartOf":{"@id":"https:\/\/www.eldiario.net\/portal\/#website"},"primaryImageOfPage":{"@id":"https:\/\/www.eldiario.net\/portal\/2024\/04\/13\/javvi-elias-lo-mejor-esta-por-suceder\/#primaryimage"},"image":{"@id":"https:\/\/www.eldiario.net\/portal\/2024\/04\/13\/javvi-elias-lo-mejor-esta-por-suceder\/#primaryimage"},"thumbnailUrl":"https:\/\/www.eldiario.net\/portal\/wp-content\/uploads\/2024\/04\/1PRINCIPAL-5.jpg","datePublished":"2024-04-13T11:19:51+00:00","breadcrumb":{"@id":"https:\/\/www.eldiario.net\/portal\/2024\/04\/13\/javvi-elias-lo-mejor-esta-por-suceder\/#breadcrumb"},"inLanguage":"es","potentialAction":[{"@type":"ReadAction","target":["https:\/\/www.eldiario.net\/portal\/2024\/04\/13\/javvi-elias-lo-mejor-esta-por-suceder\/"]}]},{"@type":"ImageObject","inLanguage":"es","@id":"https:\/\/www.eldiario.net\/portal\/2024\/04\/13\/javvi-elias-lo-mejor-esta-por-suceder\/#primaryimage","url":"https:\/\/www.eldiario.net\/portal\/wp-content\/uploads\/2024\/04\/1PRINCIPAL-5.jpg","contentUrl":"https:\/\/www.eldiario.net\/portal\/wp-content\/uploads\/2024\/04\/1PRINCIPAL-5.jpg","width":2484,"height":1512},{"@type":"BreadcrumbList","@id":"https:\/\/www.eldiario.net\/portal\/2024\/04\/13\/javvi-elias-lo-mejor-esta-por-suceder\/#breadcrumb","itemListElement":[{"@type":"ListItem","position":1,"name":"Portada","item":"https:\/\/www.eldiario.net\/portal\/"},{"@type":"ListItem","position":2,"name":"JAVVI ELIAS \u201cLo mejor est\u00e1 por suceder\u201d"}]},{"@type":"WebSite","@id":"https:\/\/www.eldiario.net\/portal\/#website","url":"https:\/\/www.eldiario.net\/portal\/","name":"El Diario - Decano de la prensa nacional","description":"El Diario - Decano de la prensa nacional","publisher":{"@id":"https:\/\/www.eldiario.net\/portal\/#organization"},"potentialAction":[{"@type":"SearchAction","target":{"@type":"EntryPoint","urlTemplate":"https:\/\/www.eldiario.net\/portal\/?s={search_term_string}"},"query-input":{"@type":"PropertyValueSpecification","valueRequired":true,"valueName":"search_term_string"}}],"inLanguage":"es"},{"@type":"Organization","@id":"https:\/\/www.eldiario.net\/portal\/#organization","name":"El Diario - Decano de la prensa nacional","url":"https:\/\/www.eldiario.net\/portal\/","logo":{"@type":"ImageObject","inLanguage":"es","@id":"https:\/\/www.eldiario.net\/portal\/#\/schema\/logo\/image\/","url":"https:\/\/www.eldiario.net\/portal\/wp-content\/uploads\/2023\/07\/logo_ED.jpg","contentUrl":"https:\/\/www.eldiario.net\/portal\/wp-content\/uploads\/2023\/07\/logo_ED.jpg","width":272,"height":52,"caption":"El Diario - Decano de la prensa nacional"},"image":{"@id":"https:\/\/www.eldiario.net\/portal\/#\/schema\/logo\/image\/"},"sameAs":["https:\/\/www.facebook.com\/eldiario.bolivia\/","https:\/\/x.com\/eldiario_net"]},{"@type":"Person","@id":"https:\/\/www.eldiario.net\/portal\/#\/schema\/person\/f46445640444750d7d753ccd04ae01b7","name":"Jeanette","image":{"@type":"ImageObject","inLanguage":"es","@id":"https:\/\/secure.gravatar.com\/avatar\/3ea2118a5f7dad2b7138b1187a6b7ee55f160b9968b66013c3a3ef39dd7e5798?s=96&d=mm&r=g","url":"https:\/\/secure.gravatar.com\/avatar\/3ea2118a5f7dad2b7138b1187a6b7ee55f160b9968b66013c3a3ef39dd7e5798?s=96&d=mm&r=g","contentUrl":"https:\/\/secure.gravatar.com\/avatar\/3ea2118a5f7dad2b7138b1187a6b7ee55f160b9968b66013c3a3ef39dd7e5798?s=96&d=mm&r=g","caption":"Jeanette"},"sameAs":["https:\/\/www.eldiario.net\/portal"],"url":"https:\/\/www.eldiario.net\/portal\/author\/jeanette\/"}]}},"_links":{"self":[{"href":"https:\/\/www.eldiario.net\/portal\/wp-json\/wp\/v2\/posts\/214014","targetHints":{"allow":["GET"]}}],"collection":[{"href":"https:\/\/www.eldiario.net\/portal\/wp-json\/wp\/v2\/posts"}],"about":[{"href":"https:\/\/www.eldiario.net\/portal\/wp-json\/wp\/v2\/types\/post"}],"author":[{"embeddable":true,"href":"https:\/\/www.eldiario.net\/portal\/wp-json\/wp\/v2\/users\/1"}],"replies":[{"embeddable":true,"href":"https:\/\/www.eldiario.net\/portal\/wp-json\/wp\/v2\/comments?post=214014"}],"version-history":[{"count":1,"href":"https:\/\/www.eldiario.net\/portal\/wp-json\/wp\/v2\/posts\/214014\/revisions"}],"predecessor-version":[{"id":214021,"href":"https:\/\/www.eldiario.net\/portal\/wp-json\/wp\/v2\/posts\/214014\/revisions\/214021"}],"wp:featuredmedia":[{"embeddable":true,"href":"https:\/\/www.eldiario.net\/portal\/wp-json\/wp\/v2\/media\/214015"}],"wp:attachment":[{"href":"https:\/\/www.eldiario.net\/portal\/wp-json\/wp\/v2\/media?parent=214014"}],"wp:term":[{"taxonomy":"category","embeddable":true,"href":"https:\/\/www.eldiario.net\/portal\/wp-json\/wp\/v2\/categories?post=214014"},{"taxonomy":"post_tag","embeddable":true,"href":"https:\/\/www.eldiario.net\/portal\/wp-json\/wp\/v2\/tags?post=214014"}],"curies":[{"name":"wp","href":"https:\/\/api.w.org\/{rel}","templated":true}]}}