{"id":214012,"date":"2024-04-13T07:16:13","date_gmt":"2024-04-13T11:16:13","guid":{"rendered":"https:\/\/www.eldiario.net\/portal\/?p=214012"},"modified":"2024-04-13T07:16:13","modified_gmt":"2024-04-13T11:16:13","slug":"le-llego-la-hora-a-boluarte","status":"publish","type":"post","link":"https:\/\/www.eldiario.net\/portal\/2024\/04\/13\/le-llego-la-hora-a-boluarte\/","title":{"rendered":"\u00bfLe lleg\u00f3 la \u201chora\u201d a Boluarte?"},"content":{"rendered":"<p>Claro que consolarnos con los males que afectan a otros pa\u00edses ser\u00eda cosa de tontos, pero respecto a un pa\u00eds como el Per\u00fa, donde pocos expresidentes no est\u00e1n en el banquillo de los acusados \u2014y no gratuitamente, porque a ellos se debe en gran medida que en nuestro vecino geogr\u00e1fico campeen la pobreza, la corrupci\u00f3n, la delincuencia, la crisis institucional y la inequidad\u2014, tengo una lectura y una cr\u00edtica sobre el esc\u00e1ndalo de un Rolex, que emperifolla la mu\u00f1eca de la presidenta Dina Boluarte.<br \/>\nLa lectura es que Boluarte no puede desasirse de los arraigados h\u00e1bitos altoperuanos de la mentira, la vulgaridad y el lastre que su conducta pol\u00edtica significa para su pueblo, al no revelar la verdad sobre el origen de su costoso reloj de pulsera que, para lucirlo en un pa\u00eds de las caracter\u00edsticas del suyo, puede resultar ofensivo a su \u00edndice de pobreza, que supera el 30 por ciento. Pero pienso que todo esto, en realidad, no tiene mucha significaci\u00f3n, teni\u00e9ndose en cuenta que ella es la primera autoridad del Estado y, por tanto, utilizar una cartera Gucci o una pulsera Cartier no parece ser particularmente censurable. T\u00e9ngase en cuenta que, en el pasado, nuestros dos inmediatos expresidentes utilizaban helic\u00f3ptero para trasladarse de la residencia presidencial al aeropuerto. Una de ellos utilizaba el avi\u00f3n presidencial para uso de sus amistades y el otro premiaba el apoyo que recib\u00eda de los movimientos sociales con viajes de densas delegaciones a Europa sin alguna utilidad. Y visto as\u00ed, en un pa\u00eds como el Per\u00fa, controlar el tiempo en un Rolex de aproximadamente 14 mil d\u00f3lares americanos, no considero tan grande afrenta en un contexto que, de todas maneras, supera en riqueza por varias veces al nuestro.<br \/>\nLa cr\u00edtica es que no veo por qu\u00e9 la m\u00e1s alta autoridad del Per\u00fa \u2014cuya ascensi\u00f3n al cargo, si bien legal, no fue del todo leg\u00edtima\u2014 tenga que incurrir en tantas mentiras y ocultamiento de informaci\u00f3n, trat\u00e1ndose de su infortunado reloj. Las contradicciones en la investigaci\u00f3n del Ministerio P\u00fablico dejan como saldo de imposible desmentido que Dina Boluarte no es honesta con su patrimonio, lo que evidencia un claro mensaje de desconexi\u00f3n y falta de respeto hacia la ciudadan\u00eda y, viniendo de quien tendr\u00eda que ser modelo de transparencia, elude su declaraci\u00f3n sobre la propiedad anticipada a su condici\u00f3n de gobernante, si es que ese fue el caso, o entra en un f\u00e1rrago de nerviosas coartadas y, entonces, poco o nada constructivo puede esperarse de su administraci\u00f3n en el nivel macro de su pa\u00eds.<br \/>\nSi el Per\u00fa tuviera el standard de vida de Suiza o de Hong Kong, donde mirar la hora en un Rolex es usual, el esc\u00e1ndalo suscitado no tendr\u00eda justificativo alguno, pues el mundo est\u00e1 infestado de plebeyos acaudalados que son propietarios de varias unidades, de las que cada una decuplican el valor del \u201cmodesto\u201d reloj de Boluarte. En nuestros pa\u00edses, pese a todo, lastiman los sentimientos de los que, como dir\u00eda una cantante de m\u00fasica pop, no tienen ni para lucir un Casio.<br \/>\nEl caso es que, en mi opini\u00f3n, el asunto \u2014que per se no justifica tanto alboroto\u2014 ha permitido descubrir que Dina Boluarte es poseedora de una cuenta por 300 mil d\u00f3lares, seg\u00fan el conocido matutino La Rep\u00fablica de Lima, y que sus joyas en conjunto est\u00e1n valuadas en 500 mil d\u00f3lares, todo lo cual supera con creces el cuestionamiento al instante en que la presidenta permiti\u00f3 que se le viera su llamativo cron\u00f3grafo, mandando un mensaje visual e inmoral a la sociedad, de frivolidad e impudor, reflej\u00e1ndose en la mayor desaprobaci\u00f3n que tiene en Latinoam\u00e9rica, superando incluso en el deshonroso lugar a Nicol\u00e1s Maduro. Y eso es indicador inequ\u00edvoco de c\u00f3mo anda el Per\u00fa.<br \/>\nNo veo muy grave que porte un reloj de alta gama como aquel Rolex, que pudo haber leg\u00edtimamente adquirido; pero veo con indignaci\u00f3n total lo que, con motivo de este asunto, se va destapando en la vida oculta de la presidenta, con investigaciones que van desde plagio literario hasta genocidio. Esos son los rasgos que mayormente han caracterizado a los gobernantes de la regi\u00f3n. En el caso particular, el de Boluarte, todo indica que se acerca la hora de su fin pol\u00edtico.<\/p>\n<p>Augusto Vera Riveros es jurista y escritor.<\/p>\n","protected":false},"excerpt":{"rendered":"<p>Claro que consolarnos con los males que afectan a otros pa\u00edses ser\u00eda cosa de tontos, pero respecto a un pa\u00eds como el Per\u00fa, donde pocos expresidentes no est\u00e1n en el banquillo de los acusados \u2014y no gratuitamente, porque a ellos se debe en gran medida que en nuestro vecino geogr\u00e1fico campeen la pobreza, la corrupci\u00f3n, [&hellip;]<\/p>\n","protected":false},"author":1,"featured_media":158120,"comment_status":"open","ping_status":"open","sticky":false,"template":"","format":"standard","meta":{"_acf_changed":false,"footnotes":""},"categories":[9],"tags":[],"class_list":["post-214012","post","type-post","status-publish","format-standard","has-post-thumbnail","category-opinion"],"acf":{"antetitulo":"Contra viento y marea"},"yoast_head":"<!-- This site is optimized with the Yoast SEO plugin v28.4 - https:\/\/yoast.com\/product\/yoast-seo-wordpress\/ -->\n<title>\u00bfLe lleg\u00f3 la \u201chora\u201d a Boluarte? - El Diario - Bolivia<\/title>\n<meta name=\"robots\" content=\"index, follow, max-snippet:-1, max-image-preview:large, max-video-preview:-1\" \/>\n<link rel=\"canonical\" href=\"https:\/\/www.eldiario.net\/portal\/2024\/04\/13\/le-llego-la-hora-a-boluarte\/\" \/>\n<meta property=\"og:locale\" content=\"es_ES\" \/>\n<meta property=\"og:type\" content=\"article\" \/>\n<meta property=\"og:title\" content=\"\u00bfLe lleg\u00f3 la \u201chora\u201d a Boluarte? - El Diario - Bolivia\" \/>\n<meta property=\"og:description\" content=\"Claro que consolarnos con los males que afectan a otros pa\u00edses ser\u00eda cosa de tontos, pero respecto a un pa\u00eds como el Per\u00fa, donde pocos expresidentes no est\u00e1n en el banquillo de los acusados \u2014y no gratuitamente, porque a ellos se debe en gran medida que en nuestro vecino geogr\u00e1fico campeen la pobreza, la corrupci\u00f3n, [&hellip;]\" \/>\n<meta property=\"og:url\" content=\"https:\/\/www.eldiario.net\/portal\/2024\/04\/13\/le-llego-la-hora-a-boluarte\/\" \/>\n<meta property=\"og:site_name\" content=\"El Diario - Bolivia\" \/>\n<meta property=\"article:publisher\" content=\"https:\/\/www.facebook.com\/eldiario.bolivia\/\" \/>\n<meta property=\"article:published_time\" content=\"2024-04-13T11:16:13+00:00\" \/>\n<meta property=\"og:image\" content=\"https:\/\/www.eldiario.net\/portal\/wp-content\/uploads\/2023\/06\/Augusto-Vera-Riveros.jpg\" \/>\n\t<meta property=\"og:image:width\" content=\"1200\" \/>\n\t<meta property=\"og:image:height\" content=\"628\" \/>\n\t<meta property=\"og:image:type\" content=\"image\/jpeg\" \/>\n<meta name=\"author\" content=\"Jeanette\" \/>\n<meta name=\"twitter:card\" content=\"summary_large_image\" \/>\n<meta name=\"twitter:creator\" content=\"@eldiario_net\" \/>\n<meta name=\"twitter:site\" content=\"@eldiario_net\" \/>\n<meta name=\"twitter:label1\" content=\"Escrito por\" \/>\n\t<meta name=\"twitter:data1\" content=\"Jeanette\" \/>\n\t<meta name=\"twitter:label2\" content=\"Tiempo de lectura\" \/>\n\t<meta name=\"twitter:data2\" content=\"4 minutos\" \/>\n<script type=\"application\/ld+json\" class=\"yoast-schema-graph\">{\"@context\":\"https:\\\/\\\/schema.org\",\"@graph\":[{\"@type\":\"Article\",\"@id\":\"https:\\\/\\\/www.eldiario.net\\\/portal\\\/2024\\\/04\\\/13\\\/le-llego-la-hora-a-boluarte\\\/#article\",\"isPartOf\":{\"@id\":\"https:\\\/\\\/www.eldiario.net\\\/portal\\\/2024\\\/04\\\/13\\\/le-llego-la-hora-a-boluarte\\\/\"},\"author\":{\"name\":\"Jeanette\",\"@id\":\"https:\\\/\\\/www.eldiario.net\\\/portal\\\/#\\\/schema\\\/person\\\/f46445640444750d7d753ccd04ae01b7\"},\"headline\":\"\u00bfLe lleg\u00f3 la \u201chora\u201d a Boluarte?\",\"datePublished\":\"2024-04-13T11:16:13+00:00\",\"mainEntityOfPage\":{\"@id\":\"https:\\\/\\\/www.eldiario.net\\\/portal\\\/2024\\\/04\\\/13\\\/le-llego-la-hora-a-boluarte\\\/\"},\"wordCount\":767,\"commentCount\":0,\"publisher\":{\"@id\":\"https:\\\/\\\/www.eldiario.net\\\/portal\\\/#organization\"},\"image\":{\"@id\":\"https:\\\/\\\/www.eldiario.net\\\/portal\\\/2024\\\/04\\\/13\\\/le-llego-la-hora-a-boluarte\\\/#primaryimage\"},\"thumbnailUrl\":\"https:\\\/\\\/www.eldiario.net\\\/portal\\\/wp-content\\\/uploads\\\/2023\\\/06\\\/Augusto-Vera-Riveros.jpg\",\"articleSection\":[\"Opini\u00f3n\"],\"inLanguage\":\"es\",\"potentialAction\":[{\"@type\":\"CommentAction\",\"name\":\"Comment\",\"target\":[\"https:\\\/\\\/www.eldiario.net\\\/portal\\\/2024\\\/04\\\/13\\\/le-llego-la-hora-a-boluarte\\\/#respond\"]}]},{\"@type\":\"WebPage\",\"@id\":\"https:\\\/\\\/www.eldiario.net\\\/portal\\\/2024\\\/04\\\/13\\\/le-llego-la-hora-a-boluarte\\\/\",\"url\":\"https:\\\/\\\/www.eldiario.net\\\/portal\\\/2024\\\/04\\\/13\\\/le-llego-la-hora-a-boluarte\\\/\",\"name\":\"\u00bfLe lleg\u00f3 la \u201chora\u201d a Boluarte? - El Diario - Bolivia\",\"isPartOf\":{\"@id\":\"https:\\\/\\\/www.eldiario.net\\\/portal\\\/#website\"},\"primaryImageOfPage\":{\"@id\":\"https:\\\/\\\/www.eldiario.net\\\/portal\\\/2024\\\/04\\\/13\\\/le-llego-la-hora-a-boluarte\\\/#primaryimage\"},\"image\":{\"@id\":\"https:\\\/\\\/www.eldiario.net\\\/portal\\\/2024\\\/04\\\/13\\\/le-llego-la-hora-a-boluarte\\\/#primaryimage\"},\"thumbnailUrl\":\"https:\\\/\\\/www.eldiario.net\\\/portal\\\/wp-content\\\/uploads\\\/2023\\\/06\\\/Augusto-Vera-Riveros.jpg\",\"datePublished\":\"2024-04-13T11:16:13+00:00\",\"breadcrumb\":{\"@id\":\"https:\\\/\\\/www.eldiario.net\\\/portal\\\/2024\\\/04\\\/13\\\/le-llego-la-hora-a-boluarte\\\/#breadcrumb\"},\"inLanguage\":\"es\",\"potentialAction\":[{\"@type\":\"ReadAction\",\"target\":[\"https:\\\/\\\/www.eldiario.net\\\/portal\\\/2024\\\/04\\\/13\\\/le-llego-la-hora-a-boluarte\\\/\"]}]},{\"@type\":\"ImageObject\",\"inLanguage\":\"es\",\"@id\":\"https:\\\/\\\/www.eldiario.net\\\/portal\\\/2024\\\/04\\\/13\\\/le-llego-la-hora-a-boluarte\\\/#primaryimage\",\"url\":\"https:\\\/\\\/www.eldiario.net\\\/portal\\\/wp-content\\\/uploads\\\/2023\\\/06\\\/Augusto-Vera-Riveros.jpg\",\"contentUrl\":\"https:\\\/\\\/www.eldiario.net\\\/portal\\\/wp-content\\\/uploads\\\/2023\\\/06\\\/Augusto-Vera-Riveros.jpg\",\"width\":1200,\"height\":628},{\"@type\":\"BreadcrumbList\",\"@id\":\"https:\\\/\\\/www.eldiario.net\\\/portal\\\/2024\\\/04\\\/13\\\/le-llego-la-hora-a-boluarte\\\/#breadcrumb\",\"itemListElement\":[{\"@type\":\"ListItem\",\"position\":1,\"name\":\"Portada\",\"item\":\"https:\\\/\\\/www.eldiario.net\\\/portal\\\/\"},{\"@type\":\"ListItem\",\"position\":2,\"name\":\"\u00bfLe lleg\u00f3 la \u201chora\u201d a Boluarte?\"}]},{\"@type\":\"WebSite\",\"@id\":\"https:\\\/\\\/www.eldiario.net\\\/portal\\\/#website\",\"url\":\"https:\\\/\\\/www.eldiario.net\\\/portal\\\/\",\"name\":\"El Diario - Decano de la prensa nacional\",\"description\":\"El Diario - Decano de la prensa nacional\",\"publisher\":{\"@id\":\"https:\\\/\\\/www.eldiario.net\\\/portal\\\/#organization\"},\"potentialAction\":[{\"@type\":\"SearchAction\",\"target\":{\"@type\":\"EntryPoint\",\"urlTemplate\":\"https:\\\/\\\/www.eldiario.net\\\/portal\\\/?s={search_term_string}\"},\"query-input\":{\"@type\":\"PropertyValueSpecification\",\"valueRequired\":true,\"valueName\":\"search_term_string\"}}],\"inLanguage\":\"es\"},{\"@type\":\"Organization\",\"@id\":\"https:\\\/\\\/www.eldiario.net\\\/portal\\\/#organization\",\"name\":\"El Diario - Decano de la prensa nacional\",\"url\":\"https:\\\/\\\/www.eldiario.net\\\/portal\\\/\",\"logo\":{\"@type\":\"ImageObject\",\"inLanguage\":\"es\",\"@id\":\"https:\\\/\\\/www.eldiario.net\\\/portal\\\/#\\\/schema\\\/logo\\\/image\\\/\",\"url\":\"https:\\\/\\\/www.eldiario.net\\\/portal\\\/wp-content\\\/uploads\\\/2023\\\/07\\\/logo_ED.jpg\",\"contentUrl\":\"https:\\\/\\\/www.eldiario.net\\\/portal\\\/wp-content\\\/uploads\\\/2023\\\/07\\\/logo_ED.jpg\",\"width\":272,\"height\":52,\"caption\":\"El Diario - Decano de la prensa nacional\"},\"image\":{\"@id\":\"https:\\\/\\\/www.eldiario.net\\\/portal\\\/#\\\/schema\\\/logo\\\/image\\\/\"},\"sameAs\":[\"https:\\\/\\\/www.facebook.com\\\/eldiario.bolivia\\\/\",\"https:\\\/\\\/x.com\\\/eldiario_net\"]},{\"@type\":\"Person\",\"@id\":\"https:\\\/\\\/www.eldiario.net\\\/portal\\\/#\\\/schema\\\/person\\\/f46445640444750d7d753ccd04ae01b7\",\"name\":\"Jeanette\",\"image\":{\"@type\":\"ImageObject\",\"inLanguage\":\"es\",\"@id\":\"https:\\\/\\\/secure.gravatar.com\\\/avatar\\\/3ea2118a5f7dad2b7138b1187a6b7ee55f160b9968b66013c3a3ef39dd7e5798?s=96&d=mm&r=g\",\"url\":\"https:\\\/\\\/secure.gravatar.com\\\/avatar\\\/3ea2118a5f7dad2b7138b1187a6b7ee55f160b9968b66013c3a3ef39dd7e5798?s=96&d=mm&r=g\",\"contentUrl\":\"https:\\\/\\\/secure.gravatar.com\\\/avatar\\\/3ea2118a5f7dad2b7138b1187a6b7ee55f160b9968b66013c3a3ef39dd7e5798?s=96&d=mm&r=g\",\"caption\":\"Jeanette\"},\"sameAs\":[\"https:\\\/\\\/www.eldiario.net\\\/portal\"],\"url\":\"https:\\\/\\\/www.eldiario.net\\\/portal\\\/author\\\/jeanette\\\/\"}]}<\/script>\n<!-- \/ Yoast SEO plugin. -->","yoast_head_json":{"title":"\u00bfLe lleg\u00f3 la \u201chora\u201d a Boluarte? - El Diario - Bolivia","robots":{"index":"index","follow":"follow","max-snippet":"max-snippet:-1","max-image-preview":"max-image-preview:large","max-video-preview":"max-video-preview:-1"},"canonical":"https:\/\/www.eldiario.net\/portal\/2024\/04\/13\/le-llego-la-hora-a-boluarte\/","og_locale":"es_ES","og_type":"article","og_title":"\u00bfLe lleg\u00f3 la \u201chora\u201d a Boluarte? - El Diario - Bolivia","og_description":"Claro que consolarnos con los males que afectan a otros pa\u00edses ser\u00eda cosa de tontos, pero respecto a un pa\u00eds como el Per\u00fa, donde pocos expresidentes no est\u00e1n en el banquillo de los acusados \u2014y no gratuitamente, porque a ellos se debe en gran medida que en nuestro vecino geogr\u00e1fico campeen la pobreza, la corrupci\u00f3n, [&hellip;]","og_url":"https:\/\/www.eldiario.net\/portal\/2024\/04\/13\/le-llego-la-hora-a-boluarte\/","og_site_name":"El Diario - Bolivia","article_publisher":"https:\/\/www.facebook.com\/eldiario.bolivia\/","article_published_time":"2024-04-13T11:16:13+00:00","og_image":[{"width":1200,"height":628,"url":"https:\/\/www.eldiario.net\/portal\/wp-content\/uploads\/2023\/06\/Augusto-Vera-Riveros.jpg","type":"image\/jpeg"}],"author":"Jeanette","twitter_card":"summary_large_image","twitter_creator":"@eldiario_net","twitter_site":"@eldiario_net","twitter_misc":{"Escrito por":"Jeanette","Tiempo de lectura":"4 minutos"},"schema":{"@context":"https:\/\/schema.org","@graph":[{"@type":"Article","@id":"https:\/\/www.eldiario.net\/portal\/2024\/04\/13\/le-llego-la-hora-a-boluarte\/#article","isPartOf":{"@id":"https:\/\/www.eldiario.net\/portal\/2024\/04\/13\/le-llego-la-hora-a-boluarte\/"},"author":{"name":"Jeanette","@id":"https:\/\/www.eldiario.net\/portal\/#\/schema\/person\/f46445640444750d7d753ccd04ae01b7"},"headline":"\u00bfLe lleg\u00f3 la \u201chora\u201d a Boluarte?","datePublished":"2024-04-13T11:16:13+00:00","mainEntityOfPage":{"@id":"https:\/\/www.eldiario.net\/portal\/2024\/04\/13\/le-llego-la-hora-a-boluarte\/"},"wordCount":767,"commentCount":0,"publisher":{"@id":"https:\/\/www.eldiario.net\/portal\/#organization"},"image":{"@id":"https:\/\/www.eldiario.net\/portal\/2024\/04\/13\/le-llego-la-hora-a-boluarte\/#primaryimage"},"thumbnailUrl":"https:\/\/www.eldiario.net\/portal\/wp-content\/uploads\/2023\/06\/Augusto-Vera-Riveros.jpg","articleSection":["Opini\u00f3n"],"inLanguage":"es","potentialAction":[{"@type":"CommentAction","name":"Comment","target":["https:\/\/www.eldiario.net\/portal\/2024\/04\/13\/le-llego-la-hora-a-boluarte\/#respond"]}]},{"@type":"WebPage","@id":"https:\/\/www.eldiario.net\/portal\/2024\/04\/13\/le-llego-la-hora-a-boluarte\/","url":"https:\/\/www.eldiario.net\/portal\/2024\/04\/13\/le-llego-la-hora-a-boluarte\/","name":"\u00bfLe lleg\u00f3 la \u201chora\u201d a Boluarte? - El Diario - Bolivia","isPartOf":{"@id":"https:\/\/www.eldiario.net\/portal\/#website"},"primaryImageOfPage":{"@id":"https:\/\/www.eldiario.net\/portal\/2024\/04\/13\/le-llego-la-hora-a-boluarte\/#primaryimage"},"image":{"@id":"https:\/\/www.eldiario.net\/portal\/2024\/04\/13\/le-llego-la-hora-a-boluarte\/#primaryimage"},"thumbnailUrl":"https:\/\/www.eldiario.net\/portal\/wp-content\/uploads\/2023\/06\/Augusto-Vera-Riveros.jpg","datePublished":"2024-04-13T11:16:13+00:00","breadcrumb":{"@id":"https:\/\/www.eldiario.net\/portal\/2024\/04\/13\/le-llego-la-hora-a-boluarte\/#breadcrumb"},"inLanguage":"es","potentialAction":[{"@type":"ReadAction","target":["https:\/\/www.eldiario.net\/portal\/2024\/04\/13\/le-llego-la-hora-a-boluarte\/"]}]},{"@type":"ImageObject","inLanguage":"es","@id":"https:\/\/www.eldiario.net\/portal\/2024\/04\/13\/le-llego-la-hora-a-boluarte\/#primaryimage","url":"https:\/\/www.eldiario.net\/portal\/wp-content\/uploads\/2023\/06\/Augusto-Vera-Riveros.jpg","contentUrl":"https:\/\/www.eldiario.net\/portal\/wp-content\/uploads\/2023\/06\/Augusto-Vera-Riveros.jpg","width":1200,"height":628},{"@type":"BreadcrumbList","@id":"https:\/\/www.eldiario.net\/portal\/2024\/04\/13\/le-llego-la-hora-a-boluarte\/#breadcrumb","itemListElement":[{"@type":"ListItem","position":1,"name":"Portada","item":"https:\/\/www.eldiario.net\/portal\/"},{"@type":"ListItem","position":2,"name":"\u00bfLe lleg\u00f3 la \u201chora\u201d a Boluarte?"}]},{"@type":"WebSite","@id":"https:\/\/www.eldiario.net\/portal\/#website","url":"https:\/\/www.eldiario.net\/portal\/","name":"El Diario - Decano de la prensa nacional","description":"El Diario - Decano de la prensa nacional","publisher":{"@id":"https:\/\/www.eldiario.net\/portal\/#organization"},"potentialAction":[{"@type":"SearchAction","target":{"@type":"EntryPoint","urlTemplate":"https:\/\/www.eldiario.net\/portal\/?s={search_term_string}"},"query-input":{"@type":"PropertyValueSpecification","valueRequired":true,"valueName":"search_term_string"}}],"inLanguage":"es"},{"@type":"Organization","@id":"https:\/\/www.eldiario.net\/portal\/#organization","name":"El Diario - Decano de la prensa nacional","url":"https:\/\/www.eldiario.net\/portal\/","logo":{"@type":"ImageObject","inLanguage":"es","@id":"https:\/\/www.eldiario.net\/portal\/#\/schema\/logo\/image\/","url":"https:\/\/www.eldiario.net\/portal\/wp-content\/uploads\/2023\/07\/logo_ED.jpg","contentUrl":"https:\/\/www.eldiario.net\/portal\/wp-content\/uploads\/2023\/07\/logo_ED.jpg","width":272,"height":52,"caption":"El Diario - Decano de la prensa nacional"},"image":{"@id":"https:\/\/www.eldiario.net\/portal\/#\/schema\/logo\/image\/"},"sameAs":["https:\/\/www.facebook.com\/eldiario.bolivia\/","https:\/\/x.com\/eldiario_net"]},{"@type":"Person","@id":"https:\/\/www.eldiario.net\/portal\/#\/schema\/person\/f46445640444750d7d753ccd04ae01b7","name":"Jeanette","image":{"@type":"ImageObject","inLanguage":"es","@id":"https:\/\/secure.gravatar.com\/avatar\/3ea2118a5f7dad2b7138b1187a6b7ee55f160b9968b66013c3a3ef39dd7e5798?s=96&d=mm&r=g","url":"https:\/\/secure.gravatar.com\/avatar\/3ea2118a5f7dad2b7138b1187a6b7ee55f160b9968b66013c3a3ef39dd7e5798?s=96&d=mm&r=g","contentUrl":"https:\/\/secure.gravatar.com\/avatar\/3ea2118a5f7dad2b7138b1187a6b7ee55f160b9968b66013c3a3ef39dd7e5798?s=96&d=mm&r=g","caption":"Jeanette"},"sameAs":["https:\/\/www.eldiario.net\/portal"],"url":"https:\/\/www.eldiario.net\/portal\/author\/jeanette\/"}]}},"_links":{"self":[{"href":"https:\/\/www.eldiario.net\/portal\/wp-json\/wp\/v2\/posts\/214012","targetHints":{"allow":["GET"]}}],"collection":[{"href":"https:\/\/www.eldiario.net\/portal\/wp-json\/wp\/v2\/posts"}],"about":[{"href":"https:\/\/www.eldiario.net\/portal\/wp-json\/wp\/v2\/types\/post"}],"author":[{"embeddable":true,"href":"https:\/\/www.eldiario.net\/portal\/wp-json\/wp\/v2\/users\/1"}],"replies":[{"embeddable":true,"href":"https:\/\/www.eldiario.net\/portal\/wp-json\/wp\/v2\/comments?post=214012"}],"version-history":[{"count":1,"href":"https:\/\/www.eldiario.net\/portal\/wp-json\/wp\/v2\/posts\/214012\/revisions"}],"predecessor-version":[{"id":214013,"href":"https:\/\/www.eldiario.net\/portal\/wp-json\/wp\/v2\/posts\/214012\/revisions\/214013"}],"wp:featuredmedia":[{"embeddable":true,"href":"https:\/\/www.eldiario.net\/portal\/wp-json\/wp\/v2\/media\/158120"}],"wp:attachment":[{"href":"https:\/\/www.eldiario.net\/portal\/wp-json\/wp\/v2\/media?parent=214012"}],"wp:term":[{"taxonomy":"category","embeddable":true,"href":"https:\/\/www.eldiario.net\/portal\/wp-json\/wp\/v2\/categories?post=214012"},{"taxonomy":"post_tag","embeddable":true,"href":"https:\/\/www.eldiario.net\/portal\/wp-json\/wp\/v2\/tags?post=214012"}],"curies":[{"name":"wp","href":"https:\/\/api.w.org\/{rel}","templated":true}]}}