{"id":214010,"date":"2024-04-13T07:15:45","date_gmt":"2024-04-13T11:15:45","guid":{"rendered":"https:\/\/www.eldiario.net\/portal\/?p=214010"},"modified":"2024-04-13T08:57:21","modified_gmt":"2024-04-13T12:57:21","slug":"los-extravios-de-celinda-sosa-lunda","status":"publish","type":"post","link":"https:\/\/www.eldiario.net\/portal\/2024\/04\/13\/los-extravios-de-celinda-sosa-lunda\/","title":{"rendered":"Los extrav\u00edos de Celinda Sosa Lunda"},"content":{"rendered":"<p>Las giras internacionales, las declaraciones y las noticias que publica la ministra de Relaciones Exteriores del (No) Estado Plurinacional, Celinda Sosa Lunda, confirman el grave extrav\u00edo de la pol\u00edtica externa del pa\u00eds. Extrav\u00edo que expone a Bolivia a ser manejada por potencias extranjeras, como suced\u00eda durante las peores dictaduras.<br \/>\nLa ignorancia es peligrosa.<br \/>\nSosa, oriunda de la comunidad tarije\u00f1a de Yresesa, dirigi\u00f3 por casi 20 a\u00f1os un centro de capacitaci\u00f3n y de investigaci\u00f3n para fortalecer a las mujeres del agro, un sector con limitada tradici\u00f3n de empoderamiento colectivo. Fund\u00f3 la federaci\u00f3n sindical unificada de trabajadoras campesinas, germen de la organizaci\u00f3n Bartolina Sisa.<br \/>\nEra (re) conocida en el ambiente de las ONGs relacionadas con el desarrollo productivo. Seguramente por esa experiencia, Sosa fue nombrada por el presidente Evo Morales como Ministra de Producci\u00f3n y Microempresa (2006-2007). Despu\u00e9s fue delegada presidencial en Tarija (2008) y vicepresidenta en dos ocasiones del directorio del Banco de Desarrollo Productivo.<br \/>\nSus aportes fueron limitados, muy distinto al caso de Antonia Rodr\u00edguez Medrano, campesina quechua de Potos\u00ed, quien &#8211;como ministra de Desarrollo Productivo y Econom\u00eda Plural (2010-2011)&#8211; trabaj\u00f3 a favor de los peque\u00f1os empresarios, sin distinciones pol\u00edticas. Artesana avecinada en El Alto, luci\u00f3 su pollera, su manta y su sombrero de fieltro con gran dignidad.<br \/>\nEn cambio, Sosa ha preferido seguir el camino de Mar\u00eda Eugenia Choque, la nefasta presidenta del Tribunal Supremo Electoral, quien por ignorancia o por sumisi\u00f3n, llev\u00f3 adelante las elecciones de 2019 y coloc\u00f3 al pa\u00eds al borde de una guerra civil. Sosa dej\u00f3 el sombrero chapaco para colocarse un extra\u00f1o bomb\u00edn, mientras Choque se disfraz\u00f3 de chola, aunque nunca logr\u00f3 equilibrar el borsalino, el arte de la verdadera chola pace\u00f1a.<br \/>\nLa pinta no es lo de menos. Refleja las imposturas a las que nos quiere acostumbrar el Movimiento al Socialismo (MAS) y el (No) Estado Plurinacional. Impostura atrevida. As\u00ed como Choque se anim\u00f3 a ser el \u00e1rbitro de unos tensos comicios sin cumplir los mandatos constitucionales, Sosa ha aceptado ser ministra de Relaciones Exteriores. aunque seguramente no podr\u00eda pasar un examen de historia de Bolivia, nombrar los principales tratados firmados por el pa\u00eds, ubicar las capitales europeas o explicar sobre las fronteras porosas de Bolivia.<br \/>\nExpertos en diplomacia han escrito con autoridad sobre las limitaciones de las actuaciones de Celinda Sosa. Por mi parte, como periodista que cubri\u00f3 25 a\u00f1os reuniones internacionales, siento verg\u00fcenza. Recuerdo cuando en noviembre de 1979, movimientistas y militares hundieron el logro de la canciller\u00eda institucionalizada en la Asamblea de la Organizaci\u00f3n de Estados Americanos. La delegaci\u00f3n chilena se re\u00eda despu\u00e9s de semejante bochorno.<br \/>\nEn cambio, con m\u00e1s luces que sombras, desde 1982 hasta el 2005, la Canciller\u00eda boliviana se fortaleci\u00f3 con una academia diplom\u00e1tica seria y moderna. En cu\u00e1ntas reuniones, en diferentes organismos internacionales, escuchamos los aplausos a las propuestas de la delegaci\u00f3n tricolor. Hombres, mujeres, casi todos con dos o tres t\u00edtulos, dominando el idioma ingl\u00e9s, el franc\u00e9s, el portugu\u00e9s.<br \/>\nEn las cumbres de jefes de estado y de gobierno a nivel continental o a nivel iberoamericano, con temas espec\u00edficos, Bolivia llevaba propuestas y lideraba al Grula o Grupo Latinoamericano. Los Gobiernos neoliberales se opusieron duramente a los intentos de Estados Unidos para extender a la regi\u00f3n el Plan Colombia.<br \/>\nBolivia avanz\u00f3 en temas que Sosa no entiende: visados, convenios culturales, intercambios comerciales, grupos de integraci\u00f3n, facilidades en las fronteras, beneficios para la exportaci\u00f3n de textiles. Actualmente, los bolivianos est\u00e1n entre los pocos latinoamericanos que necesitan visas para viajar a la zona Schengen.<br \/>\nSosa declar\u00f3 al posesionarse en su cargo, en noviembre de 2023, que seguir\u00eda la \u201cdiplomacia de los pueblos para la vida en el marco de la filosof\u00eda del vivir bien\u201d, ese engendro inventado por pajpakus.<br \/>\nAs\u00ed en su primera gira para \u201cdifundir la industrializaci\u00f3n del (No) Estado Plurinacional\u201d visit\u00f3 Venezuela: el pa\u00eds con ocho millones de migrantes y que no pag\u00f3 las exportaciones usurpadas a Ametex por el clan Morales D\u00e1vila; Cuba: la isla donde la gente no tiene ni pan, ni agua ni luz; Nicaragua, donde gobierna un d\u00fao paranoico que encarcela obispos y expatria a los m\u00e1s notables intelectuales nicas.<br \/>\n\u00bfCu\u00e1l es la ganancia para el gobierno de Luis Arce?<br \/>\nAdem\u00e1s. Sosa confunde la Canciller\u00eda con la fiesta de compadres. Varias notas de prensa de su oficina la muestran en mercados y barrios tarije\u00f1os repartiendo cositas junto al presidente. \u00bfQu\u00e9 tienen que ver las efem\u00e9rides del 15 de abril con la invasi\u00f3n rusa a Ucrania, con Gaza ensangrentada, con las citas diplom\u00e1ticas?<br \/>\nEl despacho de la esquina de la Plaza Murillo ya fue degradado en estos a\u00f1os, pero ahora la ca\u00edda es vertical.<\/p>\n","protected":false},"excerpt":{"rendered":"<p>Las giras internacionales, las declaraciones y las noticias que publica la ministra de Relaciones Exteriores del (No) Estado Plurinacional, Celinda Sosa Lunda, confirman el grave extrav\u00edo de la pol\u00edtica externa del pa\u00eds. Extrav\u00edo que expone a Bolivia a ser manejada por potencias extranjeras, como suced\u00eda durante las peores dictaduras. La ignorancia es peligrosa. Sosa, oriunda [&hellip;]<\/p>\n","protected":false},"author":1,"featured_media":157862,"comment_status":"open","ping_status":"open","sticky":false,"template":"","format":"standard","meta":{"_acf_changed":false,"footnotes":""},"categories":[9],"tags":[],"class_list":["post-214010","post","type-post","status-publish","format-standard","has-post-thumbnail","category-opinion"],"acf":{"antetitulo":"Desde la tierra"},"yoast_head":"<!-- This site is optimized with the Yoast SEO plugin v28.3 - https:\/\/yoast.com\/product\/yoast-seo-wordpress\/ -->\n<title>Los extrav\u00edos de Celinda Sosa Lunda - El Diario - Bolivia<\/title>\n<meta name=\"robots\" content=\"index, follow, max-snippet:-1, max-image-preview:large, max-video-preview:-1\" \/>\n<link rel=\"canonical\" href=\"https:\/\/www.eldiario.net\/portal\/2024\/04\/13\/los-extravios-de-celinda-sosa-lunda\/\" \/>\n<meta property=\"og:locale\" content=\"es_ES\" \/>\n<meta property=\"og:type\" content=\"article\" \/>\n<meta property=\"og:title\" content=\"Los extrav\u00edos de Celinda Sosa Lunda - El Diario - Bolivia\" \/>\n<meta property=\"og:description\" content=\"Las giras internacionales, las declaraciones y las noticias que publica la ministra de Relaciones Exteriores del (No) Estado Plurinacional, Celinda Sosa Lunda, confirman el grave extrav\u00edo de la pol\u00edtica externa del pa\u00eds. Extrav\u00edo que expone a Bolivia a ser manejada por potencias extranjeras, como suced\u00eda durante las peores dictaduras. La ignorancia es peligrosa. Sosa, oriunda [&hellip;]\" \/>\n<meta property=\"og:url\" content=\"https:\/\/www.eldiario.net\/portal\/2024\/04\/13\/los-extravios-de-celinda-sosa-lunda\/\" \/>\n<meta property=\"og:site_name\" content=\"El Diario - Bolivia\" \/>\n<meta property=\"article:publisher\" content=\"https:\/\/www.facebook.com\/eldiario.bolivia\/\" \/>\n<meta property=\"article:published_time\" content=\"2024-04-13T11:15:45+00:00\" \/>\n<meta property=\"article:modified_time\" content=\"2024-04-13T12:57:21+00:00\" \/>\n<meta property=\"og:image\" content=\"https:\/\/www.eldiario.net\/portal\/wp-content\/uploads\/2023\/06\/Lupe-Cajias.jpg\" \/>\n\t<meta property=\"og:image:width\" content=\"1200\" \/>\n\t<meta property=\"og:image:height\" content=\"628\" \/>\n\t<meta property=\"og:image:type\" content=\"image\/jpeg\" \/>\n<meta name=\"author\" content=\"Jeanette\" \/>\n<meta name=\"twitter:card\" content=\"summary_large_image\" \/>\n<meta name=\"twitter:creator\" content=\"@eldiario_net\" \/>\n<meta name=\"twitter:site\" content=\"@eldiario_net\" \/>\n<meta name=\"twitter:label1\" content=\"Escrito por\" \/>\n\t<meta name=\"twitter:data1\" content=\"Jeanette\" \/>\n\t<meta name=\"twitter:label2\" content=\"Tiempo de lectura\" \/>\n\t<meta name=\"twitter:data2\" content=\"4 minutos\" \/>\n<script type=\"application\/ld+json\" class=\"yoast-schema-graph\">{\"@context\":\"https:\\\/\\\/schema.org\",\"@graph\":[{\"@type\":\"Article\",\"@id\":\"https:\\\/\\\/www.eldiario.net\\\/portal\\\/2024\\\/04\\\/13\\\/los-extravios-de-celinda-sosa-lunda\\\/#article\",\"isPartOf\":{\"@id\":\"https:\\\/\\\/www.eldiario.net\\\/portal\\\/2024\\\/04\\\/13\\\/los-extravios-de-celinda-sosa-lunda\\\/\"},\"author\":{\"name\":\"Jeanette\",\"@id\":\"https:\\\/\\\/www.eldiario.net\\\/portal\\\/#\\\/schema\\\/person\\\/f46445640444750d7d753ccd04ae01b7\"},\"headline\":\"Los extrav\u00edos de Celinda Sosa Lunda\",\"datePublished\":\"2024-04-13T11:15:45+00:00\",\"dateModified\":\"2024-04-13T12:57:21+00:00\",\"mainEntityOfPage\":{\"@id\":\"https:\\\/\\\/www.eldiario.net\\\/portal\\\/2024\\\/04\\\/13\\\/los-extravios-de-celinda-sosa-lunda\\\/\"},\"wordCount\":824,\"commentCount\":0,\"publisher\":{\"@id\":\"https:\\\/\\\/www.eldiario.net\\\/portal\\\/#organization\"},\"image\":{\"@id\":\"https:\\\/\\\/www.eldiario.net\\\/portal\\\/2024\\\/04\\\/13\\\/los-extravios-de-celinda-sosa-lunda\\\/#primaryimage\"},\"thumbnailUrl\":\"https:\\\/\\\/www.eldiario.net\\\/portal\\\/wp-content\\\/uploads\\\/2023\\\/06\\\/Lupe-Cajias.jpg\",\"articleSection\":[\"Opini\u00f3n\"],\"inLanguage\":\"es\",\"potentialAction\":[{\"@type\":\"CommentAction\",\"name\":\"Comment\",\"target\":[\"https:\\\/\\\/www.eldiario.net\\\/portal\\\/2024\\\/04\\\/13\\\/los-extravios-de-celinda-sosa-lunda\\\/#respond\"]}]},{\"@type\":\"WebPage\",\"@id\":\"https:\\\/\\\/www.eldiario.net\\\/portal\\\/2024\\\/04\\\/13\\\/los-extravios-de-celinda-sosa-lunda\\\/\",\"url\":\"https:\\\/\\\/www.eldiario.net\\\/portal\\\/2024\\\/04\\\/13\\\/los-extravios-de-celinda-sosa-lunda\\\/\",\"name\":\"Los extrav\u00edos de Celinda Sosa Lunda - El Diario - Bolivia\",\"isPartOf\":{\"@id\":\"https:\\\/\\\/www.eldiario.net\\\/portal\\\/#website\"},\"primaryImageOfPage\":{\"@id\":\"https:\\\/\\\/www.eldiario.net\\\/portal\\\/2024\\\/04\\\/13\\\/los-extravios-de-celinda-sosa-lunda\\\/#primaryimage\"},\"image\":{\"@id\":\"https:\\\/\\\/www.eldiario.net\\\/portal\\\/2024\\\/04\\\/13\\\/los-extravios-de-celinda-sosa-lunda\\\/#primaryimage\"},\"thumbnailUrl\":\"https:\\\/\\\/www.eldiario.net\\\/portal\\\/wp-content\\\/uploads\\\/2023\\\/06\\\/Lupe-Cajias.jpg\",\"datePublished\":\"2024-04-13T11:15:45+00:00\",\"dateModified\":\"2024-04-13T12:57:21+00:00\",\"breadcrumb\":{\"@id\":\"https:\\\/\\\/www.eldiario.net\\\/portal\\\/2024\\\/04\\\/13\\\/los-extravios-de-celinda-sosa-lunda\\\/#breadcrumb\"},\"inLanguage\":\"es\",\"potentialAction\":[{\"@type\":\"ReadAction\",\"target\":[\"https:\\\/\\\/www.eldiario.net\\\/portal\\\/2024\\\/04\\\/13\\\/los-extravios-de-celinda-sosa-lunda\\\/\"]}]},{\"@type\":\"ImageObject\",\"inLanguage\":\"es\",\"@id\":\"https:\\\/\\\/www.eldiario.net\\\/portal\\\/2024\\\/04\\\/13\\\/los-extravios-de-celinda-sosa-lunda\\\/#primaryimage\",\"url\":\"https:\\\/\\\/www.eldiario.net\\\/portal\\\/wp-content\\\/uploads\\\/2023\\\/06\\\/Lupe-Cajias.jpg\",\"contentUrl\":\"https:\\\/\\\/www.eldiario.net\\\/portal\\\/wp-content\\\/uploads\\\/2023\\\/06\\\/Lupe-Cajias.jpg\",\"width\":1200,\"height\":628,\"caption\":\"Lupe Caj\u00edas\"},{\"@type\":\"BreadcrumbList\",\"@id\":\"https:\\\/\\\/www.eldiario.net\\\/portal\\\/2024\\\/04\\\/13\\\/los-extravios-de-celinda-sosa-lunda\\\/#breadcrumb\",\"itemListElement\":[{\"@type\":\"ListItem\",\"position\":1,\"name\":\"Portada\",\"item\":\"https:\\\/\\\/www.eldiario.net\\\/portal\\\/\"},{\"@type\":\"ListItem\",\"position\":2,\"name\":\"Los extrav\u00edos de Celinda Sosa Lunda\"}]},{\"@type\":\"WebSite\",\"@id\":\"https:\\\/\\\/www.eldiario.net\\\/portal\\\/#website\",\"url\":\"https:\\\/\\\/www.eldiario.net\\\/portal\\\/\",\"name\":\"El Diario - Decano de la prensa nacional\",\"description\":\"El Diario - Decano de la prensa nacional\",\"publisher\":{\"@id\":\"https:\\\/\\\/www.eldiario.net\\\/portal\\\/#organization\"},\"potentialAction\":[{\"@type\":\"SearchAction\",\"target\":{\"@type\":\"EntryPoint\",\"urlTemplate\":\"https:\\\/\\\/www.eldiario.net\\\/portal\\\/?s={search_term_string}\"},\"query-input\":{\"@type\":\"PropertyValueSpecification\",\"valueRequired\":true,\"valueName\":\"search_term_string\"}}],\"inLanguage\":\"es\"},{\"@type\":\"Organization\",\"@id\":\"https:\\\/\\\/www.eldiario.net\\\/portal\\\/#organization\",\"name\":\"El Diario - Decano de la prensa nacional\",\"url\":\"https:\\\/\\\/www.eldiario.net\\\/portal\\\/\",\"logo\":{\"@type\":\"ImageObject\",\"inLanguage\":\"es\",\"@id\":\"https:\\\/\\\/www.eldiario.net\\\/portal\\\/#\\\/schema\\\/logo\\\/image\\\/\",\"url\":\"https:\\\/\\\/www.eldiario.net\\\/portal\\\/wp-content\\\/uploads\\\/2023\\\/07\\\/logo_ED.jpg\",\"contentUrl\":\"https:\\\/\\\/www.eldiario.net\\\/portal\\\/wp-content\\\/uploads\\\/2023\\\/07\\\/logo_ED.jpg\",\"width\":272,\"height\":52,\"caption\":\"El Diario - Decano de la prensa nacional\"},\"image\":{\"@id\":\"https:\\\/\\\/www.eldiario.net\\\/portal\\\/#\\\/schema\\\/logo\\\/image\\\/\"},\"sameAs\":[\"https:\\\/\\\/www.facebook.com\\\/eldiario.bolivia\\\/\",\"https:\\\/\\\/x.com\\\/eldiario_net\"]},{\"@type\":\"Person\",\"@id\":\"https:\\\/\\\/www.eldiario.net\\\/portal\\\/#\\\/schema\\\/person\\\/f46445640444750d7d753ccd04ae01b7\",\"name\":\"Jeanette\",\"image\":{\"@type\":\"ImageObject\",\"inLanguage\":\"es\",\"@id\":\"https:\\\/\\\/secure.gravatar.com\\\/avatar\\\/3ea2118a5f7dad2b7138b1187a6b7ee55f160b9968b66013c3a3ef39dd7e5798?s=96&d=mm&r=g\",\"url\":\"https:\\\/\\\/secure.gravatar.com\\\/avatar\\\/3ea2118a5f7dad2b7138b1187a6b7ee55f160b9968b66013c3a3ef39dd7e5798?s=96&d=mm&r=g\",\"contentUrl\":\"https:\\\/\\\/secure.gravatar.com\\\/avatar\\\/3ea2118a5f7dad2b7138b1187a6b7ee55f160b9968b66013c3a3ef39dd7e5798?s=96&d=mm&r=g\",\"caption\":\"Jeanette\"},\"sameAs\":[\"https:\\\/\\\/www.eldiario.net\\\/portal\"],\"url\":\"https:\\\/\\\/www.eldiario.net\\\/portal\\\/author\\\/jeanette\\\/\"}]}<\/script>\n<!-- \/ Yoast SEO plugin. -->","yoast_head_json":{"title":"Los extrav\u00edos de Celinda Sosa Lunda - El Diario - Bolivia","robots":{"index":"index","follow":"follow","max-snippet":"max-snippet:-1","max-image-preview":"max-image-preview:large","max-video-preview":"max-video-preview:-1"},"canonical":"https:\/\/www.eldiario.net\/portal\/2024\/04\/13\/los-extravios-de-celinda-sosa-lunda\/","og_locale":"es_ES","og_type":"article","og_title":"Los extrav\u00edos de Celinda Sosa Lunda - El Diario - Bolivia","og_description":"Las giras internacionales, las declaraciones y las noticias que publica la ministra de Relaciones Exteriores del (No) Estado Plurinacional, Celinda Sosa Lunda, confirman el grave extrav\u00edo de la pol\u00edtica externa del pa\u00eds. Extrav\u00edo que expone a Bolivia a ser manejada por potencias extranjeras, como suced\u00eda durante las peores dictaduras. La ignorancia es peligrosa. Sosa, oriunda [&hellip;]","og_url":"https:\/\/www.eldiario.net\/portal\/2024\/04\/13\/los-extravios-de-celinda-sosa-lunda\/","og_site_name":"El Diario - Bolivia","article_publisher":"https:\/\/www.facebook.com\/eldiario.bolivia\/","article_published_time":"2024-04-13T11:15:45+00:00","article_modified_time":"2024-04-13T12:57:21+00:00","og_image":[{"width":1200,"height":628,"url":"https:\/\/www.eldiario.net\/portal\/wp-content\/uploads\/2023\/06\/Lupe-Cajias.jpg","type":"image\/jpeg"}],"author":"Jeanette","twitter_card":"summary_large_image","twitter_creator":"@eldiario_net","twitter_site":"@eldiario_net","twitter_misc":{"Escrito por":"Jeanette","Tiempo de lectura":"4 minutos"},"schema":{"@context":"https:\/\/schema.org","@graph":[{"@type":"Article","@id":"https:\/\/www.eldiario.net\/portal\/2024\/04\/13\/los-extravios-de-celinda-sosa-lunda\/#article","isPartOf":{"@id":"https:\/\/www.eldiario.net\/portal\/2024\/04\/13\/los-extravios-de-celinda-sosa-lunda\/"},"author":{"name":"Jeanette","@id":"https:\/\/www.eldiario.net\/portal\/#\/schema\/person\/f46445640444750d7d753ccd04ae01b7"},"headline":"Los extrav\u00edos de Celinda Sosa Lunda","datePublished":"2024-04-13T11:15:45+00:00","dateModified":"2024-04-13T12:57:21+00:00","mainEntityOfPage":{"@id":"https:\/\/www.eldiario.net\/portal\/2024\/04\/13\/los-extravios-de-celinda-sosa-lunda\/"},"wordCount":824,"commentCount":0,"publisher":{"@id":"https:\/\/www.eldiario.net\/portal\/#organization"},"image":{"@id":"https:\/\/www.eldiario.net\/portal\/2024\/04\/13\/los-extravios-de-celinda-sosa-lunda\/#primaryimage"},"thumbnailUrl":"https:\/\/www.eldiario.net\/portal\/wp-content\/uploads\/2023\/06\/Lupe-Cajias.jpg","articleSection":["Opini\u00f3n"],"inLanguage":"es","potentialAction":[{"@type":"CommentAction","name":"Comment","target":["https:\/\/www.eldiario.net\/portal\/2024\/04\/13\/los-extravios-de-celinda-sosa-lunda\/#respond"]}]},{"@type":"WebPage","@id":"https:\/\/www.eldiario.net\/portal\/2024\/04\/13\/los-extravios-de-celinda-sosa-lunda\/","url":"https:\/\/www.eldiario.net\/portal\/2024\/04\/13\/los-extravios-de-celinda-sosa-lunda\/","name":"Los extrav\u00edos de Celinda Sosa Lunda - El Diario - Bolivia","isPartOf":{"@id":"https:\/\/www.eldiario.net\/portal\/#website"},"primaryImageOfPage":{"@id":"https:\/\/www.eldiario.net\/portal\/2024\/04\/13\/los-extravios-de-celinda-sosa-lunda\/#primaryimage"},"image":{"@id":"https:\/\/www.eldiario.net\/portal\/2024\/04\/13\/los-extravios-de-celinda-sosa-lunda\/#primaryimage"},"thumbnailUrl":"https:\/\/www.eldiario.net\/portal\/wp-content\/uploads\/2023\/06\/Lupe-Cajias.jpg","datePublished":"2024-04-13T11:15:45+00:00","dateModified":"2024-04-13T12:57:21+00:00","breadcrumb":{"@id":"https:\/\/www.eldiario.net\/portal\/2024\/04\/13\/los-extravios-de-celinda-sosa-lunda\/#breadcrumb"},"inLanguage":"es","potentialAction":[{"@type":"ReadAction","target":["https:\/\/www.eldiario.net\/portal\/2024\/04\/13\/los-extravios-de-celinda-sosa-lunda\/"]}]},{"@type":"ImageObject","inLanguage":"es","@id":"https:\/\/www.eldiario.net\/portal\/2024\/04\/13\/los-extravios-de-celinda-sosa-lunda\/#primaryimage","url":"https:\/\/www.eldiario.net\/portal\/wp-content\/uploads\/2023\/06\/Lupe-Cajias.jpg","contentUrl":"https:\/\/www.eldiario.net\/portal\/wp-content\/uploads\/2023\/06\/Lupe-Cajias.jpg","width":1200,"height":628,"caption":"Lupe Caj\u00edas"},{"@type":"BreadcrumbList","@id":"https:\/\/www.eldiario.net\/portal\/2024\/04\/13\/los-extravios-de-celinda-sosa-lunda\/#breadcrumb","itemListElement":[{"@type":"ListItem","position":1,"name":"Portada","item":"https:\/\/www.eldiario.net\/portal\/"},{"@type":"ListItem","position":2,"name":"Los extrav\u00edos de Celinda Sosa Lunda"}]},{"@type":"WebSite","@id":"https:\/\/www.eldiario.net\/portal\/#website","url":"https:\/\/www.eldiario.net\/portal\/","name":"El Diario - Decano de la prensa nacional","description":"El Diario - Decano de la prensa nacional","publisher":{"@id":"https:\/\/www.eldiario.net\/portal\/#organization"},"potentialAction":[{"@type":"SearchAction","target":{"@type":"EntryPoint","urlTemplate":"https:\/\/www.eldiario.net\/portal\/?s={search_term_string}"},"query-input":{"@type":"PropertyValueSpecification","valueRequired":true,"valueName":"search_term_string"}}],"inLanguage":"es"},{"@type":"Organization","@id":"https:\/\/www.eldiario.net\/portal\/#organization","name":"El Diario - Decano de la prensa nacional","url":"https:\/\/www.eldiario.net\/portal\/","logo":{"@type":"ImageObject","inLanguage":"es","@id":"https:\/\/www.eldiario.net\/portal\/#\/schema\/logo\/image\/","url":"https:\/\/www.eldiario.net\/portal\/wp-content\/uploads\/2023\/07\/logo_ED.jpg","contentUrl":"https:\/\/www.eldiario.net\/portal\/wp-content\/uploads\/2023\/07\/logo_ED.jpg","width":272,"height":52,"caption":"El Diario - Decano de la prensa nacional"},"image":{"@id":"https:\/\/www.eldiario.net\/portal\/#\/schema\/logo\/image\/"},"sameAs":["https:\/\/www.facebook.com\/eldiario.bolivia\/","https:\/\/x.com\/eldiario_net"]},{"@type":"Person","@id":"https:\/\/www.eldiario.net\/portal\/#\/schema\/person\/f46445640444750d7d753ccd04ae01b7","name":"Jeanette","image":{"@type":"ImageObject","inLanguage":"es","@id":"https:\/\/secure.gravatar.com\/avatar\/3ea2118a5f7dad2b7138b1187a6b7ee55f160b9968b66013c3a3ef39dd7e5798?s=96&d=mm&r=g","url":"https:\/\/secure.gravatar.com\/avatar\/3ea2118a5f7dad2b7138b1187a6b7ee55f160b9968b66013c3a3ef39dd7e5798?s=96&d=mm&r=g","contentUrl":"https:\/\/secure.gravatar.com\/avatar\/3ea2118a5f7dad2b7138b1187a6b7ee55f160b9968b66013c3a3ef39dd7e5798?s=96&d=mm&r=g","caption":"Jeanette"},"sameAs":["https:\/\/www.eldiario.net\/portal"],"url":"https:\/\/www.eldiario.net\/portal\/author\/jeanette\/"}]}},"_links":{"self":[{"href":"https:\/\/www.eldiario.net\/portal\/wp-json\/wp\/v2\/posts\/214010","targetHints":{"allow":["GET"]}}],"collection":[{"href":"https:\/\/www.eldiario.net\/portal\/wp-json\/wp\/v2\/posts"}],"about":[{"href":"https:\/\/www.eldiario.net\/portal\/wp-json\/wp\/v2\/types\/post"}],"author":[{"embeddable":true,"href":"https:\/\/www.eldiario.net\/portal\/wp-json\/wp\/v2\/users\/1"}],"replies":[{"embeddable":true,"href":"https:\/\/www.eldiario.net\/portal\/wp-json\/wp\/v2\/comments?post=214010"}],"version-history":[{"count":1,"href":"https:\/\/www.eldiario.net\/portal\/wp-json\/wp\/v2\/posts\/214010\/revisions"}],"predecessor-version":[{"id":214011,"href":"https:\/\/www.eldiario.net\/portal\/wp-json\/wp\/v2\/posts\/214010\/revisions\/214011"}],"wp:featuredmedia":[{"embeddable":true,"href":"https:\/\/www.eldiario.net\/portal\/wp-json\/wp\/v2\/media\/157862"}],"wp:attachment":[{"href":"https:\/\/www.eldiario.net\/portal\/wp-json\/wp\/v2\/media?parent=214010"}],"wp:term":[{"taxonomy":"category","embeddable":true,"href":"https:\/\/www.eldiario.net\/portal\/wp-json\/wp\/v2\/categories?post=214010"},{"taxonomy":"post_tag","embeddable":true,"href":"https:\/\/www.eldiario.net\/portal\/wp-json\/wp\/v2\/tags?post=214010"}],"curies":[{"name":"wp","href":"https:\/\/api.w.org\/{rel}","templated":true}]}}