{"id":214007,"date":"2024-04-13T07:14:50","date_gmt":"2024-04-13T11:14:50","guid":{"rendered":"https:\/\/www.eldiario.net\/portal\/?p=214007"},"modified":"2024-04-13T07:14:50","modified_gmt":"2024-04-13T11:14:50","slug":"empresarios-rechazan-propuesta-de-incremento-salarial-de-la-cob","status":"publish","type":"post","link":"https:\/\/www.eldiario.net\/portal\/2024\/04\/13\/empresarios-rechazan-propuesta-de-incremento-salarial-de-la-cob\/","title":{"rendered":"Empresarios rechazan propuesta  de incremento salarial de la COB"},"content":{"rendered":"<p>La Confederaci\u00f3n de Empresarios Privados de Bolivia (CEPB) rechaz\u00f3 ayer la propuesta de la Central Obrera Boliviana (COB), de incrementar en 8% el salario m\u00ednimo nacional y en 7% el haber b\u00e1sico, porque considera que este aumento \u201cser\u00eda insostenible para el sector empresarial, provocar\u00eda el cierre de unidades productivas y una mayor precarizaci\u00f3n del trabajo formal\u201d.<br \/>\nLa CEPB, mediante un comunicado, demand\u00f3 al Gobierno una reuni\u00f3n urgente para expresar su posici\u00f3n institucional sobre este tema, justificando su demanda en el Convenio 131 de la OIT, ratificado en Bolivia por la Ley 2120 \u201cque instruye la consulta exhaustiva e igualitaria a los trabajadores y a los empleadores antes de definir el salario m\u00ednimo nacional\u201d.<br \/>\nLos empresarios privados aclaran que, al haber sido convocada la COB para este fin, se cumpli\u00f3 una parte de lo que establece el Convenio internacional, y a\u00fan queda pendiente que tambi\u00e9n sea llamado el sector empresarial con el mismo prop\u00f3sito.<br \/>\nEl comunicado se\u00f1ala adem\u00e1s que la CEPB respalda los planteamientos de diversos sectores empresariales \u201cque propusieron alternativas para responder a la demanda de incremento salarial\u201d.<br \/>\nLa organizaci\u00f3n que aglutina a los empresarios privados de Bolivia considera que \u201cestas propuestas responden a las diferencias entre sectores y regiones, y sobre todo reflejan la realidad compleja y dif\u00edcil que viven las empresas en la actualidad, las mismas que deben ser consideras antes de decidir cualquier incremento\u201d.<br \/>\nAl respecto, instituciones como la C\u00e1mara Nacional de Industrias, la C\u00e1mara Nacional de Comercio, la C\u00e1mara Nacional de Exportadores, las Federaciones Departamentales de Cochabamba, Tarija, Chuquisaca, La Paz y Santa Cruz, coincidieron en demandar que el Gobierno convoque al sector privado para analizar el aumento salarial y plantearon una serie de alternativas como: el congelamiento del incremento, el aumento de acuerdo con el \u00edndice de la inflaci\u00f3n de 2023 o la diferenciaci\u00f3n por departamentos.<br \/>\nLos empresarios consideran que en la actual coyuntura cualquier incremento al haber b\u00e1sico y del salario m\u00ednimo deben ser el resultado de un consenso que equilibre adecuadamente las necesidades de los trabajadores, la realidad de la econom\u00eda, la estabilidad de las empresas y el sostenimiento del empleo digno.<br \/>\nLa dirigencia de la COB, en reuni\u00f3n con el presidente Luis Arce, la \u00faltima semana de febrero present\u00f3 el pliego petitorio de los trabajadores en el que plante\u00f3 un incremento salarial para esta gesti\u00f3n del 8% al m\u00ednimo nacional y un 7% al haber b\u00e1sico para esta gesti\u00f3n.<br \/>\nEl presidente del Estado fue el encargado de recibir el pliego petitorio, momento en el que se comprometi\u00f3 a encarar de la manera m\u00e1s responsable cada una de las solicitudes de la m\u00e1xima organizaci\u00f3n que aglutina a los trabajadores de Bolivia, a objeto de atender y resolver los problemas del sector.<br \/>\nEl a\u00f1o pasado, luego de debatir las posturas, el Gobierno central y la COB acordaron un incremento salarial del 5% al salario m\u00ednimo nacional y 3% al haber b\u00e1sico. El 1 de mayo, Arce promulg\u00f3 el Decreto Supremo 4928, que estableci\u00f3 el alza salarial. Con esta medida el salario m\u00ednimo subi\u00f3 de Bs 2.250 a Bs 2.362.<\/p>\n<p>&nbsp;<\/p>\n","protected":false},"excerpt":{"rendered":"<p>La Confederaci\u00f3n de Empresarios Privados de Bolivia (CEPB) rechaz\u00f3 ayer la propuesta de la Central Obrera Boliviana (COB), de incrementar en 8% el salario m\u00ednimo nacional y en 7% el haber b\u00e1sico, porque considera que este aumento \u201cser\u00eda insostenible para el sector empresarial, provocar\u00eda el cierre de unidades productivas y una mayor precarizaci\u00f3n del trabajo [&hellip;]<\/p>\n","protected":false},"author":1,"featured_media":214008,"comment_status":"open","ping_status":"open","sticky":false,"template":"","format":"standard","meta":{"_acf_changed":false,"footnotes":""},"categories":[7],"tags":[],"class_list":["post-214007","post","type-post","status-publish","format-standard","has-post-thumbnail","category-economia"],"acf":{"antetitulo":"Incremento salarial"},"yoast_head":"<!-- This site is optimized with the Yoast SEO plugin v28.3 - https:\/\/yoast.com\/product\/yoast-seo-wordpress\/ -->\n<title>Empresarios rechazan propuesta de incremento salarial de la COB - El Diario - Bolivia<\/title>\n<meta name=\"robots\" content=\"index, follow, max-snippet:-1, max-image-preview:large, max-video-preview:-1\" \/>\n<link rel=\"canonical\" href=\"https:\/\/www.eldiario.net\/portal\/2024\/04\/13\/empresarios-rechazan-propuesta-de-incremento-salarial-de-la-cob\/\" \/>\n<meta property=\"og:locale\" content=\"es_ES\" \/>\n<meta property=\"og:type\" content=\"article\" \/>\n<meta property=\"og:title\" content=\"Empresarios rechazan propuesta de incremento salarial de la COB - El Diario - Bolivia\" \/>\n<meta property=\"og:description\" content=\"La Confederaci\u00f3n de Empresarios Privados de Bolivia (CEPB) rechaz\u00f3 ayer la propuesta de la Central Obrera Boliviana (COB), de incrementar en 8% el salario m\u00ednimo nacional y en 7% el haber b\u00e1sico, porque considera que este aumento \u201cser\u00eda insostenible para el sector empresarial, provocar\u00eda el cierre de unidades productivas y una mayor precarizaci\u00f3n del trabajo [&hellip;]\" \/>\n<meta property=\"og:url\" content=\"https:\/\/www.eldiario.net\/portal\/2024\/04\/13\/empresarios-rechazan-propuesta-de-incremento-salarial-de-la-cob\/\" \/>\n<meta property=\"og:site_name\" content=\"El Diario - Bolivia\" \/>\n<meta property=\"article:publisher\" content=\"https:\/\/www.facebook.com\/eldiario.bolivia\/\" \/>\n<meta property=\"article:published_time\" content=\"2024-04-13T11:14:50+00:00\" \/>\n<meta property=\"og:image\" content=\"https:\/\/www.eldiario.net\/portal\/wp-content\/uploads\/2024\/04\/13-incremento-salarial.jpg\" \/>\n\t<meta property=\"og:image:width\" content=\"1772\" \/>\n\t<meta property=\"og:image:height\" content=\"1329\" \/>\n\t<meta property=\"og:image:type\" content=\"image\/jpeg\" \/>\n<meta name=\"author\" content=\"Jeanette\" \/>\n<meta name=\"twitter:card\" content=\"summary_large_image\" \/>\n<meta name=\"twitter:creator\" content=\"@eldiario_net\" \/>\n<meta name=\"twitter:site\" content=\"@eldiario_net\" \/>\n<meta name=\"twitter:label1\" content=\"Escrito por\" \/>\n\t<meta name=\"twitter:data1\" content=\"Jeanette\" \/>\n\t<meta name=\"twitter:label2\" content=\"Tiempo de lectura\" \/>\n\t<meta name=\"twitter:data2\" content=\"3 minutos\" \/>\n<script type=\"application\/ld+json\" class=\"yoast-schema-graph\">{\"@context\":\"https:\\\/\\\/schema.org\",\"@graph\":[{\"@type\":\"Article\",\"@id\":\"https:\\\/\\\/www.eldiario.net\\\/portal\\\/2024\\\/04\\\/13\\\/empresarios-rechazan-propuesta-de-incremento-salarial-de-la-cob\\\/#article\",\"isPartOf\":{\"@id\":\"https:\\\/\\\/www.eldiario.net\\\/portal\\\/2024\\\/04\\\/13\\\/empresarios-rechazan-propuesta-de-incremento-salarial-de-la-cob\\\/\"},\"author\":{\"name\":\"Jeanette\",\"@id\":\"https:\\\/\\\/www.eldiario.net\\\/portal\\\/#\\\/schema\\\/person\\\/f46445640444750d7d753ccd04ae01b7\"},\"headline\":\"Empresarios rechazan propuesta de incremento salarial de la COB\",\"datePublished\":\"2024-04-13T11:14:50+00:00\",\"mainEntityOfPage\":{\"@id\":\"https:\\\/\\\/www.eldiario.net\\\/portal\\\/2024\\\/04\\\/13\\\/empresarios-rechazan-propuesta-de-incremento-salarial-de-la-cob\\\/\"},\"wordCount\":538,\"commentCount\":0,\"publisher\":{\"@id\":\"https:\\\/\\\/www.eldiario.net\\\/portal\\\/#organization\"},\"image\":{\"@id\":\"https:\\\/\\\/www.eldiario.net\\\/portal\\\/2024\\\/04\\\/13\\\/empresarios-rechazan-propuesta-de-incremento-salarial-de-la-cob\\\/#primaryimage\"},\"thumbnailUrl\":\"https:\\\/\\\/www.eldiario.net\\\/portal\\\/wp-content\\\/uploads\\\/2024\\\/04\\\/13-incremento-salarial.jpg\",\"articleSection\":[\"Econom\u00eda\"],\"inLanguage\":\"es\",\"potentialAction\":[{\"@type\":\"CommentAction\",\"name\":\"Comment\",\"target\":[\"https:\\\/\\\/www.eldiario.net\\\/portal\\\/2024\\\/04\\\/13\\\/empresarios-rechazan-propuesta-de-incremento-salarial-de-la-cob\\\/#respond\"]}]},{\"@type\":\"WebPage\",\"@id\":\"https:\\\/\\\/www.eldiario.net\\\/portal\\\/2024\\\/04\\\/13\\\/empresarios-rechazan-propuesta-de-incremento-salarial-de-la-cob\\\/\",\"url\":\"https:\\\/\\\/www.eldiario.net\\\/portal\\\/2024\\\/04\\\/13\\\/empresarios-rechazan-propuesta-de-incremento-salarial-de-la-cob\\\/\",\"name\":\"Empresarios rechazan propuesta de incremento salarial de la COB - El Diario - Bolivia\",\"isPartOf\":{\"@id\":\"https:\\\/\\\/www.eldiario.net\\\/portal\\\/#website\"},\"primaryImageOfPage\":{\"@id\":\"https:\\\/\\\/www.eldiario.net\\\/portal\\\/2024\\\/04\\\/13\\\/empresarios-rechazan-propuesta-de-incremento-salarial-de-la-cob\\\/#primaryimage\"},\"image\":{\"@id\":\"https:\\\/\\\/www.eldiario.net\\\/portal\\\/2024\\\/04\\\/13\\\/empresarios-rechazan-propuesta-de-incremento-salarial-de-la-cob\\\/#primaryimage\"},\"thumbnailUrl\":\"https:\\\/\\\/www.eldiario.net\\\/portal\\\/wp-content\\\/uploads\\\/2024\\\/04\\\/13-incremento-salarial.jpg\",\"datePublished\":\"2024-04-13T11:14:50+00:00\",\"breadcrumb\":{\"@id\":\"https:\\\/\\\/www.eldiario.net\\\/portal\\\/2024\\\/04\\\/13\\\/empresarios-rechazan-propuesta-de-incremento-salarial-de-la-cob\\\/#breadcrumb\"},\"inLanguage\":\"es\",\"potentialAction\":[{\"@type\":\"ReadAction\",\"target\":[\"https:\\\/\\\/www.eldiario.net\\\/portal\\\/2024\\\/04\\\/13\\\/empresarios-rechazan-propuesta-de-incremento-salarial-de-la-cob\\\/\"]}]},{\"@type\":\"ImageObject\",\"inLanguage\":\"es\",\"@id\":\"https:\\\/\\\/www.eldiario.net\\\/portal\\\/2024\\\/04\\\/13\\\/empresarios-rechazan-propuesta-de-incremento-salarial-de-la-cob\\\/#primaryimage\",\"url\":\"https:\\\/\\\/www.eldiario.net\\\/portal\\\/wp-content\\\/uploads\\\/2024\\\/04\\\/13-incremento-salarial.jpg\",\"contentUrl\":\"https:\\\/\\\/www.eldiario.net\\\/portal\\\/wp-content\\\/uploads\\\/2024\\\/04\\\/13-incremento-salarial.jpg\",\"width\":1772,\"height\":1329},{\"@type\":\"BreadcrumbList\",\"@id\":\"https:\\\/\\\/www.eldiario.net\\\/portal\\\/2024\\\/04\\\/13\\\/empresarios-rechazan-propuesta-de-incremento-salarial-de-la-cob\\\/#breadcrumb\",\"itemListElement\":[{\"@type\":\"ListItem\",\"position\":1,\"name\":\"Portada\",\"item\":\"https:\\\/\\\/www.eldiario.net\\\/portal\\\/\"},{\"@type\":\"ListItem\",\"position\":2,\"name\":\"Empresarios rechazan propuesta de incremento salarial de la COB\"}]},{\"@type\":\"WebSite\",\"@id\":\"https:\\\/\\\/www.eldiario.net\\\/portal\\\/#website\",\"url\":\"https:\\\/\\\/www.eldiario.net\\\/portal\\\/\",\"name\":\"El Diario - Decano de la prensa nacional\",\"description\":\"El Diario - Decano de la prensa nacional\",\"publisher\":{\"@id\":\"https:\\\/\\\/www.eldiario.net\\\/portal\\\/#organization\"},\"potentialAction\":[{\"@type\":\"SearchAction\",\"target\":{\"@type\":\"EntryPoint\",\"urlTemplate\":\"https:\\\/\\\/www.eldiario.net\\\/portal\\\/?s={search_term_string}\"},\"query-input\":{\"@type\":\"PropertyValueSpecification\",\"valueRequired\":true,\"valueName\":\"search_term_string\"}}],\"inLanguage\":\"es\"},{\"@type\":\"Organization\",\"@id\":\"https:\\\/\\\/www.eldiario.net\\\/portal\\\/#organization\",\"name\":\"El Diario - Decano de la prensa nacional\",\"url\":\"https:\\\/\\\/www.eldiario.net\\\/portal\\\/\",\"logo\":{\"@type\":\"ImageObject\",\"inLanguage\":\"es\",\"@id\":\"https:\\\/\\\/www.eldiario.net\\\/portal\\\/#\\\/schema\\\/logo\\\/image\\\/\",\"url\":\"https:\\\/\\\/www.eldiario.net\\\/portal\\\/wp-content\\\/uploads\\\/2023\\\/07\\\/logo_ED.jpg\",\"contentUrl\":\"https:\\\/\\\/www.eldiario.net\\\/portal\\\/wp-content\\\/uploads\\\/2023\\\/07\\\/logo_ED.jpg\",\"width\":272,\"height\":52,\"caption\":\"El Diario - Decano de la prensa nacional\"},\"image\":{\"@id\":\"https:\\\/\\\/www.eldiario.net\\\/portal\\\/#\\\/schema\\\/logo\\\/image\\\/\"},\"sameAs\":[\"https:\\\/\\\/www.facebook.com\\\/eldiario.bolivia\\\/\",\"https:\\\/\\\/x.com\\\/eldiario_net\"]},{\"@type\":\"Person\",\"@id\":\"https:\\\/\\\/www.eldiario.net\\\/portal\\\/#\\\/schema\\\/person\\\/f46445640444750d7d753ccd04ae01b7\",\"name\":\"Jeanette\",\"image\":{\"@type\":\"ImageObject\",\"inLanguage\":\"es\",\"@id\":\"https:\\\/\\\/secure.gravatar.com\\\/avatar\\\/3ea2118a5f7dad2b7138b1187a6b7ee55f160b9968b66013c3a3ef39dd7e5798?s=96&d=mm&r=g\",\"url\":\"https:\\\/\\\/secure.gravatar.com\\\/avatar\\\/3ea2118a5f7dad2b7138b1187a6b7ee55f160b9968b66013c3a3ef39dd7e5798?s=96&d=mm&r=g\",\"contentUrl\":\"https:\\\/\\\/secure.gravatar.com\\\/avatar\\\/3ea2118a5f7dad2b7138b1187a6b7ee55f160b9968b66013c3a3ef39dd7e5798?s=96&d=mm&r=g\",\"caption\":\"Jeanette\"},\"sameAs\":[\"https:\\\/\\\/www.eldiario.net\\\/portal\"],\"url\":\"https:\\\/\\\/www.eldiario.net\\\/portal\\\/author\\\/jeanette\\\/\"}]}<\/script>\n<!-- \/ Yoast SEO plugin. -->","yoast_head_json":{"title":"Empresarios rechazan propuesta de incremento salarial de la COB - El Diario - Bolivia","robots":{"index":"index","follow":"follow","max-snippet":"max-snippet:-1","max-image-preview":"max-image-preview:large","max-video-preview":"max-video-preview:-1"},"canonical":"https:\/\/www.eldiario.net\/portal\/2024\/04\/13\/empresarios-rechazan-propuesta-de-incremento-salarial-de-la-cob\/","og_locale":"es_ES","og_type":"article","og_title":"Empresarios rechazan propuesta de incremento salarial de la COB - El Diario - Bolivia","og_description":"La Confederaci\u00f3n de Empresarios Privados de Bolivia (CEPB) rechaz\u00f3 ayer la propuesta de la Central Obrera Boliviana (COB), de incrementar en 8% el salario m\u00ednimo nacional y en 7% el haber b\u00e1sico, porque considera que este aumento \u201cser\u00eda insostenible para el sector empresarial, provocar\u00eda el cierre de unidades productivas y una mayor precarizaci\u00f3n del trabajo [&hellip;]","og_url":"https:\/\/www.eldiario.net\/portal\/2024\/04\/13\/empresarios-rechazan-propuesta-de-incremento-salarial-de-la-cob\/","og_site_name":"El Diario - Bolivia","article_publisher":"https:\/\/www.facebook.com\/eldiario.bolivia\/","article_published_time":"2024-04-13T11:14:50+00:00","og_image":[{"width":1772,"height":1329,"url":"https:\/\/www.eldiario.net\/portal\/wp-content\/uploads\/2024\/04\/13-incremento-salarial.jpg","type":"image\/jpeg"}],"author":"Jeanette","twitter_card":"summary_large_image","twitter_creator":"@eldiario_net","twitter_site":"@eldiario_net","twitter_misc":{"Escrito por":"Jeanette","Tiempo de lectura":"3 minutos"},"schema":{"@context":"https:\/\/schema.org","@graph":[{"@type":"Article","@id":"https:\/\/www.eldiario.net\/portal\/2024\/04\/13\/empresarios-rechazan-propuesta-de-incremento-salarial-de-la-cob\/#article","isPartOf":{"@id":"https:\/\/www.eldiario.net\/portal\/2024\/04\/13\/empresarios-rechazan-propuesta-de-incremento-salarial-de-la-cob\/"},"author":{"name":"Jeanette","@id":"https:\/\/www.eldiario.net\/portal\/#\/schema\/person\/f46445640444750d7d753ccd04ae01b7"},"headline":"Empresarios rechazan propuesta de incremento salarial de la COB","datePublished":"2024-04-13T11:14:50+00:00","mainEntityOfPage":{"@id":"https:\/\/www.eldiario.net\/portal\/2024\/04\/13\/empresarios-rechazan-propuesta-de-incremento-salarial-de-la-cob\/"},"wordCount":538,"commentCount":0,"publisher":{"@id":"https:\/\/www.eldiario.net\/portal\/#organization"},"image":{"@id":"https:\/\/www.eldiario.net\/portal\/2024\/04\/13\/empresarios-rechazan-propuesta-de-incremento-salarial-de-la-cob\/#primaryimage"},"thumbnailUrl":"https:\/\/www.eldiario.net\/portal\/wp-content\/uploads\/2024\/04\/13-incremento-salarial.jpg","articleSection":["Econom\u00eda"],"inLanguage":"es","potentialAction":[{"@type":"CommentAction","name":"Comment","target":["https:\/\/www.eldiario.net\/portal\/2024\/04\/13\/empresarios-rechazan-propuesta-de-incremento-salarial-de-la-cob\/#respond"]}]},{"@type":"WebPage","@id":"https:\/\/www.eldiario.net\/portal\/2024\/04\/13\/empresarios-rechazan-propuesta-de-incremento-salarial-de-la-cob\/","url":"https:\/\/www.eldiario.net\/portal\/2024\/04\/13\/empresarios-rechazan-propuesta-de-incremento-salarial-de-la-cob\/","name":"Empresarios rechazan propuesta de incremento salarial de la COB - El Diario - Bolivia","isPartOf":{"@id":"https:\/\/www.eldiario.net\/portal\/#website"},"primaryImageOfPage":{"@id":"https:\/\/www.eldiario.net\/portal\/2024\/04\/13\/empresarios-rechazan-propuesta-de-incremento-salarial-de-la-cob\/#primaryimage"},"image":{"@id":"https:\/\/www.eldiario.net\/portal\/2024\/04\/13\/empresarios-rechazan-propuesta-de-incremento-salarial-de-la-cob\/#primaryimage"},"thumbnailUrl":"https:\/\/www.eldiario.net\/portal\/wp-content\/uploads\/2024\/04\/13-incremento-salarial.jpg","datePublished":"2024-04-13T11:14:50+00:00","breadcrumb":{"@id":"https:\/\/www.eldiario.net\/portal\/2024\/04\/13\/empresarios-rechazan-propuesta-de-incremento-salarial-de-la-cob\/#breadcrumb"},"inLanguage":"es","potentialAction":[{"@type":"ReadAction","target":["https:\/\/www.eldiario.net\/portal\/2024\/04\/13\/empresarios-rechazan-propuesta-de-incremento-salarial-de-la-cob\/"]}]},{"@type":"ImageObject","inLanguage":"es","@id":"https:\/\/www.eldiario.net\/portal\/2024\/04\/13\/empresarios-rechazan-propuesta-de-incremento-salarial-de-la-cob\/#primaryimage","url":"https:\/\/www.eldiario.net\/portal\/wp-content\/uploads\/2024\/04\/13-incremento-salarial.jpg","contentUrl":"https:\/\/www.eldiario.net\/portal\/wp-content\/uploads\/2024\/04\/13-incremento-salarial.jpg","width":1772,"height":1329},{"@type":"BreadcrumbList","@id":"https:\/\/www.eldiario.net\/portal\/2024\/04\/13\/empresarios-rechazan-propuesta-de-incremento-salarial-de-la-cob\/#breadcrumb","itemListElement":[{"@type":"ListItem","position":1,"name":"Portada","item":"https:\/\/www.eldiario.net\/portal\/"},{"@type":"ListItem","position":2,"name":"Empresarios rechazan propuesta de incremento salarial de la COB"}]},{"@type":"WebSite","@id":"https:\/\/www.eldiario.net\/portal\/#website","url":"https:\/\/www.eldiario.net\/portal\/","name":"El Diario - Decano de la prensa nacional","description":"El Diario - Decano de la prensa nacional","publisher":{"@id":"https:\/\/www.eldiario.net\/portal\/#organization"},"potentialAction":[{"@type":"SearchAction","target":{"@type":"EntryPoint","urlTemplate":"https:\/\/www.eldiario.net\/portal\/?s={search_term_string}"},"query-input":{"@type":"PropertyValueSpecification","valueRequired":true,"valueName":"search_term_string"}}],"inLanguage":"es"},{"@type":"Organization","@id":"https:\/\/www.eldiario.net\/portal\/#organization","name":"El Diario - Decano de la prensa nacional","url":"https:\/\/www.eldiario.net\/portal\/","logo":{"@type":"ImageObject","inLanguage":"es","@id":"https:\/\/www.eldiario.net\/portal\/#\/schema\/logo\/image\/","url":"https:\/\/www.eldiario.net\/portal\/wp-content\/uploads\/2023\/07\/logo_ED.jpg","contentUrl":"https:\/\/www.eldiario.net\/portal\/wp-content\/uploads\/2023\/07\/logo_ED.jpg","width":272,"height":52,"caption":"El Diario - Decano de la prensa nacional"},"image":{"@id":"https:\/\/www.eldiario.net\/portal\/#\/schema\/logo\/image\/"},"sameAs":["https:\/\/www.facebook.com\/eldiario.bolivia\/","https:\/\/x.com\/eldiario_net"]},{"@type":"Person","@id":"https:\/\/www.eldiario.net\/portal\/#\/schema\/person\/f46445640444750d7d753ccd04ae01b7","name":"Jeanette","image":{"@type":"ImageObject","inLanguage":"es","@id":"https:\/\/secure.gravatar.com\/avatar\/3ea2118a5f7dad2b7138b1187a6b7ee55f160b9968b66013c3a3ef39dd7e5798?s=96&d=mm&r=g","url":"https:\/\/secure.gravatar.com\/avatar\/3ea2118a5f7dad2b7138b1187a6b7ee55f160b9968b66013c3a3ef39dd7e5798?s=96&d=mm&r=g","contentUrl":"https:\/\/secure.gravatar.com\/avatar\/3ea2118a5f7dad2b7138b1187a6b7ee55f160b9968b66013c3a3ef39dd7e5798?s=96&d=mm&r=g","caption":"Jeanette"},"sameAs":["https:\/\/www.eldiario.net\/portal"],"url":"https:\/\/www.eldiario.net\/portal\/author\/jeanette\/"}]}},"_links":{"self":[{"href":"https:\/\/www.eldiario.net\/portal\/wp-json\/wp\/v2\/posts\/214007","targetHints":{"allow":["GET"]}}],"collection":[{"href":"https:\/\/www.eldiario.net\/portal\/wp-json\/wp\/v2\/posts"}],"about":[{"href":"https:\/\/www.eldiario.net\/portal\/wp-json\/wp\/v2\/types\/post"}],"author":[{"embeddable":true,"href":"https:\/\/www.eldiario.net\/portal\/wp-json\/wp\/v2\/users\/1"}],"replies":[{"embeddable":true,"href":"https:\/\/www.eldiario.net\/portal\/wp-json\/wp\/v2\/comments?post=214007"}],"version-history":[{"count":1,"href":"https:\/\/www.eldiario.net\/portal\/wp-json\/wp\/v2\/posts\/214007\/revisions"}],"predecessor-version":[{"id":214009,"href":"https:\/\/www.eldiario.net\/portal\/wp-json\/wp\/v2\/posts\/214007\/revisions\/214009"}],"wp:featuredmedia":[{"embeddable":true,"href":"https:\/\/www.eldiario.net\/portal\/wp-json\/wp\/v2\/media\/214008"}],"wp:attachment":[{"href":"https:\/\/www.eldiario.net\/portal\/wp-json\/wp\/v2\/media?parent=214007"}],"wp:term":[{"taxonomy":"category","embeddable":true,"href":"https:\/\/www.eldiario.net\/portal\/wp-json\/wp\/v2\/categories?post=214007"},{"taxonomy":"post_tag","embeddable":true,"href":"https:\/\/www.eldiario.net\/portal\/wp-json\/wp\/v2\/tags?post=214007"}],"curies":[{"name":"wp","href":"https:\/\/api.w.org\/{rel}","templated":true}]}}