{"id":21296,"date":"2021-08-04T06:41:36","date_gmt":"2021-08-04T10:41:36","guid":{"rendered":"https:\/\/www.eldiario.net\/portal\/?p=21296"},"modified":"2021-08-04T06:41:36","modified_gmt":"2021-08-04T10:41:36","slug":"rechazan-invitacion-a-morales-para-actos-por-fiestas-patrias","status":"publish","type":"post","link":"https:\/\/www.eldiario.net\/portal\/2021\/08\/04\/rechazan-invitacion-a-morales-para-actos-por-fiestas-patrias\/","title":{"rendered":"Rechazan invitaci\u00f3n a Morales  para actos por fiestas patrias"},"content":{"rendered":"<p class=\"v1MsoNormal\">Ante anuncios por una posible invitaci\u00f3n al expresidente Evo Morales para participar de los actos protocolares y la sesi\u00f3n de honor de la Asamblea Legislativa Plurinacional (ALP), por las fiestas patrias, los legisladores opositores expresaron que la determinaci\u00f3n ser\u00eda entendida como una provocaci\u00f3n para el pueblo boliviano.<\/p>\n<p class=\"v1MsoNormal\">El diputado por Comunidad Ciudadana, Alejandro Reyes, manifest\u00f3 que una posible invitaci\u00f3n para que el l\u00edder del Movimiento al Socialismo participe de los actos por las fiestas patrias se constituye en una provocaci\u00f3n directa, sobre todo a los habitantes de la ciudad de La Paz.<\/p>\n<p class=\"v1MsoNormal\">\u201cEl hecho de que Evo Morales est\u00e9 presente el 6 de agosto es un acto de provocaci\u00f3n a los bolivianos\u201d expres\u00f3 el legislador.<\/p>\n<p class=\"v1MsoNormal\">Reyes sostuvo que Morales representa todo lo contrario de los que se intenta resaltar durante la celebraci\u00f3n de la independencia de Bolivia, por lo que su presencia en los actos no ser\u00e1 bien aceptada por la poblaci\u00f3n a nivel nacional.<\/p>\n<p class=\"v1MsoNormal\">\u201cMorales no es dem\u00f3crata, es un autoritario, es un intento de dictador y por supuesto, que se siente en un banquillo de dem\u00f3cratas pues no es bienvenido y adem\u00e1s es una provocaci\u00f3n para los bolivianos\u201d, se\u00f1al\u00f3.<\/p>\n<p class=\"v1MsoNormal\">Desde el oficialismo, el diputado Sandro Ram\u00edrez, sostuvo que no se puede hacer a un lado a Morales por su condici\u00f3n de ex presidente, en todo caso la decisi\u00f3n final le corresponde al presidente de la Asamblea Legislativa, quien est\u00e1 encargado de determinar a los invitados al acto central del pr\u00f3ximo viernes 6 de agosto.<\/p>\n<p class=\"v1MsoNormal\">\u201cCreo que todos merecen un respeto y no tenemos por qu\u00e9 hacer a un lado, nosotros dij\u00e9ramos lo mismo, por qu\u00e9 tendr\u00eda que estar ah\u00ed Carlos Mesa. Yo creo que es una tarea del presidente nato de la asamblea definir a quienes se les haga la invitaci\u00f3n correspondiente, por principio y por respeto deber\u00edan estar todos los exmandatarios de Bolivia\u201d, expres\u00f3 el parlamentario.<\/p>\n<p class=\"v1MsoNormal\">\n","protected":false},"excerpt":{"rendered":"<p>Ante anuncios por una posible invitaci\u00f3n al expresidente Evo Morales para participar de los actos protocolares y la sesi\u00f3n de honor de la Asamblea Legislativa Plurinacional (ALP), por las fiestas patrias, los legisladores opositores expresaron que la determinaci\u00f3n ser\u00eda entendida como una provocaci\u00f3n para el pueblo boliviano. El diputado por Comunidad Ciudadana, Alejandro Reyes, manifest\u00f3 [&hellip;]<\/p>\n","protected":false},"author":1,"featured_media":21297,"comment_status":"closed","ping_status":"closed","sticky":false,"template":"","format":"standard","meta":{"_acf_changed":false,"footnotes":""},"categories":[14],"tags":[],"class_list":["post-21296","post","type-post","status-publish","format-standard","has-post-thumbnail","category-politica"],"acf":{"antetitulo":""},"yoast_head":"<!-- This site is optimized with the Yoast SEO plugin v28.4 - https:\/\/yoast.com\/product\/yoast-seo-wordpress\/ -->\n<title>Rechazan invitaci\u00f3n a Morales para actos por fiestas patrias - El Diario - Bolivia<\/title>\n<meta name=\"robots\" content=\"index, follow, max-snippet:-1, max-image-preview:large, max-video-preview:-1\" \/>\n<link rel=\"canonical\" href=\"https:\/\/www.eldiario.net\/portal\/2021\/08\/04\/rechazan-invitacion-a-morales-para-actos-por-fiestas-patrias\/\" \/>\n<meta property=\"og:locale\" content=\"es_ES\" \/>\n<meta property=\"og:type\" content=\"article\" \/>\n<meta property=\"og:title\" content=\"Rechazan invitaci\u00f3n a Morales para actos por fiestas patrias - El Diario - Bolivia\" \/>\n<meta property=\"og:description\" content=\"Ante anuncios por una posible invitaci\u00f3n al expresidente Evo Morales para participar de los actos protocolares y la sesi\u00f3n de honor de la Asamblea Legislativa Plurinacional (ALP), por las fiestas patrias, los legisladores opositores expresaron que la determinaci\u00f3n ser\u00eda entendida como una provocaci\u00f3n para el pueblo boliviano. El diputado por Comunidad Ciudadana, Alejandro Reyes, manifest\u00f3 [&hellip;]\" \/>\n<meta property=\"og:url\" content=\"https:\/\/www.eldiario.net\/portal\/2021\/08\/04\/rechazan-invitacion-a-morales-para-actos-por-fiestas-patrias\/\" \/>\n<meta property=\"og:site_name\" content=\"El Diario - Bolivia\" \/>\n<meta property=\"article:publisher\" content=\"https:\/\/www.facebook.com\/eldiario.bolivia\/\" \/>\n<meta property=\"article:published_time\" content=\"2021-08-04T10:41:36+00:00\" \/>\n<meta property=\"og:image\" content=\"https:\/\/www.eldiario.net\/portal\/wp-content\/uploads\/2021\/08\/FOTO-FIESTAS-PATRIAS-AGOSTO.jpg\" \/>\n\t<meta property=\"og:image:width\" content=\"1\" \/>\n\t<meta property=\"og:image:height\" content=\"1\" \/>\n\t<meta property=\"og:image:type\" content=\"image\/jpeg\" \/>\n<meta name=\"author\" content=\"Jeanette\" \/>\n<meta name=\"twitter:card\" content=\"summary_large_image\" \/>\n<meta name=\"twitter:creator\" content=\"@eldiario_net\" \/>\n<meta name=\"twitter:site\" content=\"@eldiario_net\" \/>\n<meta name=\"twitter:label1\" content=\"Escrito por\" \/>\n\t<meta name=\"twitter:data1\" content=\"Jeanette\" \/>\n\t<meta name=\"twitter:label2\" content=\"Tiempo de lectura\" \/>\n\t<meta name=\"twitter:data2\" content=\"2 minutos\" \/>\n<script type=\"application\/ld+json\" class=\"yoast-schema-graph\">{\"@context\":\"https:\\\/\\\/schema.org\",\"@graph\":[{\"@type\":\"Article\",\"@id\":\"https:\\\/\\\/www.eldiario.net\\\/portal\\\/2021\\\/08\\\/04\\\/rechazan-invitacion-a-morales-para-actos-por-fiestas-patrias\\\/#article\",\"isPartOf\":{\"@id\":\"https:\\\/\\\/www.eldiario.net\\\/portal\\\/2021\\\/08\\\/04\\\/rechazan-invitacion-a-morales-para-actos-por-fiestas-patrias\\\/\"},\"author\":{\"name\":\"Jeanette\",\"@id\":\"https:\\\/\\\/www.eldiario.net\\\/portal\\\/#\\\/schema\\\/person\\\/2c57cf2b7a7ae032e449e4c9b1019eac\"},\"headline\":\"Rechazan invitaci\u00f3n a Morales para actos por fiestas patrias\",\"datePublished\":\"2021-08-04T10:41:36+00:00\",\"mainEntityOfPage\":{\"@id\":\"https:\\\/\\\/www.eldiario.net\\\/portal\\\/2021\\\/08\\\/04\\\/rechazan-invitacion-a-morales-para-actos-por-fiestas-patrias\\\/\"},\"wordCount\":341,\"publisher\":{\"@id\":\"https:\\\/\\\/www.eldiario.net\\\/portal\\\/#organization\"},\"image\":{\"@id\":\"https:\\\/\\\/www.eldiario.net\\\/portal\\\/2021\\\/08\\\/04\\\/rechazan-invitacion-a-morales-para-actos-por-fiestas-patrias\\\/#primaryimage\"},\"thumbnailUrl\":\"https:\\\/\\\/www.eldiario.net\\\/portal\\\/wp-content\\\/uploads\\\/2021\\\/08\\\/FOTO-FIESTAS-PATRIAS-AGOSTO.jpg\",\"articleSection\":[\"Pol\u00edtica\"],\"inLanguage\":\"es\"},{\"@type\":\"WebPage\",\"@id\":\"https:\\\/\\\/www.eldiario.net\\\/portal\\\/2021\\\/08\\\/04\\\/rechazan-invitacion-a-morales-para-actos-por-fiestas-patrias\\\/\",\"url\":\"https:\\\/\\\/www.eldiario.net\\\/portal\\\/2021\\\/08\\\/04\\\/rechazan-invitacion-a-morales-para-actos-por-fiestas-patrias\\\/\",\"name\":\"Rechazan invitaci\u00f3n a Morales para actos por fiestas patrias - El Diario - Bolivia\",\"isPartOf\":{\"@id\":\"https:\\\/\\\/www.eldiario.net\\\/portal\\\/#website\"},\"primaryImageOfPage\":{\"@id\":\"https:\\\/\\\/www.eldiario.net\\\/portal\\\/2021\\\/08\\\/04\\\/rechazan-invitacion-a-morales-para-actos-por-fiestas-patrias\\\/#primaryimage\"},\"image\":{\"@id\":\"https:\\\/\\\/www.eldiario.net\\\/portal\\\/2021\\\/08\\\/04\\\/rechazan-invitacion-a-morales-para-actos-por-fiestas-patrias\\\/#primaryimage\"},\"thumbnailUrl\":\"https:\\\/\\\/www.eldiario.net\\\/portal\\\/wp-content\\\/uploads\\\/2021\\\/08\\\/FOTO-FIESTAS-PATRIAS-AGOSTO.jpg\",\"datePublished\":\"2021-08-04T10:41:36+00:00\",\"breadcrumb\":{\"@id\":\"https:\\\/\\\/www.eldiario.net\\\/portal\\\/2021\\\/08\\\/04\\\/rechazan-invitacion-a-morales-para-actos-por-fiestas-patrias\\\/#breadcrumb\"},\"inLanguage\":\"es\",\"potentialAction\":[{\"@type\":\"ReadAction\",\"target\":[\"https:\\\/\\\/www.eldiario.net\\\/portal\\\/2021\\\/08\\\/04\\\/rechazan-invitacion-a-morales-para-actos-por-fiestas-patrias\\\/\"]}]},{\"@type\":\"ImageObject\",\"inLanguage\":\"es\",\"@id\":\"https:\\\/\\\/www.eldiario.net\\\/portal\\\/2021\\\/08\\\/04\\\/rechazan-invitacion-a-morales-para-actos-por-fiestas-patrias\\\/#primaryimage\",\"url\":\"https:\\\/\\\/www.eldiario.net\\\/portal\\\/wp-content\\\/uploads\\\/2021\\\/08\\\/FOTO-FIESTAS-PATRIAS-AGOSTO.jpg\",\"contentUrl\":\"https:\\\/\\\/www.eldiario.net\\\/portal\\\/wp-content\\\/uploads\\\/2021\\\/08\\\/FOTO-FIESTAS-PATRIAS-AGOSTO.jpg\"},{\"@type\":\"BreadcrumbList\",\"@id\":\"https:\\\/\\\/www.eldiario.net\\\/portal\\\/2021\\\/08\\\/04\\\/rechazan-invitacion-a-morales-para-actos-por-fiestas-patrias\\\/#breadcrumb\",\"itemListElement\":[{\"@type\":\"ListItem\",\"position\":1,\"name\":\"Portada\",\"item\":\"https:\\\/\\\/www.eldiario.net\\\/portal\\\/\"},{\"@type\":\"ListItem\",\"position\":2,\"name\":\"Rechazan invitaci\u00f3n a Morales para actos por fiestas patrias\"}]},{\"@type\":\"WebSite\",\"@id\":\"https:\\\/\\\/www.eldiario.net\\\/portal\\\/#website\",\"url\":\"https:\\\/\\\/www.eldiario.net\\\/portal\\\/\",\"name\":\"El Diario - Decano de la prensa nacional\",\"description\":\"El Diario - Decano de la prensa nacional\",\"publisher\":{\"@id\":\"https:\\\/\\\/www.eldiario.net\\\/portal\\\/#organization\"},\"potentialAction\":[{\"@type\":\"SearchAction\",\"target\":{\"@type\":\"EntryPoint\",\"urlTemplate\":\"https:\\\/\\\/www.eldiario.net\\\/portal\\\/?s={search_term_string}\"},\"query-input\":{\"@type\":\"PropertyValueSpecification\",\"valueRequired\":true,\"valueName\":\"search_term_string\"}}],\"inLanguage\":\"es\"},{\"@type\":\"Organization\",\"@id\":\"https:\\\/\\\/www.eldiario.net\\\/portal\\\/#organization\",\"name\":\"El Diario - Decano de la prensa nacional\",\"url\":\"https:\\\/\\\/www.eldiario.net\\\/portal\\\/\",\"logo\":{\"@type\":\"ImageObject\",\"inLanguage\":\"es\",\"@id\":\"https:\\\/\\\/www.eldiario.net\\\/portal\\\/#\\\/schema\\\/logo\\\/image\\\/\",\"url\":\"https:\\\/\\\/www.eldiario.net\\\/portal\\\/wp-content\\\/uploads\\\/2023\\\/07\\\/logo_ED.jpg\",\"contentUrl\":\"https:\\\/\\\/www.eldiario.net\\\/portal\\\/wp-content\\\/uploads\\\/2023\\\/07\\\/logo_ED.jpg\",\"width\":272,\"height\":52,\"caption\":\"El Diario - Decano de la prensa nacional\"},\"image\":{\"@id\":\"https:\\\/\\\/www.eldiario.net\\\/portal\\\/#\\\/schema\\\/logo\\\/image\\\/\"},\"sameAs\":[\"https:\\\/\\\/www.facebook.com\\\/eldiario.bolivia\\\/\",\"https:\\\/\\\/x.com\\\/eldiario_net\"]},{\"@type\":\"Person\",\"@id\":\"https:\\\/\\\/www.eldiario.net\\\/portal\\\/#\\\/schema\\\/person\\\/2c57cf2b7a7ae032e449e4c9b1019eac\",\"name\":\"Jeanette\",\"image\":{\"@type\":\"ImageObject\",\"inLanguage\":\"es\",\"@id\":\"https:\\\/\\\/secure.gravatar.com\\\/avatar\\\/3ea2118a5f7dad2b7138b1187a6b7ee55f160b9968b66013c3a3ef39dd7e5798?s=96&d=mm&r=g\",\"url\":\"https:\\\/\\\/secure.gravatar.com\\\/avatar\\\/3ea2118a5f7dad2b7138b1187a6b7ee55f160b9968b66013c3a3ef39dd7e5798?s=96&d=mm&r=g\",\"contentUrl\":\"https:\\\/\\\/secure.gravatar.com\\\/avatar\\\/3ea2118a5f7dad2b7138b1187a6b7ee55f160b9968b66013c3a3ef39dd7e5798?s=96&d=mm&r=g\",\"caption\":\"Jeanette\"},\"sameAs\":[\"https:\\\/\\\/www.eldiario.net\\\/portal\"],\"url\":\"https:\\\/\\\/www.eldiario.net\\\/portal\\\/author\\\/jeanette\\\/\"}]}<\/script>\n<!-- \/ Yoast SEO plugin. -->","yoast_head_json":{"title":"Rechazan invitaci\u00f3n a Morales para actos por fiestas patrias - El Diario - Bolivia","robots":{"index":"index","follow":"follow","max-snippet":"max-snippet:-1","max-image-preview":"max-image-preview:large","max-video-preview":"max-video-preview:-1"},"canonical":"https:\/\/www.eldiario.net\/portal\/2021\/08\/04\/rechazan-invitacion-a-morales-para-actos-por-fiestas-patrias\/","og_locale":"es_ES","og_type":"article","og_title":"Rechazan invitaci\u00f3n a Morales para actos por fiestas patrias - El Diario - Bolivia","og_description":"Ante anuncios por una posible invitaci\u00f3n al expresidente Evo Morales para participar de los actos protocolares y la sesi\u00f3n de honor de la Asamblea Legislativa Plurinacional (ALP), por las fiestas patrias, los legisladores opositores expresaron que la determinaci\u00f3n ser\u00eda entendida como una provocaci\u00f3n para el pueblo boliviano. El diputado por Comunidad Ciudadana, Alejandro Reyes, manifest\u00f3 [&hellip;]","og_url":"https:\/\/www.eldiario.net\/portal\/2021\/08\/04\/rechazan-invitacion-a-morales-para-actos-por-fiestas-patrias\/","og_site_name":"El Diario - Bolivia","article_publisher":"https:\/\/www.facebook.com\/eldiario.bolivia\/","article_published_time":"2021-08-04T10:41:36+00:00","og_image":[{"url":"https:\/\/www.eldiario.net\/portal\/wp-content\/uploads\/2021\/08\/FOTO-FIESTAS-PATRIAS-AGOSTO.jpg","width":1,"height":1,"type":"image\/jpeg"}],"author":"Jeanette","twitter_card":"summary_large_image","twitter_creator":"@eldiario_net","twitter_site":"@eldiario_net","twitter_misc":{"Escrito por":"Jeanette","Tiempo de lectura":"2 minutos"},"schema":{"@context":"https:\/\/schema.org","@graph":[{"@type":"Article","@id":"https:\/\/www.eldiario.net\/portal\/2021\/08\/04\/rechazan-invitacion-a-morales-para-actos-por-fiestas-patrias\/#article","isPartOf":{"@id":"https:\/\/www.eldiario.net\/portal\/2021\/08\/04\/rechazan-invitacion-a-morales-para-actos-por-fiestas-patrias\/"},"author":{"name":"Jeanette","@id":"https:\/\/www.eldiario.net\/portal\/#\/schema\/person\/2c57cf2b7a7ae032e449e4c9b1019eac"},"headline":"Rechazan invitaci\u00f3n a Morales para actos por fiestas patrias","datePublished":"2021-08-04T10:41:36+00:00","mainEntityOfPage":{"@id":"https:\/\/www.eldiario.net\/portal\/2021\/08\/04\/rechazan-invitacion-a-morales-para-actos-por-fiestas-patrias\/"},"wordCount":341,"publisher":{"@id":"https:\/\/www.eldiario.net\/portal\/#organization"},"image":{"@id":"https:\/\/www.eldiario.net\/portal\/2021\/08\/04\/rechazan-invitacion-a-morales-para-actos-por-fiestas-patrias\/#primaryimage"},"thumbnailUrl":"https:\/\/www.eldiario.net\/portal\/wp-content\/uploads\/2021\/08\/FOTO-FIESTAS-PATRIAS-AGOSTO.jpg","articleSection":["Pol\u00edtica"],"inLanguage":"es"},{"@type":"WebPage","@id":"https:\/\/www.eldiario.net\/portal\/2021\/08\/04\/rechazan-invitacion-a-morales-para-actos-por-fiestas-patrias\/","url":"https:\/\/www.eldiario.net\/portal\/2021\/08\/04\/rechazan-invitacion-a-morales-para-actos-por-fiestas-patrias\/","name":"Rechazan invitaci\u00f3n a Morales para actos por fiestas patrias - El Diario - Bolivia","isPartOf":{"@id":"https:\/\/www.eldiario.net\/portal\/#website"},"primaryImageOfPage":{"@id":"https:\/\/www.eldiario.net\/portal\/2021\/08\/04\/rechazan-invitacion-a-morales-para-actos-por-fiestas-patrias\/#primaryimage"},"image":{"@id":"https:\/\/www.eldiario.net\/portal\/2021\/08\/04\/rechazan-invitacion-a-morales-para-actos-por-fiestas-patrias\/#primaryimage"},"thumbnailUrl":"https:\/\/www.eldiario.net\/portal\/wp-content\/uploads\/2021\/08\/FOTO-FIESTAS-PATRIAS-AGOSTO.jpg","datePublished":"2021-08-04T10:41:36+00:00","breadcrumb":{"@id":"https:\/\/www.eldiario.net\/portal\/2021\/08\/04\/rechazan-invitacion-a-morales-para-actos-por-fiestas-patrias\/#breadcrumb"},"inLanguage":"es","potentialAction":[{"@type":"ReadAction","target":["https:\/\/www.eldiario.net\/portal\/2021\/08\/04\/rechazan-invitacion-a-morales-para-actos-por-fiestas-patrias\/"]}]},{"@type":"ImageObject","inLanguage":"es","@id":"https:\/\/www.eldiario.net\/portal\/2021\/08\/04\/rechazan-invitacion-a-morales-para-actos-por-fiestas-patrias\/#primaryimage","url":"https:\/\/www.eldiario.net\/portal\/wp-content\/uploads\/2021\/08\/FOTO-FIESTAS-PATRIAS-AGOSTO.jpg","contentUrl":"https:\/\/www.eldiario.net\/portal\/wp-content\/uploads\/2021\/08\/FOTO-FIESTAS-PATRIAS-AGOSTO.jpg"},{"@type":"BreadcrumbList","@id":"https:\/\/www.eldiario.net\/portal\/2021\/08\/04\/rechazan-invitacion-a-morales-para-actos-por-fiestas-patrias\/#breadcrumb","itemListElement":[{"@type":"ListItem","position":1,"name":"Portada","item":"https:\/\/www.eldiario.net\/portal\/"},{"@type":"ListItem","position":2,"name":"Rechazan invitaci\u00f3n a Morales para actos por fiestas patrias"}]},{"@type":"WebSite","@id":"https:\/\/www.eldiario.net\/portal\/#website","url":"https:\/\/www.eldiario.net\/portal\/","name":"El Diario - Decano de la prensa nacional","description":"El Diario - Decano de la prensa nacional","publisher":{"@id":"https:\/\/www.eldiario.net\/portal\/#organization"},"potentialAction":[{"@type":"SearchAction","target":{"@type":"EntryPoint","urlTemplate":"https:\/\/www.eldiario.net\/portal\/?s={search_term_string}"},"query-input":{"@type":"PropertyValueSpecification","valueRequired":true,"valueName":"search_term_string"}}],"inLanguage":"es"},{"@type":"Organization","@id":"https:\/\/www.eldiario.net\/portal\/#organization","name":"El Diario - Decano de la prensa nacional","url":"https:\/\/www.eldiario.net\/portal\/","logo":{"@type":"ImageObject","inLanguage":"es","@id":"https:\/\/www.eldiario.net\/portal\/#\/schema\/logo\/image\/","url":"https:\/\/www.eldiario.net\/portal\/wp-content\/uploads\/2023\/07\/logo_ED.jpg","contentUrl":"https:\/\/www.eldiario.net\/portal\/wp-content\/uploads\/2023\/07\/logo_ED.jpg","width":272,"height":52,"caption":"El Diario - Decano de la prensa nacional"},"image":{"@id":"https:\/\/www.eldiario.net\/portal\/#\/schema\/logo\/image\/"},"sameAs":["https:\/\/www.facebook.com\/eldiario.bolivia\/","https:\/\/x.com\/eldiario_net"]},{"@type":"Person","@id":"https:\/\/www.eldiario.net\/portal\/#\/schema\/person\/2c57cf2b7a7ae032e449e4c9b1019eac","name":"Jeanette","image":{"@type":"ImageObject","inLanguage":"es","@id":"https:\/\/secure.gravatar.com\/avatar\/3ea2118a5f7dad2b7138b1187a6b7ee55f160b9968b66013c3a3ef39dd7e5798?s=96&d=mm&r=g","url":"https:\/\/secure.gravatar.com\/avatar\/3ea2118a5f7dad2b7138b1187a6b7ee55f160b9968b66013c3a3ef39dd7e5798?s=96&d=mm&r=g","contentUrl":"https:\/\/secure.gravatar.com\/avatar\/3ea2118a5f7dad2b7138b1187a6b7ee55f160b9968b66013c3a3ef39dd7e5798?s=96&d=mm&r=g","caption":"Jeanette"},"sameAs":["https:\/\/www.eldiario.net\/portal"],"url":"https:\/\/www.eldiario.net\/portal\/author\/jeanette\/"}]}},"_links":{"self":[{"href":"https:\/\/www.eldiario.net\/portal\/wp-json\/wp\/v2\/posts\/21296","targetHints":{"allow":["GET"]}}],"collection":[{"href":"https:\/\/www.eldiario.net\/portal\/wp-json\/wp\/v2\/posts"}],"about":[{"href":"https:\/\/www.eldiario.net\/portal\/wp-json\/wp\/v2\/types\/post"}],"author":[{"embeddable":true,"href":"https:\/\/www.eldiario.net\/portal\/wp-json\/wp\/v2\/users\/1"}],"replies":[{"embeddable":true,"href":"https:\/\/www.eldiario.net\/portal\/wp-json\/wp\/v2\/comments?post=21296"}],"version-history":[{"count":0,"href":"https:\/\/www.eldiario.net\/portal\/wp-json\/wp\/v2\/posts\/21296\/revisions"}],"wp:featuredmedia":[{"embeddable":true,"href":"https:\/\/www.eldiario.net\/portal\/wp-json\/wp\/v2\/media\/21297"}],"wp:attachment":[{"href":"https:\/\/www.eldiario.net\/portal\/wp-json\/wp\/v2\/media?parent=21296"}],"wp:term":[{"taxonomy":"category","embeddable":true,"href":"https:\/\/www.eldiario.net\/portal\/wp-json\/wp\/v2\/categories?post=21296"},{"taxonomy":"post_tag","embeddable":true,"href":"https:\/\/www.eldiario.net\/portal\/wp-json\/wp\/v2\/tags?post=21296"}],"curies":[{"name":"wp","href":"https:\/\/api.w.org\/{rel}","templated":true}]}}