{"id":21293,"date":"2021-08-04T06:40:29","date_gmt":"2021-08-04T10:40:29","guid":{"rendered":"https:\/\/www.eldiario.net\/portal\/?p=21293"},"modified":"2021-08-04T06:40:29","modified_gmt":"2021-08-04T10:40:29","slug":"lago-poopo-convertido-en-desierto-por-clima-calido","status":"publish","type":"post","link":"https:\/\/www.eldiario.net\/portal\/2021\/08\/04\/lago-poopo-convertido-en-desierto-por-clima-calido\/","title":{"rendered":"Lago Poop\u00f3 convertido en  desierto por clima c\u00e1lido"},"content":{"rendered":"<p class=\"v1MsoNoSpacing\">El lago Poop\u00f3, el segundo m\u00e1s grande de Bolivia, fue una vez fuente de vida para los habitantes locales, que pescaban en sus abundantes aguas y cultivaban a lo largo de sus orillas. Ahora es un desierto.<\/p>\n<p class=\"v1MsoNoSpacing\">Seg\u00fan reporte de Reuters, los cient\u00edficos explicaron que el antiguo lago, que se extiende a lo largo del altiplano de gran altitud ba\u00f1ado por el sol de Bolivia, ha sido v\u00edctima de d\u00e9cadas de desviaci\u00f3n de sus aguas para las necesidades regionales de riego.<\/p>\n<p class=\"v1MsoNoSpacing\">Pero un clima m\u00e1s c\u00e1lido y seco ha hecho que su recuperaci\u00f3n sea cada vez m\u00e1s improbable.<\/p>\n<p class=\"v1MsoNoSpacing\">\u201cEs como la tormenta perfecta\u201d, dijo Jorge Molina, investigador de la Universidad Mayor de San Andr\u00e9s. \u201cA\u00f1o que pasa se agrava la situaci\u00f3n\u201d.<\/p>\n<p class=\"v1MsoNoSpacing\">El lago es muy poco profundo y tradicionalmente ha reflotado y vuelto a fluir, seg\u00fan los cient\u00edficos y los antiguos habitantes aymara de la zona.<\/p>\n<p class=\"v1MsoNoSpacing\">Valerio Rojas, quien se ganaba la vida pescando en el lago, dijo que los ancianos del pueblo cuentan que el lago se recarga cada 50 a\u00f1os. Pero mirando a trav\u00e9s del piso reseco de sal y de bordes blancos, \u00e9l tiene sus dudas.<\/p>\n<p class=\"v1MsoNoSpacing\">\u201c\u00bfSer\u00e1 verdad que se llene otra vez el lago? Con esto del cambio clim\u00e1tico y la contaminaci\u00f3n me parece que el tiempo ya no se puede predecir\u201d, dijo Rojas. \u201cEn nuestra lengua aymara se dice que ya est\u00e1 cansada nuestra madre tierra\u201d.<\/p>\n<p class=\"v1MsoNoSpacing\">Los cient\u00edficos tambi\u00e9n son cada vez m\u00e1s esc\u00e9pticos. Molina se\u00f1al\u00f3 que las monta\u00f1as de los Andes est\u00e1n superando el aumento de la temperatura media mundial, especialmente durante el d\u00eda, lo que significa que la evaporaci\u00f3n se ha incrementado, lo que hace que sea especialmente dif\u00edcil para un lago poco profundo -junto a su flora y fauna- sobrevivir.<\/p>\n<p class=\"v1MsoNoSpacing\">\u201cYa no es un lago funcional. Un lago que se seca con demasiada frecuencia ya deja de ser funcional para la fauna, la flora y la biodiversidad\u201d, dijo Molina a Reuters.<\/p>\n<p class=\"v1MsoNoSpacing\">La sequ\u00eda tambi\u00e9n est\u00e1 expulsando a las comunidades que alguna vez vivieron en sus orillas, afirm\u00f3 Benedicta Uguera, una mujer ind\u00edgena de Untavi, que una vez cri\u00f3 ganado en una isla del lago.<\/p>\n<p class=\"v1MsoNoSpacing\">\u201cLas familias decidimos salir de la isla porque no podemos sobrevivir sin agua, y ya no hay vida\u201d, dijo. (Reuters)<\/p>\n","protected":false},"excerpt":{"rendered":"<p>El lago Poop\u00f3, el segundo m\u00e1s grande de Bolivia, fue una vez fuente de vida para los habitantes locales, que pescaban en sus abundantes aguas y cultivaban a lo largo de sus orillas. Ahora es un desierto. Seg\u00fan reporte de Reuters, los cient\u00edficos explicaron que el antiguo lago, que se extiende a lo largo del [&hellip;]<\/p>\n","protected":false},"author":1,"featured_media":21294,"comment_status":"closed","ping_status":"closed","sticky":false,"template":"","format":"standard","meta":{"_acf_changed":false,"footnotes":""},"categories":[15],"tags":[],"class_list":["post-21293","post","type-post","status-publish","format-standard","has-post-thumbnail","category-portada"],"acf":{"antetitulo":""},"yoast_head":"<!-- This site is optimized with the Yoast SEO plugin v28.4 - https:\/\/yoast.com\/product\/yoast-seo-wordpress\/ -->\n<title>Lago Poop\u00f3 convertido en desierto por clima c\u00e1lido - El Diario - Bolivia<\/title>\n<meta name=\"robots\" content=\"index, follow, max-snippet:-1, max-image-preview:large, max-video-preview:-1\" \/>\n<link rel=\"canonical\" href=\"https:\/\/www.eldiario.net\/portal\/2021\/08\/04\/lago-poopo-convertido-en-desierto-por-clima-calido\/\" \/>\n<meta property=\"og:locale\" content=\"es_ES\" \/>\n<meta property=\"og:type\" content=\"article\" \/>\n<meta property=\"og:title\" content=\"Lago Poop\u00f3 convertido en desierto por clima c\u00e1lido - El Diario - Bolivia\" \/>\n<meta property=\"og:description\" content=\"El lago Poop\u00f3, el segundo m\u00e1s grande de Bolivia, fue una vez fuente de vida para los habitantes locales, que pescaban en sus abundantes aguas y cultivaban a lo largo de sus orillas. Ahora es un desierto. Seg\u00fan reporte de Reuters, los cient\u00edficos explicaron que el antiguo lago, que se extiende a lo largo del [&hellip;]\" \/>\n<meta property=\"og:url\" content=\"https:\/\/www.eldiario.net\/portal\/2021\/08\/04\/lago-poopo-convertido-en-desierto-por-clima-calido\/\" \/>\n<meta property=\"og:site_name\" content=\"El Diario - Bolivia\" \/>\n<meta property=\"article:publisher\" content=\"https:\/\/www.facebook.com\/eldiario.bolivia\/\" \/>\n<meta property=\"article:published_time\" content=\"2021-08-04T10:40:29+00:00\" \/>\n<meta name=\"author\" content=\"Jeanette\" \/>\n<meta name=\"twitter:card\" content=\"summary_large_image\" \/>\n<meta name=\"twitter:creator\" content=\"@eldiario_net\" \/>\n<meta name=\"twitter:site\" content=\"@eldiario_net\" \/>\n<meta name=\"twitter:label1\" content=\"Escrito por\" \/>\n\t<meta name=\"twitter:data1\" content=\"Jeanette\" \/>\n\t<meta name=\"twitter:label2\" content=\"Tiempo de lectura\" \/>\n\t<meta name=\"twitter:data2\" content=\"2 minutos\" \/>\n<script type=\"application\/ld+json\" class=\"yoast-schema-graph\">{\"@context\":\"https:\\\/\\\/schema.org\",\"@graph\":[{\"@type\":\"Article\",\"@id\":\"https:\\\/\\\/www.eldiario.net\\\/portal\\\/2021\\\/08\\\/04\\\/lago-poopo-convertido-en-desierto-por-clima-calido\\\/#article\",\"isPartOf\":{\"@id\":\"https:\\\/\\\/www.eldiario.net\\\/portal\\\/2021\\\/08\\\/04\\\/lago-poopo-convertido-en-desierto-por-clima-calido\\\/\"},\"author\":{\"name\":\"Jeanette\",\"@id\":\"https:\\\/\\\/www.eldiario.net\\\/portal\\\/#\\\/schema\\\/person\\\/2c57cf2b7a7ae032e449e4c9b1019eac\"},\"headline\":\"Lago Poop\u00f3 convertido en desierto por clima c\u00e1lido\",\"datePublished\":\"2021-08-04T10:40:29+00:00\",\"mainEntityOfPage\":{\"@id\":\"https:\\\/\\\/www.eldiario.net\\\/portal\\\/2021\\\/08\\\/04\\\/lago-poopo-convertido-en-desierto-por-clima-calido\\\/\"},\"wordCount\":413,\"publisher\":{\"@id\":\"https:\\\/\\\/www.eldiario.net\\\/portal\\\/#organization\"},\"image\":{\"@id\":\"https:\\\/\\\/www.eldiario.net\\\/portal\\\/2021\\\/08\\\/04\\\/lago-poopo-convertido-en-desierto-por-clima-calido\\\/#primaryimage\"},\"thumbnailUrl\":\"\",\"articleSection\":[\"Portada\"],\"inLanguage\":\"es\"},{\"@type\":\"WebPage\",\"@id\":\"https:\\\/\\\/www.eldiario.net\\\/portal\\\/2021\\\/08\\\/04\\\/lago-poopo-convertido-en-desierto-por-clima-calido\\\/\",\"url\":\"https:\\\/\\\/www.eldiario.net\\\/portal\\\/2021\\\/08\\\/04\\\/lago-poopo-convertido-en-desierto-por-clima-calido\\\/\",\"name\":\"Lago Poop\u00f3 convertido en desierto por clima c\u00e1lido - El Diario - Bolivia\",\"isPartOf\":{\"@id\":\"https:\\\/\\\/www.eldiario.net\\\/portal\\\/#website\"},\"primaryImageOfPage\":{\"@id\":\"https:\\\/\\\/www.eldiario.net\\\/portal\\\/2021\\\/08\\\/04\\\/lago-poopo-convertido-en-desierto-por-clima-calido\\\/#primaryimage\"},\"image\":{\"@id\":\"https:\\\/\\\/www.eldiario.net\\\/portal\\\/2021\\\/08\\\/04\\\/lago-poopo-convertido-en-desierto-por-clima-calido\\\/#primaryimage\"},\"thumbnailUrl\":\"\",\"datePublished\":\"2021-08-04T10:40:29+00:00\",\"breadcrumb\":{\"@id\":\"https:\\\/\\\/www.eldiario.net\\\/portal\\\/2021\\\/08\\\/04\\\/lago-poopo-convertido-en-desierto-por-clima-calido\\\/#breadcrumb\"},\"inLanguage\":\"es\",\"potentialAction\":[{\"@type\":\"ReadAction\",\"target\":[\"https:\\\/\\\/www.eldiario.net\\\/portal\\\/2021\\\/08\\\/04\\\/lago-poopo-convertido-en-desierto-por-clima-calido\\\/\"]}]},{\"@type\":\"ImageObject\",\"inLanguage\":\"es\",\"@id\":\"https:\\\/\\\/www.eldiario.net\\\/portal\\\/2021\\\/08\\\/04\\\/lago-poopo-convertido-en-desierto-por-clima-calido\\\/#primaryimage\",\"url\":\"\",\"contentUrl\":\"\"},{\"@type\":\"BreadcrumbList\",\"@id\":\"https:\\\/\\\/www.eldiario.net\\\/portal\\\/2021\\\/08\\\/04\\\/lago-poopo-convertido-en-desierto-por-clima-calido\\\/#breadcrumb\",\"itemListElement\":[{\"@type\":\"ListItem\",\"position\":1,\"name\":\"Portada\",\"item\":\"https:\\\/\\\/www.eldiario.net\\\/portal\\\/\"},{\"@type\":\"ListItem\",\"position\":2,\"name\":\"Lago Poop\u00f3 convertido en desierto por clima c\u00e1lido\"}]},{\"@type\":\"WebSite\",\"@id\":\"https:\\\/\\\/www.eldiario.net\\\/portal\\\/#website\",\"url\":\"https:\\\/\\\/www.eldiario.net\\\/portal\\\/\",\"name\":\"El Diario - Decano de la prensa nacional\",\"description\":\"El Diario - Decano de la prensa nacional\",\"publisher\":{\"@id\":\"https:\\\/\\\/www.eldiario.net\\\/portal\\\/#organization\"},\"potentialAction\":[{\"@type\":\"SearchAction\",\"target\":{\"@type\":\"EntryPoint\",\"urlTemplate\":\"https:\\\/\\\/www.eldiario.net\\\/portal\\\/?s={search_term_string}\"},\"query-input\":{\"@type\":\"PropertyValueSpecification\",\"valueRequired\":true,\"valueName\":\"search_term_string\"}}],\"inLanguage\":\"es\"},{\"@type\":\"Organization\",\"@id\":\"https:\\\/\\\/www.eldiario.net\\\/portal\\\/#organization\",\"name\":\"El Diario - Decano de la prensa nacional\",\"url\":\"https:\\\/\\\/www.eldiario.net\\\/portal\\\/\",\"logo\":{\"@type\":\"ImageObject\",\"inLanguage\":\"es\",\"@id\":\"https:\\\/\\\/www.eldiario.net\\\/portal\\\/#\\\/schema\\\/logo\\\/image\\\/\",\"url\":\"https:\\\/\\\/www.eldiario.net\\\/portal\\\/wp-content\\\/uploads\\\/2023\\\/07\\\/logo_ED.jpg\",\"contentUrl\":\"https:\\\/\\\/www.eldiario.net\\\/portal\\\/wp-content\\\/uploads\\\/2023\\\/07\\\/logo_ED.jpg\",\"width\":272,\"height\":52,\"caption\":\"El Diario - Decano de la prensa nacional\"},\"image\":{\"@id\":\"https:\\\/\\\/www.eldiario.net\\\/portal\\\/#\\\/schema\\\/logo\\\/image\\\/\"},\"sameAs\":[\"https:\\\/\\\/www.facebook.com\\\/eldiario.bolivia\\\/\",\"https:\\\/\\\/x.com\\\/eldiario_net\"]},{\"@type\":\"Person\",\"@id\":\"https:\\\/\\\/www.eldiario.net\\\/portal\\\/#\\\/schema\\\/person\\\/2c57cf2b7a7ae032e449e4c9b1019eac\",\"name\":\"Jeanette\",\"image\":{\"@type\":\"ImageObject\",\"inLanguage\":\"es\",\"@id\":\"https:\\\/\\\/secure.gravatar.com\\\/avatar\\\/3ea2118a5f7dad2b7138b1187a6b7ee55f160b9968b66013c3a3ef39dd7e5798?s=96&d=mm&r=g\",\"url\":\"https:\\\/\\\/secure.gravatar.com\\\/avatar\\\/3ea2118a5f7dad2b7138b1187a6b7ee55f160b9968b66013c3a3ef39dd7e5798?s=96&d=mm&r=g\",\"contentUrl\":\"https:\\\/\\\/secure.gravatar.com\\\/avatar\\\/3ea2118a5f7dad2b7138b1187a6b7ee55f160b9968b66013c3a3ef39dd7e5798?s=96&d=mm&r=g\",\"caption\":\"Jeanette\"},\"sameAs\":[\"https:\\\/\\\/www.eldiario.net\\\/portal\"],\"url\":\"https:\\\/\\\/www.eldiario.net\\\/portal\\\/author\\\/jeanette\\\/\"}]}<\/script>\n<!-- \/ Yoast SEO plugin. -->","yoast_head_json":{"title":"Lago Poop\u00f3 convertido en desierto por clima c\u00e1lido - El Diario - Bolivia","robots":{"index":"index","follow":"follow","max-snippet":"max-snippet:-1","max-image-preview":"max-image-preview:large","max-video-preview":"max-video-preview:-1"},"canonical":"https:\/\/www.eldiario.net\/portal\/2021\/08\/04\/lago-poopo-convertido-en-desierto-por-clima-calido\/","og_locale":"es_ES","og_type":"article","og_title":"Lago Poop\u00f3 convertido en desierto por clima c\u00e1lido - El Diario - Bolivia","og_description":"El lago Poop\u00f3, el segundo m\u00e1s grande de Bolivia, fue una vez fuente de vida para los habitantes locales, que pescaban en sus abundantes aguas y cultivaban a lo largo de sus orillas. Ahora es un desierto. Seg\u00fan reporte de Reuters, los cient\u00edficos explicaron que el antiguo lago, que se extiende a lo largo del [&hellip;]","og_url":"https:\/\/www.eldiario.net\/portal\/2021\/08\/04\/lago-poopo-convertido-en-desierto-por-clima-calido\/","og_site_name":"El Diario - Bolivia","article_publisher":"https:\/\/www.facebook.com\/eldiario.bolivia\/","article_published_time":"2021-08-04T10:40:29+00:00","author":"Jeanette","twitter_card":"summary_large_image","twitter_creator":"@eldiario_net","twitter_site":"@eldiario_net","twitter_misc":{"Escrito por":"Jeanette","Tiempo de lectura":"2 minutos"},"schema":{"@context":"https:\/\/schema.org","@graph":[{"@type":"Article","@id":"https:\/\/www.eldiario.net\/portal\/2021\/08\/04\/lago-poopo-convertido-en-desierto-por-clima-calido\/#article","isPartOf":{"@id":"https:\/\/www.eldiario.net\/portal\/2021\/08\/04\/lago-poopo-convertido-en-desierto-por-clima-calido\/"},"author":{"name":"Jeanette","@id":"https:\/\/www.eldiario.net\/portal\/#\/schema\/person\/2c57cf2b7a7ae032e449e4c9b1019eac"},"headline":"Lago Poop\u00f3 convertido en desierto por clima c\u00e1lido","datePublished":"2021-08-04T10:40:29+00:00","mainEntityOfPage":{"@id":"https:\/\/www.eldiario.net\/portal\/2021\/08\/04\/lago-poopo-convertido-en-desierto-por-clima-calido\/"},"wordCount":413,"publisher":{"@id":"https:\/\/www.eldiario.net\/portal\/#organization"},"image":{"@id":"https:\/\/www.eldiario.net\/portal\/2021\/08\/04\/lago-poopo-convertido-en-desierto-por-clima-calido\/#primaryimage"},"thumbnailUrl":"","articleSection":["Portada"],"inLanguage":"es"},{"@type":"WebPage","@id":"https:\/\/www.eldiario.net\/portal\/2021\/08\/04\/lago-poopo-convertido-en-desierto-por-clima-calido\/","url":"https:\/\/www.eldiario.net\/portal\/2021\/08\/04\/lago-poopo-convertido-en-desierto-por-clima-calido\/","name":"Lago Poop\u00f3 convertido en desierto por clima c\u00e1lido - El Diario - Bolivia","isPartOf":{"@id":"https:\/\/www.eldiario.net\/portal\/#website"},"primaryImageOfPage":{"@id":"https:\/\/www.eldiario.net\/portal\/2021\/08\/04\/lago-poopo-convertido-en-desierto-por-clima-calido\/#primaryimage"},"image":{"@id":"https:\/\/www.eldiario.net\/portal\/2021\/08\/04\/lago-poopo-convertido-en-desierto-por-clima-calido\/#primaryimage"},"thumbnailUrl":"","datePublished":"2021-08-04T10:40:29+00:00","breadcrumb":{"@id":"https:\/\/www.eldiario.net\/portal\/2021\/08\/04\/lago-poopo-convertido-en-desierto-por-clima-calido\/#breadcrumb"},"inLanguage":"es","potentialAction":[{"@type":"ReadAction","target":["https:\/\/www.eldiario.net\/portal\/2021\/08\/04\/lago-poopo-convertido-en-desierto-por-clima-calido\/"]}]},{"@type":"ImageObject","inLanguage":"es","@id":"https:\/\/www.eldiario.net\/portal\/2021\/08\/04\/lago-poopo-convertido-en-desierto-por-clima-calido\/#primaryimage","url":"","contentUrl":""},{"@type":"BreadcrumbList","@id":"https:\/\/www.eldiario.net\/portal\/2021\/08\/04\/lago-poopo-convertido-en-desierto-por-clima-calido\/#breadcrumb","itemListElement":[{"@type":"ListItem","position":1,"name":"Portada","item":"https:\/\/www.eldiario.net\/portal\/"},{"@type":"ListItem","position":2,"name":"Lago Poop\u00f3 convertido en desierto por clima c\u00e1lido"}]},{"@type":"WebSite","@id":"https:\/\/www.eldiario.net\/portal\/#website","url":"https:\/\/www.eldiario.net\/portal\/","name":"El Diario - Decano de la prensa nacional","description":"El Diario - Decano de la prensa nacional","publisher":{"@id":"https:\/\/www.eldiario.net\/portal\/#organization"},"potentialAction":[{"@type":"SearchAction","target":{"@type":"EntryPoint","urlTemplate":"https:\/\/www.eldiario.net\/portal\/?s={search_term_string}"},"query-input":{"@type":"PropertyValueSpecification","valueRequired":true,"valueName":"search_term_string"}}],"inLanguage":"es"},{"@type":"Organization","@id":"https:\/\/www.eldiario.net\/portal\/#organization","name":"El Diario - Decano de la prensa nacional","url":"https:\/\/www.eldiario.net\/portal\/","logo":{"@type":"ImageObject","inLanguage":"es","@id":"https:\/\/www.eldiario.net\/portal\/#\/schema\/logo\/image\/","url":"https:\/\/www.eldiario.net\/portal\/wp-content\/uploads\/2023\/07\/logo_ED.jpg","contentUrl":"https:\/\/www.eldiario.net\/portal\/wp-content\/uploads\/2023\/07\/logo_ED.jpg","width":272,"height":52,"caption":"El Diario - Decano de la prensa nacional"},"image":{"@id":"https:\/\/www.eldiario.net\/portal\/#\/schema\/logo\/image\/"},"sameAs":["https:\/\/www.facebook.com\/eldiario.bolivia\/","https:\/\/x.com\/eldiario_net"]},{"@type":"Person","@id":"https:\/\/www.eldiario.net\/portal\/#\/schema\/person\/2c57cf2b7a7ae032e449e4c9b1019eac","name":"Jeanette","image":{"@type":"ImageObject","inLanguage":"es","@id":"https:\/\/secure.gravatar.com\/avatar\/3ea2118a5f7dad2b7138b1187a6b7ee55f160b9968b66013c3a3ef39dd7e5798?s=96&d=mm&r=g","url":"https:\/\/secure.gravatar.com\/avatar\/3ea2118a5f7dad2b7138b1187a6b7ee55f160b9968b66013c3a3ef39dd7e5798?s=96&d=mm&r=g","contentUrl":"https:\/\/secure.gravatar.com\/avatar\/3ea2118a5f7dad2b7138b1187a6b7ee55f160b9968b66013c3a3ef39dd7e5798?s=96&d=mm&r=g","caption":"Jeanette"},"sameAs":["https:\/\/www.eldiario.net\/portal"],"url":"https:\/\/www.eldiario.net\/portal\/author\/jeanette\/"}]}},"_links":{"self":[{"href":"https:\/\/www.eldiario.net\/portal\/wp-json\/wp\/v2\/posts\/21293","targetHints":{"allow":["GET"]}}],"collection":[{"href":"https:\/\/www.eldiario.net\/portal\/wp-json\/wp\/v2\/posts"}],"about":[{"href":"https:\/\/www.eldiario.net\/portal\/wp-json\/wp\/v2\/types\/post"}],"author":[{"embeddable":true,"href":"https:\/\/www.eldiario.net\/portal\/wp-json\/wp\/v2\/users\/1"}],"replies":[{"embeddable":true,"href":"https:\/\/www.eldiario.net\/portal\/wp-json\/wp\/v2\/comments?post=21293"}],"version-history":[{"count":0,"href":"https:\/\/www.eldiario.net\/portal\/wp-json\/wp\/v2\/posts\/21293\/revisions"}],"wp:attachment":[{"href":"https:\/\/www.eldiario.net\/portal\/wp-json\/wp\/v2\/media?parent=21293"}],"wp:term":[{"taxonomy":"category","embeddable":true,"href":"https:\/\/www.eldiario.net\/portal\/wp-json\/wp\/v2\/categories?post=21293"},{"taxonomy":"post_tag","embeddable":true,"href":"https:\/\/www.eldiario.net\/portal\/wp-json\/wp\/v2\/tags?post=21293"}],"curies":[{"name":"wp","href":"https:\/\/api.w.org\/{rel}","templated":true}]}}