{"id":212797,"date":"2024-04-07T07:21:09","date_gmt":"2024-04-07T11:21:09","guid":{"rendered":"https:\/\/www.eldiario.net\/portal\/?p=212797"},"modified":"2024-04-07T07:21:09","modified_gmt":"2024-04-07T11:21:09","slug":"todo-sobre-la-produccion-de-ghostbusters-apocalipisis-fantasma","status":"publish","type":"post","link":"https:\/\/www.eldiario.net\/portal\/2024\/04\/07\/todo-sobre-la-produccion-de-ghostbusters-apocalipisis-fantasma\/","title":{"rendered":"Todo sobre la producci\u00f3n de Ghostbusters: Apocalipisis Fantasma"},"content":{"rendered":"<p>Hace tres a\u00f1os, el lanzamiento de Ghostbusters: Afterlife se convirti\u00f3 en la proverbial antorcha compartida: una nueva generaci\u00f3n de Cazafantasmas- y de realizadores ad hoc- asumi\u00f3 la responsabilidad. Ahora, la historia contin\u00faa con los Cazafantasmas, quienes regresan al punto de origen de todo el problema- el Bajo Manhattan- con el fin de confrontar las m\u00e1s terror\u00edficas (e hilarantes) amenazas en Ghostbusters: Apocalipsis Fantasma. Tras fungir como coautor y productor ejecutivo en Afterlife, Gil Kenan ha decidido ocupar la silla del director para esta nueva entrega. <\/p>\n<p>Para Jason Reitman, el involucramiento en esta franquicia equivale a una aut\u00e9ntica acogida del papel que \u00e9l mismo desempe\u00f1a en el negocio familiar. \u201cUna de las mejores experiencias de mi vida consisti\u00f3 en la creaci\u00f3n de Afterlife, junto a mi padre, sentado a su lado en el set, acompa\u00f1\u00e1ndole durante los muestreos iniciales y m\u00e1s tarde saliendo de gira para publicitar la pel\u00edcula alrededor del mundo, de pie a su lado, frente a un p\u00fablico, present\u00e1ndole: \u2018Damas y caballeros, \u00a1Ivan Reitman!\u2019\u201d, comenta. \u201cVi a la gente ponerse de pie, y mi padre no pod\u00eda ocultar su propio llanto. La experiencia de mi vida. Fue algo hermoso, que me hizo sentirme parte de la familia de los Cazafantasmas\u201d. Algunos meses despu\u00e9s del lanzamiento de Afterlife, Ivan Reitman falleci\u00f3, dejando tras de s\u00ed un legado incomparable en lo tocante a la comedia y a la cacer\u00eda de fantasmas. Antes de morir, Reitman profiri\u00f3 un \u00faltimo consejo para todas las generaciones. \u201cNos sentamos al aire libre con mi padre y comenzamos a contarle todas nuestras ideas para una pr\u00f3xima cinta\u201d, rememora Jason Reitman. \u201cExpusimos todo, y \u00e9sta fue la \u00faltima historia que pude contarle- la historia de Apocalipsis Fantasma, una nueva aventura para los Cazafantasmas, quienes han regresado a Manhattan\u201d.<\/p>\n<p>Dan Aykroyd, quien retoma su papel como Ray Stantz y adem\u00e1s funge como productor ejecutivo de la franquicia, dice que, \u201cLo que me impresion\u00f3 fue la manera como Jason y Gil han dado continuidad a la historia, como si todo lo extrajeran del ADN que nosotros mismos pusimos en marcha en 1984. En \u00faltima instancia, se trataba de gente com\u00fan- ahora, de una familia como cualquier otra- que se gasta bromas, pero que, a la vez salva al mundo de terror\u00edficas y espectrales amenazas, y esto se lo toman muy en serio. Adoro esta combinaci\u00f3n en la pantalla grande\u201d. <\/p>\n<p>El timoneo de una cinta de la talla de Ghostbusters constituye una responsabilidad que el director Gil Kenan no se toma a la ligera. \u201cLos est\u00e1ndares de estas pel\u00edculas son muy elevados\u201d, explica. \u201cCada una de las cintas que ha aparecido antes ostenta momentos espectaculares. Apostamos todo a la creaci\u00f3n de una nueva cinta que pueda ser digna del logo de los Cazafantasmas, y el esp\u00edritu que permite la soltura, la improvisaci\u00f3n, lo l\u00fadico y a la vez lo vital frente a las c\u00e1maras, todo ello forma parte de un esp\u00edritu colectivo que intenta capturar rel\u00e1mpagos en una botella. Esto es lo que una cinta de los Cazafantasmas implica\u201d.<br \/>\nTal y como acontece con todas las cintas de la franquicia, Ghostbusters: Apocalipsis Fantasma est\u00e1 dise\u00f1ada para ser un puerto de entrada para aquel p\u00fablico que nunca antes ha visto una cinta sobre los y las Cazafantasmas, pero asimismo una creaci\u00f3n satisfactoria para los seguidores ac\u00e9rrimos que han asistido a cada estreno desde 1984, \u201cEstas cintas cambiaron mi vida de ni\u00f1o- esa mezcla especial de terror y comedia\u2026 Nunca antes hab\u00eda experimentado algo similar en una sala de cine\u201d, asegura Kenan. \u201cLo que me convenci\u00f3 fue la diversi\u00f3n en juego, el gozo perceptible en la pantalla. Ese sentimiento, esa vuelta en la monta\u00f1a rusa del mundo sobrenatural que nos rodea, me inspir\u00f3 el tono para esta nueva parte. A veces da miedo, a veces da risa, pero divierte en todo momento. Y esto no ocurre solamente con los adultos que, como yo, crecieron con la cinta, sino con toda clase de p\u00fablico, incluyendo a los chiquillos que hoy por hoy tienen la misma edad que yo ten\u00eda cuando descubr\u00ed a los Cazafantasmas\u2026 Chicos y chicas que con suerte despertar\u00e1n con esta cinta una sensaci\u00f3n de revelaci\u00f3n al interior del mundo de los Cazafantasmas, tal y como me ocurri\u00f3 en 1984\u201d.<\/p>\n<p>Al tomar las riendas, Kenan consider\u00f3 sobre todo los temas habituales de la franquicia, que, por supuesto hizo suyos, \u201cCon Afterlife, muchos de los temas m\u00e1s personales de Jason fueron trabajados y canalizados en el guion. Se trataba sin duda alguna de pasar la antorcha generacional y confirmar si los personajes de esa historia pod\u00edan recibir el legado y aceptar su destino. \u00c9sa es la historia del propio Jason\u201d, dice Kenan. En Ghostbusters: Apocalipisis Fantasma, tomando en cuenta- dice- que Reitman y \u00e9l mismo son los escritores, lo m\u00e1s natural consist\u00eda en que el primero fungiera como productor y \u00e9l mismo como director. \u201cEn mi opini\u00f3n, como narrador, siempre hay algo ah\u00ed que me incita a definir un hogar- es un tema que conecta toda mi obra. Al interior de esta cinta, el principio que anima la historia gira alrededor de una familia que busca una especie de anclaje, un lugar que puedan considerar suyo, un sitio que les defina como familia. Es una cuesti\u00f3n a la que s\u00e9 sacarle jugo, as\u00ed que todo el asunto se transform\u00f3 ante mis ojos en una historia que yo mismo podr\u00eda dirigir\u201d. <\/p>\n<p>En Afterlife, Callie (Carrie Coon), Trevor (Finn Wolfhard) y Phoebe Spengler (McKenna Grace)- los integrantes de la familia del reci\u00e9n fenecido Egon Spengler- desconocen la historia de Egon como parte de un disparejo grupo de cient\u00edficos que, en dos distintas ocasiones, salv\u00f3 a Nueva York y al mundo del embate de los muertos. Tras descubrir este pasado, y acompa\u00f1ados de sus amistades Gary (Paul Rudd), Lucky (Celeste O\u2019Connor) y Podcast (Logan Kim), los personajes acogen este legado como su propio futuro.<br \/>\nAfterlife concluye cuando los Cazafantasmas llevan el Ecto-1 a la estaci\u00f3n de bomberos en Tribeca, el lugar donde todo comenz\u00f3- y es \u00e9ste el tema que Apocalpsis Fantasma retoma como punto de partida. \u201cAprenden a ser familia\u201d, dice el productor Jason Blumenfeld. \u201cLa estaci\u00f3n de bomberos es su hogar, su taller, su laboratorio\u201d.<\/p>\n<p>Y nunca es f\u00e1cil cuando el lugar en el que has crecido es asimismo el lugar donde trabajas. \u201cParte de la tensi\u00f3n es la interacci\u00f3n entre la vida y el trabajo, la necesidad de un equilibrio\u201d, dice Kenan. \u201cLos tubos les llevan de las habitaciones a la cocina, y m\u00e1s abajo, a los casilleros donde guardan sus trajes especiales y las mochilas con protones. El carro est\u00e1 a ras de la calle. La tensi\u00f3n entre lo que somos como familia y lo que somos como Cazafantasmas ocupa el coraz\u00f3n de esta historia\u201d.<\/p>\n<p>Y este balance se pierde ca\u00f3ticamente cuando los Cazafantasmas reciben una orden directamente del Alcalde Walter Peck (\u00bflo recuerdas?) que se\u00f1ala que Phoebe debe abandonar este proyecto. Peck ha so\u00f1ado a lo largo de cuarenta a\u00f1os con acabar con los Cazafantasmas, y su \u00faltimo subterfugio es el \u201ctrabajo infantil\u201d que una Phoebe adolescente realiza cada vez que utiliza un saco de protones, propulsado por energ\u00eda nuclear.<\/p>\n<p>\u201cA Peck no le agradan los Cazafantasmas\u201d, dice McKenna Grace, quien encarna nuevamente a Phoebe. \u201cPara \u00e9l, Phoebe es un eslab\u00f3n muy d\u00e9bil, por ello decide provocarle- no puede cazar fantasmas porque es menor de edad. Signifique lo que esto signifique. Pero no era muy joven cuando derrot\u00f3 a Gozer\u201d. <\/p>\n<p>Para Phoebe, esto es particularmente doloroso, porque gracias a la cacer\u00eda de fantasmas ha encontrado un sentido de pertenencia. Al principio de la cinta, la familia entera se encuentra dentro del Ecto-1, acabando con el Drag\u00f3n de Alcantarilla. \u201cNo s\u00f3lo podemos ver a la familia entera trabajando conjuntamente; asimismo, sus acciones son fabulosas, y muy casuales\u201d, comenta Grace. \u201cPuedes darte cuenta de que han realizado esto desde hace tiempo y manejan todo sin fisura alguna. La cacer\u00eda de fantasmas es aquello para lo que realmente sirven\u201d. Pero entonces, en un instante, esta felicidad les es arrebatada. <\/p>\n<p>Otro personaje que tantea terreno es el maestro convertido en cazafantasmas, Gary Grooberson, encarnado por Paul Rudd. Tras haber sobrevivido ese episodio durante el cual fue transformado en un perro infernal junto con Callie, los dos son ahora socios y cazadores enamorados. Pero con dos adolescentes bajo el mismo techo, \u00e9l no sabe cu\u00e1l podr\u00eda ser su verdadero lugar. \u201cSu instinto le compele a ser amigo de los adolescentes, pero a veces debes ser un padre capaz de imponer la ley. Pero eso, sin embargo, es el meollo del asunto- \u00e9l no es un pap\u00e1. Los conoci\u00f3 apenas hace dos a\u00f1os. Los aprecia y adora, pero no hay nada definido, y esto le pesa mentalmente, porque a la vez considera que \u00e9sta es su casa\u201d.<\/p>\n<p>Para Coon, el regreso a la franquicia supuso una agradable oportunidad de interpretar un papel muy distinto. \u201cTem\u00e1ticamente, el n\u00facleo de la historia sigue ocupado por la familia, pero aqu\u00ed no hay nada que semeje el t\u00edpico comportamiento entre madre e hija\u201d, dice la estrella. \u201cCallie vive un buen momento. Tiene un prop\u00f3sito, que en Afterlife a\u00fan no hallaba. Se ha hecho cargo del negocio familiar, esto le enorgullece, y la familia funciona como nunca antes. Adem\u00e1s. Gary Grooberson es un compa\u00f1ero equitativo y solidario, que se ha sumado asimismo a este negocio de familia. Adem\u00e1s, le tocar\u00e1 manejar la trampa en el dron.\u201d<\/p>\n\r\n                <style type=\"text\/css\">\r\n                    \r\n                    #tdi_1  .td-doubleSlider-2 .td-item1 {\r\n                        background: url(https:\/\/www.eldiario.net\/portal\/wp-content\/uploads\/2024\/04\/Todo-sobre-la-produccion-de-Ghostbusters-Apocalipisis-Fantasma-\u2013-Parte-I-2-80x60.jpg) 0 0 no-repeat;\r\n                    }\r\n                    #tdi_1  .td-doubleSlider-2 .td-item2 {\r\n                        background: url(https:\/\/www.eldiario.net\/portal\/wp-content\/uploads\/2024\/04\/Todo-sobre-la-produccion-de-Ghostbusters-Apocalipisis-Fantasma-\u2013-Parte-I-80x60.jpg) 0 0 no-repeat;\r\n                    }\r\n                <\/style>\r\n\r\n                <div id=\"tdi_1\" class=\"td-gallery td-slide-on-2-columns\">\r\n                    <div class=\"post_td_gallery\">\r\n                        <div class=\"td-gallery-slide-top\">\r\n                           <div class=\"td-gallery-title\"><\/div>\r\n\r\n                            <div class=\"td-gallery-controls-wrapper\">\r\n                                <div class=\"td-gallery-slide-count\"><span class=\"td-gallery-slide-item-focus\">1<\/span> de 2<\/div>\r\n                                <div class=\"td-gallery-slide-prev-next-but\">\r\n                                    <i class = \"td-icon-left doubleSliderPrevButton\"><\/i>\r\n                                    <i class = \"td-icon-right doubleSliderNextButton\"><\/i>\r\n                                <\/div>\r\n                            <\/div>\r\n                        <\/div>\r\n\r\n                        <div class = \"td-doubleSlider-1 \">\r\n                            <div class = \"td-slider\">\r\n                                \r\n                    <div class = \"td-slide-item td-item1\">\r\n                        <figure class=\"td-slide-galery-figure td-slide-popup-gallery\">\r\n                            <a class=\"slide-gallery-image-link\" href=\"https:\/\/www.eldiario.net\/portal\/wp-content\/uploads\/2024\/04\/Todo-sobre-la-produccion-de-Ghostbusters-Apocalipisis-Fantasma-\u2013-Parte-I-2.jpg\" title=\"11296394 - GHOSTBUSTERS: FROZEN EMPIRE\"  data-caption=\"\"  data-description=\"\">\r\n                                <img decoding=\"async\" src=\"https:\/\/www.eldiario.net\/portal\/wp-content\/uploads\/2024\/04\/Todo-sobre-la-produccion-de-Ghostbusters-Apocalipisis-Fantasma-\u2013-Parte-I-2-631x420.jpg\" srcset=\"https:\/\/www.eldiario.net\/portal\/wp-content\/uploads\/2024\/04\/Todo-sobre-la-produccion-de-Ghostbusters-Apocalipisis-Fantasma-\u2013-Parte-I-2-631x420.jpg 631w, https:\/\/www.eldiario.net\/portal\/wp-content\/uploads\/2024\/04\/Todo-sobre-la-produccion-de-Ghostbusters-Apocalipisis-Fantasma-\u2013-Parte-I-2-300x200.jpg 300w, https:\/\/www.eldiario.net\/portal\/wp-content\/uploads\/2024\/04\/Todo-sobre-la-produccion-de-Ghostbusters-Apocalipisis-Fantasma-\u2013-Parte-I-2-1024x682.jpg 1024w, https:\/\/www.eldiario.net\/portal\/wp-content\/uploads\/2024\/04\/Todo-sobre-la-produccion-de-Ghostbusters-Apocalipisis-Fantasma-\u2013-Parte-I-2-768x511.jpg 768w, https:\/\/www.eldiario.net\/portal\/wp-content\/uploads\/2024\/04\/Todo-sobre-la-produccion-de-Ghostbusters-Apocalipisis-Fantasma-\u2013-Parte-I-2-1536x1023.jpg 1536w, https:\/\/www.eldiario.net\/portal\/wp-content\/uploads\/2024\/04\/Todo-sobre-la-produccion-de-Ghostbusters-Apocalipisis-Fantasma-\u2013-Parte-I-2-696x464.jpg 696w, https:\/\/www.eldiario.net\/portal\/wp-content\/uploads\/2024\/04\/Todo-sobre-la-produccion-de-Ghostbusters-Apocalipisis-Fantasma-\u2013-Parte-I-2-1068x711.jpg 1068w, https:\/\/www.eldiario.net\/portal\/wp-content\/uploads\/2024\/04\/Todo-sobre-la-produccion-de-Ghostbusters-Apocalipisis-Fantasma-\u2013-Parte-I-2.jpg 1889w\" sizes=\"(max-width: 631px) 100vw, 631px\" alt=\"\">\r\n                            <\/a>\r\n                            \r\n                        <\/figure>\r\n                    <\/div>\r\n                    <div class = \"td-slide-item td-item2\">\r\n                        <figure class=\"td-slide-galery-figure td-slide-popup-gallery\">\r\n                            <a class=\"slide-gallery-image-link\" href=\"https:\/\/www.eldiario.net\/portal\/wp-content\/uploads\/2024\/04\/Todo-sobre-la-produccion-de-Ghostbusters-Apocalipisis-Fantasma-\u2013-Parte-I.jpg\" title=\"Todo sobre la producci\u00f3n de Ghostbusters Apocalipisis Fantasma \u2013 Parte I\"  data-caption=\"\"  data-description=\"\">\r\n                                <img decoding=\"async\" src=\"https:\/\/www.eldiario.net\/portal\/wp-content\/uploads\/2024\/04\/Todo-sobre-la-produccion-de-Ghostbusters-Apocalipisis-Fantasma-\u2013-Parte-I-631x420.jpg\" srcset=\"https:\/\/www.eldiario.net\/portal\/wp-content\/uploads\/2024\/04\/Todo-sobre-la-produccion-de-Ghostbusters-Apocalipisis-Fantasma-\u2013-Parte-I-631x420.jpg 631w, https:\/\/www.eldiario.net\/portal\/wp-content\/uploads\/2024\/04\/Todo-sobre-la-produccion-de-Ghostbusters-Apocalipisis-Fantasma-\u2013-Parte-I-300x200.jpg 300w, https:\/\/www.eldiario.net\/portal\/wp-content\/uploads\/2024\/04\/Todo-sobre-la-produccion-de-Ghostbusters-Apocalipisis-Fantasma-\u2013-Parte-I-1024x682.jpg 1024w, https:\/\/www.eldiario.net\/portal\/wp-content\/uploads\/2024\/04\/Todo-sobre-la-produccion-de-Ghostbusters-Apocalipisis-Fantasma-\u2013-Parte-I-768x511.jpg 768w, https:\/\/www.eldiario.net\/portal\/wp-content\/uploads\/2024\/04\/Todo-sobre-la-produccion-de-Ghostbusters-Apocalipisis-Fantasma-\u2013-Parte-I-1536x1023.jpg 1536w, https:\/\/www.eldiario.net\/portal\/wp-content\/uploads\/2024\/04\/Todo-sobre-la-produccion-de-Ghostbusters-Apocalipisis-Fantasma-\u2013-Parte-I-696x464.jpg 696w, https:\/\/www.eldiario.net\/portal\/wp-content\/uploads\/2024\/04\/Todo-sobre-la-produccion-de-Ghostbusters-Apocalipisis-Fantasma-\u2013-Parte-I-1068x711.jpg 1068w, https:\/\/www.eldiario.net\/portal\/wp-content\/uploads\/2024\/04\/Todo-sobre-la-produccion-de-Ghostbusters-Apocalipisis-Fantasma-\u2013-Parte-I.jpg 1889w\" sizes=\"(max-width: 631px) 100vw, 631px\" alt=\"\">\r\n                            <\/a>\r\n                            \r\n                        <\/figure>\r\n                    <\/div>\r\n                            <\/div>\r\n                        <\/div>\r\n\r\n                        <div class = \"td-doubleSlider-2\">\r\n                            <div class = \"td-slider\">\r\n                                \r\n                    <div class = \"td-button td-item1\">\r\n                        <div class = \"td-border\"><\/div>\r\n                    <\/div>\r\n                    <div class = \"td-button td-item2\">\r\n                        <div class = \"td-border\"><\/div>\r\n                    <\/div>\r\n                            <\/div>\r\n                        <\/div>\r\n\r\n                    <\/div>\r\n\r\n                <\/div>\r\n                \n","protected":false},"excerpt":{"rendered":"<p>Hace tres a\u00f1os, el lanzamiento de Ghostbusters: Afterlife se convirti\u00f3 en la proverbial antorcha compartida: una nueva generaci\u00f3n de Cazafantasmas- y de realizadores ad hoc- asumi\u00f3 la responsabilidad. Ahora, la historia contin\u00faa con los Cazafantasmas, quienes regresan al punto de origen de todo el problema- el Bajo Manhattan- con el fin de confrontar las m\u00e1s [&hellip;]<\/p>\n","protected":false},"author":1,"featured_media":212798,"comment_status":"open","ping_status":"open","sticky":false,"template":"","format":"standard","meta":{"_acf_changed":false,"footnotes":""},"categories":[45],"tags":[],"class_list":["post-212797","post","type-post","status-publish","format-standard","has-post-thumbnail","category-cine-mundo"],"acf":{"antetitulo":""},"yoast_head":"<!-- This site is optimized with the Yoast SEO plugin v28.3 - https:\/\/yoast.com\/product\/yoast-seo-wordpress\/ -->\n<title>Todo sobre la producci\u00f3n de Ghostbusters: Apocalipisis Fantasma - El Diario - Bolivia<\/title>\n<meta name=\"robots\" content=\"index, follow, max-snippet:-1, max-image-preview:large, max-video-preview:-1\" \/>\n<link rel=\"canonical\" href=\"https:\/\/www.eldiario.net\/portal\/2024\/04\/07\/todo-sobre-la-produccion-de-ghostbusters-apocalipisis-fantasma\/\" \/>\n<meta property=\"og:locale\" content=\"es_ES\" \/>\n<meta property=\"og:type\" content=\"article\" \/>\n<meta property=\"og:title\" content=\"Todo sobre la producci\u00f3n de Ghostbusters: Apocalipisis Fantasma - El Diario - Bolivia\" \/>\n<meta property=\"og:description\" content=\"Hace tres a\u00f1os, el lanzamiento de Ghostbusters: Afterlife se convirti\u00f3 en la proverbial antorcha compartida: una nueva generaci\u00f3n de Cazafantasmas- y de realizadores ad hoc- asumi\u00f3 la responsabilidad. Ahora, la historia contin\u00faa con los Cazafantasmas, quienes regresan al punto de origen de todo el problema- el Bajo Manhattan- con el fin de confrontar las m\u00e1s [&hellip;]\" \/>\n<meta property=\"og:url\" content=\"https:\/\/www.eldiario.net\/portal\/2024\/04\/07\/todo-sobre-la-produccion-de-ghostbusters-apocalipisis-fantasma\/\" \/>\n<meta property=\"og:site_name\" content=\"El Diario - Bolivia\" \/>\n<meta property=\"article:publisher\" content=\"https:\/\/www.facebook.com\/eldiario.bolivia\/\" \/>\n<meta property=\"article:published_time\" content=\"2024-04-07T11:21:09+00:00\" \/>\n<meta property=\"og:image\" content=\"https:\/\/www.eldiario.net\/portal\/wp-content\/uploads\/2024\/04\/Todo-sobre-la-produccion-de-Ghostbusters-Apocalipisis-Fantasma-\u2013-Parte-I-2.jpg\" \/>\n\t<meta property=\"og:image:width\" content=\"1889\" \/>\n\t<meta property=\"og:image:height\" content=\"1258\" \/>\n\t<meta property=\"og:image:type\" content=\"image\/jpeg\" \/>\n<meta name=\"author\" content=\"Jeanette\" \/>\n<meta name=\"twitter:card\" content=\"summary_large_image\" \/>\n<meta name=\"twitter:creator\" content=\"@eldiario_net\" \/>\n<meta name=\"twitter:site\" content=\"@eldiario_net\" \/>\n<meta name=\"twitter:label1\" content=\"Escrito por\" \/>\n\t<meta name=\"twitter:data1\" content=\"Jeanette\" \/>\n\t<meta name=\"twitter:label2\" content=\"Tiempo de lectura\" \/>\n\t<meta name=\"twitter:data2\" content=\"1 minuto\" \/>\n<script type=\"application\/ld+json\" class=\"yoast-schema-graph\">{\"@context\":\"https:\\\/\\\/schema.org\",\"@graph\":[{\"@type\":\"Article\",\"@id\":\"https:\\\/\\\/www.eldiario.net\\\/portal\\\/2024\\\/04\\\/07\\\/todo-sobre-la-produccion-de-ghostbusters-apocalipisis-fantasma\\\/#article\",\"isPartOf\":{\"@id\":\"https:\\\/\\\/www.eldiario.net\\\/portal\\\/2024\\\/04\\\/07\\\/todo-sobre-la-produccion-de-ghostbusters-apocalipisis-fantasma\\\/\"},\"author\":{\"name\":\"Jeanette\",\"@id\":\"https:\\\/\\\/www.eldiario.net\\\/portal\\\/#\\\/schema\\\/person\\\/f46445640444750d7d753ccd04ae01b7\"},\"headline\":\"Todo sobre la producci\u00f3n de Ghostbusters: Apocalipisis Fantasma\",\"datePublished\":\"2024-04-07T11:21:09+00:00\",\"mainEntityOfPage\":{\"@id\":\"https:\\\/\\\/www.eldiario.net\\\/portal\\\/2024\\\/04\\\/07\\\/todo-sobre-la-produccion-de-ghostbusters-apocalipisis-fantasma\\\/\"},\"wordCount\":1657,\"commentCount\":0,\"publisher\":{\"@id\":\"https:\\\/\\\/www.eldiario.net\\\/portal\\\/#organization\"},\"image\":{\"@id\":\"https:\\\/\\\/www.eldiario.net\\\/portal\\\/2024\\\/04\\\/07\\\/todo-sobre-la-produccion-de-ghostbusters-apocalipisis-fantasma\\\/#primaryimage\"},\"thumbnailUrl\":\"https:\\\/\\\/www.eldiario.net\\\/portal\\\/wp-content\\\/uploads\\\/2024\\\/04\\\/Todo-sobre-la-produccion-de-Ghostbusters-Apocalipisis-Fantasma-\u2013-Parte-I-2.jpg\",\"articleSection\":[\"Cine Mundo\"],\"inLanguage\":\"es\",\"potentialAction\":[{\"@type\":\"CommentAction\",\"name\":\"Comment\",\"target\":[\"https:\\\/\\\/www.eldiario.net\\\/portal\\\/2024\\\/04\\\/07\\\/todo-sobre-la-produccion-de-ghostbusters-apocalipisis-fantasma\\\/#respond\"]}]},{\"@type\":\"WebPage\",\"@id\":\"https:\\\/\\\/www.eldiario.net\\\/portal\\\/2024\\\/04\\\/07\\\/todo-sobre-la-produccion-de-ghostbusters-apocalipisis-fantasma\\\/\",\"url\":\"https:\\\/\\\/www.eldiario.net\\\/portal\\\/2024\\\/04\\\/07\\\/todo-sobre-la-produccion-de-ghostbusters-apocalipisis-fantasma\\\/\",\"name\":\"Todo sobre la producci\u00f3n de Ghostbusters: Apocalipisis Fantasma - El Diario - Bolivia\",\"isPartOf\":{\"@id\":\"https:\\\/\\\/www.eldiario.net\\\/portal\\\/#website\"},\"primaryImageOfPage\":{\"@id\":\"https:\\\/\\\/www.eldiario.net\\\/portal\\\/2024\\\/04\\\/07\\\/todo-sobre-la-produccion-de-ghostbusters-apocalipisis-fantasma\\\/#primaryimage\"},\"image\":{\"@id\":\"https:\\\/\\\/www.eldiario.net\\\/portal\\\/2024\\\/04\\\/07\\\/todo-sobre-la-produccion-de-ghostbusters-apocalipisis-fantasma\\\/#primaryimage\"},\"thumbnailUrl\":\"https:\\\/\\\/www.eldiario.net\\\/portal\\\/wp-content\\\/uploads\\\/2024\\\/04\\\/Todo-sobre-la-produccion-de-Ghostbusters-Apocalipisis-Fantasma-\u2013-Parte-I-2.jpg\",\"datePublished\":\"2024-04-07T11:21:09+00:00\",\"breadcrumb\":{\"@id\":\"https:\\\/\\\/www.eldiario.net\\\/portal\\\/2024\\\/04\\\/07\\\/todo-sobre-la-produccion-de-ghostbusters-apocalipisis-fantasma\\\/#breadcrumb\"},\"inLanguage\":\"es\",\"potentialAction\":[{\"@type\":\"ReadAction\",\"target\":[\"https:\\\/\\\/www.eldiario.net\\\/portal\\\/2024\\\/04\\\/07\\\/todo-sobre-la-produccion-de-ghostbusters-apocalipisis-fantasma\\\/\"]}]},{\"@type\":\"ImageObject\",\"inLanguage\":\"es\",\"@id\":\"https:\\\/\\\/www.eldiario.net\\\/portal\\\/2024\\\/04\\\/07\\\/todo-sobre-la-produccion-de-ghostbusters-apocalipisis-fantasma\\\/#primaryimage\",\"url\":\"https:\\\/\\\/www.eldiario.net\\\/portal\\\/wp-content\\\/uploads\\\/2024\\\/04\\\/Todo-sobre-la-produccion-de-Ghostbusters-Apocalipisis-Fantasma-\u2013-Parte-I-2.jpg\",\"contentUrl\":\"https:\\\/\\\/www.eldiario.net\\\/portal\\\/wp-content\\\/uploads\\\/2024\\\/04\\\/Todo-sobre-la-produccion-de-Ghostbusters-Apocalipisis-Fantasma-\u2013-Parte-I-2.jpg\",\"width\":1889,\"height\":1258},{\"@type\":\"BreadcrumbList\",\"@id\":\"https:\\\/\\\/www.eldiario.net\\\/portal\\\/2024\\\/04\\\/07\\\/todo-sobre-la-produccion-de-ghostbusters-apocalipisis-fantasma\\\/#breadcrumb\",\"itemListElement\":[{\"@type\":\"ListItem\",\"position\":1,\"name\":\"Portada\",\"item\":\"https:\\\/\\\/www.eldiario.net\\\/portal\\\/\"},{\"@type\":\"ListItem\",\"position\":2,\"name\":\"Todo sobre la producci\u00f3n de Ghostbusters: Apocalipisis Fantasma\"}]},{\"@type\":\"WebSite\",\"@id\":\"https:\\\/\\\/www.eldiario.net\\\/portal\\\/#website\",\"url\":\"https:\\\/\\\/www.eldiario.net\\\/portal\\\/\",\"name\":\"El Diario - Decano de la prensa nacional\",\"description\":\"El Diario - Decano de la prensa nacional\",\"publisher\":{\"@id\":\"https:\\\/\\\/www.eldiario.net\\\/portal\\\/#organization\"},\"potentialAction\":[{\"@type\":\"SearchAction\",\"target\":{\"@type\":\"EntryPoint\",\"urlTemplate\":\"https:\\\/\\\/www.eldiario.net\\\/portal\\\/?s={search_term_string}\"},\"query-input\":{\"@type\":\"PropertyValueSpecification\",\"valueRequired\":true,\"valueName\":\"search_term_string\"}}],\"inLanguage\":\"es\"},{\"@type\":\"Organization\",\"@id\":\"https:\\\/\\\/www.eldiario.net\\\/portal\\\/#organization\",\"name\":\"El Diario - Decano de la prensa nacional\",\"url\":\"https:\\\/\\\/www.eldiario.net\\\/portal\\\/\",\"logo\":{\"@type\":\"ImageObject\",\"inLanguage\":\"es\",\"@id\":\"https:\\\/\\\/www.eldiario.net\\\/portal\\\/#\\\/schema\\\/logo\\\/image\\\/\",\"url\":\"https:\\\/\\\/www.eldiario.net\\\/portal\\\/wp-content\\\/uploads\\\/2023\\\/07\\\/logo_ED.jpg\",\"contentUrl\":\"https:\\\/\\\/www.eldiario.net\\\/portal\\\/wp-content\\\/uploads\\\/2023\\\/07\\\/logo_ED.jpg\",\"width\":272,\"height\":52,\"caption\":\"El Diario - Decano de la prensa nacional\"},\"image\":{\"@id\":\"https:\\\/\\\/www.eldiario.net\\\/portal\\\/#\\\/schema\\\/logo\\\/image\\\/\"},\"sameAs\":[\"https:\\\/\\\/www.facebook.com\\\/eldiario.bolivia\\\/\",\"https:\\\/\\\/x.com\\\/eldiario_net\"]},{\"@type\":\"Person\",\"@id\":\"https:\\\/\\\/www.eldiario.net\\\/portal\\\/#\\\/schema\\\/person\\\/f46445640444750d7d753ccd04ae01b7\",\"name\":\"Jeanette\",\"image\":{\"@type\":\"ImageObject\",\"inLanguage\":\"es\",\"@id\":\"https:\\\/\\\/secure.gravatar.com\\\/avatar\\\/3ea2118a5f7dad2b7138b1187a6b7ee55f160b9968b66013c3a3ef39dd7e5798?s=96&d=mm&r=g\",\"url\":\"https:\\\/\\\/secure.gravatar.com\\\/avatar\\\/3ea2118a5f7dad2b7138b1187a6b7ee55f160b9968b66013c3a3ef39dd7e5798?s=96&d=mm&r=g\",\"contentUrl\":\"https:\\\/\\\/secure.gravatar.com\\\/avatar\\\/3ea2118a5f7dad2b7138b1187a6b7ee55f160b9968b66013c3a3ef39dd7e5798?s=96&d=mm&r=g\",\"caption\":\"Jeanette\"},\"sameAs\":[\"https:\\\/\\\/www.eldiario.net\\\/portal\"],\"url\":\"https:\\\/\\\/www.eldiario.net\\\/portal\\\/author\\\/jeanette\\\/\"}]}<\/script>\n<!-- \/ Yoast SEO plugin. -->","yoast_head_json":{"title":"Todo sobre la producci\u00f3n de Ghostbusters: Apocalipisis Fantasma - El Diario - Bolivia","robots":{"index":"index","follow":"follow","max-snippet":"max-snippet:-1","max-image-preview":"max-image-preview:large","max-video-preview":"max-video-preview:-1"},"canonical":"https:\/\/www.eldiario.net\/portal\/2024\/04\/07\/todo-sobre-la-produccion-de-ghostbusters-apocalipisis-fantasma\/","og_locale":"es_ES","og_type":"article","og_title":"Todo sobre la producci\u00f3n de Ghostbusters: Apocalipisis Fantasma - El Diario - Bolivia","og_description":"Hace tres a\u00f1os, el lanzamiento de Ghostbusters: Afterlife se convirti\u00f3 en la proverbial antorcha compartida: una nueva generaci\u00f3n de Cazafantasmas- y de realizadores ad hoc- asumi\u00f3 la responsabilidad. Ahora, la historia contin\u00faa con los Cazafantasmas, quienes regresan al punto de origen de todo el problema- el Bajo Manhattan- con el fin de confrontar las m\u00e1s [&hellip;]","og_url":"https:\/\/www.eldiario.net\/portal\/2024\/04\/07\/todo-sobre-la-produccion-de-ghostbusters-apocalipisis-fantasma\/","og_site_name":"El Diario - Bolivia","article_publisher":"https:\/\/www.facebook.com\/eldiario.bolivia\/","article_published_time":"2024-04-07T11:21:09+00:00","og_image":[{"width":1889,"height":1258,"url":"https:\/\/www.eldiario.net\/portal\/wp-content\/uploads\/2024\/04\/Todo-sobre-la-produccion-de-Ghostbusters-Apocalipisis-Fantasma-\u2013-Parte-I-2.jpg","type":"image\/jpeg"}],"author":"Jeanette","twitter_card":"summary_large_image","twitter_creator":"@eldiario_net","twitter_site":"@eldiario_net","twitter_misc":{"Escrito por":"Jeanette","Tiempo de lectura":"1 minuto"},"schema":{"@context":"https:\/\/schema.org","@graph":[{"@type":"Article","@id":"https:\/\/www.eldiario.net\/portal\/2024\/04\/07\/todo-sobre-la-produccion-de-ghostbusters-apocalipisis-fantasma\/#article","isPartOf":{"@id":"https:\/\/www.eldiario.net\/portal\/2024\/04\/07\/todo-sobre-la-produccion-de-ghostbusters-apocalipisis-fantasma\/"},"author":{"name":"Jeanette","@id":"https:\/\/www.eldiario.net\/portal\/#\/schema\/person\/f46445640444750d7d753ccd04ae01b7"},"headline":"Todo sobre la producci\u00f3n de Ghostbusters: Apocalipisis Fantasma","datePublished":"2024-04-07T11:21:09+00:00","mainEntityOfPage":{"@id":"https:\/\/www.eldiario.net\/portal\/2024\/04\/07\/todo-sobre-la-produccion-de-ghostbusters-apocalipisis-fantasma\/"},"wordCount":1657,"commentCount":0,"publisher":{"@id":"https:\/\/www.eldiario.net\/portal\/#organization"},"image":{"@id":"https:\/\/www.eldiario.net\/portal\/2024\/04\/07\/todo-sobre-la-produccion-de-ghostbusters-apocalipisis-fantasma\/#primaryimage"},"thumbnailUrl":"https:\/\/www.eldiario.net\/portal\/wp-content\/uploads\/2024\/04\/Todo-sobre-la-produccion-de-Ghostbusters-Apocalipisis-Fantasma-\u2013-Parte-I-2.jpg","articleSection":["Cine Mundo"],"inLanguage":"es","potentialAction":[{"@type":"CommentAction","name":"Comment","target":["https:\/\/www.eldiario.net\/portal\/2024\/04\/07\/todo-sobre-la-produccion-de-ghostbusters-apocalipisis-fantasma\/#respond"]}]},{"@type":"WebPage","@id":"https:\/\/www.eldiario.net\/portal\/2024\/04\/07\/todo-sobre-la-produccion-de-ghostbusters-apocalipisis-fantasma\/","url":"https:\/\/www.eldiario.net\/portal\/2024\/04\/07\/todo-sobre-la-produccion-de-ghostbusters-apocalipisis-fantasma\/","name":"Todo sobre la producci\u00f3n de Ghostbusters: Apocalipisis Fantasma - El Diario - Bolivia","isPartOf":{"@id":"https:\/\/www.eldiario.net\/portal\/#website"},"primaryImageOfPage":{"@id":"https:\/\/www.eldiario.net\/portal\/2024\/04\/07\/todo-sobre-la-produccion-de-ghostbusters-apocalipisis-fantasma\/#primaryimage"},"image":{"@id":"https:\/\/www.eldiario.net\/portal\/2024\/04\/07\/todo-sobre-la-produccion-de-ghostbusters-apocalipisis-fantasma\/#primaryimage"},"thumbnailUrl":"https:\/\/www.eldiario.net\/portal\/wp-content\/uploads\/2024\/04\/Todo-sobre-la-produccion-de-Ghostbusters-Apocalipisis-Fantasma-\u2013-Parte-I-2.jpg","datePublished":"2024-04-07T11:21:09+00:00","breadcrumb":{"@id":"https:\/\/www.eldiario.net\/portal\/2024\/04\/07\/todo-sobre-la-produccion-de-ghostbusters-apocalipisis-fantasma\/#breadcrumb"},"inLanguage":"es","potentialAction":[{"@type":"ReadAction","target":["https:\/\/www.eldiario.net\/portal\/2024\/04\/07\/todo-sobre-la-produccion-de-ghostbusters-apocalipisis-fantasma\/"]}]},{"@type":"ImageObject","inLanguage":"es","@id":"https:\/\/www.eldiario.net\/portal\/2024\/04\/07\/todo-sobre-la-produccion-de-ghostbusters-apocalipisis-fantasma\/#primaryimage","url":"https:\/\/www.eldiario.net\/portal\/wp-content\/uploads\/2024\/04\/Todo-sobre-la-produccion-de-Ghostbusters-Apocalipisis-Fantasma-\u2013-Parte-I-2.jpg","contentUrl":"https:\/\/www.eldiario.net\/portal\/wp-content\/uploads\/2024\/04\/Todo-sobre-la-produccion-de-Ghostbusters-Apocalipisis-Fantasma-\u2013-Parte-I-2.jpg","width":1889,"height":1258},{"@type":"BreadcrumbList","@id":"https:\/\/www.eldiario.net\/portal\/2024\/04\/07\/todo-sobre-la-produccion-de-ghostbusters-apocalipisis-fantasma\/#breadcrumb","itemListElement":[{"@type":"ListItem","position":1,"name":"Portada","item":"https:\/\/www.eldiario.net\/portal\/"},{"@type":"ListItem","position":2,"name":"Todo sobre la producci\u00f3n de Ghostbusters: Apocalipisis Fantasma"}]},{"@type":"WebSite","@id":"https:\/\/www.eldiario.net\/portal\/#website","url":"https:\/\/www.eldiario.net\/portal\/","name":"El Diario - Decano de la prensa nacional","description":"El Diario - Decano de la prensa nacional","publisher":{"@id":"https:\/\/www.eldiario.net\/portal\/#organization"},"potentialAction":[{"@type":"SearchAction","target":{"@type":"EntryPoint","urlTemplate":"https:\/\/www.eldiario.net\/portal\/?s={search_term_string}"},"query-input":{"@type":"PropertyValueSpecification","valueRequired":true,"valueName":"search_term_string"}}],"inLanguage":"es"},{"@type":"Organization","@id":"https:\/\/www.eldiario.net\/portal\/#organization","name":"El Diario - Decano de la prensa nacional","url":"https:\/\/www.eldiario.net\/portal\/","logo":{"@type":"ImageObject","inLanguage":"es","@id":"https:\/\/www.eldiario.net\/portal\/#\/schema\/logo\/image\/","url":"https:\/\/www.eldiario.net\/portal\/wp-content\/uploads\/2023\/07\/logo_ED.jpg","contentUrl":"https:\/\/www.eldiario.net\/portal\/wp-content\/uploads\/2023\/07\/logo_ED.jpg","width":272,"height":52,"caption":"El Diario - Decano de la prensa nacional"},"image":{"@id":"https:\/\/www.eldiario.net\/portal\/#\/schema\/logo\/image\/"},"sameAs":["https:\/\/www.facebook.com\/eldiario.bolivia\/","https:\/\/x.com\/eldiario_net"]},{"@type":"Person","@id":"https:\/\/www.eldiario.net\/portal\/#\/schema\/person\/f46445640444750d7d753ccd04ae01b7","name":"Jeanette","image":{"@type":"ImageObject","inLanguage":"es","@id":"https:\/\/secure.gravatar.com\/avatar\/3ea2118a5f7dad2b7138b1187a6b7ee55f160b9968b66013c3a3ef39dd7e5798?s=96&d=mm&r=g","url":"https:\/\/secure.gravatar.com\/avatar\/3ea2118a5f7dad2b7138b1187a6b7ee55f160b9968b66013c3a3ef39dd7e5798?s=96&d=mm&r=g","contentUrl":"https:\/\/secure.gravatar.com\/avatar\/3ea2118a5f7dad2b7138b1187a6b7ee55f160b9968b66013c3a3ef39dd7e5798?s=96&d=mm&r=g","caption":"Jeanette"},"sameAs":["https:\/\/www.eldiario.net\/portal"],"url":"https:\/\/www.eldiario.net\/portal\/author\/jeanette\/"}]}},"_links":{"self":[{"href":"https:\/\/www.eldiario.net\/portal\/wp-json\/wp\/v2\/posts\/212797","targetHints":{"allow":["GET"]}}],"collection":[{"href":"https:\/\/www.eldiario.net\/portal\/wp-json\/wp\/v2\/posts"}],"about":[{"href":"https:\/\/www.eldiario.net\/portal\/wp-json\/wp\/v2\/types\/post"}],"author":[{"embeddable":true,"href":"https:\/\/www.eldiario.net\/portal\/wp-json\/wp\/v2\/users\/1"}],"replies":[{"embeddable":true,"href":"https:\/\/www.eldiario.net\/portal\/wp-json\/wp\/v2\/comments?post=212797"}],"version-history":[{"count":1,"href":"https:\/\/www.eldiario.net\/portal\/wp-json\/wp\/v2\/posts\/212797\/revisions"}],"predecessor-version":[{"id":212800,"href":"https:\/\/www.eldiario.net\/portal\/wp-json\/wp\/v2\/posts\/212797\/revisions\/212800"}],"wp:featuredmedia":[{"embeddable":true,"href":"https:\/\/www.eldiario.net\/portal\/wp-json\/wp\/v2\/media\/212798"}],"wp:attachment":[{"href":"https:\/\/www.eldiario.net\/portal\/wp-json\/wp\/v2\/media?parent=212797"}],"wp:term":[{"taxonomy":"category","embeddable":true,"href":"https:\/\/www.eldiario.net\/portal\/wp-json\/wp\/v2\/categories?post=212797"},{"taxonomy":"post_tag","embeddable":true,"href":"https:\/\/www.eldiario.net\/portal\/wp-json\/wp\/v2\/tags?post=212797"}],"curies":[{"name":"wp","href":"https:\/\/api.w.org\/{rel}","templated":true}]}}