{"id":212788,"date":"2024-04-07T07:16:13","date_gmt":"2024-04-07T11:16:13","guid":{"rendered":"https:\/\/www.eldiario.net\/portal\/?p=212788"},"modified":"2024-04-07T07:16:13","modified_gmt":"2024-04-07T11:16:13","slug":"en-su-46-aniversario-colegio-jose-carrasco-impulsa-el-area-automotriz","status":"publish","type":"post","link":"https:\/\/www.eldiario.net\/portal\/2024\/04\/07\/en-su-46-aniversario-colegio-jose-carrasco-impulsa-el-area-automotriz\/","title":{"rendered":"En su 46 aniversario colegio Jos\u00e9  Carrasco impulsa el \u00e1rea automotriz"},"content":{"rendered":"<p>La Unidad Educativa T\u00e9cnico Human\u00edstico Jos\u00e9 Carrasco Torrico celebr\u00f3 sus 46 a\u00f1os de creaci\u00f3n y formaci\u00f3n a j\u00f3venes de la poblaci\u00f3n Kalla Baja, ubicada en el municipio Jes\u00fas de Machaca de la provincia Ingavi del departamento de La Paz. El colegio lleva en alto el nombre del fundador de EL DIARIO.<br \/>\n\u201cRepresentantes de la unidad educativa se dieron la idea de llevar el nombre del director del peri\u00f3dico EL DIARIO, Jos\u00e9 Carrasco, porque era reconocido constitucionalista e intelectual, que adem\u00e1s hab\u00eda fundado el peri\u00f3dico m\u00e1s prestigioso del pa\u00eds\u201d, explic\u00f3 el director del establecimiento educativo, Edgar Espejo Tuco.<br \/>\nIndic\u00f3 que la unidad educativa naci\u00f3 en 1976 con el nivel intermedio y bajo el nombre de Juan Alipaz posteriormente, a iniciativa de lugare\u00f1os, en 1990 asume el nombre de Jos\u00e9 Carrasco y con el nivel de secundaria.<br \/>\nPor su parte, el profesor del \u00e1rea de Lenguaje y Comunicaci\u00f3n, Fredy Velasco Mart\u00ednez, detall\u00f3 que la unidad educativa naci\u00f3 como Colegio Nacional Mixto Jaime Tapia Alipaz con Resoluci\u00f3n Ministerial 71 y a cargo del profesor Hilari\u00f3n Tinta Laura. En esa oportunidad ten\u00edan 28 estudiantes inscritos, de los cuales siete eran mujeres y 21, varones.<br \/>\n\u201cEn 1979, aumentaron a 46 estudiantes y cambiaron de nombre a Colegio Nacional Mixto Kalla Baja. Luego, el 15 de enero de 1981 ampliaron a nivel medio, de primero a cuarto, mediante Resoluci\u00f3n Ministerial 1079 y ya hab\u00edan 105 estudiantes. Desde esa fecha llevan el nombre de Unidad Educativa Jos\u00e9 Carrasco\u201d, especific\u00f3 el docente.<br \/>\nDe acuerdo con los entrevistados, \u201cantes ten\u00edamos una poblaci\u00f3n m\u00e1s alta, pero poco a poco la gente est\u00e1 migrando y debido a ello, son menos estudiantes. Eso porque el Gobierno no ha dado cierto apoyo al sector del altiplano, la falta de precipitaci\u00f3n pluvial tambi\u00e9n perjudica porque apenas unos meses llueve y el resto del a\u00f1o es seco, por eso creo que el Gobierno prefiri\u00f3 potenciar a la parte del oriente del pa\u00eds, aunque ahora est\u00e1n asfaltando el camino que ser\u00e1 doble v\u00eda y llegar\u00e1 a Desaguadero\u201d, justific\u00f3 Espejo.<br \/>\nPuntualiz\u00f3 que en la actualidad cuentan con 65 estudiantes, desde primero de secundaria a sexto. Cantidad que va manteni\u00e9ndose durante los recientes a\u00f1os, \u201cpero hace unos cinco a 10 a\u00f1os, eran m\u00e1s de 100 estudiantes\u201d. Adem\u00e1s, el plantel docente est\u00e1 conformado por 11 profesores de especialidad y un administrativo.<br \/>\nLa promoci\u00f3n 2024 cuenta con nueve estudiantes; tres de ellos varones y seis mujeres.<br \/>\nAVANCE<br \/>\nCon los a\u00f1os, la unidad educativa implement\u00f3 el \u00e1rea de Agropecuaria, donde los estudiantes aprend\u00edan la parte de cultivos y producci\u00f3n, sin embargo, debido a distintos factores y porque \u201calgunos padres de familia no apoyaban que sus hijos sigan trabajando la tierra, quer\u00edan que aprendan otras carreras\u201d para tener mejores empleos, decidieron optar por otra especialidad.<br \/>\nEntonces, desde 2014 la unidad educativa asume el Bachillerato T\u00e9cnico Human\u00edstico y empieza a formar a los estudiantes en la parte de automotriz.<br \/>\n\u201cHace a\u00f1os tenemos el BTH (Bachillerato T\u00e9cnico Human\u00edstico). Tenemos un taller montado, aunque no es suficiente pero s\u00ed ayuda. Ya hemos lanzado estudiantes egresados con el nivel t\u00e9cnico medio con la menci\u00f3n de automotriz\u201d, asegur\u00f3 el director.<br \/>\nTambi\u00e9n cuentan con sala de computaci\u00f3n y aulas para cada materia; sin embargo, aseguran que el espacio a\u00fan es insuficiente y requieren ambientes para comedor y sala de reuniones, entre otros.<br \/>\nOtro de los logros, es que los estudiantes cuentan con almuerzo escolar, que es preparado por el Consejo Educativo, conformado por seis padres de familia que rotan cada a\u00f1o y se encargan de preparar los alimentos con algunos de los productos secos que el municipio les otorga.<br \/>\n\u201cNo alcanza eso que nos da el municipio, entonces cada alumno aumenta dos bolivianos con cincuenta centavos para su almuerzo. Con eso algo hacemos alcanzar\u201d, explic\u00f3 una participante del Consejo Educativo, Alicia Ajata.<br \/>\nPor su parte, su compa\u00f1era Betty Forra, corrobor\u00f3 ello y apunt\u00f3 que para definir el men\u00fa, \u201cla Alcald\u00eda nos manda el men\u00fa, pero a veces cambiamos, porque no alcanza (los productos que nos dan). Preparamos 80 almuerzos cada d\u00eda. La Alcald\u00eda nos da arroz, fideo, aceite, avena y otros\u201d.<br \/>\nRECUERDOS<br \/>\n\u201cHa sido un sacrificio para el pueblo, hoy tenemos que estar felices y contentos (\u2026) este colegio tuvo muchos frutos, yo me siento feliz porque he sido exestudiante de este colegio\u201d, manifest\u00f3 el director de la escuela Kalla Baja nivel primario, Erasmo Vito Triguero a tiempo de recordar que en el pasado Jos\u00e9 Carrasco, \u201cera un colegio mentado, el pionero de Jes\u00fas de Machaca, ahora estamos yendo a diferente ritmo y debemos preguntarnos, \u00bfd\u00f3nde vamos y qu\u00e9 buscamos?\u201d.<br \/>\nOtro personaje querido del pueblo es Luciano Ajata Llanque (77), quien perteneci\u00f3 a la primera promoci\u00f3n del Jos\u00e9 Carrasco que antes era Jaime Tapia Alipaz. Egres\u00f3 en la promoci\u00f3n 1981.<br \/>\nRecord\u00f3 que para conseguir llevar el nombre del director del peri\u00f3dico se reunieron y movilizaron hasta la ciudad de La Paz. \u201cNos hemos reunido con el profesor Hilari\u00f3n Tinta y varios de los alumnos hemos visitado al director de EL DIARIO, para llevar el nombre de Jos\u00e9 Carrasco y nos aceptaron\u201d, cont\u00f3.<br \/>\nAsegur\u00f3 que para que la unidad educativa funcione como secundaria y tenga alumnado, varios adultos tuvieron que inscribirse y ser parte del estudiantado, como lo hizo Ajata. \u201cComo no hab\u00eda alumnado hemos intentado asistir durante 1978, la mayor\u00eda de casados hemos entrado al colegio para iniciar, porque el profesor (Hilari\u00f3n Tinta) quer\u00eda irse y nos hemos impuesto, por eso hemos entrado al colegio mayores, yo ten\u00eda 35 a\u00f1os y ten\u00eda cinco hijos. Para querer el colegio yo he sido alumno de ac\u00e1\u201d, record\u00f3.<br \/>\nSu anhelo es que en esa poblaci\u00f3n se abra anexos de universidades estatales o instituciones con carreras profesionales, que eviten que sus j\u00f3venes migren a las ciudades.<\/p>\n\r\n                <style type=\"text\/css\">\r\n                    \r\n                    #tdi_1  .td-doubleSlider-2 .td-item1 {\r\n                        background: url(https:\/\/www.eldiario.net\/portal\/wp-content\/uploads\/2024\/04\/F-2-colegio-80x60.jpg) 0 0 no-repeat;\r\n                    }\r\n                    #tdi_1  .td-doubleSlider-2 .td-item2 {\r\n                        background: url(https:\/\/www.eldiario.net\/portal\/wp-content\/uploads\/2024\/04\/F-3-colegio-80x60.jpg) 0 0 no-repeat;\r\n                    }\r\n                <\/style>\r\n\r\n                <div id=\"tdi_1\" class=\"td-gallery td-slide-on-2-columns\">\r\n                    <div class=\"post_td_gallery\">\r\n                        <div class=\"td-gallery-slide-top\">\r\n                           <div class=\"td-gallery-title\"><\/div>\r\n\r\n                            <div class=\"td-gallery-controls-wrapper\">\r\n                                <div class=\"td-gallery-slide-count\"><span class=\"td-gallery-slide-item-focus\">1<\/span> de 2<\/div>\r\n                                <div class=\"td-gallery-slide-prev-next-but\">\r\n                                    <i class = \"td-icon-left doubleSliderPrevButton\"><\/i>\r\n                                    <i class = \"td-icon-right doubleSliderNextButton\"><\/i>\r\n                                <\/div>\r\n                            <\/div>\r\n                        <\/div>\r\n\r\n                        <div class = \"td-doubleSlider-1 \">\r\n                            <div class = \"td-slider\">\r\n                                \r\n                    <div class = \"td-slide-item td-item1\">\r\n                        <figure class=\"td-slide-galery-figure td-slide-popup-gallery\">\r\n                            <a class=\"slide-gallery-image-link\" href=\"https:\/\/www.eldiario.net\/portal\/wp-content\/uploads\/2024\/04\/F-2-colegio-scaled.jpg\" title=\"F 2 colegio\"  data-caption=\"La sala de automotriz, donde aprenden su especialidad.\"  data-description=\"\">\r\n                                <img decoding=\"async\" src=\"https:\/\/www.eldiario.net\/portal\/wp-content\/uploads\/2024\/04\/F-2-colegio-629x420.jpg\" srcset=\"https:\/\/www.eldiario.net\/portal\/wp-content\/uploads\/2024\/04\/F-2-colegio-629x420.jpg 629w, https:\/\/www.eldiario.net\/portal\/wp-content\/uploads\/2024\/04\/F-2-colegio-300x200.jpg 300w, https:\/\/www.eldiario.net\/portal\/wp-content\/uploads\/2024\/04\/F-2-colegio-1024x683.jpg 1024w, https:\/\/www.eldiario.net\/portal\/wp-content\/uploads\/2024\/04\/F-2-colegio-768x512.jpg 768w, https:\/\/www.eldiario.net\/portal\/wp-content\/uploads\/2024\/04\/F-2-colegio-1536x1025.jpg 1536w, https:\/\/www.eldiario.net\/portal\/wp-content\/uploads\/2024\/04\/F-2-colegio-2048x1367.jpg 2048w, https:\/\/www.eldiario.net\/portal\/wp-content\/uploads\/2024\/04\/F-2-colegio-696x464.jpg 696w, https:\/\/www.eldiario.net\/portal\/wp-content\/uploads\/2024\/04\/F-2-colegio-1068x713.jpg 1068w, https:\/\/www.eldiario.net\/portal\/wp-content\/uploads\/2024\/04\/F-2-colegio-1920x1281.jpg 1920w\" sizes=\"(max-width: 629px) 100vw, 629px\" alt=\"\">\r\n                            <\/a>\r\n                            <figcaption class = \"td-slide-caption td-gallery-slide-content\"><div class = \"td-gallery-slide-copywrite\">La sala de automotriz, donde aprenden su especialidad.<\/div><\/figcaption>\r\n                        <\/figure>\r\n                    <\/div>\r\n                    <div class = \"td-slide-item td-item2\">\r\n                        <figure class=\"td-slide-galery-figure td-slide-popup-gallery\">\r\n                            <a class=\"slide-gallery-image-link\" href=\"https:\/\/www.eldiario.net\/portal\/wp-content\/uploads\/2024\/04\/F-3-colegio-scaled.jpg\" title=\"F 3 colegio\"  data-caption=\"En las salas de computaci\u00f3n tambi\u00e9n aprendeN tecnolog\u00eda.\"  data-description=\"\">\r\n                                <img decoding=\"async\" src=\"https:\/\/www.eldiario.net\/portal\/wp-content\/uploads\/2024\/04\/F-3-colegio-629x420.jpg\" srcset=\"https:\/\/www.eldiario.net\/portal\/wp-content\/uploads\/2024\/04\/F-3-colegio-629x420.jpg 629w, https:\/\/www.eldiario.net\/portal\/wp-content\/uploads\/2024\/04\/F-3-colegio-300x200.jpg 300w, https:\/\/www.eldiario.net\/portal\/wp-content\/uploads\/2024\/04\/F-3-colegio-1024x683.jpg 1024w, https:\/\/www.eldiario.net\/portal\/wp-content\/uploads\/2024\/04\/F-3-colegio-768x512.jpg 768w, https:\/\/www.eldiario.net\/portal\/wp-content\/uploads\/2024\/04\/F-3-colegio-1536x1025.jpg 1536w, https:\/\/www.eldiario.net\/portal\/wp-content\/uploads\/2024\/04\/F-3-colegio-2048x1367.jpg 2048w, https:\/\/www.eldiario.net\/portal\/wp-content\/uploads\/2024\/04\/F-3-colegio-696x464.jpg 696w, https:\/\/www.eldiario.net\/portal\/wp-content\/uploads\/2024\/04\/F-3-colegio-1068x713.jpg 1068w, https:\/\/www.eldiario.net\/portal\/wp-content\/uploads\/2024\/04\/F-3-colegio-1920x1281.jpg 1920w\" sizes=\"(max-width: 629px) 100vw, 629px\" alt=\"\">\r\n                            <\/a>\r\n                            <figcaption class = \"td-slide-caption td-gallery-slide-content\"><div class = \"td-gallery-slide-copywrite\">En las salas de computaci\u00f3n tambi\u00e9n aprendeN tecnolog\u00eda.<\/div><\/figcaption>\r\n                        <\/figure>\r\n                    <\/div>\r\n                            <\/div>\r\n                        <\/div>\r\n\r\n                        <div class = \"td-doubleSlider-2\">\r\n                            <div class = \"td-slider\">\r\n                                \r\n                    <div class = \"td-button td-item1\">\r\n                        <div class = \"td-border\"><\/div>\r\n                    <\/div>\r\n                    <div class = \"td-button td-item2\">\r\n                        <div class = \"td-border\"><\/div>\r\n                    <\/div>\r\n                            <\/div>\r\n                        <\/div>\r\n\r\n                    <\/div>\r\n\r\n                <\/div>\r\n                \n","protected":false},"excerpt":{"rendered":"<p>La Unidad Educativa T\u00e9cnico Human\u00edstico Jos\u00e9 Carrasco Torrico celebr\u00f3 sus 46 a\u00f1os de creaci\u00f3n y formaci\u00f3n a j\u00f3venes de la poblaci\u00f3n Kalla Baja, ubicada en el municipio Jes\u00fas de Machaca de la provincia Ingavi del departamento de La Paz. El colegio lleva en alto el nombre del fundador de EL DIARIO. \u201cRepresentantes de la unidad [&hellip;]<\/p>\n","protected":false},"author":1,"featured_media":212789,"comment_status":"open","ping_status":"open","sticky":false,"template":"","format":"standard","meta":{"_acf_changed":false,"footnotes":""},"categories":[12],"tags":[],"class_list":["post-212788","post","type-post","status-publish","format-standard","has-post-thumbnail","category-nacional"],"acf":{"antetitulo":"Uno de los primeros establecimientos con ense\u00f1anza t\u00e9cnica"},"yoast_head":"<!-- This site is optimized with the Yoast SEO plugin v28.3 - https:\/\/yoast.com\/product\/yoast-seo-wordpress\/ -->\n<title>En su 46 aniversario colegio Jos\u00e9 Carrasco impulsa el \u00e1rea automotriz - El Diario - Bolivia<\/title>\n<meta name=\"robots\" content=\"index, follow, max-snippet:-1, max-image-preview:large, max-video-preview:-1\" \/>\n<link rel=\"canonical\" href=\"https:\/\/www.eldiario.net\/portal\/2024\/04\/07\/en-su-46-aniversario-colegio-jose-carrasco-impulsa-el-area-automotriz\/\" \/>\n<meta property=\"og:locale\" content=\"es_ES\" \/>\n<meta property=\"og:type\" content=\"article\" \/>\n<meta property=\"og:title\" content=\"En su 46 aniversario colegio Jos\u00e9 Carrasco impulsa el \u00e1rea automotriz - El Diario - Bolivia\" \/>\n<meta property=\"og:description\" content=\"La Unidad Educativa T\u00e9cnico Human\u00edstico Jos\u00e9 Carrasco Torrico celebr\u00f3 sus 46 a\u00f1os de creaci\u00f3n y formaci\u00f3n a j\u00f3venes de la poblaci\u00f3n Kalla Baja, ubicada en el municipio Jes\u00fas de Machaca de la provincia Ingavi del departamento de La Paz. El colegio lleva en alto el nombre del fundador de EL DIARIO. \u201cRepresentantes de la unidad [&hellip;]\" \/>\n<meta property=\"og:url\" content=\"https:\/\/www.eldiario.net\/portal\/2024\/04\/07\/en-su-46-aniversario-colegio-jose-carrasco-impulsa-el-area-automotriz\/\" \/>\n<meta property=\"og:site_name\" content=\"El Diario - Bolivia\" \/>\n<meta property=\"article:publisher\" content=\"https:\/\/www.facebook.com\/eldiario.bolivia\/\" \/>\n<meta property=\"article:published_time\" content=\"2024-04-07T11:16:13+00:00\" \/>\n<meta property=\"og:image\" content=\"https:\/\/www.eldiario.net\/portal\/wp-content\/uploads\/2024\/04\/F-1-colegio-scaled.jpg\" \/>\n\t<meta property=\"og:image:width\" content=\"2560\" \/>\n\t<meta property=\"og:image:height\" content=\"1708\" \/>\n\t<meta property=\"og:image:type\" content=\"image\/jpeg\" \/>\n<meta name=\"author\" content=\"Jeanette\" \/>\n<meta name=\"twitter:card\" content=\"summary_large_image\" \/>\n<meta name=\"twitter:creator\" content=\"@eldiario_net\" \/>\n<meta name=\"twitter:site\" content=\"@eldiario_net\" \/>\n<meta name=\"twitter:label1\" content=\"Escrito por\" \/>\n\t<meta name=\"twitter:data1\" content=\"Jeanette\" \/>\n\t<meta name=\"twitter:label2\" content=\"Tiempo de lectura\" \/>\n\t<meta name=\"twitter:data2\" content=\"5 minutos\" \/>\n<script type=\"application\/ld+json\" class=\"yoast-schema-graph\">{\"@context\":\"https:\\\/\\\/schema.org\",\"@graph\":[{\"@type\":\"Article\",\"@id\":\"https:\\\/\\\/www.eldiario.net\\\/portal\\\/2024\\\/04\\\/07\\\/en-su-46-aniversario-colegio-jose-carrasco-impulsa-el-area-automotriz\\\/#article\",\"isPartOf\":{\"@id\":\"https:\\\/\\\/www.eldiario.net\\\/portal\\\/2024\\\/04\\\/07\\\/en-su-46-aniversario-colegio-jose-carrasco-impulsa-el-area-automotriz\\\/\"},\"author\":{\"name\":\"Jeanette\",\"@id\":\"https:\\\/\\\/www.eldiario.net\\\/portal\\\/#\\\/schema\\\/person\\\/f46445640444750d7d753ccd04ae01b7\"},\"headline\":\"En su 46 aniversario colegio Jos\u00e9 Carrasco impulsa el \u00e1rea automotriz\",\"datePublished\":\"2024-04-07T11:16:13+00:00\",\"mainEntityOfPage\":{\"@id\":\"https:\\\/\\\/www.eldiario.net\\\/portal\\\/2024\\\/04\\\/07\\\/en-su-46-aniversario-colegio-jose-carrasco-impulsa-el-area-automotriz\\\/\"},\"wordCount\":1010,\"commentCount\":0,\"publisher\":{\"@id\":\"https:\\\/\\\/www.eldiario.net\\\/portal\\\/#organization\"},\"image\":{\"@id\":\"https:\\\/\\\/www.eldiario.net\\\/portal\\\/2024\\\/04\\\/07\\\/en-su-46-aniversario-colegio-jose-carrasco-impulsa-el-area-automotriz\\\/#primaryimage\"},\"thumbnailUrl\":\"https:\\\/\\\/www.eldiario.net\\\/portal\\\/wp-content\\\/uploads\\\/2024\\\/04\\\/F-1-colegio-scaled.jpg\",\"articleSection\":[\"Nacional\"],\"inLanguage\":\"es\",\"potentialAction\":[{\"@type\":\"CommentAction\",\"name\":\"Comment\",\"target\":[\"https:\\\/\\\/www.eldiario.net\\\/portal\\\/2024\\\/04\\\/07\\\/en-su-46-aniversario-colegio-jose-carrasco-impulsa-el-area-automotriz\\\/#respond\"]}]},{\"@type\":\"WebPage\",\"@id\":\"https:\\\/\\\/www.eldiario.net\\\/portal\\\/2024\\\/04\\\/07\\\/en-su-46-aniversario-colegio-jose-carrasco-impulsa-el-area-automotriz\\\/\",\"url\":\"https:\\\/\\\/www.eldiario.net\\\/portal\\\/2024\\\/04\\\/07\\\/en-su-46-aniversario-colegio-jose-carrasco-impulsa-el-area-automotriz\\\/\",\"name\":\"En su 46 aniversario colegio Jos\u00e9 Carrasco impulsa el \u00e1rea automotriz - El Diario - Bolivia\",\"isPartOf\":{\"@id\":\"https:\\\/\\\/www.eldiario.net\\\/portal\\\/#website\"},\"primaryImageOfPage\":{\"@id\":\"https:\\\/\\\/www.eldiario.net\\\/portal\\\/2024\\\/04\\\/07\\\/en-su-46-aniversario-colegio-jose-carrasco-impulsa-el-area-automotriz\\\/#primaryimage\"},\"image\":{\"@id\":\"https:\\\/\\\/www.eldiario.net\\\/portal\\\/2024\\\/04\\\/07\\\/en-su-46-aniversario-colegio-jose-carrasco-impulsa-el-area-automotriz\\\/#primaryimage\"},\"thumbnailUrl\":\"https:\\\/\\\/www.eldiario.net\\\/portal\\\/wp-content\\\/uploads\\\/2024\\\/04\\\/F-1-colegio-scaled.jpg\",\"datePublished\":\"2024-04-07T11:16:13+00:00\",\"breadcrumb\":{\"@id\":\"https:\\\/\\\/www.eldiario.net\\\/portal\\\/2024\\\/04\\\/07\\\/en-su-46-aniversario-colegio-jose-carrasco-impulsa-el-area-automotriz\\\/#breadcrumb\"},\"inLanguage\":\"es\",\"potentialAction\":[{\"@type\":\"ReadAction\",\"target\":[\"https:\\\/\\\/www.eldiario.net\\\/portal\\\/2024\\\/04\\\/07\\\/en-su-46-aniversario-colegio-jose-carrasco-impulsa-el-area-automotriz\\\/\"]}]},{\"@type\":\"ImageObject\",\"inLanguage\":\"es\",\"@id\":\"https:\\\/\\\/www.eldiario.net\\\/portal\\\/2024\\\/04\\\/07\\\/en-su-46-aniversario-colegio-jose-carrasco-impulsa-el-area-automotriz\\\/#primaryimage\",\"url\":\"https:\\\/\\\/www.eldiario.net\\\/portal\\\/wp-content\\\/uploads\\\/2024\\\/04\\\/F-1-colegio-scaled.jpg\",\"contentUrl\":\"https:\\\/\\\/www.eldiario.net\\\/portal\\\/wp-content\\\/uploads\\\/2024\\\/04\\\/F-1-colegio-scaled.jpg\",\"width\":2560,\"height\":1708,\"caption\":\"El plantel docente junto con los estudiantes de la unidad educativa rural.\"},{\"@type\":\"BreadcrumbList\",\"@id\":\"https:\\\/\\\/www.eldiario.net\\\/portal\\\/2024\\\/04\\\/07\\\/en-su-46-aniversario-colegio-jose-carrasco-impulsa-el-area-automotriz\\\/#breadcrumb\",\"itemListElement\":[{\"@type\":\"ListItem\",\"position\":1,\"name\":\"Portada\",\"item\":\"https:\\\/\\\/www.eldiario.net\\\/portal\\\/\"},{\"@type\":\"ListItem\",\"position\":2,\"name\":\"En su 46 aniversario colegio Jos\u00e9 Carrasco impulsa el \u00e1rea automotriz\"}]},{\"@type\":\"WebSite\",\"@id\":\"https:\\\/\\\/www.eldiario.net\\\/portal\\\/#website\",\"url\":\"https:\\\/\\\/www.eldiario.net\\\/portal\\\/\",\"name\":\"El Diario - Decano de la prensa nacional\",\"description\":\"El Diario - Decano de la prensa nacional\",\"publisher\":{\"@id\":\"https:\\\/\\\/www.eldiario.net\\\/portal\\\/#organization\"},\"potentialAction\":[{\"@type\":\"SearchAction\",\"target\":{\"@type\":\"EntryPoint\",\"urlTemplate\":\"https:\\\/\\\/www.eldiario.net\\\/portal\\\/?s={search_term_string}\"},\"query-input\":{\"@type\":\"PropertyValueSpecification\",\"valueRequired\":true,\"valueName\":\"search_term_string\"}}],\"inLanguage\":\"es\"},{\"@type\":\"Organization\",\"@id\":\"https:\\\/\\\/www.eldiario.net\\\/portal\\\/#organization\",\"name\":\"El Diario - Decano de la prensa nacional\",\"url\":\"https:\\\/\\\/www.eldiario.net\\\/portal\\\/\",\"logo\":{\"@type\":\"ImageObject\",\"inLanguage\":\"es\",\"@id\":\"https:\\\/\\\/www.eldiario.net\\\/portal\\\/#\\\/schema\\\/logo\\\/image\\\/\",\"url\":\"https:\\\/\\\/www.eldiario.net\\\/portal\\\/wp-content\\\/uploads\\\/2023\\\/07\\\/logo_ED.jpg\",\"contentUrl\":\"https:\\\/\\\/www.eldiario.net\\\/portal\\\/wp-content\\\/uploads\\\/2023\\\/07\\\/logo_ED.jpg\",\"width\":272,\"height\":52,\"caption\":\"El Diario - Decano de la prensa nacional\"},\"image\":{\"@id\":\"https:\\\/\\\/www.eldiario.net\\\/portal\\\/#\\\/schema\\\/logo\\\/image\\\/\"},\"sameAs\":[\"https:\\\/\\\/www.facebook.com\\\/eldiario.bolivia\\\/\",\"https:\\\/\\\/x.com\\\/eldiario_net\"]},{\"@type\":\"Person\",\"@id\":\"https:\\\/\\\/www.eldiario.net\\\/portal\\\/#\\\/schema\\\/person\\\/f46445640444750d7d753ccd04ae01b7\",\"name\":\"Jeanette\",\"image\":{\"@type\":\"ImageObject\",\"inLanguage\":\"es\",\"@id\":\"https:\\\/\\\/secure.gravatar.com\\\/avatar\\\/3ea2118a5f7dad2b7138b1187a6b7ee55f160b9968b66013c3a3ef39dd7e5798?s=96&d=mm&r=g\",\"url\":\"https:\\\/\\\/secure.gravatar.com\\\/avatar\\\/3ea2118a5f7dad2b7138b1187a6b7ee55f160b9968b66013c3a3ef39dd7e5798?s=96&d=mm&r=g\",\"contentUrl\":\"https:\\\/\\\/secure.gravatar.com\\\/avatar\\\/3ea2118a5f7dad2b7138b1187a6b7ee55f160b9968b66013c3a3ef39dd7e5798?s=96&d=mm&r=g\",\"caption\":\"Jeanette\"},\"sameAs\":[\"https:\\\/\\\/www.eldiario.net\\\/portal\"],\"url\":\"https:\\\/\\\/www.eldiario.net\\\/portal\\\/author\\\/jeanette\\\/\"}]}<\/script>\n<!-- \/ Yoast SEO plugin. -->","yoast_head_json":{"title":"En su 46 aniversario colegio Jos\u00e9 Carrasco impulsa el \u00e1rea automotriz - El Diario - Bolivia","robots":{"index":"index","follow":"follow","max-snippet":"max-snippet:-1","max-image-preview":"max-image-preview:large","max-video-preview":"max-video-preview:-1"},"canonical":"https:\/\/www.eldiario.net\/portal\/2024\/04\/07\/en-su-46-aniversario-colegio-jose-carrasco-impulsa-el-area-automotriz\/","og_locale":"es_ES","og_type":"article","og_title":"En su 46 aniversario colegio Jos\u00e9 Carrasco impulsa el \u00e1rea automotriz - El Diario - Bolivia","og_description":"La Unidad Educativa T\u00e9cnico Human\u00edstico Jos\u00e9 Carrasco Torrico celebr\u00f3 sus 46 a\u00f1os de creaci\u00f3n y formaci\u00f3n a j\u00f3venes de la poblaci\u00f3n Kalla Baja, ubicada en el municipio Jes\u00fas de Machaca de la provincia Ingavi del departamento de La Paz. El colegio lleva en alto el nombre del fundador de EL DIARIO. \u201cRepresentantes de la unidad [&hellip;]","og_url":"https:\/\/www.eldiario.net\/portal\/2024\/04\/07\/en-su-46-aniversario-colegio-jose-carrasco-impulsa-el-area-automotriz\/","og_site_name":"El Diario - Bolivia","article_publisher":"https:\/\/www.facebook.com\/eldiario.bolivia\/","article_published_time":"2024-04-07T11:16:13+00:00","og_image":[{"width":2560,"height":1708,"url":"https:\/\/www.eldiario.net\/portal\/wp-content\/uploads\/2024\/04\/F-1-colegio-scaled.jpg","type":"image\/jpeg"}],"author":"Jeanette","twitter_card":"summary_large_image","twitter_creator":"@eldiario_net","twitter_site":"@eldiario_net","twitter_misc":{"Escrito por":"Jeanette","Tiempo de lectura":"5 minutos"},"schema":{"@context":"https:\/\/schema.org","@graph":[{"@type":"Article","@id":"https:\/\/www.eldiario.net\/portal\/2024\/04\/07\/en-su-46-aniversario-colegio-jose-carrasco-impulsa-el-area-automotriz\/#article","isPartOf":{"@id":"https:\/\/www.eldiario.net\/portal\/2024\/04\/07\/en-su-46-aniversario-colegio-jose-carrasco-impulsa-el-area-automotriz\/"},"author":{"name":"Jeanette","@id":"https:\/\/www.eldiario.net\/portal\/#\/schema\/person\/f46445640444750d7d753ccd04ae01b7"},"headline":"En su 46 aniversario colegio Jos\u00e9 Carrasco impulsa el \u00e1rea automotriz","datePublished":"2024-04-07T11:16:13+00:00","mainEntityOfPage":{"@id":"https:\/\/www.eldiario.net\/portal\/2024\/04\/07\/en-su-46-aniversario-colegio-jose-carrasco-impulsa-el-area-automotriz\/"},"wordCount":1010,"commentCount":0,"publisher":{"@id":"https:\/\/www.eldiario.net\/portal\/#organization"},"image":{"@id":"https:\/\/www.eldiario.net\/portal\/2024\/04\/07\/en-su-46-aniversario-colegio-jose-carrasco-impulsa-el-area-automotriz\/#primaryimage"},"thumbnailUrl":"https:\/\/www.eldiario.net\/portal\/wp-content\/uploads\/2024\/04\/F-1-colegio-scaled.jpg","articleSection":["Nacional"],"inLanguage":"es","potentialAction":[{"@type":"CommentAction","name":"Comment","target":["https:\/\/www.eldiario.net\/portal\/2024\/04\/07\/en-su-46-aniversario-colegio-jose-carrasco-impulsa-el-area-automotriz\/#respond"]}]},{"@type":"WebPage","@id":"https:\/\/www.eldiario.net\/portal\/2024\/04\/07\/en-su-46-aniversario-colegio-jose-carrasco-impulsa-el-area-automotriz\/","url":"https:\/\/www.eldiario.net\/portal\/2024\/04\/07\/en-su-46-aniversario-colegio-jose-carrasco-impulsa-el-area-automotriz\/","name":"En su 46 aniversario colegio Jos\u00e9 Carrasco impulsa el \u00e1rea automotriz - El Diario - Bolivia","isPartOf":{"@id":"https:\/\/www.eldiario.net\/portal\/#website"},"primaryImageOfPage":{"@id":"https:\/\/www.eldiario.net\/portal\/2024\/04\/07\/en-su-46-aniversario-colegio-jose-carrasco-impulsa-el-area-automotriz\/#primaryimage"},"image":{"@id":"https:\/\/www.eldiario.net\/portal\/2024\/04\/07\/en-su-46-aniversario-colegio-jose-carrasco-impulsa-el-area-automotriz\/#primaryimage"},"thumbnailUrl":"https:\/\/www.eldiario.net\/portal\/wp-content\/uploads\/2024\/04\/F-1-colegio-scaled.jpg","datePublished":"2024-04-07T11:16:13+00:00","breadcrumb":{"@id":"https:\/\/www.eldiario.net\/portal\/2024\/04\/07\/en-su-46-aniversario-colegio-jose-carrasco-impulsa-el-area-automotriz\/#breadcrumb"},"inLanguage":"es","potentialAction":[{"@type":"ReadAction","target":["https:\/\/www.eldiario.net\/portal\/2024\/04\/07\/en-su-46-aniversario-colegio-jose-carrasco-impulsa-el-area-automotriz\/"]}]},{"@type":"ImageObject","inLanguage":"es","@id":"https:\/\/www.eldiario.net\/portal\/2024\/04\/07\/en-su-46-aniversario-colegio-jose-carrasco-impulsa-el-area-automotriz\/#primaryimage","url":"https:\/\/www.eldiario.net\/portal\/wp-content\/uploads\/2024\/04\/F-1-colegio-scaled.jpg","contentUrl":"https:\/\/www.eldiario.net\/portal\/wp-content\/uploads\/2024\/04\/F-1-colegio-scaled.jpg","width":2560,"height":1708,"caption":"El plantel docente junto con los estudiantes de la unidad educativa rural."},{"@type":"BreadcrumbList","@id":"https:\/\/www.eldiario.net\/portal\/2024\/04\/07\/en-su-46-aniversario-colegio-jose-carrasco-impulsa-el-area-automotriz\/#breadcrumb","itemListElement":[{"@type":"ListItem","position":1,"name":"Portada","item":"https:\/\/www.eldiario.net\/portal\/"},{"@type":"ListItem","position":2,"name":"En su 46 aniversario colegio Jos\u00e9 Carrasco impulsa el \u00e1rea automotriz"}]},{"@type":"WebSite","@id":"https:\/\/www.eldiario.net\/portal\/#website","url":"https:\/\/www.eldiario.net\/portal\/","name":"El Diario - Decano de la prensa nacional","description":"El Diario - Decano de la prensa nacional","publisher":{"@id":"https:\/\/www.eldiario.net\/portal\/#organization"},"potentialAction":[{"@type":"SearchAction","target":{"@type":"EntryPoint","urlTemplate":"https:\/\/www.eldiario.net\/portal\/?s={search_term_string}"},"query-input":{"@type":"PropertyValueSpecification","valueRequired":true,"valueName":"search_term_string"}}],"inLanguage":"es"},{"@type":"Organization","@id":"https:\/\/www.eldiario.net\/portal\/#organization","name":"El Diario - Decano de la prensa nacional","url":"https:\/\/www.eldiario.net\/portal\/","logo":{"@type":"ImageObject","inLanguage":"es","@id":"https:\/\/www.eldiario.net\/portal\/#\/schema\/logo\/image\/","url":"https:\/\/www.eldiario.net\/portal\/wp-content\/uploads\/2023\/07\/logo_ED.jpg","contentUrl":"https:\/\/www.eldiario.net\/portal\/wp-content\/uploads\/2023\/07\/logo_ED.jpg","width":272,"height":52,"caption":"El Diario - Decano de la prensa nacional"},"image":{"@id":"https:\/\/www.eldiario.net\/portal\/#\/schema\/logo\/image\/"},"sameAs":["https:\/\/www.facebook.com\/eldiario.bolivia\/","https:\/\/x.com\/eldiario_net"]},{"@type":"Person","@id":"https:\/\/www.eldiario.net\/portal\/#\/schema\/person\/f46445640444750d7d753ccd04ae01b7","name":"Jeanette","image":{"@type":"ImageObject","inLanguage":"es","@id":"https:\/\/secure.gravatar.com\/avatar\/3ea2118a5f7dad2b7138b1187a6b7ee55f160b9968b66013c3a3ef39dd7e5798?s=96&d=mm&r=g","url":"https:\/\/secure.gravatar.com\/avatar\/3ea2118a5f7dad2b7138b1187a6b7ee55f160b9968b66013c3a3ef39dd7e5798?s=96&d=mm&r=g","contentUrl":"https:\/\/secure.gravatar.com\/avatar\/3ea2118a5f7dad2b7138b1187a6b7ee55f160b9968b66013c3a3ef39dd7e5798?s=96&d=mm&r=g","caption":"Jeanette"},"sameAs":["https:\/\/www.eldiario.net\/portal"],"url":"https:\/\/www.eldiario.net\/portal\/author\/jeanette\/"}]}},"_links":{"self":[{"href":"https:\/\/www.eldiario.net\/portal\/wp-json\/wp\/v2\/posts\/212788","targetHints":{"allow":["GET"]}}],"collection":[{"href":"https:\/\/www.eldiario.net\/portal\/wp-json\/wp\/v2\/posts"}],"about":[{"href":"https:\/\/www.eldiario.net\/portal\/wp-json\/wp\/v2\/types\/post"}],"author":[{"embeddable":true,"href":"https:\/\/www.eldiario.net\/portal\/wp-json\/wp\/v2\/users\/1"}],"replies":[{"embeddable":true,"href":"https:\/\/www.eldiario.net\/portal\/wp-json\/wp\/v2\/comments?post=212788"}],"version-history":[{"count":1,"href":"https:\/\/www.eldiario.net\/portal\/wp-json\/wp\/v2\/posts\/212788\/revisions"}],"predecessor-version":[{"id":212792,"href":"https:\/\/www.eldiario.net\/portal\/wp-json\/wp\/v2\/posts\/212788\/revisions\/212792"}],"wp:featuredmedia":[{"embeddable":true,"href":"https:\/\/www.eldiario.net\/portal\/wp-json\/wp\/v2\/media\/212789"}],"wp:attachment":[{"href":"https:\/\/www.eldiario.net\/portal\/wp-json\/wp\/v2\/media?parent=212788"}],"wp:term":[{"taxonomy":"category","embeddable":true,"href":"https:\/\/www.eldiario.net\/portal\/wp-json\/wp\/v2\/categories?post=212788"},{"taxonomy":"post_tag","embeddable":true,"href":"https:\/\/www.eldiario.net\/portal\/wp-json\/wp\/v2\/tags?post=212788"}],"curies":[{"name":"wp","href":"https:\/\/api.w.org\/{rel}","templated":true}]}}