{"id":212785,"date":"2024-04-07T07:13:01","date_gmt":"2024-04-07T11:13:01","guid":{"rendered":"https:\/\/www.eldiario.net\/portal\/?p=212785"},"modified":"2024-04-07T07:13:01","modified_gmt":"2024-04-07T11:13:01","slug":"trabajadores-en-salud-anuncian-paro-de-72-horas-para-9-10-y-11","status":"publish","type":"post","link":"https:\/\/www.eldiario.net\/portal\/2024\/04\/07\/trabajadores-en-salud-anuncian-paro-de-72-horas-para-9-10-y-11\/","title":{"rendered":"Trabajadores en salud anuncian  paro de 72 horas para 9, 10 y 11"},"content":{"rendered":"<p>La Comisi\u00f3n Nacional de Salud (Conasa) anunci\u00f3 un paro nacional y movilizado de 72 horas para los d\u00edas 9, 10 y 11 de abril en rechazo al proyecto de ley 035 que contempla, a su entender, la jubilaci\u00f3n forzosa. La radicalizaci\u00f3n de sus medidas fue asumida luego de la asamblea de representantes y advierten que, de no ser escuchados, tomar\u00e1n otras medidas.<br \/>\n\u201cConvocar al paro nacional y movilizado de 72 horas para los d\u00edas 9, 10 y 11 de abril del 2024 y declarar que, en caso de no ser atendidos en nuestras demandas, nos reservamos el derecho de radicalizar nuestras medidas de presi\u00f3n; bajo absoluta responsabilidad del Gobierno Nacional\u201d, se lee en la resoluci\u00f3n presentada por Conasa.<br \/>\nLa medida fue asumida en una conferencia realizada tras dos d\u00edas de paro y movilizaciones en las calles. El sector exige una reuni\u00f3n con el presidente del Estado, Luis Arce Catacora, y no descartan masificar sus movilizaciones.<br \/>\nAdem\u00e1s, se detalla que se coordinar\u00e1 con los sectores e instituciones que tambi\u00e9n est\u00e1n en contra del proyecto de ley; que, seg\u00fan ellos, determina una jubilaci\u00f3n forzosa a los 65 a\u00f1os.<br \/>\nTambi\u00e9n convocan a una reuni\u00f3n de evaluaci\u00f3n y coordinaci\u00f3n posterior al paro para el d\u00eda viernes 12 de abril, en la ciudad de Santa Cruz, en la que participar\u00e1n todos los colegios m\u00e9dicos del pa\u00eds, federaciones y sindicatos.<br \/>\nAl respecto, el representante de la Federaci\u00f3n de Sindicatos de Ramas M\u00e9dicas de Salud P\u00fablica de Bolivia (Fesirmes), Omar Gandarilla, manifest\u00f3 que esta acci\u00f3n es una respuesta contundente ante la falta de soluciones por parte de las autoridades. \u201cSi los ministros no pueden resolver un problema de este tipo, tiene que ser la m\u00e1xima autoridad del pa\u00eds quien tome cartas en el asunto\u201d, afirm\u00f3.<br \/>\nAdem\u00e1s, reiter\u00f3 que el proyecto de ley en cuesti\u00f3n, afectar\u00eda a los trabajadores de la salud, varios con una vasta experiencia, y dejar\u00edan de trabajar en caso de que la normativa entre en vigor.<br \/>\nEl Proyecto de Ley 035, que plantea la modificaci\u00f3n de los L\u00edmite Solidarios de la Pensi\u00f3n Solidaria de Vejez, se encuentra en la Asamblea Legislativa. El 25 de enero fue aprobada por la comisi\u00f3n de Planificaci\u00f3n, Pol\u00edtica y Finanzas de la C\u00e1mara de Diputados; y se espera su tratamiento en el pleno camaral.<br \/>\nDe acuerdo con los movilizados, la norma pretende jubilar de manera obligatoria a los trabajadores a los 65 a\u00f1os. Sin embargo, el Gobierno asegura que el proyecto busca proteger la seguridad de los trabajadores y que a esa edad se hagan un examen m\u00e9dico para establecer la condici\u00f3n de salud de los trabajadores.<br \/>\nHecho que tambi\u00e9n los m\u00e9dicos e incluso maestros cuestionan, ya que la norma excluye a sectores como los legisladores a realizarse esta prueba.<\/p>\n","protected":false},"excerpt":{"rendered":"<p>La Comisi\u00f3n Nacional de Salud (Conasa) anunci\u00f3 un paro nacional y movilizado de 72 horas para los d\u00edas 9, 10 y 11 de abril en rechazo al proyecto de ley 035 que contempla, a su entender, la jubilaci\u00f3n forzosa. La radicalizaci\u00f3n de sus medidas fue asumida luego de la asamblea de representantes y advierten que, [&hellip;]<\/p>\n","protected":false},"author":1,"featured_media":212786,"comment_status":"open","ping_status":"open","sticky":false,"template":"","format":"standard","meta":{"_acf_changed":false,"footnotes":""},"categories":[12],"tags":[],"class_list":["post-212785","post","type-post","status-publish","format-standard","has-post-thumbnail","category-nacional"],"acf":{"antetitulo":""},"yoast_head":"<!-- This site is optimized with the Yoast SEO plugin v28.3 - https:\/\/yoast.com\/product\/yoast-seo-wordpress\/ -->\n<title>Trabajadores en salud anuncian paro de 72 horas para 9, 10 y 11 - El Diario - Bolivia<\/title>\n<meta name=\"robots\" content=\"index, follow, max-snippet:-1, max-image-preview:large, max-video-preview:-1\" \/>\n<link rel=\"canonical\" href=\"https:\/\/www.eldiario.net\/portal\/2024\/04\/07\/trabajadores-en-salud-anuncian-paro-de-72-horas-para-9-10-y-11\/\" \/>\n<meta property=\"og:locale\" content=\"es_ES\" \/>\n<meta property=\"og:type\" content=\"article\" \/>\n<meta property=\"og:title\" content=\"Trabajadores en salud anuncian paro de 72 horas para 9, 10 y 11 - El Diario - Bolivia\" \/>\n<meta property=\"og:description\" content=\"La Comisi\u00f3n Nacional de Salud (Conasa) anunci\u00f3 un paro nacional y movilizado de 72 horas para los d\u00edas 9, 10 y 11 de abril en rechazo al proyecto de ley 035 que contempla, a su entender, la jubilaci\u00f3n forzosa. La radicalizaci\u00f3n de sus medidas fue asumida luego de la asamblea de representantes y advierten que, [&hellip;]\" \/>\n<meta property=\"og:url\" content=\"https:\/\/www.eldiario.net\/portal\/2024\/04\/07\/trabajadores-en-salud-anuncian-paro-de-72-horas-para-9-10-y-11\/\" \/>\n<meta property=\"og:site_name\" content=\"El Diario - Bolivia\" \/>\n<meta property=\"article:publisher\" content=\"https:\/\/www.facebook.com\/eldiario.bolivia\/\" \/>\n<meta property=\"article:published_time\" content=\"2024-04-07T11:13:01+00:00\" \/>\n<meta property=\"og:image\" content=\"https:\/\/www.eldiario.net\/portal\/wp-content\/uploads\/2024\/04\/F-4-paro.jpg\" \/>\n\t<meta property=\"og:image:width\" content=\"1280\" \/>\n\t<meta property=\"og:image:height\" content=\"853\" \/>\n\t<meta property=\"og:image:type\" content=\"image\/jpeg\" \/>\n<meta name=\"author\" content=\"Jeanette\" \/>\n<meta name=\"twitter:card\" content=\"summary_large_image\" \/>\n<meta name=\"twitter:creator\" content=\"@eldiario_net\" \/>\n<meta name=\"twitter:site\" content=\"@eldiario_net\" \/>\n<meta name=\"twitter:label1\" content=\"Escrito por\" \/>\n\t<meta name=\"twitter:data1\" content=\"Jeanette\" \/>\n\t<meta name=\"twitter:label2\" content=\"Tiempo de lectura\" \/>\n\t<meta name=\"twitter:data2\" content=\"3 minutos\" \/>\n<script type=\"application\/ld+json\" class=\"yoast-schema-graph\">{\"@context\":\"https:\\\/\\\/schema.org\",\"@graph\":[{\"@type\":\"Article\",\"@id\":\"https:\\\/\\\/www.eldiario.net\\\/portal\\\/2024\\\/04\\\/07\\\/trabajadores-en-salud-anuncian-paro-de-72-horas-para-9-10-y-11\\\/#article\",\"isPartOf\":{\"@id\":\"https:\\\/\\\/www.eldiario.net\\\/portal\\\/2024\\\/04\\\/07\\\/trabajadores-en-salud-anuncian-paro-de-72-horas-para-9-10-y-11\\\/\"},\"author\":{\"name\":\"Jeanette\",\"@id\":\"https:\\\/\\\/www.eldiario.net\\\/portal\\\/#\\\/schema\\\/person\\\/f46445640444750d7d753ccd04ae01b7\"},\"headline\":\"Trabajadores en salud anuncian paro de 72 horas para 9, 10 y 11\",\"datePublished\":\"2024-04-07T11:13:01+00:00\",\"mainEntityOfPage\":{\"@id\":\"https:\\\/\\\/www.eldiario.net\\\/portal\\\/2024\\\/04\\\/07\\\/trabajadores-en-salud-anuncian-paro-de-72-horas-para-9-10-y-11\\\/\"},\"wordCount\":491,\"commentCount\":0,\"publisher\":{\"@id\":\"https:\\\/\\\/www.eldiario.net\\\/portal\\\/#organization\"},\"image\":{\"@id\":\"https:\\\/\\\/www.eldiario.net\\\/portal\\\/2024\\\/04\\\/07\\\/trabajadores-en-salud-anuncian-paro-de-72-horas-para-9-10-y-11\\\/#primaryimage\"},\"thumbnailUrl\":\"https:\\\/\\\/www.eldiario.net\\\/portal\\\/wp-content\\\/uploads\\\/2024\\\/04\\\/F-4-paro.jpg\",\"articleSection\":[\"Nacional\"],\"inLanguage\":\"es\",\"potentialAction\":[{\"@type\":\"CommentAction\",\"name\":\"Comment\",\"target\":[\"https:\\\/\\\/www.eldiario.net\\\/portal\\\/2024\\\/04\\\/07\\\/trabajadores-en-salud-anuncian-paro-de-72-horas-para-9-10-y-11\\\/#respond\"]}]},{\"@type\":\"WebPage\",\"@id\":\"https:\\\/\\\/www.eldiario.net\\\/portal\\\/2024\\\/04\\\/07\\\/trabajadores-en-salud-anuncian-paro-de-72-horas-para-9-10-y-11\\\/\",\"url\":\"https:\\\/\\\/www.eldiario.net\\\/portal\\\/2024\\\/04\\\/07\\\/trabajadores-en-salud-anuncian-paro-de-72-horas-para-9-10-y-11\\\/\",\"name\":\"Trabajadores en salud anuncian paro de 72 horas para 9, 10 y 11 - El Diario - Bolivia\",\"isPartOf\":{\"@id\":\"https:\\\/\\\/www.eldiario.net\\\/portal\\\/#website\"},\"primaryImageOfPage\":{\"@id\":\"https:\\\/\\\/www.eldiario.net\\\/portal\\\/2024\\\/04\\\/07\\\/trabajadores-en-salud-anuncian-paro-de-72-horas-para-9-10-y-11\\\/#primaryimage\"},\"image\":{\"@id\":\"https:\\\/\\\/www.eldiario.net\\\/portal\\\/2024\\\/04\\\/07\\\/trabajadores-en-salud-anuncian-paro-de-72-horas-para-9-10-y-11\\\/#primaryimage\"},\"thumbnailUrl\":\"https:\\\/\\\/www.eldiario.net\\\/portal\\\/wp-content\\\/uploads\\\/2024\\\/04\\\/F-4-paro.jpg\",\"datePublished\":\"2024-04-07T11:13:01+00:00\",\"breadcrumb\":{\"@id\":\"https:\\\/\\\/www.eldiario.net\\\/portal\\\/2024\\\/04\\\/07\\\/trabajadores-en-salud-anuncian-paro-de-72-horas-para-9-10-y-11\\\/#breadcrumb\"},\"inLanguage\":\"es\",\"potentialAction\":[{\"@type\":\"ReadAction\",\"target\":[\"https:\\\/\\\/www.eldiario.net\\\/portal\\\/2024\\\/04\\\/07\\\/trabajadores-en-salud-anuncian-paro-de-72-horas-para-9-10-y-11\\\/\"]}]},{\"@type\":\"ImageObject\",\"inLanguage\":\"es\",\"@id\":\"https:\\\/\\\/www.eldiario.net\\\/portal\\\/2024\\\/04\\\/07\\\/trabajadores-en-salud-anuncian-paro-de-72-horas-para-9-10-y-11\\\/#primaryimage\",\"url\":\"https:\\\/\\\/www.eldiario.net\\\/portal\\\/wp-content\\\/uploads\\\/2024\\\/04\\\/F-4-paro.jpg\",\"contentUrl\":\"https:\\\/\\\/www.eldiario.net\\\/portal\\\/wp-content\\\/uploads\\\/2024\\\/04\\\/F-4-paro.jpg\",\"width\":1280,\"height\":853,\"caption\":\"Representantes de la Conasa durante una conferencia de prensa.\"},{\"@type\":\"BreadcrumbList\",\"@id\":\"https:\\\/\\\/www.eldiario.net\\\/portal\\\/2024\\\/04\\\/07\\\/trabajadores-en-salud-anuncian-paro-de-72-horas-para-9-10-y-11\\\/#breadcrumb\",\"itemListElement\":[{\"@type\":\"ListItem\",\"position\":1,\"name\":\"Portada\",\"item\":\"https:\\\/\\\/www.eldiario.net\\\/portal\\\/\"},{\"@type\":\"ListItem\",\"position\":2,\"name\":\"Trabajadores en salud anuncian paro de 72 horas para 9, 10 y 11\"}]},{\"@type\":\"WebSite\",\"@id\":\"https:\\\/\\\/www.eldiario.net\\\/portal\\\/#website\",\"url\":\"https:\\\/\\\/www.eldiario.net\\\/portal\\\/\",\"name\":\"El Diario - Decano de la prensa nacional\",\"description\":\"El Diario - Decano de la prensa nacional\",\"publisher\":{\"@id\":\"https:\\\/\\\/www.eldiario.net\\\/portal\\\/#organization\"},\"potentialAction\":[{\"@type\":\"SearchAction\",\"target\":{\"@type\":\"EntryPoint\",\"urlTemplate\":\"https:\\\/\\\/www.eldiario.net\\\/portal\\\/?s={search_term_string}\"},\"query-input\":{\"@type\":\"PropertyValueSpecification\",\"valueRequired\":true,\"valueName\":\"search_term_string\"}}],\"inLanguage\":\"es\"},{\"@type\":\"Organization\",\"@id\":\"https:\\\/\\\/www.eldiario.net\\\/portal\\\/#organization\",\"name\":\"El Diario - Decano de la prensa nacional\",\"url\":\"https:\\\/\\\/www.eldiario.net\\\/portal\\\/\",\"logo\":{\"@type\":\"ImageObject\",\"inLanguage\":\"es\",\"@id\":\"https:\\\/\\\/www.eldiario.net\\\/portal\\\/#\\\/schema\\\/logo\\\/image\\\/\",\"url\":\"https:\\\/\\\/www.eldiario.net\\\/portal\\\/wp-content\\\/uploads\\\/2023\\\/07\\\/logo_ED.jpg\",\"contentUrl\":\"https:\\\/\\\/www.eldiario.net\\\/portal\\\/wp-content\\\/uploads\\\/2023\\\/07\\\/logo_ED.jpg\",\"width\":272,\"height\":52,\"caption\":\"El Diario - Decano de la prensa nacional\"},\"image\":{\"@id\":\"https:\\\/\\\/www.eldiario.net\\\/portal\\\/#\\\/schema\\\/logo\\\/image\\\/\"},\"sameAs\":[\"https:\\\/\\\/www.facebook.com\\\/eldiario.bolivia\\\/\",\"https:\\\/\\\/x.com\\\/eldiario_net\"]},{\"@type\":\"Person\",\"@id\":\"https:\\\/\\\/www.eldiario.net\\\/portal\\\/#\\\/schema\\\/person\\\/f46445640444750d7d753ccd04ae01b7\",\"name\":\"Jeanette\",\"image\":{\"@type\":\"ImageObject\",\"inLanguage\":\"es\",\"@id\":\"https:\\\/\\\/secure.gravatar.com\\\/avatar\\\/3ea2118a5f7dad2b7138b1187a6b7ee55f160b9968b66013c3a3ef39dd7e5798?s=96&d=mm&r=g\",\"url\":\"https:\\\/\\\/secure.gravatar.com\\\/avatar\\\/3ea2118a5f7dad2b7138b1187a6b7ee55f160b9968b66013c3a3ef39dd7e5798?s=96&d=mm&r=g\",\"contentUrl\":\"https:\\\/\\\/secure.gravatar.com\\\/avatar\\\/3ea2118a5f7dad2b7138b1187a6b7ee55f160b9968b66013c3a3ef39dd7e5798?s=96&d=mm&r=g\",\"caption\":\"Jeanette\"},\"sameAs\":[\"https:\\\/\\\/www.eldiario.net\\\/portal\"],\"url\":\"https:\\\/\\\/www.eldiario.net\\\/portal\\\/author\\\/jeanette\\\/\"}]}<\/script>\n<!-- \/ Yoast SEO plugin. -->","yoast_head_json":{"title":"Trabajadores en salud anuncian paro de 72 horas para 9, 10 y 11 - El Diario - Bolivia","robots":{"index":"index","follow":"follow","max-snippet":"max-snippet:-1","max-image-preview":"max-image-preview:large","max-video-preview":"max-video-preview:-1"},"canonical":"https:\/\/www.eldiario.net\/portal\/2024\/04\/07\/trabajadores-en-salud-anuncian-paro-de-72-horas-para-9-10-y-11\/","og_locale":"es_ES","og_type":"article","og_title":"Trabajadores en salud anuncian paro de 72 horas para 9, 10 y 11 - El Diario - Bolivia","og_description":"La Comisi\u00f3n Nacional de Salud (Conasa) anunci\u00f3 un paro nacional y movilizado de 72 horas para los d\u00edas 9, 10 y 11 de abril en rechazo al proyecto de ley 035 que contempla, a su entender, la jubilaci\u00f3n forzosa. La radicalizaci\u00f3n de sus medidas fue asumida luego de la asamblea de representantes y advierten que, [&hellip;]","og_url":"https:\/\/www.eldiario.net\/portal\/2024\/04\/07\/trabajadores-en-salud-anuncian-paro-de-72-horas-para-9-10-y-11\/","og_site_name":"El Diario - Bolivia","article_publisher":"https:\/\/www.facebook.com\/eldiario.bolivia\/","article_published_time":"2024-04-07T11:13:01+00:00","og_image":[{"width":1280,"height":853,"url":"https:\/\/www.eldiario.net\/portal\/wp-content\/uploads\/2024\/04\/F-4-paro.jpg","type":"image\/jpeg"}],"author":"Jeanette","twitter_card":"summary_large_image","twitter_creator":"@eldiario_net","twitter_site":"@eldiario_net","twitter_misc":{"Escrito por":"Jeanette","Tiempo de lectura":"3 minutos"},"schema":{"@context":"https:\/\/schema.org","@graph":[{"@type":"Article","@id":"https:\/\/www.eldiario.net\/portal\/2024\/04\/07\/trabajadores-en-salud-anuncian-paro-de-72-horas-para-9-10-y-11\/#article","isPartOf":{"@id":"https:\/\/www.eldiario.net\/portal\/2024\/04\/07\/trabajadores-en-salud-anuncian-paro-de-72-horas-para-9-10-y-11\/"},"author":{"name":"Jeanette","@id":"https:\/\/www.eldiario.net\/portal\/#\/schema\/person\/f46445640444750d7d753ccd04ae01b7"},"headline":"Trabajadores en salud anuncian paro de 72 horas para 9, 10 y 11","datePublished":"2024-04-07T11:13:01+00:00","mainEntityOfPage":{"@id":"https:\/\/www.eldiario.net\/portal\/2024\/04\/07\/trabajadores-en-salud-anuncian-paro-de-72-horas-para-9-10-y-11\/"},"wordCount":491,"commentCount":0,"publisher":{"@id":"https:\/\/www.eldiario.net\/portal\/#organization"},"image":{"@id":"https:\/\/www.eldiario.net\/portal\/2024\/04\/07\/trabajadores-en-salud-anuncian-paro-de-72-horas-para-9-10-y-11\/#primaryimage"},"thumbnailUrl":"https:\/\/www.eldiario.net\/portal\/wp-content\/uploads\/2024\/04\/F-4-paro.jpg","articleSection":["Nacional"],"inLanguage":"es","potentialAction":[{"@type":"CommentAction","name":"Comment","target":["https:\/\/www.eldiario.net\/portal\/2024\/04\/07\/trabajadores-en-salud-anuncian-paro-de-72-horas-para-9-10-y-11\/#respond"]}]},{"@type":"WebPage","@id":"https:\/\/www.eldiario.net\/portal\/2024\/04\/07\/trabajadores-en-salud-anuncian-paro-de-72-horas-para-9-10-y-11\/","url":"https:\/\/www.eldiario.net\/portal\/2024\/04\/07\/trabajadores-en-salud-anuncian-paro-de-72-horas-para-9-10-y-11\/","name":"Trabajadores en salud anuncian paro de 72 horas para 9, 10 y 11 - El Diario - Bolivia","isPartOf":{"@id":"https:\/\/www.eldiario.net\/portal\/#website"},"primaryImageOfPage":{"@id":"https:\/\/www.eldiario.net\/portal\/2024\/04\/07\/trabajadores-en-salud-anuncian-paro-de-72-horas-para-9-10-y-11\/#primaryimage"},"image":{"@id":"https:\/\/www.eldiario.net\/portal\/2024\/04\/07\/trabajadores-en-salud-anuncian-paro-de-72-horas-para-9-10-y-11\/#primaryimage"},"thumbnailUrl":"https:\/\/www.eldiario.net\/portal\/wp-content\/uploads\/2024\/04\/F-4-paro.jpg","datePublished":"2024-04-07T11:13:01+00:00","breadcrumb":{"@id":"https:\/\/www.eldiario.net\/portal\/2024\/04\/07\/trabajadores-en-salud-anuncian-paro-de-72-horas-para-9-10-y-11\/#breadcrumb"},"inLanguage":"es","potentialAction":[{"@type":"ReadAction","target":["https:\/\/www.eldiario.net\/portal\/2024\/04\/07\/trabajadores-en-salud-anuncian-paro-de-72-horas-para-9-10-y-11\/"]}]},{"@type":"ImageObject","inLanguage":"es","@id":"https:\/\/www.eldiario.net\/portal\/2024\/04\/07\/trabajadores-en-salud-anuncian-paro-de-72-horas-para-9-10-y-11\/#primaryimage","url":"https:\/\/www.eldiario.net\/portal\/wp-content\/uploads\/2024\/04\/F-4-paro.jpg","contentUrl":"https:\/\/www.eldiario.net\/portal\/wp-content\/uploads\/2024\/04\/F-4-paro.jpg","width":1280,"height":853,"caption":"Representantes de la Conasa durante una conferencia de prensa."},{"@type":"BreadcrumbList","@id":"https:\/\/www.eldiario.net\/portal\/2024\/04\/07\/trabajadores-en-salud-anuncian-paro-de-72-horas-para-9-10-y-11\/#breadcrumb","itemListElement":[{"@type":"ListItem","position":1,"name":"Portada","item":"https:\/\/www.eldiario.net\/portal\/"},{"@type":"ListItem","position":2,"name":"Trabajadores en salud anuncian paro de 72 horas para 9, 10 y 11"}]},{"@type":"WebSite","@id":"https:\/\/www.eldiario.net\/portal\/#website","url":"https:\/\/www.eldiario.net\/portal\/","name":"El Diario - Decano de la prensa nacional","description":"El Diario - Decano de la prensa nacional","publisher":{"@id":"https:\/\/www.eldiario.net\/portal\/#organization"},"potentialAction":[{"@type":"SearchAction","target":{"@type":"EntryPoint","urlTemplate":"https:\/\/www.eldiario.net\/portal\/?s={search_term_string}"},"query-input":{"@type":"PropertyValueSpecification","valueRequired":true,"valueName":"search_term_string"}}],"inLanguage":"es"},{"@type":"Organization","@id":"https:\/\/www.eldiario.net\/portal\/#organization","name":"El Diario - Decano de la prensa nacional","url":"https:\/\/www.eldiario.net\/portal\/","logo":{"@type":"ImageObject","inLanguage":"es","@id":"https:\/\/www.eldiario.net\/portal\/#\/schema\/logo\/image\/","url":"https:\/\/www.eldiario.net\/portal\/wp-content\/uploads\/2023\/07\/logo_ED.jpg","contentUrl":"https:\/\/www.eldiario.net\/portal\/wp-content\/uploads\/2023\/07\/logo_ED.jpg","width":272,"height":52,"caption":"El Diario - Decano de la prensa nacional"},"image":{"@id":"https:\/\/www.eldiario.net\/portal\/#\/schema\/logo\/image\/"},"sameAs":["https:\/\/www.facebook.com\/eldiario.bolivia\/","https:\/\/x.com\/eldiario_net"]},{"@type":"Person","@id":"https:\/\/www.eldiario.net\/portal\/#\/schema\/person\/f46445640444750d7d753ccd04ae01b7","name":"Jeanette","image":{"@type":"ImageObject","inLanguage":"es","@id":"https:\/\/secure.gravatar.com\/avatar\/3ea2118a5f7dad2b7138b1187a6b7ee55f160b9968b66013c3a3ef39dd7e5798?s=96&d=mm&r=g","url":"https:\/\/secure.gravatar.com\/avatar\/3ea2118a5f7dad2b7138b1187a6b7ee55f160b9968b66013c3a3ef39dd7e5798?s=96&d=mm&r=g","contentUrl":"https:\/\/secure.gravatar.com\/avatar\/3ea2118a5f7dad2b7138b1187a6b7ee55f160b9968b66013c3a3ef39dd7e5798?s=96&d=mm&r=g","caption":"Jeanette"},"sameAs":["https:\/\/www.eldiario.net\/portal"],"url":"https:\/\/www.eldiario.net\/portal\/author\/jeanette\/"}]}},"_links":{"self":[{"href":"https:\/\/www.eldiario.net\/portal\/wp-json\/wp\/v2\/posts\/212785","targetHints":{"allow":["GET"]}}],"collection":[{"href":"https:\/\/www.eldiario.net\/portal\/wp-json\/wp\/v2\/posts"}],"about":[{"href":"https:\/\/www.eldiario.net\/portal\/wp-json\/wp\/v2\/types\/post"}],"author":[{"embeddable":true,"href":"https:\/\/www.eldiario.net\/portal\/wp-json\/wp\/v2\/users\/1"}],"replies":[{"embeddable":true,"href":"https:\/\/www.eldiario.net\/portal\/wp-json\/wp\/v2\/comments?post=212785"}],"version-history":[{"count":1,"href":"https:\/\/www.eldiario.net\/portal\/wp-json\/wp\/v2\/posts\/212785\/revisions"}],"predecessor-version":[{"id":212787,"href":"https:\/\/www.eldiario.net\/portal\/wp-json\/wp\/v2\/posts\/212785\/revisions\/212787"}],"wp:featuredmedia":[{"embeddable":true,"href":"https:\/\/www.eldiario.net\/portal\/wp-json\/wp\/v2\/media\/212786"}],"wp:attachment":[{"href":"https:\/\/www.eldiario.net\/portal\/wp-json\/wp\/v2\/media?parent=212785"}],"wp:term":[{"taxonomy":"category","embeddable":true,"href":"https:\/\/www.eldiario.net\/portal\/wp-json\/wp\/v2\/categories?post=212785"},{"taxonomy":"post_tag","embeddable":true,"href":"https:\/\/www.eldiario.net\/portal\/wp-json\/wp\/v2\/tags?post=212785"}],"curies":[{"name":"wp","href":"https:\/\/api.w.org\/{rel}","templated":true}]}}