{"id":212777,"date":"2024-04-07T07:10:14","date_gmt":"2024-04-07T11:10:14","guid":{"rendered":"https:\/\/www.eldiario.net\/portal\/?p=212777"},"modified":"2024-04-07T07:10:14","modified_gmt":"2024-04-07T11:10:14","slug":"dolar-se-fortalece-y-no-tocaran-tipo-de-cambio","status":"publish","type":"post","link":"https:\/\/www.eldiario.net\/portal\/2024\/04\/07\/dolar-se-fortalece-y-no-tocaran-tipo-de-cambio\/","title":{"rendered":"D\u00f3lar se fortalece y no  tocar\u00e1n tipo de cambio"},"content":{"rendered":"<p>A nivel mundial el d\u00f3lar gana terreno y se fortalece, esto genera preocupaci\u00f3n en los bancos centrales, que deben asumir acciones para fortalecer sus monedas locales, pero en el caso boliviano el Banco Central de Bolivia (BCB) no tiene margen de acci\u00f3n en el tipo de cambio y tampoco en la implementaci\u00f3n de pol\u00edticas monetarias no convencionales. Mientras el diario digital Bloomberg alerta que esta situaci\u00f3n puede afectar a pa\u00edses altamente endeudados, como Bolivia.<br \/>\nEl modelo econ\u00f3mico del Gobierno apuesta a dejar al mercado para que la gente pueda adquirir los d\u00f3lares que requiera, debido a que las pol\u00edticas implementadas no dieron los resultados deseados, m\u00e1s todo lo contrario apunta a continuar con el gasto y a reducir las Reservas Internacionales del BCB, financiando a las empresas p\u00fablicas.<br \/>\nLos especialistas consultados por Bloomberg, se\u00f1alan que el fortalecimiento del d\u00f3lar puso en alerta a los bancos centrales a nivel mundial y algunos ya tomaron la decisi\u00f3n de elevar las tasas de inter\u00e9s, como Turqu\u00eda.<br \/>\nMientras otros manejar\u00e1n la devaluaci\u00f3n como alternativa, pero en el caso boliviano, la situaci\u00f3n se complica con su modelo econ\u00f3mico, pues el tipo de cambio fijo, que ya tiene m\u00e1s de 12 a\u00f1os de vigencia, no se podr\u00e1 modificar.<br \/>\nEl Gobierno indic\u00f3 que el mismo no se modifica y los economistas indicaron que mover el tipo de cambio, en la actual coyuntura, no es recomendable, adem\u00e1s que no ser\u00eda una soluci\u00f3n al problema que enfrenta la econom\u00eda nacional, con la escasez del d\u00f3lar en el mercado local.<br \/>\nEl problema nace de la ca\u00edda de los ingresos de la venta del gas natural a los mercados vecinos. Los recursos que percib\u00eda el pa\u00eds hasta el 2014 alcanzaban a 6.000 millones de d\u00f3lares y el a\u00f1o pasado, apenas pasaron los 2.000 millones. Adem\u00e1s, el a\u00f1o pasado, el Gobierno presion\u00f3 para la aprobaci\u00f3n de una ley del oro para vender el 50% de las reservas, cuyos recursos se destinaron al pago de la deuda y los intereses, as\u00ed como para gasto corriente.<br \/>\nEl economista Dar\u00edo Monasterio alert\u00f3 que el gobierno seguir\u00e1 con esa din\u00e1mica de vender oro, ya que no tiene otra alternativa, y record\u00f3 que lo hizo con las reservas de oro el a\u00f1o pasado.<br \/>\nCr\u00e9ditos<br \/>\nEl Gobierno nuevamente presiona a la Asamblea a aprobar cr\u00e9ditos externos por alrededor de 1.000 millones de d\u00f3lares, que tampoco ser\u00e1n de desembolso r\u00e1pido, pero que aliviar\u00e1 en parte su falta de la divisa extranjera.<br \/>\nComo se recordar\u00e1, la deuda externa de Bolivia pasa los 13.000 millones de d\u00f3lares y que representa el 30% con respecto al Producto Interno Bruto (PIB), pero economistas preguntan que hizo el Gobierno con cr\u00e9ditos que se prestaron en los \u00faltimos dos a\u00f1os.<br \/>\nD\u00f3lar<br \/>\nEn la actualidad, los pa\u00edses sobrecargados de deuda externa contin\u00faan en situaci\u00f3n de riesgo, con Maldivas y Bolivia particularmente, vulnerables en caso de que persista la solidez del d\u00f3lar, alerta el diario Bloomberg.<br \/>\nMientras el presidente del Colegio de Economistas de Tarija, Fernando Romero, indica que el Gobierno no har\u00e1 nada de consideraci\u00f3n, para encarar el fortalecimiento del d\u00f3lar, ya que es parte de su modelo.<br \/>\n\u201cNo tocar\u00e1 el tipo de cambio, ni menos la subvenci\u00f3n\u201d, asegur\u00f3.<br \/>\nAngustia mundial por las divisas: la fortaleza del d\u00f3lar inquieta a las autoridades monetarias. El d\u00f3lar estadounidense est\u00e1 ejerciendo una mayor presi\u00f3n sobre otros bancos centrales que est\u00e1n tratando de poner fin a sus ciclos de ajustes de tasa, se\u00f1ala el medio.<br \/>\nEl repunte del d\u00f3lar de EE.UU. pone nerviosos a los responsables de la banca central y a todos los gobiernos mundiales, forz\u00e1ndoles a actuar para aliviar la tensi\u00f3n sobre sus propias divisas, asegura.<br \/>\nEn el caso boliviano, si bien la divisa escasea en el mercado nacional y en el mercado paralelo el precio es mayor al oficial, este fen\u00f3meno del fortalecimiento de la divisa estadounidense, podr\u00eda tener implicaciones en la econom\u00eda nacional, pues puede ser que se registre un alza del valor, que puedan incidir en un incremento de los productos nacionales como importados.<br \/>\nSin embargo, las medidas que implementa el Gobierno a trav\u00e9s del BCB no tienen a la fecha resultados en favor de mejorar el clima econ\u00f3mico, m\u00e1s todo lo contrario provoca incertidumbre ante la negativa de las autoridades de modificar su modelo econ\u00f3mico.<br \/>\nEl economista Gonzalo Ch\u00e1vez, en reiteradas oportunidades en sus redes sociales, recuerda que el problema de la falta de d\u00f3lares es por el gasto del Gobierno, es decir gasta como en la \u00e9poca de la bonanza econ\u00f3mica, sin tomar en cuenta la reducci\u00f3n de los ingresos por la ca\u00edda de la producci\u00f3n de gas. Por ello plantea una reducci\u00f3n del Estado.<br \/>\nAn\u00e1lisis<br \/>\nEn este a\u00f1o, el billete verde ha registrado ganancias con respecto a casi todas las principales divisas, en contra de la opini\u00f3n de muchos analistas de Wall Street que auguraban un retroceso de la moneda estadounidense, se\u00f1ala Bloomberg.<br \/>\nEsa situaci\u00f3n ha suscitado crecientes alertas desde Jap\u00f3n en cuanto a su disponibilidad a intervenir para estimular el yen, situado cerca de su nivel m\u00e1s bajo en 34 a\u00f1os, agrega.<br \/>\nPor su parte, Turqu\u00eda sorprendi\u00f3 a los mercados con un alza de su tasa de inter\u00e9s para estimular la lira (TRY), mientras que China e Indonesia han adoptado medidas para apuntalar sus divisas y Suecia e India tambi\u00e9n se hallan sometidas a presiones, complementa.<\/p>\n","protected":false},"excerpt":{"rendered":"<p>A nivel mundial el d\u00f3lar gana terreno y se fortalece, esto genera preocupaci\u00f3n en los bancos centrales, que deben asumir acciones para fortalecer sus monedas locales, pero en el caso boliviano el Banco Central de Bolivia (BCB) no tiene margen de acci\u00f3n en el tipo de cambio y tampoco en la implementaci\u00f3n de pol\u00edticas monetarias [&hellip;]<\/p>\n","protected":false},"author":1,"featured_media":212778,"comment_status":"open","ping_status":"open","sticky":false,"template":"","format":"standard","meta":{"_acf_changed":false,"footnotes":""},"categories":[7],"tags":[],"class_list":["post-212777","post","type-post","status-publish","format-standard","has-post-thumbnail","category-economia"],"acf":{"antetitulo":"Gobierno contin\u00faa con su pol\u00edtica de dejar pasar y dejar hacer"},"yoast_head":"<!-- This site is optimized with the Yoast SEO plugin v28.3 - https:\/\/yoast.com\/product\/yoast-seo-wordpress\/ -->\n<title>D\u00f3lar se fortalece y no tocar\u00e1n tipo de cambio - El Diario - Bolivia<\/title>\n<meta name=\"robots\" content=\"index, follow, max-snippet:-1, max-image-preview:large, max-video-preview:-1\" \/>\n<link rel=\"canonical\" href=\"https:\/\/www.eldiario.net\/portal\/2024\/04\/07\/dolar-se-fortalece-y-no-tocaran-tipo-de-cambio\/\" \/>\n<meta property=\"og:locale\" content=\"es_ES\" \/>\n<meta property=\"og:type\" content=\"article\" \/>\n<meta property=\"og:title\" content=\"D\u00f3lar se fortalece y no tocar\u00e1n tipo de cambio - El Diario - Bolivia\" \/>\n<meta property=\"og:description\" content=\"A nivel mundial el d\u00f3lar gana terreno y se fortalece, esto genera preocupaci\u00f3n en los bancos centrales, que deben asumir acciones para fortalecer sus monedas locales, pero en el caso boliviano el Banco Central de Bolivia (BCB) no tiene margen de acci\u00f3n en el tipo de cambio y tampoco en la implementaci\u00f3n de pol\u00edticas monetarias [&hellip;]\" \/>\n<meta property=\"og:url\" content=\"https:\/\/www.eldiario.net\/portal\/2024\/04\/07\/dolar-se-fortalece-y-no-tocaran-tipo-de-cambio\/\" \/>\n<meta property=\"og:site_name\" content=\"El Diario - Bolivia\" \/>\n<meta property=\"article:publisher\" content=\"https:\/\/www.facebook.com\/eldiario.bolivia\/\" \/>\n<meta property=\"article:published_time\" content=\"2024-04-07T11:10:14+00:00\" \/>\n<meta property=\"og:image\" content=\"https:\/\/www.eldiario.net\/portal\/wp-content\/uploads\/2024\/04\/dolar.jpg\" \/>\n\t<meta property=\"og:image:width\" content=\"300\" \/>\n\t<meta property=\"og:image:height\" content=\"168\" \/>\n\t<meta property=\"og:image:type\" content=\"image\/jpeg\" \/>\n<meta name=\"author\" content=\"Jeanette\" \/>\n<meta name=\"twitter:card\" content=\"summary_large_image\" \/>\n<meta name=\"twitter:creator\" content=\"@eldiario_net\" \/>\n<meta name=\"twitter:site\" content=\"@eldiario_net\" \/>\n<meta name=\"twitter:label1\" content=\"Escrito por\" \/>\n\t<meta name=\"twitter:data1\" content=\"Jeanette\" \/>\n\t<meta name=\"twitter:label2\" content=\"Tiempo de lectura\" \/>\n\t<meta name=\"twitter:data2\" content=\"5 minutos\" \/>\n<script type=\"application\/ld+json\" class=\"yoast-schema-graph\">{\"@context\":\"https:\\\/\\\/schema.org\",\"@graph\":[{\"@type\":\"Article\",\"@id\":\"https:\\\/\\\/www.eldiario.net\\\/portal\\\/2024\\\/04\\\/07\\\/dolar-se-fortalece-y-no-tocaran-tipo-de-cambio\\\/#article\",\"isPartOf\":{\"@id\":\"https:\\\/\\\/www.eldiario.net\\\/portal\\\/2024\\\/04\\\/07\\\/dolar-se-fortalece-y-no-tocaran-tipo-de-cambio\\\/\"},\"author\":{\"name\":\"Jeanette\",\"@id\":\"https:\\\/\\\/www.eldiario.net\\\/portal\\\/#\\\/schema\\\/person\\\/f46445640444750d7d753ccd04ae01b7\"},\"headline\":\"D\u00f3lar se fortalece y no tocar\u00e1n tipo de cambio\",\"datePublished\":\"2024-04-07T11:10:14+00:00\",\"mainEntityOfPage\":{\"@id\":\"https:\\\/\\\/www.eldiario.net\\\/portal\\\/2024\\\/04\\\/07\\\/dolar-se-fortalece-y-no-tocaran-tipo-de-cambio\\\/\"},\"wordCount\":966,\"commentCount\":0,\"publisher\":{\"@id\":\"https:\\\/\\\/www.eldiario.net\\\/portal\\\/#organization\"},\"image\":{\"@id\":\"https:\\\/\\\/www.eldiario.net\\\/portal\\\/2024\\\/04\\\/07\\\/dolar-se-fortalece-y-no-tocaran-tipo-de-cambio\\\/#primaryimage\"},\"thumbnailUrl\":\"https:\\\/\\\/www.eldiario.net\\\/portal\\\/wp-content\\\/uploads\\\/2024\\\/04\\\/dolar.jpg\",\"articleSection\":[\"Econom\u00eda\"],\"inLanguage\":\"es\",\"potentialAction\":[{\"@type\":\"CommentAction\",\"name\":\"Comment\",\"target\":[\"https:\\\/\\\/www.eldiario.net\\\/portal\\\/2024\\\/04\\\/07\\\/dolar-se-fortalece-y-no-tocaran-tipo-de-cambio\\\/#respond\"]}]},{\"@type\":\"WebPage\",\"@id\":\"https:\\\/\\\/www.eldiario.net\\\/portal\\\/2024\\\/04\\\/07\\\/dolar-se-fortalece-y-no-tocaran-tipo-de-cambio\\\/\",\"url\":\"https:\\\/\\\/www.eldiario.net\\\/portal\\\/2024\\\/04\\\/07\\\/dolar-se-fortalece-y-no-tocaran-tipo-de-cambio\\\/\",\"name\":\"D\u00f3lar se fortalece y no tocar\u00e1n tipo de cambio - El Diario - Bolivia\",\"isPartOf\":{\"@id\":\"https:\\\/\\\/www.eldiario.net\\\/portal\\\/#website\"},\"primaryImageOfPage\":{\"@id\":\"https:\\\/\\\/www.eldiario.net\\\/portal\\\/2024\\\/04\\\/07\\\/dolar-se-fortalece-y-no-tocaran-tipo-de-cambio\\\/#primaryimage\"},\"image\":{\"@id\":\"https:\\\/\\\/www.eldiario.net\\\/portal\\\/2024\\\/04\\\/07\\\/dolar-se-fortalece-y-no-tocaran-tipo-de-cambio\\\/#primaryimage\"},\"thumbnailUrl\":\"https:\\\/\\\/www.eldiario.net\\\/portal\\\/wp-content\\\/uploads\\\/2024\\\/04\\\/dolar.jpg\",\"datePublished\":\"2024-04-07T11:10:14+00:00\",\"breadcrumb\":{\"@id\":\"https:\\\/\\\/www.eldiario.net\\\/portal\\\/2024\\\/04\\\/07\\\/dolar-se-fortalece-y-no-tocaran-tipo-de-cambio\\\/#breadcrumb\"},\"inLanguage\":\"es\",\"potentialAction\":[{\"@type\":\"ReadAction\",\"target\":[\"https:\\\/\\\/www.eldiario.net\\\/portal\\\/2024\\\/04\\\/07\\\/dolar-se-fortalece-y-no-tocaran-tipo-de-cambio\\\/\"]}]},{\"@type\":\"ImageObject\",\"inLanguage\":\"es\",\"@id\":\"https:\\\/\\\/www.eldiario.net\\\/portal\\\/2024\\\/04\\\/07\\\/dolar-se-fortalece-y-no-tocaran-tipo-de-cambio\\\/#primaryimage\",\"url\":\"https:\\\/\\\/www.eldiario.net\\\/portal\\\/wp-content\\\/uploads\\\/2024\\\/04\\\/dolar.jpg\",\"contentUrl\":\"https:\\\/\\\/www.eldiario.net\\\/portal\\\/wp-content\\\/uploads\\\/2024\\\/04\\\/dolar.jpg\",\"width\":300,\"height\":168},{\"@type\":\"BreadcrumbList\",\"@id\":\"https:\\\/\\\/www.eldiario.net\\\/portal\\\/2024\\\/04\\\/07\\\/dolar-se-fortalece-y-no-tocaran-tipo-de-cambio\\\/#breadcrumb\",\"itemListElement\":[{\"@type\":\"ListItem\",\"position\":1,\"name\":\"Portada\",\"item\":\"https:\\\/\\\/www.eldiario.net\\\/portal\\\/\"},{\"@type\":\"ListItem\",\"position\":2,\"name\":\"D\u00f3lar se fortalece y no tocar\u00e1n tipo de cambio\"}]},{\"@type\":\"WebSite\",\"@id\":\"https:\\\/\\\/www.eldiario.net\\\/portal\\\/#website\",\"url\":\"https:\\\/\\\/www.eldiario.net\\\/portal\\\/\",\"name\":\"El Diario - Decano de la prensa nacional\",\"description\":\"El Diario - Decano de la prensa nacional\",\"publisher\":{\"@id\":\"https:\\\/\\\/www.eldiario.net\\\/portal\\\/#organization\"},\"potentialAction\":[{\"@type\":\"SearchAction\",\"target\":{\"@type\":\"EntryPoint\",\"urlTemplate\":\"https:\\\/\\\/www.eldiario.net\\\/portal\\\/?s={search_term_string}\"},\"query-input\":{\"@type\":\"PropertyValueSpecification\",\"valueRequired\":true,\"valueName\":\"search_term_string\"}}],\"inLanguage\":\"es\"},{\"@type\":\"Organization\",\"@id\":\"https:\\\/\\\/www.eldiario.net\\\/portal\\\/#organization\",\"name\":\"El Diario - Decano de la prensa nacional\",\"url\":\"https:\\\/\\\/www.eldiario.net\\\/portal\\\/\",\"logo\":{\"@type\":\"ImageObject\",\"inLanguage\":\"es\",\"@id\":\"https:\\\/\\\/www.eldiario.net\\\/portal\\\/#\\\/schema\\\/logo\\\/image\\\/\",\"url\":\"https:\\\/\\\/www.eldiario.net\\\/portal\\\/wp-content\\\/uploads\\\/2023\\\/07\\\/logo_ED.jpg\",\"contentUrl\":\"https:\\\/\\\/www.eldiario.net\\\/portal\\\/wp-content\\\/uploads\\\/2023\\\/07\\\/logo_ED.jpg\",\"width\":272,\"height\":52,\"caption\":\"El Diario - Decano de la prensa nacional\"},\"image\":{\"@id\":\"https:\\\/\\\/www.eldiario.net\\\/portal\\\/#\\\/schema\\\/logo\\\/image\\\/\"},\"sameAs\":[\"https:\\\/\\\/www.facebook.com\\\/eldiario.bolivia\\\/\",\"https:\\\/\\\/x.com\\\/eldiario_net\"]},{\"@type\":\"Person\",\"@id\":\"https:\\\/\\\/www.eldiario.net\\\/portal\\\/#\\\/schema\\\/person\\\/f46445640444750d7d753ccd04ae01b7\",\"name\":\"Jeanette\",\"image\":{\"@type\":\"ImageObject\",\"inLanguage\":\"es\",\"@id\":\"https:\\\/\\\/secure.gravatar.com\\\/avatar\\\/3ea2118a5f7dad2b7138b1187a6b7ee55f160b9968b66013c3a3ef39dd7e5798?s=96&d=mm&r=g\",\"url\":\"https:\\\/\\\/secure.gravatar.com\\\/avatar\\\/3ea2118a5f7dad2b7138b1187a6b7ee55f160b9968b66013c3a3ef39dd7e5798?s=96&d=mm&r=g\",\"contentUrl\":\"https:\\\/\\\/secure.gravatar.com\\\/avatar\\\/3ea2118a5f7dad2b7138b1187a6b7ee55f160b9968b66013c3a3ef39dd7e5798?s=96&d=mm&r=g\",\"caption\":\"Jeanette\"},\"sameAs\":[\"https:\\\/\\\/www.eldiario.net\\\/portal\"],\"url\":\"https:\\\/\\\/www.eldiario.net\\\/portal\\\/author\\\/jeanette\\\/\"}]}<\/script>\n<!-- \/ Yoast SEO plugin. -->","yoast_head_json":{"title":"D\u00f3lar se fortalece y no tocar\u00e1n tipo de cambio - El Diario - Bolivia","robots":{"index":"index","follow":"follow","max-snippet":"max-snippet:-1","max-image-preview":"max-image-preview:large","max-video-preview":"max-video-preview:-1"},"canonical":"https:\/\/www.eldiario.net\/portal\/2024\/04\/07\/dolar-se-fortalece-y-no-tocaran-tipo-de-cambio\/","og_locale":"es_ES","og_type":"article","og_title":"D\u00f3lar se fortalece y no tocar\u00e1n tipo de cambio - El Diario - Bolivia","og_description":"A nivel mundial el d\u00f3lar gana terreno y se fortalece, esto genera preocupaci\u00f3n en los bancos centrales, que deben asumir acciones para fortalecer sus monedas locales, pero en el caso boliviano el Banco Central de Bolivia (BCB) no tiene margen de acci\u00f3n en el tipo de cambio y tampoco en la implementaci\u00f3n de pol\u00edticas monetarias [&hellip;]","og_url":"https:\/\/www.eldiario.net\/portal\/2024\/04\/07\/dolar-se-fortalece-y-no-tocaran-tipo-de-cambio\/","og_site_name":"El Diario - Bolivia","article_publisher":"https:\/\/www.facebook.com\/eldiario.bolivia\/","article_published_time":"2024-04-07T11:10:14+00:00","og_image":[{"width":300,"height":168,"url":"https:\/\/www.eldiario.net\/portal\/wp-content\/uploads\/2024\/04\/dolar.jpg","type":"image\/jpeg"}],"author":"Jeanette","twitter_card":"summary_large_image","twitter_creator":"@eldiario_net","twitter_site":"@eldiario_net","twitter_misc":{"Escrito por":"Jeanette","Tiempo de lectura":"5 minutos"},"schema":{"@context":"https:\/\/schema.org","@graph":[{"@type":"Article","@id":"https:\/\/www.eldiario.net\/portal\/2024\/04\/07\/dolar-se-fortalece-y-no-tocaran-tipo-de-cambio\/#article","isPartOf":{"@id":"https:\/\/www.eldiario.net\/portal\/2024\/04\/07\/dolar-se-fortalece-y-no-tocaran-tipo-de-cambio\/"},"author":{"name":"Jeanette","@id":"https:\/\/www.eldiario.net\/portal\/#\/schema\/person\/f46445640444750d7d753ccd04ae01b7"},"headline":"D\u00f3lar se fortalece y no tocar\u00e1n tipo de cambio","datePublished":"2024-04-07T11:10:14+00:00","mainEntityOfPage":{"@id":"https:\/\/www.eldiario.net\/portal\/2024\/04\/07\/dolar-se-fortalece-y-no-tocaran-tipo-de-cambio\/"},"wordCount":966,"commentCount":0,"publisher":{"@id":"https:\/\/www.eldiario.net\/portal\/#organization"},"image":{"@id":"https:\/\/www.eldiario.net\/portal\/2024\/04\/07\/dolar-se-fortalece-y-no-tocaran-tipo-de-cambio\/#primaryimage"},"thumbnailUrl":"https:\/\/www.eldiario.net\/portal\/wp-content\/uploads\/2024\/04\/dolar.jpg","articleSection":["Econom\u00eda"],"inLanguage":"es","potentialAction":[{"@type":"CommentAction","name":"Comment","target":["https:\/\/www.eldiario.net\/portal\/2024\/04\/07\/dolar-se-fortalece-y-no-tocaran-tipo-de-cambio\/#respond"]}]},{"@type":"WebPage","@id":"https:\/\/www.eldiario.net\/portal\/2024\/04\/07\/dolar-se-fortalece-y-no-tocaran-tipo-de-cambio\/","url":"https:\/\/www.eldiario.net\/portal\/2024\/04\/07\/dolar-se-fortalece-y-no-tocaran-tipo-de-cambio\/","name":"D\u00f3lar se fortalece y no tocar\u00e1n tipo de cambio - El Diario - Bolivia","isPartOf":{"@id":"https:\/\/www.eldiario.net\/portal\/#website"},"primaryImageOfPage":{"@id":"https:\/\/www.eldiario.net\/portal\/2024\/04\/07\/dolar-se-fortalece-y-no-tocaran-tipo-de-cambio\/#primaryimage"},"image":{"@id":"https:\/\/www.eldiario.net\/portal\/2024\/04\/07\/dolar-se-fortalece-y-no-tocaran-tipo-de-cambio\/#primaryimage"},"thumbnailUrl":"https:\/\/www.eldiario.net\/portal\/wp-content\/uploads\/2024\/04\/dolar.jpg","datePublished":"2024-04-07T11:10:14+00:00","breadcrumb":{"@id":"https:\/\/www.eldiario.net\/portal\/2024\/04\/07\/dolar-se-fortalece-y-no-tocaran-tipo-de-cambio\/#breadcrumb"},"inLanguage":"es","potentialAction":[{"@type":"ReadAction","target":["https:\/\/www.eldiario.net\/portal\/2024\/04\/07\/dolar-se-fortalece-y-no-tocaran-tipo-de-cambio\/"]}]},{"@type":"ImageObject","inLanguage":"es","@id":"https:\/\/www.eldiario.net\/portal\/2024\/04\/07\/dolar-se-fortalece-y-no-tocaran-tipo-de-cambio\/#primaryimage","url":"https:\/\/www.eldiario.net\/portal\/wp-content\/uploads\/2024\/04\/dolar.jpg","contentUrl":"https:\/\/www.eldiario.net\/portal\/wp-content\/uploads\/2024\/04\/dolar.jpg","width":300,"height":168},{"@type":"BreadcrumbList","@id":"https:\/\/www.eldiario.net\/portal\/2024\/04\/07\/dolar-se-fortalece-y-no-tocaran-tipo-de-cambio\/#breadcrumb","itemListElement":[{"@type":"ListItem","position":1,"name":"Portada","item":"https:\/\/www.eldiario.net\/portal\/"},{"@type":"ListItem","position":2,"name":"D\u00f3lar se fortalece y no tocar\u00e1n tipo de cambio"}]},{"@type":"WebSite","@id":"https:\/\/www.eldiario.net\/portal\/#website","url":"https:\/\/www.eldiario.net\/portal\/","name":"El Diario - Decano de la prensa nacional","description":"El Diario - Decano de la prensa nacional","publisher":{"@id":"https:\/\/www.eldiario.net\/portal\/#organization"},"potentialAction":[{"@type":"SearchAction","target":{"@type":"EntryPoint","urlTemplate":"https:\/\/www.eldiario.net\/portal\/?s={search_term_string}"},"query-input":{"@type":"PropertyValueSpecification","valueRequired":true,"valueName":"search_term_string"}}],"inLanguage":"es"},{"@type":"Organization","@id":"https:\/\/www.eldiario.net\/portal\/#organization","name":"El Diario - Decano de la prensa nacional","url":"https:\/\/www.eldiario.net\/portal\/","logo":{"@type":"ImageObject","inLanguage":"es","@id":"https:\/\/www.eldiario.net\/portal\/#\/schema\/logo\/image\/","url":"https:\/\/www.eldiario.net\/portal\/wp-content\/uploads\/2023\/07\/logo_ED.jpg","contentUrl":"https:\/\/www.eldiario.net\/portal\/wp-content\/uploads\/2023\/07\/logo_ED.jpg","width":272,"height":52,"caption":"El Diario - Decano de la prensa nacional"},"image":{"@id":"https:\/\/www.eldiario.net\/portal\/#\/schema\/logo\/image\/"},"sameAs":["https:\/\/www.facebook.com\/eldiario.bolivia\/","https:\/\/x.com\/eldiario_net"]},{"@type":"Person","@id":"https:\/\/www.eldiario.net\/portal\/#\/schema\/person\/f46445640444750d7d753ccd04ae01b7","name":"Jeanette","image":{"@type":"ImageObject","inLanguage":"es","@id":"https:\/\/secure.gravatar.com\/avatar\/3ea2118a5f7dad2b7138b1187a6b7ee55f160b9968b66013c3a3ef39dd7e5798?s=96&d=mm&r=g","url":"https:\/\/secure.gravatar.com\/avatar\/3ea2118a5f7dad2b7138b1187a6b7ee55f160b9968b66013c3a3ef39dd7e5798?s=96&d=mm&r=g","contentUrl":"https:\/\/secure.gravatar.com\/avatar\/3ea2118a5f7dad2b7138b1187a6b7ee55f160b9968b66013c3a3ef39dd7e5798?s=96&d=mm&r=g","caption":"Jeanette"},"sameAs":["https:\/\/www.eldiario.net\/portal"],"url":"https:\/\/www.eldiario.net\/portal\/author\/jeanette\/"}]}},"_links":{"self":[{"href":"https:\/\/www.eldiario.net\/portal\/wp-json\/wp\/v2\/posts\/212777","targetHints":{"allow":["GET"]}}],"collection":[{"href":"https:\/\/www.eldiario.net\/portal\/wp-json\/wp\/v2\/posts"}],"about":[{"href":"https:\/\/www.eldiario.net\/portal\/wp-json\/wp\/v2\/types\/post"}],"author":[{"embeddable":true,"href":"https:\/\/www.eldiario.net\/portal\/wp-json\/wp\/v2\/users\/1"}],"replies":[{"embeddable":true,"href":"https:\/\/www.eldiario.net\/portal\/wp-json\/wp\/v2\/comments?post=212777"}],"version-history":[{"count":1,"href":"https:\/\/www.eldiario.net\/portal\/wp-json\/wp\/v2\/posts\/212777\/revisions"}],"predecessor-version":[{"id":212779,"href":"https:\/\/www.eldiario.net\/portal\/wp-json\/wp\/v2\/posts\/212777\/revisions\/212779"}],"wp:featuredmedia":[{"embeddable":true,"href":"https:\/\/www.eldiario.net\/portal\/wp-json\/wp\/v2\/media\/212778"}],"wp:attachment":[{"href":"https:\/\/www.eldiario.net\/portal\/wp-json\/wp\/v2\/media?parent=212777"}],"wp:term":[{"taxonomy":"category","embeddable":true,"href":"https:\/\/www.eldiario.net\/portal\/wp-json\/wp\/v2\/categories?post=212777"},{"taxonomy":"post_tag","embeddable":true,"href":"https:\/\/www.eldiario.net\/portal\/wp-json\/wp\/v2\/tags?post=212777"}],"curies":[{"name":"wp","href":"https:\/\/api.w.org\/{rel}","templated":true}]}}