{"id":212774,"date":"2024-04-07T07:09:10","date_gmt":"2024-04-07T11:09:10","guid":{"rendered":"https:\/\/www.eldiario.net\/portal\/?p=212774"},"modified":"2024-04-07T07:09:10","modified_gmt":"2024-04-07T11:09:10","slug":"parque-automotor-crece-en-53-en-2023","status":"publish","type":"post","link":"https:\/\/www.eldiario.net\/portal\/2024\/04\/07\/parque-automotor-crece-en-53-en-2023\/","title":{"rendered":"Parque automotor crece en 5,3% en 2023"},"content":{"rendered":"<p>El parque automotor en Bolivia lleg\u00f3 a 2.470.622 veh\u00edculos en 2023, lo que representa un incremento de 5,3% (125.230) respecto a 2022, cuando lleg\u00f3 a 2.346.392 veh\u00edculos, inform\u00f3 el Instituto Nacional de Estad\u00edstica (INE).<br \/>\nEn el pa\u00eds se tiene registrados, mediante el RUAT, 2.470.622 veh\u00edculos motorizados en el a\u00f1o 2023, un 5,3% m\u00e1s que la gesti\u00f3n 2022. Desde el 2003 hasta la pasada gesti\u00f3n el parque automotor nacional creci\u00f3 en un 457%, seg\u00fan el presidente del Colegio de Economistas de Tarija, Fernando Romero.<br \/>\nSeg\u00fan esos datos, el 93,2% son veh\u00edculos de servicio particular, un 5,2% de servicio p\u00fablico y solo un 1,6% de servicio oficial (entidades p\u00fablicas). Si bien los veh\u00edculos de servicio particular son la mayor\u00eda en el pa\u00eds, muchos de estos prestan servicio de transporte p\u00fablico, como taxis, trufis o buses que no est\u00e1n registrados como tal, los mismos trabajan irregularmente dentro de la informalidad, detall\u00f3.<br \/>\nSeg\u00fan la clase de veh\u00edculos, el veh\u00edculo de mayor preponderancia son las motocicletas, con un 32,4% del parque automotor, luego las vagonetas con el 25,4% y los autom\u00f3viles con un 15,4%.<br \/>\nSeg\u00fan departamento, Santa Cruz posee la mayor cantidad de veh\u00edculos en el pa\u00eds, con un 35,8%, luego le sigue Cochabamba con un 21,2% y La Paz con el 21,2%, agreg\u00f3.<br \/>\nRespecto al tipo de modelo, el 52,2% son veh\u00edculos motorizados del a\u00f1o 2011 en adelante. Es decir, en Bolivia hay un parque automotor relativamente moderno, sostiene Romero y pregunta \u00bfCu\u00e1ntos veh\u00edculos indocumentados o \u201cchutos\u201d hay en Bolivia?<br \/>\n\u201cSe estima que son alrededor de 500 mil, sin embargo, no se tiene un n\u00famero exacto, ya que cada d\u00eda entran al pa\u00eds decenas de veh\u00edculos de contrabando, los cuales luego circulan en el pa\u00eds sin documentaci\u00f3n, sin placa y consumiendo diariamente carburantes subvencionados, lo cual genera mayor gasto p\u00fablico en importaci\u00f3n y subvenci\u00f3n de di\u00e9sel y gasolina, contribuyendo negativamente a la liquidez de divisas en el pa\u00eds y a seguir manteniendo un d\u00e9ficit fiscal de muchos a\u00f1os\u201d, lament\u00f3.<br \/>\nPor ello plantea que es primordial que el Gobierno, con el apoyo de gobernaciones y municipios, identifiquen plenamente a estos veh\u00edculos indocumentados para que sean decomisados, determinar su legitimidad (contrabando, robados, otros) y se establezca que pol\u00edtica p\u00fablica se aplicar\u00e1 para los mismos, ya que estos representan aproximadamente el 20% de todo el parque automotor nacional.<\/p>\n<p><img loading=\"lazy\" decoding=\"async\" class=\"aligncenter size-full wp-image-212775\" src=\"https:\/\/www.eldiario.net\/portal\/wp-content\/uploads\/2024\/04\/autos.jpg\" alt=\"\" width=\"1142\" height=\"885\" srcset=\"https:\/\/www.eldiario.net\/portal\/wp-content\/uploads\/2024\/04\/autos.jpg 1142w, https:\/\/www.eldiario.net\/portal\/wp-content\/uploads\/2024\/04\/autos-300x232.jpg 300w, https:\/\/www.eldiario.net\/portal\/wp-content\/uploads\/2024\/04\/autos-1024x794.jpg 1024w, https:\/\/www.eldiario.net\/portal\/wp-content\/uploads\/2024\/04\/autos-768x595.jpg 768w, https:\/\/www.eldiario.net\/portal\/wp-content\/uploads\/2024\/04\/autos-542x420.jpg 542w, https:\/\/www.eldiario.net\/portal\/wp-content\/uploads\/2024\/04\/autos-696x539.jpg 696w, https:\/\/www.eldiario.net\/portal\/wp-content\/uploads\/2024\/04\/autos-1068x828.jpg 1068w\" sizes=\"auto, (max-width: 1142px) 100vw, 1142px\" \/><\/p>\n","protected":false},"excerpt":{"rendered":"<p>El parque automotor en Bolivia lleg\u00f3 a 2.470.622 veh\u00edculos en 2023, lo que representa un incremento de 5,3% (125.230) respecto a 2022, cuando lleg\u00f3 a 2.346.392 veh\u00edculos, inform\u00f3 el Instituto Nacional de Estad\u00edstica (INE). En el pa\u00eds se tiene registrados, mediante el RUAT, 2.470.622 veh\u00edculos motorizados en el a\u00f1o 2023, un 5,3% m\u00e1s que la [&hellip;]<\/p>\n","protected":false},"author":1,"featured_media":0,"comment_status":"open","ping_status":"open","sticky":false,"template":"","format":"standard","meta":{"_acf_changed":false,"footnotes":""},"categories":[7],"tags":[],"class_list":["post-212774","post","type-post","status-publish","format-standard","category-economia"],"acf":{"antetitulo":""},"yoast_head":"<!-- This site is optimized with the Yoast SEO plugin v28.3 - https:\/\/yoast.com\/product\/yoast-seo-wordpress\/ -->\n<title>Parque automotor crece en 5,3% en 2023 - El Diario - Bolivia<\/title>\n<meta name=\"robots\" content=\"index, follow, max-snippet:-1, max-image-preview:large, max-video-preview:-1\" \/>\n<link rel=\"canonical\" href=\"https:\/\/www.eldiario.net\/portal\/2024\/04\/07\/parque-automotor-crece-en-53-en-2023\/\" \/>\n<meta property=\"og:locale\" content=\"es_ES\" \/>\n<meta property=\"og:type\" content=\"article\" \/>\n<meta property=\"og:title\" content=\"Parque automotor crece en 5,3% en 2023 - El Diario - Bolivia\" \/>\n<meta property=\"og:description\" content=\"El parque automotor en Bolivia lleg\u00f3 a 2.470.622 veh\u00edculos en 2023, lo que representa un incremento de 5,3% (125.230) respecto a 2022, cuando lleg\u00f3 a 2.346.392 veh\u00edculos, inform\u00f3 el Instituto Nacional de Estad\u00edstica (INE). En el pa\u00eds se tiene registrados, mediante el RUAT, 2.470.622 veh\u00edculos motorizados en el a\u00f1o 2023, un 5,3% m\u00e1s que la [&hellip;]\" \/>\n<meta property=\"og:url\" content=\"https:\/\/www.eldiario.net\/portal\/2024\/04\/07\/parque-automotor-crece-en-53-en-2023\/\" \/>\n<meta property=\"og:site_name\" content=\"El Diario - Bolivia\" \/>\n<meta property=\"article:publisher\" content=\"https:\/\/www.facebook.com\/eldiario.bolivia\/\" \/>\n<meta property=\"article:published_time\" content=\"2024-04-07T11:09:10+00:00\" \/>\n<meta property=\"og:image\" content=\"https:\/\/www.eldiario.net\/portal\/wp-content\/uploads\/2024\/04\/autos.jpg\" \/>\n<meta name=\"author\" content=\"Jeanette\" \/>\n<meta name=\"twitter:card\" content=\"summary_large_image\" \/>\n<meta name=\"twitter:creator\" content=\"@eldiario_net\" \/>\n<meta name=\"twitter:site\" content=\"@eldiario_net\" \/>\n<meta name=\"twitter:label1\" content=\"Escrito por\" \/>\n\t<meta name=\"twitter:data1\" content=\"Jeanette\" \/>\n\t<meta name=\"twitter:label2\" content=\"Tiempo de lectura\" \/>\n\t<meta name=\"twitter:data2\" content=\"2 minutos\" \/>\n<script type=\"application\/ld+json\" class=\"yoast-schema-graph\">{\"@context\":\"https:\\\/\\\/schema.org\",\"@graph\":[{\"@type\":\"Article\",\"@id\":\"https:\\\/\\\/www.eldiario.net\\\/portal\\\/2024\\\/04\\\/07\\\/parque-automotor-crece-en-53-en-2023\\\/#article\",\"isPartOf\":{\"@id\":\"https:\\\/\\\/www.eldiario.net\\\/portal\\\/2024\\\/04\\\/07\\\/parque-automotor-crece-en-53-en-2023\\\/\"},\"author\":{\"name\":\"Jeanette\",\"@id\":\"https:\\\/\\\/www.eldiario.net\\\/portal\\\/#\\\/schema\\\/person\\\/f46445640444750d7d753ccd04ae01b7\"},\"headline\":\"Parque automotor crece en 5,3% en 2023\",\"datePublished\":\"2024-04-07T11:09:10+00:00\",\"mainEntityOfPage\":{\"@id\":\"https:\\\/\\\/www.eldiario.net\\\/portal\\\/2024\\\/04\\\/07\\\/parque-automotor-crece-en-53-en-2023\\\/\"},\"wordCount\":407,\"commentCount\":0,\"publisher\":{\"@id\":\"https:\\\/\\\/www.eldiario.net\\\/portal\\\/#organization\"},\"image\":{\"@id\":\"https:\\\/\\\/www.eldiario.net\\\/portal\\\/2024\\\/04\\\/07\\\/parque-automotor-crece-en-53-en-2023\\\/#primaryimage\"},\"thumbnailUrl\":\"https:\\\/\\\/www.eldiario.net\\\/portal\\\/wp-content\\\/uploads\\\/2024\\\/04\\\/autos.jpg\",\"articleSection\":[\"Econom\u00eda\"],\"inLanguage\":\"es\",\"potentialAction\":[{\"@type\":\"CommentAction\",\"name\":\"Comment\",\"target\":[\"https:\\\/\\\/www.eldiario.net\\\/portal\\\/2024\\\/04\\\/07\\\/parque-automotor-crece-en-53-en-2023\\\/#respond\"]}]},{\"@type\":\"WebPage\",\"@id\":\"https:\\\/\\\/www.eldiario.net\\\/portal\\\/2024\\\/04\\\/07\\\/parque-automotor-crece-en-53-en-2023\\\/\",\"url\":\"https:\\\/\\\/www.eldiario.net\\\/portal\\\/2024\\\/04\\\/07\\\/parque-automotor-crece-en-53-en-2023\\\/\",\"name\":\"Parque automotor crece en 5,3% en 2023 - El Diario - Bolivia\",\"isPartOf\":{\"@id\":\"https:\\\/\\\/www.eldiario.net\\\/portal\\\/#website\"},\"primaryImageOfPage\":{\"@id\":\"https:\\\/\\\/www.eldiario.net\\\/portal\\\/2024\\\/04\\\/07\\\/parque-automotor-crece-en-53-en-2023\\\/#primaryimage\"},\"image\":{\"@id\":\"https:\\\/\\\/www.eldiario.net\\\/portal\\\/2024\\\/04\\\/07\\\/parque-automotor-crece-en-53-en-2023\\\/#primaryimage\"},\"thumbnailUrl\":\"https:\\\/\\\/www.eldiario.net\\\/portal\\\/wp-content\\\/uploads\\\/2024\\\/04\\\/autos.jpg\",\"datePublished\":\"2024-04-07T11:09:10+00:00\",\"breadcrumb\":{\"@id\":\"https:\\\/\\\/www.eldiario.net\\\/portal\\\/2024\\\/04\\\/07\\\/parque-automotor-crece-en-53-en-2023\\\/#breadcrumb\"},\"inLanguage\":\"es\",\"potentialAction\":[{\"@type\":\"ReadAction\",\"target\":[\"https:\\\/\\\/www.eldiario.net\\\/portal\\\/2024\\\/04\\\/07\\\/parque-automotor-crece-en-53-en-2023\\\/\"]}]},{\"@type\":\"ImageObject\",\"inLanguage\":\"es\",\"@id\":\"https:\\\/\\\/www.eldiario.net\\\/portal\\\/2024\\\/04\\\/07\\\/parque-automotor-crece-en-53-en-2023\\\/#primaryimage\",\"url\":\"https:\\\/\\\/www.eldiario.net\\\/portal\\\/wp-content\\\/uploads\\\/2024\\\/04\\\/autos.jpg\",\"contentUrl\":\"https:\\\/\\\/www.eldiario.net\\\/portal\\\/wp-content\\\/uploads\\\/2024\\\/04\\\/autos.jpg\",\"width\":1142,\"height\":885},{\"@type\":\"BreadcrumbList\",\"@id\":\"https:\\\/\\\/www.eldiario.net\\\/portal\\\/2024\\\/04\\\/07\\\/parque-automotor-crece-en-53-en-2023\\\/#breadcrumb\",\"itemListElement\":[{\"@type\":\"ListItem\",\"position\":1,\"name\":\"Portada\",\"item\":\"https:\\\/\\\/www.eldiario.net\\\/portal\\\/\"},{\"@type\":\"ListItem\",\"position\":2,\"name\":\"Parque automotor crece en 5,3% en 2023\"}]},{\"@type\":\"WebSite\",\"@id\":\"https:\\\/\\\/www.eldiario.net\\\/portal\\\/#website\",\"url\":\"https:\\\/\\\/www.eldiario.net\\\/portal\\\/\",\"name\":\"El Diario - Decano de la prensa nacional\",\"description\":\"El Diario - Decano de la prensa nacional\",\"publisher\":{\"@id\":\"https:\\\/\\\/www.eldiario.net\\\/portal\\\/#organization\"},\"potentialAction\":[{\"@type\":\"SearchAction\",\"target\":{\"@type\":\"EntryPoint\",\"urlTemplate\":\"https:\\\/\\\/www.eldiario.net\\\/portal\\\/?s={search_term_string}\"},\"query-input\":{\"@type\":\"PropertyValueSpecification\",\"valueRequired\":true,\"valueName\":\"search_term_string\"}}],\"inLanguage\":\"es\"},{\"@type\":\"Organization\",\"@id\":\"https:\\\/\\\/www.eldiario.net\\\/portal\\\/#organization\",\"name\":\"El Diario - Decano de la prensa nacional\",\"url\":\"https:\\\/\\\/www.eldiario.net\\\/portal\\\/\",\"logo\":{\"@type\":\"ImageObject\",\"inLanguage\":\"es\",\"@id\":\"https:\\\/\\\/www.eldiario.net\\\/portal\\\/#\\\/schema\\\/logo\\\/image\\\/\",\"url\":\"https:\\\/\\\/www.eldiario.net\\\/portal\\\/wp-content\\\/uploads\\\/2023\\\/07\\\/logo_ED.jpg\",\"contentUrl\":\"https:\\\/\\\/www.eldiario.net\\\/portal\\\/wp-content\\\/uploads\\\/2023\\\/07\\\/logo_ED.jpg\",\"width\":272,\"height\":52,\"caption\":\"El Diario - Decano de la prensa nacional\"},\"image\":{\"@id\":\"https:\\\/\\\/www.eldiario.net\\\/portal\\\/#\\\/schema\\\/logo\\\/image\\\/\"},\"sameAs\":[\"https:\\\/\\\/www.facebook.com\\\/eldiario.bolivia\\\/\",\"https:\\\/\\\/x.com\\\/eldiario_net\"]},{\"@type\":\"Person\",\"@id\":\"https:\\\/\\\/www.eldiario.net\\\/portal\\\/#\\\/schema\\\/person\\\/f46445640444750d7d753ccd04ae01b7\",\"name\":\"Jeanette\",\"image\":{\"@type\":\"ImageObject\",\"inLanguage\":\"es\",\"@id\":\"https:\\\/\\\/secure.gravatar.com\\\/avatar\\\/3ea2118a5f7dad2b7138b1187a6b7ee55f160b9968b66013c3a3ef39dd7e5798?s=96&d=mm&r=g\",\"url\":\"https:\\\/\\\/secure.gravatar.com\\\/avatar\\\/3ea2118a5f7dad2b7138b1187a6b7ee55f160b9968b66013c3a3ef39dd7e5798?s=96&d=mm&r=g\",\"contentUrl\":\"https:\\\/\\\/secure.gravatar.com\\\/avatar\\\/3ea2118a5f7dad2b7138b1187a6b7ee55f160b9968b66013c3a3ef39dd7e5798?s=96&d=mm&r=g\",\"caption\":\"Jeanette\"},\"sameAs\":[\"https:\\\/\\\/www.eldiario.net\\\/portal\"],\"url\":\"https:\\\/\\\/www.eldiario.net\\\/portal\\\/author\\\/jeanette\\\/\"}]}<\/script>\n<!-- \/ Yoast SEO plugin. -->","yoast_head_json":{"title":"Parque automotor crece en 5,3% en 2023 - El Diario - Bolivia","robots":{"index":"index","follow":"follow","max-snippet":"max-snippet:-1","max-image-preview":"max-image-preview:large","max-video-preview":"max-video-preview:-1"},"canonical":"https:\/\/www.eldiario.net\/portal\/2024\/04\/07\/parque-automotor-crece-en-53-en-2023\/","og_locale":"es_ES","og_type":"article","og_title":"Parque automotor crece en 5,3% en 2023 - El Diario - Bolivia","og_description":"El parque automotor en Bolivia lleg\u00f3 a 2.470.622 veh\u00edculos en 2023, lo que representa un incremento de 5,3% (125.230) respecto a 2022, cuando lleg\u00f3 a 2.346.392 veh\u00edculos, inform\u00f3 el Instituto Nacional de Estad\u00edstica (INE). En el pa\u00eds se tiene registrados, mediante el RUAT, 2.470.622 veh\u00edculos motorizados en el a\u00f1o 2023, un 5,3% m\u00e1s que la [&hellip;]","og_url":"https:\/\/www.eldiario.net\/portal\/2024\/04\/07\/parque-automotor-crece-en-53-en-2023\/","og_site_name":"El Diario - Bolivia","article_publisher":"https:\/\/www.facebook.com\/eldiario.bolivia\/","article_published_time":"2024-04-07T11:09:10+00:00","og_image":[{"url":"https:\/\/www.eldiario.net\/portal\/wp-content\/uploads\/2024\/04\/autos.jpg","type":"","width":"","height":""}],"author":"Jeanette","twitter_card":"summary_large_image","twitter_creator":"@eldiario_net","twitter_site":"@eldiario_net","twitter_misc":{"Escrito por":"Jeanette","Tiempo de lectura":"2 minutos"},"schema":{"@context":"https:\/\/schema.org","@graph":[{"@type":"Article","@id":"https:\/\/www.eldiario.net\/portal\/2024\/04\/07\/parque-automotor-crece-en-53-en-2023\/#article","isPartOf":{"@id":"https:\/\/www.eldiario.net\/portal\/2024\/04\/07\/parque-automotor-crece-en-53-en-2023\/"},"author":{"name":"Jeanette","@id":"https:\/\/www.eldiario.net\/portal\/#\/schema\/person\/f46445640444750d7d753ccd04ae01b7"},"headline":"Parque automotor crece en 5,3% en 2023","datePublished":"2024-04-07T11:09:10+00:00","mainEntityOfPage":{"@id":"https:\/\/www.eldiario.net\/portal\/2024\/04\/07\/parque-automotor-crece-en-53-en-2023\/"},"wordCount":407,"commentCount":0,"publisher":{"@id":"https:\/\/www.eldiario.net\/portal\/#organization"},"image":{"@id":"https:\/\/www.eldiario.net\/portal\/2024\/04\/07\/parque-automotor-crece-en-53-en-2023\/#primaryimage"},"thumbnailUrl":"https:\/\/www.eldiario.net\/portal\/wp-content\/uploads\/2024\/04\/autos.jpg","articleSection":["Econom\u00eda"],"inLanguage":"es","potentialAction":[{"@type":"CommentAction","name":"Comment","target":["https:\/\/www.eldiario.net\/portal\/2024\/04\/07\/parque-automotor-crece-en-53-en-2023\/#respond"]}]},{"@type":"WebPage","@id":"https:\/\/www.eldiario.net\/portal\/2024\/04\/07\/parque-automotor-crece-en-53-en-2023\/","url":"https:\/\/www.eldiario.net\/portal\/2024\/04\/07\/parque-automotor-crece-en-53-en-2023\/","name":"Parque automotor crece en 5,3% en 2023 - El Diario - Bolivia","isPartOf":{"@id":"https:\/\/www.eldiario.net\/portal\/#website"},"primaryImageOfPage":{"@id":"https:\/\/www.eldiario.net\/portal\/2024\/04\/07\/parque-automotor-crece-en-53-en-2023\/#primaryimage"},"image":{"@id":"https:\/\/www.eldiario.net\/portal\/2024\/04\/07\/parque-automotor-crece-en-53-en-2023\/#primaryimage"},"thumbnailUrl":"https:\/\/www.eldiario.net\/portal\/wp-content\/uploads\/2024\/04\/autos.jpg","datePublished":"2024-04-07T11:09:10+00:00","breadcrumb":{"@id":"https:\/\/www.eldiario.net\/portal\/2024\/04\/07\/parque-automotor-crece-en-53-en-2023\/#breadcrumb"},"inLanguage":"es","potentialAction":[{"@type":"ReadAction","target":["https:\/\/www.eldiario.net\/portal\/2024\/04\/07\/parque-automotor-crece-en-53-en-2023\/"]}]},{"@type":"ImageObject","inLanguage":"es","@id":"https:\/\/www.eldiario.net\/portal\/2024\/04\/07\/parque-automotor-crece-en-53-en-2023\/#primaryimage","url":"https:\/\/www.eldiario.net\/portal\/wp-content\/uploads\/2024\/04\/autos.jpg","contentUrl":"https:\/\/www.eldiario.net\/portal\/wp-content\/uploads\/2024\/04\/autos.jpg","width":1142,"height":885},{"@type":"BreadcrumbList","@id":"https:\/\/www.eldiario.net\/portal\/2024\/04\/07\/parque-automotor-crece-en-53-en-2023\/#breadcrumb","itemListElement":[{"@type":"ListItem","position":1,"name":"Portada","item":"https:\/\/www.eldiario.net\/portal\/"},{"@type":"ListItem","position":2,"name":"Parque automotor crece en 5,3% en 2023"}]},{"@type":"WebSite","@id":"https:\/\/www.eldiario.net\/portal\/#website","url":"https:\/\/www.eldiario.net\/portal\/","name":"El Diario - Decano de la prensa nacional","description":"El Diario - Decano de la prensa nacional","publisher":{"@id":"https:\/\/www.eldiario.net\/portal\/#organization"},"potentialAction":[{"@type":"SearchAction","target":{"@type":"EntryPoint","urlTemplate":"https:\/\/www.eldiario.net\/portal\/?s={search_term_string}"},"query-input":{"@type":"PropertyValueSpecification","valueRequired":true,"valueName":"search_term_string"}}],"inLanguage":"es"},{"@type":"Organization","@id":"https:\/\/www.eldiario.net\/portal\/#organization","name":"El Diario - Decano de la prensa nacional","url":"https:\/\/www.eldiario.net\/portal\/","logo":{"@type":"ImageObject","inLanguage":"es","@id":"https:\/\/www.eldiario.net\/portal\/#\/schema\/logo\/image\/","url":"https:\/\/www.eldiario.net\/portal\/wp-content\/uploads\/2023\/07\/logo_ED.jpg","contentUrl":"https:\/\/www.eldiario.net\/portal\/wp-content\/uploads\/2023\/07\/logo_ED.jpg","width":272,"height":52,"caption":"El Diario - Decano de la prensa nacional"},"image":{"@id":"https:\/\/www.eldiario.net\/portal\/#\/schema\/logo\/image\/"},"sameAs":["https:\/\/www.facebook.com\/eldiario.bolivia\/","https:\/\/x.com\/eldiario_net"]},{"@type":"Person","@id":"https:\/\/www.eldiario.net\/portal\/#\/schema\/person\/f46445640444750d7d753ccd04ae01b7","name":"Jeanette","image":{"@type":"ImageObject","inLanguage":"es","@id":"https:\/\/secure.gravatar.com\/avatar\/3ea2118a5f7dad2b7138b1187a6b7ee55f160b9968b66013c3a3ef39dd7e5798?s=96&d=mm&r=g","url":"https:\/\/secure.gravatar.com\/avatar\/3ea2118a5f7dad2b7138b1187a6b7ee55f160b9968b66013c3a3ef39dd7e5798?s=96&d=mm&r=g","contentUrl":"https:\/\/secure.gravatar.com\/avatar\/3ea2118a5f7dad2b7138b1187a6b7ee55f160b9968b66013c3a3ef39dd7e5798?s=96&d=mm&r=g","caption":"Jeanette"},"sameAs":["https:\/\/www.eldiario.net\/portal"],"url":"https:\/\/www.eldiario.net\/portal\/author\/jeanette\/"}]}},"_links":{"self":[{"href":"https:\/\/www.eldiario.net\/portal\/wp-json\/wp\/v2\/posts\/212774","targetHints":{"allow":["GET"]}}],"collection":[{"href":"https:\/\/www.eldiario.net\/portal\/wp-json\/wp\/v2\/posts"}],"about":[{"href":"https:\/\/www.eldiario.net\/portal\/wp-json\/wp\/v2\/types\/post"}],"author":[{"embeddable":true,"href":"https:\/\/www.eldiario.net\/portal\/wp-json\/wp\/v2\/users\/1"}],"replies":[{"embeddable":true,"href":"https:\/\/www.eldiario.net\/portal\/wp-json\/wp\/v2\/comments?post=212774"}],"version-history":[{"count":1,"href":"https:\/\/www.eldiario.net\/portal\/wp-json\/wp\/v2\/posts\/212774\/revisions"}],"predecessor-version":[{"id":212776,"href":"https:\/\/www.eldiario.net\/portal\/wp-json\/wp\/v2\/posts\/212774\/revisions\/212776"}],"wp:attachment":[{"href":"https:\/\/www.eldiario.net\/portal\/wp-json\/wp\/v2\/media?parent=212774"}],"wp:term":[{"taxonomy":"category","embeddable":true,"href":"https:\/\/www.eldiario.net\/portal\/wp-json\/wp\/v2\/categories?post=212774"},{"taxonomy":"post_tag","embeddable":true,"href":"https:\/\/www.eldiario.net\/portal\/wp-json\/wp\/v2\/tags?post=212774"}],"curies":[{"name":"wp","href":"https:\/\/api.w.org\/{rel}","templated":true}]}}