{"id":212772,"date":"2024-04-07T07:07:38","date_gmt":"2024-04-07T11:07:38","guid":{"rendered":"https:\/\/www.eldiario.net\/portal\/?p=212772"},"modified":"2024-04-07T07:07:38","modified_gmt":"2024-04-07T11:07:38","slug":"confeagro-busca-establecer-una-agenda-de-trabajo-con-el-gobierno","status":"publish","type":"post","link":"https:\/\/www.eldiario.net\/portal\/2024\/04\/07\/confeagro-busca-establecer-una-agenda-de-trabajo-con-el-gobierno\/","title":{"rendered":"Confeagro busca establecer una  agenda de trabajo con el Gobierno"},"content":{"rendered":"<p>La Confederaci\u00f3n Agropecuaria Nacional (Confeagro), que agrupa a los productores agropecuarios de todo el pa\u00eds, a la cabeza de su presidente Jos\u00e9 Luis Farah Paz, busca una agenda de trabajo con el Gobierno en temas de alta preocupaci\u00f3n para el sector, como avasallamientos, biotecnolog\u00eda, falta de divisas, falta de carburantes, la peque\u00f1a propiedad, el contrabando, la ley de inversiones y financiamiento, entre otros temas de inter\u00e9s nacional.<br \/>\nLa Confederaci\u00f3n Agropecuaria Nacional se reuni\u00f3 con el vicepresidente del Estado Plurinacional de Bolivia, David Choquehuanca, en donde inform\u00f3 sus inquietudes, as\u00ed como present\u00f3 propuestas, como el uso de mayores semillas modificadas, as\u00ed como la implementaci\u00f3n en el pa\u00eds de biotecnolog\u00eda.<br \/>\nRespecto a los bajos rendimientos en las cadenas productivas, con mayor afectaci\u00f3n a los peque\u00f1os productores, y que genera cada vez mayor dependencia de la importaci\u00f3n de alimentos, se estableci\u00f3 trabajar en la homologaci\u00f3n de eventos transg\u00e9nicos que actualmente se comercializan en pa\u00edses vecinos. Asimismo, se contempla aplicar IVA a importaciones y arancel cero por 3 a\u00f1os para maquinaria, equipos herramientas e insumos que no se producen en Bolivia (Fertilizantes, agroqu\u00edmicos, productos veterinarios, semilla, entre otros).<br \/>\nEn cuanto a los avasallamientos que se vive en todo el territorio nacional y la fuerte presi\u00f3n contra la producci\u00f3n de alimentos, se estableci\u00f3 el compromiso de parar este delito y desalojar a los avasalladores de los predios productivos.<br \/>\nSobre el contrabando, donde diferentes sectores manifestaron su preocupaci\u00f3n ya que puede generar cierre de unidades productivas y empleos formales, se solicit\u00f3 disminuir la cuant\u00eda de contrabando para que se considere delito a 5.000 UFV, como el monto punible para procesar al contrabandista.<br \/>\nTambi\u00e9n se manifest\u00f3 que, actualmente no se cuenta con acceso a financiamiento de largo plazo y tasas bajas para peque\u00f1os productores por falta de garant\u00eda. En este sentido, de forma voluntaria, el peque\u00f1o productor, mediante tr\u00e1mite simple podr\u00e1 hipotecar su propiedad para tecnificarse e incrementar su productividad y sus ingresos.<br \/>\nOtro tema de alta preocupaci\u00f3n est\u00e1 en los contratiempos recurrentes en el abastecimiento de carburantes, mismo que afecta cada vez m\u00e1s a la producci\u00f3n y transporte de alimentos. En este punto, se estableci\u00f3 el compromiso en garantizar el abastecimiento oportuno de carburantes al agro para evitar problemas en el abastecimiento de alimentos a la poblaci\u00f3n.<br \/>\nEl encuentro tambi\u00e9n sirvi\u00f3 para acordar, revisar y actualizar la Ley de Inversiones, para generar una pol\u00edtica de mayor incentivo y seguridad para garantizar la inversi\u00f3n interna y atraer recursos del extranjero. \u201cLos embajadores bolivianos en otros pa\u00edses, m\u00e1s all\u00e1 de ser representantes diplom\u00e1ticos, deber\u00e1n buscar mercados para productos bolivianos\u201d, estableci\u00f3 el documento emitido de la reuni\u00f3n.<br \/>\nFinalmente, se vio la necesidad de, as\u00ed como el cr\u00e9dito para el sector agroindustrial, se necesita un cr\u00e9dito de fomento para el sector pecuario. Este tema y los anteriormente mencionados brindar\u00e1n mayor fortaleza al sector productivo y generar\u00e1 recursos para el pa\u00eds.<br \/>\nChoquehuanca, al finalizar la reuni\u00f3n, calific\u00f3 de positiva la reuni\u00f3n, en la que participaron productores de distintos puntos de Bolivia y diferentes sectores.<br \/>\n\u201cHay varios desaf\u00edos que tenemos que encarar de manera conjunta. Gobierno, organizaciones sociales y organizaciones de productores. Tenemos que escuchar, recoger estas demandas, necesidades, los problemas, las dificultades que tenemos, para alcanzar nuestros prop\u00f3sitos, que en este caso es garantizar alimento al pueblo boliviano\u201d.<\/p>\n<p>Por su parte, el presidente de Confeagro, Jos\u00e9 Luis Farah, se\u00f1al\u00f3 que la primera reuni\u00f3n con la vicepresidencia fue un \u00e9xito, ya que se ha trazado una ruta para empezar a avanzar en el trabajo t\u00e9cnico. \u201cEl (vicepresidente) va a instruir, como servidor p\u00fablico, a que los ministros del \u00e1rea y los responsables de cada una de las \u00e1reas que hemos conversado, se sienten, para atender las demandas del sector primario\u201d.<br \/>\nPIE DE FOTO<br \/>\nReuni\u00f3n entre productores y autoridades de gobierno. foto CAO<\/p>\n","protected":false},"excerpt":{"rendered":"<p>La Confederaci\u00f3n Agropecuaria Nacional (Confeagro), que agrupa a los productores agropecuarios de todo el pa\u00eds, a la cabeza de su presidente Jos\u00e9 Luis Farah Paz, busca una agenda de trabajo con el Gobierno en temas de alta preocupaci\u00f3n para el sector, como avasallamientos, biotecnolog\u00eda, falta de divisas, falta de carburantes, la peque\u00f1a propiedad, el contrabando, [&hellip;]<\/p>\n","protected":false},"author":1,"featured_media":194689,"comment_status":"open","ping_status":"open","sticky":false,"template":"","format":"standard","meta":{"_acf_changed":false,"footnotes":""},"categories":[7],"tags":[],"class_list":["post-212772","post","type-post","status-publish","format-standard","has-post-thumbnail","category-economia"],"acf":{"antetitulo":""},"yoast_head":"<!-- This site is optimized with the Yoast SEO plugin v28.3 - https:\/\/yoast.com\/product\/yoast-seo-wordpress\/ -->\n<title>Confeagro busca establecer una agenda de trabajo con el Gobierno - El Diario - Bolivia<\/title>\n<meta name=\"robots\" content=\"index, follow, max-snippet:-1, max-image-preview:large, max-video-preview:-1\" \/>\n<link rel=\"canonical\" href=\"https:\/\/www.eldiario.net\/portal\/2024\/04\/07\/confeagro-busca-establecer-una-agenda-de-trabajo-con-el-gobierno\/\" \/>\n<meta property=\"og:locale\" content=\"es_ES\" \/>\n<meta property=\"og:type\" content=\"article\" \/>\n<meta property=\"og:title\" content=\"Confeagro busca establecer una agenda de trabajo con el Gobierno - El Diario - Bolivia\" \/>\n<meta property=\"og:description\" content=\"La Confederaci\u00f3n Agropecuaria Nacional (Confeagro), que agrupa a los productores agropecuarios de todo el pa\u00eds, a la cabeza de su presidente Jos\u00e9 Luis Farah Paz, busca una agenda de trabajo con el Gobierno en temas de alta preocupaci\u00f3n para el sector, como avasallamientos, biotecnolog\u00eda, falta de divisas, falta de carburantes, la peque\u00f1a propiedad, el contrabando, [&hellip;]\" \/>\n<meta property=\"og:url\" content=\"https:\/\/www.eldiario.net\/portal\/2024\/04\/07\/confeagro-busca-establecer-una-agenda-de-trabajo-con-el-gobierno\/\" \/>\n<meta property=\"og:site_name\" content=\"El Diario - Bolivia\" \/>\n<meta property=\"article:publisher\" content=\"https:\/\/www.facebook.com\/eldiario.bolivia\/\" \/>\n<meta property=\"article:published_time\" content=\"2024-04-07T11:07:38+00:00\" \/>\n<meta property=\"og:image\" content=\"https:\/\/www.eldiario.net\/portal\/wp-content\/uploads\/2023\/12\/Economia.jpg\" \/>\n\t<meta property=\"og:image:width\" content=\"800\" \/>\n\t<meta property=\"og:image:height\" content=\"500\" \/>\n\t<meta property=\"og:image:type\" content=\"image\/jpeg\" \/>\n<meta name=\"author\" content=\"Jeanette\" \/>\n<meta name=\"twitter:card\" content=\"summary_large_image\" \/>\n<meta name=\"twitter:creator\" content=\"@eldiario_net\" \/>\n<meta name=\"twitter:site\" content=\"@eldiario_net\" \/>\n<meta name=\"twitter:label1\" content=\"Escrito por\" \/>\n\t<meta name=\"twitter:data1\" content=\"Jeanette\" \/>\n\t<meta name=\"twitter:label2\" content=\"Tiempo de lectura\" \/>\n\t<meta name=\"twitter:data2\" content=\"4 minutos\" \/>\n<script type=\"application\/ld+json\" class=\"yoast-schema-graph\">{\"@context\":\"https:\\\/\\\/schema.org\",\"@graph\":[{\"@type\":\"Article\",\"@id\":\"https:\\\/\\\/www.eldiario.net\\\/portal\\\/2024\\\/04\\\/07\\\/confeagro-busca-establecer-una-agenda-de-trabajo-con-el-gobierno\\\/#article\",\"isPartOf\":{\"@id\":\"https:\\\/\\\/www.eldiario.net\\\/portal\\\/2024\\\/04\\\/07\\\/confeagro-busca-establecer-una-agenda-de-trabajo-con-el-gobierno\\\/\"},\"author\":{\"name\":\"Jeanette\",\"@id\":\"https:\\\/\\\/www.eldiario.net\\\/portal\\\/#\\\/schema\\\/person\\\/f46445640444750d7d753ccd04ae01b7\"},\"headline\":\"Confeagro busca establecer una agenda de trabajo con el Gobierno\",\"datePublished\":\"2024-04-07T11:07:38+00:00\",\"mainEntityOfPage\":{\"@id\":\"https:\\\/\\\/www.eldiario.net\\\/portal\\\/2024\\\/04\\\/07\\\/confeagro-busca-establecer-una-agenda-de-trabajo-con-el-gobierno\\\/\"},\"wordCount\":680,\"commentCount\":0,\"publisher\":{\"@id\":\"https:\\\/\\\/www.eldiario.net\\\/portal\\\/#organization\"},\"image\":{\"@id\":\"https:\\\/\\\/www.eldiario.net\\\/portal\\\/2024\\\/04\\\/07\\\/confeagro-busca-establecer-una-agenda-de-trabajo-con-el-gobierno\\\/#primaryimage\"},\"thumbnailUrl\":\"https:\\\/\\\/www.eldiario.net\\\/portal\\\/wp-content\\\/uploads\\\/2023\\\/12\\\/Economia.jpg\",\"articleSection\":[\"Econom\u00eda\"],\"inLanguage\":\"es\",\"potentialAction\":[{\"@type\":\"CommentAction\",\"name\":\"Comment\",\"target\":[\"https:\\\/\\\/www.eldiario.net\\\/portal\\\/2024\\\/04\\\/07\\\/confeagro-busca-establecer-una-agenda-de-trabajo-con-el-gobierno\\\/#respond\"]}]},{\"@type\":\"WebPage\",\"@id\":\"https:\\\/\\\/www.eldiario.net\\\/portal\\\/2024\\\/04\\\/07\\\/confeagro-busca-establecer-una-agenda-de-trabajo-con-el-gobierno\\\/\",\"url\":\"https:\\\/\\\/www.eldiario.net\\\/portal\\\/2024\\\/04\\\/07\\\/confeagro-busca-establecer-una-agenda-de-trabajo-con-el-gobierno\\\/\",\"name\":\"Confeagro busca establecer una agenda de trabajo con el Gobierno - El Diario - Bolivia\",\"isPartOf\":{\"@id\":\"https:\\\/\\\/www.eldiario.net\\\/portal\\\/#website\"},\"primaryImageOfPage\":{\"@id\":\"https:\\\/\\\/www.eldiario.net\\\/portal\\\/2024\\\/04\\\/07\\\/confeagro-busca-establecer-una-agenda-de-trabajo-con-el-gobierno\\\/#primaryimage\"},\"image\":{\"@id\":\"https:\\\/\\\/www.eldiario.net\\\/portal\\\/2024\\\/04\\\/07\\\/confeagro-busca-establecer-una-agenda-de-trabajo-con-el-gobierno\\\/#primaryimage\"},\"thumbnailUrl\":\"https:\\\/\\\/www.eldiario.net\\\/portal\\\/wp-content\\\/uploads\\\/2023\\\/12\\\/Economia.jpg\",\"datePublished\":\"2024-04-07T11:07:38+00:00\",\"breadcrumb\":{\"@id\":\"https:\\\/\\\/www.eldiario.net\\\/portal\\\/2024\\\/04\\\/07\\\/confeagro-busca-establecer-una-agenda-de-trabajo-con-el-gobierno\\\/#breadcrumb\"},\"inLanguage\":\"es\",\"potentialAction\":[{\"@type\":\"ReadAction\",\"target\":[\"https:\\\/\\\/www.eldiario.net\\\/portal\\\/2024\\\/04\\\/07\\\/confeagro-busca-establecer-una-agenda-de-trabajo-con-el-gobierno\\\/\"]}]},{\"@type\":\"ImageObject\",\"inLanguage\":\"es\",\"@id\":\"https:\\\/\\\/www.eldiario.net\\\/portal\\\/2024\\\/04\\\/07\\\/confeagro-busca-establecer-una-agenda-de-trabajo-con-el-gobierno\\\/#primaryimage\",\"url\":\"https:\\\/\\\/www.eldiario.net\\\/portal\\\/wp-content\\\/uploads\\\/2023\\\/12\\\/Economia.jpg\",\"contentUrl\":\"https:\\\/\\\/www.eldiario.net\\\/portal\\\/wp-content\\\/uploads\\\/2023\\\/12\\\/Economia.jpg\",\"width\":800,\"height\":500},{\"@type\":\"BreadcrumbList\",\"@id\":\"https:\\\/\\\/www.eldiario.net\\\/portal\\\/2024\\\/04\\\/07\\\/confeagro-busca-establecer-una-agenda-de-trabajo-con-el-gobierno\\\/#breadcrumb\",\"itemListElement\":[{\"@type\":\"ListItem\",\"position\":1,\"name\":\"Portada\",\"item\":\"https:\\\/\\\/www.eldiario.net\\\/portal\\\/\"},{\"@type\":\"ListItem\",\"position\":2,\"name\":\"Confeagro busca establecer una agenda de trabajo con el Gobierno\"}]},{\"@type\":\"WebSite\",\"@id\":\"https:\\\/\\\/www.eldiario.net\\\/portal\\\/#website\",\"url\":\"https:\\\/\\\/www.eldiario.net\\\/portal\\\/\",\"name\":\"El Diario - Decano de la prensa nacional\",\"description\":\"El Diario - Decano de la prensa nacional\",\"publisher\":{\"@id\":\"https:\\\/\\\/www.eldiario.net\\\/portal\\\/#organization\"},\"potentialAction\":[{\"@type\":\"SearchAction\",\"target\":{\"@type\":\"EntryPoint\",\"urlTemplate\":\"https:\\\/\\\/www.eldiario.net\\\/portal\\\/?s={search_term_string}\"},\"query-input\":{\"@type\":\"PropertyValueSpecification\",\"valueRequired\":true,\"valueName\":\"search_term_string\"}}],\"inLanguage\":\"es\"},{\"@type\":\"Organization\",\"@id\":\"https:\\\/\\\/www.eldiario.net\\\/portal\\\/#organization\",\"name\":\"El Diario - Decano de la prensa nacional\",\"url\":\"https:\\\/\\\/www.eldiario.net\\\/portal\\\/\",\"logo\":{\"@type\":\"ImageObject\",\"inLanguage\":\"es\",\"@id\":\"https:\\\/\\\/www.eldiario.net\\\/portal\\\/#\\\/schema\\\/logo\\\/image\\\/\",\"url\":\"https:\\\/\\\/www.eldiario.net\\\/portal\\\/wp-content\\\/uploads\\\/2023\\\/07\\\/logo_ED.jpg\",\"contentUrl\":\"https:\\\/\\\/www.eldiario.net\\\/portal\\\/wp-content\\\/uploads\\\/2023\\\/07\\\/logo_ED.jpg\",\"width\":272,\"height\":52,\"caption\":\"El Diario - Decano de la prensa nacional\"},\"image\":{\"@id\":\"https:\\\/\\\/www.eldiario.net\\\/portal\\\/#\\\/schema\\\/logo\\\/image\\\/\"},\"sameAs\":[\"https:\\\/\\\/www.facebook.com\\\/eldiario.bolivia\\\/\",\"https:\\\/\\\/x.com\\\/eldiario_net\"]},{\"@type\":\"Person\",\"@id\":\"https:\\\/\\\/www.eldiario.net\\\/portal\\\/#\\\/schema\\\/person\\\/f46445640444750d7d753ccd04ae01b7\",\"name\":\"Jeanette\",\"image\":{\"@type\":\"ImageObject\",\"inLanguage\":\"es\",\"@id\":\"https:\\\/\\\/secure.gravatar.com\\\/avatar\\\/3ea2118a5f7dad2b7138b1187a6b7ee55f160b9968b66013c3a3ef39dd7e5798?s=96&d=mm&r=g\",\"url\":\"https:\\\/\\\/secure.gravatar.com\\\/avatar\\\/3ea2118a5f7dad2b7138b1187a6b7ee55f160b9968b66013c3a3ef39dd7e5798?s=96&d=mm&r=g\",\"contentUrl\":\"https:\\\/\\\/secure.gravatar.com\\\/avatar\\\/3ea2118a5f7dad2b7138b1187a6b7ee55f160b9968b66013c3a3ef39dd7e5798?s=96&d=mm&r=g\",\"caption\":\"Jeanette\"},\"sameAs\":[\"https:\\\/\\\/www.eldiario.net\\\/portal\"],\"url\":\"https:\\\/\\\/www.eldiario.net\\\/portal\\\/author\\\/jeanette\\\/\"}]}<\/script>\n<!-- \/ Yoast SEO plugin. -->","yoast_head_json":{"title":"Confeagro busca establecer una agenda de trabajo con el Gobierno - El Diario - Bolivia","robots":{"index":"index","follow":"follow","max-snippet":"max-snippet:-1","max-image-preview":"max-image-preview:large","max-video-preview":"max-video-preview:-1"},"canonical":"https:\/\/www.eldiario.net\/portal\/2024\/04\/07\/confeagro-busca-establecer-una-agenda-de-trabajo-con-el-gobierno\/","og_locale":"es_ES","og_type":"article","og_title":"Confeagro busca establecer una agenda de trabajo con el Gobierno - El Diario - Bolivia","og_description":"La Confederaci\u00f3n Agropecuaria Nacional (Confeagro), que agrupa a los productores agropecuarios de todo el pa\u00eds, a la cabeza de su presidente Jos\u00e9 Luis Farah Paz, busca una agenda de trabajo con el Gobierno en temas de alta preocupaci\u00f3n para el sector, como avasallamientos, biotecnolog\u00eda, falta de divisas, falta de carburantes, la peque\u00f1a propiedad, el contrabando, [&hellip;]","og_url":"https:\/\/www.eldiario.net\/portal\/2024\/04\/07\/confeagro-busca-establecer-una-agenda-de-trabajo-con-el-gobierno\/","og_site_name":"El Diario - Bolivia","article_publisher":"https:\/\/www.facebook.com\/eldiario.bolivia\/","article_published_time":"2024-04-07T11:07:38+00:00","og_image":[{"width":800,"height":500,"url":"https:\/\/www.eldiario.net\/portal\/wp-content\/uploads\/2023\/12\/Economia.jpg","type":"image\/jpeg"}],"author":"Jeanette","twitter_card":"summary_large_image","twitter_creator":"@eldiario_net","twitter_site":"@eldiario_net","twitter_misc":{"Escrito por":"Jeanette","Tiempo de lectura":"4 minutos"},"schema":{"@context":"https:\/\/schema.org","@graph":[{"@type":"Article","@id":"https:\/\/www.eldiario.net\/portal\/2024\/04\/07\/confeagro-busca-establecer-una-agenda-de-trabajo-con-el-gobierno\/#article","isPartOf":{"@id":"https:\/\/www.eldiario.net\/portal\/2024\/04\/07\/confeagro-busca-establecer-una-agenda-de-trabajo-con-el-gobierno\/"},"author":{"name":"Jeanette","@id":"https:\/\/www.eldiario.net\/portal\/#\/schema\/person\/f46445640444750d7d753ccd04ae01b7"},"headline":"Confeagro busca establecer una agenda de trabajo con el Gobierno","datePublished":"2024-04-07T11:07:38+00:00","mainEntityOfPage":{"@id":"https:\/\/www.eldiario.net\/portal\/2024\/04\/07\/confeagro-busca-establecer-una-agenda-de-trabajo-con-el-gobierno\/"},"wordCount":680,"commentCount":0,"publisher":{"@id":"https:\/\/www.eldiario.net\/portal\/#organization"},"image":{"@id":"https:\/\/www.eldiario.net\/portal\/2024\/04\/07\/confeagro-busca-establecer-una-agenda-de-trabajo-con-el-gobierno\/#primaryimage"},"thumbnailUrl":"https:\/\/www.eldiario.net\/portal\/wp-content\/uploads\/2023\/12\/Economia.jpg","articleSection":["Econom\u00eda"],"inLanguage":"es","potentialAction":[{"@type":"CommentAction","name":"Comment","target":["https:\/\/www.eldiario.net\/portal\/2024\/04\/07\/confeagro-busca-establecer-una-agenda-de-trabajo-con-el-gobierno\/#respond"]}]},{"@type":"WebPage","@id":"https:\/\/www.eldiario.net\/portal\/2024\/04\/07\/confeagro-busca-establecer-una-agenda-de-trabajo-con-el-gobierno\/","url":"https:\/\/www.eldiario.net\/portal\/2024\/04\/07\/confeagro-busca-establecer-una-agenda-de-trabajo-con-el-gobierno\/","name":"Confeagro busca establecer una agenda de trabajo con el Gobierno - El Diario - Bolivia","isPartOf":{"@id":"https:\/\/www.eldiario.net\/portal\/#website"},"primaryImageOfPage":{"@id":"https:\/\/www.eldiario.net\/portal\/2024\/04\/07\/confeagro-busca-establecer-una-agenda-de-trabajo-con-el-gobierno\/#primaryimage"},"image":{"@id":"https:\/\/www.eldiario.net\/portal\/2024\/04\/07\/confeagro-busca-establecer-una-agenda-de-trabajo-con-el-gobierno\/#primaryimage"},"thumbnailUrl":"https:\/\/www.eldiario.net\/portal\/wp-content\/uploads\/2023\/12\/Economia.jpg","datePublished":"2024-04-07T11:07:38+00:00","breadcrumb":{"@id":"https:\/\/www.eldiario.net\/portal\/2024\/04\/07\/confeagro-busca-establecer-una-agenda-de-trabajo-con-el-gobierno\/#breadcrumb"},"inLanguage":"es","potentialAction":[{"@type":"ReadAction","target":["https:\/\/www.eldiario.net\/portal\/2024\/04\/07\/confeagro-busca-establecer-una-agenda-de-trabajo-con-el-gobierno\/"]}]},{"@type":"ImageObject","inLanguage":"es","@id":"https:\/\/www.eldiario.net\/portal\/2024\/04\/07\/confeagro-busca-establecer-una-agenda-de-trabajo-con-el-gobierno\/#primaryimage","url":"https:\/\/www.eldiario.net\/portal\/wp-content\/uploads\/2023\/12\/Economia.jpg","contentUrl":"https:\/\/www.eldiario.net\/portal\/wp-content\/uploads\/2023\/12\/Economia.jpg","width":800,"height":500},{"@type":"BreadcrumbList","@id":"https:\/\/www.eldiario.net\/portal\/2024\/04\/07\/confeagro-busca-establecer-una-agenda-de-trabajo-con-el-gobierno\/#breadcrumb","itemListElement":[{"@type":"ListItem","position":1,"name":"Portada","item":"https:\/\/www.eldiario.net\/portal\/"},{"@type":"ListItem","position":2,"name":"Confeagro busca establecer una agenda de trabajo con el Gobierno"}]},{"@type":"WebSite","@id":"https:\/\/www.eldiario.net\/portal\/#website","url":"https:\/\/www.eldiario.net\/portal\/","name":"El Diario - Decano de la prensa nacional","description":"El Diario - Decano de la prensa nacional","publisher":{"@id":"https:\/\/www.eldiario.net\/portal\/#organization"},"potentialAction":[{"@type":"SearchAction","target":{"@type":"EntryPoint","urlTemplate":"https:\/\/www.eldiario.net\/portal\/?s={search_term_string}"},"query-input":{"@type":"PropertyValueSpecification","valueRequired":true,"valueName":"search_term_string"}}],"inLanguage":"es"},{"@type":"Organization","@id":"https:\/\/www.eldiario.net\/portal\/#organization","name":"El Diario - Decano de la prensa nacional","url":"https:\/\/www.eldiario.net\/portal\/","logo":{"@type":"ImageObject","inLanguage":"es","@id":"https:\/\/www.eldiario.net\/portal\/#\/schema\/logo\/image\/","url":"https:\/\/www.eldiario.net\/portal\/wp-content\/uploads\/2023\/07\/logo_ED.jpg","contentUrl":"https:\/\/www.eldiario.net\/portal\/wp-content\/uploads\/2023\/07\/logo_ED.jpg","width":272,"height":52,"caption":"El Diario - Decano de la prensa nacional"},"image":{"@id":"https:\/\/www.eldiario.net\/portal\/#\/schema\/logo\/image\/"},"sameAs":["https:\/\/www.facebook.com\/eldiario.bolivia\/","https:\/\/x.com\/eldiario_net"]},{"@type":"Person","@id":"https:\/\/www.eldiario.net\/portal\/#\/schema\/person\/f46445640444750d7d753ccd04ae01b7","name":"Jeanette","image":{"@type":"ImageObject","inLanguage":"es","@id":"https:\/\/secure.gravatar.com\/avatar\/3ea2118a5f7dad2b7138b1187a6b7ee55f160b9968b66013c3a3ef39dd7e5798?s=96&d=mm&r=g","url":"https:\/\/secure.gravatar.com\/avatar\/3ea2118a5f7dad2b7138b1187a6b7ee55f160b9968b66013c3a3ef39dd7e5798?s=96&d=mm&r=g","contentUrl":"https:\/\/secure.gravatar.com\/avatar\/3ea2118a5f7dad2b7138b1187a6b7ee55f160b9968b66013c3a3ef39dd7e5798?s=96&d=mm&r=g","caption":"Jeanette"},"sameAs":["https:\/\/www.eldiario.net\/portal"],"url":"https:\/\/www.eldiario.net\/portal\/author\/jeanette\/"}]}},"_links":{"self":[{"href":"https:\/\/www.eldiario.net\/portal\/wp-json\/wp\/v2\/posts\/212772","targetHints":{"allow":["GET"]}}],"collection":[{"href":"https:\/\/www.eldiario.net\/portal\/wp-json\/wp\/v2\/posts"}],"about":[{"href":"https:\/\/www.eldiario.net\/portal\/wp-json\/wp\/v2\/types\/post"}],"author":[{"embeddable":true,"href":"https:\/\/www.eldiario.net\/portal\/wp-json\/wp\/v2\/users\/1"}],"replies":[{"embeddable":true,"href":"https:\/\/www.eldiario.net\/portal\/wp-json\/wp\/v2\/comments?post=212772"}],"version-history":[{"count":1,"href":"https:\/\/www.eldiario.net\/portal\/wp-json\/wp\/v2\/posts\/212772\/revisions"}],"predecessor-version":[{"id":212773,"href":"https:\/\/www.eldiario.net\/portal\/wp-json\/wp\/v2\/posts\/212772\/revisions\/212773"}],"wp:featuredmedia":[{"embeddable":true,"href":"https:\/\/www.eldiario.net\/portal\/wp-json\/wp\/v2\/media\/194689"}],"wp:attachment":[{"href":"https:\/\/www.eldiario.net\/portal\/wp-json\/wp\/v2\/media?parent=212772"}],"wp:term":[{"taxonomy":"category","embeddable":true,"href":"https:\/\/www.eldiario.net\/portal\/wp-json\/wp\/v2\/categories?post=212772"},{"taxonomy":"post_tag","embeddable":true,"href":"https:\/\/www.eldiario.net\/portal\/wp-json\/wp\/v2\/tags?post=212772"}],"curies":[{"name":"wp","href":"https:\/\/api.w.org\/{rel}","templated":true}]}}