{"id":212767,"date":"2024-04-07T07:05:23","date_gmt":"2024-04-07T11:05:23","guid":{"rendered":"https:\/\/www.eldiario.net\/portal\/?p=212767"},"modified":"2024-04-07T07:05:23","modified_gmt":"2024-04-07T11:05:23","slug":"la-cepb-promoviendo-el-sector-empresarial-del-pais","status":"publish","type":"post","link":"https:\/\/www.eldiario.net\/portal\/2024\/04\/07\/la-cepb-promoviendo-el-sector-empresarial-del-pais\/","title":{"rendered":"La CEPB, promoviendo el sector empresarial del pa\u00eds"},"content":{"rendered":"<p>Fue el 4 de septiembre de 1962 cuando un grupo de empresarios visionarios, reunidos en instalaciones de la C\u00e1mara Nacional de Comercio, decidi\u00f3 unir e integrar a las organizaciones destacadas del sector en una entidad nacional de car\u00e1cter gremial, con capacidad de interpretar los prop\u00f3sitos y anhelos de la comunidad empresarial, fortaleciendo su presencia en la sociedad boliviana y armonizando sus intereses particulares con los intereses empresariales y del desarrollo del pa\u00eds.<br \/>\nEstamos hablando de la Confederaci\u00f3n de Empresarios Privados de Bolivia (CEPB), que empez\u00f3 a operar con el nombre de Uni\u00f3n de Instituciones Econ\u00f3micas Privadas de Bolivia. La conformaron los sectores de comercio, industria, miner\u00eda, banca y aseguradores. Su primer Directorio tuvo como presidente a Enrique Garc\u00eda Iturralde, acompa\u00f1ado por Jos\u00e9 Romero Loza, Lucio Alv\u00e9stegui, Jorge J\u00e1uregui, Humberto de Rada, Claudio Sanjin\u00e9s y Jos\u00e9 Manuel Handal. La Resoluci\u00f3n Suprema 124.419, de 23 febrero de 1964, le otorg\u00f3 su personer\u00eda jur\u00eddica.<br \/>\nLa Confederaci\u00f3n de Empresas Privadas de Bolivia es una organizaci\u00f3n que agrupa a las empresas privadas del pa\u00eds para representar y defender sus intereses ante el gobierno y otros actores relevantes. Su objetivo fundamental es promover la iniciativa privada, contribuir al desarrollo econ\u00f3mico y social del pa\u00eds, preservando y promoviendo su funci\u00f3n creadora de valor y de generaci\u00f3n de empleo.<br \/>\nLa CEPB trabaja en la capacitaci\u00f3n y formaci\u00f3n de empresarios y emprendedores, brind\u00e1ndoles herramientas y conocimientos para mejorar sus habilidades de gesti\u00f3n y competitividad. Adem\u00e1s, busca proporcionar asesoramiento y apoyo t\u00e9cnico a las empresas en diferentes \u00e1reas. En cuanto a las perspectivas futuras de la CEPB, se espera que contin\u00fae desempe\u00f1ando un papel relevante con las universidades privadas de Bolivia, promoviendo intereses empresariales a trav\u00e9s del desarrollo de la inteligencia artificial, la econom\u00eda 4.0 del talento, la econom\u00eda naranja y la econom\u00eda circular.<br \/>\nSe espera que la CEPB contin\u00fae trabajando en la b\u00fasqueda de soluciones y propuestas que impulsen la competitividad y el crecimiento del sector privado. Adem\u00e1s, la CEPB tambi\u00e9n debe desempe\u00f1ar un papel importante en la promoci\u00f3n de la responsabilidad social y ambiental empresarial, as\u00ed como la adopci\u00f3n de pr\u00e1cticas empresariales sostenibles y \u00e9ticas. Estas son tendencias internacionales que cada vez cobran m\u00e1s importancia y que podr\u00edan marcar la agenda futura de la CEPB y su interacci\u00f3n con otras organizaciones y actores relevantes en Bolivia.<br \/>\nCumpliendo sus objetivos y funciones, la CEPB plante\u00f3 en reiteradas oportunidades la necesidad de di\u00e1logo entre el Gobierno nacional y el empresariado del pa\u00eds.<br \/>\nHace poco tiempo que este di\u00e1logo se puso en marcha, para buscar en conjunto las soluciones pertinentes para superar la crisis econ\u00f3mica nacional. El di\u00e1logo p\u00fablico privado ha coadyuvado con el establecimiento del \u201cAcuerdo econ\u00f3mico, productivo y empresarial\u201d, el cual contiene 10 puntos entre los que destaca generar mayor confianza en el ciudadano boliviano y la econom\u00eda del pa\u00eds, a trav\u00e9s del incremento y apertura de las exportaciones, medidas para aliviar la provisi\u00f3n de d\u00f3lares y el abastecimiento de combustibles, entre ellos la instalaci\u00f3n de plantas de biodi\u00e9sel.<br \/>\nLa posici\u00f3n de la CEPB es la misma que la del Consejo Consultivo Empresarial Andino (CCEA), que en su XXVI Reuni\u00f3n exhort\u00f3 a sus respectivos gobiernos a \u201cmantener y viabilizar pol\u00edticas p\u00fablicas que incluyan al sector privado como actor importante para el desarrollo y el crecimiento econ\u00f3mico\u201d, y sugiri\u00f3 propiciar condiciones normativas e institucionales que animen la inversi\u00f3n, la generaci\u00f3n de empleo y la innovaci\u00f3n.<br \/>\nLa Confederaci\u00f3n de Empresarios Privados de Bolivia no solo vela por los intereses empresariales, sino tambi\u00e9n por cuidar los intereses nacionales. Es por eso, que la Comisi\u00f3n de Aplicaci\u00f3n de Normas de la OIT, tras un largo debate en el que participaron delegados de la CEPB, del Ministerio de Trabajo y la COB, estableci\u00f3 que el sector privado boliviano ha sido excluido por el gobierno de las consultas exhaustivas y en igualdad de condiciones, del proceso de fijaci\u00f3n de salarios m\u00ednimos nacionales, establecido en el Convenio 131. La Comisi\u00f3n exhort\u00f3 al Gobierno boliviano a realizar consultas exhaustivas de buena fe con las organizaciones de empleadores y de trabajadores sobre la fijaci\u00f3n de salarios m\u00ednimos.<br \/>\nTodos los sectores empresariales del pa\u00eds han rechazado la propuesta del incremento salarial para esta gesti\u00f3n, considerando la inflaci\u00f3n y el bajo crecimiento econ\u00f3mico nacional.<\/p>\n<p>El autor es Licenciado en econom\u00eda de la UMSA, doctorado Ph.D. en Relaciones Internaciones de la Universidad del Salvador de Argentina, Acad\u00e9mico de N\u00famero de la ABCE y Presidente de la Federaci\u00f3n de Empresarios Privados de La Paz (FEPLP).<\/p>\n","protected":false},"excerpt":{"rendered":"<p>Fue el 4 de septiembre de 1962 cuando un grupo de empresarios visionarios, reunidos en instalaciones de la C\u00e1mara Nacional de Comercio, decidi\u00f3 unir e integrar a las organizaciones destacadas del sector en una entidad nacional de car\u00e1cter gremial, con capacidad de interpretar los prop\u00f3sitos y anhelos de la comunidad empresarial, fortaleciendo su presencia en [&hellip;]<\/p>\n","protected":false},"author":1,"featured_media":158113,"comment_status":"open","ping_status":"open","sticky":false,"template":"","format":"standard","meta":{"_acf_changed":false,"footnotes":""},"categories":[9],"tags":[],"class_list":["post-212767","post","type-post","status-publish","format-standard","has-post-thumbnail","category-opinion"],"acf":{"antetitulo":""},"yoast_head":"<!-- This site is optimized with the Yoast SEO plugin v28.3 - https:\/\/yoast.com\/product\/yoast-seo-wordpress\/ -->\n<title>La CEPB, promoviendo el sector empresarial del pa\u00eds - El Diario - Bolivia<\/title>\n<meta name=\"robots\" content=\"index, follow, max-snippet:-1, max-image-preview:large, max-video-preview:-1\" \/>\n<link rel=\"canonical\" href=\"https:\/\/www.eldiario.net\/portal\/2024\/04\/07\/la-cepb-promoviendo-el-sector-empresarial-del-pais\/\" \/>\n<meta property=\"og:locale\" content=\"es_ES\" \/>\n<meta property=\"og:type\" content=\"article\" \/>\n<meta property=\"og:title\" content=\"La CEPB, promoviendo el sector empresarial del pa\u00eds - El Diario - Bolivia\" \/>\n<meta property=\"og:description\" content=\"Fue el 4 de septiembre de 1962 cuando un grupo de empresarios visionarios, reunidos en instalaciones de la C\u00e1mara Nacional de Comercio, decidi\u00f3 unir e integrar a las organizaciones destacadas del sector en una entidad nacional de car\u00e1cter gremial, con capacidad de interpretar los prop\u00f3sitos y anhelos de la comunidad empresarial, fortaleciendo su presencia en [&hellip;]\" \/>\n<meta property=\"og:url\" content=\"https:\/\/www.eldiario.net\/portal\/2024\/04\/07\/la-cepb-promoviendo-el-sector-empresarial-del-pais\/\" \/>\n<meta property=\"og:site_name\" content=\"El Diario - Bolivia\" \/>\n<meta property=\"article:publisher\" content=\"https:\/\/www.facebook.com\/eldiario.bolivia\/\" \/>\n<meta property=\"article:published_time\" content=\"2024-04-07T11:05:23+00:00\" \/>\n<meta property=\"og:image\" content=\"https:\/\/www.eldiario.net\/portal\/wp-content\/uploads\/2023\/06\/Rolando-Kempff-Bacigalupo2.jpg\" \/>\n\t<meta property=\"og:image:width\" content=\"1200\" \/>\n\t<meta property=\"og:image:height\" content=\"628\" \/>\n\t<meta property=\"og:image:type\" content=\"image\/jpeg\" \/>\n<meta name=\"author\" content=\"Jeanette\" \/>\n<meta name=\"twitter:card\" content=\"summary_large_image\" \/>\n<meta name=\"twitter:creator\" content=\"@eldiario_net\" \/>\n<meta name=\"twitter:site\" content=\"@eldiario_net\" \/>\n<meta name=\"twitter:label1\" content=\"Escrito por\" \/>\n\t<meta name=\"twitter:data1\" content=\"Jeanette\" \/>\n\t<meta name=\"twitter:label2\" content=\"Tiempo de lectura\" \/>\n\t<meta name=\"twitter:data2\" content=\"4 minutos\" \/>\n<script type=\"application\/ld+json\" class=\"yoast-schema-graph\">{\"@context\":\"https:\\\/\\\/schema.org\",\"@graph\":[{\"@type\":\"Article\",\"@id\":\"https:\\\/\\\/www.eldiario.net\\\/portal\\\/2024\\\/04\\\/07\\\/la-cepb-promoviendo-el-sector-empresarial-del-pais\\\/#article\",\"isPartOf\":{\"@id\":\"https:\\\/\\\/www.eldiario.net\\\/portal\\\/2024\\\/04\\\/07\\\/la-cepb-promoviendo-el-sector-empresarial-del-pais\\\/\"},\"author\":{\"name\":\"Jeanette\",\"@id\":\"https:\\\/\\\/www.eldiario.net\\\/portal\\\/#\\\/schema\\\/person\\\/f46445640444750d7d753ccd04ae01b7\"},\"headline\":\"La CEPB, promoviendo el sector empresarial del pa\u00eds\",\"datePublished\":\"2024-04-07T11:05:23+00:00\",\"mainEntityOfPage\":{\"@id\":\"https:\\\/\\\/www.eldiario.net\\\/portal\\\/2024\\\/04\\\/07\\\/la-cepb-promoviendo-el-sector-empresarial-del-pais\\\/\"},\"wordCount\":820,\"commentCount\":0,\"publisher\":{\"@id\":\"https:\\\/\\\/www.eldiario.net\\\/portal\\\/#organization\"},\"image\":{\"@id\":\"https:\\\/\\\/www.eldiario.net\\\/portal\\\/2024\\\/04\\\/07\\\/la-cepb-promoviendo-el-sector-empresarial-del-pais\\\/#primaryimage\"},\"thumbnailUrl\":\"https:\\\/\\\/www.eldiario.net\\\/portal\\\/wp-content\\\/uploads\\\/2023\\\/06\\\/Rolando-Kempff-Bacigalupo2.jpg\",\"articleSection\":[\"Opini\u00f3n\"],\"inLanguage\":\"es\",\"potentialAction\":[{\"@type\":\"CommentAction\",\"name\":\"Comment\",\"target\":[\"https:\\\/\\\/www.eldiario.net\\\/portal\\\/2024\\\/04\\\/07\\\/la-cepb-promoviendo-el-sector-empresarial-del-pais\\\/#respond\"]}]},{\"@type\":\"WebPage\",\"@id\":\"https:\\\/\\\/www.eldiario.net\\\/portal\\\/2024\\\/04\\\/07\\\/la-cepb-promoviendo-el-sector-empresarial-del-pais\\\/\",\"url\":\"https:\\\/\\\/www.eldiario.net\\\/portal\\\/2024\\\/04\\\/07\\\/la-cepb-promoviendo-el-sector-empresarial-del-pais\\\/\",\"name\":\"La CEPB, promoviendo el sector empresarial del pa\u00eds - El Diario - Bolivia\",\"isPartOf\":{\"@id\":\"https:\\\/\\\/www.eldiario.net\\\/portal\\\/#website\"},\"primaryImageOfPage\":{\"@id\":\"https:\\\/\\\/www.eldiario.net\\\/portal\\\/2024\\\/04\\\/07\\\/la-cepb-promoviendo-el-sector-empresarial-del-pais\\\/#primaryimage\"},\"image\":{\"@id\":\"https:\\\/\\\/www.eldiario.net\\\/portal\\\/2024\\\/04\\\/07\\\/la-cepb-promoviendo-el-sector-empresarial-del-pais\\\/#primaryimage\"},\"thumbnailUrl\":\"https:\\\/\\\/www.eldiario.net\\\/portal\\\/wp-content\\\/uploads\\\/2023\\\/06\\\/Rolando-Kempff-Bacigalupo2.jpg\",\"datePublished\":\"2024-04-07T11:05:23+00:00\",\"breadcrumb\":{\"@id\":\"https:\\\/\\\/www.eldiario.net\\\/portal\\\/2024\\\/04\\\/07\\\/la-cepb-promoviendo-el-sector-empresarial-del-pais\\\/#breadcrumb\"},\"inLanguage\":\"es\",\"potentialAction\":[{\"@type\":\"ReadAction\",\"target\":[\"https:\\\/\\\/www.eldiario.net\\\/portal\\\/2024\\\/04\\\/07\\\/la-cepb-promoviendo-el-sector-empresarial-del-pais\\\/\"]}]},{\"@type\":\"ImageObject\",\"inLanguage\":\"es\",\"@id\":\"https:\\\/\\\/www.eldiario.net\\\/portal\\\/2024\\\/04\\\/07\\\/la-cepb-promoviendo-el-sector-empresarial-del-pais\\\/#primaryimage\",\"url\":\"https:\\\/\\\/www.eldiario.net\\\/portal\\\/wp-content\\\/uploads\\\/2023\\\/06\\\/Rolando-Kempff-Bacigalupo2.jpg\",\"contentUrl\":\"https:\\\/\\\/www.eldiario.net\\\/portal\\\/wp-content\\\/uploads\\\/2023\\\/06\\\/Rolando-Kempff-Bacigalupo2.jpg\",\"width\":1200,\"height\":628},{\"@type\":\"BreadcrumbList\",\"@id\":\"https:\\\/\\\/www.eldiario.net\\\/portal\\\/2024\\\/04\\\/07\\\/la-cepb-promoviendo-el-sector-empresarial-del-pais\\\/#breadcrumb\",\"itemListElement\":[{\"@type\":\"ListItem\",\"position\":1,\"name\":\"Portada\",\"item\":\"https:\\\/\\\/www.eldiario.net\\\/portal\\\/\"},{\"@type\":\"ListItem\",\"position\":2,\"name\":\"La CEPB, promoviendo el sector empresarial del pa\u00eds\"}]},{\"@type\":\"WebSite\",\"@id\":\"https:\\\/\\\/www.eldiario.net\\\/portal\\\/#website\",\"url\":\"https:\\\/\\\/www.eldiario.net\\\/portal\\\/\",\"name\":\"El Diario - Decano de la prensa nacional\",\"description\":\"El Diario - Decano de la prensa nacional\",\"publisher\":{\"@id\":\"https:\\\/\\\/www.eldiario.net\\\/portal\\\/#organization\"},\"potentialAction\":[{\"@type\":\"SearchAction\",\"target\":{\"@type\":\"EntryPoint\",\"urlTemplate\":\"https:\\\/\\\/www.eldiario.net\\\/portal\\\/?s={search_term_string}\"},\"query-input\":{\"@type\":\"PropertyValueSpecification\",\"valueRequired\":true,\"valueName\":\"search_term_string\"}}],\"inLanguage\":\"es\"},{\"@type\":\"Organization\",\"@id\":\"https:\\\/\\\/www.eldiario.net\\\/portal\\\/#organization\",\"name\":\"El Diario - Decano de la prensa nacional\",\"url\":\"https:\\\/\\\/www.eldiario.net\\\/portal\\\/\",\"logo\":{\"@type\":\"ImageObject\",\"inLanguage\":\"es\",\"@id\":\"https:\\\/\\\/www.eldiario.net\\\/portal\\\/#\\\/schema\\\/logo\\\/image\\\/\",\"url\":\"https:\\\/\\\/www.eldiario.net\\\/portal\\\/wp-content\\\/uploads\\\/2023\\\/07\\\/logo_ED.jpg\",\"contentUrl\":\"https:\\\/\\\/www.eldiario.net\\\/portal\\\/wp-content\\\/uploads\\\/2023\\\/07\\\/logo_ED.jpg\",\"width\":272,\"height\":52,\"caption\":\"El Diario - Decano de la prensa nacional\"},\"image\":{\"@id\":\"https:\\\/\\\/www.eldiario.net\\\/portal\\\/#\\\/schema\\\/logo\\\/image\\\/\"},\"sameAs\":[\"https:\\\/\\\/www.facebook.com\\\/eldiario.bolivia\\\/\",\"https:\\\/\\\/x.com\\\/eldiario_net\"]},{\"@type\":\"Person\",\"@id\":\"https:\\\/\\\/www.eldiario.net\\\/portal\\\/#\\\/schema\\\/person\\\/f46445640444750d7d753ccd04ae01b7\",\"name\":\"Jeanette\",\"image\":{\"@type\":\"ImageObject\",\"inLanguage\":\"es\",\"@id\":\"https:\\\/\\\/secure.gravatar.com\\\/avatar\\\/3ea2118a5f7dad2b7138b1187a6b7ee55f160b9968b66013c3a3ef39dd7e5798?s=96&d=mm&r=g\",\"url\":\"https:\\\/\\\/secure.gravatar.com\\\/avatar\\\/3ea2118a5f7dad2b7138b1187a6b7ee55f160b9968b66013c3a3ef39dd7e5798?s=96&d=mm&r=g\",\"contentUrl\":\"https:\\\/\\\/secure.gravatar.com\\\/avatar\\\/3ea2118a5f7dad2b7138b1187a6b7ee55f160b9968b66013c3a3ef39dd7e5798?s=96&d=mm&r=g\",\"caption\":\"Jeanette\"},\"sameAs\":[\"https:\\\/\\\/www.eldiario.net\\\/portal\"],\"url\":\"https:\\\/\\\/www.eldiario.net\\\/portal\\\/author\\\/jeanette\\\/\"}]}<\/script>\n<!-- \/ Yoast SEO plugin. -->","yoast_head_json":{"title":"La CEPB, promoviendo el sector empresarial del pa\u00eds - El Diario - Bolivia","robots":{"index":"index","follow":"follow","max-snippet":"max-snippet:-1","max-image-preview":"max-image-preview:large","max-video-preview":"max-video-preview:-1"},"canonical":"https:\/\/www.eldiario.net\/portal\/2024\/04\/07\/la-cepb-promoviendo-el-sector-empresarial-del-pais\/","og_locale":"es_ES","og_type":"article","og_title":"La CEPB, promoviendo el sector empresarial del pa\u00eds - El Diario - Bolivia","og_description":"Fue el 4 de septiembre de 1962 cuando un grupo de empresarios visionarios, reunidos en instalaciones de la C\u00e1mara Nacional de Comercio, decidi\u00f3 unir e integrar a las organizaciones destacadas del sector en una entidad nacional de car\u00e1cter gremial, con capacidad de interpretar los prop\u00f3sitos y anhelos de la comunidad empresarial, fortaleciendo su presencia en [&hellip;]","og_url":"https:\/\/www.eldiario.net\/portal\/2024\/04\/07\/la-cepb-promoviendo-el-sector-empresarial-del-pais\/","og_site_name":"El Diario - Bolivia","article_publisher":"https:\/\/www.facebook.com\/eldiario.bolivia\/","article_published_time":"2024-04-07T11:05:23+00:00","og_image":[{"width":1200,"height":628,"url":"https:\/\/www.eldiario.net\/portal\/wp-content\/uploads\/2023\/06\/Rolando-Kempff-Bacigalupo2.jpg","type":"image\/jpeg"}],"author":"Jeanette","twitter_card":"summary_large_image","twitter_creator":"@eldiario_net","twitter_site":"@eldiario_net","twitter_misc":{"Escrito por":"Jeanette","Tiempo de lectura":"4 minutos"},"schema":{"@context":"https:\/\/schema.org","@graph":[{"@type":"Article","@id":"https:\/\/www.eldiario.net\/portal\/2024\/04\/07\/la-cepb-promoviendo-el-sector-empresarial-del-pais\/#article","isPartOf":{"@id":"https:\/\/www.eldiario.net\/portal\/2024\/04\/07\/la-cepb-promoviendo-el-sector-empresarial-del-pais\/"},"author":{"name":"Jeanette","@id":"https:\/\/www.eldiario.net\/portal\/#\/schema\/person\/f46445640444750d7d753ccd04ae01b7"},"headline":"La CEPB, promoviendo el sector empresarial del pa\u00eds","datePublished":"2024-04-07T11:05:23+00:00","mainEntityOfPage":{"@id":"https:\/\/www.eldiario.net\/portal\/2024\/04\/07\/la-cepb-promoviendo-el-sector-empresarial-del-pais\/"},"wordCount":820,"commentCount":0,"publisher":{"@id":"https:\/\/www.eldiario.net\/portal\/#organization"},"image":{"@id":"https:\/\/www.eldiario.net\/portal\/2024\/04\/07\/la-cepb-promoviendo-el-sector-empresarial-del-pais\/#primaryimage"},"thumbnailUrl":"https:\/\/www.eldiario.net\/portal\/wp-content\/uploads\/2023\/06\/Rolando-Kempff-Bacigalupo2.jpg","articleSection":["Opini\u00f3n"],"inLanguage":"es","potentialAction":[{"@type":"CommentAction","name":"Comment","target":["https:\/\/www.eldiario.net\/portal\/2024\/04\/07\/la-cepb-promoviendo-el-sector-empresarial-del-pais\/#respond"]}]},{"@type":"WebPage","@id":"https:\/\/www.eldiario.net\/portal\/2024\/04\/07\/la-cepb-promoviendo-el-sector-empresarial-del-pais\/","url":"https:\/\/www.eldiario.net\/portal\/2024\/04\/07\/la-cepb-promoviendo-el-sector-empresarial-del-pais\/","name":"La CEPB, promoviendo el sector empresarial del pa\u00eds - El Diario - Bolivia","isPartOf":{"@id":"https:\/\/www.eldiario.net\/portal\/#website"},"primaryImageOfPage":{"@id":"https:\/\/www.eldiario.net\/portal\/2024\/04\/07\/la-cepb-promoviendo-el-sector-empresarial-del-pais\/#primaryimage"},"image":{"@id":"https:\/\/www.eldiario.net\/portal\/2024\/04\/07\/la-cepb-promoviendo-el-sector-empresarial-del-pais\/#primaryimage"},"thumbnailUrl":"https:\/\/www.eldiario.net\/portal\/wp-content\/uploads\/2023\/06\/Rolando-Kempff-Bacigalupo2.jpg","datePublished":"2024-04-07T11:05:23+00:00","breadcrumb":{"@id":"https:\/\/www.eldiario.net\/portal\/2024\/04\/07\/la-cepb-promoviendo-el-sector-empresarial-del-pais\/#breadcrumb"},"inLanguage":"es","potentialAction":[{"@type":"ReadAction","target":["https:\/\/www.eldiario.net\/portal\/2024\/04\/07\/la-cepb-promoviendo-el-sector-empresarial-del-pais\/"]}]},{"@type":"ImageObject","inLanguage":"es","@id":"https:\/\/www.eldiario.net\/portal\/2024\/04\/07\/la-cepb-promoviendo-el-sector-empresarial-del-pais\/#primaryimage","url":"https:\/\/www.eldiario.net\/portal\/wp-content\/uploads\/2023\/06\/Rolando-Kempff-Bacigalupo2.jpg","contentUrl":"https:\/\/www.eldiario.net\/portal\/wp-content\/uploads\/2023\/06\/Rolando-Kempff-Bacigalupo2.jpg","width":1200,"height":628},{"@type":"BreadcrumbList","@id":"https:\/\/www.eldiario.net\/portal\/2024\/04\/07\/la-cepb-promoviendo-el-sector-empresarial-del-pais\/#breadcrumb","itemListElement":[{"@type":"ListItem","position":1,"name":"Portada","item":"https:\/\/www.eldiario.net\/portal\/"},{"@type":"ListItem","position":2,"name":"La CEPB, promoviendo el sector empresarial del pa\u00eds"}]},{"@type":"WebSite","@id":"https:\/\/www.eldiario.net\/portal\/#website","url":"https:\/\/www.eldiario.net\/portal\/","name":"El Diario - Decano de la prensa nacional","description":"El Diario - Decano de la prensa nacional","publisher":{"@id":"https:\/\/www.eldiario.net\/portal\/#organization"},"potentialAction":[{"@type":"SearchAction","target":{"@type":"EntryPoint","urlTemplate":"https:\/\/www.eldiario.net\/portal\/?s={search_term_string}"},"query-input":{"@type":"PropertyValueSpecification","valueRequired":true,"valueName":"search_term_string"}}],"inLanguage":"es"},{"@type":"Organization","@id":"https:\/\/www.eldiario.net\/portal\/#organization","name":"El Diario - Decano de la prensa nacional","url":"https:\/\/www.eldiario.net\/portal\/","logo":{"@type":"ImageObject","inLanguage":"es","@id":"https:\/\/www.eldiario.net\/portal\/#\/schema\/logo\/image\/","url":"https:\/\/www.eldiario.net\/portal\/wp-content\/uploads\/2023\/07\/logo_ED.jpg","contentUrl":"https:\/\/www.eldiario.net\/portal\/wp-content\/uploads\/2023\/07\/logo_ED.jpg","width":272,"height":52,"caption":"El Diario - Decano de la prensa nacional"},"image":{"@id":"https:\/\/www.eldiario.net\/portal\/#\/schema\/logo\/image\/"},"sameAs":["https:\/\/www.facebook.com\/eldiario.bolivia\/","https:\/\/x.com\/eldiario_net"]},{"@type":"Person","@id":"https:\/\/www.eldiario.net\/portal\/#\/schema\/person\/f46445640444750d7d753ccd04ae01b7","name":"Jeanette","image":{"@type":"ImageObject","inLanguage":"es","@id":"https:\/\/secure.gravatar.com\/avatar\/3ea2118a5f7dad2b7138b1187a6b7ee55f160b9968b66013c3a3ef39dd7e5798?s=96&d=mm&r=g","url":"https:\/\/secure.gravatar.com\/avatar\/3ea2118a5f7dad2b7138b1187a6b7ee55f160b9968b66013c3a3ef39dd7e5798?s=96&d=mm&r=g","contentUrl":"https:\/\/secure.gravatar.com\/avatar\/3ea2118a5f7dad2b7138b1187a6b7ee55f160b9968b66013c3a3ef39dd7e5798?s=96&d=mm&r=g","caption":"Jeanette"},"sameAs":["https:\/\/www.eldiario.net\/portal"],"url":"https:\/\/www.eldiario.net\/portal\/author\/jeanette\/"}]}},"_links":{"self":[{"href":"https:\/\/www.eldiario.net\/portal\/wp-json\/wp\/v2\/posts\/212767","targetHints":{"allow":["GET"]}}],"collection":[{"href":"https:\/\/www.eldiario.net\/portal\/wp-json\/wp\/v2\/posts"}],"about":[{"href":"https:\/\/www.eldiario.net\/portal\/wp-json\/wp\/v2\/types\/post"}],"author":[{"embeddable":true,"href":"https:\/\/www.eldiario.net\/portal\/wp-json\/wp\/v2\/users\/1"}],"replies":[{"embeddable":true,"href":"https:\/\/www.eldiario.net\/portal\/wp-json\/wp\/v2\/comments?post=212767"}],"version-history":[{"count":1,"href":"https:\/\/www.eldiario.net\/portal\/wp-json\/wp\/v2\/posts\/212767\/revisions"}],"predecessor-version":[{"id":212768,"href":"https:\/\/www.eldiario.net\/portal\/wp-json\/wp\/v2\/posts\/212767\/revisions\/212768"}],"wp:featuredmedia":[{"embeddable":true,"href":"https:\/\/www.eldiario.net\/portal\/wp-json\/wp\/v2\/media\/158113"}],"wp:attachment":[{"href":"https:\/\/www.eldiario.net\/portal\/wp-json\/wp\/v2\/media?parent=212767"}],"wp:term":[{"taxonomy":"category","embeddable":true,"href":"https:\/\/www.eldiario.net\/portal\/wp-json\/wp\/v2\/categories?post=212767"},{"taxonomy":"post_tag","embeddable":true,"href":"https:\/\/www.eldiario.net\/portal\/wp-json\/wp\/v2\/tags?post=212767"}],"curies":[{"name":"wp","href":"https:\/\/api.w.org\/{rel}","templated":true}]}}