{"id":212754,"date":"2024-04-07T06:59:38","date_gmt":"2024-04-07T10:59:38","guid":{"rendered":"https:\/\/www.eldiario.net\/portal\/?p=212754"},"modified":"2024-04-07T06:59:38","modified_gmt":"2024-04-07T10:59:38","slug":"primera-deteccion-del-efecto-gloria-en-un-planeta-distante","status":"publish","type":"post","link":"https:\/\/www.eldiario.net\/portal\/2024\/04\/07\/primera-deteccion-del-efecto-gloria-en-un-planeta-distante\/","title":{"rendered":"Primera detecci\u00f3n del \u201cefecto  gloria\u201d en un planeta distante"},"content":{"rendered":"<p>Por primera vez, se detectaron posibles signos del \u201cefecto gloria\u201d, anillos conc\u00e9ntricos de luz similar a un arco\u00edris, en un planeta fuera de nuestro Sistema Solar.<br \/>\nLos datos del sensible sat\u00e9lite de caracterizaci\u00f3n de exoplanetas de la ESA, Cheops, junto con varias otras misiones de la ESA y la NASA, sugieren que este fen\u00f3meno \u00f3ptico est\u00e1 irradiando directamente a la Tierra desde la atm\u00f3sfera infernal del gigante gaseoso ultracaliente WASP-76b, a 637 a\u00f1os luz de distancia.<br \/>\nVisto a menudo en la Tierra, el efecto s\u00f3lo se encontr\u00f3 una vez en otro planeta, Venus. Si se confirma, esta primera gloria extrasolar revelar\u00e1 m\u00e1s sobre la naturaleza de este desconcertante exoplaneta, con emocionantes lecciones sobre c\u00f3mo comprender mejor mundos extra\u00f1os y distantes.<br \/>\nLos nuevos datos sugieren que entre el calor y la luz insoportables de la cara iluminada por el sol del exoplaneta WASP-76b y la noche interminable de su lado oscuro, puede estar la primera \u2039gloria\u203a extrasolar. El efecto, similar al arco iris, se produce cuando la luz se refleja en nubes formadas por una sustancia perfectamente uniforme, pero hasta ahora desconocida.<br \/>\n\u00abHay una raz\u00f3n por la que nunca antes se hab\u00eda visto una gloria fuera de nuestro Sistema Solar: requiere condiciones muy peculiares\u00bb, explica en un comunicado Olivier Demangeon, astr\u00f3nomo del Instituto de Astrof\u00edsica e Ci\u00eancias do Espa\u00e7o (Instituto de Astrof\u00edsica y Ciencias Espaciales) en Portugal y autor principal del estudio.<br \/>\n\u00abEn primer lugar, se necesitan part\u00edculas atmosf\u00e9ricas que sean casi perfectamente esf\u00e9ricas, completamente uniformes y lo suficientemente estables como para poder observarlas durante mucho tiempo. La estrella cercana al planeta necesita brillar directamente hacia \u00e9l, con el observador -en este caso Keops- en la orientaci\u00f3n correcta\u00bb, detall\u00f3.<br \/>\nSi se confirma, esta primera gloria exoplanetaria proporcionar\u00eda una hermosa herramienta para comprender m\u00e1s sobre el planeta y la estrella que lo form\u00f3.<br \/>\nWASP-76b es un planeta ultracaliente parecido a J\u00fapiter. Si bien es un 10% menos masivo que nuestro primo rayado, casi duplica su tama\u00f1o. Al orbitar estrechamente a su estrella anfitriona doce veces m\u00e1s cerca de lo que el chamuscado Mercurio \u00f3rbita alrededor de nuestro Sol, el exoplaneta est\u00e1 \u00abhinchado\u00bb por una intensa radiaci\u00f3n.<br \/>\nDesde su descubrimiento en 2013, WASP-76b fue objeto de un intenso escrutinio y surgi\u00f3 una imagen extra\u00f1amente infernal. Un lado del planeta siempre mira hacia el Sol y alcanza temperaturas de 2400 grados cent\u00edgrados. Aqu\u00ed, los elementos que formar\u00edan rocas en la Tierra se derriten y se evaporan, solo para condensarse en el lado nocturno ligeramente m\u00e1s fr\u00edo, creando nubes de hierro que gotean lluvia de hierro fundido.<br \/>\nPero los cient\u00edficos quedaron desconcertados por una aparente asimetr\u00eda, o inestabilidad, en las \u00abmiembros\u00bb de WASP-76b: sus regiones m\u00e1s externas vistas cuando pasa frente a su estrella anfitriona.<br \/>\nSi bien el \u201cefecto de gloria\u201d crea patrones parecidos a un arco\u00edris, los dos no son iguales. Los arco\u00edris se forman cuando la luz solar pasa de un medio con cierta densidad a otro con diferente densidad (por ejemplo, del aire al agua), lo que hace que su trayectoria se doble. (Europa Press)<\/p>\n","protected":false},"excerpt":{"rendered":"<p>Por primera vez, se detectaron posibles signos del \u201cefecto gloria\u201d, anillos conc\u00e9ntricos de luz similar a un arco\u00edris, en un planeta fuera de nuestro Sistema Solar. Los datos del sensible sat\u00e9lite de caracterizaci\u00f3n de exoplanetas de la ESA, Cheops, junto con varias otras misiones de la ESA y la NASA, sugieren que este fen\u00f3meno \u00f3ptico [&hellip;]<\/p>\n","protected":false},"author":1,"featured_media":212755,"comment_status":"open","ping_status":"open","sticky":false,"template":"","format":"standard","meta":{"_acf_changed":false,"footnotes":""},"categories":[3],"tags":[],"class_list":["post-212754","post","type-post","status-publish","format-standard","has-post-thumbnail","category-internacional"],"acf":{"antetitulo":""},"yoast_head":"<!-- This site is optimized with the Yoast SEO plugin v28.3 - https:\/\/yoast.com\/product\/yoast-seo-wordpress\/ -->\n<title>Primera detecci\u00f3n del \u201cefecto gloria\u201d en un planeta distante - El Diario - Bolivia<\/title>\n<meta name=\"robots\" content=\"index, follow, max-snippet:-1, max-image-preview:large, max-video-preview:-1\" \/>\n<link rel=\"canonical\" href=\"https:\/\/www.eldiario.net\/portal\/2024\/04\/07\/primera-deteccion-del-efecto-gloria-en-un-planeta-distante\/\" \/>\n<meta property=\"og:locale\" content=\"es_ES\" \/>\n<meta property=\"og:type\" content=\"article\" \/>\n<meta property=\"og:title\" content=\"Primera detecci\u00f3n del \u201cefecto gloria\u201d en un planeta distante - El Diario - Bolivia\" \/>\n<meta property=\"og:description\" content=\"Por primera vez, se detectaron posibles signos del \u201cefecto gloria\u201d, anillos conc\u00e9ntricos de luz similar a un arco\u00edris, en un planeta fuera de nuestro Sistema Solar. Los datos del sensible sat\u00e9lite de caracterizaci\u00f3n de exoplanetas de la ESA, Cheops, junto con varias otras misiones de la ESA y la NASA, sugieren que este fen\u00f3meno \u00f3ptico [&hellip;]\" \/>\n<meta property=\"og:url\" content=\"https:\/\/www.eldiario.net\/portal\/2024\/04\/07\/primera-deteccion-del-efecto-gloria-en-un-planeta-distante\/\" \/>\n<meta property=\"og:site_name\" content=\"El Diario - Bolivia\" \/>\n<meta property=\"article:publisher\" content=\"https:\/\/www.facebook.com\/eldiario.bolivia\/\" \/>\n<meta property=\"article:published_time\" content=\"2024-04-07T10:59:38+00:00\" \/>\n<meta property=\"og:image\" content=\"https:\/\/www.eldiario.net\/portal\/wp-content\/uploads\/2024\/04\/MURO-1.jpg\" \/>\n\t<meta property=\"og:image:width\" content=\"1280\" \/>\n\t<meta property=\"og:image:height\" content=\"720\" \/>\n\t<meta property=\"og:image:type\" content=\"image\/jpeg\" \/>\n<meta name=\"author\" content=\"Jeanette\" \/>\n<meta name=\"twitter:card\" content=\"summary_large_image\" \/>\n<meta name=\"twitter:creator\" content=\"@eldiario_net\" \/>\n<meta name=\"twitter:site\" content=\"@eldiario_net\" \/>\n<meta name=\"twitter:label1\" content=\"Escrito por\" \/>\n\t<meta name=\"twitter:data1\" content=\"Jeanette\" \/>\n\t<meta name=\"twitter:label2\" content=\"Tiempo de lectura\" \/>\n\t<meta name=\"twitter:data2\" content=\"3 minutos\" \/>\n<script type=\"application\/ld+json\" class=\"yoast-schema-graph\">{\"@context\":\"https:\\\/\\\/schema.org\",\"@graph\":[{\"@type\":\"Article\",\"@id\":\"https:\\\/\\\/www.eldiario.net\\\/portal\\\/2024\\\/04\\\/07\\\/primera-deteccion-del-efecto-gloria-en-un-planeta-distante\\\/#article\",\"isPartOf\":{\"@id\":\"https:\\\/\\\/www.eldiario.net\\\/portal\\\/2024\\\/04\\\/07\\\/primera-deteccion-del-efecto-gloria-en-un-planeta-distante\\\/\"},\"author\":{\"name\":\"Jeanette\",\"@id\":\"https:\\\/\\\/www.eldiario.net\\\/portal\\\/#\\\/schema\\\/person\\\/f46445640444750d7d753ccd04ae01b7\"},\"headline\":\"Primera detecci\u00f3n del \u201cefecto gloria\u201d en un planeta distante\",\"datePublished\":\"2024-04-07T10:59:38+00:00\",\"mainEntityOfPage\":{\"@id\":\"https:\\\/\\\/www.eldiario.net\\\/portal\\\/2024\\\/04\\\/07\\\/primera-deteccion-del-efecto-gloria-en-un-planeta-distante\\\/\"},\"wordCount\":552,\"commentCount\":0,\"publisher\":{\"@id\":\"https:\\\/\\\/www.eldiario.net\\\/portal\\\/#organization\"},\"image\":{\"@id\":\"https:\\\/\\\/www.eldiario.net\\\/portal\\\/2024\\\/04\\\/07\\\/primera-deteccion-del-efecto-gloria-en-un-planeta-distante\\\/#primaryimage\"},\"thumbnailUrl\":\"https:\\\/\\\/www.eldiario.net\\\/portal\\\/wp-content\\\/uploads\\\/2024\\\/04\\\/MURO-1.jpg\",\"articleSection\":[\"Internacional\"],\"inLanguage\":\"es\",\"potentialAction\":[{\"@type\":\"CommentAction\",\"name\":\"Comment\",\"target\":[\"https:\\\/\\\/www.eldiario.net\\\/portal\\\/2024\\\/04\\\/07\\\/primera-deteccion-del-efecto-gloria-en-un-planeta-distante\\\/#respond\"]}]},{\"@type\":\"WebPage\",\"@id\":\"https:\\\/\\\/www.eldiario.net\\\/portal\\\/2024\\\/04\\\/07\\\/primera-deteccion-del-efecto-gloria-en-un-planeta-distante\\\/\",\"url\":\"https:\\\/\\\/www.eldiario.net\\\/portal\\\/2024\\\/04\\\/07\\\/primera-deteccion-del-efecto-gloria-en-un-planeta-distante\\\/\",\"name\":\"Primera detecci\u00f3n del \u201cefecto gloria\u201d en un planeta distante - El Diario - Bolivia\",\"isPartOf\":{\"@id\":\"https:\\\/\\\/www.eldiario.net\\\/portal\\\/#website\"},\"primaryImageOfPage\":{\"@id\":\"https:\\\/\\\/www.eldiario.net\\\/portal\\\/2024\\\/04\\\/07\\\/primera-deteccion-del-efecto-gloria-en-un-planeta-distante\\\/#primaryimage\"},\"image\":{\"@id\":\"https:\\\/\\\/www.eldiario.net\\\/portal\\\/2024\\\/04\\\/07\\\/primera-deteccion-del-efecto-gloria-en-un-planeta-distante\\\/#primaryimage\"},\"thumbnailUrl\":\"https:\\\/\\\/www.eldiario.net\\\/portal\\\/wp-content\\\/uploads\\\/2024\\\/04\\\/MURO-1.jpg\",\"datePublished\":\"2024-04-07T10:59:38+00:00\",\"breadcrumb\":{\"@id\":\"https:\\\/\\\/www.eldiario.net\\\/portal\\\/2024\\\/04\\\/07\\\/primera-deteccion-del-efecto-gloria-en-un-planeta-distante\\\/#breadcrumb\"},\"inLanguage\":\"es\",\"potentialAction\":[{\"@type\":\"ReadAction\",\"target\":[\"https:\\\/\\\/www.eldiario.net\\\/portal\\\/2024\\\/04\\\/07\\\/primera-deteccion-del-efecto-gloria-en-un-planeta-distante\\\/\"]}]},{\"@type\":\"ImageObject\",\"inLanguage\":\"es\",\"@id\":\"https:\\\/\\\/www.eldiario.net\\\/portal\\\/2024\\\/04\\\/07\\\/primera-deteccion-del-efecto-gloria-en-un-planeta-distante\\\/#primaryimage\",\"url\":\"https:\\\/\\\/www.eldiario.net\\\/portal\\\/wp-content\\\/uploads\\\/2024\\\/04\\\/MURO-1.jpg\",\"contentUrl\":\"https:\\\/\\\/www.eldiario.net\\\/portal\\\/wp-content\\\/uploads\\\/2024\\\/04\\\/MURO-1.jpg\",\"width\":1280,\"height\":720,\"caption\":\"EL EFECTO ES IGUAL AL ARCO\u00cdRIS CUANDO LA LUZ SE REFLEJA EN NUBES.\"},{\"@type\":\"BreadcrumbList\",\"@id\":\"https:\\\/\\\/www.eldiario.net\\\/portal\\\/2024\\\/04\\\/07\\\/primera-deteccion-del-efecto-gloria-en-un-planeta-distante\\\/#breadcrumb\",\"itemListElement\":[{\"@type\":\"ListItem\",\"position\":1,\"name\":\"Portada\",\"item\":\"https:\\\/\\\/www.eldiario.net\\\/portal\\\/\"},{\"@type\":\"ListItem\",\"position\":2,\"name\":\"Primera detecci\u00f3n del \u201cefecto gloria\u201d en un planeta distante\"}]},{\"@type\":\"WebSite\",\"@id\":\"https:\\\/\\\/www.eldiario.net\\\/portal\\\/#website\",\"url\":\"https:\\\/\\\/www.eldiario.net\\\/portal\\\/\",\"name\":\"El Diario - Decano de la prensa nacional\",\"description\":\"El Diario - Decano de la prensa nacional\",\"publisher\":{\"@id\":\"https:\\\/\\\/www.eldiario.net\\\/portal\\\/#organization\"},\"potentialAction\":[{\"@type\":\"SearchAction\",\"target\":{\"@type\":\"EntryPoint\",\"urlTemplate\":\"https:\\\/\\\/www.eldiario.net\\\/portal\\\/?s={search_term_string}\"},\"query-input\":{\"@type\":\"PropertyValueSpecification\",\"valueRequired\":true,\"valueName\":\"search_term_string\"}}],\"inLanguage\":\"es\"},{\"@type\":\"Organization\",\"@id\":\"https:\\\/\\\/www.eldiario.net\\\/portal\\\/#organization\",\"name\":\"El Diario - Decano de la prensa nacional\",\"url\":\"https:\\\/\\\/www.eldiario.net\\\/portal\\\/\",\"logo\":{\"@type\":\"ImageObject\",\"inLanguage\":\"es\",\"@id\":\"https:\\\/\\\/www.eldiario.net\\\/portal\\\/#\\\/schema\\\/logo\\\/image\\\/\",\"url\":\"https:\\\/\\\/www.eldiario.net\\\/portal\\\/wp-content\\\/uploads\\\/2023\\\/07\\\/logo_ED.jpg\",\"contentUrl\":\"https:\\\/\\\/www.eldiario.net\\\/portal\\\/wp-content\\\/uploads\\\/2023\\\/07\\\/logo_ED.jpg\",\"width\":272,\"height\":52,\"caption\":\"El Diario - Decano de la prensa nacional\"},\"image\":{\"@id\":\"https:\\\/\\\/www.eldiario.net\\\/portal\\\/#\\\/schema\\\/logo\\\/image\\\/\"},\"sameAs\":[\"https:\\\/\\\/www.facebook.com\\\/eldiario.bolivia\\\/\",\"https:\\\/\\\/x.com\\\/eldiario_net\"]},{\"@type\":\"Person\",\"@id\":\"https:\\\/\\\/www.eldiario.net\\\/portal\\\/#\\\/schema\\\/person\\\/f46445640444750d7d753ccd04ae01b7\",\"name\":\"Jeanette\",\"image\":{\"@type\":\"ImageObject\",\"inLanguage\":\"es\",\"@id\":\"https:\\\/\\\/secure.gravatar.com\\\/avatar\\\/3ea2118a5f7dad2b7138b1187a6b7ee55f160b9968b66013c3a3ef39dd7e5798?s=96&d=mm&r=g\",\"url\":\"https:\\\/\\\/secure.gravatar.com\\\/avatar\\\/3ea2118a5f7dad2b7138b1187a6b7ee55f160b9968b66013c3a3ef39dd7e5798?s=96&d=mm&r=g\",\"contentUrl\":\"https:\\\/\\\/secure.gravatar.com\\\/avatar\\\/3ea2118a5f7dad2b7138b1187a6b7ee55f160b9968b66013c3a3ef39dd7e5798?s=96&d=mm&r=g\",\"caption\":\"Jeanette\"},\"sameAs\":[\"https:\\\/\\\/www.eldiario.net\\\/portal\"],\"url\":\"https:\\\/\\\/www.eldiario.net\\\/portal\\\/author\\\/jeanette\\\/\"}]}<\/script>\n<!-- \/ Yoast SEO plugin. -->","yoast_head_json":{"title":"Primera detecci\u00f3n del \u201cefecto gloria\u201d en un planeta distante - El Diario - Bolivia","robots":{"index":"index","follow":"follow","max-snippet":"max-snippet:-1","max-image-preview":"max-image-preview:large","max-video-preview":"max-video-preview:-1"},"canonical":"https:\/\/www.eldiario.net\/portal\/2024\/04\/07\/primera-deteccion-del-efecto-gloria-en-un-planeta-distante\/","og_locale":"es_ES","og_type":"article","og_title":"Primera detecci\u00f3n del \u201cefecto gloria\u201d en un planeta distante - El Diario - Bolivia","og_description":"Por primera vez, se detectaron posibles signos del \u201cefecto gloria\u201d, anillos conc\u00e9ntricos de luz similar a un arco\u00edris, en un planeta fuera de nuestro Sistema Solar. Los datos del sensible sat\u00e9lite de caracterizaci\u00f3n de exoplanetas de la ESA, Cheops, junto con varias otras misiones de la ESA y la NASA, sugieren que este fen\u00f3meno \u00f3ptico [&hellip;]","og_url":"https:\/\/www.eldiario.net\/portal\/2024\/04\/07\/primera-deteccion-del-efecto-gloria-en-un-planeta-distante\/","og_site_name":"El Diario - Bolivia","article_publisher":"https:\/\/www.facebook.com\/eldiario.bolivia\/","article_published_time":"2024-04-07T10:59:38+00:00","og_image":[{"width":1280,"height":720,"url":"https:\/\/www.eldiario.net\/portal\/wp-content\/uploads\/2024\/04\/MURO-1.jpg","type":"image\/jpeg"}],"author":"Jeanette","twitter_card":"summary_large_image","twitter_creator":"@eldiario_net","twitter_site":"@eldiario_net","twitter_misc":{"Escrito por":"Jeanette","Tiempo de lectura":"3 minutos"},"schema":{"@context":"https:\/\/schema.org","@graph":[{"@type":"Article","@id":"https:\/\/www.eldiario.net\/portal\/2024\/04\/07\/primera-deteccion-del-efecto-gloria-en-un-planeta-distante\/#article","isPartOf":{"@id":"https:\/\/www.eldiario.net\/portal\/2024\/04\/07\/primera-deteccion-del-efecto-gloria-en-un-planeta-distante\/"},"author":{"name":"Jeanette","@id":"https:\/\/www.eldiario.net\/portal\/#\/schema\/person\/f46445640444750d7d753ccd04ae01b7"},"headline":"Primera detecci\u00f3n del \u201cefecto gloria\u201d en un planeta distante","datePublished":"2024-04-07T10:59:38+00:00","mainEntityOfPage":{"@id":"https:\/\/www.eldiario.net\/portal\/2024\/04\/07\/primera-deteccion-del-efecto-gloria-en-un-planeta-distante\/"},"wordCount":552,"commentCount":0,"publisher":{"@id":"https:\/\/www.eldiario.net\/portal\/#organization"},"image":{"@id":"https:\/\/www.eldiario.net\/portal\/2024\/04\/07\/primera-deteccion-del-efecto-gloria-en-un-planeta-distante\/#primaryimage"},"thumbnailUrl":"https:\/\/www.eldiario.net\/portal\/wp-content\/uploads\/2024\/04\/MURO-1.jpg","articleSection":["Internacional"],"inLanguage":"es","potentialAction":[{"@type":"CommentAction","name":"Comment","target":["https:\/\/www.eldiario.net\/portal\/2024\/04\/07\/primera-deteccion-del-efecto-gloria-en-un-planeta-distante\/#respond"]}]},{"@type":"WebPage","@id":"https:\/\/www.eldiario.net\/portal\/2024\/04\/07\/primera-deteccion-del-efecto-gloria-en-un-planeta-distante\/","url":"https:\/\/www.eldiario.net\/portal\/2024\/04\/07\/primera-deteccion-del-efecto-gloria-en-un-planeta-distante\/","name":"Primera detecci\u00f3n del \u201cefecto gloria\u201d en un planeta distante - El Diario - Bolivia","isPartOf":{"@id":"https:\/\/www.eldiario.net\/portal\/#website"},"primaryImageOfPage":{"@id":"https:\/\/www.eldiario.net\/portal\/2024\/04\/07\/primera-deteccion-del-efecto-gloria-en-un-planeta-distante\/#primaryimage"},"image":{"@id":"https:\/\/www.eldiario.net\/portal\/2024\/04\/07\/primera-deteccion-del-efecto-gloria-en-un-planeta-distante\/#primaryimage"},"thumbnailUrl":"https:\/\/www.eldiario.net\/portal\/wp-content\/uploads\/2024\/04\/MURO-1.jpg","datePublished":"2024-04-07T10:59:38+00:00","breadcrumb":{"@id":"https:\/\/www.eldiario.net\/portal\/2024\/04\/07\/primera-deteccion-del-efecto-gloria-en-un-planeta-distante\/#breadcrumb"},"inLanguage":"es","potentialAction":[{"@type":"ReadAction","target":["https:\/\/www.eldiario.net\/portal\/2024\/04\/07\/primera-deteccion-del-efecto-gloria-en-un-planeta-distante\/"]}]},{"@type":"ImageObject","inLanguage":"es","@id":"https:\/\/www.eldiario.net\/portal\/2024\/04\/07\/primera-deteccion-del-efecto-gloria-en-un-planeta-distante\/#primaryimage","url":"https:\/\/www.eldiario.net\/portal\/wp-content\/uploads\/2024\/04\/MURO-1.jpg","contentUrl":"https:\/\/www.eldiario.net\/portal\/wp-content\/uploads\/2024\/04\/MURO-1.jpg","width":1280,"height":720,"caption":"EL EFECTO ES IGUAL AL ARCO\u00cdRIS CUANDO LA LUZ SE REFLEJA EN NUBES."},{"@type":"BreadcrumbList","@id":"https:\/\/www.eldiario.net\/portal\/2024\/04\/07\/primera-deteccion-del-efecto-gloria-en-un-planeta-distante\/#breadcrumb","itemListElement":[{"@type":"ListItem","position":1,"name":"Portada","item":"https:\/\/www.eldiario.net\/portal\/"},{"@type":"ListItem","position":2,"name":"Primera detecci\u00f3n del \u201cefecto gloria\u201d en un planeta distante"}]},{"@type":"WebSite","@id":"https:\/\/www.eldiario.net\/portal\/#website","url":"https:\/\/www.eldiario.net\/portal\/","name":"El Diario - Decano de la prensa nacional","description":"El Diario - Decano de la prensa nacional","publisher":{"@id":"https:\/\/www.eldiario.net\/portal\/#organization"},"potentialAction":[{"@type":"SearchAction","target":{"@type":"EntryPoint","urlTemplate":"https:\/\/www.eldiario.net\/portal\/?s={search_term_string}"},"query-input":{"@type":"PropertyValueSpecification","valueRequired":true,"valueName":"search_term_string"}}],"inLanguage":"es"},{"@type":"Organization","@id":"https:\/\/www.eldiario.net\/portal\/#organization","name":"El Diario - Decano de la prensa nacional","url":"https:\/\/www.eldiario.net\/portal\/","logo":{"@type":"ImageObject","inLanguage":"es","@id":"https:\/\/www.eldiario.net\/portal\/#\/schema\/logo\/image\/","url":"https:\/\/www.eldiario.net\/portal\/wp-content\/uploads\/2023\/07\/logo_ED.jpg","contentUrl":"https:\/\/www.eldiario.net\/portal\/wp-content\/uploads\/2023\/07\/logo_ED.jpg","width":272,"height":52,"caption":"El Diario - Decano de la prensa nacional"},"image":{"@id":"https:\/\/www.eldiario.net\/portal\/#\/schema\/logo\/image\/"},"sameAs":["https:\/\/www.facebook.com\/eldiario.bolivia\/","https:\/\/x.com\/eldiario_net"]},{"@type":"Person","@id":"https:\/\/www.eldiario.net\/portal\/#\/schema\/person\/f46445640444750d7d753ccd04ae01b7","name":"Jeanette","image":{"@type":"ImageObject","inLanguage":"es","@id":"https:\/\/secure.gravatar.com\/avatar\/3ea2118a5f7dad2b7138b1187a6b7ee55f160b9968b66013c3a3ef39dd7e5798?s=96&d=mm&r=g","url":"https:\/\/secure.gravatar.com\/avatar\/3ea2118a5f7dad2b7138b1187a6b7ee55f160b9968b66013c3a3ef39dd7e5798?s=96&d=mm&r=g","contentUrl":"https:\/\/secure.gravatar.com\/avatar\/3ea2118a5f7dad2b7138b1187a6b7ee55f160b9968b66013c3a3ef39dd7e5798?s=96&d=mm&r=g","caption":"Jeanette"},"sameAs":["https:\/\/www.eldiario.net\/portal"],"url":"https:\/\/www.eldiario.net\/portal\/author\/jeanette\/"}]}},"_links":{"self":[{"href":"https:\/\/www.eldiario.net\/portal\/wp-json\/wp\/v2\/posts\/212754","targetHints":{"allow":["GET"]}}],"collection":[{"href":"https:\/\/www.eldiario.net\/portal\/wp-json\/wp\/v2\/posts"}],"about":[{"href":"https:\/\/www.eldiario.net\/portal\/wp-json\/wp\/v2\/types\/post"}],"author":[{"embeddable":true,"href":"https:\/\/www.eldiario.net\/portal\/wp-json\/wp\/v2\/users\/1"}],"replies":[{"embeddable":true,"href":"https:\/\/www.eldiario.net\/portal\/wp-json\/wp\/v2\/comments?post=212754"}],"version-history":[{"count":1,"href":"https:\/\/www.eldiario.net\/portal\/wp-json\/wp\/v2\/posts\/212754\/revisions"}],"predecessor-version":[{"id":212756,"href":"https:\/\/www.eldiario.net\/portal\/wp-json\/wp\/v2\/posts\/212754\/revisions\/212756"}],"wp:featuredmedia":[{"embeddable":true,"href":"https:\/\/www.eldiario.net\/portal\/wp-json\/wp\/v2\/media\/212755"}],"wp:attachment":[{"href":"https:\/\/www.eldiario.net\/portal\/wp-json\/wp\/v2\/media?parent=212754"}],"wp:term":[{"taxonomy":"category","embeddable":true,"href":"https:\/\/www.eldiario.net\/portal\/wp-json\/wp\/v2\/categories?post=212754"},{"taxonomy":"post_tag","embeddable":true,"href":"https:\/\/www.eldiario.net\/portal\/wp-json\/wp\/v2\/tags?post=212754"}],"curies":[{"name":"wp","href":"https:\/\/api.w.org\/{rel}","templated":true}]}}