{"id":212751,"date":"2024-04-07T06:57:57","date_gmt":"2024-04-07T10:57:57","guid":{"rendered":"https:\/\/www.eldiario.net\/portal\/?p=212751"},"modified":"2024-04-07T06:57:57","modified_gmt":"2024-04-07T10:57:57","slug":"confirman-traslado-de-jorge-glas-a-una-de-las-carceles-de-guayaquil","status":"publish","type":"post","link":"https:\/\/www.eldiario.net\/portal\/2024\/04\/07\/confirman-traslado-de-jorge-glas-a-una-de-las-carceles-de-guayaquil\/","title":{"rendered":"Confirman traslado de Jorge Glas a  una de las c\u00e1rceles de Guayaquil"},"content":{"rendered":"<p>Las autoridades penitenciarias de Ecuador, confirmaron que el exvicepresidente Jorge Glas, fue trasladado a una c\u00e1rcel de la ciudad de Guayaquil, luego de que ayer en la madrugada la Polic\u00eda entrara en la Embajada de M\u00e9xico para efectuar su detenci\u00f3n, un incidente que provoc\u00f3 la ruptura inmediata de las relaciones diplom\u00e1ticas entre ambos pa\u00edses.<br \/>\nEl comunicado del Servicio Nacional de Atenci\u00f3n Integral a Personas Adultas Privadas de la Libertad y a Adolescentes Infractores (SNAI), publicado en redes sociales, anuncia que Glas, a quien identifica como \u201cel ciudadano Jorge G.\u201d, fue trasladado al Centro de Privaci\u00f3n de Libertad (CPL) Guayas N\u00b03 de la capital de Ecuador.<br \/>\nAll\u00ed, se le realizar\u00e1 una evaluaci\u00f3n m\u00e9dica y ser\u00e1 ubicado de conformidad con los criterios de clasificaci\u00f3n inicial penitenciaria, as\u00ed como lo requieren las normas carcelarias de acuerdo con la nota.<br \/>\nFrente a la condena de M\u00e9xico y otros pa\u00edses latinoamericanos como Venezuela, Cuba, Bolivia y Honduras, el presidente de Ecuador, Daniel Noboa, defendi\u00f3 el operativo para detener al exvicepresidente al esgrimir que la condena previa contra Glas prevalece sobre una condici\u00f3n de asilado pol\u00edtico cuya validez, adem\u00e1s fue disputada por el mandatario ecuatoriano en su oportunidad.<br \/>\nGlas, la exautoridad cabe recordar que permanec\u00eda desde mediados de diciembre del a\u00f1o pasado en la sede diplom\u00e1tica mexicana, donde ingres\u00f3 argumentando temor por su seguridad y libertad personal. La Embajada lo acogi\u00f3 como hu\u00e9sped y sus abogados ya informaron hace semanas de que hab\u00edan entregado una solicitud formal para el pedido de asilo pol\u00edtico.<br \/>\nEsta maniobra del exvicepresidente se produjo luego de que la Polic\u00eda Nacional orden\u00f3 su detenci\u00f3n para prestar declaraci\u00f3n ante la Fiscal\u00eda por el caso de posible malversaci\u00f3n de caudales p\u00fablicos en la reconstrucci\u00f3n de la provincia de Manab\u00ed tras el terremoto de 2016, que dej\u00f3 m\u00e1s de 670 muertos. (Europa Press)<\/p>\n","protected":false},"excerpt":{"rendered":"<p>Las autoridades penitenciarias de Ecuador, confirmaron que el exvicepresidente Jorge Glas, fue trasladado a una c\u00e1rcel de la ciudad de Guayaquil, luego de que ayer en la madrugada la Polic\u00eda entrara en la Embajada de M\u00e9xico para efectuar su detenci\u00f3n, un incidente que provoc\u00f3 la ruptura inmediata de las relaciones diplom\u00e1ticas entre ambos pa\u00edses. El [&hellip;]<\/p>\n","protected":false},"author":1,"featured_media":212752,"comment_status":"open","ping_status":"open","sticky":false,"template":"","format":"standard","meta":{"_acf_changed":false,"footnotes":""},"categories":[3],"tags":[],"class_list":["post-212751","post","type-post","status-publish","format-standard","has-post-thumbnail","category-internacional"],"acf":{"antetitulo":"Exvicepresidente de Ecuador"},"yoast_head":"<!-- This site is optimized with the Yoast SEO plugin v28.3 - https:\/\/yoast.com\/product\/yoast-seo-wordpress\/ -->\n<title>Confirman traslado de Jorge Glas a una de las c\u00e1rceles de Guayaquil - El Diario - Bolivia<\/title>\n<meta name=\"robots\" content=\"index, follow, max-snippet:-1, max-image-preview:large, max-video-preview:-1\" \/>\n<link rel=\"canonical\" href=\"https:\/\/www.eldiario.net\/portal\/2024\/04\/07\/confirman-traslado-de-jorge-glas-a-una-de-las-carceles-de-guayaquil\/\" \/>\n<meta property=\"og:locale\" content=\"es_ES\" \/>\n<meta property=\"og:type\" content=\"article\" \/>\n<meta property=\"og:title\" content=\"Confirman traslado de Jorge Glas a una de las c\u00e1rceles de Guayaquil - El Diario - Bolivia\" \/>\n<meta property=\"og:description\" content=\"Las autoridades penitenciarias de Ecuador, confirmaron que el exvicepresidente Jorge Glas, fue trasladado a una c\u00e1rcel de la ciudad de Guayaquil, luego de que ayer en la madrugada la Polic\u00eda entrara en la Embajada de M\u00e9xico para efectuar su detenci\u00f3n, un incidente que provoc\u00f3 la ruptura inmediata de las relaciones diplom\u00e1ticas entre ambos pa\u00edses. El [&hellip;]\" \/>\n<meta property=\"og:url\" content=\"https:\/\/www.eldiario.net\/portal\/2024\/04\/07\/confirman-traslado-de-jorge-glas-a-una-de-las-carceles-de-guayaquil\/\" \/>\n<meta property=\"og:site_name\" content=\"El Diario - Bolivia\" \/>\n<meta property=\"article:publisher\" content=\"https:\/\/www.facebook.com\/eldiario.bolivia\/\" \/>\n<meta property=\"article:published_time\" content=\"2024-04-07T10:57:57+00:00\" \/>\n<meta property=\"og:image\" content=\"https:\/\/www.eldiario.net\/portal\/wp-content\/uploads\/2024\/04\/CARRO.jpg\" \/>\n\t<meta property=\"og:image:width\" content=\"1600\" \/>\n\t<meta property=\"og:image:height\" content=\"925\" \/>\n\t<meta property=\"og:image:type\" content=\"image\/jpeg\" \/>\n<meta name=\"author\" content=\"Jeanette\" \/>\n<meta name=\"twitter:card\" content=\"summary_large_image\" \/>\n<meta name=\"twitter:creator\" content=\"@eldiario_net\" \/>\n<meta name=\"twitter:site\" content=\"@eldiario_net\" \/>\n<meta name=\"twitter:label1\" content=\"Escrito por\" \/>\n\t<meta name=\"twitter:data1\" content=\"Jeanette\" \/>\n\t<meta name=\"twitter:label2\" content=\"Tiempo de lectura\" \/>\n\t<meta name=\"twitter:data2\" content=\"2 minutos\" \/>\n<script type=\"application\/ld+json\" class=\"yoast-schema-graph\">{\"@context\":\"https:\\\/\\\/schema.org\",\"@graph\":[{\"@type\":\"Article\",\"@id\":\"https:\\\/\\\/www.eldiario.net\\\/portal\\\/2024\\\/04\\\/07\\\/confirman-traslado-de-jorge-glas-a-una-de-las-carceles-de-guayaquil\\\/#article\",\"isPartOf\":{\"@id\":\"https:\\\/\\\/www.eldiario.net\\\/portal\\\/2024\\\/04\\\/07\\\/confirman-traslado-de-jorge-glas-a-una-de-las-carceles-de-guayaquil\\\/\"},\"author\":{\"name\":\"Jeanette\",\"@id\":\"https:\\\/\\\/www.eldiario.net\\\/portal\\\/#\\\/schema\\\/person\\\/f46445640444750d7d753ccd04ae01b7\"},\"headline\":\"Confirman traslado de Jorge Glas a una de las c\u00e1rceles de Guayaquil\",\"datePublished\":\"2024-04-07T10:57:57+00:00\",\"mainEntityOfPage\":{\"@id\":\"https:\\\/\\\/www.eldiario.net\\\/portal\\\/2024\\\/04\\\/07\\\/confirman-traslado-de-jorge-glas-a-una-de-las-carceles-de-guayaquil\\\/\"},\"wordCount\":339,\"commentCount\":0,\"publisher\":{\"@id\":\"https:\\\/\\\/www.eldiario.net\\\/portal\\\/#organization\"},\"image\":{\"@id\":\"https:\\\/\\\/www.eldiario.net\\\/portal\\\/2024\\\/04\\\/07\\\/confirman-traslado-de-jorge-glas-a-una-de-las-carceles-de-guayaquil\\\/#primaryimage\"},\"thumbnailUrl\":\"https:\\\/\\\/www.eldiario.net\\\/portal\\\/wp-content\\\/uploads\\\/2024\\\/04\\\/CARRO.jpg\",\"articleSection\":[\"Internacional\"],\"inLanguage\":\"es\",\"potentialAction\":[{\"@type\":\"CommentAction\",\"name\":\"Comment\",\"target\":[\"https:\\\/\\\/www.eldiario.net\\\/portal\\\/2024\\\/04\\\/07\\\/confirman-traslado-de-jorge-glas-a-una-de-las-carceles-de-guayaquil\\\/#respond\"]}]},{\"@type\":\"WebPage\",\"@id\":\"https:\\\/\\\/www.eldiario.net\\\/portal\\\/2024\\\/04\\\/07\\\/confirman-traslado-de-jorge-glas-a-una-de-las-carceles-de-guayaquil\\\/\",\"url\":\"https:\\\/\\\/www.eldiario.net\\\/portal\\\/2024\\\/04\\\/07\\\/confirman-traslado-de-jorge-glas-a-una-de-las-carceles-de-guayaquil\\\/\",\"name\":\"Confirman traslado de Jorge Glas a una de las c\u00e1rceles de Guayaquil - El Diario - Bolivia\",\"isPartOf\":{\"@id\":\"https:\\\/\\\/www.eldiario.net\\\/portal\\\/#website\"},\"primaryImageOfPage\":{\"@id\":\"https:\\\/\\\/www.eldiario.net\\\/portal\\\/2024\\\/04\\\/07\\\/confirman-traslado-de-jorge-glas-a-una-de-las-carceles-de-guayaquil\\\/#primaryimage\"},\"image\":{\"@id\":\"https:\\\/\\\/www.eldiario.net\\\/portal\\\/2024\\\/04\\\/07\\\/confirman-traslado-de-jorge-glas-a-una-de-las-carceles-de-guayaquil\\\/#primaryimage\"},\"thumbnailUrl\":\"https:\\\/\\\/www.eldiario.net\\\/portal\\\/wp-content\\\/uploads\\\/2024\\\/04\\\/CARRO.jpg\",\"datePublished\":\"2024-04-07T10:57:57+00:00\",\"breadcrumb\":{\"@id\":\"https:\\\/\\\/www.eldiario.net\\\/portal\\\/2024\\\/04\\\/07\\\/confirman-traslado-de-jorge-glas-a-una-de-las-carceles-de-guayaquil\\\/#breadcrumb\"},\"inLanguage\":\"es\",\"potentialAction\":[{\"@type\":\"ReadAction\",\"target\":[\"https:\\\/\\\/www.eldiario.net\\\/portal\\\/2024\\\/04\\\/07\\\/confirman-traslado-de-jorge-glas-a-una-de-las-carceles-de-guayaquil\\\/\"]}]},{\"@type\":\"ImageObject\",\"inLanguage\":\"es\",\"@id\":\"https:\\\/\\\/www.eldiario.net\\\/portal\\\/2024\\\/04\\\/07\\\/confirman-traslado-de-jorge-glas-a-una-de-las-carceles-de-guayaquil\\\/#primaryimage\",\"url\":\"https:\\\/\\\/www.eldiario.net\\\/portal\\\/wp-content\\\/uploads\\\/2024\\\/04\\\/CARRO.jpg\",\"contentUrl\":\"https:\\\/\\\/www.eldiario.net\\\/portal\\\/wp-content\\\/uploads\\\/2024\\\/04\\\/CARRO.jpg\",\"width\":1600,\"height\":925,\"caption\":\"GLAS FUE TRASLADADO AL CENTRO DE PRIVACI\u00d3N DE LIBERTAD GUAYAS N\u00ba3. KCH FM\"},{\"@type\":\"BreadcrumbList\",\"@id\":\"https:\\\/\\\/www.eldiario.net\\\/portal\\\/2024\\\/04\\\/07\\\/confirman-traslado-de-jorge-glas-a-una-de-las-carceles-de-guayaquil\\\/#breadcrumb\",\"itemListElement\":[{\"@type\":\"ListItem\",\"position\":1,\"name\":\"Portada\",\"item\":\"https:\\\/\\\/www.eldiario.net\\\/portal\\\/\"},{\"@type\":\"ListItem\",\"position\":2,\"name\":\"Confirman traslado de Jorge Glas a una de las c\u00e1rceles de Guayaquil\"}]},{\"@type\":\"WebSite\",\"@id\":\"https:\\\/\\\/www.eldiario.net\\\/portal\\\/#website\",\"url\":\"https:\\\/\\\/www.eldiario.net\\\/portal\\\/\",\"name\":\"El Diario - Decano de la prensa nacional\",\"description\":\"El Diario - Decano de la prensa nacional\",\"publisher\":{\"@id\":\"https:\\\/\\\/www.eldiario.net\\\/portal\\\/#organization\"},\"potentialAction\":[{\"@type\":\"SearchAction\",\"target\":{\"@type\":\"EntryPoint\",\"urlTemplate\":\"https:\\\/\\\/www.eldiario.net\\\/portal\\\/?s={search_term_string}\"},\"query-input\":{\"@type\":\"PropertyValueSpecification\",\"valueRequired\":true,\"valueName\":\"search_term_string\"}}],\"inLanguage\":\"es\"},{\"@type\":\"Organization\",\"@id\":\"https:\\\/\\\/www.eldiario.net\\\/portal\\\/#organization\",\"name\":\"El Diario - Decano de la prensa nacional\",\"url\":\"https:\\\/\\\/www.eldiario.net\\\/portal\\\/\",\"logo\":{\"@type\":\"ImageObject\",\"inLanguage\":\"es\",\"@id\":\"https:\\\/\\\/www.eldiario.net\\\/portal\\\/#\\\/schema\\\/logo\\\/image\\\/\",\"url\":\"https:\\\/\\\/www.eldiario.net\\\/portal\\\/wp-content\\\/uploads\\\/2023\\\/07\\\/logo_ED.jpg\",\"contentUrl\":\"https:\\\/\\\/www.eldiario.net\\\/portal\\\/wp-content\\\/uploads\\\/2023\\\/07\\\/logo_ED.jpg\",\"width\":272,\"height\":52,\"caption\":\"El Diario - Decano de la prensa nacional\"},\"image\":{\"@id\":\"https:\\\/\\\/www.eldiario.net\\\/portal\\\/#\\\/schema\\\/logo\\\/image\\\/\"},\"sameAs\":[\"https:\\\/\\\/www.facebook.com\\\/eldiario.bolivia\\\/\",\"https:\\\/\\\/x.com\\\/eldiario_net\"]},{\"@type\":\"Person\",\"@id\":\"https:\\\/\\\/www.eldiario.net\\\/portal\\\/#\\\/schema\\\/person\\\/f46445640444750d7d753ccd04ae01b7\",\"name\":\"Jeanette\",\"image\":{\"@type\":\"ImageObject\",\"inLanguage\":\"es\",\"@id\":\"https:\\\/\\\/secure.gravatar.com\\\/avatar\\\/3ea2118a5f7dad2b7138b1187a6b7ee55f160b9968b66013c3a3ef39dd7e5798?s=96&d=mm&r=g\",\"url\":\"https:\\\/\\\/secure.gravatar.com\\\/avatar\\\/3ea2118a5f7dad2b7138b1187a6b7ee55f160b9968b66013c3a3ef39dd7e5798?s=96&d=mm&r=g\",\"contentUrl\":\"https:\\\/\\\/secure.gravatar.com\\\/avatar\\\/3ea2118a5f7dad2b7138b1187a6b7ee55f160b9968b66013c3a3ef39dd7e5798?s=96&d=mm&r=g\",\"caption\":\"Jeanette\"},\"sameAs\":[\"https:\\\/\\\/www.eldiario.net\\\/portal\"],\"url\":\"https:\\\/\\\/www.eldiario.net\\\/portal\\\/author\\\/jeanette\\\/\"}]}<\/script>\n<!-- \/ Yoast SEO plugin. -->","yoast_head_json":{"title":"Confirman traslado de Jorge Glas a una de las c\u00e1rceles de Guayaquil - El Diario - Bolivia","robots":{"index":"index","follow":"follow","max-snippet":"max-snippet:-1","max-image-preview":"max-image-preview:large","max-video-preview":"max-video-preview:-1"},"canonical":"https:\/\/www.eldiario.net\/portal\/2024\/04\/07\/confirman-traslado-de-jorge-glas-a-una-de-las-carceles-de-guayaquil\/","og_locale":"es_ES","og_type":"article","og_title":"Confirman traslado de Jorge Glas a una de las c\u00e1rceles de Guayaquil - El Diario - Bolivia","og_description":"Las autoridades penitenciarias de Ecuador, confirmaron que el exvicepresidente Jorge Glas, fue trasladado a una c\u00e1rcel de la ciudad de Guayaquil, luego de que ayer en la madrugada la Polic\u00eda entrara en la Embajada de M\u00e9xico para efectuar su detenci\u00f3n, un incidente que provoc\u00f3 la ruptura inmediata de las relaciones diplom\u00e1ticas entre ambos pa\u00edses. El [&hellip;]","og_url":"https:\/\/www.eldiario.net\/portal\/2024\/04\/07\/confirman-traslado-de-jorge-glas-a-una-de-las-carceles-de-guayaquil\/","og_site_name":"El Diario - Bolivia","article_publisher":"https:\/\/www.facebook.com\/eldiario.bolivia\/","article_published_time":"2024-04-07T10:57:57+00:00","og_image":[{"width":1600,"height":925,"url":"https:\/\/www.eldiario.net\/portal\/wp-content\/uploads\/2024\/04\/CARRO.jpg","type":"image\/jpeg"}],"author":"Jeanette","twitter_card":"summary_large_image","twitter_creator":"@eldiario_net","twitter_site":"@eldiario_net","twitter_misc":{"Escrito por":"Jeanette","Tiempo de lectura":"2 minutos"},"schema":{"@context":"https:\/\/schema.org","@graph":[{"@type":"Article","@id":"https:\/\/www.eldiario.net\/portal\/2024\/04\/07\/confirman-traslado-de-jorge-glas-a-una-de-las-carceles-de-guayaquil\/#article","isPartOf":{"@id":"https:\/\/www.eldiario.net\/portal\/2024\/04\/07\/confirman-traslado-de-jorge-glas-a-una-de-las-carceles-de-guayaquil\/"},"author":{"name":"Jeanette","@id":"https:\/\/www.eldiario.net\/portal\/#\/schema\/person\/f46445640444750d7d753ccd04ae01b7"},"headline":"Confirman traslado de Jorge Glas a una de las c\u00e1rceles de Guayaquil","datePublished":"2024-04-07T10:57:57+00:00","mainEntityOfPage":{"@id":"https:\/\/www.eldiario.net\/portal\/2024\/04\/07\/confirman-traslado-de-jorge-glas-a-una-de-las-carceles-de-guayaquil\/"},"wordCount":339,"commentCount":0,"publisher":{"@id":"https:\/\/www.eldiario.net\/portal\/#organization"},"image":{"@id":"https:\/\/www.eldiario.net\/portal\/2024\/04\/07\/confirman-traslado-de-jorge-glas-a-una-de-las-carceles-de-guayaquil\/#primaryimage"},"thumbnailUrl":"https:\/\/www.eldiario.net\/portal\/wp-content\/uploads\/2024\/04\/CARRO.jpg","articleSection":["Internacional"],"inLanguage":"es","potentialAction":[{"@type":"CommentAction","name":"Comment","target":["https:\/\/www.eldiario.net\/portal\/2024\/04\/07\/confirman-traslado-de-jorge-glas-a-una-de-las-carceles-de-guayaquil\/#respond"]}]},{"@type":"WebPage","@id":"https:\/\/www.eldiario.net\/portal\/2024\/04\/07\/confirman-traslado-de-jorge-glas-a-una-de-las-carceles-de-guayaquil\/","url":"https:\/\/www.eldiario.net\/portal\/2024\/04\/07\/confirman-traslado-de-jorge-glas-a-una-de-las-carceles-de-guayaquil\/","name":"Confirman traslado de Jorge Glas a una de las c\u00e1rceles de Guayaquil - El Diario - Bolivia","isPartOf":{"@id":"https:\/\/www.eldiario.net\/portal\/#website"},"primaryImageOfPage":{"@id":"https:\/\/www.eldiario.net\/portal\/2024\/04\/07\/confirman-traslado-de-jorge-glas-a-una-de-las-carceles-de-guayaquil\/#primaryimage"},"image":{"@id":"https:\/\/www.eldiario.net\/portal\/2024\/04\/07\/confirman-traslado-de-jorge-glas-a-una-de-las-carceles-de-guayaquil\/#primaryimage"},"thumbnailUrl":"https:\/\/www.eldiario.net\/portal\/wp-content\/uploads\/2024\/04\/CARRO.jpg","datePublished":"2024-04-07T10:57:57+00:00","breadcrumb":{"@id":"https:\/\/www.eldiario.net\/portal\/2024\/04\/07\/confirman-traslado-de-jorge-glas-a-una-de-las-carceles-de-guayaquil\/#breadcrumb"},"inLanguage":"es","potentialAction":[{"@type":"ReadAction","target":["https:\/\/www.eldiario.net\/portal\/2024\/04\/07\/confirman-traslado-de-jorge-glas-a-una-de-las-carceles-de-guayaquil\/"]}]},{"@type":"ImageObject","inLanguage":"es","@id":"https:\/\/www.eldiario.net\/portal\/2024\/04\/07\/confirman-traslado-de-jorge-glas-a-una-de-las-carceles-de-guayaquil\/#primaryimage","url":"https:\/\/www.eldiario.net\/portal\/wp-content\/uploads\/2024\/04\/CARRO.jpg","contentUrl":"https:\/\/www.eldiario.net\/portal\/wp-content\/uploads\/2024\/04\/CARRO.jpg","width":1600,"height":925,"caption":"GLAS FUE TRASLADADO AL CENTRO DE PRIVACI\u00d3N DE LIBERTAD GUAYAS N\u00ba3. KCH FM"},{"@type":"BreadcrumbList","@id":"https:\/\/www.eldiario.net\/portal\/2024\/04\/07\/confirman-traslado-de-jorge-glas-a-una-de-las-carceles-de-guayaquil\/#breadcrumb","itemListElement":[{"@type":"ListItem","position":1,"name":"Portada","item":"https:\/\/www.eldiario.net\/portal\/"},{"@type":"ListItem","position":2,"name":"Confirman traslado de Jorge Glas a una de las c\u00e1rceles de Guayaquil"}]},{"@type":"WebSite","@id":"https:\/\/www.eldiario.net\/portal\/#website","url":"https:\/\/www.eldiario.net\/portal\/","name":"El Diario - Decano de la prensa nacional","description":"El Diario - Decano de la prensa nacional","publisher":{"@id":"https:\/\/www.eldiario.net\/portal\/#organization"},"potentialAction":[{"@type":"SearchAction","target":{"@type":"EntryPoint","urlTemplate":"https:\/\/www.eldiario.net\/portal\/?s={search_term_string}"},"query-input":{"@type":"PropertyValueSpecification","valueRequired":true,"valueName":"search_term_string"}}],"inLanguage":"es"},{"@type":"Organization","@id":"https:\/\/www.eldiario.net\/portal\/#organization","name":"El Diario - Decano de la prensa nacional","url":"https:\/\/www.eldiario.net\/portal\/","logo":{"@type":"ImageObject","inLanguage":"es","@id":"https:\/\/www.eldiario.net\/portal\/#\/schema\/logo\/image\/","url":"https:\/\/www.eldiario.net\/portal\/wp-content\/uploads\/2023\/07\/logo_ED.jpg","contentUrl":"https:\/\/www.eldiario.net\/portal\/wp-content\/uploads\/2023\/07\/logo_ED.jpg","width":272,"height":52,"caption":"El Diario - Decano de la prensa nacional"},"image":{"@id":"https:\/\/www.eldiario.net\/portal\/#\/schema\/logo\/image\/"},"sameAs":["https:\/\/www.facebook.com\/eldiario.bolivia\/","https:\/\/x.com\/eldiario_net"]},{"@type":"Person","@id":"https:\/\/www.eldiario.net\/portal\/#\/schema\/person\/f46445640444750d7d753ccd04ae01b7","name":"Jeanette","image":{"@type":"ImageObject","inLanguage":"es","@id":"https:\/\/secure.gravatar.com\/avatar\/3ea2118a5f7dad2b7138b1187a6b7ee55f160b9968b66013c3a3ef39dd7e5798?s=96&d=mm&r=g","url":"https:\/\/secure.gravatar.com\/avatar\/3ea2118a5f7dad2b7138b1187a6b7ee55f160b9968b66013c3a3ef39dd7e5798?s=96&d=mm&r=g","contentUrl":"https:\/\/secure.gravatar.com\/avatar\/3ea2118a5f7dad2b7138b1187a6b7ee55f160b9968b66013c3a3ef39dd7e5798?s=96&d=mm&r=g","caption":"Jeanette"},"sameAs":["https:\/\/www.eldiario.net\/portal"],"url":"https:\/\/www.eldiario.net\/portal\/author\/jeanette\/"}]}},"_links":{"self":[{"href":"https:\/\/www.eldiario.net\/portal\/wp-json\/wp\/v2\/posts\/212751","targetHints":{"allow":["GET"]}}],"collection":[{"href":"https:\/\/www.eldiario.net\/portal\/wp-json\/wp\/v2\/posts"}],"about":[{"href":"https:\/\/www.eldiario.net\/portal\/wp-json\/wp\/v2\/types\/post"}],"author":[{"embeddable":true,"href":"https:\/\/www.eldiario.net\/portal\/wp-json\/wp\/v2\/users\/1"}],"replies":[{"embeddable":true,"href":"https:\/\/www.eldiario.net\/portal\/wp-json\/wp\/v2\/comments?post=212751"}],"version-history":[{"count":1,"href":"https:\/\/www.eldiario.net\/portal\/wp-json\/wp\/v2\/posts\/212751\/revisions"}],"predecessor-version":[{"id":212753,"href":"https:\/\/www.eldiario.net\/portal\/wp-json\/wp\/v2\/posts\/212751\/revisions\/212753"}],"wp:featuredmedia":[{"embeddable":true,"href":"https:\/\/www.eldiario.net\/portal\/wp-json\/wp\/v2\/media\/212752"}],"wp:attachment":[{"href":"https:\/\/www.eldiario.net\/portal\/wp-json\/wp\/v2\/media?parent=212751"}],"wp:term":[{"taxonomy":"category","embeddable":true,"href":"https:\/\/www.eldiario.net\/portal\/wp-json\/wp\/v2\/categories?post=212751"},{"taxonomy":"post_tag","embeddable":true,"href":"https:\/\/www.eldiario.net\/portal\/wp-json\/wp\/v2\/tags?post=212751"}],"curies":[{"name":"wp","href":"https:\/\/api.w.org\/{rel}","templated":true}]}}