{"id":212748,"date":"2024-04-07T06:57:05","date_gmt":"2024-04-07T10:57:05","guid":{"rendered":"https:\/\/www.eldiario.net\/portal\/?p=212748"},"modified":"2024-04-07T06:57:05","modified_gmt":"2024-04-07T10:57:05","slug":"detiene-a-greta-thunberg-en-una-protesta-en-paises-bajos","status":"publish","type":"post","link":"https:\/\/www.eldiario.net\/portal\/2024\/04\/07\/detiene-a-greta-thunberg-en-una-protesta-en-paises-bajos\/","title":{"rendered":"Detiene a Greta Thunberg en  una protesta en Pa\u00edses Bajos"},"content":{"rendered":"<p>La activista clim\u00e1tica Greta Thunberg fue detenida por la Polic\u00eda neerlandesa ayer durante una protesta en La Haya contra las subvenciones a los combustibles f\u00f3siles.<br \/>\nThunberg y otros manifestantes del grupo ecologista Extinction Rebellion fueron vistos sentados en un autob\u00fas, mientras la Polic\u00eda proced\u00eda a m\u00e1s arrestos, indic\u00f3 un corresponsal de la agencia de noticias AFP.<br \/>\nThunberg se uni\u00f3 antes a varios centenares de manifestantes que caminaron desde el centro de La Haya hasta un campo situado junto a la autopista A12 que sale de la ciudad.<br \/>\nPortando banderas y pancartas en las que se le\u00eda \u201c\u00a1Paren ya las subvenciones a los combustibles!\u201d y \u201c\u00a1El planeta se est\u00e1 muriendo!\u201d, los manifestantes se enzarzaron en un tenso enfrentamiento con la polic\u00eda, que form\u00f3 un muro humano.<br \/>\nAlgunos manifestantes encontraron otra ruta y bloquearon otra v\u00eda cercana a la autopista, que conecta la ciudad costera de La Haya a la ciudad central de Utrecht.<br \/>\n\u201cEs importante manifestar hoy porque vivimos en un estado de emergencia planetaria\u201d, declar\u00f3 Thunberg antes de su arresto.<br \/>\n\u201cDebemos hacer todo lo posible para evitar esa crisis y salvar vidas debido a que no hay justicia para muchos que pensamos diferente y somo perseguidos y castigados de esta forma\u201d, a\u00f1adi\u00f3.<br \/>\nThunberg gan\u00f3 notoriedad mundial con sus \u201chuelgas escolares por el clima\u201d, que comenzaron cuando ten\u00eda 15 a\u00f1os.<br \/>\nEl mes pasado, la Polic\u00eda de Suecia la desaloj\u00f3 cuando se congregaba, junto a otras personas, frente al Parlamento sueco, en Estocolmo, bloqueando uno de los accesos al edificio.<br \/>\nSeg\u00fan inform\u00f3 la Polic\u00eda, al menos siete manifestantes fueron denunciados. Si bien ninguno ha sido detenido, tambi\u00e9n trasladados a veh\u00edculos policiales para ser interrogados, recogi\u00f3 la radiotelevisi\u00f3n sueca SVT.<br \/>\nUn grupo de activistas de Fridays for Future, con Thunberg al frente, iniciaron una concentraci\u00f3n para protestar por \u201cla crisis clim\u00e1tica y las injusticias sociales subyacentes\u201d, que \u201cest\u00e1n matando a gente\u201d.<br \/>\n\u201cCreo que nuestras leyes protegen las cosas equivocadas. Creo que nuestras leyes deber\u00edan existir para proteger el bienestar de las personas y no el derecho de las empresas a contaminar el planera\u201d, dijo la activista.<br \/>\nPor su parte, el movimiento Fridays for Future, que cobr\u00f3 notoriedad gracias a la joven sueca, destac\u00f3 que tanto el Parlamento como la sociedad son \u201cparte fundamental de la democracia\u201d, pero que tambi\u00e9n lo es el \u201cderecho a manifestarse\u201d. (Infobae\/Afp\/Europa Press)<\/p>\n","protected":false},"excerpt":{"rendered":"<p>La activista clim\u00e1tica Greta Thunberg fue detenida por la Polic\u00eda neerlandesa ayer durante una protesta en La Haya contra las subvenciones a los combustibles f\u00f3siles. Thunberg y otros manifestantes del grupo ecologista Extinction Rebellion fueron vistos sentados en un autob\u00fas, mientras la Polic\u00eda proced\u00eda a m\u00e1s arrestos, indic\u00f3 un corresponsal de la agencia de noticias [&hellip;]<\/p>\n","protected":false},"author":1,"featured_media":212749,"comment_status":"open","ping_status":"open","sticky":false,"template":"","format":"standard","meta":{"_acf_changed":false,"footnotes":""},"categories":[3],"tags":[],"class_list":["post-212748","post","type-post","status-publish","format-standard","has-post-thumbnail","category-internacional"],"acf":{"antetitulo":"Del grupo ecologista Extinction Rebellion"},"yoast_head":"<!-- This site is optimized with the Yoast SEO plugin v28.3 - https:\/\/yoast.com\/product\/yoast-seo-wordpress\/ -->\n<title>Detiene a Greta Thunberg en una protesta en Pa\u00edses Bajos - El Diario - Bolivia<\/title>\n<meta name=\"robots\" content=\"index, follow, max-snippet:-1, max-image-preview:large, max-video-preview:-1\" \/>\n<link rel=\"canonical\" href=\"https:\/\/www.eldiario.net\/portal\/2024\/04\/07\/detiene-a-greta-thunberg-en-una-protesta-en-paises-bajos\/\" \/>\n<meta property=\"og:locale\" content=\"es_ES\" \/>\n<meta property=\"og:type\" content=\"article\" \/>\n<meta property=\"og:title\" content=\"Detiene a Greta Thunberg en una protesta en Pa\u00edses Bajos - El Diario - Bolivia\" \/>\n<meta property=\"og:description\" content=\"La activista clim\u00e1tica Greta Thunberg fue detenida por la Polic\u00eda neerlandesa ayer durante una protesta en La Haya contra las subvenciones a los combustibles f\u00f3siles. Thunberg y otros manifestantes del grupo ecologista Extinction Rebellion fueron vistos sentados en un autob\u00fas, mientras la Polic\u00eda proced\u00eda a m\u00e1s arrestos, indic\u00f3 un corresponsal de la agencia de noticias [&hellip;]\" \/>\n<meta property=\"og:url\" content=\"https:\/\/www.eldiario.net\/portal\/2024\/04\/07\/detiene-a-greta-thunberg-en-una-protesta-en-paises-bajos\/\" \/>\n<meta property=\"og:site_name\" content=\"El Diario - Bolivia\" \/>\n<meta property=\"article:publisher\" content=\"https:\/\/www.facebook.com\/eldiario.bolivia\/\" \/>\n<meta property=\"article:published_time\" content=\"2024-04-07T10:57:05+00:00\" \/>\n<meta property=\"og:image\" content=\"https:\/\/www.eldiario.net\/portal\/wp-content\/uploads\/2024\/04\/GRETA.jpg\" \/>\n\t<meta property=\"og:image:width\" content=\"1772\" \/>\n\t<meta property=\"og:image:height\" content=\"1240\" \/>\n\t<meta property=\"og:image:type\" content=\"image\/jpeg\" \/>\n<meta name=\"author\" content=\"Jeanette\" \/>\n<meta name=\"twitter:card\" content=\"summary_large_image\" \/>\n<meta name=\"twitter:creator\" content=\"@eldiario_net\" \/>\n<meta name=\"twitter:site\" content=\"@eldiario_net\" \/>\n<meta name=\"twitter:label1\" content=\"Escrito por\" \/>\n\t<meta name=\"twitter:data1\" content=\"Jeanette\" \/>\n\t<meta name=\"twitter:label2\" content=\"Tiempo de lectura\" \/>\n\t<meta name=\"twitter:data2\" content=\"2 minutos\" \/>\n<script type=\"application\/ld+json\" class=\"yoast-schema-graph\">{\"@context\":\"https:\\\/\\\/schema.org\",\"@graph\":[{\"@type\":\"Article\",\"@id\":\"https:\\\/\\\/www.eldiario.net\\\/portal\\\/2024\\\/04\\\/07\\\/detiene-a-greta-thunberg-en-una-protesta-en-paises-bajos\\\/#article\",\"isPartOf\":{\"@id\":\"https:\\\/\\\/www.eldiario.net\\\/portal\\\/2024\\\/04\\\/07\\\/detiene-a-greta-thunberg-en-una-protesta-en-paises-bajos\\\/\"},\"author\":{\"name\":\"Jeanette\",\"@id\":\"https:\\\/\\\/www.eldiario.net\\\/portal\\\/#\\\/schema\\\/person\\\/f46445640444750d7d753ccd04ae01b7\"},\"headline\":\"Detiene a Greta Thunberg en una protesta en Pa\u00edses Bajos\",\"datePublished\":\"2024-04-07T10:57:05+00:00\",\"mainEntityOfPage\":{\"@id\":\"https:\\\/\\\/www.eldiario.net\\\/portal\\\/2024\\\/04\\\/07\\\/detiene-a-greta-thunberg-en-una-protesta-en-paises-bajos\\\/\"},\"wordCount\":420,\"commentCount\":0,\"publisher\":{\"@id\":\"https:\\\/\\\/www.eldiario.net\\\/portal\\\/#organization\"},\"image\":{\"@id\":\"https:\\\/\\\/www.eldiario.net\\\/portal\\\/2024\\\/04\\\/07\\\/detiene-a-greta-thunberg-en-una-protesta-en-paises-bajos\\\/#primaryimage\"},\"thumbnailUrl\":\"https:\\\/\\\/www.eldiario.net\\\/portal\\\/wp-content\\\/uploads\\\/2024\\\/04\\\/GRETA.jpg\",\"articleSection\":[\"Internacional\"],\"inLanguage\":\"es\",\"potentialAction\":[{\"@type\":\"CommentAction\",\"name\":\"Comment\",\"target\":[\"https:\\\/\\\/www.eldiario.net\\\/portal\\\/2024\\\/04\\\/07\\\/detiene-a-greta-thunberg-en-una-protesta-en-paises-bajos\\\/#respond\"]}]},{\"@type\":\"WebPage\",\"@id\":\"https:\\\/\\\/www.eldiario.net\\\/portal\\\/2024\\\/04\\\/07\\\/detiene-a-greta-thunberg-en-una-protesta-en-paises-bajos\\\/\",\"url\":\"https:\\\/\\\/www.eldiario.net\\\/portal\\\/2024\\\/04\\\/07\\\/detiene-a-greta-thunberg-en-una-protesta-en-paises-bajos\\\/\",\"name\":\"Detiene a Greta Thunberg en una protesta en Pa\u00edses Bajos - El Diario - Bolivia\",\"isPartOf\":{\"@id\":\"https:\\\/\\\/www.eldiario.net\\\/portal\\\/#website\"},\"primaryImageOfPage\":{\"@id\":\"https:\\\/\\\/www.eldiario.net\\\/portal\\\/2024\\\/04\\\/07\\\/detiene-a-greta-thunberg-en-una-protesta-en-paises-bajos\\\/#primaryimage\"},\"image\":{\"@id\":\"https:\\\/\\\/www.eldiario.net\\\/portal\\\/2024\\\/04\\\/07\\\/detiene-a-greta-thunberg-en-una-protesta-en-paises-bajos\\\/#primaryimage\"},\"thumbnailUrl\":\"https:\\\/\\\/www.eldiario.net\\\/portal\\\/wp-content\\\/uploads\\\/2024\\\/04\\\/GRETA.jpg\",\"datePublished\":\"2024-04-07T10:57:05+00:00\",\"breadcrumb\":{\"@id\":\"https:\\\/\\\/www.eldiario.net\\\/portal\\\/2024\\\/04\\\/07\\\/detiene-a-greta-thunberg-en-una-protesta-en-paises-bajos\\\/#breadcrumb\"},\"inLanguage\":\"es\",\"potentialAction\":[{\"@type\":\"ReadAction\",\"target\":[\"https:\\\/\\\/www.eldiario.net\\\/portal\\\/2024\\\/04\\\/07\\\/detiene-a-greta-thunberg-en-una-protesta-en-paises-bajos\\\/\"]}]},{\"@type\":\"ImageObject\",\"inLanguage\":\"es\",\"@id\":\"https:\\\/\\\/www.eldiario.net\\\/portal\\\/2024\\\/04\\\/07\\\/detiene-a-greta-thunberg-en-una-protesta-en-paises-bajos\\\/#primaryimage\",\"url\":\"https:\\\/\\\/www.eldiario.net\\\/portal\\\/wp-content\\\/uploads\\\/2024\\\/04\\\/GRETA.jpg\",\"contentUrl\":\"https:\\\/\\\/www.eldiario.net\\\/portal\\\/wp-content\\\/uploads\\\/2024\\\/04\\\/GRETA.jpg\",\"width\":1772,\"height\":1240,\"caption\":\"LA ACTIVISTA FUE DETENIDA EN UNA DE LAS PROTESTAS CONTRA LA SUBVENCI\u00d3N DEL COMBUSTIBLE.\"},{\"@type\":\"BreadcrumbList\",\"@id\":\"https:\\\/\\\/www.eldiario.net\\\/portal\\\/2024\\\/04\\\/07\\\/detiene-a-greta-thunberg-en-una-protesta-en-paises-bajos\\\/#breadcrumb\",\"itemListElement\":[{\"@type\":\"ListItem\",\"position\":1,\"name\":\"Portada\",\"item\":\"https:\\\/\\\/www.eldiario.net\\\/portal\\\/\"},{\"@type\":\"ListItem\",\"position\":2,\"name\":\"Detiene a Greta Thunberg en una protesta en Pa\u00edses Bajos\"}]},{\"@type\":\"WebSite\",\"@id\":\"https:\\\/\\\/www.eldiario.net\\\/portal\\\/#website\",\"url\":\"https:\\\/\\\/www.eldiario.net\\\/portal\\\/\",\"name\":\"El Diario - Decano de la prensa nacional\",\"description\":\"El Diario - Decano de la prensa nacional\",\"publisher\":{\"@id\":\"https:\\\/\\\/www.eldiario.net\\\/portal\\\/#organization\"},\"potentialAction\":[{\"@type\":\"SearchAction\",\"target\":{\"@type\":\"EntryPoint\",\"urlTemplate\":\"https:\\\/\\\/www.eldiario.net\\\/portal\\\/?s={search_term_string}\"},\"query-input\":{\"@type\":\"PropertyValueSpecification\",\"valueRequired\":true,\"valueName\":\"search_term_string\"}}],\"inLanguage\":\"es\"},{\"@type\":\"Organization\",\"@id\":\"https:\\\/\\\/www.eldiario.net\\\/portal\\\/#organization\",\"name\":\"El Diario - Decano de la prensa nacional\",\"url\":\"https:\\\/\\\/www.eldiario.net\\\/portal\\\/\",\"logo\":{\"@type\":\"ImageObject\",\"inLanguage\":\"es\",\"@id\":\"https:\\\/\\\/www.eldiario.net\\\/portal\\\/#\\\/schema\\\/logo\\\/image\\\/\",\"url\":\"https:\\\/\\\/www.eldiario.net\\\/portal\\\/wp-content\\\/uploads\\\/2023\\\/07\\\/logo_ED.jpg\",\"contentUrl\":\"https:\\\/\\\/www.eldiario.net\\\/portal\\\/wp-content\\\/uploads\\\/2023\\\/07\\\/logo_ED.jpg\",\"width\":272,\"height\":52,\"caption\":\"El Diario - Decano de la prensa nacional\"},\"image\":{\"@id\":\"https:\\\/\\\/www.eldiario.net\\\/portal\\\/#\\\/schema\\\/logo\\\/image\\\/\"},\"sameAs\":[\"https:\\\/\\\/www.facebook.com\\\/eldiario.bolivia\\\/\",\"https:\\\/\\\/x.com\\\/eldiario_net\"]},{\"@type\":\"Person\",\"@id\":\"https:\\\/\\\/www.eldiario.net\\\/portal\\\/#\\\/schema\\\/person\\\/f46445640444750d7d753ccd04ae01b7\",\"name\":\"Jeanette\",\"image\":{\"@type\":\"ImageObject\",\"inLanguage\":\"es\",\"@id\":\"https:\\\/\\\/secure.gravatar.com\\\/avatar\\\/3ea2118a5f7dad2b7138b1187a6b7ee55f160b9968b66013c3a3ef39dd7e5798?s=96&d=mm&r=g\",\"url\":\"https:\\\/\\\/secure.gravatar.com\\\/avatar\\\/3ea2118a5f7dad2b7138b1187a6b7ee55f160b9968b66013c3a3ef39dd7e5798?s=96&d=mm&r=g\",\"contentUrl\":\"https:\\\/\\\/secure.gravatar.com\\\/avatar\\\/3ea2118a5f7dad2b7138b1187a6b7ee55f160b9968b66013c3a3ef39dd7e5798?s=96&d=mm&r=g\",\"caption\":\"Jeanette\"},\"sameAs\":[\"https:\\\/\\\/www.eldiario.net\\\/portal\"],\"url\":\"https:\\\/\\\/www.eldiario.net\\\/portal\\\/author\\\/jeanette\\\/\"}]}<\/script>\n<!-- \/ Yoast SEO plugin. -->","yoast_head_json":{"title":"Detiene a Greta Thunberg en una protesta en Pa\u00edses Bajos - El Diario - Bolivia","robots":{"index":"index","follow":"follow","max-snippet":"max-snippet:-1","max-image-preview":"max-image-preview:large","max-video-preview":"max-video-preview:-1"},"canonical":"https:\/\/www.eldiario.net\/portal\/2024\/04\/07\/detiene-a-greta-thunberg-en-una-protesta-en-paises-bajos\/","og_locale":"es_ES","og_type":"article","og_title":"Detiene a Greta Thunberg en una protesta en Pa\u00edses Bajos - El Diario - Bolivia","og_description":"La activista clim\u00e1tica Greta Thunberg fue detenida por la Polic\u00eda neerlandesa ayer durante una protesta en La Haya contra las subvenciones a los combustibles f\u00f3siles. Thunberg y otros manifestantes del grupo ecologista Extinction Rebellion fueron vistos sentados en un autob\u00fas, mientras la Polic\u00eda proced\u00eda a m\u00e1s arrestos, indic\u00f3 un corresponsal de la agencia de noticias [&hellip;]","og_url":"https:\/\/www.eldiario.net\/portal\/2024\/04\/07\/detiene-a-greta-thunberg-en-una-protesta-en-paises-bajos\/","og_site_name":"El Diario - Bolivia","article_publisher":"https:\/\/www.facebook.com\/eldiario.bolivia\/","article_published_time":"2024-04-07T10:57:05+00:00","og_image":[{"width":1772,"height":1240,"url":"https:\/\/www.eldiario.net\/portal\/wp-content\/uploads\/2024\/04\/GRETA.jpg","type":"image\/jpeg"}],"author":"Jeanette","twitter_card":"summary_large_image","twitter_creator":"@eldiario_net","twitter_site":"@eldiario_net","twitter_misc":{"Escrito por":"Jeanette","Tiempo de lectura":"2 minutos"},"schema":{"@context":"https:\/\/schema.org","@graph":[{"@type":"Article","@id":"https:\/\/www.eldiario.net\/portal\/2024\/04\/07\/detiene-a-greta-thunberg-en-una-protesta-en-paises-bajos\/#article","isPartOf":{"@id":"https:\/\/www.eldiario.net\/portal\/2024\/04\/07\/detiene-a-greta-thunberg-en-una-protesta-en-paises-bajos\/"},"author":{"name":"Jeanette","@id":"https:\/\/www.eldiario.net\/portal\/#\/schema\/person\/f46445640444750d7d753ccd04ae01b7"},"headline":"Detiene a Greta Thunberg en una protesta en Pa\u00edses Bajos","datePublished":"2024-04-07T10:57:05+00:00","mainEntityOfPage":{"@id":"https:\/\/www.eldiario.net\/portal\/2024\/04\/07\/detiene-a-greta-thunberg-en-una-protesta-en-paises-bajos\/"},"wordCount":420,"commentCount":0,"publisher":{"@id":"https:\/\/www.eldiario.net\/portal\/#organization"},"image":{"@id":"https:\/\/www.eldiario.net\/portal\/2024\/04\/07\/detiene-a-greta-thunberg-en-una-protesta-en-paises-bajos\/#primaryimage"},"thumbnailUrl":"https:\/\/www.eldiario.net\/portal\/wp-content\/uploads\/2024\/04\/GRETA.jpg","articleSection":["Internacional"],"inLanguage":"es","potentialAction":[{"@type":"CommentAction","name":"Comment","target":["https:\/\/www.eldiario.net\/portal\/2024\/04\/07\/detiene-a-greta-thunberg-en-una-protesta-en-paises-bajos\/#respond"]}]},{"@type":"WebPage","@id":"https:\/\/www.eldiario.net\/portal\/2024\/04\/07\/detiene-a-greta-thunberg-en-una-protesta-en-paises-bajos\/","url":"https:\/\/www.eldiario.net\/portal\/2024\/04\/07\/detiene-a-greta-thunberg-en-una-protesta-en-paises-bajos\/","name":"Detiene a Greta Thunberg en una protesta en Pa\u00edses Bajos - El Diario - Bolivia","isPartOf":{"@id":"https:\/\/www.eldiario.net\/portal\/#website"},"primaryImageOfPage":{"@id":"https:\/\/www.eldiario.net\/portal\/2024\/04\/07\/detiene-a-greta-thunberg-en-una-protesta-en-paises-bajos\/#primaryimage"},"image":{"@id":"https:\/\/www.eldiario.net\/portal\/2024\/04\/07\/detiene-a-greta-thunberg-en-una-protesta-en-paises-bajos\/#primaryimage"},"thumbnailUrl":"https:\/\/www.eldiario.net\/portal\/wp-content\/uploads\/2024\/04\/GRETA.jpg","datePublished":"2024-04-07T10:57:05+00:00","breadcrumb":{"@id":"https:\/\/www.eldiario.net\/portal\/2024\/04\/07\/detiene-a-greta-thunberg-en-una-protesta-en-paises-bajos\/#breadcrumb"},"inLanguage":"es","potentialAction":[{"@type":"ReadAction","target":["https:\/\/www.eldiario.net\/portal\/2024\/04\/07\/detiene-a-greta-thunberg-en-una-protesta-en-paises-bajos\/"]}]},{"@type":"ImageObject","inLanguage":"es","@id":"https:\/\/www.eldiario.net\/portal\/2024\/04\/07\/detiene-a-greta-thunberg-en-una-protesta-en-paises-bajos\/#primaryimage","url":"https:\/\/www.eldiario.net\/portal\/wp-content\/uploads\/2024\/04\/GRETA.jpg","contentUrl":"https:\/\/www.eldiario.net\/portal\/wp-content\/uploads\/2024\/04\/GRETA.jpg","width":1772,"height":1240,"caption":"LA ACTIVISTA FUE DETENIDA EN UNA DE LAS PROTESTAS CONTRA LA SUBVENCI\u00d3N DEL COMBUSTIBLE."},{"@type":"BreadcrumbList","@id":"https:\/\/www.eldiario.net\/portal\/2024\/04\/07\/detiene-a-greta-thunberg-en-una-protesta-en-paises-bajos\/#breadcrumb","itemListElement":[{"@type":"ListItem","position":1,"name":"Portada","item":"https:\/\/www.eldiario.net\/portal\/"},{"@type":"ListItem","position":2,"name":"Detiene a Greta Thunberg en una protesta en Pa\u00edses Bajos"}]},{"@type":"WebSite","@id":"https:\/\/www.eldiario.net\/portal\/#website","url":"https:\/\/www.eldiario.net\/portal\/","name":"El Diario - Decano de la prensa nacional","description":"El Diario - Decano de la prensa nacional","publisher":{"@id":"https:\/\/www.eldiario.net\/portal\/#organization"},"potentialAction":[{"@type":"SearchAction","target":{"@type":"EntryPoint","urlTemplate":"https:\/\/www.eldiario.net\/portal\/?s={search_term_string}"},"query-input":{"@type":"PropertyValueSpecification","valueRequired":true,"valueName":"search_term_string"}}],"inLanguage":"es"},{"@type":"Organization","@id":"https:\/\/www.eldiario.net\/portal\/#organization","name":"El Diario - Decano de la prensa nacional","url":"https:\/\/www.eldiario.net\/portal\/","logo":{"@type":"ImageObject","inLanguage":"es","@id":"https:\/\/www.eldiario.net\/portal\/#\/schema\/logo\/image\/","url":"https:\/\/www.eldiario.net\/portal\/wp-content\/uploads\/2023\/07\/logo_ED.jpg","contentUrl":"https:\/\/www.eldiario.net\/portal\/wp-content\/uploads\/2023\/07\/logo_ED.jpg","width":272,"height":52,"caption":"El Diario - Decano de la prensa nacional"},"image":{"@id":"https:\/\/www.eldiario.net\/portal\/#\/schema\/logo\/image\/"},"sameAs":["https:\/\/www.facebook.com\/eldiario.bolivia\/","https:\/\/x.com\/eldiario_net"]},{"@type":"Person","@id":"https:\/\/www.eldiario.net\/portal\/#\/schema\/person\/f46445640444750d7d753ccd04ae01b7","name":"Jeanette","image":{"@type":"ImageObject","inLanguage":"es","@id":"https:\/\/secure.gravatar.com\/avatar\/3ea2118a5f7dad2b7138b1187a6b7ee55f160b9968b66013c3a3ef39dd7e5798?s=96&d=mm&r=g","url":"https:\/\/secure.gravatar.com\/avatar\/3ea2118a5f7dad2b7138b1187a6b7ee55f160b9968b66013c3a3ef39dd7e5798?s=96&d=mm&r=g","contentUrl":"https:\/\/secure.gravatar.com\/avatar\/3ea2118a5f7dad2b7138b1187a6b7ee55f160b9968b66013c3a3ef39dd7e5798?s=96&d=mm&r=g","caption":"Jeanette"},"sameAs":["https:\/\/www.eldiario.net\/portal"],"url":"https:\/\/www.eldiario.net\/portal\/author\/jeanette\/"}]}},"_links":{"self":[{"href":"https:\/\/www.eldiario.net\/portal\/wp-json\/wp\/v2\/posts\/212748","targetHints":{"allow":["GET"]}}],"collection":[{"href":"https:\/\/www.eldiario.net\/portal\/wp-json\/wp\/v2\/posts"}],"about":[{"href":"https:\/\/www.eldiario.net\/portal\/wp-json\/wp\/v2\/types\/post"}],"author":[{"embeddable":true,"href":"https:\/\/www.eldiario.net\/portal\/wp-json\/wp\/v2\/users\/1"}],"replies":[{"embeddable":true,"href":"https:\/\/www.eldiario.net\/portal\/wp-json\/wp\/v2\/comments?post=212748"}],"version-history":[{"count":1,"href":"https:\/\/www.eldiario.net\/portal\/wp-json\/wp\/v2\/posts\/212748\/revisions"}],"predecessor-version":[{"id":212750,"href":"https:\/\/www.eldiario.net\/portal\/wp-json\/wp\/v2\/posts\/212748\/revisions\/212750"}],"wp:featuredmedia":[{"embeddable":true,"href":"https:\/\/www.eldiario.net\/portal\/wp-json\/wp\/v2\/media\/212749"}],"wp:attachment":[{"href":"https:\/\/www.eldiario.net\/portal\/wp-json\/wp\/v2\/media?parent=212748"}],"wp:term":[{"taxonomy":"category","embeddable":true,"href":"https:\/\/www.eldiario.net\/portal\/wp-json\/wp\/v2\/categories?post=212748"},{"taxonomy":"post_tag","embeddable":true,"href":"https:\/\/www.eldiario.net\/portal\/wp-json\/wp\/v2\/tags?post=212748"}],"curies":[{"name":"wp","href":"https:\/\/api.w.org\/{rel}","templated":true}]}}