{"id":212741,"date":"2024-04-07T06:49:22","date_gmt":"2024-04-07T10:49:22","guid":{"rendered":"https:\/\/www.eldiario.net\/portal\/?p=212741"},"modified":"2024-04-07T06:49:22","modified_gmt":"2024-04-07T10:49:22","slug":"injerencia-mexicana-en-ecuador-no-justifica-invasion-a-sede-diplomatica","status":"publish","type":"post","link":"https:\/\/www.eldiario.net\/portal\/2024\/04\/07\/injerencia-mexicana-en-ecuador-no-justifica-invasion-a-sede-diplomatica\/","title":{"rendered":"Injerencia mexicana en Ecuador no  justifica invasi\u00f3n a sede diplom\u00e1tica"},"content":{"rendered":"<p>Luego de un operativo de la Polic\u00eda ecuatoriana en instalaciones de la embajada de M\u00e9xico en la ciudad de Quito, para proceder a la aprehensi\u00f3n del exvicepresidente, Jorge Glas, provocando la ruptura de relaciones entre ambos pa\u00edses, expresidentes bolivianos expresaron su condena a la injerencia ejercida por el Gobierno mexicano; sin embargo, se\u00f1alaron que nada justifica la invasi\u00f3n de una legaci\u00f3n diplom\u00e1tica.<br \/>\nLa noche del viernes, un grupo de efectivos policiales ecuatorianos ingres\u00f3 a instalaciones de la embajada mexicana para detener a Glas, horas antes, la exautoridad hab\u00eda recibido el visto bueno del Gobierno mexicano para adquirir el estatus de \u201casilado\u201d, esto tras permanecer en dicha delegaci\u00f3n diplom\u00e1tica desde diciembre de 2023.<br \/>\nIm\u00e1genes difundidas por medios internacionales reflejaron inicialmente un cerco de las fuerzas del orden ecuatorianas en los alrededores de la embajada mexicana, posteriormente uniformados treparon los muros del inmueble para proceder con la aprehensi\u00f3n de la exautoridad para ponerla a disposici\u00f3n de las autoridades competentes.<br \/>\nDesde Bolivia, los expresidentes Carlos Mesa Gisbert, Eduardo Rodr\u00edguez y Jorge Quiroga, se manifestaron en contra de la violaci\u00f3n a la soberan\u00eda de la embajada mexicana en Quito, sin embargo, reprocharon que Estados abusen de sus privilegios extraterritoriales para refugiar a \u201cdelincuentes y corruptos\u201d que tienen cuentas pendientes con la justicia de sus pa\u00edses.<br \/>\n\u201cEsto es absolutamente inaceptable para las relaciones internacionales, esperamos que este conflicto se solucione en el \u00e1mbito de los acuerdos diplom\u00e1ticos sobre el tema y se restablezca el respeto que debe primar entre naciones hermanas\u201d, sostuvo Mesa.<br \/>\nPor su parte, el expresidente Jorge Quiroga Ram\u00edrez, responsabiliz\u00f3 por el hecho a la injerencia ejercida por el Gobierno mexicano para tratar de encubrir actos de corrupci\u00f3n en territorio ecuatoriano, acci\u00f3n que fue respondida con una medida desacertada.<br \/>\nAsimismo, se\u00f1al\u00f3 que con la invasi\u00f3n de una legaci\u00f3n diplom\u00e1tica, no solo se pone violan convenciones diplom\u00e1ticas, sino se da\u00f1a la imagen de un pa\u00eds y se abre la posibilidad para que otros Estados tomen similares acciones contra personas asiladas por diferentes motivos.<br \/>\n\u201cInjerencia de L\u00f3pez Obrador en Ecuador fue grotesca, y la corrupci\u00f3n de Glas es repudiable. Pero, nada justifica y nunca se puede invadir una sede diplom\u00e1tica. Esta acci\u00f3n da\u00f1a y a\u00edsla a Ecuador, ayuda a la candidata de L\u00f3pez Obrador en M\u00e9xico y pone en riesgo a seis asilados en la embajada argentina en Caracas\u201d, expres\u00f3 la exautoridad mediante sus redes sociales.<br \/>\nPor el mismo medio, el expresidente Eduardo Rodr\u00edguez, calific\u00f3 como \u201cinadmisible\u201d que autoridades ecuatorianas hayan incurrido en una violaci\u00f3n al derecho internacional y llam\u00f3 a respetar y reparar todas las garant\u00edas en relaci\u00f3n a la figura del asilo, asegurar el respeto a la inviolabilidad de una sede diplom\u00e1tica y honrar obligaciones se\u00f1aladas en convenios y tratados.<br \/>\nDesde el Gobierno nacional, el presidente Luis Arce Catacora, se\u00f1al\u00f3 que el Estado Plurinacional de Bolivia, es respetuoso de las normas que rigen las relaciones diplom\u00e1ticas, por lo que se condena en\u00e9rgicamente la irrupci\u00f3n de la Polic\u00eda ecuatoriana en la embajada de M\u00e9xico, en Quito.<br \/>\n\u201cEste grave e inaceptable hecho atenta contra la soberan\u00eda mexicana y transgrede principios establecidos en la Convenci\u00f3n sobre Asilo Pol\u00edtico de Montevideo, as\u00ed como en la Convenci\u00f3n de Viena sobre Relaciones Diplom\u00e1ticas\u201d, expres\u00f3 el primer mandatario, lamentando la afectaci\u00f3n a la hermandad y convivencia pac\u00edfica entre pueblos a ra\u00edz de este hecho.<br \/>\nAyer, desde la Secretar\u00eda de Relaciones Exteriores de M\u00e9xico, se anunci\u00f3 la ruptura de relaciones diplom\u00e1ticas con la Rep\u00fablica del Ecuador, se\u00f1alando que esta determinaci\u00f3n se asumi\u00f3 como respuesta al ingreso de autoridades ecuatorianas a la embajada de este pa\u00eds en Quito.<br \/>\nSeg\u00fan una publicaci\u00f3n del diario La Jornada, autoridades mexicanas informaron que durante la irrupci\u00f3n a su embajada se produjeron lesiones al personal diplom\u00e1tico y otros abusos que violan acuerdos internacionales que rigen las relaciones entre Estados, por lo que adem\u00e1s se recurrir\u00e1 a la Corte Internacional de Justicia para denunciar el hecho.<br \/>\nSe anunci\u00f3 adem\u00e1s que el personal diplom\u00e1tico de M\u00e9xico en Ecuador ser\u00e1 repatriado de manera inmediata, a la espera de las garant\u00edas necesarias por parte de las autoridades ecuatorianas para su salida segura del pa\u00eds.<br \/>\nPara Quiroga, los gobiernos alineados con el denominado \u201cSocialismo del Siglo XXI\u201d se han dado a la tarea de asilar corruptos \u201clavajateros\u201d como en el caso de Glas.<br \/>\nEn ese sentido, recalc\u00f3 que quienes respetan y respaldan la inviolabilidad de las embajadas y el derecho internacional, tambi\u00e9n exigen respeto para el asilo en favor de seis ciudadanos dem\u00f3cratas de Venezuela que permanecen en la embajada argentina en espera de salvoconductos gestionados ante el r\u00e9gimen venezolano por el gobierno de Javier Milei.<br \/>\nDesde el Ministerio de Relaciones Exteriores de Bolivia, se conden\u00f3 el hecho, calific\u00e1ndolo como una \u201cFlagrante y grave violaci\u00f3n de la Convenci\u00f3n de Viena sobre relaciones Diplom\u00e1ticas de 1961\u201d.<\/p>\n","protected":false},"excerpt":{"rendered":"<p>Luego de un operativo de la Polic\u00eda ecuatoriana en instalaciones de la embajada de M\u00e9xico en la ciudad de Quito, para proceder a la aprehensi\u00f3n del exvicepresidente, Jorge Glas, provocando la ruptura de relaciones entre ambos pa\u00edses, expresidentes bolivianos expresaron su condena a la injerencia ejercida por el Gobierno mexicano; sin embargo, se\u00f1alaron que nada [&hellip;]<\/p>\n","protected":false},"author":1,"featured_media":212742,"comment_status":"open","ping_status":"open","sticky":false,"template":"","format":"standard","meta":{"_acf_changed":false,"footnotes":""},"categories":[14],"tags":[],"class_list":["post-212741","post","type-post","status-publish","format-standard","has-post-thumbnail","category-politica"],"acf":{"antetitulo":"Expresidentes se pronuncian "},"yoast_head":"<!-- This site is optimized with the Yoast SEO plugin v28.3 - https:\/\/yoast.com\/product\/yoast-seo-wordpress\/ -->\n<title>Injerencia mexicana en Ecuador no justifica invasi\u00f3n a sede diplom\u00e1tica - El Diario - Bolivia<\/title>\n<meta name=\"robots\" content=\"index, follow, max-snippet:-1, max-image-preview:large, max-video-preview:-1\" \/>\n<link rel=\"canonical\" href=\"https:\/\/www.eldiario.net\/portal\/2024\/04\/07\/injerencia-mexicana-en-ecuador-no-justifica-invasion-a-sede-diplomatica\/\" \/>\n<meta property=\"og:locale\" content=\"es_ES\" \/>\n<meta property=\"og:type\" content=\"article\" \/>\n<meta property=\"og:title\" content=\"Injerencia mexicana en Ecuador no justifica invasi\u00f3n a sede diplom\u00e1tica - El Diario - Bolivia\" \/>\n<meta property=\"og:description\" content=\"Luego de un operativo de la Polic\u00eda ecuatoriana en instalaciones de la embajada de M\u00e9xico en la ciudad de Quito, para proceder a la aprehensi\u00f3n del exvicepresidente, Jorge Glas, provocando la ruptura de relaciones entre ambos pa\u00edses, expresidentes bolivianos expresaron su condena a la injerencia ejercida por el Gobierno mexicano; sin embargo, se\u00f1alaron que nada [&hellip;]\" \/>\n<meta property=\"og:url\" content=\"https:\/\/www.eldiario.net\/portal\/2024\/04\/07\/injerencia-mexicana-en-ecuador-no-justifica-invasion-a-sede-diplomatica\/\" \/>\n<meta property=\"og:site_name\" content=\"El Diario - Bolivia\" \/>\n<meta property=\"article:publisher\" content=\"https:\/\/www.facebook.com\/eldiario.bolivia\/\" \/>\n<meta property=\"article:published_time\" content=\"2024-04-07T10:49:22+00:00\" \/>\n<meta property=\"og:image\" content=\"https:\/\/www.eldiario.net\/portal\/wp-content\/uploads\/2024\/04\/40-POL-3.jpg\" \/>\n\t<meta property=\"og:image:width\" content=\"992\" \/>\n\t<meta property=\"og:image:height\" content=\"661\" \/>\n\t<meta property=\"og:image:type\" content=\"image\/jpeg\" \/>\n<meta name=\"author\" content=\"Jeanette\" \/>\n<meta name=\"twitter:card\" content=\"summary_large_image\" \/>\n<meta name=\"twitter:creator\" content=\"@eldiario_net\" \/>\n<meta name=\"twitter:site\" content=\"@eldiario_net\" \/>\n<meta name=\"twitter:label1\" content=\"Escrito por\" \/>\n\t<meta name=\"twitter:data1\" content=\"Jeanette\" \/>\n\t<meta name=\"twitter:label2\" content=\"Tiempo de lectura\" \/>\n\t<meta name=\"twitter:data2\" content=\"4 minutos\" \/>\n<script type=\"application\/ld+json\" class=\"yoast-schema-graph\">{\"@context\":\"https:\\\/\\\/schema.org\",\"@graph\":[{\"@type\":\"Article\",\"@id\":\"https:\\\/\\\/www.eldiario.net\\\/portal\\\/2024\\\/04\\\/07\\\/injerencia-mexicana-en-ecuador-no-justifica-invasion-a-sede-diplomatica\\\/#article\",\"isPartOf\":{\"@id\":\"https:\\\/\\\/www.eldiario.net\\\/portal\\\/2024\\\/04\\\/07\\\/injerencia-mexicana-en-ecuador-no-justifica-invasion-a-sede-diplomatica\\\/\"},\"author\":{\"name\":\"Jeanette\",\"@id\":\"https:\\\/\\\/www.eldiario.net\\\/portal\\\/#\\\/schema\\\/person\\\/f46445640444750d7d753ccd04ae01b7\"},\"headline\":\"Injerencia mexicana en Ecuador no justifica invasi\u00f3n a sede diplom\u00e1tica\",\"datePublished\":\"2024-04-07T10:49:22+00:00\",\"mainEntityOfPage\":{\"@id\":\"https:\\\/\\\/www.eldiario.net\\\/portal\\\/2024\\\/04\\\/07\\\/injerencia-mexicana-en-ecuador-no-justifica-invasion-a-sede-diplomatica\\\/\"},\"wordCount\":874,\"commentCount\":0,\"publisher\":{\"@id\":\"https:\\\/\\\/www.eldiario.net\\\/portal\\\/#organization\"},\"image\":{\"@id\":\"https:\\\/\\\/www.eldiario.net\\\/portal\\\/2024\\\/04\\\/07\\\/injerencia-mexicana-en-ecuador-no-justifica-invasion-a-sede-diplomatica\\\/#primaryimage\"},\"thumbnailUrl\":\"https:\\\/\\\/www.eldiario.net\\\/portal\\\/wp-content\\\/uploads\\\/2024\\\/04\\\/40-POL-3.jpg\",\"articleSection\":[\"Pol\u00edtica\"],\"inLanguage\":\"es\",\"potentialAction\":[{\"@type\":\"CommentAction\",\"name\":\"Comment\",\"target\":[\"https:\\\/\\\/www.eldiario.net\\\/portal\\\/2024\\\/04\\\/07\\\/injerencia-mexicana-en-ecuador-no-justifica-invasion-a-sede-diplomatica\\\/#respond\"]}]},{\"@type\":\"WebPage\",\"@id\":\"https:\\\/\\\/www.eldiario.net\\\/portal\\\/2024\\\/04\\\/07\\\/injerencia-mexicana-en-ecuador-no-justifica-invasion-a-sede-diplomatica\\\/\",\"url\":\"https:\\\/\\\/www.eldiario.net\\\/portal\\\/2024\\\/04\\\/07\\\/injerencia-mexicana-en-ecuador-no-justifica-invasion-a-sede-diplomatica\\\/\",\"name\":\"Injerencia mexicana en Ecuador no justifica invasi\u00f3n a sede diplom\u00e1tica - El Diario - Bolivia\",\"isPartOf\":{\"@id\":\"https:\\\/\\\/www.eldiario.net\\\/portal\\\/#website\"},\"primaryImageOfPage\":{\"@id\":\"https:\\\/\\\/www.eldiario.net\\\/portal\\\/2024\\\/04\\\/07\\\/injerencia-mexicana-en-ecuador-no-justifica-invasion-a-sede-diplomatica\\\/#primaryimage\"},\"image\":{\"@id\":\"https:\\\/\\\/www.eldiario.net\\\/portal\\\/2024\\\/04\\\/07\\\/injerencia-mexicana-en-ecuador-no-justifica-invasion-a-sede-diplomatica\\\/#primaryimage\"},\"thumbnailUrl\":\"https:\\\/\\\/www.eldiario.net\\\/portal\\\/wp-content\\\/uploads\\\/2024\\\/04\\\/40-POL-3.jpg\",\"datePublished\":\"2024-04-07T10:49:22+00:00\",\"breadcrumb\":{\"@id\":\"https:\\\/\\\/www.eldiario.net\\\/portal\\\/2024\\\/04\\\/07\\\/injerencia-mexicana-en-ecuador-no-justifica-invasion-a-sede-diplomatica\\\/#breadcrumb\"},\"inLanguage\":\"es\",\"potentialAction\":[{\"@type\":\"ReadAction\",\"target\":[\"https:\\\/\\\/www.eldiario.net\\\/portal\\\/2024\\\/04\\\/07\\\/injerencia-mexicana-en-ecuador-no-justifica-invasion-a-sede-diplomatica\\\/\"]}]},{\"@type\":\"ImageObject\",\"inLanguage\":\"es\",\"@id\":\"https:\\\/\\\/www.eldiario.net\\\/portal\\\/2024\\\/04\\\/07\\\/injerencia-mexicana-en-ecuador-no-justifica-invasion-a-sede-diplomatica\\\/#primaryimage\",\"url\":\"https:\\\/\\\/www.eldiario.net\\\/portal\\\/wp-content\\\/uploads\\\/2024\\\/04\\\/40-POL-3.jpg\",\"contentUrl\":\"https:\\\/\\\/www.eldiario.net\\\/portal\\\/wp-content\\\/uploads\\\/2024\\\/04\\\/40-POL-3.jpg\",\"width\":992,\"height\":661,\"caption\":\"Polic\u00eda ecuatoriana ingresa a embajada mexicana en Quito.\"},{\"@type\":\"BreadcrumbList\",\"@id\":\"https:\\\/\\\/www.eldiario.net\\\/portal\\\/2024\\\/04\\\/07\\\/injerencia-mexicana-en-ecuador-no-justifica-invasion-a-sede-diplomatica\\\/#breadcrumb\",\"itemListElement\":[{\"@type\":\"ListItem\",\"position\":1,\"name\":\"Portada\",\"item\":\"https:\\\/\\\/www.eldiario.net\\\/portal\\\/\"},{\"@type\":\"ListItem\",\"position\":2,\"name\":\"Injerencia mexicana en Ecuador no justifica invasi\u00f3n a sede diplom\u00e1tica\"}]},{\"@type\":\"WebSite\",\"@id\":\"https:\\\/\\\/www.eldiario.net\\\/portal\\\/#website\",\"url\":\"https:\\\/\\\/www.eldiario.net\\\/portal\\\/\",\"name\":\"El Diario - Decano de la prensa nacional\",\"description\":\"El Diario - Decano de la prensa nacional\",\"publisher\":{\"@id\":\"https:\\\/\\\/www.eldiario.net\\\/portal\\\/#organization\"},\"potentialAction\":[{\"@type\":\"SearchAction\",\"target\":{\"@type\":\"EntryPoint\",\"urlTemplate\":\"https:\\\/\\\/www.eldiario.net\\\/portal\\\/?s={search_term_string}\"},\"query-input\":{\"@type\":\"PropertyValueSpecification\",\"valueRequired\":true,\"valueName\":\"search_term_string\"}}],\"inLanguage\":\"es\"},{\"@type\":\"Organization\",\"@id\":\"https:\\\/\\\/www.eldiario.net\\\/portal\\\/#organization\",\"name\":\"El Diario - Decano de la prensa nacional\",\"url\":\"https:\\\/\\\/www.eldiario.net\\\/portal\\\/\",\"logo\":{\"@type\":\"ImageObject\",\"inLanguage\":\"es\",\"@id\":\"https:\\\/\\\/www.eldiario.net\\\/portal\\\/#\\\/schema\\\/logo\\\/image\\\/\",\"url\":\"https:\\\/\\\/www.eldiario.net\\\/portal\\\/wp-content\\\/uploads\\\/2023\\\/07\\\/logo_ED.jpg\",\"contentUrl\":\"https:\\\/\\\/www.eldiario.net\\\/portal\\\/wp-content\\\/uploads\\\/2023\\\/07\\\/logo_ED.jpg\",\"width\":272,\"height\":52,\"caption\":\"El Diario - Decano de la prensa nacional\"},\"image\":{\"@id\":\"https:\\\/\\\/www.eldiario.net\\\/portal\\\/#\\\/schema\\\/logo\\\/image\\\/\"},\"sameAs\":[\"https:\\\/\\\/www.facebook.com\\\/eldiario.bolivia\\\/\",\"https:\\\/\\\/x.com\\\/eldiario_net\"]},{\"@type\":\"Person\",\"@id\":\"https:\\\/\\\/www.eldiario.net\\\/portal\\\/#\\\/schema\\\/person\\\/f46445640444750d7d753ccd04ae01b7\",\"name\":\"Jeanette\",\"image\":{\"@type\":\"ImageObject\",\"inLanguage\":\"es\",\"@id\":\"https:\\\/\\\/secure.gravatar.com\\\/avatar\\\/3ea2118a5f7dad2b7138b1187a6b7ee55f160b9968b66013c3a3ef39dd7e5798?s=96&d=mm&r=g\",\"url\":\"https:\\\/\\\/secure.gravatar.com\\\/avatar\\\/3ea2118a5f7dad2b7138b1187a6b7ee55f160b9968b66013c3a3ef39dd7e5798?s=96&d=mm&r=g\",\"contentUrl\":\"https:\\\/\\\/secure.gravatar.com\\\/avatar\\\/3ea2118a5f7dad2b7138b1187a6b7ee55f160b9968b66013c3a3ef39dd7e5798?s=96&d=mm&r=g\",\"caption\":\"Jeanette\"},\"sameAs\":[\"https:\\\/\\\/www.eldiario.net\\\/portal\"],\"url\":\"https:\\\/\\\/www.eldiario.net\\\/portal\\\/author\\\/jeanette\\\/\"}]}<\/script>\n<!-- \/ Yoast SEO plugin. -->","yoast_head_json":{"title":"Injerencia mexicana en Ecuador no justifica invasi\u00f3n a sede diplom\u00e1tica - El Diario - Bolivia","robots":{"index":"index","follow":"follow","max-snippet":"max-snippet:-1","max-image-preview":"max-image-preview:large","max-video-preview":"max-video-preview:-1"},"canonical":"https:\/\/www.eldiario.net\/portal\/2024\/04\/07\/injerencia-mexicana-en-ecuador-no-justifica-invasion-a-sede-diplomatica\/","og_locale":"es_ES","og_type":"article","og_title":"Injerencia mexicana en Ecuador no justifica invasi\u00f3n a sede diplom\u00e1tica - El Diario - Bolivia","og_description":"Luego de un operativo de la Polic\u00eda ecuatoriana en instalaciones de la embajada de M\u00e9xico en la ciudad de Quito, para proceder a la aprehensi\u00f3n del exvicepresidente, Jorge Glas, provocando la ruptura de relaciones entre ambos pa\u00edses, expresidentes bolivianos expresaron su condena a la injerencia ejercida por el Gobierno mexicano; sin embargo, se\u00f1alaron que nada [&hellip;]","og_url":"https:\/\/www.eldiario.net\/portal\/2024\/04\/07\/injerencia-mexicana-en-ecuador-no-justifica-invasion-a-sede-diplomatica\/","og_site_name":"El Diario - Bolivia","article_publisher":"https:\/\/www.facebook.com\/eldiario.bolivia\/","article_published_time":"2024-04-07T10:49:22+00:00","og_image":[{"width":992,"height":661,"url":"https:\/\/www.eldiario.net\/portal\/wp-content\/uploads\/2024\/04\/40-POL-3.jpg","type":"image\/jpeg"}],"author":"Jeanette","twitter_card":"summary_large_image","twitter_creator":"@eldiario_net","twitter_site":"@eldiario_net","twitter_misc":{"Escrito por":"Jeanette","Tiempo de lectura":"4 minutos"},"schema":{"@context":"https:\/\/schema.org","@graph":[{"@type":"Article","@id":"https:\/\/www.eldiario.net\/portal\/2024\/04\/07\/injerencia-mexicana-en-ecuador-no-justifica-invasion-a-sede-diplomatica\/#article","isPartOf":{"@id":"https:\/\/www.eldiario.net\/portal\/2024\/04\/07\/injerencia-mexicana-en-ecuador-no-justifica-invasion-a-sede-diplomatica\/"},"author":{"name":"Jeanette","@id":"https:\/\/www.eldiario.net\/portal\/#\/schema\/person\/f46445640444750d7d753ccd04ae01b7"},"headline":"Injerencia mexicana en Ecuador no justifica invasi\u00f3n a sede diplom\u00e1tica","datePublished":"2024-04-07T10:49:22+00:00","mainEntityOfPage":{"@id":"https:\/\/www.eldiario.net\/portal\/2024\/04\/07\/injerencia-mexicana-en-ecuador-no-justifica-invasion-a-sede-diplomatica\/"},"wordCount":874,"commentCount":0,"publisher":{"@id":"https:\/\/www.eldiario.net\/portal\/#organization"},"image":{"@id":"https:\/\/www.eldiario.net\/portal\/2024\/04\/07\/injerencia-mexicana-en-ecuador-no-justifica-invasion-a-sede-diplomatica\/#primaryimage"},"thumbnailUrl":"https:\/\/www.eldiario.net\/portal\/wp-content\/uploads\/2024\/04\/40-POL-3.jpg","articleSection":["Pol\u00edtica"],"inLanguage":"es","potentialAction":[{"@type":"CommentAction","name":"Comment","target":["https:\/\/www.eldiario.net\/portal\/2024\/04\/07\/injerencia-mexicana-en-ecuador-no-justifica-invasion-a-sede-diplomatica\/#respond"]}]},{"@type":"WebPage","@id":"https:\/\/www.eldiario.net\/portal\/2024\/04\/07\/injerencia-mexicana-en-ecuador-no-justifica-invasion-a-sede-diplomatica\/","url":"https:\/\/www.eldiario.net\/portal\/2024\/04\/07\/injerencia-mexicana-en-ecuador-no-justifica-invasion-a-sede-diplomatica\/","name":"Injerencia mexicana en Ecuador no justifica invasi\u00f3n a sede diplom\u00e1tica - El Diario - Bolivia","isPartOf":{"@id":"https:\/\/www.eldiario.net\/portal\/#website"},"primaryImageOfPage":{"@id":"https:\/\/www.eldiario.net\/portal\/2024\/04\/07\/injerencia-mexicana-en-ecuador-no-justifica-invasion-a-sede-diplomatica\/#primaryimage"},"image":{"@id":"https:\/\/www.eldiario.net\/portal\/2024\/04\/07\/injerencia-mexicana-en-ecuador-no-justifica-invasion-a-sede-diplomatica\/#primaryimage"},"thumbnailUrl":"https:\/\/www.eldiario.net\/portal\/wp-content\/uploads\/2024\/04\/40-POL-3.jpg","datePublished":"2024-04-07T10:49:22+00:00","breadcrumb":{"@id":"https:\/\/www.eldiario.net\/portal\/2024\/04\/07\/injerencia-mexicana-en-ecuador-no-justifica-invasion-a-sede-diplomatica\/#breadcrumb"},"inLanguage":"es","potentialAction":[{"@type":"ReadAction","target":["https:\/\/www.eldiario.net\/portal\/2024\/04\/07\/injerencia-mexicana-en-ecuador-no-justifica-invasion-a-sede-diplomatica\/"]}]},{"@type":"ImageObject","inLanguage":"es","@id":"https:\/\/www.eldiario.net\/portal\/2024\/04\/07\/injerencia-mexicana-en-ecuador-no-justifica-invasion-a-sede-diplomatica\/#primaryimage","url":"https:\/\/www.eldiario.net\/portal\/wp-content\/uploads\/2024\/04\/40-POL-3.jpg","contentUrl":"https:\/\/www.eldiario.net\/portal\/wp-content\/uploads\/2024\/04\/40-POL-3.jpg","width":992,"height":661,"caption":"Polic\u00eda ecuatoriana ingresa a embajada mexicana en Quito."},{"@type":"BreadcrumbList","@id":"https:\/\/www.eldiario.net\/portal\/2024\/04\/07\/injerencia-mexicana-en-ecuador-no-justifica-invasion-a-sede-diplomatica\/#breadcrumb","itemListElement":[{"@type":"ListItem","position":1,"name":"Portada","item":"https:\/\/www.eldiario.net\/portal\/"},{"@type":"ListItem","position":2,"name":"Injerencia mexicana en Ecuador no justifica invasi\u00f3n a sede diplom\u00e1tica"}]},{"@type":"WebSite","@id":"https:\/\/www.eldiario.net\/portal\/#website","url":"https:\/\/www.eldiario.net\/portal\/","name":"El Diario - Decano de la prensa nacional","description":"El Diario - Decano de la prensa nacional","publisher":{"@id":"https:\/\/www.eldiario.net\/portal\/#organization"},"potentialAction":[{"@type":"SearchAction","target":{"@type":"EntryPoint","urlTemplate":"https:\/\/www.eldiario.net\/portal\/?s={search_term_string}"},"query-input":{"@type":"PropertyValueSpecification","valueRequired":true,"valueName":"search_term_string"}}],"inLanguage":"es"},{"@type":"Organization","@id":"https:\/\/www.eldiario.net\/portal\/#organization","name":"El Diario - Decano de la prensa nacional","url":"https:\/\/www.eldiario.net\/portal\/","logo":{"@type":"ImageObject","inLanguage":"es","@id":"https:\/\/www.eldiario.net\/portal\/#\/schema\/logo\/image\/","url":"https:\/\/www.eldiario.net\/portal\/wp-content\/uploads\/2023\/07\/logo_ED.jpg","contentUrl":"https:\/\/www.eldiario.net\/portal\/wp-content\/uploads\/2023\/07\/logo_ED.jpg","width":272,"height":52,"caption":"El Diario - Decano de la prensa nacional"},"image":{"@id":"https:\/\/www.eldiario.net\/portal\/#\/schema\/logo\/image\/"},"sameAs":["https:\/\/www.facebook.com\/eldiario.bolivia\/","https:\/\/x.com\/eldiario_net"]},{"@type":"Person","@id":"https:\/\/www.eldiario.net\/portal\/#\/schema\/person\/f46445640444750d7d753ccd04ae01b7","name":"Jeanette","image":{"@type":"ImageObject","inLanguage":"es","@id":"https:\/\/secure.gravatar.com\/avatar\/3ea2118a5f7dad2b7138b1187a6b7ee55f160b9968b66013c3a3ef39dd7e5798?s=96&d=mm&r=g","url":"https:\/\/secure.gravatar.com\/avatar\/3ea2118a5f7dad2b7138b1187a6b7ee55f160b9968b66013c3a3ef39dd7e5798?s=96&d=mm&r=g","contentUrl":"https:\/\/secure.gravatar.com\/avatar\/3ea2118a5f7dad2b7138b1187a6b7ee55f160b9968b66013c3a3ef39dd7e5798?s=96&d=mm&r=g","caption":"Jeanette"},"sameAs":["https:\/\/www.eldiario.net\/portal"],"url":"https:\/\/www.eldiario.net\/portal\/author\/jeanette\/"}]}},"_links":{"self":[{"href":"https:\/\/www.eldiario.net\/portal\/wp-json\/wp\/v2\/posts\/212741","targetHints":{"allow":["GET"]}}],"collection":[{"href":"https:\/\/www.eldiario.net\/portal\/wp-json\/wp\/v2\/posts"}],"about":[{"href":"https:\/\/www.eldiario.net\/portal\/wp-json\/wp\/v2\/types\/post"}],"author":[{"embeddable":true,"href":"https:\/\/www.eldiario.net\/portal\/wp-json\/wp\/v2\/users\/1"}],"replies":[{"embeddable":true,"href":"https:\/\/www.eldiario.net\/portal\/wp-json\/wp\/v2\/comments?post=212741"}],"version-history":[{"count":1,"href":"https:\/\/www.eldiario.net\/portal\/wp-json\/wp\/v2\/posts\/212741\/revisions"}],"predecessor-version":[{"id":212743,"href":"https:\/\/www.eldiario.net\/portal\/wp-json\/wp\/v2\/posts\/212741\/revisions\/212743"}],"wp:featuredmedia":[{"embeddable":true,"href":"https:\/\/www.eldiario.net\/portal\/wp-json\/wp\/v2\/media\/212742"}],"wp:attachment":[{"href":"https:\/\/www.eldiario.net\/portal\/wp-json\/wp\/v2\/media?parent=212741"}],"wp:term":[{"taxonomy":"category","embeddable":true,"href":"https:\/\/www.eldiario.net\/portal\/wp-json\/wp\/v2\/categories?post=212741"},{"taxonomy":"post_tag","embeddable":true,"href":"https:\/\/www.eldiario.net\/portal\/wp-json\/wp\/v2\/tags?post=212741"}],"curies":[{"name":"wp","href":"https:\/\/api.w.org\/{rel}","templated":true}]}}