{"id":212738,"date":"2024-04-07T06:48:18","date_gmt":"2024-04-07T10:48:18","guid":{"rendered":"https:\/\/www.eldiario.net\/portal\/?p=212738"},"modified":"2024-04-07T06:48:18","modified_gmt":"2024-04-07T10:48:18","slug":"montero-asegura-que-el-gobierno-teme-a-camacho","status":"publish","type":"post","link":"https:\/\/www.eldiario.net\/portal\/2024\/04\/07\/montero-asegura-que-el-gobierno-teme-a-camacho\/","title":{"rendered":"Montero asegura que el  Gobierno teme a Camacho"},"content":{"rendered":"<p>Luego que el ministro de Gobierno, Eduardo Del Castillo, descartara la posibilidad de trasladar al exgobernador cruce\u00f1o, Fernando Camacho, hasta Santa Cruz para que asista a su audiencia de juicio por el caso \u201cDecretazo\u201d, el senador por Creemos, Henry Montero, manifest\u00f3 que el gobierno del Movimiento al Socialismo (MAS) teme a la autoridad departamental porque no negocia su libertad y contin\u00faa luchando por la democracia.<br \/>\nEl viernes, Del Castillo pr\u00e1cticamente desahuci\u00f3 un eventual traslado de Camacho a Santa Cruz, se\u00f1alando que las condiciones adversas para el traslado de la autoridad cruce\u00f1a se mantienen.<br \/>\n\u201cNo es el \u00fanico proceso que tiene abierto el se\u00f1or Camacho, guarda detenci\u00f3n preventiva por otros procesos (\u2026), al tener juicios en dos ciudades distintas, podemos determinar que no lo podemos trasladar todos los d\u00edas de un centro penitenciario a otro\u201d, sostuvo la autoridad haciendo referencia a la cercan\u00eda de la fecha fijada para el inicio del juicio por el caso Golpe I.<br \/>\nMontero cuestion\u00f3 que desde el Gobierno se exprese alg\u00fan tipo de temor al traslado de Camacho hasta su ciudad de origen y ponder\u00f3 la determinaci\u00f3n de la justicia para que la autoridad sea trasladada a Santa Cruz, con la debida notificaci\u00f3n al investigado en el penal de Chonchocoro de La Paz.<br \/>\n\u201c\u00bfPeligrosa porque utiliz\u00f3 en un momento, una Biblia y una carta? \u00bfPeligrosa porque sigue luchando por la democracia y la libertad? \u00bfPeligrosa porque no ha negociado su libertad por los intereses del pueblo boliviano? \u00c9se es el peligro que tiene un ciudadano que lucha de acuerdo a la ley para el MAS\u201d, afirm\u00f3.<br \/>\nEl legislador de oposici\u00f3n tambi\u00e9n se refiri\u00f3 a la importancia de que Camacho pueda estar presente en su audiencia \u201ccomo cualquier ciudadano que tiene derecho a la defensa, a la presunci\u00f3n de inocencia, tener un juicio justo y apegado a la ley, pero seguramente todas las instancias pol\u00edticas estar\u00e1n buscando las formas para que no vaya, que preocupa por la democracia porque solamente por la orden de un ministro se pueda suspender la salida del Gobernador\u201d, afirm\u00f3.<br \/>\nDel Castillo record\u00f3 que la audiencia por la supuesta aprobaci\u00f3n irregular del Decreto Departamental 373, fue diferida para el d\u00eda 11 de abril, sin embargo, d\u00edas atr\u00e1s se sorte\u00f3 el juzgado para llevar adelante el juicio por el denominado caso \u201cGolpe I\u201d, en La Paz.<\/p>\n","protected":false},"excerpt":{"rendered":"<p>Luego que el ministro de Gobierno, Eduardo Del Castillo, descartara la posibilidad de trasladar al exgobernador cruce\u00f1o, Fernando Camacho, hasta Santa Cruz para que asista a su audiencia de juicio por el caso \u201cDecretazo\u201d, el senador por Creemos, Henry Montero, manifest\u00f3 que el gobierno del Movimiento al Socialismo (MAS) teme a la autoridad departamental porque [&hellip;]<\/p>\n","protected":false},"author":1,"featured_media":212739,"comment_status":"open","ping_status":"open","sticky":false,"template":"","format":"standard","meta":{"_acf_changed":false,"footnotes":""},"categories":[14],"tags":[],"class_list":["post-212738","post","type-post","status-publish","format-standard","has-post-thumbnail","category-politica"],"acf":{"antetitulo":"Por evitar traslado a Santa Cruz"},"yoast_head":"<!-- This site is optimized with the Yoast SEO plugin v28.3 - https:\/\/yoast.com\/product\/yoast-seo-wordpress\/ -->\n<title>Montero asegura que el Gobierno teme a Camacho - El Diario - Bolivia<\/title>\n<meta name=\"robots\" content=\"index, follow, max-snippet:-1, max-image-preview:large, max-video-preview:-1\" \/>\n<link rel=\"canonical\" href=\"https:\/\/www.eldiario.net\/portal\/2024\/04\/07\/montero-asegura-que-el-gobierno-teme-a-camacho\/\" \/>\n<meta property=\"og:locale\" content=\"es_ES\" \/>\n<meta property=\"og:type\" content=\"article\" \/>\n<meta property=\"og:title\" content=\"Montero asegura que el Gobierno teme a Camacho - El Diario - Bolivia\" \/>\n<meta property=\"og:description\" content=\"Luego que el ministro de Gobierno, Eduardo Del Castillo, descartara la posibilidad de trasladar al exgobernador cruce\u00f1o, Fernando Camacho, hasta Santa Cruz para que asista a su audiencia de juicio por el caso \u201cDecretazo\u201d, el senador por Creemos, Henry Montero, manifest\u00f3 que el gobierno del Movimiento al Socialismo (MAS) teme a la autoridad departamental porque [&hellip;]\" \/>\n<meta property=\"og:url\" content=\"https:\/\/www.eldiario.net\/portal\/2024\/04\/07\/montero-asegura-que-el-gobierno-teme-a-camacho\/\" \/>\n<meta property=\"og:site_name\" content=\"El Diario - Bolivia\" \/>\n<meta property=\"article:publisher\" content=\"https:\/\/www.facebook.com\/eldiario.bolivia\/\" \/>\n<meta property=\"article:published_time\" content=\"2024-04-07T10:48:18+00:00\" \/>\n<meta property=\"og:image\" content=\"https:\/\/www.eldiario.net\/portal\/wp-content\/uploads\/2024\/04\/41-POL-2.jpg\" \/>\n\t<meta property=\"og:image:width\" content=\"1000\" \/>\n\t<meta property=\"og:image:height\" content=\"562\" \/>\n\t<meta property=\"og:image:type\" content=\"image\/jpeg\" \/>\n<meta name=\"author\" content=\"Jeanette\" \/>\n<meta name=\"twitter:card\" content=\"summary_large_image\" \/>\n<meta name=\"twitter:creator\" content=\"@eldiario_net\" \/>\n<meta name=\"twitter:site\" content=\"@eldiario_net\" \/>\n<meta name=\"twitter:label1\" content=\"Escrito por\" \/>\n\t<meta name=\"twitter:data1\" content=\"Jeanette\" \/>\n\t<meta name=\"twitter:label2\" content=\"Tiempo de lectura\" \/>\n\t<meta name=\"twitter:data2\" content=\"2 minutos\" \/>\n<script type=\"application\/ld+json\" class=\"yoast-schema-graph\">{\"@context\":\"https:\\\/\\\/schema.org\",\"@graph\":[{\"@type\":\"Article\",\"@id\":\"https:\\\/\\\/www.eldiario.net\\\/portal\\\/2024\\\/04\\\/07\\\/montero-asegura-que-el-gobierno-teme-a-camacho\\\/#article\",\"isPartOf\":{\"@id\":\"https:\\\/\\\/www.eldiario.net\\\/portal\\\/2024\\\/04\\\/07\\\/montero-asegura-que-el-gobierno-teme-a-camacho\\\/\"},\"author\":{\"name\":\"Jeanette\",\"@id\":\"https:\\\/\\\/www.eldiario.net\\\/portal\\\/#\\\/schema\\\/person\\\/f46445640444750d7d753ccd04ae01b7\"},\"headline\":\"Montero asegura que el Gobierno teme a Camacho\",\"datePublished\":\"2024-04-07T10:48:18+00:00\",\"mainEntityOfPage\":{\"@id\":\"https:\\\/\\\/www.eldiario.net\\\/portal\\\/2024\\\/04\\\/07\\\/montero-asegura-que-el-gobierno-teme-a-camacho\\\/\"},\"wordCount\":408,\"commentCount\":0,\"publisher\":{\"@id\":\"https:\\\/\\\/www.eldiario.net\\\/portal\\\/#organization\"},\"image\":{\"@id\":\"https:\\\/\\\/www.eldiario.net\\\/portal\\\/2024\\\/04\\\/07\\\/montero-asegura-que-el-gobierno-teme-a-camacho\\\/#primaryimage\"},\"thumbnailUrl\":\"https:\\\/\\\/www.eldiario.net\\\/portal\\\/wp-content\\\/uploads\\\/2024\\\/04\\\/41-POL-2.jpg\",\"articleSection\":[\"Pol\u00edtica\"],\"inLanguage\":\"es\",\"potentialAction\":[{\"@type\":\"CommentAction\",\"name\":\"Comment\",\"target\":[\"https:\\\/\\\/www.eldiario.net\\\/portal\\\/2024\\\/04\\\/07\\\/montero-asegura-que-el-gobierno-teme-a-camacho\\\/#respond\"]}]},{\"@type\":\"WebPage\",\"@id\":\"https:\\\/\\\/www.eldiario.net\\\/portal\\\/2024\\\/04\\\/07\\\/montero-asegura-que-el-gobierno-teme-a-camacho\\\/\",\"url\":\"https:\\\/\\\/www.eldiario.net\\\/portal\\\/2024\\\/04\\\/07\\\/montero-asegura-que-el-gobierno-teme-a-camacho\\\/\",\"name\":\"Montero asegura que el Gobierno teme a Camacho - El Diario - Bolivia\",\"isPartOf\":{\"@id\":\"https:\\\/\\\/www.eldiario.net\\\/portal\\\/#website\"},\"primaryImageOfPage\":{\"@id\":\"https:\\\/\\\/www.eldiario.net\\\/portal\\\/2024\\\/04\\\/07\\\/montero-asegura-que-el-gobierno-teme-a-camacho\\\/#primaryimage\"},\"image\":{\"@id\":\"https:\\\/\\\/www.eldiario.net\\\/portal\\\/2024\\\/04\\\/07\\\/montero-asegura-que-el-gobierno-teme-a-camacho\\\/#primaryimage\"},\"thumbnailUrl\":\"https:\\\/\\\/www.eldiario.net\\\/portal\\\/wp-content\\\/uploads\\\/2024\\\/04\\\/41-POL-2.jpg\",\"datePublished\":\"2024-04-07T10:48:18+00:00\",\"breadcrumb\":{\"@id\":\"https:\\\/\\\/www.eldiario.net\\\/portal\\\/2024\\\/04\\\/07\\\/montero-asegura-que-el-gobierno-teme-a-camacho\\\/#breadcrumb\"},\"inLanguage\":\"es\",\"potentialAction\":[{\"@type\":\"ReadAction\",\"target\":[\"https:\\\/\\\/www.eldiario.net\\\/portal\\\/2024\\\/04\\\/07\\\/montero-asegura-que-el-gobierno-teme-a-camacho\\\/\"]}]},{\"@type\":\"ImageObject\",\"inLanguage\":\"es\",\"@id\":\"https:\\\/\\\/www.eldiario.net\\\/portal\\\/2024\\\/04\\\/07\\\/montero-asegura-que-el-gobierno-teme-a-camacho\\\/#primaryimage\",\"url\":\"https:\\\/\\\/www.eldiario.net\\\/portal\\\/wp-content\\\/uploads\\\/2024\\\/04\\\/41-POL-2.jpg\",\"contentUrl\":\"https:\\\/\\\/www.eldiario.net\\\/portal\\\/wp-content\\\/uploads\\\/2024\\\/04\\\/41-POL-2.jpg\",\"width\":1000,\"height\":562,\"caption\":\"Senador Henry Montero (Creemos).\"},{\"@type\":\"BreadcrumbList\",\"@id\":\"https:\\\/\\\/www.eldiario.net\\\/portal\\\/2024\\\/04\\\/07\\\/montero-asegura-que-el-gobierno-teme-a-camacho\\\/#breadcrumb\",\"itemListElement\":[{\"@type\":\"ListItem\",\"position\":1,\"name\":\"Portada\",\"item\":\"https:\\\/\\\/www.eldiario.net\\\/portal\\\/\"},{\"@type\":\"ListItem\",\"position\":2,\"name\":\"Montero asegura que el Gobierno teme a Camacho\"}]},{\"@type\":\"WebSite\",\"@id\":\"https:\\\/\\\/www.eldiario.net\\\/portal\\\/#website\",\"url\":\"https:\\\/\\\/www.eldiario.net\\\/portal\\\/\",\"name\":\"El Diario - Decano de la prensa nacional\",\"description\":\"El Diario - Decano de la prensa nacional\",\"publisher\":{\"@id\":\"https:\\\/\\\/www.eldiario.net\\\/portal\\\/#organization\"},\"potentialAction\":[{\"@type\":\"SearchAction\",\"target\":{\"@type\":\"EntryPoint\",\"urlTemplate\":\"https:\\\/\\\/www.eldiario.net\\\/portal\\\/?s={search_term_string}\"},\"query-input\":{\"@type\":\"PropertyValueSpecification\",\"valueRequired\":true,\"valueName\":\"search_term_string\"}}],\"inLanguage\":\"es\"},{\"@type\":\"Organization\",\"@id\":\"https:\\\/\\\/www.eldiario.net\\\/portal\\\/#organization\",\"name\":\"El Diario - Decano de la prensa nacional\",\"url\":\"https:\\\/\\\/www.eldiario.net\\\/portal\\\/\",\"logo\":{\"@type\":\"ImageObject\",\"inLanguage\":\"es\",\"@id\":\"https:\\\/\\\/www.eldiario.net\\\/portal\\\/#\\\/schema\\\/logo\\\/image\\\/\",\"url\":\"https:\\\/\\\/www.eldiario.net\\\/portal\\\/wp-content\\\/uploads\\\/2023\\\/07\\\/logo_ED.jpg\",\"contentUrl\":\"https:\\\/\\\/www.eldiario.net\\\/portal\\\/wp-content\\\/uploads\\\/2023\\\/07\\\/logo_ED.jpg\",\"width\":272,\"height\":52,\"caption\":\"El Diario - Decano de la prensa nacional\"},\"image\":{\"@id\":\"https:\\\/\\\/www.eldiario.net\\\/portal\\\/#\\\/schema\\\/logo\\\/image\\\/\"},\"sameAs\":[\"https:\\\/\\\/www.facebook.com\\\/eldiario.bolivia\\\/\",\"https:\\\/\\\/x.com\\\/eldiario_net\"]},{\"@type\":\"Person\",\"@id\":\"https:\\\/\\\/www.eldiario.net\\\/portal\\\/#\\\/schema\\\/person\\\/f46445640444750d7d753ccd04ae01b7\",\"name\":\"Jeanette\",\"image\":{\"@type\":\"ImageObject\",\"inLanguage\":\"es\",\"@id\":\"https:\\\/\\\/secure.gravatar.com\\\/avatar\\\/3ea2118a5f7dad2b7138b1187a6b7ee55f160b9968b66013c3a3ef39dd7e5798?s=96&d=mm&r=g\",\"url\":\"https:\\\/\\\/secure.gravatar.com\\\/avatar\\\/3ea2118a5f7dad2b7138b1187a6b7ee55f160b9968b66013c3a3ef39dd7e5798?s=96&d=mm&r=g\",\"contentUrl\":\"https:\\\/\\\/secure.gravatar.com\\\/avatar\\\/3ea2118a5f7dad2b7138b1187a6b7ee55f160b9968b66013c3a3ef39dd7e5798?s=96&d=mm&r=g\",\"caption\":\"Jeanette\"},\"sameAs\":[\"https:\\\/\\\/www.eldiario.net\\\/portal\"],\"url\":\"https:\\\/\\\/www.eldiario.net\\\/portal\\\/author\\\/jeanette\\\/\"}]}<\/script>\n<!-- \/ Yoast SEO plugin. -->","yoast_head_json":{"title":"Montero asegura que el Gobierno teme a Camacho - El Diario - Bolivia","robots":{"index":"index","follow":"follow","max-snippet":"max-snippet:-1","max-image-preview":"max-image-preview:large","max-video-preview":"max-video-preview:-1"},"canonical":"https:\/\/www.eldiario.net\/portal\/2024\/04\/07\/montero-asegura-que-el-gobierno-teme-a-camacho\/","og_locale":"es_ES","og_type":"article","og_title":"Montero asegura que el Gobierno teme a Camacho - El Diario - Bolivia","og_description":"Luego que el ministro de Gobierno, Eduardo Del Castillo, descartara la posibilidad de trasladar al exgobernador cruce\u00f1o, Fernando Camacho, hasta Santa Cruz para que asista a su audiencia de juicio por el caso \u201cDecretazo\u201d, el senador por Creemos, Henry Montero, manifest\u00f3 que el gobierno del Movimiento al Socialismo (MAS) teme a la autoridad departamental porque [&hellip;]","og_url":"https:\/\/www.eldiario.net\/portal\/2024\/04\/07\/montero-asegura-que-el-gobierno-teme-a-camacho\/","og_site_name":"El Diario - Bolivia","article_publisher":"https:\/\/www.facebook.com\/eldiario.bolivia\/","article_published_time":"2024-04-07T10:48:18+00:00","og_image":[{"width":1000,"height":562,"url":"https:\/\/www.eldiario.net\/portal\/wp-content\/uploads\/2024\/04\/41-POL-2.jpg","type":"image\/jpeg"}],"author":"Jeanette","twitter_card":"summary_large_image","twitter_creator":"@eldiario_net","twitter_site":"@eldiario_net","twitter_misc":{"Escrito por":"Jeanette","Tiempo de lectura":"2 minutos"},"schema":{"@context":"https:\/\/schema.org","@graph":[{"@type":"Article","@id":"https:\/\/www.eldiario.net\/portal\/2024\/04\/07\/montero-asegura-que-el-gobierno-teme-a-camacho\/#article","isPartOf":{"@id":"https:\/\/www.eldiario.net\/portal\/2024\/04\/07\/montero-asegura-que-el-gobierno-teme-a-camacho\/"},"author":{"name":"Jeanette","@id":"https:\/\/www.eldiario.net\/portal\/#\/schema\/person\/f46445640444750d7d753ccd04ae01b7"},"headline":"Montero asegura que el Gobierno teme a Camacho","datePublished":"2024-04-07T10:48:18+00:00","mainEntityOfPage":{"@id":"https:\/\/www.eldiario.net\/portal\/2024\/04\/07\/montero-asegura-que-el-gobierno-teme-a-camacho\/"},"wordCount":408,"commentCount":0,"publisher":{"@id":"https:\/\/www.eldiario.net\/portal\/#organization"},"image":{"@id":"https:\/\/www.eldiario.net\/portal\/2024\/04\/07\/montero-asegura-que-el-gobierno-teme-a-camacho\/#primaryimage"},"thumbnailUrl":"https:\/\/www.eldiario.net\/portal\/wp-content\/uploads\/2024\/04\/41-POL-2.jpg","articleSection":["Pol\u00edtica"],"inLanguage":"es","potentialAction":[{"@type":"CommentAction","name":"Comment","target":["https:\/\/www.eldiario.net\/portal\/2024\/04\/07\/montero-asegura-que-el-gobierno-teme-a-camacho\/#respond"]}]},{"@type":"WebPage","@id":"https:\/\/www.eldiario.net\/portal\/2024\/04\/07\/montero-asegura-que-el-gobierno-teme-a-camacho\/","url":"https:\/\/www.eldiario.net\/portal\/2024\/04\/07\/montero-asegura-que-el-gobierno-teme-a-camacho\/","name":"Montero asegura que el Gobierno teme a Camacho - El Diario - Bolivia","isPartOf":{"@id":"https:\/\/www.eldiario.net\/portal\/#website"},"primaryImageOfPage":{"@id":"https:\/\/www.eldiario.net\/portal\/2024\/04\/07\/montero-asegura-que-el-gobierno-teme-a-camacho\/#primaryimage"},"image":{"@id":"https:\/\/www.eldiario.net\/portal\/2024\/04\/07\/montero-asegura-que-el-gobierno-teme-a-camacho\/#primaryimage"},"thumbnailUrl":"https:\/\/www.eldiario.net\/portal\/wp-content\/uploads\/2024\/04\/41-POL-2.jpg","datePublished":"2024-04-07T10:48:18+00:00","breadcrumb":{"@id":"https:\/\/www.eldiario.net\/portal\/2024\/04\/07\/montero-asegura-que-el-gobierno-teme-a-camacho\/#breadcrumb"},"inLanguage":"es","potentialAction":[{"@type":"ReadAction","target":["https:\/\/www.eldiario.net\/portal\/2024\/04\/07\/montero-asegura-que-el-gobierno-teme-a-camacho\/"]}]},{"@type":"ImageObject","inLanguage":"es","@id":"https:\/\/www.eldiario.net\/portal\/2024\/04\/07\/montero-asegura-que-el-gobierno-teme-a-camacho\/#primaryimage","url":"https:\/\/www.eldiario.net\/portal\/wp-content\/uploads\/2024\/04\/41-POL-2.jpg","contentUrl":"https:\/\/www.eldiario.net\/portal\/wp-content\/uploads\/2024\/04\/41-POL-2.jpg","width":1000,"height":562,"caption":"Senador Henry Montero (Creemos)."},{"@type":"BreadcrumbList","@id":"https:\/\/www.eldiario.net\/portal\/2024\/04\/07\/montero-asegura-que-el-gobierno-teme-a-camacho\/#breadcrumb","itemListElement":[{"@type":"ListItem","position":1,"name":"Portada","item":"https:\/\/www.eldiario.net\/portal\/"},{"@type":"ListItem","position":2,"name":"Montero asegura que el Gobierno teme a Camacho"}]},{"@type":"WebSite","@id":"https:\/\/www.eldiario.net\/portal\/#website","url":"https:\/\/www.eldiario.net\/portal\/","name":"El Diario - Decano de la prensa nacional","description":"El Diario - Decano de la prensa nacional","publisher":{"@id":"https:\/\/www.eldiario.net\/portal\/#organization"},"potentialAction":[{"@type":"SearchAction","target":{"@type":"EntryPoint","urlTemplate":"https:\/\/www.eldiario.net\/portal\/?s={search_term_string}"},"query-input":{"@type":"PropertyValueSpecification","valueRequired":true,"valueName":"search_term_string"}}],"inLanguage":"es"},{"@type":"Organization","@id":"https:\/\/www.eldiario.net\/portal\/#organization","name":"El Diario - Decano de la prensa nacional","url":"https:\/\/www.eldiario.net\/portal\/","logo":{"@type":"ImageObject","inLanguage":"es","@id":"https:\/\/www.eldiario.net\/portal\/#\/schema\/logo\/image\/","url":"https:\/\/www.eldiario.net\/portal\/wp-content\/uploads\/2023\/07\/logo_ED.jpg","contentUrl":"https:\/\/www.eldiario.net\/portal\/wp-content\/uploads\/2023\/07\/logo_ED.jpg","width":272,"height":52,"caption":"El Diario - Decano de la prensa nacional"},"image":{"@id":"https:\/\/www.eldiario.net\/portal\/#\/schema\/logo\/image\/"},"sameAs":["https:\/\/www.facebook.com\/eldiario.bolivia\/","https:\/\/x.com\/eldiario_net"]},{"@type":"Person","@id":"https:\/\/www.eldiario.net\/portal\/#\/schema\/person\/f46445640444750d7d753ccd04ae01b7","name":"Jeanette","image":{"@type":"ImageObject","inLanguage":"es","@id":"https:\/\/secure.gravatar.com\/avatar\/3ea2118a5f7dad2b7138b1187a6b7ee55f160b9968b66013c3a3ef39dd7e5798?s=96&d=mm&r=g","url":"https:\/\/secure.gravatar.com\/avatar\/3ea2118a5f7dad2b7138b1187a6b7ee55f160b9968b66013c3a3ef39dd7e5798?s=96&d=mm&r=g","contentUrl":"https:\/\/secure.gravatar.com\/avatar\/3ea2118a5f7dad2b7138b1187a6b7ee55f160b9968b66013c3a3ef39dd7e5798?s=96&d=mm&r=g","caption":"Jeanette"},"sameAs":["https:\/\/www.eldiario.net\/portal"],"url":"https:\/\/www.eldiario.net\/portal\/author\/jeanette\/"}]}},"_links":{"self":[{"href":"https:\/\/www.eldiario.net\/portal\/wp-json\/wp\/v2\/posts\/212738","targetHints":{"allow":["GET"]}}],"collection":[{"href":"https:\/\/www.eldiario.net\/portal\/wp-json\/wp\/v2\/posts"}],"about":[{"href":"https:\/\/www.eldiario.net\/portal\/wp-json\/wp\/v2\/types\/post"}],"author":[{"embeddable":true,"href":"https:\/\/www.eldiario.net\/portal\/wp-json\/wp\/v2\/users\/1"}],"replies":[{"embeddable":true,"href":"https:\/\/www.eldiario.net\/portal\/wp-json\/wp\/v2\/comments?post=212738"}],"version-history":[{"count":1,"href":"https:\/\/www.eldiario.net\/portal\/wp-json\/wp\/v2\/posts\/212738\/revisions"}],"predecessor-version":[{"id":212740,"href":"https:\/\/www.eldiario.net\/portal\/wp-json\/wp\/v2\/posts\/212738\/revisions\/212740"}],"wp:featuredmedia":[{"embeddable":true,"href":"https:\/\/www.eldiario.net\/portal\/wp-json\/wp\/v2\/media\/212739"}],"wp:attachment":[{"href":"https:\/\/www.eldiario.net\/portal\/wp-json\/wp\/v2\/media?parent=212738"}],"wp:term":[{"taxonomy":"category","embeddable":true,"href":"https:\/\/www.eldiario.net\/portal\/wp-json\/wp\/v2\/categories?post=212738"},{"taxonomy":"post_tag","embeddable":true,"href":"https:\/\/www.eldiario.net\/portal\/wp-json\/wp\/v2\/tags?post=212738"}],"curies":[{"name":"wp","href":"https:\/\/api.w.org\/{rel}","templated":true}]}}