{"id":212735,"date":"2024-04-07T06:47:40","date_gmt":"2024-04-07T10:47:40","guid":{"rendered":"https:\/\/www.eldiario.net\/portal\/?p=212735"},"modified":"2024-04-07T06:47:40","modified_gmt":"2024-04-07T10:47:40","slug":"conade-senala-que-primarias-abiertas-serian-un-gran-avance","status":"publish","type":"post","link":"https:\/\/www.eldiario.net\/portal\/2024\/04\/07\/conade-senala-que-primarias-abiertas-serian-un-gran-avance\/","title":{"rendered":"Conade se\u00f1ala que primarias  abiertas ser\u00edan un gran avance"},"content":{"rendered":"<p>Ante el creciente respaldo a la posibilidad de aplicar la modalidad de elecciones primarias abiertas para definir a las candidaturas que participen de las elecciones generales 2025, el vocero del Comit\u00e9 Nacional de Defensa de la Democracia (Conade), Manuel Morales, se\u00f1al\u00f3 que este ser\u00eda un gran avance para la consolidaci\u00f3n de la democracia al interior de organizaciones pol\u00edticas.<br \/>\nMorales destac\u00f3 que el planteamiento de primarias abiertas siempre fue postulado y propuesto por el Conade, llegando a ser considerado recientemente por organizaciones pol\u00edticas a trav\u00e9s de Proyectos de Ley para implementar esta posibilidad en futuros procesos electorales.<br \/>\n\u201cEl Conade siempre ha postulado las primarias ciudadanas abiertas para que cualquier ciudadano pueda votar por un candidato si se identifica con el bloque del MAS o con el bloque opositor\u201d, dijo.<br \/>\nEn este sentido, sostuvo que esta forma de votaci\u00f3n previa, para definir candidaturas, permitir\u00eda consolidar la democracia interna de los partidos pol\u00edticos, misma que en el \u00faltimo tiempo fue bastante cuestionada por la propia militancia de diferentes organizaciones.<br \/>\n\u201cSe tratar\u00eda de un gran avance para que exista mayor democracia al interior de las organizaciones pol\u00edticas que, probablemente, son las menos democr\u00e1ticas en el pa\u00eds\u201d, sostuvo el activista.<br \/>\nSobre el rechazo de esta modalidad, expresado por el ala radical del MAS, Morales se\u00f1al\u00f3 que este tipo de posturas son las que caracterizan a dirigentes acostumbrados de beneficiar solo a los militantes del partido azul, dejando de lado al resto de la poblaci\u00f3n y a organizaciones que no comparten la misma l\u00ednea ideol\u00f3gica.<br \/>\n\u201cPara el MAS solo tienen derechos los que son sus militantes y no el resto de organizaciones sociales\u201d, dijo.<br \/>\nMorales concluy\u00f3 se\u00f1alando que la posibilidad de ir a primarias abiertas puede resolver un \u201cgran problema\u201d, evitar la aparici\u00f3n de varias candidaturas que terminen fragmentando el voto de oposici\u00f3n, para posibilitar una alianza que finalmente postule un solo binomio.<\/p>\n","protected":false},"excerpt":{"rendered":"<p>Ante el creciente respaldo a la posibilidad de aplicar la modalidad de elecciones primarias abiertas para definir a las candidaturas que participen de las elecciones generales 2025, el vocero del Comit\u00e9 Nacional de Defensa de la Democracia (Conade), Manuel Morales, se\u00f1al\u00f3 que este ser\u00eda un gran avance para la consolidaci\u00f3n de la democracia al interior [&hellip;]<\/p>\n","protected":false},"author":1,"featured_media":212736,"comment_status":"open","ping_status":"open","sticky":false,"template":"","format":"standard","meta":{"_acf_changed":false,"footnotes":""},"categories":[14],"tags":[],"class_list":["post-212735","post","type-post","status-publish","format-standard","has-post-thumbnail","category-politica"],"acf":{"antetitulo":"Para definir alianzas y candidaturas"},"yoast_head":"<!-- This site is optimized with the Yoast SEO plugin v28.4 - https:\/\/yoast.com\/product\/yoast-seo-wordpress\/ -->\n<title>Conade se\u00f1ala que primarias abiertas ser\u00edan un gran avance - El Diario - Bolivia<\/title>\n<meta name=\"robots\" content=\"index, follow, max-snippet:-1, max-image-preview:large, max-video-preview:-1\" \/>\n<link rel=\"canonical\" href=\"https:\/\/www.eldiario.net\/portal\/2024\/04\/07\/conade-senala-que-primarias-abiertas-serian-un-gran-avance\/\" \/>\n<meta property=\"og:locale\" content=\"es_ES\" \/>\n<meta property=\"og:type\" content=\"article\" \/>\n<meta property=\"og:title\" content=\"Conade se\u00f1ala que primarias abiertas ser\u00edan un gran avance - El Diario - Bolivia\" \/>\n<meta property=\"og:description\" content=\"Ante el creciente respaldo a la posibilidad de aplicar la modalidad de elecciones primarias abiertas para definir a las candidaturas que participen de las elecciones generales 2025, el vocero del Comit\u00e9 Nacional de Defensa de la Democracia (Conade), Manuel Morales, se\u00f1al\u00f3 que este ser\u00eda un gran avance para la consolidaci\u00f3n de la democracia al interior [&hellip;]\" \/>\n<meta property=\"og:url\" content=\"https:\/\/www.eldiario.net\/portal\/2024\/04\/07\/conade-senala-que-primarias-abiertas-serian-un-gran-avance\/\" \/>\n<meta property=\"og:site_name\" content=\"El Diario - Bolivia\" \/>\n<meta property=\"article:publisher\" content=\"https:\/\/www.facebook.com\/eldiario.bolivia\/\" \/>\n<meta property=\"article:published_time\" content=\"2024-04-07T10:47:40+00:00\" \/>\n<meta property=\"og:image\" content=\"https:\/\/www.eldiario.net\/portal\/wp-content\/uploads\/2024\/04\/42-POL-2.jpg\" \/>\n\t<meta property=\"og:image:width\" content=\"1280\" \/>\n\t<meta property=\"og:image:height\" content=\"913\" \/>\n\t<meta property=\"og:image:type\" content=\"image\/jpeg\" \/>\n<meta name=\"author\" content=\"Jeanette\" \/>\n<meta name=\"twitter:card\" content=\"summary_large_image\" \/>\n<meta name=\"twitter:creator\" content=\"@eldiario_net\" \/>\n<meta name=\"twitter:site\" content=\"@eldiario_net\" \/>\n<meta name=\"twitter:label1\" content=\"Escrito por\" \/>\n\t<meta name=\"twitter:data1\" content=\"Jeanette\" \/>\n\t<meta name=\"twitter:label2\" content=\"Tiempo de lectura\" \/>\n\t<meta name=\"twitter:data2\" content=\"2 minutos\" \/>\n<script type=\"application\/ld+json\" class=\"yoast-schema-graph\">{\"@context\":\"https:\\\/\\\/schema.org\",\"@graph\":[{\"@type\":\"Article\",\"@id\":\"https:\\\/\\\/www.eldiario.net\\\/portal\\\/2024\\\/04\\\/07\\\/conade-senala-que-primarias-abiertas-serian-un-gran-avance\\\/#article\",\"isPartOf\":{\"@id\":\"https:\\\/\\\/www.eldiario.net\\\/portal\\\/2024\\\/04\\\/07\\\/conade-senala-que-primarias-abiertas-serian-un-gran-avance\\\/\"},\"author\":{\"name\":\"Jeanette\",\"@id\":\"https:\\\/\\\/www.eldiario.net\\\/portal\\\/#\\\/schema\\\/person\\\/f46445640444750d7d753ccd04ae01b7\"},\"headline\":\"Conade se\u00f1ala que primarias abiertas ser\u00edan un gran avance\",\"datePublished\":\"2024-04-07T10:47:40+00:00\",\"mainEntityOfPage\":{\"@id\":\"https:\\\/\\\/www.eldiario.net\\\/portal\\\/2024\\\/04\\\/07\\\/conade-senala-que-primarias-abiertas-serian-un-gran-avance\\\/\"},\"wordCount\":337,\"commentCount\":0,\"publisher\":{\"@id\":\"https:\\\/\\\/www.eldiario.net\\\/portal\\\/#organization\"},\"image\":{\"@id\":\"https:\\\/\\\/www.eldiario.net\\\/portal\\\/2024\\\/04\\\/07\\\/conade-senala-que-primarias-abiertas-serian-un-gran-avance\\\/#primaryimage\"},\"thumbnailUrl\":\"https:\\\/\\\/www.eldiario.net\\\/portal\\\/wp-content\\\/uploads\\\/2024\\\/04\\\/42-POL-2.jpg\",\"articleSection\":[\"Pol\u00edtica\"],\"inLanguage\":\"es\",\"potentialAction\":[{\"@type\":\"CommentAction\",\"name\":\"Comment\",\"target\":[\"https:\\\/\\\/www.eldiario.net\\\/portal\\\/2024\\\/04\\\/07\\\/conade-senala-que-primarias-abiertas-serian-un-gran-avance\\\/#respond\"]}]},{\"@type\":\"WebPage\",\"@id\":\"https:\\\/\\\/www.eldiario.net\\\/portal\\\/2024\\\/04\\\/07\\\/conade-senala-que-primarias-abiertas-serian-un-gran-avance\\\/\",\"url\":\"https:\\\/\\\/www.eldiario.net\\\/portal\\\/2024\\\/04\\\/07\\\/conade-senala-que-primarias-abiertas-serian-un-gran-avance\\\/\",\"name\":\"Conade se\u00f1ala que primarias abiertas ser\u00edan un gran avance - El Diario - Bolivia\",\"isPartOf\":{\"@id\":\"https:\\\/\\\/www.eldiario.net\\\/portal\\\/#website\"},\"primaryImageOfPage\":{\"@id\":\"https:\\\/\\\/www.eldiario.net\\\/portal\\\/2024\\\/04\\\/07\\\/conade-senala-que-primarias-abiertas-serian-un-gran-avance\\\/#primaryimage\"},\"image\":{\"@id\":\"https:\\\/\\\/www.eldiario.net\\\/portal\\\/2024\\\/04\\\/07\\\/conade-senala-que-primarias-abiertas-serian-un-gran-avance\\\/#primaryimage\"},\"thumbnailUrl\":\"https:\\\/\\\/www.eldiario.net\\\/portal\\\/wp-content\\\/uploads\\\/2024\\\/04\\\/42-POL-2.jpg\",\"datePublished\":\"2024-04-07T10:47:40+00:00\",\"breadcrumb\":{\"@id\":\"https:\\\/\\\/www.eldiario.net\\\/portal\\\/2024\\\/04\\\/07\\\/conade-senala-que-primarias-abiertas-serian-un-gran-avance\\\/#breadcrumb\"},\"inLanguage\":\"es\",\"potentialAction\":[{\"@type\":\"ReadAction\",\"target\":[\"https:\\\/\\\/www.eldiario.net\\\/portal\\\/2024\\\/04\\\/07\\\/conade-senala-que-primarias-abiertas-serian-un-gran-avance\\\/\"]}]},{\"@type\":\"ImageObject\",\"inLanguage\":\"es\",\"@id\":\"https:\\\/\\\/www.eldiario.net\\\/portal\\\/2024\\\/04\\\/07\\\/conade-senala-que-primarias-abiertas-serian-un-gran-avance\\\/#primaryimage\",\"url\":\"https:\\\/\\\/www.eldiario.net\\\/portal\\\/wp-content\\\/uploads\\\/2024\\\/04\\\/42-POL-2.jpg\",\"contentUrl\":\"https:\\\/\\\/www.eldiario.net\\\/portal\\\/wp-content\\\/uploads\\\/2024\\\/04\\\/42-POL-2.jpg\",\"width\":1280,\"height\":913,\"caption\":\"Manuel Morales, CONADE.\"},{\"@type\":\"BreadcrumbList\",\"@id\":\"https:\\\/\\\/www.eldiario.net\\\/portal\\\/2024\\\/04\\\/07\\\/conade-senala-que-primarias-abiertas-serian-un-gran-avance\\\/#breadcrumb\",\"itemListElement\":[{\"@type\":\"ListItem\",\"position\":1,\"name\":\"Portada\",\"item\":\"https:\\\/\\\/www.eldiario.net\\\/portal\\\/\"},{\"@type\":\"ListItem\",\"position\":2,\"name\":\"Conade se\u00f1ala que primarias abiertas ser\u00edan un gran avance\"}]},{\"@type\":\"WebSite\",\"@id\":\"https:\\\/\\\/www.eldiario.net\\\/portal\\\/#website\",\"url\":\"https:\\\/\\\/www.eldiario.net\\\/portal\\\/\",\"name\":\"El Diario - Decano de la prensa nacional\",\"description\":\"El Diario - Decano de la prensa nacional\",\"publisher\":{\"@id\":\"https:\\\/\\\/www.eldiario.net\\\/portal\\\/#organization\"},\"potentialAction\":[{\"@type\":\"SearchAction\",\"target\":{\"@type\":\"EntryPoint\",\"urlTemplate\":\"https:\\\/\\\/www.eldiario.net\\\/portal\\\/?s={search_term_string}\"},\"query-input\":{\"@type\":\"PropertyValueSpecification\",\"valueRequired\":true,\"valueName\":\"search_term_string\"}}],\"inLanguage\":\"es\"},{\"@type\":\"Organization\",\"@id\":\"https:\\\/\\\/www.eldiario.net\\\/portal\\\/#organization\",\"name\":\"El Diario - Decano de la prensa nacional\",\"url\":\"https:\\\/\\\/www.eldiario.net\\\/portal\\\/\",\"logo\":{\"@type\":\"ImageObject\",\"inLanguage\":\"es\",\"@id\":\"https:\\\/\\\/www.eldiario.net\\\/portal\\\/#\\\/schema\\\/logo\\\/image\\\/\",\"url\":\"https:\\\/\\\/www.eldiario.net\\\/portal\\\/wp-content\\\/uploads\\\/2023\\\/07\\\/logo_ED.jpg\",\"contentUrl\":\"https:\\\/\\\/www.eldiario.net\\\/portal\\\/wp-content\\\/uploads\\\/2023\\\/07\\\/logo_ED.jpg\",\"width\":272,\"height\":52,\"caption\":\"El Diario - Decano de la prensa nacional\"},\"image\":{\"@id\":\"https:\\\/\\\/www.eldiario.net\\\/portal\\\/#\\\/schema\\\/logo\\\/image\\\/\"},\"sameAs\":[\"https:\\\/\\\/www.facebook.com\\\/eldiario.bolivia\\\/\",\"https:\\\/\\\/x.com\\\/eldiario_net\"]},{\"@type\":\"Person\",\"@id\":\"https:\\\/\\\/www.eldiario.net\\\/portal\\\/#\\\/schema\\\/person\\\/f46445640444750d7d753ccd04ae01b7\",\"name\":\"Jeanette\",\"image\":{\"@type\":\"ImageObject\",\"inLanguage\":\"es\",\"@id\":\"https:\\\/\\\/secure.gravatar.com\\\/avatar\\\/3ea2118a5f7dad2b7138b1187a6b7ee55f160b9968b66013c3a3ef39dd7e5798?s=96&d=mm&r=g\",\"url\":\"https:\\\/\\\/secure.gravatar.com\\\/avatar\\\/3ea2118a5f7dad2b7138b1187a6b7ee55f160b9968b66013c3a3ef39dd7e5798?s=96&d=mm&r=g\",\"contentUrl\":\"https:\\\/\\\/secure.gravatar.com\\\/avatar\\\/3ea2118a5f7dad2b7138b1187a6b7ee55f160b9968b66013c3a3ef39dd7e5798?s=96&d=mm&r=g\",\"caption\":\"Jeanette\"},\"sameAs\":[\"https:\\\/\\\/www.eldiario.net\\\/portal\"],\"url\":\"https:\\\/\\\/www.eldiario.net\\\/portal\\\/author\\\/jeanette\\\/\"}]}<\/script>\n<!-- \/ Yoast SEO plugin. -->","yoast_head_json":{"title":"Conade se\u00f1ala que primarias abiertas ser\u00edan un gran avance - El Diario - Bolivia","robots":{"index":"index","follow":"follow","max-snippet":"max-snippet:-1","max-image-preview":"max-image-preview:large","max-video-preview":"max-video-preview:-1"},"canonical":"https:\/\/www.eldiario.net\/portal\/2024\/04\/07\/conade-senala-que-primarias-abiertas-serian-un-gran-avance\/","og_locale":"es_ES","og_type":"article","og_title":"Conade se\u00f1ala que primarias abiertas ser\u00edan un gran avance - El Diario - Bolivia","og_description":"Ante el creciente respaldo a la posibilidad de aplicar la modalidad de elecciones primarias abiertas para definir a las candidaturas que participen de las elecciones generales 2025, el vocero del Comit\u00e9 Nacional de Defensa de la Democracia (Conade), Manuel Morales, se\u00f1al\u00f3 que este ser\u00eda un gran avance para la consolidaci\u00f3n de la democracia al interior [&hellip;]","og_url":"https:\/\/www.eldiario.net\/portal\/2024\/04\/07\/conade-senala-que-primarias-abiertas-serian-un-gran-avance\/","og_site_name":"El Diario - Bolivia","article_publisher":"https:\/\/www.facebook.com\/eldiario.bolivia\/","article_published_time":"2024-04-07T10:47:40+00:00","og_image":[{"width":1280,"height":913,"url":"https:\/\/www.eldiario.net\/portal\/wp-content\/uploads\/2024\/04\/42-POL-2.jpg","type":"image\/jpeg"}],"author":"Jeanette","twitter_card":"summary_large_image","twitter_creator":"@eldiario_net","twitter_site":"@eldiario_net","twitter_misc":{"Escrito por":"Jeanette","Tiempo de lectura":"2 minutos"},"schema":{"@context":"https:\/\/schema.org","@graph":[{"@type":"Article","@id":"https:\/\/www.eldiario.net\/portal\/2024\/04\/07\/conade-senala-que-primarias-abiertas-serian-un-gran-avance\/#article","isPartOf":{"@id":"https:\/\/www.eldiario.net\/portal\/2024\/04\/07\/conade-senala-que-primarias-abiertas-serian-un-gran-avance\/"},"author":{"name":"Jeanette","@id":"https:\/\/www.eldiario.net\/portal\/#\/schema\/person\/f46445640444750d7d753ccd04ae01b7"},"headline":"Conade se\u00f1ala que primarias abiertas ser\u00edan un gran avance","datePublished":"2024-04-07T10:47:40+00:00","mainEntityOfPage":{"@id":"https:\/\/www.eldiario.net\/portal\/2024\/04\/07\/conade-senala-que-primarias-abiertas-serian-un-gran-avance\/"},"wordCount":337,"commentCount":0,"publisher":{"@id":"https:\/\/www.eldiario.net\/portal\/#organization"},"image":{"@id":"https:\/\/www.eldiario.net\/portal\/2024\/04\/07\/conade-senala-que-primarias-abiertas-serian-un-gran-avance\/#primaryimage"},"thumbnailUrl":"https:\/\/www.eldiario.net\/portal\/wp-content\/uploads\/2024\/04\/42-POL-2.jpg","articleSection":["Pol\u00edtica"],"inLanguage":"es","potentialAction":[{"@type":"CommentAction","name":"Comment","target":["https:\/\/www.eldiario.net\/portal\/2024\/04\/07\/conade-senala-que-primarias-abiertas-serian-un-gran-avance\/#respond"]}]},{"@type":"WebPage","@id":"https:\/\/www.eldiario.net\/portal\/2024\/04\/07\/conade-senala-que-primarias-abiertas-serian-un-gran-avance\/","url":"https:\/\/www.eldiario.net\/portal\/2024\/04\/07\/conade-senala-que-primarias-abiertas-serian-un-gran-avance\/","name":"Conade se\u00f1ala que primarias abiertas ser\u00edan un gran avance - El Diario - Bolivia","isPartOf":{"@id":"https:\/\/www.eldiario.net\/portal\/#website"},"primaryImageOfPage":{"@id":"https:\/\/www.eldiario.net\/portal\/2024\/04\/07\/conade-senala-que-primarias-abiertas-serian-un-gran-avance\/#primaryimage"},"image":{"@id":"https:\/\/www.eldiario.net\/portal\/2024\/04\/07\/conade-senala-que-primarias-abiertas-serian-un-gran-avance\/#primaryimage"},"thumbnailUrl":"https:\/\/www.eldiario.net\/portal\/wp-content\/uploads\/2024\/04\/42-POL-2.jpg","datePublished":"2024-04-07T10:47:40+00:00","breadcrumb":{"@id":"https:\/\/www.eldiario.net\/portal\/2024\/04\/07\/conade-senala-que-primarias-abiertas-serian-un-gran-avance\/#breadcrumb"},"inLanguage":"es","potentialAction":[{"@type":"ReadAction","target":["https:\/\/www.eldiario.net\/portal\/2024\/04\/07\/conade-senala-que-primarias-abiertas-serian-un-gran-avance\/"]}]},{"@type":"ImageObject","inLanguage":"es","@id":"https:\/\/www.eldiario.net\/portal\/2024\/04\/07\/conade-senala-que-primarias-abiertas-serian-un-gran-avance\/#primaryimage","url":"https:\/\/www.eldiario.net\/portal\/wp-content\/uploads\/2024\/04\/42-POL-2.jpg","contentUrl":"https:\/\/www.eldiario.net\/portal\/wp-content\/uploads\/2024\/04\/42-POL-2.jpg","width":1280,"height":913,"caption":"Manuel Morales, CONADE."},{"@type":"BreadcrumbList","@id":"https:\/\/www.eldiario.net\/portal\/2024\/04\/07\/conade-senala-que-primarias-abiertas-serian-un-gran-avance\/#breadcrumb","itemListElement":[{"@type":"ListItem","position":1,"name":"Portada","item":"https:\/\/www.eldiario.net\/portal\/"},{"@type":"ListItem","position":2,"name":"Conade se\u00f1ala que primarias abiertas ser\u00edan un gran avance"}]},{"@type":"WebSite","@id":"https:\/\/www.eldiario.net\/portal\/#website","url":"https:\/\/www.eldiario.net\/portal\/","name":"El Diario - Decano de la prensa nacional","description":"El Diario - Decano de la prensa nacional","publisher":{"@id":"https:\/\/www.eldiario.net\/portal\/#organization"},"potentialAction":[{"@type":"SearchAction","target":{"@type":"EntryPoint","urlTemplate":"https:\/\/www.eldiario.net\/portal\/?s={search_term_string}"},"query-input":{"@type":"PropertyValueSpecification","valueRequired":true,"valueName":"search_term_string"}}],"inLanguage":"es"},{"@type":"Organization","@id":"https:\/\/www.eldiario.net\/portal\/#organization","name":"El Diario - Decano de la prensa nacional","url":"https:\/\/www.eldiario.net\/portal\/","logo":{"@type":"ImageObject","inLanguage":"es","@id":"https:\/\/www.eldiario.net\/portal\/#\/schema\/logo\/image\/","url":"https:\/\/www.eldiario.net\/portal\/wp-content\/uploads\/2023\/07\/logo_ED.jpg","contentUrl":"https:\/\/www.eldiario.net\/portal\/wp-content\/uploads\/2023\/07\/logo_ED.jpg","width":272,"height":52,"caption":"El Diario - Decano de la prensa nacional"},"image":{"@id":"https:\/\/www.eldiario.net\/portal\/#\/schema\/logo\/image\/"},"sameAs":["https:\/\/www.facebook.com\/eldiario.bolivia\/","https:\/\/x.com\/eldiario_net"]},{"@type":"Person","@id":"https:\/\/www.eldiario.net\/portal\/#\/schema\/person\/f46445640444750d7d753ccd04ae01b7","name":"Jeanette","image":{"@type":"ImageObject","inLanguage":"es","@id":"https:\/\/secure.gravatar.com\/avatar\/3ea2118a5f7dad2b7138b1187a6b7ee55f160b9968b66013c3a3ef39dd7e5798?s=96&d=mm&r=g","url":"https:\/\/secure.gravatar.com\/avatar\/3ea2118a5f7dad2b7138b1187a6b7ee55f160b9968b66013c3a3ef39dd7e5798?s=96&d=mm&r=g","contentUrl":"https:\/\/secure.gravatar.com\/avatar\/3ea2118a5f7dad2b7138b1187a6b7ee55f160b9968b66013c3a3ef39dd7e5798?s=96&d=mm&r=g","caption":"Jeanette"},"sameAs":["https:\/\/www.eldiario.net\/portal"],"url":"https:\/\/www.eldiario.net\/portal\/author\/jeanette\/"}]}},"_links":{"self":[{"href":"https:\/\/www.eldiario.net\/portal\/wp-json\/wp\/v2\/posts\/212735","targetHints":{"allow":["GET"]}}],"collection":[{"href":"https:\/\/www.eldiario.net\/portal\/wp-json\/wp\/v2\/posts"}],"about":[{"href":"https:\/\/www.eldiario.net\/portal\/wp-json\/wp\/v2\/types\/post"}],"author":[{"embeddable":true,"href":"https:\/\/www.eldiario.net\/portal\/wp-json\/wp\/v2\/users\/1"}],"replies":[{"embeddable":true,"href":"https:\/\/www.eldiario.net\/portal\/wp-json\/wp\/v2\/comments?post=212735"}],"version-history":[{"count":1,"href":"https:\/\/www.eldiario.net\/portal\/wp-json\/wp\/v2\/posts\/212735\/revisions"}],"predecessor-version":[{"id":212737,"href":"https:\/\/www.eldiario.net\/portal\/wp-json\/wp\/v2\/posts\/212735\/revisions\/212737"}],"wp:featuredmedia":[{"embeddable":true,"href":"https:\/\/www.eldiario.net\/portal\/wp-json\/wp\/v2\/media\/212736"}],"wp:attachment":[{"href":"https:\/\/www.eldiario.net\/portal\/wp-json\/wp\/v2\/media?parent=212735"}],"wp:term":[{"taxonomy":"category","embeddable":true,"href":"https:\/\/www.eldiario.net\/portal\/wp-json\/wp\/v2\/categories?post=212735"},{"taxonomy":"post_tag","embeddable":true,"href":"https:\/\/www.eldiario.net\/portal\/wp-json\/wp\/v2\/tags?post=212735"}],"curies":[{"name":"wp","href":"https:\/\/api.w.org\/{rel}","templated":true}]}}