{"id":212728,"date":"2024-04-07T06:45:34","date_gmt":"2024-04-07T10:45:34","guid":{"rendered":"https:\/\/www.eldiario.net\/portal\/?p=212728"},"modified":"2024-04-07T06:45:34","modified_gmt":"2024-04-07T10:45:34","slug":"hay-mas-por-aprender-sobre-el-origen-de-la-aceleracion-cosmica","status":"publish","type":"post","link":"https:\/\/www.eldiario.net\/portal\/2024\/04\/07\/hay-mas-por-aprender-sobre-el-origen-de-la-aceleracion-cosmica\/","title":{"rendered":"Hay m\u00e1s por aprender sobre el  origen de la aceleraci\u00f3n c\u00f3smica"},"content":{"rendered":"<p>El primer a\u00f1o de funcionamiento del Instrumento Espectrosc\u00f3pico de Energ\u00eda Oscura (DESI) sugiere que hay m\u00e1s por aprender sobre la causa o causas subyacentes de la aceleraci\u00f3n c\u00f3smica.<br \/>\nUbicado en el Observatorio Kitt Peak en Arizona, DESI recolecta luz de las partes m\u00e1s distantes del universo, lo que permite a los cient\u00edficos cartografiar el cosmos tal como era en su juventud y rastrear su evoluci\u00f3n hasta lo que se observa hoy. Comprender c\u00f3mo evolucion\u00f3 el universo est\u00e1 ligado a c\u00f3mo termina y a uno de los mayores misterios de la f\u00edsica: \u00bfqu\u00e9 hay detr\u00e1s de la observaci\u00f3n de que la expansi\u00f3n del universo se est\u00e1 acelerando?<br \/>\nEl an\u00e1lisis del primer a\u00f1o de recopilaci\u00f3n de datos de DESI, presentado en una reuni\u00f3n de la American Physics Society, en Sacramento, confirm\u00f3 los conceptos b\u00e1sicos de lo que los cient\u00edficos consideran el mejor modelo del universo, pero tambi\u00e9n sugiere que hay m\u00e1s que aprender sobre la causa o causas subyacentes de la aceleraci\u00f3n c\u00f3smica.<br \/>\nLa aceleraci\u00f3n c\u00f3smica es problem\u00e1tica porque contrarresta c\u00f3mo se observa y funciona la gravedad, que hace que los objetos con masa se acerquen, en nuestro sistema solar y el espacio cercano. \u00abLa gravedad une la materia, de modo que cuando lanzamos una pelota al aire, la gravedad de la Tierra la atrae hacia el planeta\u00bb, explica Ishak-Boushaki, profesor de f\u00edsica de la Universidad de Texas en Dallas y miembro de la colaboraci\u00f3n DESI.<br \/>\nMuchos cient\u00edficos creen que la energ\u00eda oscura desempe\u00f1a un papel clave en la aceleraci\u00f3n c\u00f3smica, pero no se comprende bien. Algunos teorizan que es una constante cosmol\u00f3gica, una propiedad intr\u00ednseca del espacio que impulsa la aceleraci\u00f3n.<br \/>\nPara estudiar los efectos de la energ\u00eda oscura durante los \u00faltimos 11.000 millones de a\u00f1os, el grupo DESI ha creado el mayor mapa 3D del cosmos jam\u00e1s construido utilizando las mediciones m\u00e1s precisas hasta la fecha. Esta es la primera vez que los cient\u00edficos miden la historia de expansi\u00f3n del universo joven con una precisi\u00f3n superior al 1%.<br \/>\nEl modelo l\u00edder del universo se conoce como Lambda-CDM. Incluye tanto materia ordinaria como un tipo de materia que rara vez interact\u00faa llamada materia oscura fr\u00eda (CDM) y energ\u00eda oscura, conocida como Lambda.<br \/>\nA trav\u00e9s de la atracci\u00f3n gravitacional, la materia y la materia oscura frenan la expansi\u00f3n, mientras que la energ\u00eda oscura la acelera. La cantidad de cada uno influye en c\u00f3mo evoluciona el universo. Este modelo es eficaz para validar resultados de experimentos anteriores y describir c\u00f3mo se ve el universo a lo largo del tiempo, apunta Ishak-Boushaki.<br \/>\nSin embargo, cuando los resultados del primer a\u00f1o de DESI se combinan con datos de otros estudios, existen algunas diferencias sutiles con respecto a lo que predecir\u00eda el modelo Lambda-CDM.<br \/>\nM\u00e1s datos tambi\u00e9n mejorar\u00e1n otros resultados iniciales de DESI, que influyen en la constante de Hubble (una medida de la velocidad con la que se expande el universo hoy) y la masa de part\u00edculas llamadas neutrinos.<br \/>\nDESI es el primer experimento espectrosc\u00f3pico que realiza un an\u00e1lisis completamente ciego, que oculta el verdadero resultado a los cient\u00edficos para evitar cualquier sesgo de confirmaci\u00f3n subconsciente. Los investigadores trabajan \u00aba ciegas\u00bb con datos modificados y escriben c\u00f3digos de computadora para analizar sus hallazgos. (Europa Press)<\/p>\n","protected":false},"excerpt":{"rendered":"<p>El primer a\u00f1o de funcionamiento del Instrumento Espectrosc\u00f3pico de Energ\u00eda Oscura (DESI) sugiere que hay m\u00e1s por aprender sobre la causa o causas subyacentes de la aceleraci\u00f3n c\u00f3smica. Ubicado en el Observatorio Kitt Peak en Arizona, DESI recolecta luz de las partes m\u00e1s distantes del universo, lo que permite a los cient\u00edficos cartografiar el cosmos [&hellip;]<\/p>\n","protected":false},"author":1,"featured_media":194703,"comment_status":"open","ping_status":"open","sticky":false,"template":"","format":"standard","meta":{"_acf_changed":false,"footnotes":""},"categories":[3],"tags":[],"class_list":["post-212728","post","type-post","status-publish","format-standard","has-post-thumbnail","category-internacional"],"acf":{"antetitulo":""},"yoast_head":"<!-- This site is optimized with the Yoast SEO plugin v28.4 - https:\/\/yoast.com\/product\/yoast-seo-wordpress\/ -->\n<title>Hay m\u00e1s por aprender sobre el origen de la aceleraci\u00f3n c\u00f3smica - El Diario - Bolivia<\/title>\n<meta name=\"robots\" content=\"index, follow, max-snippet:-1, max-image-preview:large, max-video-preview:-1\" \/>\n<link rel=\"canonical\" href=\"https:\/\/www.eldiario.net\/portal\/2024\/04\/07\/hay-mas-por-aprender-sobre-el-origen-de-la-aceleracion-cosmica\/\" \/>\n<meta property=\"og:locale\" content=\"es_ES\" \/>\n<meta property=\"og:type\" content=\"article\" \/>\n<meta property=\"og:title\" content=\"Hay m\u00e1s por aprender sobre el origen de la aceleraci\u00f3n c\u00f3smica - El Diario - Bolivia\" \/>\n<meta property=\"og:description\" content=\"El primer a\u00f1o de funcionamiento del Instrumento Espectrosc\u00f3pico de Energ\u00eda Oscura (DESI) sugiere que hay m\u00e1s por aprender sobre la causa o causas subyacentes de la aceleraci\u00f3n c\u00f3smica. Ubicado en el Observatorio Kitt Peak en Arizona, DESI recolecta luz de las partes m\u00e1s distantes del universo, lo que permite a los cient\u00edficos cartografiar el cosmos [&hellip;]\" \/>\n<meta property=\"og:url\" content=\"https:\/\/www.eldiario.net\/portal\/2024\/04\/07\/hay-mas-por-aprender-sobre-el-origen-de-la-aceleracion-cosmica\/\" \/>\n<meta property=\"og:site_name\" content=\"El Diario - Bolivia\" \/>\n<meta property=\"article:publisher\" content=\"https:\/\/www.facebook.com\/eldiario.bolivia\/\" \/>\n<meta property=\"article:published_time\" content=\"2024-04-07T10:45:34+00:00\" \/>\n<meta property=\"og:image\" content=\"https:\/\/www.eldiario.net\/portal\/wp-content\/uploads\/2023\/12\/Internacional.jpg\" \/>\n\t<meta property=\"og:image:width\" content=\"800\" \/>\n\t<meta property=\"og:image:height\" content=\"500\" \/>\n\t<meta property=\"og:image:type\" content=\"image\/jpeg\" \/>\n<meta name=\"author\" content=\"Jeanette\" \/>\n<meta name=\"twitter:card\" content=\"summary_large_image\" \/>\n<meta name=\"twitter:creator\" content=\"@eldiario_net\" \/>\n<meta name=\"twitter:site\" content=\"@eldiario_net\" \/>\n<meta name=\"twitter:label1\" content=\"Escrito por\" \/>\n\t<meta name=\"twitter:data1\" content=\"Jeanette\" \/>\n\t<meta name=\"twitter:label2\" content=\"Tiempo de lectura\" \/>\n\t<meta name=\"twitter:data2\" content=\"3 minutos\" \/>\n<script type=\"application\/ld+json\" class=\"yoast-schema-graph\">{\"@context\":\"https:\\\/\\\/schema.org\",\"@graph\":[{\"@type\":\"Article\",\"@id\":\"https:\\\/\\\/www.eldiario.net\\\/portal\\\/2024\\\/04\\\/07\\\/hay-mas-por-aprender-sobre-el-origen-de-la-aceleracion-cosmica\\\/#article\",\"isPartOf\":{\"@id\":\"https:\\\/\\\/www.eldiario.net\\\/portal\\\/2024\\\/04\\\/07\\\/hay-mas-por-aprender-sobre-el-origen-de-la-aceleracion-cosmica\\\/\"},\"author\":{\"name\":\"Jeanette\",\"@id\":\"https:\\\/\\\/www.eldiario.net\\\/portal\\\/#\\\/schema\\\/person\\\/f46445640444750d7d753ccd04ae01b7\"},\"headline\":\"Hay m\u00e1s por aprender sobre el origen de la aceleraci\u00f3n c\u00f3smica\",\"datePublished\":\"2024-04-07T10:45:34+00:00\",\"mainEntityOfPage\":{\"@id\":\"https:\\\/\\\/www.eldiario.net\\\/portal\\\/2024\\\/04\\\/07\\\/hay-mas-por-aprender-sobre-el-origen-de-la-aceleracion-cosmica\\\/\"},\"wordCount\":609,\"commentCount\":0,\"publisher\":{\"@id\":\"https:\\\/\\\/www.eldiario.net\\\/portal\\\/#organization\"},\"image\":{\"@id\":\"https:\\\/\\\/www.eldiario.net\\\/portal\\\/2024\\\/04\\\/07\\\/hay-mas-por-aprender-sobre-el-origen-de-la-aceleracion-cosmica\\\/#primaryimage\"},\"thumbnailUrl\":\"https:\\\/\\\/www.eldiario.net\\\/portal\\\/wp-content\\\/uploads\\\/2023\\\/12\\\/Internacional.jpg\",\"articleSection\":[\"Internacional\"],\"inLanguage\":\"es\",\"potentialAction\":[{\"@type\":\"CommentAction\",\"name\":\"Comment\",\"target\":[\"https:\\\/\\\/www.eldiario.net\\\/portal\\\/2024\\\/04\\\/07\\\/hay-mas-por-aprender-sobre-el-origen-de-la-aceleracion-cosmica\\\/#respond\"]}]},{\"@type\":\"WebPage\",\"@id\":\"https:\\\/\\\/www.eldiario.net\\\/portal\\\/2024\\\/04\\\/07\\\/hay-mas-por-aprender-sobre-el-origen-de-la-aceleracion-cosmica\\\/\",\"url\":\"https:\\\/\\\/www.eldiario.net\\\/portal\\\/2024\\\/04\\\/07\\\/hay-mas-por-aprender-sobre-el-origen-de-la-aceleracion-cosmica\\\/\",\"name\":\"Hay m\u00e1s por aprender sobre el origen de la aceleraci\u00f3n c\u00f3smica - El Diario - Bolivia\",\"isPartOf\":{\"@id\":\"https:\\\/\\\/www.eldiario.net\\\/portal\\\/#website\"},\"primaryImageOfPage\":{\"@id\":\"https:\\\/\\\/www.eldiario.net\\\/portal\\\/2024\\\/04\\\/07\\\/hay-mas-por-aprender-sobre-el-origen-de-la-aceleracion-cosmica\\\/#primaryimage\"},\"image\":{\"@id\":\"https:\\\/\\\/www.eldiario.net\\\/portal\\\/2024\\\/04\\\/07\\\/hay-mas-por-aprender-sobre-el-origen-de-la-aceleracion-cosmica\\\/#primaryimage\"},\"thumbnailUrl\":\"https:\\\/\\\/www.eldiario.net\\\/portal\\\/wp-content\\\/uploads\\\/2023\\\/12\\\/Internacional.jpg\",\"datePublished\":\"2024-04-07T10:45:34+00:00\",\"breadcrumb\":{\"@id\":\"https:\\\/\\\/www.eldiario.net\\\/portal\\\/2024\\\/04\\\/07\\\/hay-mas-por-aprender-sobre-el-origen-de-la-aceleracion-cosmica\\\/#breadcrumb\"},\"inLanguage\":\"es\",\"potentialAction\":[{\"@type\":\"ReadAction\",\"target\":[\"https:\\\/\\\/www.eldiario.net\\\/portal\\\/2024\\\/04\\\/07\\\/hay-mas-por-aprender-sobre-el-origen-de-la-aceleracion-cosmica\\\/\"]}]},{\"@type\":\"ImageObject\",\"inLanguage\":\"es\",\"@id\":\"https:\\\/\\\/www.eldiario.net\\\/portal\\\/2024\\\/04\\\/07\\\/hay-mas-por-aprender-sobre-el-origen-de-la-aceleracion-cosmica\\\/#primaryimage\",\"url\":\"https:\\\/\\\/www.eldiario.net\\\/portal\\\/wp-content\\\/uploads\\\/2023\\\/12\\\/Internacional.jpg\",\"contentUrl\":\"https:\\\/\\\/www.eldiario.net\\\/portal\\\/wp-content\\\/uploads\\\/2023\\\/12\\\/Internacional.jpg\",\"width\":800,\"height\":500},{\"@type\":\"BreadcrumbList\",\"@id\":\"https:\\\/\\\/www.eldiario.net\\\/portal\\\/2024\\\/04\\\/07\\\/hay-mas-por-aprender-sobre-el-origen-de-la-aceleracion-cosmica\\\/#breadcrumb\",\"itemListElement\":[{\"@type\":\"ListItem\",\"position\":1,\"name\":\"Portada\",\"item\":\"https:\\\/\\\/www.eldiario.net\\\/portal\\\/\"},{\"@type\":\"ListItem\",\"position\":2,\"name\":\"Hay m\u00e1s por aprender sobre el origen de la aceleraci\u00f3n c\u00f3smica\"}]},{\"@type\":\"WebSite\",\"@id\":\"https:\\\/\\\/www.eldiario.net\\\/portal\\\/#website\",\"url\":\"https:\\\/\\\/www.eldiario.net\\\/portal\\\/\",\"name\":\"El Diario - Decano de la prensa nacional\",\"description\":\"El Diario - Decano de la prensa nacional\",\"publisher\":{\"@id\":\"https:\\\/\\\/www.eldiario.net\\\/portal\\\/#organization\"},\"potentialAction\":[{\"@type\":\"SearchAction\",\"target\":{\"@type\":\"EntryPoint\",\"urlTemplate\":\"https:\\\/\\\/www.eldiario.net\\\/portal\\\/?s={search_term_string}\"},\"query-input\":{\"@type\":\"PropertyValueSpecification\",\"valueRequired\":true,\"valueName\":\"search_term_string\"}}],\"inLanguage\":\"es\"},{\"@type\":\"Organization\",\"@id\":\"https:\\\/\\\/www.eldiario.net\\\/portal\\\/#organization\",\"name\":\"El Diario - Decano de la prensa nacional\",\"url\":\"https:\\\/\\\/www.eldiario.net\\\/portal\\\/\",\"logo\":{\"@type\":\"ImageObject\",\"inLanguage\":\"es\",\"@id\":\"https:\\\/\\\/www.eldiario.net\\\/portal\\\/#\\\/schema\\\/logo\\\/image\\\/\",\"url\":\"https:\\\/\\\/www.eldiario.net\\\/portal\\\/wp-content\\\/uploads\\\/2023\\\/07\\\/logo_ED.jpg\",\"contentUrl\":\"https:\\\/\\\/www.eldiario.net\\\/portal\\\/wp-content\\\/uploads\\\/2023\\\/07\\\/logo_ED.jpg\",\"width\":272,\"height\":52,\"caption\":\"El Diario - Decano de la prensa nacional\"},\"image\":{\"@id\":\"https:\\\/\\\/www.eldiario.net\\\/portal\\\/#\\\/schema\\\/logo\\\/image\\\/\"},\"sameAs\":[\"https:\\\/\\\/www.facebook.com\\\/eldiario.bolivia\\\/\",\"https:\\\/\\\/x.com\\\/eldiario_net\"]},{\"@type\":\"Person\",\"@id\":\"https:\\\/\\\/www.eldiario.net\\\/portal\\\/#\\\/schema\\\/person\\\/f46445640444750d7d753ccd04ae01b7\",\"name\":\"Jeanette\",\"image\":{\"@type\":\"ImageObject\",\"inLanguage\":\"es\",\"@id\":\"https:\\\/\\\/secure.gravatar.com\\\/avatar\\\/3ea2118a5f7dad2b7138b1187a6b7ee55f160b9968b66013c3a3ef39dd7e5798?s=96&d=mm&r=g\",\"url\":\"https:\\\/\\\/secure.gravatar.com\\\/avatar\\\/3ea2118a5f7dad2b7138b1187a6b7ee55f160b9968b66013c3a3ef39dd7e5798?s=96&d=mm&r=g\",\"contentUrl\":\"https:\\\/\\\/secure.gravatar.com\\\/avatar\\\/3ea2118a5f7dad2b7138b1187a6b7ee55f160b9968b66013c3a3ef39dd7e5798?s=96&d=mm&r=g\",\"caption\":\"Jeanette\"},\"sameAs\":[\"https:\\\/\\\/www.eldiario.net\\\/portal\"],\"url\":\"https:\\\/\\\/www.eldiario.net\\\/portal\\\/author\\\/jeanette\\\/\"}]}<\/script>\n<!-- \/ Yoast SEO plugin. -->","yoast_head_json":{"title":"Hay m\u00e1s por aprender sobre el origen de la aceleraci\u00f3n c\u00f3smica - El Diario - Bolivia","robots":{"index":"index","follow":"follow","max-snippet":"max-snippet:-1","max-image-preview":"max-image-preview:large","max-video-preview":"max-video-preview:-1"},"canonical":"https:\/\/www.eldiario.net\/portal\/2024\/04\/07\/hay-mas-por-aprender-sobre-el-origen-de-la-aceleracion-cosmica\/","og_locale":"es_ES","og_type":"article","og_title":"Hay m\u00e1s por aprender sobre el origen de la aceleraci\u00f3n c\u00f3smica - El Diario - Bolivia","og_description":"El primer a\u00f1o de funcionamiento del Instrumento Espectrosc\u00f3pico de Energ\u00eda Oscura (DESI) sugiere que hay m\u00e1s por aprender sobre la causa o causas subyacentes de la aceleraci\u00f3n c\u00f3smica. Ubicado en el Observatorio Kitt Peak en Arizona, DESI recolecta luz de las partes m\u00e1s distantes del universo, lo que permite a los cient\u00edficos cartografiar el cosmos [&hellip;]","og_url":"https:\/\/www.eldiario.net\/portal\/2024\/04\/07\/hay-mas-por-aprender-sobre-el-origen-de-la-aceleracion-cosmica\/","og_site_name":"El Diario - Bolivia","article_publisher":"https:\/\/www.facebook.com\/eldiario.bolivia\/","article_published_time":"2024-04-07T10:45:34+00:00","og_image":[{"width":800,"height":500,"url":"https:\/\/www.eldiario.net\/portal\/wp-content\/uploads\/2023\/12\/Internacional.jpg","type":"image\/jpeg"}],"author":"Jeanette","twitter_card":"summary_large_image","twitter_creator":"@eldiario_net","twitter_site":"@eldiario_net","twitter_misc":{"Escrito por":"Jeanette","Tiempo de lectura":"3 minutos"},"schema":{"@context":"https:\/\/schema.org","@graph":[{"@type":"Article","@id":"https:\/\/www.eldiario.net\/portal\/2024\/04\/07\/hay-mas-por-aprender-sobre-el-origen-de-la-aceleracion-cosmica\/#article","isPartOf":{"@id":"https:\/\/www.eldiario.net\/portal\/2024\/04\/07\/hay-mas-por-aprender-sobre-el-origen-de-la-aceleracion-cosmica\/"},"author":{"name":"Jeanette","@id":"https:\/\/www.eldiario.net\/portal\/#\/schema\/person\/f46445640444750d7d753ccd04ae01b7"},"headline":"Hay m\u00e1s por aprender sobre el origen de la aceleraci\u00f3n c\u00f3smica","datePublished":"2024-04-07T10:45:34+00:00","mainEntityOfPage":{"@id":"https:\/\/www.eldiario.net\/portal\/2024\/04\/07\/hay-mas-por-aprender-sobre-el-origen-de-la-aceleracion-cosmica\/"},"wordCount":609,"commentCount":0,"publisher":{"@id":"https:\/\/www.eldiario.net\/portal\/#organization"},"image":{"@id":"https:\/\/www.eldiario.net\/portal\/2024\/04\/07\/hay-mas-por-aprender-sobre-el-origen-de-la-aceleracion-cosmica\/#primaryimage"},"thumbnailUrl":"https:\/\/www.eldiario.net\/portal\/wp-content\/uploads\/2023\/12\/Internacional.jpg","articleSection":["Internacional"],"inLanguage":"es","potentialAction":[{"@type":"CommentAction","name":"Comment","target":["https:\/\/www.eldiario.net\/portal\/2024\/04\/07\/hay-mas-por-aprender-sobre-el-origen-de-la-aceleracion-cosmica\/#respond"]}]},{"@type":"WebPage","@id":"https:\/\/www.eldiario.net\/portal\/2024\/04\/07\/hay-mas-por-aprender-sobre-el-origen-de-la-aceleracion-cosmica\/","url":"https:\/\/www.eldiario.net\/portal\/2024\/04\/07\/hay-mas-por-aprender-sobre-el-origen-de-la-aceleracion-cosmica\/","name":"Hay m\u00e1s por aprender sobre el origen de la aceleraci\u00f3n c\u00f3smica - El Diario - Bolivia","isPartOf":{"@id":"https:\/\/www.eldiario.net\/portal\/#website"},"primaryImageOfPage":{"@id":"https:\/\/www.eldiario.net\/portal\/2024\/04\/07\/hay-mas-por-aprender-sobre-el-origen-de-la-aceleracion-cosmica\/#primaryimage"},"image":{"@id":"https:\/\/www.eldiario.net\/portal\/2024\/04\/07\/hay-mas-por-aprender-sobre-el-origen-de-la-aceleracion-cosmica\/#primaryimage"},"thumbnailUrl":"https:\/\/www.eldiario.net\/portal\/wp-content\/uploads\/2023\/12\/Internacional.jpg","datePublished":"2024-04-07T10:45:34+00:00","breadcrumb":{"@id":"https:\/\/www.eldiario.net\/portal\/2024\/04\/07\/hay-mas-por-aprender-sobre-el-origen-de-la-aceleracion-cosmica\/#breadcrumb"},"inLanguage":"es","potentialAction":[{"@type":"ReadAction","target":["https:\/\/www.eldiario.net\/portal\/2024\/04\/07\/hay-mas-por-aprender-sobre-el-origen-de-la-aceleracion-cosmica\/"]}]},{"@type":"ImageObject","inLanguage":"es","@id":"https:\/\/www.eldiario.net\/portal\/2024\/04\/07\/hay-mas-por-aprender-sobre-el-origen-de-la-aceleracion-cosmica\/#primaryimage","url":"https:\/\/www.eldiario.net\/portal\/wp-content\/uploads\/2023\/12\/Internacional.jpg","contentUrl":"https:\/\/www.eldiario.net\/portal\/wp-content\/uploads\/2023\/12\/Internacional.jpg","width":800,"height":500},{"@type":"BreadcrumbList","@id":"https:\/\/www.eldiario.net\/portal\/2024\/04\/07\/hay-mas-por-aprender-sobre-el-origen-de-la-aceleracion-cosmica\/#breadcrumb","itemListElement":[{"@type":"ListItem","position":1,"name":"Portada","item":"https:\/\/www.eldiario.net\/portal\/"},{"@type":"ListItem","position":2,"name":"Hay m\u00e1s por aprender sobre el origen de la aceleraci\u00f3n c\u00f3smica"}]},{"@type":"WebSite","@id":"https:\/\/www.eldiario.net\/portal\/#website","url":"https:\/\/www.eldiario.net\/portal\/","name":"El Diario - Decano de la prensa nacional","description":"El Diario - Decano de la prensa nacional","publisher":{"@id":"https:\/\/www.eldiario.net\/portal\/#organization"},"potentialAction":[{"@type":"SearchAction","target":{"@type":"EntryPoint","urlTemplate":"https:\/\/www.eldiario.net\/portal\/?s={search_term_string}"},"query-input":{"@type":"PropertyValueSpecification","valueRequired":true,"valueName":"search_term_string"}}],"inLanguage":"es"},{"@type":"Organization","@id":"https:\/\/www.eldiario.net\/portal\/#organization","name":"El Diario - Decano de la prensa nacional","url":"https:\/\/www.eldiario.net\/portal\/","logo":{"@type":"ImageObject","inLanguage":"es","@id":"https:\/\/www.eldiario.net\/portal\/#\/schema\/logo\/image\/","url":"https:\/\/www.eldiario.net\/portal\/wp-content\/uploads\/2023\/07\/logo_ED.jpg","contentUrl":"https:\/\/www.eldiario.net\/portal\/wp-content\/uploads\/2023\/07\/logo_ED.jpg","width":272,"height":52,"caption":"El Diario - Decano de la prensa nacional"},"image":{"@id":"https:\/\/www.eldiario.net\/portal\/#\/schema\/logo\/image\/"},"sameAs":["https:\/\/www.facebook.com\/eldiario.bolivia\/","https:\/\/x.com\/eldiario_net"]},{"@type":"Person","@id":"https:\/\/www.eldiario.net\/portal\/#\/schema\/person\/f46445640444750d7d753ccd04ae01b7","name":"Jeanette","image":{"@type":"ImageObject","inLanguage":"es","@id":"https:\/\/secure.gravatar.com\/avatar\/3ea2118a5f7dad2b7138b1187a6b7ee55f160b9968b66013c3a3ef39dd7e5798?s=96&d=mm&r=g","url":"https:\/\/secure.gravatar.com\/avatar\/3ea2118a5f7dad2b7138b1187a6b7ee55f160b9968b66013c3a3ef39dd7e5798?s=96&d=mm&r=g","contentUrl":"https:\/\/secure.gravatar.com\/avatar\/3ea2118a5f7dad2b7138b1187a6b7ee55f160b9968b66013c3a3ef39dd7e5798?s=96&d=mm&r=g","caption":"Jeanette"},"sameAs":["https:\/\/www.eldiario.net\/portal"],"url":"https:\/\/www.eldiario.net\/portal\/author\/jeanette\/"}]}},"_links":{"self":[{"href":"https:\/\/www.eldiario.net\/portal\/wp-json\/wp\/v2\/posts\/212728","targetHints":{"allow":["GET"]}}],"collection":[{"href":"https:\/\/www.eldiario.net\/portal\/wp-json\/wp\/v2\/posts"}],"about":[{"href":"https:\/\/www.eldiario.net\/portal\/wp-json\/wp\/v2\/types\/post"}],"author":[{"embeddable":true,"href":"https:\/\/www.eldiario.net\/portal\/wp-json\/wp\/v2\/users\/1"}],"replies":[{"embeddable":true,"href":"https:\/\/www.eldiario.net\/portal\/wp-json\/wp\/v2\/comments?post=212728"}],"version-history":[{"count":1,"href":"https:\/\/www.eldiario.net\/portal\/wp-json\/wp\/v2\/posts\/212728\/revisions"}],"predecessor-version":[{"id":212729,"href":"https:\/\/www.eldiario.net\/portal\/wp-json\/wp\/v2\/posts\/212728\/revisions\/212729"}],"wp:featuredmedia":[{"embeddable":true,"href":"https:\/\/www.eldiario.net\/portal\/wp-json\/wp\/v2\/media\/194703"}],"wp:attachment":[{"href":"https:\/\/www.eldiario.net\/portal\/wp-json\/wp\/v2\/media?parent=212728"}],"wp:term":[{"taxonomy":"category","embeddable":true,"href":"https:\/\/www.eldiario.net\/portal\/wp-json\/wp\/v2\/categories?post=212728"},{"taxonomy":"post_tag","embeddable":true,"href":"https:\/\/www.eldiario.net\/portal\/wp-json\/wp\/v2\/tags?post=212728"}],"curies":[{"name":"wp","href":"https:\/\/api.w.org\/{rel}","templated":true}]}}