{"id":212725,"date":"2024-04-07T06:44:56","date_gmt":"2024-04-07T10:44:56","guid":{"rendered":"https:\/\/www.eldiario.net\/portal\/?p=212725"},"modified":"2024-04-07T06:44:56","modified_gmt":"2024-04-07T10:44:56","slug":"el-fondo-del-oceano-se-convirtio-en-deposito-de-contaminacion-plastica","status":"publish","type":"post","link":"https:\/\/www.eldiario.net\/portal\/2024\/04\/07\/el-fondo-del-oceano-se-convirtio-en-deposito-de-contaminacion-plastica\/","title":{"rendered":"El fondo del oc\u00e9ano se convirti\u00f3 en  dep\u00f3sito de contaminaci\u00f3n pl\u00e1stica"},"content":{"rendered":"<p>Un estudio de CSIRO, la agencia cient\u00edfica nacional de Australia y la Universidad de Toronto, estima que ya existe hasta 11 millones de toneladas de contaminaci\u00f3n pl\u00e1stica en el fondo del oc\u00e9ano.<br \/>\nCada minuto, el pl\u00e1stico equivalente a un cami\u00f3n de basura ingresa al oc\u00e9ano. Dado que se espera que el uso de pl\u00e1stico se duplique para 2040, comprender c\u00f3mo y d\u00f3nde viaja es crucial para proteger los ecosistemas marinos y la vida silvestre.<br \/>\nLa doctora Denise Hardesty, cient\u00edfica investigadora principal de CSIRO, dijo que esta es la primera estimaci\u00f3n de cu\u00e1ntos desechos pl\u00e1sticos terminan en el fondo del oc\u00e9ano, donde se acumulan antes de descomponerse en pedazos m\u00e1s peque\u00f1os y mezclarse con los sedimentos del oc\u00e9ano.<br \/>\n\u201cSabemos que millones de toneladas de desechos pl\u00e1sticos ingresan a nuestros oc\u00e9anos cada a\u00f1o, pero lo que no sab\u00edamos es qu\u00e9 parte de esta contaminaci\u00f3n termina en nuestro fondo oce\u00e1nico\u201d, dijo Hardesty en un comunicado.<br \/>\n\u201cDescubrimos que el fondo del oc\u00e9ano se convirti\u00f3 en un lugar de descanso, o dep\u00f3sito, para la mayor parte de la contaminaci\u00f3n pl\u00e1stica: se estima que entre 3 y 11 millones de toneladas de pl\u00e1stico se est\u00e1n hundiendo en el fondo del oc\u00e9ano.<br \/>\nAlice Zhu, candidata a doctorado de la Universidad de Toronto, que dirigi\u00f3 el estudio, dijo que la estimaci\u00f3n de la contaminaci\u00f3n pl\u00e1stica en el fondo del oc\u00e9ano podr\u00eda ser hasta 100 veces mayor que la cantidad de pl\u00e1stico que flota en la superficie del oc\u00e9ano.<br \/>\n\u201cLa superficie del oc\u00e9ano es un lugar de descanso temporal de pl\u00e1stico, por lo que se espera que si podemos detener el pl\u00e1stico que ingresa a nuestros oc\u00e9anos, la cantidad se reducir\u00e1. Sin embargo, nuestra investigaci\u00f3n encontr\u00f3 que el pl\u00e1stico seguir\u00e1 terminando en las profundidades del oc\u00e9ano, que se convierte en un lugar permanente o sumidero para la contaminaci\u00f3n pl\u00e1stica marina\u201d, dijo Zhu.<br \/>\nSe utilizaron datos cient\u00edficos para construir dos modelos predictivos para estimar la cantidad y distribuci\u00f3n de pl\u00e1stico en el fondo del oc\u00e9ano: uno basado en datos de veh\u00edculos operados a distancia (ROV) y el otro de redes de arrastre de fondo.<br \/>\nUtilizando datos de ROV, se estima que entre 3 y 11 millones de toneladas m\u00e9tricas de contaminaci\u00f3n pl\u00e1stica residen en el fondo del oc\u00e9ano. Los resultados del ROV tambi\u00e9n revelan que la masa pl\u00e1stica se acumula alrededor de los continentes: aproximadamente la mitad (46 por ciento) de la masa pl\u00e1stica prevista en el fondo del oc\u00e9ano global se encuentra por encima de los 200 m de profundidad. Las profundidades del oc\u00e9ano, desde 200 m hasta 11.000 m, contienen el resto de la masa pl\u00e1stica prevista (54 por ciento).<br \/>\nAunque los mares interiores y costeros cubren mucha menos superficie que los oc\u00e9anos (11 por ciento frente al 56 por ciento de toda el \u00e1rea de la Tierra), se prev\u00e9 que estas \u00e1reas contengan tanta masa pl\u00e1stica como el resto del fondo del oc\u00e9ano.<br \/>\n\u201cComprender las fuerzas impulsoras detr\u00e1s del transporte y la acumulaci\u00f3n de pl\u00e1stico en las profundidades del oc\u00e9ano ayudar\u00e1 a informar los esfuerzos de reducci\u00f3n de fuentes y remediaci\u00f3n ambiental, reduciendo as\u00ed los riesgos que la contaminaci\u00f3n pl\u00e1stica puede representar para la vida marina\u201d. (Europa Press)<\/p>\n","protected":false},"excerpt":{"rendered":"<p>Un estudio de CSIRO, la agencia cient\u00edfica nacional de Australia y la Universidad de Toronto, estima que ya existe hasta 11 millones de toneladas de contaminaci\u00f3n pl\u00e1stica en el fondo del oc\u00e9ano. Cada minuto, el pl\u00e1stico equivalente a un cami\u00f3n de basura ingresa al oc\u00e9ano. Dado que se espera que el uso de pl\u00e1stico se [&hellip;]<\/p>\n","protected":false},"author":1,"featured_media":212726,"comment_status":"open","ping_status":"open","sticky":false,"template":"","format":"standard","meta":{"_acf_changed":false,"footnotes":""},"categories":[3],"tags":[],"class_list":["post-212725","post","type-post","status-publish","format-standard","has-post-thumbnail","category-internacional"],"acf":{"antetitulo":"Es urgente proteger los ecosistemas"},"yoast_head":"<!-- This site is optimized with the Yoast SEO plugin v28.4 - https:\/\/yoast.com\/product\/yoast-seo-wordpress\/ -->\n<title>El fondo del oc\u00e9ano se convirti\u00f3 en dep\u00f3sito de contaminaci\u00f3n pl\u00e1stica - El Diario - Bolivia<\/title>\n<meta name=\"robots\" content=\"index, follow, max-snippet:-1, max-image-preview:large, max-video-preview:-1\" \/>\n<link rel=\"canonical\" href=\"https:\/\/www.eldiario.net\/portal\/2024\/04\/07\/el-fondo-del-oceano-se-convirtio-en-deposito-de-contaminacion-plastica\/\" \/>\n<meta property=\"og:locale\" content=\"es_ES\" \/>\n<meta property=\"og:type\" content=\"article\" \/>\n<meta property=\"og:title\" content=\"El fondo del oc\u00e9ano se convirti\u00f3 en dep\u00f3sito de contaminaci\u00f3n pl\u00e1stica - El Diario - Bolivia\" \/>\n<meta property=\"og:description\" content=\"Un estudio de CSIRO, la agencia cient\u00edfica nacional de Australia y la Universidad de Toronto, estima que ya existe hasta 11 millones de toneladas de contaminaci\u00f3n pl\u00e1stica en el fondo del oc\u00e9ano. Cada minuto, el pl\u00e1stico equivalente a un cami\u00f3n de basura ingresa al oc\u00e9ano. Dado que se espera que el uso de pl\u00e1stico se [&hellip;]\" \/>\n<meta property=\"og:url\" content=\"https:\/\/www.eldiario.net\/portal\/2024\/04\/07\/el-fondo-del-oceano-se-convirtio-en-deposito-de-contaminacion-plastica\/\" \/>\n<meta property=\"og:site_name\" content=\"El Diario - Bolivia\" \/>\n<meta property=\"article:publisher\" content=\"https:\/\/www.facebook.com\/eldiario.bolivia\/\" \/>\n<meta property=\"article:published_time\" content=\"2024-04-07T10:44:56+00:00\" \/>\n<meta property=\"og:image\" content=\"https:\/\/www.eldiario.net\/portal\/wp-content\/uploads\/2024\/04\/BASURA.jpg\" \/>\n\t<meta property=\"og:image:width\" content=\"1280\" \/>\n\t<meta property=\"og:image:height\" content=\"720\" \/>\n\t<meta property=\"og:image:type\" content=\"image\/jpeg\" \/>\n<meta name=\"author\" content=\"Jeanette\" \/>\n<meta name=\"twitter:card\" content=\"summary_large_image\" \/>\n<meta name=\"twitter:creator\" content=\"@eldiario_net\" \/>\n<meta name=\"twitter:site\" content=\"@eldiario_net\" \/>\n<meta name=\"twitter:label1\" content=\"Escrito por\" \/>\n\t<meta name=\"twitter:data1\" content=\"Jeanette\" \/>\n\t<meta name=\"twitter:label2\" content=\"Tiempo de lectura\" \/>\n\t<meta name=\"twitter:data2\" content=\"3 minutos\" \/>\n<script type=\"application\/ld+json\" class=\"yoast-schema-graph\">{\"@context\":\"https:\\\/\\\/schema.org\",\"@graph\":[{\"@type\":\"Article\",\"@id\":\"https:\\\/\\\/www.eldiario.net\\\/portal\\\/2024\\\/04\\\/07\\\/el-fondo-del-oceano-se-convirtio-en-deposito-de-contaminacion-plastica\\\/#article\",\"isPartOf\":{\"@id\":\"https:\\\/\\\/www.eldiario.net\\\/portal\\\/2024\\\/04\\\/07\\\/el-fondo-del-oceano-se-convirtio-en-deposito-de-contaminacion-plastica\\\/\"},\"author\":{\"name\":\"Jeanette\",\"@id\":\"https:\\\/\\\/www.eldiario.net\\\/portal\\\/#\\\/schema\\\/person\\\/f46445640444750d7d753ccd04ae01b7\"},\"headline\":\"El fondo del oc\u00e9ano se convirti\u00f3 en dep\u00f3sito de contaminaci\u00f3n pl\u00e1stica\",\"datePublished\":\"2024-04-07T10:44:56+00:00\",\"mainEntityOfPage\":{\"@id\":\"https:\\\/\\\/www.eldiario.net\\\/portal\\\/2024\\\/04\\\/07\\\/el-fondo-del-oceano-se-convirtio-en-deposito-de-contaminacion-plastica\\\/\"},\"wordCount\":595,\"commentCount\":0,\"publisher\":{\"@id\":\"https:\\\/\\\/www.eldiario.net\\\/portal\\\/#organization\"},\"image\":{\"@id\":\"https:\\\/\\\/www.eldiario.net\\\/portal\\\/2024\\\/04\\\/07\\\/el-fondo-del-oceano-se-convirtio-en-deposito-de-contaminacion-plastica\\\/#primaryimage\"},\"thumbnailUrl\":\"https:\\\/\\\/www.eldiario.net\\\/portal\\\/wp-content\\\/uploads\\\/2024\\\/04\\\/BASURA.jpg\",\"articleSection\":[\"Internacional\"],\"inLanguage\":\"es\",\"potentialAction\":[{\"@type\":\"CommentAction\",\"name\":\"Comment\",\"target\":[\"https:\\\/\\\/www.eldiario.net\\\/portal\\\/2024\\\/04\\\/07\\\/el-fondo-del-oceano-se-convirtio-en-deposito-de-contaminacion-plastica\\\/#respond\"]}]},{\"@type\":\"WebPage\",\"@id\":\"https:\\\/\\\/www.eldiario.net\\\/portal\\\/2024\\\/04\\\/07\\\/el-fondo-del-oceano-se-convirtio-en-deposito-de-contaminacion-plastica\\\/\",\"url\":\"https:\\\/\\\/www.eldiario.net\\\/portal\\\/2024\\\/04\\\/07\\\/el-fondo-del-oceano-se-convirtio-en-deposito-de-contaminacion-plastica\\\/\",\"name\":\"El fondo del oc\u00e9ano se convirti\u00f3 en dep\u00f3sito de contaminaci\u00f3n pl\u00e1stica - El Diario - Bolivia\",\"isPartOf\":{\"@id\":\"https:\\\/\\\/www.eldiario.net\\\/portal\\\/#website\"},\"primaryImageOfPage\":{\"@id\":\"https:\\\/\\\/www.eldiario.net\\\/portal\\\/2024\\\/04\\\/07\\\/el-fondo-del-oceano-se-convirtio-en-deposito-de-contaminacion-plastica\\\/#primaryimage\"},\"image\":{\"@id\":\"https:\\\/\\\/www.eldiario.net\\\/portal\\\/2024\\\/04\\\/07\\\/el-fondo-del-oceano-se-convirtio-en-deposito-de-contaminacion-plastica\\\/#primaryimage\"},\"thumbnailUrl\":\"https:\\\/\\\/www.eldiario.net\\\/portal\\\/wp-content\\\/uploads\\\/2024\\\/04\\\/BASURA.jpg\",\"datePublished\":\"2024-04-07T10:44:56+00:00\",\"breadcrumb\":{\"@id\":\"https:\\\/\\\/www.eldiario.net\\\/portal\\\/2024\\\/04\\\/07\\\/el-fondo-del-oceano-se-convirtio-en-deposito-de-contaminacion-plastica\\\/#breadcrumb\"},\"inLanguage\":\"es\",\"potentialAction\":[{\"@type\":\"ReadAction\",\"target\":[\"https:\\\/\\\/www.eldiario.net\\\/portal\\\/2024\\\/04\\\/07\\\/el-fondo-del-oceano-se-convirtio-en-deposito-de-contaminacion-plastica\\\/\"]}]},{\"@type\":\"ImageObject\",\"inLanguage\":\"es\",\"@id\":\"https:\\\/\\\/www.eldiario.net\\\/portal\\\/2024\\\/04\\\/07\\\/el-fondo-del-oceano-se-convirtio-en-deposito-de-contaminacion-plastica\\\/#primaryimage\",\"url\":\"https:\\\/\\\/www.eldiario.net\\\/portal\\\/wp-content\\\/uploads\\\/2024\\\/04\\\/BASURA.jpg\",\"contentUrl\":\"https:\\\/\\\/www.eldiario.net\\\/portal\\\/wp-content\\\/uploads\\\/2024\\\/04\\\/BASURA.jpg\",\"width\":1280,\"height\":720,\"caption\":\"BASURA QUE INGRESA AL OCE\u00c1NO CADA MINUTO SIGNIFICA UN CAMI\u00d3N.\"},{\"@type\":\"BreadcrumbList\",\"@id\":\"https:\\\/\\\/www.eldiario.net\\\/portal\\\/2024\\\/04\\\/07\\\/el-fondo-del-oceano-se-convirtio-en-deposito-de-contaminacion-plastica\\\/#breadcrumb\",\"itemListElement\":[{\"@type\":\"ListItem\",\"position\":1,\"name\":\"Portada\",\"item\":\"https:\\\/\\\/www.eldiario.net\\\/portal\\\/\"},{\"@type\":\"ListItem\",\"position\":2,\"name\":\"El fondo del oc\u00e9ano se convirti\u00f3 en dep\u00f3sito de contaminaci\u00f3n pl\u00e1stica\"}]},{\"@type\":\"WebSite\",\"@id\":\"https:\\\/\\\/www.eldiario.net\\\/portal\\\/#website\",\"url\":\"https:\\\/\\\/www.eldiario.net\\\/portal\\\/\",\"name\":\"El Diario - Decano de la prensa nacional\",\"description\":\"El Diario - Decano de la prensa nacional\",\"publisher\":{\"@id\":\"https:\\\/\\\/www.eldiario.net\\\/portal\\\/#organization\"},\"potentialAction\":[{\"@type\":\"SearchAction\",\"target\":{\"@type\":\"EntryPoint\",\"urlTemplate\":\"https:\\\/\\\/www.eldiario.net\\\/portal\\\/?s={search_term_string}\"},\"query-input\":{\"@type\":\"PropertyValueSpecification\",\"valueRequired\":true,\"valueName\":\"search_term_string\"}}],\"inLanguage\":\"es\"},{\"@type\":\"Organization\",\"@id\":\"https:\\\/\\\/www.eldiario.net\\\/portal\\\/#organization\",\"name\":\"El Diario - Decano de la prensa nacional\",\"url\":\"https:\\\/\\\/www.eldiario.net\\\/portal\\\/\",\"logo\":{\"@type\":\"ImageObject\",\"inLanguage\":\"es\",\"@id\":\"https:\\\/\\\/www.eldiario.net\\\/portal\\\/#\\\/schema\\\/logo\\\/image\\\/\",\"url\":\"https:\\\/\\\/www.eldiario.net\\\/portal\\\/wp-content\\\/uploads\\\/2023\\\/07\\\/logo_ED.jpg\",\"contentUrl\":\"https:\\\/\\\/www.eldiario.net\\\/portal\\\/wp-content\\\/uploads\\\/2023\\\/07\\\/logo_ED.jpg\",\"width\":272,\"height\":52,\"caption\":\"El Diario - Decano de la prensa nacional\"},\"image\":{\"@id\":\"https:\\\/\\\/www.eldiario.net\\\/portal\\\/#\\\/schema\\\/logo\\\/image\\\/\"},\"sameAs\":[\"https:\\\/\\\/www.facebook.com\\\/eldiario.bolivia\\\/\",\"https:\\\/\\\/x.com\\\/eldiario_net\"]},{\"@type\":\"Person\",\"@id\":\"https:\\\/\\\/www.eldiario.net\\\/portal\\\/#\\\/schema\\\/person\\\/f46445640444750d7d753ccd04ae01b7\",\"name\":\"Jeanette\",\"image\":{\"@type\":\"ImageObject\",\"inLanguage\":\"es\",\"@id\":\"https:\\\/\\\/secure.gravatar.com\\\/avatar\\\/3ea2118a5f7dad2b7138b1187a6b7ee55f160b9968b66013c3a3ef39dd7e5798?s=96&d=mm&r=g\",\"url\":\"https:\\\/\\\/secure.gravatar.com\\\/avatar\\\/3ea2118a5f7dad2b7138b1187a6b7ee55f160b9968b66013c3a3ef39dd7e5798?s=96&d=mm&r=g\",\"contentUrl\":\"https:\\\/\\\/secure.gravatar.com\\\/avatar\\\/3ea2118a5f7dad2b7138b1187a6b7ee55f160b9968b66013c3a3ef39dd7e5798?s=96&d=mm&r=g\",\"caption\":\"Jeanette\"},\"sameAs\":[\"https:\\\/\\\/www.eldiario.net\\\/portal\"],\"url\":\"https:\\\/\\\/www.eldiario.net\\\/portal\\\/author\\\/jeanette\\\/\"}]}<\/script>\n<!-- \/ Yoast SEO plugin. -->","yoast_head_json":{"title":"El fondo del oc\u00e9ano se convirti\u00f3 en dep\u00f3sito de contaminaci\u00f3n pl\u00e1stica - El Diario - Bolivia","robots":{"index":"index","follow":"follow","max-snippet":"max-snippet:-1","max-image-preview":"max-image-preview:large","max-video-preview":"max-video-preview:-1"},"canonical":"https:\/\/www.eldiario.net\/portal\/2024\/04\/07\/el-fondo-del-oceano-se-convirtio-en-deposito-de-contaminacion-plastica\/","og_locale":"es_ES","og_type":"article","og_title":"El fondo del oc\u00e9ano se convirti\u00f3 en dep\u00f3sito de contaminaci\u00f3n pl\u00e1stica - El Diario - Bolivia","og_description":"Un estudio de CSIRO, la agencia cient\u00edfica nacional de Australia y la Universidad de Toronto, estima que ya existe hasta 11 millones de toneladas de contaminaci\u00f3n pl\u00e1stica en el fondo del oc\u00e9ano. Cada minuto, el pl\u00e1stico equivalente a un cami\u00f3n de basura ingresa al oc\u00e9ano. Dado que se espera que el uso de pl\u00e1stico se [&hellip;]","og_url":"https:\/\/www.eldiario.net\/portal\/2024\/04\/07\/el-fondo-del-oceano-se-convirtio-en-deposito-de-contaminacion-plastica\/","og_site_name":"El Diario - Bolivia","article_publisher":"https:\/\/www.facebook.com\/eldiario.bolivia\/","article_published_time":"2024-04-07T10:44:56+00:00","og_image":[{"width":1280,"height":720,"url":"https:\/\/www.eldiario.net\/portal\/wp-content\/uploads\/2024\/04\/BASURA.jpg","type":"image\/jpeg"}],"author":"Jeanette","twitter_card":"summary_large_image","twitter_creator":"@eldiario_net","twitter_site":"@eldiario_net","twitter_misc":{"Escrito por":"Jeanette","Tiempo de lectura":"3 minutos"},"schema":{"@context":"https:\/\/schema.org","@graph":[{"@type":"Article","@id":"https:\/\/www.eldiario.net\/portal\/2024\/04\/07\/el-fondo-del-oceano-se-convirtio-en-deposito-de-contaminacion-plastica\/#article","isPartOf":{"@id":"https:\/\/www.eldiario.net\/portal\/2024\/04\/07\/el-fondo-del-oceano-se-convirtio-en-deposito-de-contaminacion-plastica\/"},"author":{"name":"Jeanette","@id":"https:\/\/www.eldiario.net\/portal\/#\/schema\/person\/f46445640444750d7d753ccd04ae01b7"},"headline":"El fondo del oc\u00e9ano se convirti\u00f3 en dep\u00f3sito de contaminaci\u00f3n pl\u00e1stica","datePublished":"2024-04-07T10:44:56+00:00","mainEntityOfPage":{"@id":"https:\/\/www.eldiario.net\/portal\/2024\/04\/07\/el-fondo-del-oceano-se-convirtio-en-deposito-de-contaminacion-plastica\/"},"wordCount":595,"commentCount":0,"publisher":{"@id":"https:\/\/www.eldiario.net\/portal\/#organization"},"image":{"@id":"https:\/\/www.eldiario.net\/portal\/2024\/04\/07\/el-fondo-del-oceano-se-convirtio-en-deposito-de-contaminacion-plastica\/#primaryimage"},"thumbnailUrl":"https:\/\/www.eldiario.net\/portal\/wp-content\/uploads\/2024\/04\/BASURA.jpg","articleSection":["Internacional"],"inLanguage":"es","potentialAction":[{"@type":"CommentAction","name":"Comment","target":["https:\/\/www.eldiario.net\/portal\/2024\/04\/07\/el-fondo-del-oceano-se-convirtio-en-deposito-de-contaminacion-plastica\/#respond"]}]},{"@type":"WebPage","@id":"https:\/\/www.eldiario.net\/portal\/2024\/04\/07\/el-fondo-del-oceano-se-convirtio-en-deposito-de-contaminacion-plastica\/","url":"https:\/\/www.eldiario.net\/portal\/2024\/04\/07\/el-fondo-del-oceano-se-convirtio-en-deposito-de-contaminacion-plastica\/","name":"El fondo del oc\u00e9ano se convirti\u00f3 en dep\u00f3sito de contaminaci\u00f3n pl\u00e1stica - El Diario - Bolivia","isPartOf":{"@id":"https:\/\/www.eldiario.net\/portal\/#website"},"primaryImageOfPage":{"@id":"https:\/\/www.eldiario.net\/portal\/2024\/04\/07\/el-fondo-del-oceano-se-convirtio-en-deposito-de-contaminacion-plastica\/#primaryimage"},"image":{"@id":"https:\/\/www.eldiario.net\/portal\/2024\/04\/07\/el-fondo-del-oceano-se-convirtio-en-deposito-de-contaminacion-plastica\/#primaryimage"},"thumbnailUrl":"https:\/\/www.eldiario.net\/portal\/wp-content\/uploads\/2024\/04\/BASURA.jpg","datePublished":"2024-04-07T10:44:56+00:00","breadcrumb":{"@id":"https:\/\/www.eldiario.net\/portal\/2024\/04\/07\/el-fondo-del-oceano-se-convirtio-en-deposito-de-contaminacion-plastica\/#breadcrumb"},"inLanguage":"es","potentialAction":[{"@type":"ReadAction","target":["https:\/\/www.eldiario.net\/portal\/2024\/04\/07\/el-fondo-del-oceano-se-convirtio-en-deposito-de-contaminacion-plastica\/"]}]},{"@type":"ImageObject","inLanguage":"es","@id":"https:\/\/www.eldiario.net\/portal\/2024\/04\/07\/el-fondo-del-oceano-se-convirtio-en-deposito-de-contaminacion-plastica\/#primaryimage","url":"https:\/\/www.eldiario.net\/portal\/wp-content\/uploads\/2024\/04\/BASURA.jpg","contentUrl":"https:\/\/www.eldiario.net\/portal\/wp-content\/uploads\/2024\/04\/BASURA.jpg","width":1280,"height":720,"caption":"BASURA QUE INGRESA AL OCE\u00c1NO CADA MINUTO SIGNIFICA UN CAMI\u00d3N."},{"@type":"BreadcrumbList","@id":"https:\/\/www.eldiario.net\/portal\/2024\/04\/07\/el-fondo-del-oceano-se-convirtio-en-deposito-de-contaminacion-plastica\/#breadcrumb","itemListElement":[{"@type":"ListItem","position":1,"name":"Portada","item":"https:\/\/www.eldiario.net\/portal\/"},{"@type":"ListItem","position":2,"name":"El fondo del oc\u00e9ano se convirti\u00f3 en dep\u00f3sito de contaminaci\u00f3n pl\u00e1stica"}]},{"@type":"WebSite","@id":"https:\/\/www.eldiario.net\/portal\/#website","url":"https:\/\/www.eldiario.net\/portal\/","name":"El Diario - Decano de la prensa nacional","description":"El Diario - Decano de la prensa nacional","publisher":{"@id":"https:\/\/www.eldiario.net\/portal\/#organization"},"potentialAction":[{"@type":"SearchAction","target":{"@type":"EntryPoint","urlTemplate":"https:\/\/www.eldiario.net\/portal\/?s={search_term_string}"},"query-input":{"@type":"PropertyValueSpecification","valueRequired":true,"valueName":"search_term_string"}}],"inLanguage":"es"},{"@type":"Organization","@id":"https:\/\/www.eldiario.net\/portal\/#organization","name":"El Diario - Decano de la prensa nacional","url":"https:\/\/www.eldiario.net\/portal\/","logo":{"@type":"ImageObject","inLanguage":"es","@id":"https:\/\/www.eldiario.net\/portal\/#\/schema\/logo\/image\/","url":"https:\/\/www.eldiario.net\/portal\/wp-content\/uploads\/2023\/07\/logo_ED.jpg","contentUrl":"https:\/\/www.eldiario.net\/portal\/wp-content\/uploads\/2023\/07\/logo_ED.jpg","width":272,"height":52,"caption":"El Diario - Decano de la prensa nacional"},"image":{"@id":"https:\/\/www.eldiario.net\/portal\/#\/schema\/logo\/image\/"},"sameAs":["https:\/\/www.facebook.com\/eldiario.bolivia\/","https:\/\/x.com\/eldiario_net"]},{"@type":"Person","@id":"https:\/\/www.eldiario.net\/portal\/#\/schema\/person\/f46445640444750d7d753ccd04ae01b7","name":"Jeanette","image":{"@type":"ImageObject","inLanguage":"es","@id":"https:\/\/secure.gravatar.com\/avatar\/3ea2118a5f7dad2b7138b1187a6b7ee55f160b9968b66013c3a3ef39dd7e5798?s=96&d=mm&r=g","url":"https:\/\/secure.gravatar.com\/avatar\/3ea2118a5f7dad2b7138b1187a6b7ee55f160b9968b66013c3a3ef39dd7e5798?s=96&d=mm&r=g","contentUrl":"https:\/\/secure.gravatar.com\/avatar\/3ea2118a5f7dad2b7138b1187a6b7ee55f160b9968b66013c3a3ef39dd7e5798?s=96&d=mm&r=g","caption":"Jeanette"},"sameAs":["https:\/\/www.eldiario.net\/portal"],"url":"https:\/\/www.eldiario.net\/portal\/author\/jeanette\/"}]}},"_links":{"self":[{"href":"https:\/\/www.eldiario.net\/portal\/wp-json\/wp\/v2\/posts\/212725","targetHints":{"allow":["GET"]}}],"collection":[{"href":"https:\/\/www.eldiario.net\/portal\/wp-json\/wp\/v2\/posts"}],"about":[{"href":"https:\/\/www.eldiario.net\/portal\/wp-json\/wp\/v2\/types\/post"}],"author":[{"embeddable":true,"href":"https:\/\/www.eldiario.net\/portal\/wp-json\/wp\/v2\/users\/1"}],"replies":[{"embeddable":true,"href":"https:\/\/www.eldiario.net\/portal\/wp-json\/wp\/v2\/comments?post=212725"}],"version-history":[{"count":1,"href":"https:\/\/www.eldiario.net\/portal\/wp-json\/wp\/v2\/posts\/212725\/revisions"}],"predecessor-version":[{"id":212727,"href":"https:\/\/www.eldiario.net\/portal\/wp-json\/wp\/v2\/posts\/212725\/revisions\/212727"}],"wp:featuredmedia":[{"embeddable":true,"href":"https:\/\/www.eldiario.net\/portal\/wp-json\/wp\/v2\/media\/212726"}],"wp:attachment":[{"href":"https:\/\/www.eldiario.net\/portal\/wp-json\/wp\/v2\/media?parent=212725"}],"wp:term":[{"taxonomy":"category","embeddable":true,"href":"https:\/\/www.eldiario.net\/portal\/wp-json\/wp\/v2\/categories?post=212725"},{"taxonomy":"post_tag","embeddable":true,"href":"https:\/\/www.eldiario.net\/portal\/wp-json\/wp\/v2\/tags?post=212725"}],"curies":[{"name":"wp","href":"https:\/\/api.w.org\/{rel}","templated":true}]}}