{"id":212722,"date":"2024-04-07T06:43:24","date_gmt":"2024-04-07T10:43:24","guid":{"rendered":"https:\/\/www.eldiario.net\/portal\/?p=212722"},"modified":"2024-04-07T06:43:24","modified_gmt":"2024-04-07T10:43:24","slug":"accion-popular-instruye-no-sesionar-al-legislativo-cruceno-en-piso-firme","status":"publish","type":"post","link":"https:\/\/www.eldiario.net\/portal\/2024\/04\/07\/accion-popular-instruye-no-sesionar-al-legislativo-cruceno-en-piso-firme\/","title":{"rendered":"Acci\u00f3n Popular instruye no sesionar  al Legislativo cruce\u00f1o en Piso Firme"},"content":{"rendered":"<p>Una Acci\u00f3n Popular, interpuesta por la Gobernaci\u00f3n del Beni, instruy\u00f3 a la Asamblea Legislativa Departamental de Santa Cruz (ALD) no sesionar en Piso Firme el martes.<br \/>\nEl presidente del Legislativo, Zvonko Matkovic, ratific\u00f3 la sesi\u00f3n en esa localidad, poco despu\u00e9s la cacique de Piso Firme, Hortencia G\u00f3mez, asegur\u00f3 que tienen todo listo para recibir a las autoridades cruce\u00f1as.<br \/>\n\u201cSe dispone que la Asamblea Legislativa Departamental de Santa Cruz se abstenga de instalar y celebrar la sesi\u00f3n que se tiene programada de desarrollar en Piso Firme el martes 9 de abril, solo hasta la realizaci\u00f3n de la presente audiencia, solo hasta la realizaci\u00f3n de la presente audiencia (de acci\u00f3n popular)\u201d, se\u00f1ala el auto de la sala constitucional en el que se ordena la aplicaci\u00f3n de la medida cautelar.<br \/>\nLa demanda de Acci\u00f3n Popular fue interpuesta por el gobernador del Beni, Alejandro Unzueta, contra Matkovic en calidad de presidente de la ALD de Santa Cruz. Calific\u00f3 de ilegal la sesi\u00f3n cruce\u00f1a en Piso Firme, localidad disputada por Beni y Santa Cruz.<br \/>\n\u201cPiso Firme es territorio beniano y aun as\u00ed faltar\u00e1, como se dice, un solo punto para georeferenciar, sigue es un territorio en disputa, por respeto entre departamentos hermanos, no se debe realizar eso (la sesi\u00f3n)\u201d, sostuvo Unzueta. Pidi\u00f3 que se eviten posibles enfrentamientos y dejar que las comisiones t\u00e9cnicas de ambos departamentos realicen un trabajo t\u00e9cnico para resolver esa situaci\u00f3n.<br \/>\nEl presidente de la Asamblea Legislativa Departamental de Santa Cruz, Zvonko Matkovic, asegura que el viaje a Piso Firme para instalar una sesi\u00f3n en esa localidad el 9 de abril, se mantiene.<br \/>\n\u201cNo hemos sido notificados todav\u00eda (con el auto de la Sala Constitucional), por lo que el viaje sigue subsistente\u201d, afirm\u00f3 Matkovic, a tiempo de calificar como un \u201cdesprop\u00f3sito\u201d el recurso de acci\u00f3n popular interpuesto por la Gobernaci\u00f3n del Beni.<br \/>\nMatkovic adelant\u00f3 que hace d\u00edas se inform\u00f3 a la Polic\u00eda sobre este viaje, \u201cpero considero que no es un tema de riesgo de agresi\u00f3n. La gente nos est\u00e1 esperando, la alegr\u00eda que manifestaron los habitantes de la zona al saber que iremos para all\u00e1\u201d.<br \/>\nLa cacique de Piso Firme, Hortencia G\u00f3mez, asegur\u00f3 que tienen todo listo para recibir a sus autoridades departamentales cruce\u00f1a el 9 de abril. Pese a que ya conocen el auto de la Sala Constitucional, que pide a los asamble\u00edstas de Santa Cruz abstenerse a instalar la sesi\u00f3n en esa localidad.<br \/>\n\u201cEl Gobernador del Beni no halla de qu\u00e9 hablar; nosotros invitamos a la Asamblea Legislativa Departamental de Santa Cruz, porque est\u00e1n en su pleno derecho, esto es tierra cruce\u00f1a. Nosotros somos cruce\u00f1os\u201d, manifest\u00f3 G\u00f3mez.<br \/>\nLa cacique asever\u00f3 que \u201cel objetivo es que ellos conozcan y que, con buenos argumentos, defiendan este territorio que es cruce\u00f1o. Para ello, ya tenemos lista la Casa Indigenal\u201d.<br \/>\nG\u00f3mez record\u00f3 que la Gobernaci\u00f3n del Beni se acerc\u00f3 antes del Censo 2024 y no volvieron al lugar. \u201cPero nosotros dejamos en claro que nuestro territorio no se negocia, ellos fueron los que interpretaron mal la ley\u201d.<br \/>\nPor su parte, Mayda Pe\u00f1a, l\u00edder ind\u00edgena de la misma comunidad, dijo: \u201cNosotros podemos invitar a quien nos d\u00e9 la gana, es nuestro territorio y hemos convocado a nuestras autoridades municipales, departamentales (de Santa Cruz) y nacionales, a nuestra casa y que conozcan, porque ellos siempre nos han atendido\u201d. (Santa Cruz, Br\u00fajula Digital)<br \/>\nPIE DE FOTO: FOTO:UNITEL<\/p>\n","protected":false},"excerpt":{"rendered":"<p>Una Acci\u00f3n Popular, interpuesta por la Gobernaci\u00f3n del Beni, instruy\u00f3 a la Asamblea Legislativa Departamental de Santa Cruz (ALD) no sesionar en Piso Firme el martes. El presidente del Legislativo, Zvonko Matkovic, ratific\u00f3 la sesi\u00f3n en esa localidad, poco despu\u00e9s la cacique de Piso Firme, Hortencia G\u00f3mez, asegur\u00f3 que tienen todo listo para recibir a [&hellip;]<\/p>\n","protected":false},"author":1,"featured_media":212723,"comment_status":"open","ping_status":"open","sticky":false,"template":"","format":"standard","meta":{"_acf_changed":false,"footnotes":""},"categories":[12],"tags":[],"class_list":["post-212722","post","type-post","status-publish","format-standard","has-post-thumbnail","category-nacional"],"acf":{"antetitulo":""},"yoast_head":"<!-- This site is optimized with the Yoast SEO plugin v28.4 - https:\/\/yoast.com\/product\/yoast-seo-wordpress\/ -->\n<title>Acci\u00f3n Popular instruye no sesionar al Legislativo cruce\u00f1o en Piso Firme - El Diario - Bolivia<\/title>\n<meta name=\"robots\" content=\"index, follow, max-snippet:-1, max-image-preview:large, max-video-preview:-1\" \/>\n<link rel=\"canonical\" href=\"https:\/\/www.eldiario.net\/portal\/2024\/04\/07\/accion-popular-instruye-no-sesionar-al-legislativo-cruceno-en-piso-firme\/\" \/>\n<meta property=\"og:locale\" content=\"es_ES\" \/>\n<meta property=\"og:type\" content=\"article\" \/>\n<meta property=\"og:title\" content=\"Acci\u00f3n Popular instruye no sesionar al Legislativo cruce\u00f1o en Piso Firme - El Diario - Bolivia\" \/>\n<meta property=\"og:description\" content=\"Una Acci\u00f3n Popular, interpuesta por la Gobernaci\u00f3n del Beni, instruy\u00f3 a la Asamblea Legislativa Departamental de Santa Cruz (ALD) no sesionar en Piso Firme el martes. El presidente del Legislativo, Zvonko Matkovic, ratific\u00f3 la sesi\u00f3n en esa localidad, poco despu\u00e9s la cacique de Piso Firme, Hortencia G\u00f3mez, asegur\u00f3 que tienen todo listo para recibir a [&hellip;]\" \/>\n<meta property=\"og:url\" content=\"https:\/\/www.eldiario.net\/portal\/2024\/04\/07\/accion-popular-instruye-no-sesionar-al-legislativo-cruceno-en-piso-firme\/\" \/>\n<meta property=\"og:site_name\" content=\"El Diario - Bolivia\" \/>\n<meta property=\"article:publisher\" content=\"https:\/\/www.facebook.com\/eldiario.bolivia\/\" \/>\n<meta property=\"article:published_time\" content=\"2024-04-07T10:43:24+00:00\" \/>\n<meta property=\"og:image\" content=\"https:\/\/www.eldiario.net\/portal\/wp-content\/uploads\/2024\/04\/50-NAL.jpeg\" \/>\n\t<meta property=\"og:image:width\" content=\"720\" \/>\n\t<meta property=\"og:image:height\" content=\"400\" \/>\n\t<meta property=\"og:image:type\" content=\"image\/jpeg\" \/>\n<meta name=\"author\" content=\"Jeanette\" \/>\n<meta name=\"twitter:card\" content=\"summary_large_image\" \/>\n<meta name=\"twitter:creator\" content=\"@eldiario_net\" \/>\n<meta name=\"twitter:site\" content=\"@eldiario_net\" \/>\n<meta name=\"twitter:label1\" content=\"Escrito por\" \/>\n\t<meta name=\"twitter:data1\" content=\"Jeanette\" \/>\n\t<meta name=\"twitter:label2\" content=\"Tiempo de lectura\" \/>\n\t<meta name=\"twitter:data2\" content=\"3 minutos\" \/>\n<script type=\"application\/ld+json\" class=\"yoast-schema-graph\">{\"@context\":\"https:\\\/\\\/schema.org\",\"@graph\":[{\"@type\":\"Article\",\"@id\":\"https:\\\/\\\/www.eldiario.net\\\/portal\\\/2024\\\/04\\\/07\\\/accion-popular-instruye-no-sesionar-al-legislativo-cruceno-en-piso-firme\\\/#article\",\"isPartOf\":{\"@id\":\"https:\\\/\\\/www.eldiario.net\\\/portal\\\/2024\\\/04\\\/07\\\/accion-popular-instruye-no-sesionar-al-legislativo-cruceno-en-piso-firme\\\/\"},\"author\":{\"name\":\"Jeanette\",\"@id\":\"https:\\\/\\\/www.eldiario.net\\\/portal\\\/#\\\/schema\\\/person\\\/f46445640444750d7d753ccd04ae01b7\"},\"headline\":\"Acci\u00f3n Popular instruye no sesionar al Legislativo cruce\u00f1o en Piso Firme\",\"datePublished\":\"2024-04-07T10:43:24+00:00\",\"mainEntityOfPage\":{\"@id\":\"https:\\\/\\\/www.eldiario.net\\\/portal\\\/2024\\\/04\\\/07\\\/accion-popular-instruye-no-sesionar-al-legislativo-cruceno-en-piso-firme\\\/\"},\"wordCount\":604,\"commentCount\":0,\"publisher\":{\"@id\":\"https:\\\/\\\/www.eldiario.net\\\/portal\\\/#organization\"},\"image\":{\"@id\":\"https:\\\/\\\/www.eldiario.net\\\/portal\\\/2024\\\/04\\\/07\\\/accion-popular-instruye-no-sesionar-al-legislativo-cruceno-en-piso-firme\\\/#primaryimage\"},\"thumbnailUrl\":\"https:\\\/\\\/www.eldiario.net\\\/portal\\\/wp-content\\\/uploads\\\/2024\\\/04\\\/50-NAL.jpeg\",\"articleSection\":[\"Nacional\"],\"inLanguage\":\"es\",\"potentialAction\":[{\"@type\":\"CommentAction\",\"name\":\"Comment\",\"target\":[\"https:\\\/\\\/www.eldiario.net\\\/portal\\\/2024\\\/04\\\/07\\\/accion-popular-instruye-no-sesionar-al-legislativo-cruceno-en-piso-firme\\\/#respond\"]}]},{\"@type\":\"WebPage\",\"@id\":\"https:\\\/\\\/www.eldiario.net\\\/portal\\\/2024\\\/04\\\/07\\\/accion-popular-instruye-no-sesionar-al-legislativo-cruceno-en-piso-firme\\\/\",\"url\":\"https:\\\/\\\/www.eldiario.net\\\/portal\\\/2024\\\/04\\\/07\\\/accion-popular-instruye-no-sesionar-al-legislativo-cruceno-en-piso-firme\\\/\",\"name\":\"Acci\u00f3n Popular instruye no sesionar al Legislativo cruce\u00f1o en Piso Firme - El Diario - Bolivia\",\"isPartOf\":{\"@id\":\"https:\\\/\\\/www.eldiario.net\\\/portal\\\/#website\"},\"primaryImageOfPage\":{\"@id\":\"https:\\\/\\\/www.eldiario.net\\\/portal\\\/2024\\\/04\\\/07\\\/accion-popular-instruye-no-sesionar-al-legislativo-cruceno-en-piso-firme\\\/#primaryimage\"},\"image\":{\"@id\":\"https:\\\/\\\/www.eldiario.net\\\/portal\\\/2024\\\/04\\\/07\\\/accion-popular-instruye-no-sesionar-al-legislativo-cruceno-en-piso-firme\\\/#primaryimage\"},\"thumbnailUrl\":\"https:\\\/\\\/www.eldiario.net\\\/portal\\\/wp-content\\\/uploads\\\/2024\\\/04\\\/50-NAL.jpeg\",\"datePublished\":\"2024-04-07T10:43:24+00:00\",\"breadcrumb\":{\"@id\":\"https:\\\/\\\/www.eldiario.net\\\/portal\\\/2024\\\/04\\\/07\\\/accion-popular-instruye-no-sesionar-al-legislativo-cruceno-en-piso-firme\\\/#breadcrumb\"},\"inLanguage\":\"es\",\"potentialAction\":[{\"@type\":\"ReadAction\",\"target\":[\"https:\\\/\\\/www.eldiario.net\\\/portal\\\/2024\\\/04\\\/07\\\/accion-popular-instruye-no-sesionar-al-legislativo-cruceno-en-piso-firme\\\/\"]}]},{\"@type\":\"ImageObject\",\"inLanguage\":\"es\",\"@id\":\"https:\\\/\\\/www.eldiario.net\\\/portal\\\/2024\\\/04\\\/07\\\/accion-popular-instruye-no-sesionar-al-legislativo-cruceno-en-piso-firme\\\/#primaryimage\",\"url\":\"https:\\\/\\\/www.eldiario.net\\\/portal\\\/wp-content\\\/uploads\\\/2024\\\/04\\\/50-NAL.jpeg\",\"contentUrl\":\"https:\\\/\\\/www.eldiario.net\\\/portal\\\/wp-content\\\/uploads\\\/2024\\\/04\\\/50-NAL.jpeg\",\"width\":720,\"height\":400,\"caption\":\"HABITANTES DE LA COMUNIDAD PISO FIRME.\"},{\"@type\":\"BreadcrumbList\",\"@id\":\"https:\\\/\\\/www.eldiario.net\\\/portal\\\/2024\\\/04\\\/07\\\/accion-popular-instruye-no-sesionar-al-legislativo-cruceno-en-piso-firme\\\/#breadcrumb\",\"itemListElement\":[{\"@type\":\"ListItem\",\"position\":1,\"name\":\"Portada\",\"item\":\"https:\\\/\\\/www.eldiario.net\\\/portal\\\/\"},{\"@type\":\"ListItem\",\"position\":2,\"name\":\"Acci\u00f3n Popular instruye no sesionar al Legislativo cruce\u00f1o en Piso Firme\"}]},{\"@type\":\"WebSite\",\"@id\":\"https:\\\/\\\/www.eldiario.net\\\/portal\\\/#website\",\"url\":\"https:\\\/\\\/www.eldiario.net\\\/portal\\\/\",\"name\":\"El Diario - Decano de la prensa nacional\",\"description\":\"El Diario - Decano de la prensa nacional\",\"publisher\":{\"@id\":\"https:\\\/\\\/www.eldiario.net\\\/portal\\\/#organization\"},\"potentialAction\":[{\"@type\":\"SearchAction\",\"target\":{\"@type\":\"EntryPoint\",\"urlTemplate\":\"https:\\\/\\\/www.eldiario.net\\\/portal\\\/?s={search_term_string}\"},\"query-input\":{\"@type\":\"PropertyValueSpecification\",\"valueRequired\":true,\"valueName\":\"search_term_string\"}}],\"inLanguage\":\"es\"},{\"@type\":\"Organization\",\"@id\":\"https:\\\/\\\/www.eldiario.net\\\/portal\\\/#organization\",\"name\":\"El Diario - Decano de la prensa nacional\",\"url\":\"https:\\\/\\\/www.eldiario.net\\\/portal\\\/\",\"logo\":{\"@type\":\"ImageObject\",\"inLanguage\":\"es\",\"@id\":\"https:\\\/\\\/www.eldiario.net\\\/portal\\\/#\\\/schema\\\/logo\\\/image\\\/\",\"url\":\"https:\\\/\\\/www.eldiario.net\\\/portal\\\/wp-content\\\/uploads\\\/2023\\\/07\\\/logo_ED.jpg\",\"contentUrl\":\"https:\\\/\\\/www.eldiario.net\\\/portal\\\/wp-content\\\/uploads\\\/2023\\\/07\\\/logo_ED.jpg\",\"width\":272,\"height\":52,\"caption\":\"El Diario - Decano de la prensa nacional\"},\"image\":{\"@id\":\"https:\\\/\\\/www.eldiario.net\\\/portal\\\/#\\\/schema\\\/logo\\\/image\\\/\"},\"sameAs\":[\"https:\\\/\\\/www.facebook.com\\\/eldiario.bolivia\\\/\",\"https:\\\/\\\/x.com\\\/eldiario_net\"]},{\"@type\":\"Person\",\"@id\":\"https:\\\/\\\/www.eldiario.net\\\/portal\\\/#\\\/schema\\\/person\\\/f46445640444750d7d753ccd04ae01b7\",\"name\":\"Jeanette\",\"image\":{\"@type\":\"ImageObject\",\"inLanguage\":\"es\",\"@id\":\"https:\\\/\\\/secure.gravatar.com\\\/avatar\\\/3ea2118a5f7dad2b7138b1187a6b7ee55f160b9968b66013c3a3ef39dd7e5798?s=96&d=mm&r=g\",\"url\":\"https:\\\/\\\/secure.gravatar.com\\\/avatar\\\/3ea2118a5f7dad2b7138b1187a6b7ee55f160b9968b66013c3a3ef39dd7e5798?s=96&d=mm&r=g\",\"contentUrl\":\"https:\\\/\\\/secure.gravatar.com\\\/avatar\\\/3ea2118a5f7dad2b7138b1187a6b7ee55f160b9968b66013c3a3ef39dd7e5798?s=96&d=mm&r=g\",\"caption\":\"Jeanette\"},\"sameAs\":[\"https:\\\/\\\/www.eldiario.net\\\/portal\"],\"url\":\"https:\\\/\\\/www.eldiario.net\\\/portal\\\/author\\\/jeanette\\\/\"}]}<\/script>\n<!-- \/ Yoast SEO plugin. -->","yoast_head_json":{"title":"Acci\u00f3n Popular instruye no sesionar al Legislativo cruce\u00f1o en Piso Firme - El Diario - Bolivia","robots":{"index":"index","follow":"follow","max-snippet":"max-snippet:-1","max-image-preview":"max-image-preview:large","max-video-preview":"max-video-preview:-1"},"canonical":"https:\/\/www.eldiario.net\/portal\/2024\/04\/07\/accion-popular-instruye-no-sesionar-al-legislativo-cruceno-en-piso-firme\/","og_locale":"es_ES","og_type":"article","og_title":"Acci\u00f3n Popular instruye no sesionar al Legislativo cruce\u00f1o en Piso Firme - El Diario - Bolivia","og_description":"Una Acci\u00f3n Popular, interpuesta por la Gobernaci\u00f3n del Beni, instruy\u00f3 a la Asamblea Legislativa Departamental de Santa Cruz (ALD) no sesionar en Piso Firme el martes. El presidente del Legislativo, Zvonko Matkovic, ratific\u00f3 la sesi\u00f3n en esa localidad, poco despu\u00e9s la cacique de Piso Firme, Hortencia G\u00f3mez, asegur\u00f3 que tienen todo listo para recibir a [&hellip;]","og_url":"https:\/\/www.eldiario.net\/portal\/2024\/04\/07\/accion-popular-instruye-no-sesionar-al-legislativo-cruceno-en-piso-firme\/","og_site_name":"El Diario - Bolivia","article_publisher":"https:\/\/www.facebook.com\/eldiario.bolivia\/","article_published_time":"2024-04-07T10:43:24+00:00","og_image":[{"width":720,"height":400,"url":"https:\/\/www.eldiario.net\/portal\/wp-content\/uploads\/2024\/04\/50-NAL.jpeg","type":"image\/jpeg"}],"author":"Jeanette","twitter_card":"summary_large_image","twitter_creator":"@eldiario_net","twitter_site":"@eldiario_net","twitter_misc":{"Escrito por":"Jeanette","Tiempo de lectura":"3 minutos"},"schema":{"@context":"https:\/\/schema.org","@graph":[{"@type":"Article","@id":"https:\/\/www.eldiario.net\/portal\/2024\/04\/07\/accion-popular-instruye-no-sesionar-al-legislativo-cruceno-en-piso-firme\/#article","isPartOf":{"@id":"https:\/\/www.eldiario.net\/portal\/2024\/04\/07\/accion-popular-instruye-no-sesionar-al-legislativo-cruceno-en-piso-firme\/"},"author":{"name":"Jeanette","@id":"https:\/\/www.eldiario.net\/portal\/#\/schema\/person\/f46445640444750d7d753ccd04ae01b7"},"headline":"Acci\u00f3n Popular instruye no sesionar al Legislativo cruce\u00f1o en Piso Firme","datePublished":"2024-04-07T10:43:24+00:00","mainEntityOfPage":{"@id":"https:\/\/www.eldiario.net\/portal\/2024\/04\/07\/accion-popular-instruye-no-sesionar-al-legislativo-cruceno-en-piso-firme\/"},"wordCount":604,"commentCount":0,"publisher":{"@id":"https:\/\/www.eldiario.net\/portal\/#organization"},"image":{"@id":"https:\/\/www.eldiario.net\/portal\/2024\/04\/07\/accion-popular-instruye-no-sesionar-al-legislativo-cruceno-en-piso-firme\/#primaryimage"},"thumbnailUrl":"https:\/\/www.eldiario.net\/portal\/wp-content\/uploads\/2024\/04\/50-NAL.jpeg","articleSection":["Nacional"],"inLanguage":"es","potentialAction":[{"@type":"CommentAction","name":"Comment","target":["https:\/\/www.eldiario.net\/portal\/2024\/04\/07\/accion-popular-instruye-no-sesionar-al-legislativo-cruceno-en-piso-firme\/#respond"]}]},{"@type":"WebPage","@id":"https:\/\/www.eldiario.net\/portal\/2024\/04\/07\/accion-popular-instruye-no-sesionar-al-legislativo-cruceno-en-piso-firme\/","url":"https:\/\/www.eldiario.net\/portal\/2024\/04\/07\/accion-popular-instruye-no-sesionar-al-legislativo-cruceno-en-piso-firme\/","name":"Acci\u00f3n Popular instruye no sesionar al Legislativo cruce\u00f1o en Piso Firme - El Diario - Bolivia","isPartOf":{"@id":"https:\/\/www.eldiario.net\/portal\/#website"},"primaryImageOfPage":{"@id":"https:\/\/www.eldiario.net\/portal\/2024\/04\/07\/accion-popular-instruye-no-sesionar-al-legislativo-cruceno-en-piso-firme\/#primaryimage"},"image":{"@id":"https:\/\/www.eldiario.net\/portal\/2024\/04\/07\/accion-popular-instruye-no-sesionar-al-legislativo-cruceno-en-piso-firme\/#primaryimage"},"thumbnailUrl":"https:\/\/www.eldiario.net\/portal\/wp-content\/uploads\/2024\/04\/50-NAL.jpeg","datePublished":"2024-04-07T10:43:24+00:00","breadcrumb":{"@id":"https:\/\/www.eldiario.net\/portal\/2024\/04\/07\/accion-popular-instruye-no-sesionar-al-legislativo-cruceno-en-piso-firme\/#breadcrumb"},"inLanguage":"es","potentialAction":[{"@type":"ReadAction","target":["https:\/\/www.eldiario.net\/portal\/2024\/04\/07\/accion-popular-instruye-no-sesionar-al-legislativo-cruceno-en-piso-firme\/"]}]},{"@type":"ImageObject","inLanguage":"es","@id":"https:\/\/www.eldiario.net\/portal\/2024\/04\/07\/accion-popular-instruye-no-sesionar-al-legislativo-cruceno-en-piso-firme\/#primaryimage","url":"https:\/\/www.eldiario.net\/portal\/wp-content\/uploads\/2024\/04\/50-NAL.jpeg","contentUrl":"https:\/\/www.eldiario.net\/portal\/wp-content\/uploads\/2024\/04\/50-NAL.jpeg","width":720,"height":400,"caption":"HABITANTES DE LA COMUNIDAD PISO FIRME."},{"@type":"BreadcrumbList","@id":"https:\/\/www.eldiario.net\/portal\/2024\/04\/07\/accion-popular-instruye-no-sesionar-al-legislativo-cruceno-en-piso-firme\/#breadcrumb","itemListElement":[{"@type":"ListItem","position":1,"name":"Portada","item":"https:\/\/www.eldiario.net\/portal\/"},{"@type":"ListItem","position":2,"name":"Acci\u00f3n Popular instruye no sesionar al Legislativo cruce\u00f1o en Piso Firme"}]},{"@type":"WebSite","@id":"https:\/\/www.eldiario.net\/portal\/#website","url":"https:\/\/www.eldiario.net\/portal\/","name":"El Diario - Decano de la prensa nacional","description":"El Diario - Decano de la prensa nacional","publisher":{"@id":"https:\/\/www.eldiario.net\/portal\/#organization"},"potentialAction":[{"@type":"SearchAction","target":{"@type":"EntryPoint","urlTemplate":"https:\/\/www.eldiario.net\/portal\/?s={search_term_string}"},"query-input":{"@type":"PropertyValueSpecification","valueRequired":true,"valueName":"search_term_string"}}],"inLanguage":"es"},{"@type":"Organization","@id":"https:\/\/www.eldiario.net\/portal\/#organization","name":"El Diario - Decano de la prensa nacional","url":"https:\/\/www.eldiario.net\/portal\/","logo":{"@type":"ImageObject","inLanguage":"es","@id":"https:\/\/www.eldiario.net\/portal\/#\/schema\/logo\/image\/","url":"https:\/\/www.eldiario.net\/portal\/wp-content\/uploads\/2023\/07\/logo_ED.jpg","contentUrl":"https:\/\/www.eldiario.net\/portal\/wp-content\/uploads\/2023\/07\/logo_ED.jpg","width":272,"height":52,"caption":"El Diario - Decano de la prensa nacional"},"image":{"@id":"https:\/\/www.eldiario.net\/portal\/#\/schema\/logo\/image\/"},"sameAs":["https:\/\/www.facebook.com\/eldiario.bolivia\/","https:\/\/x.com\/eldiario_net"]},{"@type":"Person","@id":"https:\/\/www.eldiario.net\/portal\/#\/schema\/person\/f46445640444750d7d753ccd04ae01b7","name":"Jeanette","image":{"@type":"ImageObject","inLanguage":"es","@id":"https:\/\/secure.gravatar.com\/avatar\/3ea2118a5f7dad2b7138b1187a6b7ee55f160b9968b66013c3a3ef39dd7e5798?s=96&d=mm&r=g","url":"https:\/\/secure.gravatar.com\/avatar\/3ea2118a5f7dad2b7138b1187a6b7ee55f160b9968b66013c3a3ef39dd7e5798?s=96&d=mm&r=g","contentUrl":"https:\/\/secure.gravatar.com\/avatar\/3ea2118a5f7dad2b7138b1187a6b7ee55f160b9968b66013c3a3ef39dd7e5798?s=96&d=mm&r=g","caption":"Jeanette"},"sameAs":["https:\/\/www.eldiario.net\/portal"],"url":"https:\/\/www.eldiario.net\/portal\/author\/jeanette\/"}]}},"_links":{"self":[{"href":"https:\/\/www.eldiario.net\/portal\/wp-json\/wp\/v2\/posts\/212722","targetHints":{"allow":["GET"]}}],"collection":[{"href":"https:\/\/www.eldiario.net\/portal\/wp-json\/wp\/v2\/posts"}],"about":[{"href":"https:\/\/www.eldiario.net\/portal\/wp-json\/wp\/v2\/types\/post"}],"author":[{"embeddable":true,"href":"https:\/\/www.eldiario.net\/portal\/wp-json\/wp\/v2\/users\/1"}],"replies":[{"embeddable":true,"href":"https:\/\/www.eldiario.net\/portal\/wp-json\/wp\/v2\/comments?post=212722"}],"version-history":[{"count":1,"href":"https:\/\/www.eldiario.net\/portal\/wp-json\/wp\/v2\/posts\/212722\/revisions"}],"predecessor-version":[{"id":212724,"href":"https:\/\/www.eldiario.net\/portal\/wp-json\/wp\/v2\/posts\/212722\/revisions\/212724"}],"wp:featuredmedia":[{"embeddable":true,"href":"https:\/\/www.eldiario.net\/portal\/wp-json\/wp\/v2\/media\/212723"}],"wp:attachment":[{"href":"https:\/\/www.eldiario.net\/portal\/wp-json\/wp\/v2\/media?parent=212722"}],"wp:term":[{"taxonomy":"category","embeddable":true,"href":"https:\/\/www.eldiario.net\/portal\/wp-json\/wp\/v2\/categories?post=212722"},{"taxonomy":"post_tag","embeddable":true,"href":"https:\/\/www.eldiario.net\/portal\/wp-json\/wp\/v2\/tags?post=212722"}],"curies":[{"name":"wp","href":"https:\/\/api.w.org\/{rel}","templated":true}]}}