{"id":212716,"date":"2024-04-07T06:42:10","date_gmt":"2024-04-07T10:42:10","guid":{"rendered":"https:\/\/www.eldiario.net\/portal\/?p=212716"},"modified":"2024-04-07T06:42:10","modified_gmt":"2024-04-07T10:42:10","slug":"disponen-de-14-mil-manillas-de-seguridad-para-el-dia-del-peaton","status":"publish","type":"post","link":"https:\/\/www.eldiario.net\/portal\/2024\/04\/07\/disponen-de-14-mil-manillas-de-seguridad-para-el-dia-del-peaton\/","title":{"rendered":"Disponen de 14 mil manillas de  seguridad para el D\u00eda del Peat\u00f3n"},"content":{"rendered":"<p>Con el objetivo de reforzar la seguridad de los ni\u00f1os y evitar extrav\u00edos durante \u201cEl D\u00eda del Peat\u00f3n y Ciclista\u201d, que se realiza hoy en la ciudad de Cochabamba, la Defensor\u00eda de la Ni\u00f1ez y Adolescencia dispondr\u00e1 alrededor de 14 mil manillas de seguridad.<br \/>\n\u201cLa entrega se realizar\u00e1 en la Plaza de las Banderas, Plaza Col\u00f3n y en la avenida Ballivi\u00e1n a la altura de Comteco. Se busca que sea un d\u00eda de esparcimiento familiar donde padres e hijos pasen un d\u00eda agradable\u201d, indic\u00f3 el jefe de la Defensor\u00eda de la Ni\u00f1ez y Adolescencia, Fernando Meneses.<br \/>\nLa autoridad manifest\u00f3 que las manillas tendr\u00e1n un c\u00f3digo QR, el cual direcciona a todos los puntos de atenci\u00f3n. Asimismo, inform\u00f3 que se contar\u00e1 con equipos habilitados las 24 horas del d\u00eda para atender cualquier eventualidad, para ello la poblaci\u00f3n puede contactarse al n\u00famero gratuito 800-140206.<br \/>\nMeneses reiter\u00f3 que tambi\u00e9n se organizar\u00e1n una serie de actividades de entretenimiento y juegos did\u00e1cticos enfocados en la uni\u00f3n familiar. Asimismo, brind\u00f3 recomendaciones a los padres de familia para vivir una jornada tranquila.<br \/>\n\u201cSe debe tener el cuidado correspondiente con los m\u00e1s peque\u00f1itos, debido a que siempre hay situaciones de riesgo por m\u00e1s que no hayan veh\u00edculos, no debemos mandar solos a nuestros ni\u00f1os por las calles\u201d, agreg\u00f3.<br \/>\nGUARDIA MUNICIPAL<br \/>\nLa Direcci\u00f3n de la Intendencia Municipal desplazar\u00e1 todo su personal, con el objetivo de que las calles no sean tomadas por los comerciantes, adem\u00e1s verificar\u00e1n que los alimentos que sean comercializados cuenten con las condiciones de salubridad correctas.<br \/>\n\u201cNosotros no vamos a permitir que la gente que salga a disfrutar del peat\u00f3n y la bicicleta sean atropellados en las v\u00edas, las mismas deben estar despejadas\u201d, se\u00f1al\u00f3 el director de la Intendencia, Enrique Navia.<br \/>\nEl intendente se\u00f1al\u00f3 que v\u00edas estructurantes como ser las avenidas: Libertador Bol\u00edvar, San Mart\u00edn y Am\u00e9rica no deben estar con carros a media calle, es decir todos estos comerciantes pueden asentarse en calles adyacentes.<br \/>\nLos controles iniciar\u00e1n a las 07:00 hasta las 19:00 horas en un solo grupo, pero en distintos sectores de la ciudad. Asimismo, indic\u00f3 que el consumo de bebidas alcoh\u00f3licas est\u00e1 prohibido desde las cero horas del domingo hasta las 24:00 horas del mismo d\u00eda.<br \/>\nLa Empresa Municipal de Servicio y Aseo (EMSA) realizar\u00e1 un trabajo de limpieza y desinfecci\u00f3n antes, durante y despu\u00e9s de la jornada.<br \/>\nLa jefe del Departamento de Residuos S\u00f3lidos, Ericka Alba Gamboa explic\u00f3 que para el trabajo de limpieza se desplegar\u00e1 50 personas, cuatro cuadrillas que estar\u00e1n levantando la basura principalmente de los lugares que tengan una mayor concentraci\u00f3n de personas y despu\u00e9s de esta jornada se dispondr\u00e1 de otras 50 trabajadores que terminar\u00e1n con la limpieza en los parques, plazas y v\u00eda p\u00fablica.<br \/>\n\u201cLas actividades principales se enfocan principalmente en el sector de El Prado, plaza de las Banderas y la plaza Col\u00f3n en esos puntos contin\u00faan los trillizos para que la poblaci\u00f3n pueda botar su basura pero de manera diferenciada\u201d, recomend\u00f3 Alba.<br \/>\nAhora para el recojo de esos residuos de manera diferenciada se est\u00e1 disponiendo de los triciclistas.<br \/>\n\u201cMediante la Brigada de Control de Aseo se exigir\u00e1 el cumplimiento a las comerciantes que coloquen sus basureros diferenciados, lo que facilitar\u00e1 a la poblaci\u00f3n realizar la separaci\u00f3n de sus residuos\u201d, dijo la funcionaria de EMSA.<br \/>\nA\u00f1adi\u00f3 que por el \u201cD\u00eda del Peat\u00f3n\u201d se genera 30 toneladas m\u00e1s de basura en comparaci\u00f3n a los domingos cotidianos.<br \/>\nDESINFECCI\u00d3N<br \/>\nAnte la proliferaci\u00f3n de los mosquitos y rebrote del covid-19, la Brigada de Aseo realizar\u00e1 la desinfecci\u00f3n en los lugares con mayor aglomeraci\u00f3n de personas.<br \/>\n\u201cNuestro trabajo empezar\u00e1 a las 06:00 de la ma\u00f1ana y se extender\u00e1 hasta despu\u00e9s de la jornada del D\u00eda del Peat\u00f3n y el Ciclista\u201d, se\u00f1al\u00f3 Rocha.<br \/>\nLa desinfecci\u00f3n se realizar\u00e1 en el sector de El Prado, Cala Cala, las avenidad Beijing, 6 de Agosto, Petrolera y otras v\u00edas. Los productos que se usar\u00e1n para la desinfecci\u00f3n de los mosquitos son insecticida y nano cobre para el covid-19. Para la desinfecci\u00f3n se dispondr\u00e1 24 brigadistas, a\u00f1adi\u00f3 Rocha.<br \/>\nAUTORIZACIONES<br \/>\nLa Direcci\u00f3n de Movilidad Urbana inform\u00f3 que se entreg\u00f3 187 permisos de circulaci\u00f3n para la primera jornada del d\u00eda del peat\u00f3n y ciclista; menos de lo que se ten\u00eda previsto, indic\u00f3 su titular Hever Rojas.<br \/>\nEl director indic\u00f3 que la poblaci\u00f3n va tomando conciencia en relaci\u00f3n a la importancia de cuidar el medio ambiente, evitando la circulaci\u00f3n.<br \/>\nRecomend\u00f3 a quienes obtuvieron el permiso de circulaci\u00f3n, considerar a los peatones y ciclistas, y no sobrepasar una velocidad mayor a los 30 km\/h y 10km\/h en lugares donde hay mayor concurrencia de personas.<br \/>\nLa mayor parte de solicitantes pertenecen a empresas que se dedican a la producci\u00f3n, servicios b\u00e1sicos y telecomunicaciones. Sesenta solicitudes fueron rechazadas porque no cumplen con los requisitos exigidos. (Cochabamba, agencias)<\/p>\n<p>&nbsp;<\/p>\n","protected":false},"excerpt":{"rendered":"<p>Con el objetivo de reforzar la seguridad de los ni\u00f1os y evitar extrav\u00edos durante \u201cEl D\u00eda del Peat\u00f3n y Ciclista\u201d, que se realiza hoy en la ciudad de Cochabamba, la Defensor\u00eda de la Ni\u00f1ez y Adolescencia dispondr\u00e1 alrededor de 14 mil manillas de seguridad. \u201cLa entrega se realizar\u00e1 en la Plaza de las Banderas, Plaza [&hellip;]<\/p>\n","protected":false},"author":1,"featured_media":212717,"comment_status":"open","ping_status":"open","sticky":false,"template":"","format":"standard","meta":{"_acf_changed":false,"footnotes":""},"categories":[12],"tags":[],"class_list":["post-212716","post","type-post","status-publish","format-standard","has-post-thumbnail","category-nacional"],"acf":{"antetitulo":"Cochabamba"},"yoast_head":"<!-- This site is optimized with the Yoast SEO plugin v28.4 - https:\/\/yoast.com\/product\/yoast-seo-wordpress\/ -->\n<title>Disponen de 14 mil manillas de seguridad para el D\u00eda del Peat\u00f3n - El Diario - Bolivia<\/title>\n<meta name=\"robots\" content=\"index, follow, max-snippet:-1, max-image-preview:large, max-video-preview:-1\" \/>\n<link rel=\"canonical\" href=\"https:\/\/www.eldiario.net\/portal\/2024\/04\/07\/disponen-de-14-mil-manillas-de-seguridad-para-el-dia-del-peaton\/\" \/>\n<meta property=\"og:locale\" content=\"es_ES\" \/>\n<meta property=\"og:type\" content=\"article\" \/>\n<meta property=\"og:title\" content=\"Disponen de 14 mil manillas de seguridad para el D\u00eda del Peat\u00f3n - El Diario - Bolivia\" \/>\n<meta property=\"og:description\" content=\"Con el objetivo de reforzar la seguridad de los ni\u00f1os y evitar extrav\u00edos durante \u201cEl D\u00eda del Peat\u00f3n y Ciclista\u201d, que se realiza hoy en la ciudad de Cochabamba, la Defensor\u00eda de la Ni\u00f1ez y Adolescencia dispondr\u00e1 alrededor de 14 mil manillas de seguridad. \u201cLa entrega se realizar\u00e1 en la Plaza de las Banderas, Plaza [&hellip;]\" \/>\n<meta property=\"og:url\" content=\"https:\/\/www.eldiario.net\/portal\/2024\/04\/07\/disponen-de-14-mil-manillas-de-seguridad-para-el-dia-del-peaton\/\" \/>\n<meta property=\"og:site_name\" content=\"El Diario - Bolivia\" \/>\n<meta property=\"article:publisher\" content=\"https:\/\/www.facebook.com\/eldiario.bolivia\/\" \/>\n<meta property=\"article:published_time\" content=\"2024-04-07T10:42:10+00:00\" \/>\n<meta property=\"og:image\" content=\"https:\/\/www.eldiario.net\/portal\/wp-content\/uploads\/2024\/04\/52-NAL.jpg\" \/>\n\t<meta property=\"og:image:width\" content=\"770\" \/>\n\t<meta property=\"og:image:height\" content=\"430\" \/>\n\t<meta property=\"og:image:type\" content=\"image\/jpeg\" \/>\n<meta name=\"author\" content=\"Jeanette\" \/>\n<meta name=\"twitter:card\" content=\"summary_large_image\" \/>\n<meta name=\"twitter:creator\" content=\"@eldiario_net\" \/>\n<meta name=\"twitter:site\" content=\"@eldiario_net\" \/>\n<meta name=\"twitter:label1\" content=\"Escrito por\" \/>\n\t<meta name=\"twitter:data1\" content=\"Jeanette\" \/>\n\t<meta name=\"twitter:label2\" content=\"Tiempo de lectura\" \/>\n\t<meta name=\"twitter:data2\" content=\"4 minutos\" \/>\n<script type=\"application\/ld+json\" class=\"yoast-schema-graph\">{\"@context\":\"https:\\\/\\\/schema.org\",\"@graph\":[{\"@type\":\"Article\",\"@id\":\"https:\\\/\\\/www.eldiario.net\\\/portal\\\/2024\\\/04\\\/07\\\/disponen-de-14-mil-manillas-de-seguridad-para-el-dia-del-peaton\\\/#article\",\"isPartOf\":{\"@id\":\"https:\\\/\\\/www.eldiario.net\\\/portal\\\/2024\\\/04\\\/07\\\/disponen-de-14-mil-manillas-de-seguridad-para-el-dia-del-peaton\\\/\"},\"author\":{\"name\":\"Jeanette\",\"@id\":\"https:\\\/\\\/www.eldiario.net\\\/portal\\\/#\\\/schema\\\/person\\\/2c57cf2b7a7ae032e449e4c9b1019eac\"},\"headline\":\"Disponen de 14 mil manillas de seguridad para el D\u00eda del Peat\u00f3n\",\"datePublished\":\"2024-04-07T10:42:10+00:00\",\"mainEntityOfPage\":{\"@id\":\"https:\\\/\\\/www.eldiario.net\\\/portal\\\/2024\\\/04\\\/07\\\/disponen-de-14-mil-manillas-de-seguridad-para-el-dia-del-peaton\\\/\"},\"wordCount\":873,\"commentCount\":0,\"publisher\":{\"@id\":\"https:\\\/\\\/www.eldiario.net\\\/portal\\\/#organization\"},\"image\":{\"@id\":\"https:\\\/\\\/www.eldiario.net\\\/portal\\\/2024\\\/04\\\/07\\\/disponen-de-14-mil-manillas-de-seguridad-para-el-dia-del-peaton\\\/#primaryimage\"},\"thumbnailUrl\":\"https:\\\/\\\/www.eldiario.net\\\/portal\\\/wp-content\\\/uploads\\\/2024\\\/04\\\/52-NAL.jpg\",\"articleSection\":[\"Nacional\"],\"inLanguage\":\"es\",\"potentialAction\":[{\"@type\":\"CommentAction\",\"name\":\"Comment\",\"target\":[\"https:\\\/\\\/www.eldiario.net\\\/portal\\\/2024\\\/04\\\/07\\\/disponen-de-14-mil-manillas-de-seguridad-para-el-dia-del-peaton\\\/#respond\"]}]},{\"@type\":\"WebPage\",\"@id\":\"https:\\\/\\\/www.eldiario.net\\\/portal\\\/2024\\\/04\\\/07\\\/disponen-de-14-mil-manillas-de-seguridad-para-el-dia-del-peaton\\\/\",\"url\":\"https:\\\/\\\/www.eldiario.net\\\/portal\\\/2024\\\/04\\\/07\\\/disponen-de-14-mil-manillas-de-seguridad-para-el-dia-del-peaton\\\/\",\"name\":\"Disponen de 14 mil manillas de seguridad para el D\u00eda del Peat\u00f3n - El Diario - Bolivia\",\"isPartOf\":{\"@id\":\"https:\\\/\\\/www.eldiario.net\\\/portal\\\/#website\"},\"primaryImageOfPage\":{\"@id\":\"https:\\\/\\\/www.eldiario.net\\\/portal\\\/2024\\\/04\\\/07\\\/disponen-de-14-mil-manillas-de-seguridad-para-el-dia-del-peaton\\\/#primaryimage\"},\"image\":{\"@id\":\"https:\\\/\\\/www.eldiario.net\\\/portal\\\/2024\\\/04\\\/07\\\/disponen-de-14-mil-manillas-de-seguridad-para-el-dia-del-peaton\\\/#primaryimage\"},\"thumbnailUrl\":\"https:\\\/\\\/www.eldiario.net\\\/portal\\\/wp-content\\\/uploads\\\/2024\\\/04\\\/52-NAL.jpg\",\"datePublished\":\"2024-04-07T10:42:10+00:00\",\"breadcrumb\":{\"@id\":\"https:\\\/\\\/www.eldiario.net\\\/portal\\\/2024\\\/04\\\/07\\\/disponen-de-14-mil-manillas-de-seguridad-para-el-dia-del-peaton\\\/#breadcrumb\"},\"inLanguage\":\"es\",\"potentialAction\":[{\"@type\":\"ReadAction\",\"target\":[\"https:\\\/\\\/www.eldiario.net\\\/portal\\\/2024\\\/04\\\/07\\\/disponen-de-14-mil-manillas-de-seguridad-para-el-dia-del-peaton\\\/\"]}]},{\"@type\":\"ImageObject\",\"inLanguage\":\"es\",\"@id\":\"https:\\\/\\\/www.eldiario.net\\\/portal\\\/2024\\\/04\\\/07\\\/disponen-de-14-mil-manillas-de-seguridad-para-el-dia-del-peaton\\\/#primaryimage\",\"url\":\"https:\\\/\\\/www.eldiario.net\\\/portal\\\/wp-content\\\/uploads\\\/2024\\\/04\\\/52-NAL.jpg\",\"contentUrl\":\"https:\\\/\\\/www.eldiario.net\\\/portal\\\/wp-content\\\/uploads\\\/2024\\\/04\\\/52-NAL.jpg\",\"width\":770,\"height\":430,\"caption\":\"Cochabamba vivir\u00e1 hoy su primer D\u00eda del Peat\u00f3n de este a\u00f1o.\"},{\"@type\":\"BreadcrumbList\",\"@id\":\"https:\\\/\\\/www.eldiario.net\\\/portal\\\/2024\\\/04\\\/07\\\/disponen-de-14-mil-manillas-de-seguridad-para-el-dia-del-peaton\\\/#breadcrumb\",\"itemListElement\":[{\"@type\":\"ListItem\",\"position\":1,\"name\":\"Portada\",\"item\":\"https:\\\/\\\/www.eldiario.net\\\/portal\\\/\"},{\"@type\":\"ListItem\",\"position\":2,\"name\":\"Disponen de 14 mil manillas de seguridad para el D\u00eda del Peat\u00f3n\"}]},{\"@type\":\"WebSite\",\"@id\":\"https:\\\/\\\/www.eldiario.net\\\/portal\\\/#website\",\"url\":\"https:\\\/\\\/www.eldiario.net\\\/portal\\\/\",\"name\":\"El Diario - Decano de la prensa nacional\",\"description\":\"El Diario - Decano de la prensa nacional\",\"publisher\":{\"@id\":\"https:\\\/\\\/www.eldiario.net\\\/portal\\\/#organization\"},\"potentialAction\":[{\"@type\":\"SearchAction\",\"target\":{\"@type\":\"EntryPoint\",\"urlTemplate\":\"https:\\\/\\\/www.eldiario.net\\\/portal\\\/?s={search_term_string}\"},\"query-input\":{\"@type\":\"PropertyValueSpecification\",\"valueRequired\":true,\"valueName\":\"search_term_string\"}}],\"inLanguage\":\"es\"},{\"@type\":\"Organization\",\"@id\":\"https:\\\/\\\/www.eldiario.net\\\/portal\\\/#organization\",\"name\":\"El Diario - Decano de la prensa nacional\",\"url\":\"https:\\\/\\\/www.eldiario.net\\\/portal\\\/\",\"logo\":{\"@type\":\"ImageObject\",\"inLanguage\":\"es\",\"@id\":\"https:\\\/\\\/www.eldiario.net\\\/portal\\\/#\\\/schema\\\/logo\\\/image\\\/\",\"url\":\"https:\\\/\\\/www.eldiario.net\\\/portal\\\/wp-content\\\/uploads\\\/2023\\\/07\\\/logo_ED.jpg\",\"contentUrl\":\"https:\\\/\\\/www.eldiario.net\\\/portal\\\/wp-content\\\/uploads\\\/2023\\\/07\\\/logo_ED.jpg\",\"width\":272,\"height\":52,\"caption\":\"El Diario - Decano de la prensa nacional\"},\"image\":{\"@id\":\"https:\\\/\\\/www.eldiario.net\\\/portal\\\/#\\\/schema\\\/logo\\\/image\\\/\"},\"sameAs\":[\"https:\\\/\\\/www.facebook.com\\\/eldiario.bolivia\\\/\",\"https:\\\/\\\/x.com\\\/eldiario_net\"]},{\"@type\":\"Person\",\"@id\":\"https:\\\/\\\/www.eldiario.net\\\/portal\\\/#\\\/schema\\\/person\\\/2c57cf2b7a7ae032e449e4c9b1019eac\",\"name\":\"Jeanette\",\"image\":{\"@type\":\"ImageObject\",\"inLanguage\":\"es\",\"@id\":\"https:\\\/\\\/secure.gravatar.com\\\/avatar\\\/3ea2118a5f7dad2b7138b1187a6b7ee55f160b9968b66013c3a3ef39dd7e5798?s=96&d=mm&r=g\",\"url\":\"https:\\\/\\\/secure.gravatar.com\\\/avatar\\\/3ea2118a5f7dad2b7138b1187a6b7ee55f160b9968b66013c3a3ef39dd7e5798?s=96&d=mm&r=g\",\"contentUrl\":\"https:\\\/\\\/secure.gravatar.com\\\/avatar\\\/3ea2118a5f7dad2b7138b1187a6b7ee55f160b9968b66013c3a3ef39dd7e5798?s=96&d=mm&r=g\",\"caption\":\"Jeanette\"},\"sameAs\":[\"https:\\\/\\\/www.eldiario.net\\\/portal\"],\"url\":\"https:\\\/\\\/www.eldiario.net\\\/portal\\\/author\\\/jeanette\\\/\"}]}<\/script>\n<!-- \/ Yoast SEO plugin. -->","yoast_head_json":{"title":"Disponen de 14 mil manillas de seguridad para el D\u00eda del Peat\u00f3n - El Diario - Bolivia","robots":{"index":"index","follow":"follow","max-snippet":"max-snippet:-1","max-image-preview":"max-image-preview:large","max-video-preview":"max-video-preview:-1"},"canonical":"https:\/\/www.eldiario.net\/portal\/2024\/04\/07\/disponen-de-14-mil-manillas-de-seguridad-para-el-dia-del-peaton\/","og_locale":"es_ES","og_type":"article","og_title":"Disponen de 14 mil manillas de seguridad para el D\u00eda del Peat\u00f3n - El Diario - Bolivia","og_description":"Con el objetivo de reforzar la seguridad de los ni\u00f1os y evitar extrav\u00edos durante \u201cEl D\u00eda del Peat\u00f3n y Ciclista\u201d, que se realiza hoy en la ciudad de Cochabamba, la Defensor\u00eda de la Ni\u00f1ez y Adolescencia dispondr\u00e1 alrededor de 14 mil manillas de seguridad. \u201cLa entrega se realizar\u00e1 en la Plaza de las Banderas, Plaza [&hellip;]","og_url":"https:\/\/www.eldiario.net\/portal\/2024\/04\/07\/disponen-de-14-mil-manillas-de-seguridad-para-el-dia-del-peaton\/","og_site_name":"El Diario - Bolivia","article_publisher":"https:\/\/www.facebook.com\/eldiario.bolivia\/","article_published_time":"2024-04-07T10:42:10+00:00","og_image":[{"width":770,"height":430,"url":"https:\/\/www.eldiario.net\/portal\/wp-content\/uploads\/2024\/04\/52-NAL.jpg","type":"image\/jpeg"}],"author":"Jeanette","twitter_card":"summary_large_image","twitter_creator":"@eldiario_net","twitter_site":"@eldiario_net","twitter_misc":{"Escrito por":"Jeanette","Tiempo de lectura":"4 minutos"},"schema":{"@context":"https:\/\/schema.org","@graph":[{"@type":"Article","@id":"https:\/\/www.eldiario.net\/portal\/2024\/04\/07\/disponen-de-14-mil-manillas-de-seguridad-para-el-dia-del-peaton\/#article","isPartOf":{"@id":"https:\/\/www.eldiario.net\/portal\/2024\/04\/07\/disponen-de-14-mil-manillas-de-seguridad-para-el-dia-del-peaton\/"},"author":{"name":"Jeanette","@id":"https:\/\/www.eldiario.net\/portal\/#\/schema\/person\/2c57cf2b7a7ae032e449e4c9b1019eac"},"headline":"Disponen de 14 mil manillas de seguridad para el D\u00eda del Peat\u00f3n","datePublished":"2024-04-07T10:42:10+00:00","mainEntityOfPage":{"@id":"https:\/\/www.eldiario.net\/portal\/2024\/04\/07\/disponen-de-14-mil-manillas-de-seguridad-para-el-dia-del-peaton\/"},"wordCount":873,"commentCount":0,"publisher":{"@id":"https:\/\/www.eldiario.net\/portal\/#organization"},"image":{"@id":"https:\/\/www.eldiario.net\/portal\/2024\/04\/07\/disponen-de-14-mil-manillas-de-seguridad-para-el-dia-del-peaton\/#primaryimage"},"thumbnailUrl":"https:\/\/www.eldiario.net\/portal\/wp-content\/uploads\/2024\/04\/52-NAL.jpg","articleSection":["Nacional"],"inLanguage":"es","potentialAction":[{"@type":"CommentAction","name":"Comment","target":["https:\/\/www.eldiario.net\/portal\/2024\/04\/07\/disponen-de-14-mil-manillas-de-seguridad-para-el-dia-del-peaton\/#respond"]}]},{"@type":"WebPage","@id":"https:\/\/www.eldiario.net\/portal\/2024\/04\/07\/disponen-de-14-mil-manillas-de-seguridad-para-el-dia-del-peaton\/","url":"https:\/\/www.eldiario.net\/portal\/2024\/04\/07\/disponen-de-14-mil-manillas-de-seguridad-para-el-dia-del-peaton\/","name":"Disponen de 14 mil manillas de seguridad para el D\u00eda del Peat\u00f3n - El Diario - Bolivia","isPartOf":{"@id":"https:\/\/www.eldiario.net\/portal\/#website"},"primaryImageOfPage":{"@id":"https:\/\/www.eldiario.net\/portal\/2024\/04\/07\/disponen-de-14-mil-manillas-de-seguridad-para-el-dia-del-peaton\/#primaryimage"},"image":{"@id":"https:\/\/www.eldiario.net\/portal\/2024\/04\/07\/disponen-de-14-mil-manillas-de-seguridad-para-el-dia-del-peaton\/#primaryimage"},"thumbnailUrl":"https:\/\/www.eldiario.net\/portal\/wp-content\/uploads\/2024\/04\/52-NAL.jpg","datePublished":"2024-04-07T10:42:10+00:00","breadcrumb":{"@id":"https:\/\/www.eldiario.net\/portal\/2024\/04\/07\/disponen-de-14-mil-manillas-de-seguridad-para-el-dia-del-peaton\/#breadcrumb"},"inLanguage":"es","potentialAction":[{"@type":"ReadAction","target":["https:\/\/www.eldiario.net\/portal\/2024\/04\/07\/disponen-de-14-mil-manillas-de-seguridad-para-el-dia-del-peaton\/"]}]},{"@type":"ImageObject","inLanguage":"es","@id":"https:\/\/www.eldiario.net\/portal\/2024\/04\/07\/disponen-de-14-mil-manillas-de-seguridad-para-el-dia-del-peaton\/#primaryimage","url":"https:\/\/www.eldiario.net\/portal\/wp-content\/uploads\/2024\/04\/52-NAL.jpg","contentUrl":"https:\/\/www.eldiario.net\/portal\/wp-content\/uploads\/2024\/04\/52-NAL.jpg","width":770,"height":430,"caption":"Cochabamba vivir\u00e1 hoy su primer D\u00eda del Peat\u00f3n de este a\u00f1o."},{"@type":"BreadcrumbList","@id":"https:\/\/www.eldiario.net\/portal\/2024\/04\/07\/disponen-de-14-mil-manillas-de-seguridad-para-el-dia-del-peaton\/#breadcrumb","itemListElement":[{"@type":"ListItem","position":1,"name":"Portada","item":"https:\/\/www.eldiario.net\/portal\/"},{"@type":"ListItem","position":2,"name":"Disponen de 14 mil manillas de seguridad para el D\u00eda del Peat\u00f3n"}]},{"@type":"WebSite","@id":"https:\/\/www.eldiario.net\/portal\/#website","url":"https:\/\/www.eldiario.net\/portal\/","name":"El Diario - Decano de la prensa nacional","description":"El Diario - Decano de la prensa nacional","publisher":{"@id":"https:\/\/www.eldiario.net\/portal\/#organization"},"potentialAction":[{"@type":"SearchAction","target":{"@type":"EntryPoint","urlTemplate":"https:\/\/www.eldiario.net\/portal\/?s={search_term_string}"},"query-input":{"@type":"PropertyValueSpecification","valueRequired":true,"valueName":"search_term_string"}}],"inLanguage":"es"},{"@type":"Organization","@id":"https:\/\/www.eldiario.net\/portal\/#organization","name":"El Diario - Decano de la prensa nacional","url":"https:\/\/www.eldiario.net\/portal\/","logo":{"@type":"ImageObject","inLanguage":"es","@id":"https:\/\/www.eldiario.net\/portal\/#\/schema\/logo\/image\/","url":"https:\/\/www.eldiario.net\/portal\/wp-content\/uploads\/2023\/07\/logo_ED.jpg","contentUrl":"https:\/\/www.eldiario.net\/portal\/wp-content\/uploads\/2023\/07\/logo_ED.jpg","width":272,"height":52,"caption":"El Diario - Decano de la prensa nacional"},"image":{"@id":"https:\/\/www.eldiario.net\/portal\/#\/schema\/logo\/image\/"},"sameAs":["https:\/\/www.facebook.com\/eldiario.bolivia\/","https:\/\/x.com\/eldiario_net"]},{"@type":"Person","@id":"https:\/\/www.eldiario.net\/portal\/#\/schema\/person\/2c57cf2b7a7ae032e449e4c9b1019eac","name":"Jeanette","image":{"@type":"ImageObject","inLanguage":"es","@id":"https:\/\/secure.gravatar.com\/avatar\/3ea2118a5f7dad2b7138b1187a6b7ee55f160b9968b66013c3a3ef39dd7e5798?s=96&d=mm&r=g","url":"https:\/\/secure.gravatar.com\/avatar\/3ea2118a5f7dad2b7138b1187a6b7ee55f160b9968b66013c3a3ef39dd7e5798?s=96&d=mm&r=g","contentUrl":"https:\/\/secure.gravatar.com\/avatar\/3ea2118a5f7dad2b7138b1187a6b7ee55f160b9968b66013c3a3ef39dd7e5798?s=96&d=mm&r=g","caption":"Jeanette"},"sameAs":["https:\/\/www.eldiario.net\/portal"],"url":"https:\/\/www.eldiario.net\/portal\/author\/jeanette\/"}]}},"_links":{"self":[{"href":"https:\/\/www.eldiario.net\/portal\/wp-json\/wp\/v2\/posts\/212716","targetHints":{"allow":["GET"]}}],"collection":[{"href":"https:\/\/www.eldiario.net\/portal\/wp-json\/wp\/v2\/posts"}],"about":[{"href":"https:\/\/www.eldiario.net\/portal\/wp-json\/wp\/v2\/types\/post"}],"author":[{"embeddable":true,"href":"https:\/\/www.eldiario.net\/portal\/wp-json\/wp\/v2\/users\/1"}],"replies":[{"embeddable":true,"href":"https:\/\/www.eldiario.net\/portal\/wp-json\/wp\/v2\/comments?post=212716"}],"version-history":[{"count":1,"href":"https:\/\/www.eldiario.net\/portal\/wp-json\/wp\/v2\/posts\/212716\/revisions"}],"predecessor-version":[{"id":212718,"href":"https:\/\/www.eldiario.net\/portal\/wp-json\/wp\/v2\/posts\/212716\/revisions\/212718"}],"wp:featuredmedia":[{"embeddable":true,"href":"https:\/\/www.eldiario.net\/portal\/wp-json\/wp\/v2\/media\/212717"}],"wp:attachment":[{"href":"https:\/\/www.eldiario.net\/portal\/wp-json\/wp\/v2\/media?parent=212716"}],"wp:term":[{"taxonomy":"category","embeddable":true,"href":"https:\/\/www.eldiario.net\/portal\/wp-json\/wp\/v2\/categories?post=212716"},{"taxonomy":"post_tag","embeddable":true,"href":"https:\/\/www.eldiario.net\/portal\/wp-json\/wp\/v2\/tags?post=212716"}],"curies":[{"name":"wp","href":"https:\/\/api.w.org\/{rel}","templated":true}]}}