{"id":212706,"date":"2024-04-07T06:39:01","date_gmt":"2024-04-07T10:39:01","guid":{"rendered":"https:\/\/www.eldiario.net\/portal\/?p=212706"},"modified":"2024-04-07T06:39:01","modified_gmt":"2024-04-07T10:39:01","slug":"disminuye-consumo-de-alcohol-y-tabaco-pero-drogas-ilegales-tienden-a-subir","status":"publish","type":"post","link":"https:\/\/www.eldiario.net\/portal\/2024\/04\/07\/disminuye-consumo-de-alcohol-y-tabaco-pero-drogas-ilegales-tienden-a-subir\/","title":{"rendered":"Disminuye consumo de alcohol y tabaco, pero drogas ilegales tienden a subir"},"content":{"rendered":"<p>El consumo de alcohol y tabaco en Bolivia ha disminuido respecto a a\u00f1os anteriores y el consumo de drogas il\u00edcitas (coca\u00edna y marihuana) muestra una relativa tendencia a subir, de acuerdo con el IV Estudio Nacional de Prevalencia y Caracter\u00edsticas del Consumo de Drogas en Hogares Bolivianos, presentado por el ministro de Gobierno, Eduardo Del Castillo.<br \/>\nEn 2007, el 76.4% de los bolivianos encuestados expres\u00f3 consumir bebidas alcoh\u00f3licas al menos una vez. En 2018, la cifra lleg\u00f3 al 62,7%. El a\u00f1o pasado, el porcentaje disminuy\u00f3 a 58.1%.<br \/>\nTarija es la ciudad con mayor incidencia de consumo de alcohol, un 73,9% sostuvo haber consumido alcohol en una ocasi\u00f3n. Por otro lado, un 54,4% indic\u00f3 haberlo hecho en el \u00faltimo a\u00f1o y el 31.2% en los \u00faltimos 30 d\u00edas. Le siguen las capitales de Cochabamba (64,4%) y Sucre (63,2%).<br \/>\nEl estudio, presentado por Del Castillo, se\u00f1ala que casi 36 de cada 100 personas empezaron a consumir alcohol desde 2023. Sin embargo, en los \u00faltimos 30 d\u00edas, alrededor de 17 personas por cada 100 consumieron esta sustancia por primera vez.<br \/>\nEn cuanto al consumo de tabaco, tambi\u00e9n se report\u00f3 una disminuci\u00f3n. En 2007, cinco de cada diez bolivianos consumi\u00f3 tabaco alguna vez en su vida. En 2023, la tasa se redujo a tres de cada diez.<br \/>\nEl 46.6% de los hombres encuestados expres\u00f3 haber consumido tabaco en alguna ocasi\u00f3n. La incidencia de fumar tabaco en mujeres result\u00f3 ser de dos entre cada diez.<br \/>\nEn cuanto a drogas del espectro farmacol\u00f3gico, se report\u00f3 un incremento del consumo de medicamentos psicoestimulantes mayormente por hombres y tranquilizantes por mujeres. Se encontr\u00f3 que seis de cada diez mujeres en Bolivia la probaron.<br \/>\nDROGAS IL\u00cdCITAS<br \/>\nRespecto a las drogas il\u00edcitas en Bolivia, el estudio sugiere una leve tendencia al incremento del consumo de la coca\u00edna y la marihuana, aunque el informe de Del Castillo muestra decrecimiento en los porcentajes totales.<br \/>\nRespecto a la hoja de cannabis (marihuana), el estudio se\u00f1ala que el 4% de bolivianos la consumieron en alguna ocasi\u00f3n, seg\u00fan el estudio de la cartera de Estado. En 2018, la cifra era 4,7%. Solo dos ciudades registraron una reducci\u00f3n en su consumo en el mismo per\u00edodo: Santa Cruz de la Sierra (de 9 a 2,6%) y El Alto (de 2,9 a 2,3%).<br \/>\nEn ocho ciudades, el consumo de esta hierba increment\u00f3 respecto a 2018: Tarija (de 3,8 a 9,1%), Trinidad (de 4,5 a 7,2%), Cobija (de 2,7 a 3,4%), La Paz (de 5,1 a 7,2%) y Oruro (de 0,8 a 2,9%). En menor medida, le siguen Cochabamba (de 2,3 a 3,6%), Potos\u00ed (de 5 a 5,1%) y Sucre (de 4,7 a 4,8%), que tambi\u00e9n reportaron crecimiento.<br \/>\nEn cuanto a la coca\u00edna, pr\u00e1cticamente una de cada 100 personas la prob\u00f3 al menos una vez. Respecto a datos del estudio en 2018, se report\u00f3 un crecimiento de consumo en siete de las nueve ciudades capitales (m\u00e1s El Alto), aunque el \u00edndice de consumo a nivel nacional disminuy\u00f3 de 1,4% en 2018 a 1% en 2023.<br \/>\nNuevamente, solo Santa Cruz de la Sierra (de 3,1 a 1%) y El Alto (de 1,2 0,3%) registraron un descenso en el consumo de esta sustancia desde el \u00faltimo estudio en 2018, seg\u00fan el informe.<br \/>\nLas ciudades que reportaron mayor crecimiento de consumo de coca\u00edna desde 2018 son: Tarija (de 0 al 1,8%), Cobija (de 0,4 al 1,8%) y Oruro (de 0,1 a 1,2%); seguidas por Trinidad (de 1,6 al 4%), La Paz (de 1 a 1,3%), Potos\u00ed (de 0,2 a 0,5%) y Cochabamba (de 0,7 a 0,8%).<\/p>\n","protected":false},"excerpt":{"rendered":"<p>El consumo de alcohol y tabaco en Bolivia ha disminuido respecto a a\u00f1os anteriores y el consumo de drogas il\u00edcitas (coca\u00edna y marihuana) muestra una relativa tendencia a subir, de acuerdo con el IV Estudio Nacional de Prevalencia y Caracter\u00edsticas del Consumo de Drogas en Hogares Bolivianos, presentado por el ministro de Gobierno, Eduardo Del [&hellip;]<\/p>\n","protected":false},"author":1,"featured_media":212707,"comment_status":"open","ping_status":"open","sticky":false,"template":"","format":"standard","meta":{"_acf_changed":false,"footnotes":""},"categories":[39],"tags":[],"class_list":["post-212706","post","type-post","status-publish","format-standard","has-post-thumbnail","category-sociedad"],"acf":{"antetitulo":"Seg\u00fan estudio del Gobierno"},"yoast_head":"<!-- This site is optimized with the Yoast SEO plugin v28.4 - https:\/\/yoast.com\/product\/yoast-seo-wordpress\/ -->\n<title>Disminuye consumo de alcohol y tabaco, pero drogas ilegales tienden a subir - El Diario - Bolivia<\/title>\n<meta name=\"robots\" content=\"index, follow, max-snippet:-1, max-image-preview:large, max-video-preview:-1\" \/>\n<link rel=\"canonical\" href=\"https:\/\/www.eldiario.net\/portal\/2024\/04\/07\/disminuye-consumo-de-alcohol-y-tabaco-pero-drogas-ilegales-tienden-a-subir\/\" \/>\n<meta property=\"og:locale\" content=\"es_ES\" \/>\n<meta property=\"og:type\" content=\"article\" \/>\n<meta property=\"og:title\" content=\"Disminuye consumo de alcohol y tabaco, pero drogas ilegales tienden a subir - El Diario - Bolivia\" \/>\n<meta property=\"og:description\" content=\"El consumo de alcohol y tabaco en Bolivia ha disminuido respecto a a\u00f1os anteriores y el consumo de drogas il\u00edcitas (coca\u00edna y marihuana) muestra una relativa tendencia a subir, de acuerdo con el IV Estudio Nacional de Prevalencia y Caracter\u00edsticas del Consumo de Drogas en Hogares Bolivianos, presentado por el ministro de Gobierno, Eduardo Del [&hellip;]\" \/>\n<meta property=\"og:url\" content=\"https:\/\/www.eldiario.net\/portal\/2024\/04\/07\/disminuye-consumo-de-alcohol-y-tabaco-pero-drogas-ilegales-tienden-a-subir\/\" \/>\n<meta property=\"og:site_name\" content=\"El Diario - Bolivia\" \/>\n<meta property=\"article:publisher\" content=\"https:\/\/www.facebook.com\/eldiario.bolivia\/\" \/>\n<meta property=\"article:published_time\" content=\"2024-04-07T10:39:01+00:00\" \/>\n<meta property=\"og:image\" content=\"https:\/\/www.eldiario.net\/portal\/wp-content\/uploads\/2024\/04\/07-CONSUMO-scaled.jpg\" \/>\n\t<meta property=\"og:image:width\" content=\"2560\" \/>\n\t<meta property=\"og:image:height\" content=\"1709\" \/>\n\t<meta property=\"og:image:type\" content=\"image\/jpeg\" \/>\n<meta name=\"author\" content=\"Jeanette\" \/>\n<meta name=\"twitter:card\" content=\"summary_large_image\" \/>\n<meta name=\"twitter:creator\" content=\"@eldiario_net\" \/>\n<meta name=\"twitter:site\" content=\"@eldiario_net\" \/>\n<meta name=\"twitter:label1\" content=\"Escrito por\" \/>\n\t<meta name=\"twitter:data1\" content=\"Jeanette\" \/>\n\t<meta name=\"twitter:label2\" content=\"Tiempo de lectura\" \/>\n\t<meta name=\"twitter:data2\" content=\"3 minutos\" \/>\n<script type=\"application\/ld+json\" class=\"yoast-schema-graph\">{\"@context\":\"https:\\\/\\\/schema.org\",\"@graph\":[{\"@type\":\"Article\",\"@id\":\"https:\\\/\\\/www.eldiario.net\\\/portal\\\/2024\\\/04\\\/07\\\/disminuye-consumo-de-alcohol-y-tabaco-pero-drogas-ilegales-tienden-a-subir\\\/#article\",\"isPartOf\":{\"@id\":\"https:\\\/\\\/www.eldiario.net\\\/portal\\\/2024\\\/04\\\/07\\\/disminuye-consumo-de-alcohol-y-tabaco-pero-drogas-ilegales-tienden-a-subir\\\/\"},\"author\":{\"name\":\"Jeanette\",\"@id\":\"https:\\\/\\\/www.eldiario.net\\\/portal\\\/#\\\/schema\\\/person\\\/2c57cf2b7a7ae032e449e4c9b1019eac\"},\"headline\":\"Disminuye consumo de alcohol y tabaco, pero drogas ilegales tienden a subir\",\"datePublished\":\"2024-04-07T10:39:01+00:00\",\"mainEntityOfPage\":{\"@id\":\"https:\\\/\\\/www.eldiario.net\\\/portal\\\/2024\\\/04\\\/07\\\/disminuye-consumo-de-alcohol-y-tabaco-pero-drogas-ilegales-tienden-a-subir\\\/\"},\"wordCount\":555,\"commentCount\":0,\"publisher\":{\"@id\":\"https:\\\/\\\/www.eldiario.net\\\/portal\\\/#organization\"},\"image\":{\"@id\":\"https:\\\/\\\/www.eldiario.net\\\/portal\\\/2024\\\/04\\\/07\\\/disminuye-consumo-de-alcohol-y-tabaco-pero-drogas-ilegales-tienden-a-subir\\\/#primaryimage\"},\"thumbnailUrl\":\"https:\\\/\\\/www.eldiario.net\\\/portal\\\/wp-content\\\/uploads\\\/2024\\\/04\\\/07-CONSUMO-scaled.jpg\",\"articleSection\":[\"Sociedad - Seguridad\"],\"inLanguage\":\"es\",\"potentialAction\":[{\"@type\":\"CommentAction\",\"name\":\"Comment\",\"target\":[\"https:\\\/\\\/www.eldiario.net\\\/portal\\\/2024\\\/04\\\/07\\\/disminuye-consumo-de-alcohol-y-tabaco-pero-drogas-ilegales-tienden-a-subir\\\/#respond\"]}]},{\"@type\":\"WebPage\",\"@id\":\"https:\\\/\\\/www.eldiario.net\\\/portal\\\/2024\\\/04\\\/07\\\/disminuye-consumo-de-alcohol-y-tabaco-pero-drogas-ilegales-tienden-a-subir\\\/\",\"url\":\"https:\\\/\\\/www.eldiario.net\\\/portal\\\/2024\\\/04\\\/07\\\/disminuye-consumo-de-alcohol-y-tabaco-pero-drogas-ilegales-tienden-a-subir\\\/\",\"name\":\"Disminuye consumo de alcohol y tabaco, pero drogas ilegales tienden a subir - El Diario - Bolivia\",\"isPartOf\":{\"@id\":\"https:\\\/\\\/www.eldiario.net\\\/portal\\\/#website\"},\"primaryImageOfPage\":{\"@id\":\"https:\\\/\\\/www.eldiario.net\\\/portal\\\/2024\\\/04\\\/07\\\/disminuye-consumo-de-alcohol-y-tabaco-pero-drogas-ilegales-tienden-a-subir\\\/#primaryimage\"},\"image\":{\"@id\":\"https:\\\/\\\/www.eldiario.net\\\/portal\\\/2024\\\/04\\\/07\\\/disminuye-consumo-de-alcohol-y-tabaco-pero-drogas-ilegales-tienden-a-subir\\\/#primaryimage\"},\"thumbnailUrl\":\"https:\\\/\\\/www.eldiario.net\\\/portal\\\/wp-content\\\/uploads\\\/2024\\\/04\\\/07-CONSUMO-scaled.jpg\",\"datePublished\":\"2024-04-07T10:39:01+00:00\",\"breadcrumb\":{\"@id\":\"https:\\\/\\\/www.eldiario.net\\\/portal\\\/2024\\\/04\\\/07\\\/disminuye-consumo-de-alcohol-y-tabaco-pero-drogas-ilegales-tienden-a-subir\\\/#breadcrumb\"},\"inLanguage\":\"es\",\"potentialAction\":[{\"@type\":\"ReadAction\",\"target\":[\"https:\\\/\\\/www.eldiario.net\\\/portal\\\/2024\\\/04\\\/07\\\/disminuye-consumo-de-alcohol-y-tabaco-pero-drogas-ilegales-tienden-a-subir\\\/\"]}]},{\"@type\":\"ImageObject\",\"inLanguage\":\"es\",\"@id\":\"https:\\\/\\\/www.eldiario.net\\\/portal\\\/2024\\\/04\\\/07\\\/disminuye-consumo-de-alcohol-y-tabaco-pero-drogas-ilegales-tienden-a-subir\\\/#primaryimage\",\"url\":\"https:\\\/\\\/www.eldiario.net\\\/portal\\\/wp-content\\\/uploads\\\/2024\\\/04\\\/07-CONSUMO-scaled.jpg\",\"contentUrl\":\"https:\\\/\\\/www.eldiario.net\\\/portal\\\/wp-content\\\/uploads\\\/2024\\\/04\\\/07-CONSUMO-scaled.jpg\",\"width\":2560,\"height\":1709,\"caption\":\"El informe revel\u00f3 los datos m\u00e1s recientes sobre consumo de drogas legales e il\u00edcitas en los nueve departamentos del pa\u00eds.\"},{\"@type\":\"BreadcrumbList\",\"@id\":\"https:\\\/\\\/www.eldiario.net\\\/portal\\\/2024\\\/04\\\/07\\\/disminuye-consumo-de-alcohol-y-tabaco-pero-drogas-ilegales-tienden-a-subir\\\/#breadcrumb\",\"itemListElement\":[{\"@type\":\"ListItem\",\"position\":1,\"name\":\"Portada\",\"item\":\"https:\\\/\\\/www.eldiario.net\\\/portal\\\/\"},{\"@type\":\"ListItem\",\"position\":2,\"name\":\"Disminuye consumo de alcohol y tabaco, pero drogas ilegales tienden a subir\"}]},{\"@type\":\"WebSite\",\"@id\":\"https:\\\/\\\/www.eldiario.net\\\/portal\\\/#website\",\"url\":\"https:\\\/\\\/www.eldiario.net\\\/portal\\\/\",\"name\":\"El Diario - Decano de la prensa nacional\",\"description\":\"El Diario - Decano de la prensa nacional\",\"publisher\":{\"@id\":\"https:\\\/\\\/www.eldiario.net\\\/portal\\\/#organization\"},\"potentialAction\":[{\"@type\":\"SearchAction\",\"target\":{\"@type\":\"EntryPoint\",\"urlTemplate\":\"https:\\\/\\\/www.eldiario.net\\\/portal\\\/?s={search_term_string}\"},\"query-input\":{\"@type\":\"PropertyValueSpecification\",\"valueRequired\":true,\"valueName\":\"search_term_string\"}}],\"inLanguage\":\"es\"},{\"@type\":\"Organization\",\"@id\":\"https:\\\/\\\/www.eldiario.net\\\/portal\\\/#organization\",\"name\":\"El Diario - Decano de la prensa nacional\",\"url\":\"https:\\\/\\\/www.eldiario.net\\\/portal\\\/\",\"logo\":{\"@type\":\"ImageObject\",\"inLanguage\":\"es\",\"@id\":\"https:\\\/\\\/www.eldiario.net\\\/portal\\\/#\\\/schema\\\/logo\\\/image\\\/\",\"url\":\"https:\\\/\\\/www.eldiario.net\\\/portal\\\/wp-content\\\/uploads\\\/2023\\\/07\\\/logo_ED.jpg\",\"contentUrl\":\"https:\\\/\\\/www.eldiario.net\\\/portal\\\/wp-content\\\/uploads\\\/2023\\\/07\\\/logo_ED.jpg\",\"width\":272,\"height\":52,\"caption\":\"El Diario - Decano de la prensa nacional\"},\"image\":{\"@id\":\"https:\\\/\\\/www.eldiario.net\\\/portal\\\/#\\\/schema\\\/logo\\\/image\\\/\"},\"sameAs\":[\"https:\\\/\\\/www.facebook.com\\\/eldiario.bolivia\\\/\",\"https:\\\/\\\/x.com\\\/eldiario_net\"]},{\"@type\":\"Person\",\"@id\":\"https:\\\/\\\/www.eldiario.net\\\/portal\\\/#\\\/schema\\\/person\\\/2c57cf2b7a7ae032e449e4c9b1019eac\",\"name\":\"Jeanette\",\"image\":{\"@type\":\"ImageObject\",\"inLanguage\":\"es\",\"@id\":\"https:\\\/\\\/secure.gravatar.com\\\/avatar\\\/3ea2118a5f7dad2b7138b1187a6b7ee55f160b9968b66013c3a3ef39dd7e5798?s=96&d=mm&r=g\",\"url\":\"https:\\\/\\\/secure.gravatar.com\\\/avatar\\\/3ea2118a5f7dad2b7138b1187a6b7ee55f160b9968b66013c3a3ef39dd7e5798?s=96&d=mm&r=g\",\"contentUrl\":\"https:\\\/\\\/secure.gravatar.com\\\/avatar\\\/3ea2118a5f7dad2b7138b1187a6b7ee55f160b9968b66013c3a3ef39dd7e5798?s=96&d=mm&r=g\",\"caption\":\"Jeanette\"},\"sameAs\":[\"https:\\\/\\\/www.eldiario.net\\\/portal\"],\"url\":\"https:\\\/\\\/www.eldiario.net\\\/portal\\\/author\\\/jeanette\\\/\"}]}<\/script>\n<!-- \/ Yoast SEO plugin. -->","yoast_head_json":{"title":"Disminuye consumo de alcohol y tabaco, pero drogas ilegales tienden a subir - El Diario - Bolivia","robots":{"index":"index","follow":"follow","max-snippet":"max-snippet:-1","max-image-preview":"max-image-preview:large","max-video-preview":"max-video-preview:-1"},"canonical":"https:\/\/www.eldiario.net\/portal\/2024\/04\/07\/disminuye-consumo-de-alcohol-y-tabaco-pero-drogas-ilegales-tienden-a-subir\/","og_locale":"es_ES","og_type":"article","og_title":"Disminuye consumo de alcohol y tabaco, pero drogas ilegales tienden a subir - El Diario - Bolivia","og_description":"El consumo de alcohol y tabaco en Bolivia ha disminuido respecto a a\u00f1os anteriores y el consumo de drogas il\u00edcitas (coca\u00edna y marihuana) muestra una relativa tendencia a subir, de acuerdo con el IV Estudio Nacional de Prevalencia y Caracter\u00edsticas del Consumo de Drogas en Hogares Bolivianos, presentado por el ministro de Gobierno, Eduardo Del [&hellip;]","og_url":"https:\/\/www.eldiario.net\/portal\/2024\/04\/07\/disminuye-consumo-de-alcohol-y-tabaco-pero-drogas-ilegales-tienden-a-subir\/","og_site_name":"El Diario - Bolivia","article_publisher":"https:\/\/www.facebook.com\/eldiario.bolivia\/","article_published_time":"2024-04-07T10:39:01+00:00","og_image":[{"width":2560,"height":1709,"url":"https:\/\/www.eldiario.net\/portal\/wp-content\/uploads\/2024\/04\/07-CONSUMO-scaled.jpg","type":"image\/jpeg"}],"author":"Jeanette","twitter_card":"summary_large_image","twitter_creator":"@eldiario_net","twitter_site":"@eldiario_net","twitter_misc":{"Escrito por":"Jeanette","Tiempo de lectura":"3 minutos"},"schema":{"@context":"https:\/\/schema.org","@graph":[{"@type":"Article","@id":"https:\/\/www.eldiario.net\/portal\/2024\/04\/07\/disminuye-consumo-de-alcohol-y-tabaco-pero-drogas-ilegales-tienden-a-subir\/#article","isPartOf":{"@id":"https:\/\/www.eldiario.net\/portal\/2024\/04\/07\/disminuye-consumo-de-alcohol-y-tabaco-pero-drogas-ilegales-tienden-a-subir\/"},"author":{"name":"Jeanette","@id":"https:\/\/www.eldiario.net\/portal\/#\/schema\/person\/2c57cf2b7a7ae032e449e4c9b1019eac"},"headline":"Disminuye consumo de alcohol y tabaco, pero drogas ilegales tienden a subir","datePublished":"2024-04-07T10:39:01+00:00","mainEntityOfPage":{"@id":"https:\/\/www.eldiario.net\/portal\/2024\/04\/07\/disminuye-consumo-de-alcohol-y-tabaco-pero-drogas-ilegales-tienden-a-subir\/"},"wordCount":555,"commentCount":0,"publisher":{"@id":"https:\/\/www.eldiario.net\/portal\/#organization"},"image":{"@id":"https:\/\/www.eldiario.net\/portal\/2024\/04\/07\/disminuye-consumo-de-alcohol-y-tabaco-pero-drogas-ilegales-tienden-a-subir\/#primaryimage"},"thumbnailUrl":"https:\/\/www.eldiario.net\/portal\/wp-content\/uploads\/2024\/04\/07-CONSUMO-scaled.jpg","articleSection":["Sociedad - Seguridad"],"inLanguage":"es","potentialAction":[{"@type":"CommentAction","name":"Comment","target":["https:\/\/www.eldiario.net\/portal\/2024\/04\/07\/disminuye-consumo-de-alcohol-y-tabaco-pero-drogas-ilegales-tienden-a-subir\/#respond"]}]},{"@type":"WebPage","@id":"https:\/\/www.eldiario.net\/portal\/2024\/04\/07\/disminuye-consumo-de-alcohol-y-tabaco-pero-drogas-ilegales-tienden-a-subir\/","url":"https:\/\/www.eldiario.net\/portal\/2024\/04\/07\/disminuye-consumo-de-alcohol-y-tabaco-pero-drogas-ilegales-tienden-a-subir\/","name":"Disminuye consumo de alcohol y tabaco, pero drogas ilegales tienden a subir - El Diario - Bolivia","isPartOf":{"@id":"https:\/\/www.eldiario.net\/portal\/#website"},"primaryImageOfPage":{"@id":"https:\/\/www.eldiario.net\/portal\/2024\/04\/07\/disminuye-consumo-de-alcohol-y-tabaco-pero-drogas-ilegales-tienden-a-subir\/#primaryimage"},"image":{"@id":"https:\/\/www.eldiario.net\/portal\/2024\/04\/07\/disminuye-consumo-de-alcohol-y-tabaco-pero-drogas-ilegales-tienden-a-subir\/#primaryimage"},"thumbnailUrl":"https:\/\/www.eldiario.net\/portal\/wp-content\/uploads\/2024\/04\/07-CONSUMO-scaled.jpg","datePublished":"2024-04-07T10:39:01+00:00","breadcrumb":{"@id":"https:\/\/www.eldiario.net\/portal\/2024\/04\/07\/disminuye-consumo-de-alcohol-y-tabaco-pero-drogas-ilegales-tienden-a-subir\/#breadcrumb"},"inLanguage":"es","potentialAction":[{"@type":"ReadAction","target":["https:\/\/www.eldiario.net\/portal\/2024\/04\/07\/disminuye-consumo-de-alcohol-y-tabaco-pero-drogas-ilegales-tienden-a-subir\/"]}]},{"@type":"ImageObject","inLanguage":"es","@id":"https:\/\/www.eldiario.net\/portal\/2024\/04\/07\/disminuye-consumo-de-alcohol-y-tabaco-pero-drogas-ilegales-tienden-a-subir\/#primaryimage","url":"https:\/\/www.eldiario.net\/portal\/wp-content\/uploads\/2024\/04\/07-CONSUMO-scaled.jpg","contentUrl":"https:\/\/www.eldiario.net\/portal\/wp-content\/uploads\/2024\/04\/07-CONSUMO-scaled.jpg","width":2560,"height":1709,"caption":"El informe revel\u00f3 los datos m\u00e1s recientes sobre consumo de drogas legales e il\u00edcitas en los nueve departamentos del pa\u00eds."},{"@type":"BreadcrumbList","@id":"https:\/\/www.eldiario.net\/portal\/2024\/04\/07\/disminuye-consumo-de-alcohol-y-tabaco-pero-drogas-ilegales-tienden-a-subir\/#breadcrumb","itemListElement":[{"@type":"ListItem","position":1,"name":"Portada","item":"https:\/\/www.eldiario.net\/portal\/"},{"@type":"ListItem","position":2,"name":"Disminuye consumo de alcohol y tabaco, pero drogas ilegales tienden a subir"}]},{"@type":"WebSite","@id":"https:\/\/www.eldiario.net\/portal\/#website","url":"https:\/\/www.eldiario.net\/portal\/","name":"El Diario - Decano de la prensa nacional","description":"El Diario - Decano de la prensa nacional","publisher":{"@id":"https:\/\/www.eldiario.net\/portal\/#organization"},"potentialAction":[{"@type":"SearchAction","target":{"@type":"EntryPoint","urlTemplate":"https:\/\/www.eldiario.net\/portal\/?s={search_term_string}"},"query-input":{"@type":"PropertyValueSpecification","valueRequired":true,"valueName":"search_term_string"}}],"inLanguage":"es"},{"@type":"Organization","@id":"https:\/\/www.eldiario.net\/portal\/#organization","name":"El Diario - Decano de la prensa nacional","url":"https:\/\/www.eldiario.net\/portal\/","logo":{"@type":"ImageObject","inLanguage":"es","@id":"https:\/\/www.eldiario.net\/portal\/#\/schema\/logo\/image\/","url":"https:\/\/www.eldiario.net\/portal\/wp-content\/uploads\/2023\/07\/logo_ED.jpg","contentUrl":"https:\/\/www.eldiario.net\/portal\/wp-content\/uploads\/2023\/07\/logo_ED.jpg","width":272,"height":52,"caption":"El Diario - Decano de la prensa nacional"},"image":{"@id":"https:\/\/www.eldiario.net\/portal\/#\/schema\/logo\/image\/"},"sameAs":["https:\/\/www.facebook.com\/eldiario.bolivia\/","https:\/\/x.com\/eldiario_net"]},{"@type":"Person","@id":"https:\/\/www.eldiario.net\/portal\/#\/schema\/person\/2c57cf2b7a7ae032e449e4c9b1019eac","name":"Jeanette","image":{"@type":"ImageObject","inLanguage":"es","@id":"https:\/\/secure.gravatar.com\/avatar\/3ea2118a5f7dad2b7138b1187a6b7ee55f160b9968b66013c3a3ef39dd7e5798?s=96&d=mm&r=g","url":"https:\/\/secure.gravatar.com\/avatar\/3ea2118a5f7dad2b7138b1187a6b7ee55f160b9968b66013c3a3ef39dd7e5798?s=96&d=mm&r=g","contentUrl":"https:\/\/secure.gravatar.com\/avatar\/3ea2118a5f7dad2b7138b1187a6b7ee55f160b9968b66013c3a3ef39dd7e5798?s=96&d=mm&r=g","caption":"Jeanette"},"sameAs":["https:\/\/www.eldiario.net\/portal"],"url":"https:\/\/www.eldiario.net\/portal\/author\/jeanette\/"}]}},"_links":{"self":[{"href":"https:\/\/www.eldiario.net\/portal\/wp-json\/wp\/v2\/posts\/212706","targetHints":{"allow":["GET"]}}],"collection":[{"href":"https:\/\/www.eldiario.net\/portal\/wp-json\/wp\/v2\/posts"}],"about":[{"href":"https:\/\/www.eldiario.net\/portal\/wp-json\/wp\/v2\/types\/post"}],"author":[{"embeddable":true,"href":"https:\/\/www.eldiario.net\/portal\/wp-json\/wp\/v2\/users\/1"}],"replies":[{"embeddable":true,"href":"https:\/\/www.eldiario.net\/portal\/wp-json\/wp\/v2\/comments?post=212706"}],"version-history":[{"count":1,"href":"https:\/\/www.eldiario.net\/portal\/wp-json\/wp\/v2\/posts\/212706\/revisions"}],"predecessor-version":[{"id":212708,"href":"https:\/\/www.eldiario.net\/portal\/wp-json\/wp\/v2\/posts\/212706\/revisions\/212708"}],"wp:featuredmedia":[{"embeddable":true,"href":"https:\/\/www.eldiario.net\/portal\/wp-json\/wp\/v2\/media\/212707"}],"wp:attachment":[{"href":"https:\/\/www.eldiario.net\/portal\/wp-json\/wp\/v2\/media?parent=212706"}],"wp:term":[{"taxonomy":"category","embeddable":true,"href":"https:\/\/www.eldiario.net\/portal\/wp-json\/wp\/v2\/categories?post=212706"},{"taxonomy":"post_tag","embeddable":true,"href":"https:\/\/www.eldiario.net\/portal\/wp-json\/wp\/v2\/tags?post=212706"}],"curies":[{"name":"wp","href":"https:\/\/api.w.org\/{rel}","templated":true}]}}