{"id":212698,"date":"2024-04-07T06:36:39","date_gmt":"2024-04-07T10:36:39","guid":{"rendered":"https:\/\/www.eldiario.net\/portal\/?p=212698"},"modified":"2024-04-07T06:36:39","modified_gmt":"2024-04-07T10:36:39","slug":"desahucian-traslado-de-l-f-camacho-ofrecen-llevar-tribunal-a-chonchocoro","status":"publish","type":"post","link":"https:\/\/www.eldiario.net\/portal\/2024\/04\/07\/desahucian-traslado-de-l-f-camacho-ofrecen-llevar-tribunal-a-chonchocoro\/","title":{"rendered":"Desahucian traslado de L. F. Camacho, ofrecen llevar tribunal a Chonchocoro"},"content":{"rendered":"<p>El ministro de Gobierno, Eduardo Del Castillo, descart\u00f3 nuevamente un eventual traslado del exgobernador cruce\u00f1o, Luis Fernando Camacho, a la ciudad de Santa Cruz para el inicio del juicio por el caso \u201cDecretazo\u201d alegando que se acerca el inicio de su otro juicio por el denominado caso \u201cGolpe I\u201d; al respecto, el Gobierno plantea movilizar el tribunal cruce\u00f1o al penal de Chonchocoro en La Paz.<br \/>\nRespecto al caso \u201cDecretazo\u201d, Del Castillo expres\u00f3 que si el Tribunal Octavo de Sentencia de Santa Cruz desea efectuar la audiencia de manera presencial, \u201ctiene todas las garant\u00edas para trasladarse al centro penitenciario de Chonchocoro y llevar ah\u00ed la audiencia correspondiente\u201d.<br \/>\nPor ordenamiento judicial, una audiencia para el juicio de Camacho fue diferida para el jueves 11 de abril, en el que investiga una supuesta aprobaci\u00f3n irregular del Decreto Departamental 373 en 2022. Sin embargo, el ministro manifest\u00f3 a la prensa que este no es el \u00fanico proceso que el exc\u00edvico cruce\u00f1o tiene pendiente.<br \/>\nEn ese sentido, revel\u00f3 que en los \u00faltimos d\u00edas se habr\u00eda sorteado el juzgado para llevar adelante otro proceso que enfrenta Camacho, el denominado caso \u201cGolpe de Estado I\u201d. Del Castillo inform\u00f3 que el juicio correspondiente para este proceso va a efectuarse pr\u00f3ximamente en La Paz.<br \/>\n\u201cAl tener dos juicios en dos ciudades distintas (separadas entre s\u00ed) por casi 1.000 kil\u00f3metros lineales, podemos determinar, que no se puede trasladar todos los d\u00edas al se\u00f1or Luis Fernando Camacho de un centro penitenciario a otro\u201d, justific\u00f3 la autoridad.<br \/>\nPor su parte, la defensa del exgobernador cruce\u00f1o insisti\u00f3 que todas las partes fueron debidamente notificadas para asistir al juicio y consider\u00f3 que no existe \u201cning\u00fan impedimento jur\u00eddico\u201d que impida su traslado.<br \/>\nLa representaci\u00f3n legal del exc\u00edvico, a la cabeza del jurista, Mart\u00edn Camacho, inform\u00f3 recientemente que solo falta fijar la fecha del viaje, en coordinaci\u00f3n con la Polic\u00eda Nacional y R\u00e9gimen Penitenciario.<br \/>\nPor otra parte, el actual gobernador interino de Santa Cruz, Mario Aguilera, defendi\u00f3 la determinaci\u00f3n de la justicia que ordena el traslado de Camacho a la capital cruce\u00f1a para que asista a su juicio, argumentando que la exautoridad debe defenderse de manera presencial.<br \/>\nEn anteriores ocasiones, Del Castillo afirm\u00f3 que no exist\u00edan las condiciones para efectuar el traslado de Luis Fernando Camacho desde Chonchocoro hasta los tribunales de Santa Cruz de la Sierra. Argumentaban adem\u00e1s que su traslado a la capital cruce\u00f1a implicar\u00eda un riesgo de convulsi\u00f3n social en el pa\u00eds, debido a que los internos del penal cruce\u00f1o habr\u00edan manifestado su rechazo a la presencia de Camacho. (EL DIARIO y agencias)<\/p>\n","protected":false},"excerpt":{"rendered":"<p>El ministro de Gobierno, Eduardo Del Castillo, descart\u00f3 nuevamente un eventual traslado del exgobernador cruce\u00f1o, Luis Fernando Camacho, a la ciudad de Santa Cruz para el inicio del juicio por el caso \u201cDecretazo\u201d alegando que se acerca el inicio de su otro juicio por el denominado caso \u201cGolpe I\u201d; al respecto, el Gobierno plantea movilizar [&hellip;]<\/p>\n","protected":false},"author":1,"featured_media":194738,"comment_status":"open","ping_status":"open","sticky":false,"template":"","format":"standard","meta":{"_acf_changed":false,"footnotes":""},"categories":[39],"tags":[],"class_list":["post-212698","post","type-post","status-publish","format-standard","has-post-thumbnail","category-sociedad"],"acf":{"antetitulo":""},"yoast_head":"<!-- This site is optimized with the Yoast SEO plugin v28.3 - https:\/\/yoast.com\/product\/yoast-seo-wordpress\/ -->\n<title>Desahucian traslado de L. F. Camacho, ofrecen llevar tribunal a Chonchocoro - El Diario - Bolivia<\/title>\n<meta name=\"robots\" content=\"index, follow, max-snippet:-1, max-image-preview:large, max-video-preview:-1\" \/>\n<link rel=\"canonical\" href=\"https:\/\/www.eldiario.net\/portal\/2024\/04\/07\/desahucian-traslado-de-l-f-camacho-ofrecen-llevar-tribunal-a-chonchocoro\/\" \/>\n<meta property=\"og:locale\" content=\"es_ES\" \/>\n<meta property=\"og:type\" content=\"article\" \/>\n<meta property=\"og:title\" content=\"Desahucian traslado de L. F. Camacho, ofrecen llevar tribunal a Chonchocoro - El Diario - Bolivia\" \/>\n<meta property=\"og:description\" content=\"El ministro de Gobierno, Eduardo Del Castillo, descart\u00f3 nuevamente un eventual traslado del exgobernador cruce\u00f1o, Luis Fernando Camacho, a la ciudad de Santa Cruz para el inicio del juicio por el caso \u201cDecretazo\u201d alegando que se acerca el inicio de su otro juicio por el denominado caso \u201cGolpe I\u201d; al respecto, el Gobierno plantea movilizar [&hellip;]\" \/>\n<meta property=\"og:url\" content=\"https:\/\/www.eldiario.net\/portal\/2024\/04\/07\/desahucian-traslado-de-l-f-camacho-ofrecen-llevar-tribunal-a-chonchocoro\/\" \/>\n<meta property=\"og:site_name\" content=\"El Diario - Bolivia\" \/>\n<meta property=\"article:publisher\" content=\"https:\/\/www.facebook.com\/eldiario.bolivia\/\" \/>\n<meta property=\"article:published_time\" content=\"2024-04-07T10:36:39+00:00\" \/>\n<meta property=\"og:image\" content=\"https:\/\/www.eldiario.net\/portal\/wp-content\/uploads\/2023\/12\/Seguridad.jpg\" \/>\n\t<meta property=\"og:image:width\" content=\"800\" \/>\n\t<meta property=\"og:image:height\" content=\"500\" \/>\n\t<meta property=\"og:image:type\" content=\"image\/jpeg\" \/>\n<meta name=\"author\" content=\"Jeanette\" \/>\n<meta name=\"twitter:card\" content=\"summary_large_image\" \/>\n<meta name=\"twitter:creator\" content=\"@eldiario_net\" \/>\n<meta name=\"twitter:site\" content=\"@eldiario_net\" \/>\n<meta name=\"twitter:label1\" content=\"Escrito por\" \/>\n\t<meta name=\"twitter:data1\" content=\"Jeanette\" \/>\n\t<meta name=\"twitter:label2\" content=\"Tiempo de lectura\" \/>\n\t<meta name=\"twitter:data2\" content=\"3 minutos\" \/>\n<script type=\"application\/ld+json\" class=\"yoast-schema-graph\">{\"@context\":\"https:\\\/\\\/schema.org\",\"@graph\":[{\"@type\":\"Article\",\"@id\":\"https:\\\/\\\/www.eldiario.net\\\/portal\\\/2024\\\/04\\\/07\\\/desahucian-traslado-de-l-f-camacho-ofrecen-llevar-tribunal-a-chonchocoro\\\/#article\",\"isPartOf\":{\"@id\":\"https:\\\/\\\/www.eldiario.net\\\/portal\\\/2024\\\/04\\\/07\\\/desahucian-traslado-de-l-f-camacho-ofrecen-llevar-tribunal-a-chonchocoro\\\/\"},\"author\":{\"name\":\"Jeanette\",\"@id\":\"https:\\\/\\\/www.eldiario.net\\\/portal\\\/#\\\/schema\\\/person\\\/f46445640444750d7d753ccd04ae01b7\"},\"headline\":\"Desahucian traslado de L. F. Camacho, ofrecen llevar tribunal a Chonchocoro\",\"datePublished\":\"2024-04-07T10:36:39+00:00\",\"mainEntityOfPage\":{\"@id\":\"https:\\\/\\\/www.eldiario.net\\\/portal\\\/2024\\\/04\\\/07\\\/desahucian-traslado-de-l-f-camacho-ofrecen-llevar-tribunal-a-chonchocoro\\\/\"},\"wordCount\":458,\"commentCount\":0,\"publisher\":{\"@id\":\"https:\\\/\\\/www.eldiario.net\\\/portal\\\/#organization\"},\"image\":{\"@id\":\"https:\\\/\\\/www.eldiario.net\\\/portal\\\/2024\\\/04\\\/07\\\/desahucian-traslado-de-l-f-camacho-ofrecen-llevar-tribunal-a-chonchocoro\\\/#primaryimage\"},\"thumbnailUrl\":\"https:\\\/\\\/www.eldiario.net\\\/portal\\\/wp-content\\\/uploads\\\/2023\\\/12\\\/Seguridad.jpg\",\"articleSection\":[\"Sociedad - Seguridad\"],\"inLanguage\":\"es\",\"potentialAction\":[{\"@type\":\"CommentAction\",\"name\":\"Comment\",\"target\":[\"https:\\\/\\\/www.eldiario.net\\\/portal\\\/2024\\\/04\\\/07\\\/desahucian-traslado-de-l-f-camacho-ofrecen-llevar-tribunal-a-chonchocoro\\\/#respond\"]}]},{\"@type\":\"WebPage\",\"@id\":\"https:\\\/\\\/www.eldiario.net\\\/portal\\\/2024\\\/04\\\/07\\\/desahucian-traslado-de-l-f-camacho-ofrecen-llevar-tribunal-a-chonchocoro\\\/\",\"url\":\"https:\\\/\\\/www.eldiario.net\\\/portal\\\/2024\\\/04\\\/07\\\/desahucian-traslado-de-l-f-camacho-ofrecen-llevar-tribunal-a-chonchocoro\\\/\",\"name\":\"Desahucian traslado de L. F. Camacho, ofrecen llevar tribunal a Chonchocoro - El Diario - Bolivia\",\"isPartOf\":{\"@id\":\"https:\\\/\\\/www.eldiario.net\\\/portal\\\/#website\"},\"primaryImageOfPage\":{\"@id\":\"https:\\\/\\\/www.eldiario.net\\\/portal\\\/2024\\\/04\\\/07\\\/desahucian-traslado-de-l-f-camacho-ofrecen-llevar-tribunal-a-chonchocoro\\\/#primaryimage\"},\"image\":{\"@id\":\"https:\\\/\\\/www.eldiario.net\\\/portal\\\/2024\\\/04\\\/07\\\/desahucian-traslado-de-l-f-camacho-ofrecen-llevar-tribunal-a-chonchocoro\\\/#primaryimage\"},\"thumbnailUrl\":\"https:\\\/\\\/www.eldiario.net\\\/portal\\\/wp-content\\\/uploads\\\/2023\\\/12\\\/Seguridad.jpg\",\"datePublished\":\"2024-04-07T10:36:39+00:00\",\"breadcrumb\":{\"@id\":\"https:\\\/\\\/www.eldiario.net\\\/portal\\\/2024\\\/04\\\/07\\\/desahucian-traslado-de-l-f-camacho-ofrecen-llevar-tribunal-a-chonchocoro\\\/#breadcrumb\"},\"inLanguage\":\"es\",\"potentialAction\":[{\"@type\":\"ReadAction\",\"target\":[\"https:\\\/\\\/www.eldiario.net\\\/portal\\\/2024\\\/04\\\/07\\\/desahucian-traslado-de-l-f-camacho-ofrecen-llevar-tribunal-a-chonchocoro\\\/\"]}]},{\"@type\":\"ImageObject\",\"inLanguage\":\"es\",\"@id\":\"https:\\\/\\\/www.eldiario.net\\\/portal\\\/2024\\\/04\\\/07\\\/desahucian-traslado-de-l-f-camacho-ofrecen-llevar-tribunal-a-chonchocoro\\\/#primaryimage\",\"url\":\"https:\\\/\\\/www.eldiario.net\\\/portal\\\/wp-content\\\/uploads\\\/2023\\\/12\\\/Seguridad.jpg\",\"contentUrl\":\"https:\\\/\\\/www.eldiario.net\\\/portal\\\/wp-content\\\/uploads\\\/2023\\\/12\\\/Seguridad.jpg\",\"width\":800,\"height\":500},{\"@type\":\"BreadcrumbList\",\"@id\":\"https:\\\/\\\/www.eldiario.net\\\/portal\\\/2024\\\/04\\\/07\\\/desahucian-traslado-de-l-f-camacho-ofrecen-llevar-tribunal-a-chonchocoro\\\/#breadcrumb\",\"itemListElement\":[{\"@type\":\"ListItem\",\"position\":1,\"name\":\"Portada\",\"item\":\"https:\\\/\\\/www.eldiario.net\\\/portal\\\/\"},{\"@type\":\"ListItem\",\"position\":2,\"name\":\"Desahucian traslado de L. F. Camacho, ofrecen llevar tribunal a Chonchocoro\"}]},{\"@type\":\"WebSite\",\"@id\":\"https:\\\/\\\/www.eldiario.net\\\/portal\\\/#website\",\"url\":\"https:\\\/\\\/www.eldiario.net\\\/portal\\\/\",\"name\":\"El Diario - Decano de la prensa nacional\",\"description\":\"El Diario - Decano de la prensa nacional\",\"publisher\":{\"@id\":\"https:\\\/\\\/www.eldiario.net\\\/portal\\\/#organization\"},\"potentialAction\":[{\"@type\":\"SearchAction\",\"target\":{\"@type\":\"EntryPoint\",\"urlTemplate\":\"https:\\\/\\\/www.eldiario.net\\\/portal\\\/?s={search_term_string}\"},\"query-input\":{\"@type\":\"PropertyValueSpecification\",\"valueRequired\":true,\"valueName\":\"search_term_string\"}}],\"inLanguage\":\"es\"},{\"@type\":\"Organization\",\"@id\":\"https:\\\/\\\/www.eldiario.net\\\/portal\\\/#organization\",\"name\":\"El Diario - Decano de la prensa nacional\",\"url\":\"https:\\\/\\\/www.eldiario.net\\\/portal\\\/\",\"logo\":{\"@type\":\"ImageObject\",\"inLanguage\":\"es\",\"@id\":\"https:\\\/\\\/www.eldiario.net\\\/portal\\\/#\\\/schema\\\/logo\\\/image\\\/\",\"url\":\"https:\\\/\\\/www.eldiario.net\\\/portal\\\/wp-content\\\/uploads\\\/2023\\\/07\\\/logo_ED.jpg\",\"contentUrl\":\"https:\\\/\\\/www.eldiario.net\\\/portal\\\/wp-content\\\/uploads\\\/2023\\\/07\\\/logo_ED.jpg\",\"width\":272,\"height\":52,\"caption\":\"El Diario - Decano de la prensa nacional\"},\"image\":{\"@id\":\"https:\\\/\\\/www.eldiario.net\\\/portal\\\/#\\\/schema\\\/logo\\\/image\\\/\"},\"sameAs\":[\"https:\\\/\\\/www.facebook.com\\\/eldiario.bolivia\\\/\",\"https:\\\/\\\/x.com\\\/eldiario_net\"]},{\"@type\":\"Person\",\"@id\":\"https:\\\/\\\/www.eldiario.net\\\/portal\\\/#\\\/schema\\\/person\\\/f46445640444750d7d753ccd04ae01b7\",\"name\":\"Jeanette\",\"image\":{\"@type\":\"ImageObject\",\"inLanguage\":\"es\",\"@id\":\"https:\\\/\\\/secure.gravatar.com\\\/avatar\\\/3ea2118a5f7dad2b7138b1187a6b7ee55f160b9968b66013c3a3ef39dd7e5798?s=96&d=mm&r=g\",\"url\":\"https:\\\/\\\/secure.gravatar.com\\\/avatar\\\/3ea2118a5f7dad2b7138b1187a6b7ee55f160b9968b66013c3a3ef39dd7e5798?s=96&d=mm&r=g\",\"contentUrl\":\"https:\\\/\\\/secure.gravatar.com\\\/avatar\\\/3ea2118a5f7dad2b7138b1187a6b7ee55f160b9968b66013c3a3ef39dd7e5798?s=96&d=mm&r=g\",\"caption\":\"Jeanette\"},\"sameAs\":[\"https:\\\/\\\/www.eldiario.net\\\/portal\"],\"url\":\"https:\\\/\\\/www.eldiario.net\\\/portal\\\/author\\\/jeanette\\\/\"}]}<\/script>\n<!-- \/ Yoast SEO plugin. -->","yoast_head_json":{"title":"Desahucian traslado de L. F. Camacho, ofrecen llevar tribunal a Chonchocoro - El Diario - Bolivia","robots":{"index":"index","follow":"follow","max-snippet":"max-snippet:-1","max-image-preview":"max-image-preview:large","max-video-preview":"max-video-preview:-1"},"canonical":"https:\/\/www.eldiario.net\/portal\/2024\/04\/07\/desahucian-traslado-de-l-f-camacho-ofrecen-llevar-tribunal-a-chonchocoro\/","og_locale":"es_ES","og_type":"article","og_title":"Desahucian traslado de L. F. Camacho, ofrecen llevar tribunal a Chonchocoro - El Diario - Bolivia","og_description":"El ministro de Gobierno, Eduardo Del Castillo, descart\u00f3 nuevamente un eventual traslado del exgobernador cruce\u00f1o, Luis Fernando Camacho, a la ciudad de Santa Cruz para el inicio del juicio por el caso \u201cDecretazo\u201d alegando que se acerca el inicio de su otro juicio por el denominado caso \u201cGolpe I\u201d; al respecto, el Gobierno plantea movilizar [&hellip;]","og_url":"https:\/\/www.eldiario.net\/portal\/2024\/04\/07\/desahucian-traslado-de-l-f-camacho-ofrecen-llevar-tribunal-a-chonchocoro\/","og_site_name":"El Diario - Bolivia","article_publisher":"https:\/\/www.facebook.com\/eldiario.bolivia\/","article_published_time":"2024-04-07T10:36:39+00:00","og_image":[{"width":800,"height":500,"url":"https:\/\/www.eldiario.net\/portal\/wp-content\/uploads\/2023\/12\/Seguridad.jpg","type":"image\/jpeg"}],"author":"Jeanette","twitter_card":"summary_large_image","twitter_creator":"@eldiario_net","twitter_site":"@eldiario_net","twitter_misc":{"Escrito por":"Jeanette","Tiempo de lectura":"3 minutos"},"schema":{"@context":"https:\/\/schema.org","@graph":[{"@type":"Article","@id":"https:\/\/www.eldiario.net\/portal\/2024\/04\/07\/desahucian-traslado-de-l-f-camacho-ofrecen-llevar-tribunal-a-chonchocoro\/#article","isPartOf":{"@id":"https:\/\/www.eldiario.net\/portal\/2024\/04\/07\/desahucian-traslado-de-l-f-camacho-ofrecen-llevar-tribunal-a-chonchocoro\/"},"author":{"name":"Jeanette","@id":"https:\/\/www.eldiario.net\/portal\/#\/schema\/person\/f46445640444750d7d753ccd04ae01b7"},"headline":"Desahucian traslado de L. F. Camacho, ofrecen llevar tribunal a Chonchocoro","datePublished":"2024-04-07T10:36:39+00:00","mainEntityOfPage":{"@id":"https:\/\/www.eldiario.net\/portal\/2024\/04\/07\/desahucian-traslado-de-l-f-camacho-ofrecen-llevar-tribunal-a-chonchocoro\/"},"wordCount":458,"commentCount":0,"publisher":{"@id":"https:\/\/www.eldiario.net\/portal\/#organization"},"image":{"@id":"https:\/\/www.eldiario.net\/portal\/2024\/04\/07\/desahucian-traslado-de-l-f-camacho-ofrecen-llevar-tribunal-a-chonchocoro\/#primaryimage"},"thumbnailUrl":"https:\/\/www.eldiario.net\/portal\/wp-content\/uploads\/2023\/12\/Seguridad.jpg","articleSection":["Sociedad - Seguridad"],"inLanguage":"es","potentialAction":[{"@type":"CommentAction","name":"Comment","target":["https:\/\/www.eldiario.net\/portal\/2024\/04\/07\/desahucian-traslado-de-l-f-camacho-ofrecen-llevar-tribunal-a-chonchocoro\/#respond"]}]},{"@type":"WebPage","@id":"https:\/\/www.eldiario.net\/portal\/2024\/04\/07\/desahucian-traslado-de-l-f-camacho-ofrecen-llevar-tribunal-a-chonchocoro\/","url":"https:\/\/www.eldiario.net\/portal\/2024\/04\/07\/desahucian-traslado-de-l-f-camacho-ofrecen-llevar-tribunal-a-chonchocoro\/","name":"Desahucian traslado de L. F. Camacho, ofrecen llevar tribunal a Chonchocoro - El Diario - Bolivia","isPartOf":{"@id":"https:\/\/www.eldiario.net\/portal\/#website"},"primaryImageOfPage":{"@id":"https:\/\/www.eldiario.net\/portal\/2024\/04\/07\/desahucian-traslado-de-l-f-camacho-ofrecen-llevar-tribunal-a-chonchocoro\/#primaryimage"},"image":{"@id":"https:\/\/www.eldiario.net\/portal\/2024\/04\/07\/desahucian-traslado-de-l-f-camacho-ofrecen-llevar-tribunal-a-chonchocoro\/#primaryimage"},"thumbnailUrl":"https:\/\/www.eldiario.net\/portal\/wp-content\/uploads\/2023\/12\/Seguridad.jpg","datePublished":"2024-04-07T10:36:39+00:00","breadcrumb":{"@id":"https:\/\/www.eldiario.net\/portal\/2024\/04\/07\/desahucian-traslado-de-l-f-camacho-ofrecen-llevar-tribunal-a-chonchocoro\/#breadcrumb"},"inLanguage":"es","potentialAction":[{"@type":"ReadAction","target":["https:\/\/www.eldiario.net\/portal\/2024\/04\/07\/desahucian-traslado-de-l-f-camacho-ofrecen-llevar-tribunal-a-chonchocoro\/"]}]},{"@type":"ImageObject","inLanguage":"es","@id":"https:\/\/www.eldiario.net\/portal\/2024\/04\/07\/desahucian-traslado-de-l-f-camacho-ofrecen-llevar-tribunal-a-chonchocoro\/#primaryimage","url":"https:\/\/www.eldiario.net\/portal\/wp-content\/uploads\/2023\/12\/Seguridad.jpg","contentUrl":"https:\/\/www.eldiario.net\/portal\/wp-content\/uploads\/2023\/12\/Seguridad.jpg","width":800,"height":500},{"@type":"BreadcrumbList","@id":"https:\/\/www.eldiario.net\/portal\/2024\/04\/07\/desahucian-traslado-de-l-f-camacho-ofrecen-llevar-tribunal-a-chonchocoro\/#breadcrumb","itemListElement":[{"@type":"ListItem","position":1,"name":"Portada","item":"https:\/\/www.eldiario.net\/portal\/"},{"@type":"ListItem","position":2,"name":"Desahucian traslado de L. F. Camacho, ofrecen llevar tribunal a Chonchocoro"}]},{"@type":"WebSite","@id":"https:\/\/www.eldiario.net\/portal\/#website","url":"https:\/\/www.eldiario.net\/portal\/","name":"El Diario - Decano de la prensa nacional","description":"El Diario - Decano de la prensa nacional","publisher":{"@id":"https:\/\/www.eldiario.net\/portal\/#organization"},"potentialAction":[{"@type":"SearchAction","target":{"@type":"EntryPoint","urlTemplate":"https:\/\/www.eldiario.net\/portal\/?s={search_term_string}"},"query-input":{"@type":"PropertyValueSpecification","valueRequired":true,"valueName":"search_term_string"}}],"inLanguage":"es"},{"@type":"Organization","@id":"https:\/\/www.eldiario.net\/portal\/#organization","name":"El Diario - Decano de la prensa nacional","url":"https:\/\/www.eldiario.net\/portal\/","logo":{"@type":"ImageObject","inLanguage":"es","@id":"https:\/\/www.eldiario.net\/portal\/#\/schema\/logo\/image\/","url":"https:\/\/www.eldiario.net\/portal\/wp-content\/uploads\/2023\/07\/logo_ED.jpg","contentUrl":"https:\/\/www.eldiario.net\/portal\/wp-content\/uploads\/2023\/07\/logo_ED.jpg","width":272,"height":52,"caption":"El Diario - Decano de la prensa nacional"},"image":{"@id":"https:\/\/www.eldiario.net\/portal\/#\/schema\/logo\/image\/"},"sameAs":["https:\/\/www.facebook.com\/eldiario.bolivia\/","https:\/\/x.com\/eldiario_net"]},{"@type":"Person","@id":"https:\/\/www.eldiario.net\/portal\/#\/schema\/person\/f46445640444750d7d753ccd04ae01b7","name":"Jeanette","image":{"@type":"ImageObject","inLanguage":"es","@id":"https:\/\/secure.gravatar.com\/avatar\/3ea2118a5f7dad2b7138b1187a6b7ee55f160b9968b66013c3a3ef39dd7e5798?s=96&d=mm&r=g","url":"https:\/\/secure.gravatar.com\/avatar\/3ea2118a5f7dad2b7138b1187a6b7ee55f160b9968b66013c3a3ef39dd7e5798?s=96&d=mm&r=g","contentUrl":"https:\/\/secure.gravatar.com\/avatar\/3ea2118a5f7dad2b7138b1187a6b7ee55f160b9968b66013c3a3ef39dd7e5798?s=96&d=mm&r=g","caption":"Jeanette"},"sameAs":["https:\/\/www.eldiario.net\/portal"],"url":"https:\/\/www.eldiario.net\/portal\/author\/jeanette\/"}]}},"_links":{"self":[{"href":"https:\/\/www.eldiario.net\/portal\/wp-json\/wp\/v2\/posts\/212698","targetHints":{"allow":["GET"]}}],"collection":[{"href":"https:\/\/www.eldiario.net\/portal\/wp-json\/wp\/v2\/posts"}],"about":[{"href":"https:\/\/www.eldiario.net\/portal\/wp-json\/wp\/v2\/types\/post"}],"author":[{"embeddable":true,"href":"https:\/\/www.eldiario.net\/portal\/wp-json\/wp\/v2\/users\/1"}],"replies":[{"embeddable":true,"href":"https:\/\/www.eldiario.net\/portal\/wp-json\/wp\/v2\/comments?post=212698"}],"version-history":[{"count":1,"href":"https:\/\/www.eldiario.net\/portal\/wp-json\/wp\/v2\/posts\/212698\/revisions"}],"predecessor-version":[{"id":212699,"href":"https:\/\/www.eldiario.net\/portal\/wp-json\/wp\/v2\/posts\/212698\/revisions\/212699"}],"wp:featuredmedia":[{"embeddable":true,"href":"https:\/\/www.eldiario.net\/portal\/wp-json\/wp\/v2\/media\/194738"}],"wp:attachment":[{"href":"https:\/\/www.eldiario.net\/portal\/wp-json\/wp\/v2\/media?parent=212698"}],"wp:term":[{"taxonomy":"category","embeddable":true,"href":"https:\/\/www.eldiario.net\/portal\/wp-json\/wp\/v2\/categories?post=212698"},{"taxonomy":"post_tag","embeddable":true,"href":"https:\/\/www.eldiario.net\/portal\/wp-json\/wp\/v2\/tags?post=212698"}],"curies":[{"name":"wp","href":"https:\/\/api.w.org\/{rel}","templated":true}]}}