{"id":212686,"date":"2024-04-07T06:30:22","date_gmt":"2024-04-07T10:30:22","guid":{"rendered":"https:\/\/www.eldiario.net\/portal\/?p=212686"},"modified":"2024-04-07T06:30:22","modified_gmt":"2024-04-07T10:30:22","slug":"fortalecimiento-del-dolar-alarma-a-bancos-centrales","status":"publish","type":"post","link":"https:\/\/www.eldiario.net\/portal\/2024\/04\/07\/fortalecimiento-del-dolar-alarma-a-bancos-centrales\/","title":{"rendered":"Fortalecimiento del d\u00f3lar alarma a bancos centrales"},"content":{"rendered":"<p>El fortalecimiento del d\u00f3lar genera preocupaci\u00f3n en los bancos centrales, que deben asumir acciones para defender sus monedas locales; entretanto, en Bolivia no se tocar\u00e1 el tipo de cambio. Al respecto, el diario digital Bloomberg alerta que esta situaci\u00f3n puede afectar a pa\u00edses altamente endeudados, como es el caso de Bolivia.<br \/>\nSeg\u00fan analistas, el modelo econ\u00f3mico gubernamental apuesta a dejar al mercado para que la gente pueda adquirir los d\u00f3lares que requiera, debido a que las pol\u00edticas implementadas no dieron los resultados positivos, m\u00e1s todo lo contrario apunta a continuar con el gasto y a reducir las Reservas Internacionales del BCB, financiando a las empresas p\u00fablicas.<br \/>\nPor otro lado, los economistas expresaron que mover el tipo de cambio, en la actual coyuntura, no es recomendable, adem\u00e1s que no ser\u00eda una soluci\u00f3n al problema que enfrenta la econom\u00eda nacional, con la escasez del d\u00f3lar en el mercado local.<br \/>\nEl economista Dar\u00edo Monasterio alert\u00f3 que el Gobierno seguir\u00e1 con esa din\u00e1mica de vender oro, ya que no tiene otra alternativa, y record\u00f3 que lo hizo con las reservas de oro el a\u00f1o pasado.<br \/>\nEl presidente del Colegio de Economistas de Tarija, Fernando Romero, sostiene que el Gobierno no har\u00e1 nada de consideraci\u00f3n, para encarar el fortalecimiento del d\u00f3lar, ya que es parte de su modelo. \u201cNo tocar\u00e1 el tipo de cambio, ni menos la subvenci\u00f3n\u201d, acot\u00f3.<br \/>\nEntretanto, el economista Gonzalo Ch\u00e1vez, en reiteradas oportunidades en sus redes sociales sostuvo que el problema de la falta de d\u00f3lares es por el gasto del Gobierno, es decir gasta como en la \u00e9poca de la bonanza econ\u00f3mica, sin tomar en cuenta la reducci\u00f3n de los ingresos por la ca\u00edda de la producci\u00f3n de gas.<\/p>\n","protected":false},"excerpt":{"rendered":"<p>El fortalecimiento del d\u00f3lar genera preocupaci\u00f3n en los bancos centrales, que deben asumir acciones para defender sus monedas locales; entretanto, en Bolivia no se tocar\u00e1 el tipo de cambio. Al respecto, el diario digital Bloomberg alerta que esta situaci\u00f3n puede afectar a pa\u00edses altamente endeudados, como es el caso de Bolivia. Seg\u00fan analistas, el modelo [&hellip;]<\/p>\n","protected":false},"author":1,"featured_media":212687,"comment_status":"open","ping_status":"open","sticky":false,"template":"","format":"standard","meta":{"_acf_changed":false,"footnotes":""},"categories":[17],"tags":[],"class_list":["post-212686","post","type-post","status-publish","format-standard","has-post-thumbnail","category-principal"],"acf":{"antetitulo":"En Bolivia la pol\u00edtica es \u201cdejar pasar y dejar hacer\u201d"},"yoast_head":"<!-- This site is optimized with the Yoast SEO plugin v28.3 - https:\/\/yoast.com\/product\/yoast-seo-wordpress\/ -->\n<title>Fortalecimiento del d\u00f3lar alarma a bancos centrales - El Diario - Bolivia<\/title>\n<meta name=\"robots\" content=\"index, follow, max-snippet:-1, max-image-preview:large, max-video-preview:-1\" \/>\n<link rel=\"canonical\" href=\"https:\/\/www.eldiario.net\/portal\/2024\/04\/07\/fortalecimiento-del-dolar-alarma-a-bancos-centrales\/\" \/>\n<meta property=\"og:locale\" content=\"es_ES\" \/>\n<meta property=\"og:type\" content=\"article\" \/>\n<meta property=\"og:title\" content=\"Fortalecimiento del d\u00f3lar alarma a bancos centrales - El Diario - Bolivia\" \/>\n<meta property=\"og:description\" content=\"El fortalecimiento del d\u00f3lar genera preocupaci\u00f3n en los bancos centrales, que deben asumir acciones para defender sus monedas locales; entretanto, en Bolivia no se tocar\u00e1 el tipo de cambio. Al respecto, el diario digital Bloomberg alerta que esta situaci\u00f3n puede afectar a pa\u00edses altamente endeudados, como es el caso de Bolivia. Seg\u00fan analistas, el modelo [&hellip;]\" \/>\n<meta property=\"og:url\" content=\"https:\/\/www.eldiario.net\/portal\/2024\/04\/07\/fortalecimiento-del-dolar-alarma-a-bancos-centrales\/\" \/>\n<meta property=\"og:site_name\" content=\"El Diario - Bolivia\" \/>\n<meta property=\"article:publisher\" content=\"https:\/\/www.facebook.com\/eldiario.bolivia\/\" \/>\n<meta property=\"article:published_time\" content=\"2024-04-07T10:30:22+00:00\" \/>\n<meta property=\"og:image\" content=\"https:\/\/www.eldiario.net\/portal\/wp-content\/uploads\/2024\/04\/P-1-15-cm-x-11.webp\" \/>\n\t<meta property=\"og:image:width\" content=\"600\" \/>\n\t<meta property=\"og:image:height\" content=\"400\" \/>\n\t<meta property=\"og:image:type\" content=\"image\/webp\" \/>\n<meta name=\"author\" content=\"Jeanette\" \/>\n<meta name=\"twitter:card\" content=\"summary_large_image\" \/>\n<meta name=\"twitter:creator\" content=\"@eldiario_net\" \/>\n<meta name=\"twitter:site\" content=\"@eldiario_net\" \/>\n<meta name=\"twitter:label1\" content=\"Escrito por\" \/>\n\t<meta name=\"twitter:data1\" content=\"Jeanette\" \/>\n\t<meta name=\"twitter:label2\" content=\"Tiempo de lectura\" \/>\n\t<meta name=\"twitter:data2\" content=\"2 minutos\" \/>\n<script type=\"application\/ld+json\" class=\"yoast-schema-graph\">{\"@context\":\"https:\\\/\\\/schema.org\",\"@graph\":[{\"@type\":\"Article\",\"@id\":\"https:\\\/\\\/www.eldiario.net\\\/portal\\\/2024\\\/04\\\/07\\\/fortalecimiento-del-dolar-alarma-a-bancos-centrales\\\/#article\",\"isPartOf\":{\"@id\":\"https:\\\/\\\/www.eldiario.net\\\/portal\\\/2024\\\/04\\\/07\\\/fortalecimiento-del-dolar-alarma-a-bancos-centrales\\\/\"},\"author\":{\"name\":\"Jeanette\",\"@id\":\"https:\\\/\\\/www.eldiario.net\\\/portal\\\/#\\\/schema\\\/person\\\/f46445640444750d7d753ccd04ae01b7\"},\"headline\":\"Fortalecimiento del d\u00f3lar alarma a bancos centrales\",\"datePublished\":\"2024-04-07T10:30:22+00:00\",\"mainEntityOfPage\":{\"@id\":\"https:\\\/\\\/www.eldiario.net\\\/portal\\\/2024\\\/04\\\/07\\\/fortalecimiento-del-dolar-alarma-a-bancos-centrales\\\/\"},\"wordCount\":314,\"commentCount\":0,\"publisher\":{\"@id\":\"https:\\\/\\\/www.eldiario.net\\\/portal\\\/#organization\"},\"image\":{\"@id\":\"https:\\\/\\\/www.eldiario.net\\\/portal\\\/2024\\\/04\\\/07\\\/fortalecimiento-del-dolar-alarma-a-bancos-centrales\\\/#primaryimage\"},\"thumbnailUrl\":\"https:\\\/\\\/www.eldiario.net\\\/portal\\\/wp-content\\\/uploads\\\/2024\\\/04\\\/P-1-15-cm-x-11.webp\",\"articleSection\":[\"Principal\"],\"inLanguage\":\"es\",\"potentialAction\":[{\"@type\":\"CommentAction\",\"name\":\"Comment\",\"target\":[\"https:\\\/\\\/www.eldiario.net\\\/portal\\\/2024\\\/04\\\/07\\\/fortalecimiento-del-dolar-alarma-a-bancos-centrales\\\/#respond\"]}]},{\"@type\":\"WebPage\",\"@id\":\"https:\\\/\\\/www.eldiario.net\\\/portal\\\/2024\\\/04\\\/07\\\/fortalecimiento-del-dolar-alarma-a-bancos-centrales\\\/\",\"url\":\"https:\\\/\\\/www.eldiario.net\\\/portal\\\/2024\\\/04\\\/07\\\/fortalecimiento-del-dolar-alarma-a-bancos-centrales\\\/\",\"name\":\"Fortalecimiento del d\u00f3lar alarma a bancos centrales - El Diario - Bolivia\",\"isPartOf\":{\"@id\":\"https:\\\/\\\/www.eldiario.net\\\/portal\\\/#website\"},\"primaryImageOfPage\":{\"@id\":\"https:\\\/\\\/www.eldiario.net\\\/portal\\\/2024\\\/04\\\/07\\\/fortalecimiento-del-dolar-alarma-a-bancos-centrales\\\/#primaryimage\"},\"image\":{\"@id\":\"https:\\\/\\\/www.eldiario.net\\\/portal\\\/2024\\\/04\\\/07\\\/fortalecimiento-del-dolar-alarma-a-bancos-centrales\\\/#primaryimage\"},\"thumbnailUrl\":\"https:\\\/\\\/www.eldiario.net\\\/portal\\\/wp-content\\\/uploads\\\/2024\\\/04\\\/P-1-15-cm-x-11.webp\",\"datePublished\":\"2024-04-07T10:30:22+00:00\",\"breadcrumb\":{\"@id\":\"https:\\\/\\\/www.eldiario.net\\\/portal\\\/2024\\\/04\\\/07\\\/fortalecimiento-del-dolar-alarma-a-bancos-centrales\\\/#breadcrumb\"},\"inLanguage\":\"es\",\"potentialAction\":[{\"@type\":\"ReadAction\",\"target\":[\"https:\\\/\\\/www.eldiario.net\\\/portal\\\/2024\\\/04\\\/07\\\/fortalecimiento-del-dolar-alarma-a-bancos-centrales\\\/\"]}]},{\"@type\":\"ImageObject\",\"inLanguage\":\"es\",\"@id\":\"https:\\\/\\\/www.eldiario.net\\\/portal\\\/2024\\\/04\\\/07\\\/fortalecimiento-del-dolar-alarma-a-bancos-centrales\\\/#primaryimage\",\"url\":\"https:\\\/\\\/www.eldiario.net\\\/portal\\\/wp-content\\\/uploads\\\/2024\\\/04\\\/P-1-15-cm-x-11.webp\",\"contentUrl\":\"https:\\\/\\\/www.eldiario.net\\\/portal\\\/wp-content\\\/uploads\\\/2024\\\/04\\\/P-1-15-cm-x-11.webp\",\"width\":600,\"height\":400,\"caption\":\"La fortaleza del d\u00f3lar inquieta a las autoridades monetarias.\"},{\"@type\":\"BreadcrumbList\",\"@id\":\"https:\\\/\\\/www.eldiario.net\\\/portal\\\/2024\\\/04\\\/07\\\/fortalecimiento-del-dolar-alarma-a-bancos-centrales\\\/#breadcrumb\",\"itemListElement\":[{\"@type\":\"ListItem\",\"position\":1,\"name\":\"Portada\",\"item\":\"https:\\\/\\\/www.eldiario.net\\\/portal\\\/\"},{\"@type\":\"ListItem\",\"position\":2,\"name\":\"Fortalecimiento del d\u00f3lar alarma a bancos centrales\"}]},{\"@type\":\"WebSite\",\"@id\":\"https:\\\/\\\/www.eldiario.net\\\/portal\\\/#website\",\"url\":\"https:\\\/\\\/www.eldiario.net\\\/portal\\\/\",\"name\":\"El Diario - Decano de la prensa nacional\",\"description\":\"El Diario - Decano de la prensa nacional\",\"publisher\":{\"@id\":\"https:\\\/\\\/www.eldiario.net\\\/portal\\\/#organization\"},\"potentialAction\":[{\"@type\":\"SearchAction\",\"target\":{\"@type\":\"EntryPoint\",\"urlTemplate\":\"https:\\\/\\\/www.eldiario.net\\\/portal\\\/?s={search_term_string}\"},\"query-input\":{\"@type\":\"PropertyValueSpecification\",\"valueRequired\":true,\"valueName\":\"search_term_string\"}}],\"inLanguage\":\"es\"},{\"@type\":\"Organization\",\"@id\":\"https:\\\/\\\/www.eldiario.net\\\/portal\\\/#organization\",\"name\":\"El Diario - Decano de la prensa nacional\",\"url\":\"https:\\\/\\\/www.eldiario.net\\\/portal\\\/\",\"logo\":{\"@type\":\"ImageObject\",\"inLanguage\":\"es\",\"@id\":\"https:\\\/\\\/www.eldiario.net\\\/portal\\\/#\\\/schema\\\/logo\\\/image\\\/\",\"url\":\"https:\\\/\\\/www.eldiario.net\\\/portal\\\/wp-content\\\/uploads\\\/2023\\\/07\\\/logo_ED.jpg\",\"contentUrl\":\"https:\\\/\\\/www.eldiario.net\\\/portal\\\/wp-content\\\/uploads\\\/2023\\\/07\\\/logo_ED.jpg\",\"width\":272,\"height\":52,\"caption\":\"El Diario - Decano de la prensa nacional\"},\"image\":{\"@id\":\"https:\\\/\\\/www.eldiario.net\\\/portal\\\/#\\\/schema\\\/logo\\\/image\\\/\"},\"sameAs\":[\"https:\\\/\\\/www.facebook.com\\\/eldiario.bolivia\\\/\",\"https:\\\/\\\/x.com\\\/eldiario_net\"]},{\"@type\":\"Person\",\"@id\":\"https:\\\/\\\/www.eldiario.net\\\/portal\\\/#\\\/schema\\\/person\\\/f46445640444750d7d753ccd04ae01b7\",\"name\":\"Jeanette\",\"image\":{\"@type\":\"ImageObject\",\"inLanguage\":\"es\",\"@id\":\"https:\\\/\\\/secure.gravatar.com\\\/avatar\\\/3ea2118a5f7dad2b7138b1187a6b7ee55f160b9968b66013c3a3ef39dd7e5798?s=96&d=mm&r=g\",\"url\":\"https:\\\/\\\/secure.gravatar.com\\\/avatar\\\/3ea2118a5f7dad2b7138b1187a6b7ee55f160b9968b66013c3a3ef39dd7e5798?s=96&d=mm&r=g\",\"contentUrl\":\"https:\\\/\\\/secure.gravatar.com\\\/avatar\\\/3ea2118a5f7dad2b7138b1187a6b7ee55f160b9968b66013c3a3ef39dd7e5798?s=96&d=mm&r=g\",\"caption\":\"Jeanette\"},\"sameAs\":[\"https:\\\/\\\/www.eldiario.net\\\/portal\"],\"url\":\"https:\\\/\\\/www.eldiario.net\\\/portal\\\/author\\\/jeanette\\\/\"}]}<\/script>\n<!-- \/ Yoast SEO plugin. -->","yoast_head_json":{"title":"Fortalecimiento del d\u00f3lar alarma a bancos centrales - El Diario - Bolivia","robots":{"index":"index","follow":"follow","max-snippet":"max-snippet:-1","max-image-preview":"max-image-preview:large","max-video-preview":"max-video-preview:-1"},"canonical":"https:\/\/www.eldiario.net\/portal\/2024\/04\/07\/fortalecimiento-del-dolar-alarma-a-bancos-centrales\/","og_locale":"es_ES","og_type":"article","og_title":"Fortalecimiento del d\u00f3lar alarma a bancos centrales - El Diario - Bolivia","og_description":"El fortalecimiento del d\u00f3lar genera preocupaci\u00f3n en los bancos centrales, que deben asumir acciones para defender sus monedas locales; entretanto, en Bolivia no se tocar\u00e1 el tipo de cambio. Al respecto, el diario digital Bloomberg alerta que esta situaci\u00f3n puede afectar a pa\u00edses altamente endeudados, como es el caso de Bolivia. Seg\u00fan analistas, el modelo [&hellip;]","og_url":"https:\/\/www.eldiario.net\/portal\/2024\/04\/07\/fortalecimiento-del-dolar-alarma-a-bancos-centrales\/","og_site_name":"El Diario - Bolivia","article_publisher":"https:\/\/www.facebook.com\/eldiario.bolivia\/","article_published_time":"2024-04-07T10:30:22+00:00","og_image":[{"width":600,"height":400,"url":"https:\/\/www.eldiario.net\/portal\/wp-content\/uploads\/2024\/04\/P-1-15-cm-x-11.webp","type":"image\/webp"}],"author":"Jeanette","twitter_card":"summary_large_image","twitter_creator":"@eldiario_net","twitter_site":"@eldiario_net","twitter_misc":{"Escrito por":"Jeanette","Tiempo de lectura":"2 minutos"},"schema":{"@context":"https:\/\/schema.org","@graph":[{"@type":"Article","@id":"https:\/\/www.eldiario.net\/portal\/2024\/04\/07\/fortalecimiento-del-dolar-alarma-a-bancos-centrales\/#article","isPartOf":{"@id":"https:\/\/www.eldiario.net\/portal\/2024\/04\/07\/fortalecimiento-del-dolar-alarma-a-bancos-centrales\/"},"author":{"name":"Jeanette","@id":"https:\/\/www.eldiario.net\/portal\/#\/schema\/person\/f46445640444750d7d753ccd04ae01b7"},"headline":"Fortalecimiento del d\u00f3lar alarma a bancos centrales","datePublished":"2024-04-07T10:30:22+00:00","mainEntityOfPage":{"@id":"https:\/\/www.eldiario.net\/portal\/2024\/04\/07\/fortalecimiento-del-dolar-alarma-a-bancos-centrales\/"},"wordCount":314,"commentCount":0,"publisher":{"@id":"https:\/\/www.eldiario.net\/portal\/#organization"},"image":{"@id":"https:\/\/www.eldiario.net\/portal\/2024\/04\/07\/fortalecimiento-del-dolar-alarma-a-bancos-centrales\/#primaryimage"},"thumbnailUrl":"https:\/\/www.eldiario.net\/portal\/wp-content\/uploads\/2024\/04\/P-1-15-cm-x-11.webp","articleSection":["Principal"],"inLanguage":"es","potentialAction":[{"@type":"CommentAction","name":"Comment","target":["https:\/\/www.eldiario.net\/portal\/2024\/04\/07\/fortalecimiento-del-dolar-alarma-a-bancos-centrales\/#respond"]}]},{"@type":"WebPage","@id":"https:\/\/www.eldiario.net\/portal\/2024\/04\/07\/fortalecimiento-del-dolar-alarma-a-bancos-centrales\/","url":"https:\/\/www.eldiario.net\/portal\/2024\/04\/07\/fortalecimiento-del-dolar-alarma-a-bancos-centrales\/","name":"Fortalecimiento del d\u00f3lar alarma a bancos centrales - El Diario - Bolivia","isPartOf":{"@id":"https:\/\/www.eldiario.net\/portal\/#website"},"primaryImageOfPage":{"@id":"https:\/\/www.eldiario.net\/portal\/2024\/04\/07\/fortalecimiento-del-dolar-alarma-a-bancos-centrales\/#primaryimage"},"image":{"@id":"https:\/\/www.eldiario.net\/portal\/2024\/04\/07\/fortalecimiento-del-dolar-alarma-a-bancos-centrales\/#primaryimage"},"thumbnailUrl":"https:\/\/www.eldiario.net\/portal\/wp-content\/uploads\/2024\/04\/P-1-15-cm-x-11.webp","datePublished":"2024-04-07T10:30:22+00:00","breadcrumb":{"@id":"https:\/\/www.eldiario.net\/portal\/2024\/04\/07\/fortalecimiento-del-dolar-alarma-a-bancos-centrales\/#breadcrumb"},"inLanguage":"es","potentialAction":[{"@type":"ReadAction","target":["https:\/\/www.eldiario.net\/portal\/2024\/04\/07\/fortalecimiento-del-dolar-alarma-a-bancos-centrales\/"]}]},{"@type":"ImageObject","inLanguage":"es","@id":"https:\/\/www.eldiario.net\/portal\/2024\/04\/07\/fortalecimiento-del-dolar-alarma-a-bancos-centrales\/#primaryimage","url":"https:\/\/www.eldiario.net\/portal\/wp-content\/uploads\/2024\/04\/P-1-15-cm-x-11.webp","contentUrl":"https:\/\/www.eldiario.net\/portal\/wp-content\/uploads\/2024\/04\/P-1-15-cm-x-11.webp","width":600,"height":400,"caption":"La fortaleza del d\u00f3lar inquieta a las autoridades monetarias."},{"@type":"BreadcrumbList","@id":"https:\/\/www.eldiario.net\/portal\/2024\/04\/07\/fortalecimiento-del-dolar-alarma-a-bancos-centrales\/#breadcrumb","itemListElement":[{"@type":"ListItem","position":1,"name":"Portada","item":"https:\/\/www.eldiario.net\/portal\/"},{"@type":"ListItem","position":2,"name":"Fortalecimiento del d\u00f3lar alarma a bancos centrales"}]},{"@type":"WebSite","@id":"https:\/\/www.eldiario.net\/portal\/#website","url":"https:\/\/www.eldiario.net\/portal\/","name":"El Diario - Decano de la prensa nacional","description":"El Diario - Decano de la prensa nacional","publisher":{"@id":"https:\/\/www.eldiario.net\/portal\/#organization"},"potentialAction":[{"@type":"SearchAction","target":{"@type":"EntryPoint","urlTemplate":"https:\/\/www.eldiario.net\/portal\/?s={search_term_string}"},"query-input":{"@type":"PropertyValueSpecification","valueRequired":true,"valueName":"search_term_string"}}],"inLanguage":"es"},{"@type":"Organization","@id":"https:\/\/www.eldiario.net\/portal\/#organization","name":"El Diario - Decano de la prensa nacional","url":"https:\/\/www.eldiario.net\/portal\/","logo":{"@type":"ImageObject","inLanguage":"es","@id":"https:\/\/www.eldiario.net\/portal\/#\/schema\/logo\/image\/","url":"https:\/\/www.eldiario.net\/portal\/wp-content\/uploads\/2023\/07\/logo_ED.jpg","contentUrl":"https:\/\/www.eldiario.net\/portal\/wp-content\/uploads\/2023\/07\/logo_ED.jpg","width":272,"height":52,"caption":"El Diario - Decano de la prensa nacional"},"image":{"@id":"https:\/\/www.eldiario.net\/portal\/#\/schema\/logo\/image\/"},"sameAs":["https:\/\/www.facebook.com\/eldiario.bolivia\/","https:\/\/x.com\/eldiario_net"]},{"@type":"Person","@id":"https:\/\/www.eldiario.net\/portal\/#\/schema\/person\/f46445640444750d7d753ccd04ae01b7","name":"Jeanette","image":{"@type":"ImageObject","inLanguage":"es","@id":"https:\/\/secure.gravatar.com\/avatar\/3ea2118a5f7dad2b7138b1187a6b7ee55f160b9968b66013c3a3ef39dd7e5798?s=96&d=mm&r=g","url":"https:\/\/secure.gravatar.com\/avatar\/3ea2118a5f7dad2b7138b1187a6b7ee55f160b9968b66013c3a3ef39dd7e5798?s=96&d=mm&r=g","contentUrl":"https:\/\/secure.gravatar.com\/avatar\/3ea2118a5f7dad2b7138b1187a6b7ee55f160b9968b66013c3a3ef39dd7e5798?s=96&d=mm&r=g","caption":"Jeanette"},"sameAs":["https:\/\/www.eldiario.net\/portal"],"url":"https:\/\/www.eldiario.net\/portal\/author\/jeanette\/"}]}},"_links":{"self":[{"href":"https:\/\/www.eldiario.net\/portal\/wp-json\/wp\/v2\/posts\/212686","targetHints":{"allow":["GET"]}}],"collection":[{"href":"https:\/\/www.eldiario.net\/portal\/wp-json\/wp\/v2\/posts"}],"about":[{"href":"https:\/\/www.eldiario.net\/portal\/wp-json\/wp\/v2\/types\/post"}],"author":[{"embeddable":true,"href":"https:\/\/www.eldiario.net\/portal\/wp-json\/wp\/v2\/users\/1"}],"replies":[{"embeddable":true,"href":"https:\/\/www.eldiario.net\/portal\/wp-json\/wp\/v2\/comments?post=212686"}],"version-history":[{"count":1,"href":"https:\/\/www.eldiario.net\/portal\/wp-json\/wp\/v2\/posts\/212686\/revisions"}],"predecessor-version":[{"id":212688,"href":"https:\/\/www.eldiario.net\/portal\/wp-json\/wp\/v2\/posts\/212686\/revisions\/212688"}],"wp:featuredmedia":[{"embeddable":true,"href":"https:\/\/www.eldiario.net\/portal\/wp-json\/wp\/v2\/media\/212687"}],"wp:attachment":[{"href":"https:\/\/www.eldiario.net\/portal\/wp-json\/wp\/v2\/media?parent=212686"}],"wp:term":[{"taxonomy":"category","embeddable":true,"href":"https:\/\/www.eldiario.net\/portal\/wp-json\/wp\/v2\/categories?post=212686"},{"taxonomy":"post_tag","embeddable":true,"href":"https:\/\/www.eldiario.net\/portal\/wp-json\/wp\/v2\/tags?post=212686"}],"curies":[{"name":"wp","href":"https:\/\/api.w.org\/{rel}","templated":true}]}}