{"id":212673,"date":"2024-04-07T06:25:29","date_gmt":"2024-04-07T10:25:29","guid":{"rendered":"https:\/\/www.eldiario.net\/portal\/?p=212673"},"modified":"2024-04-07T06:25:29","modified_gmt":"2024-04-07T10:25:29","slug":"colegio-jose-carrasco-torrico-da-impulso-al-area-automotriz","status":"publish","type":"post","link":"https:\/\/www.eldiario.net\/portal\/2024\/04\/07\/colegio-jose-carrasco-torrico-da-impulso-al-area-automotriz\/","title":{"rendered":"Colegio Jos\u00e9 Carrasco Torrico  da impulso al \u00e1rea automotriz"},"content":{"rendered":"<p>El plantel docente, administrativo y estudiantes cumpli\u00f3 diferentes actividades por los 46 a\u00f1os de la Unidad Educativa T\u00e9cnico Human\u00edstico Jos\u00e9 Carrasco Torrico. El establecimiento lleva en alto el nombre del fundador de EL DIARIO.<br \/>\nEl director Edgar Espejo Tuco manifest\u00f3 que la unidad educativa naci\u00f3 en 1976 con el nivel intermedio y bajo el nombre de Juan Alipaz posteriormente, a iniciativa de lugare\u00f1os, en 1990 asume el nombre de Jos\u00e9 Carrasco y con el nivel de secundaria.<br \/>\nLa unidad educativa implement\u00f3 el \u00e1rea de Agropecuaria, donde los estudiantes aprend\u00edan la parte de cultivos y producci\u00f3n; sin embargo, debido a distintos factores y porque \u201calgunos padres de familia no apoyaban que sus hijos sigan trabajando la tierra, quer\u00edan que aprendan otras carreras\u201d para tener mejores empleos, decidieron optar por otra especialidad.<br \/>\nEn ese marco, desde 2014 la unidad educativa asume el Bachillerato T\u00e9cnico Human\u00edstico y empieza a formar a los estudiantes en la parte de automotriz.<\/p>\n","protected":false},"excerpt":{"rendered":"<p>El plantel docente, administrativo y estudiantes cumpli\u00f3 diferentes actividades por los 46 a\u00f1os de la Unidad Educativa T\u00e9cnico Human\u00edstico Jos\u00e9 Carrasco Torrico. El establecimiento lleva en alto el nombre del fundador de EL DIARIO. El director Edgar Espejo Tuco manifest\u00f3 que la unidad educativa naci\u00f3 en 1976 con el nivel intermedio y bajo el nombre [&hellip;]<\/p>\n","protected":false},"author":1,"featured_media":212674,"comment_status":"open","ping_status":"open","sticky":false,"template":"","format":"standard","meta":{"_acf_changed":false,"footnotes":""},"categories":[15],"tags":[],"class_list":["post-212673","post","type-post","status-publish","format-standard","has-post-thumbnail","category-portada"],"acf":{"antetitulo":"En su 46 aniversario"},"yoast_head":"<!-- This site is optimized with the Yoast SEO plugin v28.3 - https:\/\/yoast.com\/product\/yoast-seo-wordpress\/ -->\n<title>Colegio Jos\u00e9 Carrasco Torrico da impulso al \u00e1rea automotriz - El Diario - Bolivia<\/title>\n<meta name=\"robots\" content=\"index, follow, max-snippet:-1, max-image-preview:large, max-video-preview:-1\" \/>\n<link rel=\"canonical\" href=\"https:\/\/www.eldiario.net\/portal\/2024\/04\/07\/colegio-jose-carrasco-torrico-da-impulso-al-area-automotriz\/\" \/>\n<meta property=\"og:locale\" content=\"es_ES\" \/>\n<meta property=\"og:type\" content=\"article\" \/>\n<meta property=\"og:title\" content=\"Colegio Jos\u00e9 Carrasco Torrico da impulso al \u00e1rea automotriz - El Diario - Bolivia\" \/>\n<meta property=\"og:description\" content=\"El plantel docente, administrativo y estudiantes cumpli\u00f3 diferentes actividades por los 46 a\u00f1os de la Unidad Educativa T\u00e9cnico Human\u00edstico Jos\u00e9 Carrasco Torrico. El establecimiento lleva en alto el nombre del fundador de EL DIARIO. El director Edgar Espejo Tuco manifest\u00f3 que la unidad educativa naci\u00f3 en 1976 con el nivel intermedio y bajo el nombre [&hellip;]\" \/>\n<meta property=\"og:url\" content=\"https:\/\/www.eldiario.net\/portal\/2024\/04\/07\/colegio-jose-carrasco-torrico-da-impulso-al-area-automotriz\/\" \/>\n<meta property=\"og:site_name\" content=\"El Diario - Bolivia\" \/>\n<meta property=\"article:publisher\" content=\"https:\/\/www.facebook.com\/eldiario.bolivia\/\" \/>\n<meta property=\"article:published_time\" content=\"2024-04-07T10:25:29+00:00\" \/>\n<meta property=\"og:image\" content=\"https:\/\/www.eldiario.net\/portal\/wp-content\/uploads\/2024\/04\/P-4-10-cm-x-7-1-scaled.jpg\" \/>\n\t<meta property=\"og:image:width\" content=\"2560\" \/>\n\t<meta property=\"og:image:height\" content=\"1708\" \/>\n\t<meta property=\"og:image:type\" content=\"image\/jpeg\" \/>\n<meta name=\"author\" content=\"Jeanette\" \/>\n<meta name=\"twitter:card\" content=\"summary_large_image\" \/>\n<meta name=\"twitter:creator\" content=\"@eldiario_net\" \/>\n<meta name=\"twitter:site\" content=\"@eldiario_net\" \/>\n<meta name=\"twitter:label1\" content=\"Escrito por\" \/>\n\t<meta name=\"twitter:data1\" content=\"Jeanette\" \/>\n\t<meta name=\"twitter:label2\" content=\"Tiempo de lectura\" \/>\n\t<meta name=\"twitter:data2\" content=\"1 minuto\" \/>\n<script type=\"application\/ld+json\" class=\"yoast-schema-graph\">{\"@context\":\"https:\\\/\\\/schema.org\",\"@graph\":[{\"@type\":\"Article\",\"@id\":\"https:\\\/\\\/www.eldiario.net\\\/portal\\\/2024\\\/04\\\/07\\\/colegio-jose-carrasco-torrico-da-impulso-al-area-automotriz\\\/#article\",\"isPartOf\":{\"@id\":\"https:\\\/\\\/www.eldiario.net\\\/portal\\\/2024\\\/04\\\/07\\\/colegio-jose-carrasco-torrico-da-impulso-al-area-automotriz\\\/\"},\"author\":{\"name\":\"Jeanette\",\"@id\":\"https:\\\/\\\/www.eldiario.net\\\/portal\\\/#\\\/schema\\\/person\\\/f46445640444750d7d753ccd04ae01b7\"},\"headline\":\"Colegio Jos\u00e9 Carrasco Torrico da impulso al \u00e1rea automotriz\",\"datePublished\":\"2024-04-07T10:25:29+00:00\",\"mainEntityOfPage\":{\"@id\":\"https:\\\/\\\/www.eldiario.net\\\/portal\\\/2024\\\/04\\\/07\\\/colegio-jose-carrasco-torrico-da-impulso-al-area-automotriz\\\/\"},\"wordCount\":169,\"commentCount\":0,\"publisher\":{\"@id\":\"https:\\\/\\\/www.eldiario.net\\\/portal\\\/#organization\"},\"image\":{\"@id\":\"https:\\\/\\\/www.eldiario.net\\\/portal\\\/2024\\\/04\\\/07\\\/colegio-jose-carrasco-torrico-da-impulso-al-area-automotriz\\\/#primaryimage\"},\"thumbnailUrl\":\"https:\\\/\\\/www.eldiario.net\\\/portal\\\/wp-content\\\/uploads\\\/2024\\\/04\\\/P-4-10-cm-x-7-1-scaled.jpg\",\"articleSection\":[\"Portada\"],\"inLanguage\":\"es\",\"potentialAction\":[{\"@type\":\"CommentAction\",\"name\":\"Comment\",\"target\":[\"https:\\\/\\\/www.eldiario.net\\\/portal\\\/2024\\\/04\\\/07\\\/colegio-jose-carrasco-torrico-da-impulso-al-area-automotriz\\\/#respond\"]}]},{\"@type\":\"WebPage\",\"@id\":\"https:\\\/\\\/www.eldiario.net\\\/portal\\\/2024\\\/04\\\/07\\\/colegio-jose-carrasco-torrico-da-impulso-al-area-automotriz\\\/\",\"url\":\"https:\\\/\\\/www.eldiario.net\\\/portal\\\/2024\\\/04\\\/07\\\/colegio-jose-carrasco-torrico-da-impulso-al-area-automotriz\\\/\",\"name\":\"Colegio Jos\u00e9 Carrasco Torrico da impulso al \u00e1rea automotriz - El Diario - Bolivia\",\"isPartOf\":{\"@id\":\"https:\\\/\\\/www.eldiario.net\\\/portal\\\/#website\"},\"primaryImageOfPage\":{\"@id\":\"https:\\\/\\\/www.eldiario.net\\\/portal\\\/2024\\\/04\\\/07\\\/colegio-jose-carrasco-torrico-da-impulso-al-area-automotriz\\\/#primaryimage\"},\"image\":{\"@id\":\"https:\\\/\\\/www.eldiario.net\\\/portal\\\/2024\\\/04\\\/07\\\/colegio-jose-carrasco-torrico-da-impulso-al-area-automotriz\\\/#primaryimage\"},\"thumbnailUrl\":\"https:\\\/\\\/www.eldiario.net\\\/portal\\\/wp-content\\\/uploads\\\/2024\\\/04\\\/P-4-10-cm-x-7-1-scaled.jpg\",\"datePublished\":\"2024-04-07T10:25:29+00:00\",\"breadcrumb\":{\"@id\":\"https:\\\/\\\/www.eldiario.net\\\/portal\\\/2024\\\/04\\\/07\\\/colegio-jose-carrasco-torrico-da-impulso-al-area-automotriz\\\/#breadcrumb\"},\"inLanguage\":\"es\",\"potentialAction\":[{\"@type\":\"ReadAction\",\"target\":[\"https:\\\/\\\/www.eldiario.net\\\/portal\\\/2024\\\/04\\\/07\\\/colegio-jose-carrasco-torrico-da-impulso-al-area-automotriz\\\/\"]}]},{\"@type\":\"ImageObject\",\"inLanguage\":\"es\",\"@id\":\"https:\\\/\\\/www.eldiario.net\\\/portal\\\/2024\\\/04\\\/07\\\/colegio-jose-carrasco-torrico-da-impulso-al-area-automotriz\\\/#primaryimage\",\"url\":\"https:\\\/\\\/www.eldiario.net\\\/portal\\\/wp-content\\\/uploads\\\/2024\\\/04\\\/P-4-10-cm-x-7-1-scaled.jpg\",\"contentUrl\":\"https:\\\/\\\/www.eldiario.net\\\/portal\\\/wp-content\\\/uploads\\\/2024\\\/04\\\/P-4-10-cm-x-7-1-scaled.jpg\",\"width\":2560,\"height\":1708,\"caption\":\"Estudiantes de Unidad EducativA Jos\u00e9 Carrasco Torrico van de la mano de la tecnolog\u00eda.\"},{\"@type\":\"BreadcrumbList\",\"@id\":\"https:\\\/\\\/www.eldiario.net\\\/portal\\\/2024\\\/04\\\/07\\\/colegio-jose-carrasco-torrico-da-impulso-al-area-automotriz\\\/#breadcrumb\",\"itemListElement\":[{\"@type\":\"ListItem\",\"position\":1,\"name\":\"Portada\",\"item\":\"https:\\\/\\\/www.eldiario.net\\\/portal\\\/\"},{\"@type\":\"ListItem\",\"position\":2,\"name\":\"Colegio Jos\u00e9 Carrasco Torrico da impulso al \u00e1rea automotriz\"}]},{\"@type\":\"WebSite\",\"@id\":\"https:\\\/\\\/www.eldiario.net\\\/portal\\\/#website\",\"url\":\"https:\\\/\\\/www.eldiario.net\\\/portal\\\/\",\"name\":\"El Diario - Decano de la prensa nacional\",\"description\":\"El Diario - Decano de la prensa nacional\",\"publisher\":{\"@id\":\"https:\\\/\\\/www.eldiario.net\\\/portal\\\/#organization\"},\"potentialAction\":[{\"@type\":\"SearchAction\",\"target\":{\"@type\":\"EntryPoint\",\"urlTemplate\":\"https:\\\/\\\/www.eldiario.net\\\/portal\\\/?s={search_term_string}\"},\"query-input\":{\"@type\":\"PropertyValueSpecification\",\"valueRequired\":true,\"valueName\":\"search_term_string\"}}],\"inLanguage\":\"es\"},{\"@type\":\"Organization\",\"@id\":\"https:\\\/\\\/www.eldiario.net\\\/portal\\\/#organization\",\"name\":\"El Diario - Decano de la prensa nacional\",\"url\":\"https:\\\/\\\/www.eldiario.net\\\/portal\\\/\",\"logo\":{\"@type\":\"ImageObject\",\"inLanguage\":\"es\",\"@id\":\"https:\\\/\\\/www.eldiario.net\\\/portal\\\/#\\\/schema\\\/logo\\\/image\\\/\",\"url\":\"https:\\\/\\\/www.eldiario.net\\\/portal\\\/wp-content\\\/uploads\\\/2023\\\/07\\\/logo_ED.jpg\",\"contentUrl\":\"https:\\\/\\\/www.eldiario.net\\\/portal\\\/wp-content\\\/uploads\\\/2023\\\/07\\\/logo_ED.jpg\",\"width\":272,\"height\":52,\"caption\":\"El Diario - Decano de la prensa nacional\"},\"image\":{\"@id\":\"https:\\\/\\\/www.eldiario.net\\\/portal\\\/#\\\/schema\\\/logo\\\/image\\\/\"},\"sameAs\":[\"https:\\\/\\\/www.facebook.com\\\/eldiario.bolivia\\\/\",\"https:\\\/\\\/x.com\\\/eldiario_net\"]},{\"@type\":\"Person\",\"@id\":\"https:\\\/\\\/www.eldiario.net\\\/portal\\\/#\\\/schema\\\/person\\\/f46445640444750d7d753ccd04ae01b7\",\"name\":\"Jeanette\",\"image\":{\"@type\":\"ImageObject\",\"inLanguage\":\"es\",\"@id\":\"https:\\\/\\\/secure.gravatar.com\\\/avatar\\\/3ea2118a5f7dad2b7138b1187a6b7ee55f160b9968b66013c3a3ef39dd7e5798?s=96&d=mm&r=g\",\"url\":\"https:\\\/\\\/secure.gravatar.com\\\/avatar\\\/3ea2118a5f7dad2b7138b1187a6b7ee55f160b9968b66013c3a3ef39dd7e5798?s=96&d=mm&r=g\",\"contentUrl\":\"https:\\\/\\\/secure.gravatar.com\\\/avatar\\\/3ea2118a5f7dad2b7138b1187a6b7ee55f160b9968b66013c3a3ef39dd7e5798?s=96&d=mm&r=g\",\"caption\":\"Jeanette\"},\"sameAs\":[\"https:\\\/\\\/www.eldiario.net\\\/portal\"],\"url\":\"https:\\\/\\\/www.eldiario.net\\\/portal\\\/author\\\/jeanette\\\/\"}]}<\/script>\n<!-- \/ Yoast SEO plugin. -->","yoast_head_json":{"title":"Colegio Jos\u00e9 Carrasco Torrico da impulso al \u00e1rea automotriz - El Diario - Bolivia","robots":{"index":"index","follow":"follow","max-snippet":"max-snippet:-1","max-image-preview":"max-image-preview:large","max-video-preview":"max-video-preview:-1"},"canonical":"https:\/\/www.eldiario.net\/portal\/2024\/04\/07\/colegio-jose-carrasco-torrico-da-impulso-al-area-automotriz\/","og_locale":"es_ES","og_type":"article","og_title":"Colegio Jos\u00e9 Carrasco Torrico da impulso al \u00e1rea automotriz - El Diario - Bolivia","og_description":"El plantel docente, administrativo y estudiantes cumpli\u00f3 diferentes actividades por los 46 a\u00f1os de la Unidad Educativa T\u00e9cnico Human\u00edstico Jos\u00e9 Carrasco Torrico. El establecimiento lleva en alto el nombre del fundador de EL DIARIO. El director Edgar Espejo Tuco manifest\u00f3 que la unidad educativa naci\u00f3 en 1976 con el nivel intermedio y bajo el nombre [&hellip;]","og_url":"https:\/\/www.eldiario.net\/portal\/2024\/04\/07\/colegio-jose-carrasco-torrico-da-impulso-al-area-automotriz\/","og_site_name":"El Diario - Bolivia","article_publisher":"https:\/\/www.facebook.com\/eldiario.bolivia\/","article_published_time":"2024-04-07T10:25:29+00:00","og_image":[{"width":2560,"height":1708,"url":"https:\/\/www.eldiario.net\/portal\/wp-content\/uploads\/2024\/04\/P-4-10-cm-x-7-1-scaled.jpg","type":"image\/jpeg"}],"author":"Jeanette","twitter_card":"summary_large_image","twitter_creator":"@eldiario_net","twitter_site":"@eldiario_net","twitter_misc":{"Escrito por":"Jeanette","Tiempo de lectura":"1 minuto"},"schema":{"@context":"https:\/\/schema.org","@graph":[{"@type":"Article","@id":"https:\/\/www.eldiario.net\/portal\/2024\/04\/07\/colegio-jose-carrasco-torrico-da-impulso-al-area-automotriz\/#article","isPartOf":{"@id":"https:\/\/www.eldiario.net\/portal\/2024\/04\/07\/colegio-jose-carrasco-torrico-da-impulso-al-area-automotriz\/"},"author":{"name":"Jeanette","@id":"https:\/\/www.eldiario.net\/portal\/#\/schema\/person\/f46445640444750d7d753ccd04ae01b7"},"headline":"Colegio Jos\u00e9 Carrasco Torrico da impulso al \u00e1rea automotriz","datePublished":"2024-04-07T10:25:29+00:00","mainEntityOfPage":{"@id":"https:\/\/www.eldiario.net\/portal\/2024\/04\/07\/colegio-jose-carrasco-torrico-da-impulso-al-area-automotriz\/"},"wordCount":169,"commentCount":0,"publisher":{"@id":"https:\/\/www.eldiario.net\/portal\/#organization"},"image":{"@id":"https:\/\/www.eldiario.net\/portal\/2024\/04\/07\/colegio-jose-carrasco-torrico-da-impulso-al-area-automotriz\/#primaryimage"},"thumbnailUrl":"https:\/\/www.eldiario.net\/portal\/wp-content\/uploads\/2024\/04\/P-4-10-cm-x-7-1-scaled.jpg","articleSection":["Portada"],"inLanguage":"es","potentialAction":[{"@type":"CommentAction","name":"Comment","target":["https:\/\/www.eldiario.net\/portal\/2024\/04\/07\/colegio-jose-carrasco-torrico-da-impulso-al-area-automotriz\/#respond"]}]},{"@type":"WebPage","@id":"https:\/\/www.eldiario.net\/portal\/2024\/04\/07\/colegio-jose-carrasco-torrico-da-impulso-al-area-automotriz\/","url":"https:\/\/www.eldiario.net\/portal\/2024\/04\/07\/colegio-jose-carrasco-torrico-da-impulso-al-area-automotriz\/","name":"Colegio Jos\u00e9 Carrasco Torrico da impulso al \u00e1rea automotriz - El Diario - Bolivia","isPartOf":{"@id":"https:\/\/www.eldiario.net\/portal\/#website"},"primaryImageOfPage":{"@id":"https:\/\/www.eldiario.net\/portal\/2024\/04\/07\/colegio-jose-carrasco-torrico-da-impulso-al-area-automotriz\/#primaryimage"},"image":{"@id":"https:\/\/www.eldiario.net\/portal\/2024\/04\/07\/colegio-jose-carrasco-torrico-da-impulso-al-area-automotriz\/#primaryimage"},"thumbnailUrl":"https:\/\/www.eldiario.net\/portal\/wp-content\/uploads\/2024\/04\/P-4-10-cm-x-7-1-scaled.jpg","datePublished":"2024-04-07T10:25:29+00:00","breadcrumb":{"@id":"https:\/\/www.eldiario.net\/portal\/2024\/04\/07\/colegio-jose-carrasco-torrico-da-impulso-al-area-automotriz\/#breadcrumb"},"inLanguage":"es","potentialAction":[{"@type":"ReadAction","target":["https:\/\/www.eldiario.net\/portal\/2024\/04\/07\/colegio-jose-carrasco-torrico-da-impulso-al-area-automotriz\/"]}]},{"@type":"ImageObject","inLanguage":"es","@id":"https:\/\/www.eldiario.net\/portal\/2024\/04\/07\/colegio-jose-carrasco-torrico-da-impulso-al-area-automotriz\/#primaryimage","url":"https:\/\/www.eldiario.net\/portal\/wp-content\/uploads\/2024\/04\/P-4-10-cm-x-7-1-scaled.jpg","contentUrl":"https:\/\/www.eldiario.net\/portal\/wp-content\/uploads\/2024\/04\/P-4-10-cm-x-7-1-scaled.jpg","width":2560,"height":1708,"caption":"Estudiantes de Unidad EducativA Jos\u00e9 Carrasco Torrico van de la mano de la tecnolog\u00eda."},{"@type":"BreadcrumbList","@id":"https:\/\/www.eldiario.net\/portal\/2024\/04\/07\/colegio-jose-carrasco-torrico-da-impulso-al-area-automotriz\/#breadcrumb","itemListElement":[{"@type":"ListItem","position":1,"name":"Portada","item":"https:\/\/www.eldiario.net\/portal\/"},{"@type":"ListItem","position":2,"name":"Colegio Jos\u00e9 Carrasco Torrico da impulso al \u00e1rea automotriz"}]},{"@type":"WebSite","@id":"https:\/\/www.eldiario.net\/portal\/#website","url":"https:\/\/www.eldiario.net\/portal\/","name":"El Diario - Decano de la prensa nacional","description":"El Diario - Decano de la prensa nacional","publisher":{"@id":"https:\/\/www.eldiario.net\/portal\/#organization"},"potentialAction":[{"@type":"SearchAction","target":{"@type":"EntryPoint","urlTemplate":"https:\/\/www.eldiario.net\/portal\/?s={search_term_string}"},"query-input":{"@type":"PropertyValueSpecification","valueRequired":true,"valueName":"search_term_string"}}],"inLanguage":"es"},{"@type":"Organization","@id":"https:\/\/www.eldiario.net\/portal\/#organization","name":"El Diario - Decano de la prensa nacional","url":"https:\/\/www.eldiario.net\/portal\/","logo":{"@type":"ImageObject","inLanguage":"es","@id":"https:\/\/www.eldiario.net\/portal\/#\/schema\/logo\/image\/","url":"https:\/\/www.eldiario.net\/portal\/wp-content\/uploads\/2023\/07\/logo_ED.jpg","contentUrl":"https:\/\/www.eldiario.net\/portal\/wp-content\/uploads\/2023\/07\/logo_ED.jpg","width":272,"height":52,"caption":"El Diario - Decano de la prensa nacional"},"image":{"@id":"https:\/\/www.eldiario.net\/portal\/#\/schema\/logo\/image\/"},"sameAs":["https:\/\/www.facebook.com\/eldiario.bolivia\/","https:\/\/x.com\/eldiario_net"]},{"@type":"Person","@id":"https:\/\/www.eldiario.net\/portal\/#\/schema\/person\/f46445640444750d7d753ccd04ae01b7","name":"Jeanette","image":{"@type":"ImageObject","inLanguage":"es","@id":"https:\/\/secure.gravatar.com\/avatar\/3ea2118a5f7dad2b7138b1187a6b7ee55f160b9968b66013c3a3ef39dd7e5798?s=96&d=mm&r=g","url":"https:\/\/secure.gravatar.com\/avatar\/3ea2118a5f7dad2b7138b1187a6b7ee55f160b9968b66013c3a3ef39dd7e5798?s=96&d=mm&r=g","contentUrl":"https:\/\/secure.gravatar.com\/avatar\/3ea2118a5f7dad2b7138b1187a6b7ee55f160b9968b66013c3a3ef39dd7e5798?s=96&d=mm&r=g","caption":"Jeanette"},"sameAs":["https:\/\/www.eldiario.net\/portal"],"url":"https:\/\/www.eldiario.net\/portal\/author\/jeanette\/"}]}},"_links":{"self":[{"href":"https:\/\/www.eldiario.net\/portal\/wp-json\/wp\/v2\/posts\/212673","targetHints":{"allow":["GET"]}}],"collection":[{"href":"https:\/\/www.eldiario.net\/portal\/wp-json\/wp\/v2\/posts"}],"about":[{"href":"https:\/\/www.eldiario.net\/portal\/wp-json\/wp\/v2\/types\/post"}],"author":[{"embeddable":true,"href":"https:\/\/www.eldiario.net\/portal\/wp-json\/wp\/v2\/users\/1"}],"replies":[{"embeddable":true,"href":"https:\/\/www.eldiario.net\/portal\/wp-json\/wp\/v2\/comments?post=212673"}],"version-history":[{"count":1,"href":"https:\/\/www.eldiario.net\/portal\/wp-json\/wp\/v2\/posts\/212673\/revisions"}],"predecessor-version":[{"id":212675,"href":"https:\/\/www.eldiario.net\/portal\/wp-json\/wp\/v2\/posts\/212673\/revisions\/212675"}],"wp:featuredmedia":[{"embeddable":true,"href":"https:\/\/www.eldiario.net\/portal\/wp-json\/wp\/v2\/media\/212674"}],"wp:attachment":[{"href":"https:\/\/www.eldiario.net\/portal\/wp-json\/wp\/v2\/media?parent=212673"}],"wp:term":[{"taxonomy":"category","embeddable":true,"href":"https:\/\/www.eldiario.net\/portal\/wp-json\/wp\/v2\/categories?post=212673"},{"taxonomy":"post_tag","embeddable":true,"href":"https:\/\/www.eldiario.net\/portal\/wp-json\/wp\/v2\/tags?post=212673"}],"curies":[{"name":"wp","href":"https:\/\/api.w.org\/{rel}","templated":true}]}}